{"id":119026,"date":"2022-03-07T15:38:33","date_gmt":"2022-03-07T14:38:33","guid":{"rendered":"https:\/\/radioljubuski.ba\/?p=119026"},"modified":"2022-03-07T15:38:33","modified_gmt":"2022-03-07T14:38:33","slug":"hrvatska-vlada-objavila-nove-cijene-benzina-i-dizela","status":"publish","type":"post","link":"https:\/\/radioljubuski.ba\/index.php\/2022\/03\/07\/hrvatska-vlada-objavila-nove-cijene-benzina-i-dizela\/","title":{"rendered":"Hrvatska: Vlada objavila nove cijene benzina i dizela"},"content":{"rendered":"\n<p>Vlada fiksira mar\u017eu trgovaca naftnih derivata i privremeno smanjuje tro\u0161arine na dizelsko i benzinsko gorivo, kako bi ubla\u017eila rast cijena, rekao je premijer Andrej Plenkovi\u0107 u uvodu sjednice Vlade.<\/p>\n\n\n\n<p>Vlada o\u010dekuje da \u0107e cijena dizela od sutra biti 12,53 kune, cijena benzina 12,19 kuna po litri, a plavog dizela 8,04 kune, &nbsp;a da bi bez Vladine intervencije benzin bi stajao 13,28; dizel 13,71, a plavi dizel 8,81 kunu, rekao je Plenkovi\u0107.<\/p>\n\n\n\n<p>Ako bi se i\u0161lo s produljenjem fiksiranja maloprodajne cijene, mnogi distributeri na tr\u017ei\u0161tu suo\u010dili bi se sa situacijom da posluju s gubitkom, a \u0161to bi posljedi\u010dno moglo dovesti i do zatvaranja nekih benzinskih postaja, dodao je.<\/p>\n\n\n\n<p>&#8220;Kako bismo izbjegli takvu situaciju (&#8230;), omogu\u0107it \u0107emo njihovo daljnje poslovanje uz fiksiranje ukupne mar\u017ee za dizelsko gorivo i benzinsko gorivo na 0,75 kuna po litri i 0,50 kn po litri za plavi dizel&#8221;, rekao je Plenkovi\u0107.<\/p>\n\n\n\n<p>Uz to \u0107e, kako je dodao, izmjenama Uredbe o tro\u0161arinama dr\u017eava na rok od 90 dana smanjiti iznose tro\u0161arina na dizelsko i benzinsko gorivo i to za 40 lipa po litri bezolovnog motornog benzina te 20 lipa po litri dizelskog goriva.<\/p>\n\n\n\n<p>&#8220;Na taj na\u010din \u017eelimo doprinijeti smanjenju cjenovnog udara na na\u0161e gra\u0111ane, a to \u0107e prema na\u0161im izra\u010dunima do\u0107i do smanjenja prihoda dr\u017eavnog prora\u010duna od tro\u0161arine na energente preko 150 milijuna kuna&#8221;, rekao je Plenkovi\u0107<\/p>\n\n\n\n<p>Prema Vladinim procjenama, novim mjerama rast cijene po litri goriva, bilo dizelskog bilo benzinskog, koji bi po realnim tr\u017ei\u0161nim kretanjima iznosio oko dvije kune, uspjet \u0107e se zadr\u017eati na porastu u rasponu od 80 lipa do 1,20 kuna.<\/p>\n\n\n\n<p>Vlada je prije mjesec dana donijela Uredbu kojim je intervenirala i fiksirala maloprodajne cijene motornog benzina na 11,37 kuna, dizelskog goriva na 11,29 kuna te plavog dizela na 6,5 kuna.<\/p>\n\n\n\n<p>Ta mjera je bila privremena i trajala 30 dana, no s obzirom na to da je na svjetskom tr\u017ei\u0161tu cijena Brenta zna\u010dajno rasla te je u petak iznosila 120 dolara po barelu, a danas je ta cijena i ve\u0107a, Vlada je odlu\u010dila donijeti nove mjere kojima \u0107e ubla\u017eiti o\u010dekivan rast cijena naftnih derivata, rekao je Plenkovi\u0107.<\/p>\n\n\n\n<p>Izvor:ogled.ba<\/p>\n","protected":false},"excerpt":{"rendered":"<p>Vlada fiksira mar\u017eu trgovaca naftnih derivata i privremeno smanjuje tro\u0161arine na dizelsko i benzinsko gorivo, kako bi ubla\u017eila rast cijena, rekao je premijer Andrej Plenkovi\u0107 u uvodu sjednice Vlade. Vlada o\u010dekuje da \u0107e cijena dizela od sutra biti 12,53 kune, cijena benzina 12,19 kuna po litri, a plavog dizela 8,04 kune, &nbsp;a da bi bez [&hellip;]<\/p>\n","protected":false},"author":2,"featured_media":0,"comment_status":"closed","ping_status":"closed","sticky":false,"template":"","format":"standard","meta":{"h5ap_radio_sources":[],"footnotes":""},"categories":[1],"tags":[],"class_list":["post-119026","post","type-post","status-publish","format-standard","hentry","category-bihiregija"],"yoast_head":"<!-- This site is optimized with the Yoast SEO plugin v27.5 - https:\/\/yoast.com\/product\/yoast-seo-wordpress\/ -->\n<title>Hrvatska: Vlada objavila nove cijene benzina i dizela - RADIO LJUBU\u0160KI<\/title>\n<meta name=\"robots\" content=\"index, follow, max-snippet:-1, max-image-preview:large, max-video-preview:-1\" \/>\n<link rel=\"canonical\" href=\"https:\/\/radioljubuski.ba\/index.php\/2022\/03\/07\/hrvatska-vlada-objavila-nove-cijene-benzina-i-dizela\/\" \/>\n<meta property=\"og:locale\" content=\"hr_HR\" \/>\n<meta property=\"og:type\" content=\"article\" \/>\n<meta property=\"og:title\" content=\"Hrvatska: Vlada objavila nove cijene benzina i dizela - RADIO LJUBU\u0160KI\" \/>\n<meta property=\"og:description\" content=\"Vlada fiksira mar\u017eu trgovaca naftnih derivata i privremeno smanjuje tro\u0161arine na dizelsko i benzinsko gorivo, kako bi ubla\u017eila rast cijena, rekao je premijer Andrej Plenkovi\u0107 u uvodu sjednice Vlade. Vlada o\u010dekuje da \u0107e cijena dizela od sutra biti 12,53 kune, cijena benzina 12,19 kuna po litri, a plavog dizela 8,04 kune, &nbsp;a da bi bez [&hellip;]\" \/>\n<meta property=\"og:url\" content=\"https:\/\/radioljubuski.ba\/index.php\/2022\/03\/07\/hrvatska-vlada-objavila-nove-cijene-benzina-i-dizela\/\" \/>\n<meta property=\"og:site_name\" content=\"RADIO LJUBU\u0160KI\" \/>\n<meta property=\"article:publisher\" content=\"https:\/\/www.facebook.com\/Radiio-Ljubuski-1490835324566332\" \/>\n<meta property=\"article:published_time\" content=\"2022-03-07T14:38:33+00:00\" \/>\n<meta property=\"og:image\" content=\"https:\/\/radioljubuski.ba\/wp-content\/uploads\/2021\/10\/YhbZ8Dnx_trosarine_gorivo_1_0.jpg\" \/>\n\t<meta property=\"og:image:width\" content=\"1000\" \/>\n\t<meta property=\"og:image:height\" content=\"625\" \/>\n\t<meta property=\"og:image:type\" content=\"image\/jpeg\" \/>\n<meta name=\"author\" content=\"Radio Ljubu\u0161ki\" \/>\n<meta name=\"twitter:card\" content=\"summary_large_image\" \/>\n<meta name=\"twitter:creator\" content=\"@radioljubuski\" \/>\n<meta name=\"twitter:site\" content=\"@radioljubuski\" \/>\n<meta name=\"twitter:label1\" content=\"Napisao\/la\" \/>\n\t<meta name=\"twitter:data1\" content=\"Radio Ljubu\u0161ki\" \/>\n\t<meta name=\"twitter:label2\" content=\"Procijenjeno vrijeme \u010ditanja\" \/>\n\t<meta name=\"twitter:data2\" content=\"2 minute\" \/>\n<script type=\"application\/ld+json\" class=\"yoast-schema-graph\">{\"@context\":\"https:\\\/\\\/schema.org\",\"@graph\":[{\"@type\":\"Article\",\"@id\":\"https:\\\/\\\/radioljubuski.ba\\\/index.php\\\/2022\\\/03\\\/07\\\/hrvatska-vlada-objavila-nove-cijene-benzina-i-dizela\\\/#article\",\"isPartOf\":{\"@id\":\"https:\\\/\\\/radioljubuski.ba\\\/index.php\\\/2022\\\/03\\\/07\\\/hrvatska-vlada-objavila-nove-cijene-benzina-i-dizela\\\/\"},\"author\":{\"name\":\"Radio Ljubu\u0161ki\",\"@id\":\"https:\\\/\\\/radioljubuski.ba\\\/#\\\/schema\\\/person\\\/19fc700381a780f69665d7956c469e3b\"},\"headline\":\"Hrvatska: Vlada objavila nove cijene benzina i dizela\",\"datePublished\":\"2022-03-07T14:38:33+00:00\",\"mainEntityOfPage\":{\"@id\":\"https:\\\/\\\/radioljubuski.ba\\\/index.php\\\/2022\\\/03\\\/07\\\/hrvatska-vlada-objavila-nove-cijene-benzina-i-dizela\\\/\"},\"wordCount\":368,\"publisher\":{\"@id\":\"https:\\\/\\\/radioljubuski.ba\\\/#organization\"},\"articleSection\":[\"BIH i regija\"],\"inLanguage\":\"hr\"},{\"@type\":\"WebPage\",\"@id\":\"https:\\\/\\\/radioljubuski.ba\\\/index.php\\\/2022\\\/03\\\/07\\\/hrvatska-vlada-objavila-nove-cijene-benzina-i-dizela\\\/\",\"url\":\"https:\\\/\\\/radioljubuski.ba\\\/index.php\\\/2022\\\/03\\\/07\\\/hrvatska-vlada-objavila-nove-cijene-benzina-i-dizela\\\/\",\"name\":\"Hrvatska: Vlada objavila nove cijene benzina i dizela - RADIO LJUBU\u0160KI\",\"isPartOf\":{\"@id\":\"https:\\\/\\\/radioljubuski.ba\\\/#website\"},\"datePublished\":\"2022-03-07T14:38:33+00:00\",\"breadcrumb\":{\"@id\":\"https:\\\/\\\/radioljubuski.ba\\\/index.php\\\/2022\\\/03\\\/07\\\/hrvatska-vlada-objavila-nove-cijene-benzina-i-dizela\\\/#breadcrumb\"},\"inLanguage\":\"hr\",\"potentialAction\":[{\"@type\":\"ReadAction\",\"target\":[\"https:\\\/\\\/radioljubuski.ba\\\/index.php\\\/2022\\\/03\\\/07\\\/hrvatska-vlada-objavila-nove-cijene-benzina-i-dizela\\\/\"]}]},{\"@type\":\"BreadcrumbList\",\"@id\":\"https:\\\/\\\/radioljubuski.ba\\\/index.php\\\/2022\\\/03\\\/07\\\/hrvatska-vlada-objavila-nove-cijene-benzina-i-dizela\\\/#breadcrumb\",\"itemListElement\":[{\"@type\":\"ListItem\",\"position\":1,\"name\":\"Po\u010detna stranica\",\"item\":\"https:\\\/\\\/radioljubuski.ba\\\/\"},{\"@type\":\"ListItem\",\"position\":2,\"name\":\"Hrvatska: Vlada objavila nove cijene benzina i dizela\"}]},{\"@type\":\"WebSite\",\"@id\":\"https:\\\/\\\/radioljubuski.ba\\\/#website\",\"url\":\"https:\\\/\\\/radioljubuski.ba\\\/\",\"name\":\"Radio Ljubu\u0161ki\",\"description\":\"Sun\u010dana frekvencija Hercegovine\",\"publisher\":{\"@id\":\"https:\\\/\\\/radioljubuski.ba\\\/#organization\"},\"potentialAction\":[{\"@type\":\"SearchAction\",\"target\":{\"@type\":\"EntryPoint\",\"urlTemplate\":\"https:\\\/\\\/radioljubuski.ba\\\/?s={search_term_string}\"},\"query-input\":{\"@type\":\"PropertyValueSpecification\",\"valueRequired\":true,\"valueName\":\"search_term_string\"}}],\"inLanguage\":\"hr\"},{\"@type\":\"Organization\",\"@id\":\"https:\\\/\\\/radioljubuski.ba\\\/#organization\",\"name\":\"Radio Ljubu\u0161ki\",\"url\":\"https:\\\/\\\/radioljubuski.ba\\\/\",\"logo\":{\"@type\":\"ImageObject\",\"inLanguage\":\"hr\",\"@id\":\"https:\\\/\\\/radioljubuski.ba\\\/#\\\/schema\\\/logo\\\/image\\\/\",\"url\":\"https:\\\/\\\/radioljubuski.ba\\\/wp-content\\\/uploads\\\/2021\\\/02\\\/cropped-Radio_Ljubuski_logo1.jpg\",\"contentUrl\":\"https:\\\/\\\/radioljubuski.ba\\\/wp-content\\\/uploads\\\/2021\\\/02\\\/cropped-Radio_Ljubuski_logo1.jpg\",\"width\":512,\"height\":512,\"caption\":\"Radio Ljubu\u0161ki\"},\"image\":{\"@id\":\"https:\\\/\\\/radioljubuski.ba\\\/#\\\/schema\\\/logo\\\/image\\\/\"},\"sameAs\":[\"https:\\\/\\\/www.facebook.com\\\/Radiio-Ljubuski-1490835324566332\",\"https:\\\/\\\/x.com\\\/radioljubuski\",\"https:\\\/\\\/hr.linkedin.com\\\/company\\\/radio-ljubuski\",\"https:\\\/\\\/www.youtube.com\\\/channel\\\/UCHYaeO_n0Db3tjNGudGpXyw\"]},{\"@type\":\"Person\",\"@id\":\"https:\\\/\\\/radioljubuski.ba\\\/#\\\/schema\\\/person\\\/19fc700381a780f69665d7956c469e3b\",\"name\":\"Radio Ljubu\u0161ki\"}]}<\/script>\n<!-- \/ Yoast SEO plugin. -->","yoast_head_json":{"title":"Hrvatska: Vlada objavila nove cijene benzina i dizela - RADIO LJUBU\u0160KI","robots":{"index":"index","follow":"follow","max-snippet":"max-snippet:-1","max-image-preview":"max-image-preview:large","max-video-preview":"max-video-preview:-1"},"canonical":"https:\/\/radioljubuski.ba\/index.php\/2022\/03\/07\/hrvatska-vlada-objavila-nove-cijene-benzina-i-dizela\/","og_locale":"hr_HR","og_type":"article","og_title":"Hrvatska: Vlada objavila nove cijene benzina i dizela - RADIO LJUBU\u0160KI","og_description":"Vlada fiksira mar\u017eu trgovaca naftnih derivata i privremeno smanjuje tro\u0161arine na dizelsko i benzinsko gorivo, kako bi ubla\u017eila rast cijena, rekao je premijer Andrej Plenkovi\u0107 u uvodu sjednice Vlade. Vlada o\u010dekuje da \u0107e cijena dizela od sutra biti 12,53 kune, cijena benzina 12,19 kuna po litri, a plavog dizela 8,04 kune, &nbsp;a da bi bez [&hellip;]","og_url":"https:\/\/radioljubuski.ba\/index.php\/2022\/03\/07\/hrvatska-vlada-objavila-nove-cijene-benzina-i-dizela\/","og_site_name":"RADIO LJUBU\u0160KI","article_publisher":"https:\/\/www.facebook.com\/Radiio-Ljubuski-1490835324566332","article_published_time":"2022-03-07T14:38:33+00:00","og_image":[{"width":1000,"height":625,"url":"https:\/\/radioljubuski.ba\/wp-content\/uploads\/2021\/10\/YhbZ8Dnx_trosarine_gorivo_1_0.jpg","type":"image\/jpeg"}],"author":"Radio Ljubu\u0161ki","twitter_card":"summary_large_image","twitter_creator":"@radioljubuski","twitter_site":"@radioljubuski","twitter_misc":{"Napisao\/la":"Radio Ljubu\u0161ki","Procijenjeno vrijeme \u010ditanja":"2 minute"},"schema":{"@context":"https:\/\/schema.org","@graph":[{"@type":"Article","@id":"https:\/\/radioljubuski.ba\/index.php\/2022\/03\/07\/hrvatska-vlada-objavila-nove-cijene-benzina-i-dizela\/#article","isPartOf":{"@id":"https:\/\/radioljubuski.ba\/index.php\/2022\/03\/07\/hrvatska-vlada-objavila-nove-cijene-benzina-i-dizela\/"},"author":{"name":"Radio Ljubu\u0161ki","@id":"https:\/\/radioljubuski.ba\/#\/schema\/person\/19fc700381a780f69665d7956c469e3b"},"headline":"Hrvatska: Vlada objavila nove cijene benzina i dizela","datePublished":"2022-03-07T14:38:33+00:00","mainEntityOfPage":{"@id":"https:\/\/radioljubuski.ba\/index.php\/2022\/03\/07\/hrvatska-vlada-objavila-nove-cijene-benzina-i-dizela\/"},"wordCount":368,"publisher":{"@id":"https:\/\/radioljubuski.ba\/#organization"},"articleSection":["BIH i regija"],"inLanguage":"hr"},{"@type":"WebPage","@id":"https:\/\/radioljubuski.ba\/index.php\/2022\/03\/07\/hrvatska-vlada-objavila-nove-cijene-benzina-i-dizela\/","url":"https:\/\/radioljubuski.ba\/index.php\/2022\/03\/07\/hrvatska-vlada-objavila-nove-cijene-benzina-i-dizela\/","name":"Hrvatska: Vlada objavila nove cijene benzina i dizela - RADIO LJUBU\u0160KI","isPartOf":{"@id":"https:\/\/radioljubuski.ba\/#website"},"datePublished":"2022-03-07T14:38:33+00:00","breadcrumb":{"@id":"https:\/\/radioljubuski.ba\/index.php\/2022\/03\/07\/hrvatska-vlada-objavila-nove-cijene-benzina-i-dizela\/#breadcrumb"},"inLanguage":"hr","potentialAction":[{"@type":"ReadAction","target":["https:\/\/radioljubuski.ba\/index.php\/2022\/03\/07\/hrvatska-vlada-objavila-nove-cijene-benzina-i-dizela\/"]}]},{"@type":"BreadcrumbList","@id":"https:\/\/radioljubuski.ba\/index.php\/2022\/03\/07\/hrvatska-vlada-objavila-nove-cijene-benzina-i-dizela\/#breadcrumb","itemListElement":[{"@type":"ListItem","position":1,"name":"Po\u010detna stranica","item":"https:\/\/radioljubuski.ba\/"},{"@type":"ListItem","position":2,"name":"Hrvatska: Vlada objavila nove cijene benzina i dizela"}]},{"@type":"WebSite","@id":"https:\/\/radioljubuski.ba\/#website","url":"https:\/\/radioljubuski.ba\/","name":"Radio Ljubu\u0161ki","description":"Sun\u010dana frekvencija Hercegovine","publisher":{"@id":"https:\/\/radioljubuski.ba\/#organization"},"potentialAction":[{"@type":"SearchAction","target":{"@type":"EntryPoint","urlTemplate":"https:\/\/radioljubuski.ba\/?s={search_term_string}"},"query-input":{"@type":"PropertyValueSpecification","valueRequired":true,"valueName":"search_term_string"}}],"inLanguage":"hr"},{"@type":"Organization","@id":"https:\/\/radioljubuski.ba\/#organization","name":"Radio Ljubu\u0161ki","url":"https:\/\/radioljubuski.ba\/","logo":{"@type":"ImageObject","inLanguage":"hr","@id":"https:\/\/radioljubuski.ba\/#\/schema\/logo\/image\/","url":"https:\/\/radioljubuski.ba\/wp-content\/uploads\/2021\/02\/cropped-Radio_Ljubuski_logo1.jpg","contentUrl":"https:\/\/radioljubuski.ba\/wp-content\/uploads\/2021\/02\/cropped-Radio_Ljubuski_logo1.jpg","width":512,"height":512,"caption":"Radio Ljubu\u0161ki"},"image":{"@id":"https:\/\/radioljubuski.ba\/#\/schema\/logo\/image\/"},"sameAs":["https:\/\/www.facebook.com\/Radiio-Ljubuski-1490835324566332","https:\/\/x.com\/radioljubuski","https:\/\/hr.linkedin.com\/company\/radio-ljubuski","https:\/\/www.youtube.com\/channel\/UCHYaeO_n0Db3tjNGudGpXyw"]},{"@type":"Person","@id":"https:\/\/radioljubuski.ba\/#\/schema\/person\/19fc700381a780f69665d7956c469e3b","name":"Radio Ljubu\u0161ki"}]}},"_links":{"self":[{"href":"https:\/\/radioljubuski.ba\/index.php\/wp-json\/wp\/v2\/posts\/119026","targetHints":{"allow":["GET"]}}],"collection":[{"href":"https:\/\/radioljubuski.ba\/index.php\/wp-json\/wp\/v2\/posts"}],"about":[{"href":"https:\/\/radioljubuski.ba\/index.php\/wp-json\/wp\/v2\/types\/post"}],"author":[{"embeddable":true,"href":"https:\/\/radioljubuski.ba\/index.php\/wp-json\/wp\/v2\/users\/2"}],"replies":[{"embeddable":true,"href":"https:\/\/radioljubuski.ba\/index.php\/wp-json\/wp\/v2\/comments?post=119026"}],"version-history":[{"count":1,"href":"https:\/\/radioljubuski.ba\/index.php\/wp-json\/wp\/v2\/posts\/119026\/revisions"}],"predecessor-version":[{"id":119027,"href":"https:\/\/radioljubuski.ba\/index.php\/wp-json\/wp\/v2\/posts\/119026\/revisions\/119027"}],"wp:attachment":[{"href":"https:\/\/radioljubuski.ba\/index.php\/wp-json\/wp\/v2\/media?parent=119026"}],"wp:term":[{"taxonomy":"category","embeddable":true,"href":"https:\/\/radioljubuski.ba\/index.php\/wp-json\/wp\/v2\/categories?post=119026"},{"taxonomy":"post_tag","embeddable":true,"href":"https:\/\/radioljubuski.ba\/index.php\/wp-json\/wp\/v2\/tags?post=119026"}],"curies":[{"name":"wp","href":"https:\/\/api.w.org\/{rel}","templated":true}]}}