{"id":119035,"date":"2022-03-07T23:44:35","date_gmt":"2022-03-07T22:44:35","guid":{"rendered":"https:\/\/radioljubuski.ba\/?p=119035"},"modified":"2022-03-07T23:44:36","modified_gmt":"2022-03-07T22:44:36","slug":"rafalei-nadlijecu-bih-ulice-sarajeva-prepune-vojske-lokalci-ljuti-stvara-se-psihologija-straha","status":"publish","type":"post","link":"https:\/\/radioljubuski.ba\/index.php\/2022\/03\/07\/rafalei-nadlijecu-bih-ulice-sarajeva-prepune-vojske-lokalci-ljuti-stvara-se-psihologija-straha\/","title":{"rendered":"Rafalei nadlije\u0107u BiH, ulice Sarajeva prepune vojske, lokalci ljuti: \u2018Stvara se psihologija straha\u2018"},"content":{"rendered":"\n<p>Raspore\u0111ivanje novog kontigenta EUFOR-a u BiH pratit \u0107e i trena\u017eni letovi mlaznih aviona, na zahtjev Francuske. Namjera je da se demonstracijom sile po\u0161alje poruka da stvari u BiH moraju ostati kakve jesu, pi\u0161e&nbsp;<a href=\"https:\/\/www.dw.com\/hr\/stvara-se-psihologija-straha-u-bosni-i-hercegovini\/a-61034712\" target=\"_blank\" rel=\"noreferrer noopener\">Deutsche Welle.<\/a><\/p>\n\n\n\n<p>Iako za sada ne postoji nikakva sigurnosna opasnost na terenu, kada je rije\u010d o naru\u0161avanju mira u Bosni i Hercegovini, posljednjih dana poja\u010dano je prisustvo snaga EUFOR-a, posebno ulaskom u zemlju preostalog dijela kontigenta od 500 vojnika. Pored toga, iz komande \u201cAlthea\u201d (vojne misije EU-a u BiH), prihva\u0107ena je ponuda Francuske, da se iznad BiH od ponedjeljka (7.3.) po\u010dnu izvoditi trena\u017eni letovi mlaznim avionima. Kako se navodi, letovi \u0107e se odvijati \u201cpreko zapadnog Balkana\u201d, zrakoplovima tipa \u201cRafale\u201d, s nosa\u010da aviona \u201cCharles de Gaulle\u201d, koji se trenutno nalazi u Sredozemlju.<\/p>\n\n\n\n<p><strong>Slanje poruke<\/strong><\/p>\n\n\n\n<p>\u201cU ovakvim vremenima, kada je sigurnosna ravnote\u017ea u Europi naru\u0161ena, EU pokazuje svoju stalnu posve\u0107enost i odlu\u010dnost da podr\u017ei sigurno i stabilno okru\u017eenje u BiH i na zapadnom Balkanu\u201d, navode iz EUFOR Althea.<\/p>\n\n\n\n<p>Sigurnosna situacija je stabilna na cijelom zapadnom Balkanu, smatraju analiti\u010dari, ali isti\u010du da se nijedna od ovih vje\u017ebi ili pomicanje kopnenih jedinica, ne odigrava slu\u010dajno. Zapad \u017eeli poslati jasnu poruku, ne samo BiH, ve\u0107 i prostoru cijele bi\u0161e Jugoslavije, da se stvari ne\u0107e mijenjati.<\/p>\n\n\n\n<p>\u201cPoja\u010danja koja \u0161alje EUFOR su poruka da se BiH vidi kao potencijalni izvor krize i \u017eeli se djelovati preventivno. Demonstracijom sile se \u017eeli pokazati, da se iz EU-a gleda ka BiH i prati sve \u0161to se de\u0161ava u politi\u010dkom okru\u017eju\u201d, ka\u017ee vojno-politi\u010dki analiti\u010dar iz Beograda Aleksandar Radi\u0107.<\/p>\n\n\n\n<p>\u201cBilo koja aktivnost, od poja\u010danja kopnenih snaga, pa preko vje\u017ebi koje se odr\u017eavaju, sve je to demonstracija sile. To je poruka, da situacija mora ostati stabilne\u201d, isti\u010de Radi\u0107.<\/p>\n\n\n\n<p><strong>Nema straha od konflikta<\/strong><\/p>\n\n\n\n<p>Krajem velja\u010de je u BiH stigla prva postrojba u okviru raspore\u0111ivanja dodatnih 500 pripadnika EUFOR-a. To aktiviranje rezervi je \u201cmjera kojom se daje podr\u0161ka ve\u0107 raspore\u0111enom ljudstvu EUFOR-a, i partnerima u BiH\u201d. Ovog vikenda po\u010delo je raspore\u0111ivanje ostalih pripadnika vojne misije EU-a, pa \u0107e ih s ovih 500, ukupno u BiH biti 1100.<\/p>\n\n\n\n<p>\u201cTo je sve u okviru njihove misije i u okviru suglasnosti nadle\u017enih organa BiH, uklju\u010duju\u0107i i Predsjedni\u0161tvo. Samo je sada pitanje, je li ovo trenutal za tako ne\u0161to, posebno za trena\u017ene letove, s obzirom da su ljudi ve\u0107 dovoljno potreseni ratnim de\u0161avanjima u Ukrajini\u201d, ka\u017ee profesor na Fakultetu za sigurnost u Banjaluci, Du\u0161ko Vejnovi\u0107.<\/p>\n\n\n\n<p>\u201cStvara se psihologija straha, \u0161ta bi moglo biti, \u0161ta bi se moglo dogoditi, da li bi etnonacionalisti u BiH mogli ne\u0161to poku\u0161ati\u2026Ja apeliram na politi\u010dke elite, da prevladaju sve razlike. A \u0161to se ti\u010de konflikta, ne postoji \u0161ansa da ga bude na teritoriji BiH\u201d, uvjeren je Vejnovi\u0107.<\/p>\n\n\n\n<p><strong>Medijski pritisak<\/strong><br><br>Analiti\u010dari vjeruju da jedino medijska propaganda, koja je dostigla svoj povijesni maksimum u sukobu Rusije i Ukrajine, mo\u017ee izazvati daljnju destabilizaciju i na prostoru zapadnog Balkana. Dobar primjer za to je nedavni poziv Ministarstva obrane Srbije osobama iz rezervnog sastava, za izvo\u0111enje vje\u017ebi u ovom mjesecu. Dio medija, ovu je aktivnost okvalificirao kao demonstraciju sile, prvenstveno prema zemljama u okru\u017eenju.<\/p>\n\n\n\n<p>Izvor:DW<\/p>\n","protected":false},"excerpt":{"rendered":"<p>Raspore\u0111ivanje novog kontigenta EUFOR-a u BiH pratit \u0107e i trena\u017eni letovi mlaznih aviona, na zahtjev Francuske. Namjera je da se demonstracijom sile po\u0161alje poruka da stvari u BiH moraju ostati kakve jesu, pi\u0161e&nbsp;Deutsche Welle. Iako za sada ne postoji nikakva sigurnosna opasnost na terenu, kada je rije\u010d o naru\u0161avanju mira u Bosni i Hercegovini, posljednjih [&hellip;]<\/p>\n","protected":false},"author":2,"featured_media":119036,"comment_status":"closed","ping_status":"closed","sticky":false,"template":"","format":"standard","meta":{"h5ap_radio_sources":[],"footnotes":""},"categories":[1],"tags":[],"class_list":["post-119035","post","type-post","status-publish","format-standard","has-post-thumbnail","hentry","category-bihiregija"],"yoast_head":"<!-- This site is optimized with the Yoast SEO plugin v27.5 - https:\/\/yoast.com\/product\/yoast-seo-wordpress\/ -->\n<title>Rafalei nadlije\u0107u BiH, ulice Sarajeva prepune vojske, lokalci ljuti: \u2018Stvara se psihologija straha\u2018 - RADIO LJUBU\u0160KI<\/title>\n<meta name=\"robots\" content=\"index, follow, max-snippet:-1, max-image-preview:large, max-video-preview:-1\" \/>\n<link rel=\"canonical\" href=\"https:\/\/radioljubuski.ba\/index.php\/2022\/03\/07\/rafalei-nadlijecu-bih-ulice-sarajeva-prepune-vojske-lokalci-ljuti-stvara-se-psihologija-straha\/\" \/>\n<meta property=\"og:locale\" content=\"hr_HR\" \/>\n<meta property=\"og:type\" content=\"article\" \/>\n<meta property=\"og:title\" content=\"Rafalei nadlije\u0107u BiH, ulice Sarajeva prepune vojske, lokalci ljuti: \u2018Stvara se psihologija straha\u2018 - RADIO LJUBU\u0160KI\" \/>\n<meta property=\"og:description\" content=\"Raspore\u0111ivanje novog kontigenta EUFOR-a u BiH pratit \u0107e i trena\u017eni letovi mlaznih aviona, na zahtjev Francuske. Namjera je da se demonstracijom sile po\u0161alje poruka da stvari u BiH moraju ostati kakve jesu, pi\u0161e&nbsp;Deutsche Welle. Iako za sada ne postoji nikakva sigurnosna opasnost na terenu, kada je rije\u010d o naru\u0161avanju mira u Bosni i Hercegovini, posljednjih [&hellip;]\" \/>\n<meta property=\"og:url\" content=\"https:\/\/radioljubuski.ba\/index.php\/2022\/03\/07\/rafalei-nadlijecu-bih-ulice-sarajeva-prepune-vojske-lokalci-ljuti-stvara-se-psihologija-straha\/\" \/>\n<meta property=\"og:site_name\" content=\"RADIO LJUBU\u0160KI\" \/>\n<meta property=\"article:publisher\" content=\"https:\/\/www.facebook.com\/Radiio-Ljubuski-1490835324566332\" \/>\n<meta property=\"article:published_time\" content=\"2022-03-07T22:44:35+00:00\" \/>\n<meta property=\"article:modified_time\" content=\"2022-03-07T22:44:36+00:00\" \/>\n<meta property=\"og:image\" content=\"https:\/\/radioljubuski.ba\/wp-content\/uploads\/2022\/03\/8-2022-03-07-15-00-03-EUFOR-AVAZ.jpg\" \/>\n\t<meta property=\"og:image:width\" content=\"1000\" \/>\n\t<meta property=\"og:image:height\" content=\"625\" \/>\n\t<meta property=\"og:image:type\" content=\"image\/jpeg\" \/>\n<meta name=\"author\" content=\"Radio Ljubu\u0161ki\" \/>\n<meta name=\"twitter:card\" content=\"summary_large_image\" \/>\n<meta name=\"twitter:creator\" content=\"@radioljubuski\" \/>\n<meta name=\"twitter:site\" content=\"@radioljubuski\" \/>\n<meta name=\"twitter:label1\" content=\"Napisao\/la\" \/>\n\t<meta name=\"twitter:data1\" content=\"Radio Ljubu\u0161ki\" \/>\n\t<meta name=\"twitter:label2\" content=\"Procijenjeno vrijeme \u010ditanja\" \/>\n\t<meta name=\"twitter:data2\" content=\"3 minute\" \/>\n<script type=\"application\/ld+json\" class=\"yoast-schema-graph\">{\"@context\":\"https:\\\/\\\/schema.org\",\"@graph\":[{\"@type\":\"Article\",\"@id\":\"https:\\\/\\\/radioljubuski.ba\\\/index.php\\\/2022\\\/03\\\/07\\\/rafalei-nadlijecu-bih-ulice-sarajeva-prepune-vojske-lokalci-ljuti-stvara-se-psihologija-straha\\\/#article\",\"isPartOf\":{\"@id\":\"https:\\\/\\\/radioljubuski.ba\\\/index.php\\\/2022\\\/03\\\/07\\\/rafalei-nadlijecu-bih-ulice-sarajeva-prepune-vojske-lokalci-ljuti-stvara-se-psihologija-straha\\\/\"},\"author\":{\"name\":\"Radio Ljubu\u0161ki\",\"@id\":\"https:\\\/\\\/radioljubuski.ba\\\/#\\\/schema\\\/person\\\/19fc700381a780f69665d7956c469e3b\"},\"headline\":\"Rafalei nadlije\u0107u BiH, ulice Sarajeva prepune vojske, lokalci ljuti: \u2018Stvara se psihologija straha\u2018\",\"datePublished\":\"2022-03-07T22:44:35+00:00\",\"dateModified\":\"2022-03-07T22:44:36+00:00\",\"mainEntityOfPage\":{\"@id\":\"https:\\\/\\\/radioljubuski.ba\\\/index.php\\\/2022\\\/03\\\/07\\\/rafalei-nadlijecu-bih-ulice-sarajeva-prepune-vojske-lokalci-ljuti-stvara-se-psihologija-straha\\\/\"},\"wordCount\":568,\"publisher\":{\"@id\":\"https:\\\/\\\/radioljubuski.ba\\\/#organization\"},\"image\":{\"@id\":\"https:\\\/\\\/radioljubuski.ba\\\/index.php\\\/2022\\\/03\\\/07\\\/rafalei-nadlijecu-bih-ulice-sarajeva-prepune-vojske-lokalci-ljuti-stvara-se-psihologija-straha\\\/#primaryimage\"},\"thumbnailUrl\":\"https:\\\/\\\/radioljubuski.ba\\\/wp-content\\\/uploads\\\/2022\\\/03\\\/8-2022-03-07-15-00-03-EUFOR-AVAZ.jpg\",\"articleSection\":[\"BIH i regija\"],\"inLanguage\":\"hr\"},{\"@type\":\"WebPage\",\"@id\":\"https:\\\/\\\/radioljubuski.ba\\\/index.php\\\/2022\\\/03\\\/07\\\/rafalei-nadlijecu-bih-ulice-sarajeva-prepune-vojske-lokalci-ljuti-stvara-se-psihologija-straha\\\/\",\"url\":\"https:\\\/\\\/radioljubuski.ba\\\/index.php\\\/2022\\\/03\\\/07\\\/rafalei-nadlijecu-bih-ulice-sarajeva-prepune-vojske-lokalci-ljuti-stvara-se-psihologija-straha\\\/\",\"name\":\"Rafalei nadlije\u0107u BiH, ulice Sarajeva prepune vojske, lokalci ljuti: \u2018Stvara se psihologija straha\u2018 - RADIO LJUBU\u0160KI\",\"isPartOf\":{\"@id\":\"https:\\\/\\\/radioljubuski.ba\\\/#website\"},\"primaryImageOfPage\":{\"@id\":\"https:\\\/\\\/radioljubuski.ba\\\/index.php\\\/2022\\\/03\\\/07\\\/rafalei-nadlijecu-bih-ulice-sarajeva-prepune-vojske-lokalci-ljuti-stvara-se-psihologija-straha\\\/#primaryimage\"},\"image\":{\"@id\":\"https:\\\/\\\/radioljubuski.ba\\\/index.php\\\/2022\\\/03\\\/07\\\/rafalei-nadlijecu-bih-ulice-sarajeva-prepune-vojske-lokalci-ljuti-stvara-se-psihologija-straha\\\/#primaryimage\"},\"thumbnailUrl\":\"https:\\\/\\\/radioljubuski.ba\\\/wp-content\\\/uploads\\\/2022\\\/03\\\/8-2022-03-07-15-00-03-EUFOR-AVAZ.jpg\",\"datePublished\":\"2022-03-07T22:44:35+00:00\",\"dateModified\":\"2022-03-07T22:44:36+00:00\",\"breadcrumb\":{\"@id\":\"https:\\\/\\\/radioljubuski.ba\\\/index.php\\\/2022\\\/03\\\/07\\\/rafalei-nadlijecu-bih-ulice-sarajeva-prepune-vojske-lokalci-ljuti-stvara-se-psihologija-straha\\\/#breadcrumb\"},\"inLanguage\":\"hr\",\"potentialAction\":[{\"@type\":\"ReadAction\",\"target\":[\"https:\\\/\\\/radioljubuski.ba\\\/index.php\\\/2022\\\/03\\\/07\\\/rafalei-nadlijecu-bih-ulice-sarajeva-prepune-vojske-lokalci-ljuti-stvara-se-psihologija-straha\\\/\"]}]},{\"@type\":\"ImageObject\",\"inLanguage\":\"hr\",\"@id\":\"https:\\\/\\\/radioljubuski.ba\\\/index.php\\\/2022\\\/03\\\/07\\\/rafalei-nadlijecu-bih-ulice-sarajeva-prepune-vojske-lokalci-ljuti-stvara-se-psihologija-straha\\\/#primaryimage\",\"url\":\"https:\\\/\\\/radioljubuski.ba\\\/wp-content\\\/uploads\\\/2022\\\/03\\\/8-2022-03-07-15-00-03-EUFOR-AVAZ.jpg\",\"contentUrl\":\"https:\\\/\\\/radioljubuski.ba\\\/wp-content\\\/uploads\\\/2022\\\/03\\\/8-2022-03-07-15-00-03-EUFOR-AVAZ.jpg\",\"width\":1000,\"height\":625},{\"@type\":\"BreadcrumbList\",\"@id\":\"https:\\\/\\\/radioljubuski.ba\\\/index.php\\\/2022\\\/03\\\/07\\\/rafalei-nadlijecu-bih-ulice-sarajeva-prepune-vojske-lokalci-ljuti-stvara-se-psihologija-straha\\\/#breadcrumb\",\"itemListElement\":[{\"@type\":\"ListItem\",\"position\":1,\"name\":\"Po\u010detna stranica\",\"item\":\"https:\\\/\\\/radioljubuski.ba\\\/\"},{\"@type\":\"ListItem\",\"position\":2,\"name\":\"Rafalei nadlije\u0107u BiH, ulice Sarajeva prepune vojske, lokalci ljuti: \u2018Stvara se psihologija straha\u2018\"}]},{\"@type\":\"WebSite\",\"@id\":\"https:\\\/\\\/radioljubuski.ba\\\/#website\",\"url\":\"https:\\\/\\\/radioljubuski.ba\\\/\",\"name\":\"Radio Ljubu\u0161ki\",\"description\":\"Sun\u010dana frekvencija Hercegovine\",\"publisher\":{\"@id\":\"https:\\\/\\\/radioljubuski.ba\\\/#organization\"},\"potentialAction\":[{\"@type\":\"SearchAction\",\"target\":{\"@type\":\"EntryPoint\",\"urlTemplate\":\"https:\\\/\\\/radioljubuski.ba\\\/?s={search_term_string}\"},\"query-input\":{\"@type\":\"PropertyValueSpecification\",\"valueRequired\":true,\"valueName\":\"search_term_string\"}}],\"inLanguage\":\"hr\"},{\"@type\":\"Organization\",\"@id\":\"https:\\\/\\\/radioljubuski.ba\\\/#organization\",\"name\":\"Radio Ljubu\u0161ki\",\"url\":\"https:\\\/\\\/radioljubuski.ba\\\/\",\"logo\":{\"@type\":\"ImageObject\",\"inLanguage\":\"hr\",\"@id\":\"https:\\\/\\\/radioljubuski.ba\\\/#\\\/schema\\\/logo\\\/image\\\/\",\"url\":\"https:\\\/\\\/radioljubuski.ba\\\/wp-content\\\/uploads\\\/2021\\\/02\\\/cropped-Radio_Ljubuski_logo1.jpg\",\"contentUrl\":\"https:\\\/\\\/radioljubuski.ba\\\/wp-content\\\/uploads\\\/2021\\\/02\\\/cropped-Radio_Ljubuski_logo1.jpg\",\"width\":512,\"height\":512,\"caption\":\"Radio Ljubu\u0161ki\"},\"image\":{\"@id\":\"https:\\\/\\\/radioljubuski.ba\\\/#\\\/schema\\\/logo\\\/image\\\/\"},\"sameAs\":[\"https:\\\/\\\/www.facebook.com\\\/Radiio-Ljubuski-1490835324566332\",\"https:\\\/\\\/x.com\\\/radioljubuski\",\"https:\\\/\\\/hr.linkedin.com\\\/company\\\/radio-ljubuski\",\"https:\\\/\\\/www.youtube.com\\\/channel\\\/UCHYaeO_n0Db3tjNGudGpXyw\"]},{\"@type\":\"Person\",\"@id\":\"https:\\\/\\\/radioljubuski.ba\\\/#\\\/schema\\\/person\\\/19fc700381a780f69665d7956c469e3b\",\"name\":\"Radio Ljubu\u0161ki\"}]}<\/script>\n<!-- \/ Yoast SEO plugin. -->","yoast_head_json":{"title":"Rafalei nadlije\u0107u BiH, ulice Sarajeva prepune vojske, lokalci ljuti: \u2018Stvara se psihologija straha\u2018 - RADIO LJUBU\u0160KI","robots":{"index":"index","follow":"follow","max-snippet":"max-snippet:-1","max-image-preview":"max-image-preview:large","max-video-preview":"max-video-preview:-1"},"canonical":"https:\/\/radioljubuski.ba\/index.php\/2022\/03\/07\/rafalei-nadlijecu-bih-ulice-sarajeva-prepune-vojske-lokalci-ljuti-stvara-se-psihologija-straha\/","og_locale":"hr_HR","og_type":"article","og_title":"Rafalei nadlije\u0107u BiH, ulice Sarajeva prepune vojske, lokalci ljuti: \u2018Stvara se psihologija straha\u2018 - RADIO LJUBU\u0160KI","og_description":"Raspore\u0111ivanje novog kontigenta EUFOR-a u BiH pratit \u0107e i trena\u017eni letovi mlaznih aviona, na zahtjev Francuske. Namjera je da se demonstracijom sile po\u0161alje poruka da stvari u BiH moraju ostati kakve jesu, pi\u0161e&nbsp;Deutsche Welle. Iako za sada ne postoji nikakva sigurnosna opasnost na terenu, kada je rije\u010d o naru\u0161avanju mira u Bosni i Hercegovini, posljednjih [&hellip;]","og_url":"https:\/\/radioljubuski.ba\/index.php\/2022\/03\/07\/rafalei-nadlijecu-bih-ulice-sarajeva-prepune-vojske-lokalci-ljuti-stvara-se-psihologija-straha\/","og_site_name":"RADIO LJUBU\u0160KI","article_publisher":"https:\/\/www.facebook.com\/Radiio-Ljubuski-1490835324566332","article_published_time":"2022-03-07T22:44:35+00:00","article_modified_time":"2022-03-07T22:44:36+00:00","og_image":[{"width":1000,"height":625,"url":"https:\/\/radioljubuski.ba\/wp-content\/uploads\/2022\/03\/8-2022-03-07-15-00-03-EUFOR-AVAZ.jpg","type":"image\/jpeg"}],"author":"Radio Ljubu\u0161ki","twitter_card":"summary_large_image","twitter_creator":"@radioljubuski","twitter_site":"@radioljubuski","twitter_misc":{"Napisao\/la":"Radio Ljubu\u0161ki","Procijenjeno vrijeme \u010ditanja":"3 minute"},"schema":{"@context":"https:\/\/schema.org","@graph":[{"@type":"Article","@id":"https:\/\/radioljubuski.ba\/index.php\/2022\/03\/07\/rafalei-nadlijecu-bih-ulice-sarajeva-prepune-vojske-lokalci-ljuti-stvara-se-psihologija-straha\/#article","isPartOf":{"@id":"https:\/\/radioljubuski.ba\/index.php\/2022\/03\/07\/rafalei-nadlijecu-bih-ulice-sarajeva-prepune-vojske-lokalci-ljuti-stvara-se-psihologija-straha\/"},"author":{"name":"Radio Ljubu\u0161ki","@id":"https:\/\/radioljubuski.ba\/#\/schema\/person\/19fc700381a780f69665d7956c469e3b"},"headline":"Rafalei nadlije\u0107u BiH, ulice Sarajeva prepune vojske, lokalci ljuti: \u2018Stvara se psihologija straha\u2018","datePublished":"2022-03-07T22:44:35+00:00","dateModified":"2022-03-07T22:44:36+00:00","mainEntityOfPage":{"@id":"https:\/\/radioljubuski.ba\/index.php\/2022\/03\/07\/rafalei-nadlijecu-bih-ulice-sarajeva-prepune-vojske-lokalci-ljuti-stvara-se-psihologija-straha\/"},"wordCount":568,"publisher":{"@id":"https:\/\/radioljubuski.ba\/#organization"},"image":{"@id":"https:\/\/radioljubuski.ba\/index.php\/2022\/03\/07\/rafalei-nadlijecu-bih-ulice-sarajeva-prepune-vojske-lokalci-ljuti-stvara-se-psihologija-straha\/#primaryimage"},"thumbnailUrl":"https:\/\/radioljubuski.ba\/wp-content\/uploads\/2022\/03\/8-2022-03-07-15-00-03-EUFOR-AVAZ.jpg","articleSection":["BIH i regija"],"inLanguage":"hr"},{"@type":"WebPage","@id":"https:\/\/radioljubuski.ba\/index.php\/2022\/03\/07\/rafalei-nadlijecu-bih-ulice-sarajeva-prepune-vojske-lokalci-ljuti-stvara-se-psihologija-straha\/","url":"https:\/\/radioljubuski.ba\/index.php\/2022\/03\/07\/rafalei-nadlijecu-bih-ulice-sarajeva-prepune-vojske-lokalci-ljuti-stvara-se-psihologija-straha\/","name":"Rafalei nadlije\u0107u BiH, ulice Sarajeva prepune vojske, lokalci ljuti: \u2018Stvara se psihologija straha\u2018 - RADIO LJUBU\u0160KI","isPartOf":{"@id":"https:\/\/radioljubuski.ba\/#website"},"primaryImageOfPage":{"@id":"https:\/\/radioljubuski.ba\/index.php\/2022\/03\/07\/rafalei-nadlijecu-bih-ulice-sarajeva-prepune-vojske-lokalci-ljuti-stvara-se-psihologija-straha\/#primaryimage"},"image":{"@id":"https:\/\/radioljubuski.ba\/index.php\/2022\/03\/07\/rafalei-nadlijecu-bih-ulice-sarajeva-prepune-vojske-lokalci-ljuti-stvara-se-psihologija-straha\/#primaryimage"},"thumbnailUrl":"https:\/\/radioljubuski.ba\/wp-content\/uploads\/2022\/03\/8-2022-03-07-15-00-03-EUFOR-AVAZ.jpg","datePublished":"2022-03-07T22:44:35+00:00","dateModified":"2022-03-07T22:44:36+00:00","breadcrumb":{"@id":"https:\/\/radioljubuski.ba\/index.php\/2022\/03\/07\/rafalei-nadlijecu-bih-ulice-sarajeva-prepune-vojske-lokalci-ljuti-stvara-se-psihologija-straha\/#breadcrumb"},"inLanguage":"hr","potentialAction":[{"@type":"ReadAction","target":["https:\/\/radioljubuski.ba\/index.php\/2022\/03\/07\/rafalei-nadlijecu-bih-ulice-sarajeva-prepune-vojske-lokalci-ljuti-stvara-se-psihologija-straha\/"]}]},{"@type":"ImageObject","inLanguage":"hr","@id":"https:\/\/radioljubuski.ba\/index.php\/2022\/03\/07\/rafalei-nadlijecu-bih-ulice-sarajeva-prepune-vojske-lokalci-ljuti-stvara-se-psihologija-straha\/#primaryimage","url":"https:\/\/radioljubuski.ba\/wp-content\/uploads\/2022\/03\/8-2022-03-07-15-00-03-EUFOR-AVAZ.jpg","contentUrl":"https:\/\/radioljubuski.ba\/wp-content\/uploads\/2022\/03\/8-2022-03-07-15-00-03-EUFOR-AVAZ.jpg","width":1000,"height":625},{"@type":"BreadcrumbList","@id":"https:\/\/radioljubuski.ba\/index.php\/2022\/03\/07\/rafalei-nadlijecu-bih-ulice-sarajeva-prepune-vojske-lokalci-ljuti-stvara-se-psihologija-straha\/#breadcrumb","itemListElement":[{"@type":"ListItem","position":1,"name":"Po\u010detna stranica","item":"https:\/\/radioljubuski.ba\/"},{"@type":"ListItem","position":2,"name":"Rafalei nadlije\u0107u BiH, ulice Sarajeva prepune vojske, lokalci ljuti: \u2018Stvara se psihologija straha\u2018"}]},{"@type":"WebSite","@id":"https:\/\/radioljubuski.ba\/#website","url":"https:\/\/radioljubuski.ba\/","name":"Radio Ljubu\u0161ki","description":"Sun\u010dana frekvencija Hercegovine","publisher":{"@id":"https:\/\/radioljubuski.ba\/#organization"},"potentialAction":[{"@type":"SearchAction","target":{"@type":"EntryPoint","urlTemplate":"https:\/\/radioljubuski.ba\/?s={search_term_string}"},"query-input":{"@type":"PropertyValueSpecification","valueRequired":true,"valueName":"search_term_string"}}],"inLanguage":"hr"},{"@type":"Organization","@id":"https:\/\/radioljubuski.ba\/#organization","name":"Radio Ljubu\u0161ki","url":"https:\/\/radioljubuski.ba\/","logo":{"@type":"ImageObject","inLanguage":"hr","@id":"https:\/\/radioljubuski.ba\/#\/schema\/logo\/image\/","url":"https:\/\/radioljubuski.ba\/wp-content\/uploads\/2021\/02\/cropped-Radio_Ljubuski_logo1.jpg","contentUrl":"https:\/\/radioljubuski.ba\/wp-content\/uploads\/2021\/02\/cropped-Radio_Ljubuski_logo1.jpg","width":512,"height":512,"caption":"Radio Ljubu\u0161ki"},"image":{"@id":"https:\/\/radioljubuski.ba\/#\/schema\/logo\/image\/"},"sameAs":["https:\/\/www.facebook.com\/Radiio-Ljubuski-1490835324566332","https:\/\/x.com\/radioljubuski","https:\/\/hr.linkedin.com\/company\/radio-ljubuski","https:\/\/www.youtube.com\/channel\/UCHYaeO_n0Db3tjNGudGpXyw"]},{"@type":"Person","@id":"https:\/\/radioljubuski.ba\/#\/schema\/person\/19fc700381a780f69665d7956c469e3b","name":"Radio Ljubu\u0161ki"}]}},"_links":{"self":[{"href":"https:\/\/radioljubuski.ba\/index.php\/wp-json\/wp\/v2\/posts\/119035","targetHints":{"allow":["GET"]}}],"collection":[{"href":"https:\/\/radioljubuski.ba\/index.php\/wp-json\/wp\/v2\/posts"}],"about":[{"href":"https:\/\/radioljubuski.ba\/index.php\/wp-json\/wp\/v2\/types\/post"}],"author":[{"embeddable":true,"href":"https:\/\/radioljubuski.ba\/index.php\/wp-json\/wp\/v2\/users\/2"}],"replies":[{"embeddable":true,"href":"https:\/\/radioljubuski.ba\/index.php\/wp-json\/wp\/v2\/comments?post=119035"}],"version-history":[{"count":1,"href":"https:\/\/radioljubuski.ba\/index.php\/wp-json\/wp\/v2\/posts\/119035\/revisions"}],"predecessor-version":[{"id":119037,"href":"https:\/\/radioljubuski.ba\/index.php\/wp-json\/wp\/v2\/posts\/119035\/revisions\/119037"}],"wp:featuredmedia":[{"embeddable":true,"href":"https:\/\/radioljubuski.ba\/index.php\/wp-json\/wp\/v2\/media\/119036"}],"wp:attachment":[{"href":"https:\/\/radioljubuski.ba\/index.php\/wp-json\/wp\/v2\/media?parent=119035"}],"wp:term":[{"taxonomy":"category","embeddable":true,"href":"https:\/\/radioljubuski.ba\/index.php\/wp-json\/wp\/v2\/categories?post=119035"},{"taxonomy":"post_tag","embeddable":true,"href":"https:\/\/radioljubuski.ba\/index.php\/wp-json\/wp\/v2\/tags?post=119035"}],"curies":[{"name":"wp","href":"https:\/\/api.w.org\/{rel}","templated":true}]}}