{"id":119044,"date":"2022-03-07T23:47:32","date_gmt":"2022-03-07T22:47:32","guid":{"rendered":"https:\/\/radioljubuski.ba\/?p=119044"},"modified":"2022-03-07T23:47:33","modified_gmt":"2022-03-07T22:47:33","slug":"scholz-europa-trenutno-ne-moze-bez-ruskog-plina-i-nafte","status":"publish","type":"post","link":"https:\/\/radioljubuski.ba\/index.php\/2022\/03\/07\/scholz-europa-trenutno-ne-moze-bez-ruskog-plina-i-nafte\/","title":{"rendered":"Scholz: Europa trenutno ne mo\u017ee bez ruskog plina i nafte"},"content":{"rendered":"\n<p>Uvoz energenata iz Rusije je klju\u010dan za svakodnevni \u017eivot europskih gra\u0111ana a opskrba kontinenta ne mo\u017ee biti osigurana na drugi na\u010din u ovom trenutku, rekao je u ponedjeljak njema\u010dki kancelar Olaf Scholz.<\/p>\n\n\n\n<p>Dok se u SAD-u i EU-u raspravlja o sankcijama na ruske energente, kao odgovor na invaziju Ukrajine, &#8220;opskrba Europe energijom za grijanje, kretanje, struju i industriju ne mo\u017ee se zajam\u010diti u ovom trenutku na drugi na\u010din&#8221;, ka\u017ee se u pisanoj izjavi kancelara.<\/p>\n\n\n\n<p>Ameri\u010dki dr\u017eavni tajnik Antony Blinken rekao je u nedjelju da Sjedinjene Dr\u017eave i europski partneri razmatraju zabranu uvoza ruske nafte, nagla\u0161avaju\u0107i ipak va\u017enost globalne stabilne opskrbe naftom.<\/p>\n\n\n\n<p>&#8220;U vrlo samo aktivnim razgovorima s na\u0161im europskim partnerima o zabrani uvoza ruske nafte u na\u0161e zemlje, uz naravno istovremeno odr\u017eavanje stabilne globalne opskrbe naftom&#8221;, rekao je Blinken u intervjuu za NBC.<\/p>\n\n\n\n<p>Strah od zapadnog embarga na rusku naftu ponovno je katapultirao u ponedjeljak cijene crnog zlata.<\/p>\n\n\n\n<p>Europa je &#8220;namjerno&#8221;, ka\u017ee Scholz, isklju\u010dila ruske energente iz prve salve sankcija protiv Moskve jer bi takva mjera destabilizirala tr\u017ei\u0161ta i imala prejaki utjecaj na europske ekonomije.<\/p>\n\n\n\n<p>Njema\u010dka je me\u0111u onim zemljama EU-a koje su sna\u017eno ovisne o uvozu plina, nafte i ugljena iz Rusije, podsjetio je Scholz, dodaju\u0107i da Berlin radi na razvoju alternativa toj ruskoj energiji. &#8220;Ali to se ne mo\u017ee posti\u0107i od danas do sutra&#8221;.<\/p>\n\n\n\n<p>Rusko nasilje u Ukrajini stvara pritisak na EU da uvede dodatne sankcije nad energetskim sektorom. Oko 40 posto prirodnog plina koji se koristi u Europi dolazi iz Rusije, kao i \u010detvrtina nafte, pi\u0161e BBC.<\/p>\n\n\n\n<p>SAD i ukrajinski predsjednik Volodimir Zelenskij \u017eele da Bruxelles u najmanju ruku uvede sankcije na uvoz nafte. S time se sla\u017eu zemlje istoka Europe, poput onih balti\u010dkih, koje se osje\u0107aju izlo\u017eene ruskoj prijetnji.&nbsp;<\/p>\n\n\n\n<p>No druge dr\u017eave, poput Njema\u010dke i Italije, strahuju od rasta cijene energenata.&nbsp;<\/p>\n\n\n\n<p>Francuskog \u010delnika Emmanuela Macrona uskoro \u010dekaju predsjedni\u010dki izbori, pa strahuje od nepopularnih poteza kod stanovni\u0161tva koje \u0107e pla\u0107ati rast cijena.&nbsp;<\/p>\n\n\n\n<p>Stoga je EU dosad izbjegla razgovor o energetskim sankcijama. Umjesto toga ponovila je plan o \u0161to br\u017eoj tranziciji s energetske ovisnosti o Rusiji, pronalasku alternativnih dobavlja\u010da i radu na odr\u017eivim izvorima energije, dodaje BBC.<\/p>\n\n\n\n<p>Izvor:pogled.ba<\/p>\n","protected":false},"excerpt":{"rendered":"<p>Uvoz energenata iz Rusije je klju\u010dan za svakodnevni \u017eivot europskih gra\u0111ana a opskrba kontinenta ne mo\u017ee biti osigurana na drugi na\u010din u ovom trenutku, rekao je u ponedjeljak njema\u010dki kancelar Olaf Scholz. Dok se u SAD-u i EU-u raspravlja o sankcijama na ruske energente, kao odgovor na invaziju Ukrajine, &#8220;opskrba Europe energijom za grijanje, kretanje, [&hellip;]<\/p>\n","protected":false},"author":2,"featured_media":116140,"comment_status":"closed","ping_status":"closed","sticky":false,"template":"","format":"standard","meta":{"h5ap_radio_sources":[],"footnotes":""},"categories":[1],"tags":[],"class_list":["post-119044","post","type-post","status-publish","format-standard","has-post-thumbnail","hentry","category-bihiregija"],"yoast_head":"<!-- This site is optimized with the Yoast SEO plugin v27.5 - https:\/\/yoast.com\/product\/yoast-seo-wordpress\/ -->\n<title>Scholz: Europa trenutno ne mo\u017ee bez ruskog plina i nafte - RADIO LJUBU\u0160KI<\/title>\n<meta name=\"robots\" content=\"index, follow, max-snippet:-1, max-image-preview:large, max-video-preview:-1\" \/>\n<link rel=\"canonical\" href=\"https:\/\/radioljubuski.ba\/index.php\/2022\/03\/07\/scholz-europa-trenutno-ne-moze-bez-ruskog-plina-i-nafte\/\" \/>\n<meta property=\"og:locale\" content=\"hr_HR\" \/>\n<meta property=\"og:type\" content=\"article\" \/>\n<meta property=\"og:title\" content=\"Scholz: Europa trenutno ne mo\u017ee bez ruskog plina i nafte - RADIO LJUBU\u0160KI\" \/>\n<meta property=\"og:description\" content=\"Uvoz energenata iz Rusije je klju\u010dan za svakodnevni \u017eivot europskih gra\u0111ana a opskrba kontinenta ne mo\u017ee biti osigurana na drugi na\u010din u ovom trenutku, rekao je u ponedjeljak njema\u010dki kancelar Olaf Scholz. Dok se u SAD-u i EU-u raspravlja o sankcijama na ruske energente, kao odgovor na invaziju Ukrajine, &#8220;opskrba Europe energijom za grijanje, kretanje, [&hellip;]\" \/>\n<meta property=\"og:url\" content=\"https:\/\/radioljubuski.ba\/index.php\/2022\/03\/07\/scholz-europa-trenutno-ne-moze-bez-ruskog-plina-i-nafte\/\" \/>\n<meta property=\"og:site_name\" content=\"RADIO LJUBU\u0160KI\" \/>\n<meta property=\"article:publisher\" content=\"https:\/\/www.facebook.com\/Radiio-Ljubuski-1490835324566332\" \/>\n<meta property=\"article:published_time\" content=\"2022-03-07T22:47:32+00:00\" \/>\n<meta property=\"article:modified_time\" content=\"2022-03-07T22:47:33+00:00\" \/>\n<meta property=\"og:image\" content=\"https:\/\/radioljubuski.ba\/wp-content\/uploads\/2022\/02\/scholz.jpg\" \/>\n\t<meta property=\"og:image:width\" content=\"1000\" \/>\n\t<meta property=\"og:image:height\" content=\"625\" \/>\n\t<meta property=\"og:image:type\" content=\"image\/jpeg\" \/>\n<meta name=\"author\" content=\"Radio Ljubu\u0161ki\" \/>\n<meta name=\"twitter:card\" content=\"summary_large_image\" \/>\n<meta name=\"twitter:creator\" content=\"@radioljubuski\" \/>\n<meta name=\"twitter:site\" content=\"@radioljubuski\" \/>\n<meta name=\"twitter:label1\" content=\"Napisao\/la\" \/>\n\t<meta name=\"twitter:data1\" content=\"Radio Ljubu\u0161ki\" \/>\n\t<meta name=\"twitter:label2\" content=\"Procijenjeno vrijeme \u010ditanja\" \/>\n\t<meta name=\"twitter:data2\" content=\"2 minute\" \/>\n<script type=\"application\/ld+json\" class=\"yoast-schema-graph\">{\"@context\":\"https:\\\/\\\/schema.org\",\"@graph\":[{\"@type\":\"Article\",\"@id\":\"https:\\\/\\\/radioljubuski.ba\\\/index.php\\\/2022\\\/03\\\/07\\\/scholz-europa-trenutno-ne-moze-bez-ruskog-plina-i-nafte\\\/#article\",\"isPartOf\":{\"@id\":\"https:\\\/\\\/radioljubuski.ba\\\/index.php\\\/2022\\\/03\\\/07\\\/scholz-europa-trenutno-ne-moze-bez-ruskog-plina-i-nafte\\\/\"},\"author\":{\"name\":\"Radio Ljubu\u0161ki\",\"@id\":\"https:\\\/\\\/radioljubuski.ba\\\/#\\\/schema\\\/person\\\/19fc700381a780f69665d7956c469e3b\"},\"headline\":\"Scholz: Europa trenutno ne mo\u017ee bez ruskog plina i nafte\",\"datePublished\":\"2022-03-07T22:47:32+00:00\",\"dateModified\":\"2022-03-07T22:47:33+00:00\",\"mainEntityOfPage\":{\"@id\":\"https:\\\/\\\/radioljubuski.ba\\\/index.php\\\/2022\\\/03\\\/07\\\/scholz-europa-trenutno-ne-moze-bez-ruskog-plina-i-nafte\\\/\"},\"wordCount\":406,\"publisher\":{\"@id\":\"https:\\\/\\\/radioljubuski.ba\\\/#organization\"},\"image\":{\"@id\":\"https:\\\/\\\/radioljubuski.ba\\\/index.php\\\/2022\\\/03\\\/07\\\/scholz-europa-trenutno-ne-moze-bez-ruskog-plina-i-nafte\\\/#primaryimage\"},\"thumbnailUrl\":\"https:\\\/\\\/radioljubuski.ba\\\/wp-content\\\/uploads\\\/2022\\\/02\\\/scholz.jpg\",\"articleSection\":[\"BIH i regija\"],\"inLanguage\":\"hr\"},{\"@type\":\"WebPage\",\"@id\":\"https:\\\/\\\/radioljubuski.ba\\\/index.php\\\/2022\\\/03\\\/07\\\/scholz-europa-trenutno-ne-moze-bez-ruskog-plina-i-nafte\\\/\",\"url\":\"https:\\\/\\\/radioljubuski.ba\\\/index.php\\\/2022\\\/03\\\/07\\\/scholz-europa-trenutno-ne-moze-bez-ruskog-plina-i-nafte\\\/\",\"name\":\"Scholz: Europa trenutno ne mo\u017ee bez ruskog plina i nafte - RADIO LJUBU\u0160KI\",\"isPartOf\":{\"@id\":\"https:\\\/\\\/radioljubuski.ba\\\/#website\"},\"primaryImageOfPage\":{\"@id\":\"https:\\\/\\\/radioljubuski.ba\\\/index.php\\\/2022\\\/03\\\/07\\\/scholz-europa-trenutno-ne-moze-bez-ruskog-plina-i-nafte\\\/#primaryimage\"},\"image\":{\"@id\":\"https:\\\/\\\/radioljubuski.ba\\\/index.php\\\/2022\\\/03\\\/07\\\/scholz-europa-trenutno-ne-moze-bez-ruskog-plina-i-nafte\\\/#primaryimage\"},\"thumbnailUrl\":\"https:\\\/\\\/radioljubuski.ba\\\/wp-content\\\/uploads\\\/2022\\\/02\\\/scholz.jpg\",\"datePublished\":\"2022-03-07T22:47:32+00:00\",\"dateModified\":\"2022-03-07T22:47:33+00:00\",\"breadcrumb\":{\"@id\":\"https:\\\/\\\/radioljubuski.ba\\\/index.php\\\/2022\\\/03\\\/07\\\/scholz-europa-trenutno-ne-moze-bez-ruskog-plina-i-nafte\\\/#breadcrumb\"},\"inLanguage\":\"hr\",\"potentialAction\":[{\"@type\":\"ReadAction\",\"target\":[\"https:\\\/\\\/radioljubuski.ba\\\/index.php\\\/2022\\\/03\\\/07\\\/scholz-europa-trenutno-ne-moze-bez-ruskog-plina-i-nafte\\\/\"]}]},{\"@type\":\"ImageObject\",\"inLanguage\":\"hr\",\"@id\":\"https:\\\/\\\/radioljubuski.ba\\\/index.php\\\/2022\\\/03\\\/07\\\/scholz-europa-trenutno-ne-moze-bez-ruskog-plina-i-nafte\\\/#primaryimage\",\"url\":\"https:\\\/\\\/radioljubuski.ba\\\/wp-content\\\/uploads\\\/2022\\\/02\\\/scholz.jpg\",\"contentUrl\":\"https:\\\/\\\/radioljubuski.ba\\\/wp-content\\\/uploads\\\/2022\\\/02\\\/scholz.jpg\",\"width\":1000,\"height\":625},{\"@type\":\"BreadcrumbList\",\"@id\":\"https:\\\/\\\/radioljubuski.ba\\\/index.php\\\/2022\\\/03\\\/07\\\/scholz-europa-trenutno-ne-moze-bez-ruskog-plina-i-nafte\\\/#breadcrumb\",\"itemListElement\":[{\"@type\":\"ListItem\",\"position\":1,\"name\":\"Po\u010detna stranica\",\"item\":\"https:\\\/\\\/radioljubuski.ba\\\/\"},{\"@type\":\"ListItem\",\"position\":2,\"name\":\"Scholz: Europa trenutno ne mo\u017ee bez ruskog plina i nafte\"}]},{\"@type\":\"WebSite\",\"@id\":\"https:\\\/\\\/radioljubuski.ba\\\/#website\",\"url\":\"https:\\\/\\\/radioljubuski.ba\\\/\",\"name\":\"Radio Ljubu\u0161ki\",\"description\":\"Sun\u010dana frekvencija Hercegovine\",\"publisher\":{\"@id\":\"https:\\\/\\\/radioljubuski.ba\\\/#organization\"},\"potentialAction\":[{\"@type\":\"SearchAction\",\"target\":{\"@type\":\"EntryPoint\",\"urlTemplate\":\"https:\\\/\\\/radioljubuski.ba\\\/?s={search_term_string}\"},\"query-input\":{\"@type\":\"PropertyValueSpecification\",\"valueRequired\":true,\"valueName\":\"search_term_string\"}}],\"inLanguage\":\"hr\"},{\"@type\":\"Organization\",\"@id\":\"https:\\\/\\\/radioljubuski.ba\\\/#organization\",\"name\":\"Radio Ljubu\u0161ki\",\"url\":\"https:\\\/\\\/radioljubuski.ba\\\/\",\"logo\":{\"@type\":\"ImageObject\",\"inLanguage\":\"hr\",\"@id\":\"https:\\\/\\\/radioljubuski.ba\\\/#\\\/schema\\\/logo\\\/image\\\/\",\"url\":\"https:\\\/\\\/radioljubuski.ba\\\/wp-content\\\/uploads\\\/2021\\\/02\\\/cropped-Radio_Ljubuski_logo1.jpg\",\"contentUrl\":\"https:\\\/\\\/radioljubuski.ba\\\/wp-content\\\/uploads\\\/2021\\\/02\\\/cropped-Radio_Ljubuski_logo1.jpg\",\"width\":512,\"height\":512,\"caption\":\"Radio Ljubu\u0161ki\"},\"image\":{\"@id\":\"https:\\\/\\\/radioljubuski.ba\\\/#\\\/schema\\\/logo\\\/image\\\/\"},\"sameAs\":[\"https:\\\/\\\/www.facebook.com\\\/Radiio-Ljubuski-1490835324566332\",\"https:\\\/\\\/x.com\\\/radioljubuski\",\"https:\\\/\\\/hr.linkedin.com\\\/company\\\/radio-ljubuski\",\"https:\\\/\\\/www.youtube.com\\\/channel\\\/UCHYaeO_n0Db3tjNGudGpXyw\"]},{\"@type\":\"Person\",\"@id\":\"https:\\\/\\\/radioljubuski.ba\\\/#\\\/schema\\\/person\\\/19fc700381a780f69665d7956c469e3b\",\"name\":\"Radio Ljubu\u0161ki\"}]}<\/script>\n<!-- \/ Yoast SEO plugin. -->","yoast_head_json":{"title":"Scholz: Europa trenutno ne mo\u017ee bez ruskog plina i nafte - RADIO LJUBU\u0160KI","robots":{"index":"index","follow":"follow","max-snippet":"max-snippet:-1","max-image-preview":"max-image-preview:large","max-video-preview":"max-video-preview:-1"},"canonical":"https:\/\/radioljubuski.ba\/index.php\/2022\/03\/07\/scholz-europa-trenutno-ne-moze-bez-ruskog-plina-i-nafte\/","og_locale":"hr_HR","og_type":"article","og_title":"Scholz: Europa trenutno ne mo\u017ee bez ruskog plina i nafte - RADIO LJUBU\u0160KI","og_description":"Uvoz energenata iz Rusije je klju\u010dan za svakodnevni \u017eivot europskih gra\u0111ana a opskrba kontinenta ne mo\u017ee biti osigurana na drugi na\u010din u ovom trenutku, rekao je u ponedjeljak njema\u010dki kancelar Olaf Scholz. Dok se u SAD-u i EU-u raspravlja o sankcijama na ruske energente, kao odgovor na invaziju Ukrajine, &#8220;opskrba Europe energijom za grijanje, kretanje, [&hellip;]","og_url":"https:\/\/radioljubuski.ba\/index.php\/2022\/03\/07\/scholz-europa-trenutno-ne-moze-bez-ruskog-plina-i-nafte\/","og_site_name":"RADIO LJUBU\u0160KI","article_publisher":"https:\/\/www.facebook.com\/Radiio-Ljubuski-1490835324566332","article_published_time":"2022-03-07T22:47:32+00:00","article_modified_time":"2022-03-07T22:47:33+00:00","og_image":[{"width":1000,"height":625,"url":"https:\/\/radioljubuski.ba\/wp-content\/uploads\/2022\/02\/scholz.jpg","type":"image\/jpeg"}],"author":"Radio Ljubu\u0161ki","twitter_card":"summary_large_image","twitter_creator":"@radioljubuski","twitter_site":"@radioljubuski","twitter_misc":{"Napisao\/la":"Radio Ljubu\u0161ki","Procijenjeno vrijeme \u010ditanja":"2 minute"},"schema":{"@context":"https:\/\/schema.org","@graph":[{"@type":"Article","@id":"https:\/\/radioljubuski.ba\/index.php\/2022\/03\/07\/scholz-europa-trenutno-ne-moze-bez-ruskog-plina-i-nafte\/#article","isPartOf":{"@id":"https:\/\/radioljubuski.ba\/index.php\/2022\/03\/07\/scholz-europa-trenutno-ne-moze-bez-ruskog-plina-i-nafte\/"},"author":{"name":"Radio Ljubu\u0161ki","@id":"https:\/\/radioljubuski.ba\/#\/schema\/person\/19fc700381a780f69665d7956c469e3b"},"headline":"Scholz: Europa trenutno ne mo\u017ee bez ruskog plina i nafte","datePublished":"2022-03-07T22:47:32+00:00","dateModified":"2022-03-07T22:47:33+00:00","mainEntityOfPage":{"@id":"https:\/\/radioljubuski.ba\/index.php\/2022\/03\/07\/scholz-europa-trenutno-ne-moze-bez-ruskog-plina-i-nafte\/"},"wordCount":406,"publisher":{"@id":"https:\/\/radioljubuski.ba\/#organization"},"image":{"@id":"https:\/\/radioljubuski.ba\/index.php\/2022\/03\/07\/scholz-europa-trenutno-ne-moze-bez-ruskog-plina-i-nafte\/#primaryimage"},"thumbnailUrl":"https:\/\/radioljubuski.ba\/wp-content\/uploads\/2022\/02\/scholz.jpg","articleSection":["BIH i regija"],"inLanguage":"hr"},{"@type":"WebPage","@id":"https:\/\/radioljubuski.ba\/index.php\/2022\/03\/07\/scholz-europa-trenutno-ne-moze-bez-ruskog-plina-i-nafte\/","url":"https:\/\/radioljubuski.ba\/index.php\/2022\/03\/07\/scholz-europa-trenutno-ne-moze-bez-ruskog-plina-i-nafte\/","name":"Scholz: Europa trenutno ne mo\u017ee bez ruskog plina i nafte - RADIO LJUBU\u0160KI","isPartOf":{"@id":"https:\/\/radioljubuski.ba\/#website"},"primaryImageOfPage":{"@id":"https:\/\/radioljubuski.ba\/index.php\/2022\/03\/07\/scholz-europa-trenutno-ne-moze-bez-ruskog-plina-i-nafte\/#primaryimage"},"image":{"@id":"https:\/\/radioljubuski.ba\/index.php\/2022\/03\/07\/scholz-europa-trenutno-ne-moze-bez-ruskog-plina-i-nafte\/#primaryimage"},"thumbnailUrl":"https:\/\/radioljubuski.ba\/wp-content\/uploads\/2022\/02\/scholz.jpg","datePublished":"2022-03-07T22:47:32+00:00","dateModified":"2022-03-07T22:47:33+00:00","breadcrumb":{"@id":"https:\/\/radioljubuski.ba\/index.php\/2022\/03\/07\/scholz-europa-trenutno-ne-moze-bez-ruskog-plina-i-nafte\/#breadcrumb"},"inLanguage":"hr","potentialAction":[{"@type":"ReadAction","target":["https:\/\/radioljubuski.ba\/index.php\/2022\/03\/07\/scholz-europa-trenutno-ne-moze-bez-ruskog-plina-i-nafte\/"]}]},{"@type":"ImageObject","inLanguage":"hr","@id":"https:\/\/radioljubuski.ba\/index.php\/2022\/03\/07\/scholz-europa-trenutno-ne-moze-bez-ruskog-plina-i-nafte\/#primaryimage","url":"https:\/\/radioljubuski.ba\/wp-content\/uploads\/2022\/02\/scholz.jpg","contentUrl":"https:\/\/radioljubuski.ba\/wp-content\/uploads\/2022\/02\/scholz.jpg","width":1000,"height":625},{"@type":"BreadcrumbList","@id":"https:\/\/radioljubuski.ba\/index.php\/2022\/03\/07\/scholz-europa-trenutno-ne-moze-bez-ruskog-plina-i-nafte\/#breadcrumb","itemListElement":[{"@type":"ListItem","position":1,"name":"Po\u010detna stranica","item":"https:\/\/radioljubuski.ba\/"},{"@type":"ListItem","position":2,"name":"Scholz: Europa trenutno ne mo\u017ee bez ruskog plina i nafte"}]},{"@type":"WebSite","@id":"https:\/\/radioljubuski.ba\/#website","url":"https:\/\/radioljubuski.ba\/","name":"Radio Ljubu\u0161ki","description":"Sun\u010dana frekvencija Hercegovine","publisher":{"@id":"https:\/\/radioljubuski.ba\/#organization"},"potentialAction":[{"@type":"SearchAction","target":{"@type":"EntryPoint","urlTemplate":"https:\/\/radioljubuski.ba\/?s={search_term_string}"},"query-input":{"@type":"PropertyValueSpecification","valueRequired":true,"valueName":"search_term_string"}}],"inLanguage":"hr"},{"@type":"Organization","@id":"https:\/\/radioljubuski.ba\/#organization","name":"Radio Ljubu\u0161ki","url":"https:\/\/radioljubuski.ba\/","logo":{"@type":"ImageObject","inLanguage":"hr","@id":"https:\/\/radioljubuski.ba\/#\/schema\/logo\/image\/","url":"https:\/\/radioljubuski.ba\/wp-content\/uploads\/2021\/02\/cropped-Radio_Ljubuski_logo1.jpg","contentUrl":"https:\/\/radioljubuski.ba\/wp-content\/uploads\/2021\/02\/cropped-Radio_Ljubuski_logo1.jpg","width":512,"height":512,"caption":"Radio Ljubu\u0161ki"},"image":{"@id":"https:\/\/radioljubuski.ba\/#\/schema\/logo\/image\/"},"sameAs":["https:\/\/www.facebook.com\/Radiio-Ljubuski-1490835324566332","https:\/\/x.com\/radioljubuski","https:\/\/hr.linkedin.com\/company\/radio-ljubuski","https:\/\/www.youtube.com\/channel\/UCHYaeO_n0Db3tjNGudGpXyw"]},{"@type":"Person","@id":"https:\/\/radioljubuski.ba\/#\/schema\/person\/19fc700381a780f69665d7956c469e3b","name":"Radio Ljubu\u0161ki"}]}},"_links":{"self":[{"href":"https:\/\/radioljubuski.ba\/index.php\/wp-json\/wp\/v2\/posts\/119044","targetHints":{"allow":["GET"]}}],"collection":[{"href":"https:\/\/radioljubuski.ba\/index.php\/wp-json\/wp\/v2\/posts"}],"about":[{"href":"https:\/\/radioljubuski.ba\/index.php\/wp-json\/wp\/v2\/types\/post"}],"author":[{"embeddable":true,"href":"https:\/\/radioljubuski.ba\/index.php\/wp-json\/wp\/v2\/users\/2"}],"replies":[{"embeddable":true,"href":"https:\/\/radioljubuski.ba\/index.php\/wp-json\/wp\/v2\/comments?post=119044"}],"version-history":[{"count":1,"href":"https:\/\/radioljubuski.ba\/index.php\/wp-json\/wp\/v2\/posts\/119044\/revisions"}],"predecessor-version":[{"id":119045,"href":"https:\/\/radioljubuski.ba\/index.php\/wp-json\/wp\/v2\/posts\/119044\/revisions\/119045"}],"wp:featuredmedia":[{"embeddable":true,"href":"https:\/\/radioljubuski.ba\/index.php\/wp-json\/wp\/v2\/media\/116140"}],"wp:attachment":[{"href":"https:\/\/radioljubuski.ba\/index.php\/wp-json\/wp\/v2\/media?parent=119044"}],"wp:term":[{"taxonomy":"category","embeddable":true,"href":"https:\/\/radioljubuski.ba\/index.php\/wp-json\/wp\/v2\/categories?post=119044"},{"taxonomy":"post_tag","embeddable":true,"href":"https:\/\/radioljubuski.ba\/index.php\/wp-json\/wp\/v2\/tags?post=119044"}],"curies":[{"name":"wp","href":"https:\/\/api.w.org\/{rel}","templated":true}]}}