{"id":119049,"date":"2022-03-07T23:50:14","date_gmt":"2022-03-07T22:50:14","guid":{"rendered":"https:\/\/radioljubuski.ba\/?p=119049"},"modified":"2022-03-07T23:50:15","modified_gmt":"2022-03-07T22:50:15","slug":"kancelar-nehammer-austrija-ce-ostati-neutralna","status":"publish","type":"post","link":"https:\/\/radioljubuski.ba\/index.php\/2022\/03\/07\/kancelar-nehammer-austrija-ce-ostati-neutralna\/","title":{"rendered":"Kancelar Nehammer: Austrija \u0107e ostati neutralna"},"content":{"rendered":"\n<p>Austrijski kancelar Karl Nehammer izjavio je u ponedjeljak da se namjerava zauzeti za to da njegova zemlja ostane neutralna u svjetlu rata i ruskog napada na Ukrajinu.<\/p>\n\n\n\n<p>&#8220;Austrija je bila neutralna, jest neutralna, a takva \u0107e i ostati&#8221;, kazao je Nehammer novinarima tijekom posjeta Kataru.<\/p>\n\n\n\n<p>Neutralnost je va\u017ena, istaknuo je austrijski kancelar, dodav\u0161i da pitanje austrijske neutralnosti smatra zatvorenim.<\/p>\n\n\n\n<p>Protive\u0107i se svemu onome \u0161to stoji iza rata u Ukrajini austrijski politi\u010dari i mediji po\u010deli su postavljati pitanje o tome treba li se zemlja pridru\u017eiti NATO-u.<\/p>\n\n\n\n<p>I Pamela Rendi-Wagner, predsjedateljica austrijske Socijaldemokratske stranke, druge najve\u0107e austrijske stranke nakon Nehammerove Austrijske narodne stranke, ve\u0107 je odbacila takav pravac aktivnosti.<\/p>\n\n\n\n<p>Umjesto toga ona se zalo\u017eila za u\u010dinkovitu vojsku i za bolju suradnju po pitanjima sigurnosti i vanjske politike u Europi.<\/p>\n\n\n\n<p>Izvor:pogled.ba<\/p>\n","protected":false},"excerpt":{"rendered":"<p>Austrijski kancelar Karl Nehammer izjavio je u ponedjeljak da se namjerava zauzeti za to da njegova zemlja ostane neutralna u svjetlu rata i ruskog napada na Ukrajinu. &#8220;Austrija je bila neutralna, jest neutralna, a takva \u0107e i ostati&#8221;, kazao je Nehammer novinarima tijekom posjeta Kataru. Neutralnost je va\u017ena, istaknuo je austrijski kancelar, dodav\u0161i da pitanje [&hellip;]<\/p>\n","protected":false},"author":2,"featured_media":119050,"comment_status":"closed","ping_status":"closed","sticky":false,"template":"","format":"standard","meta":{"h5ap_radio_sources":[],"footnotes":""},"categories":[1],"tags":[],"class_list":["post-119049","post","type-post","status-publish","format-standard","has-post-thumbnail","hentry","category-bihiregija"],"yoast_head":"<!-- This site is optimized with the Yoast SEO plugin v27.5 - https:\/\/yoast.com\/product\/yoast-seo-wordpress\/ -->\n<title>Kancelar Nehammer: Austrija \u0107e ostati neutralna - RADIO LJUBU\u0160KI<\/title>\n<meta name=\"robots\" content=\"index, follow, max-snippet:-1, max-image-preview:large, max-video-preview:-1\" \/>\n<link rel=\"canonical\" href=\"https:\/\/radioljubuski.ba\/index.php\/2022\/03\/07\/kancelar-nehammer-austrija-ce-ostati-neutralna\/\" \/>\n<meta property=\"og:locale\" content=\"hr_HR\" \/>\n<meta property=\"og:type\" content=\"article\" \/>\n<meta property=\"og:title\" content=\"Kancelar Nehammer: Austrija \u0107e ostati neutralna - RADIO LJUBU\u0160KI\" \/>\n<meta property=\"og:description\" content=\"Austrijski kancelar Karl Nehammer izjavio je u ponedjeljak da se namjerava zauzeti za to da njegova zemlja ostane neutralna u svjetlu rata i ruskog napada na Ukrajinu. &#8220;Austrija je bila neutralna, jest neutralna, a takva \u0107e i ostati&#8221;, kazao je Nehammer novinarima tijekom posjeta Kataru. Neutralnost je va\u017ena, istaknuo je austrijski kancelar, dodav\u0161i da pitanje [&hellip;]\" \/>\n<meta property=\"og:url\" content=\"https:\/\/radioljubuski.ba\/index.php\/2022\/03\/07\/kancelar-nehammer-austrija-ce-ostati-neutralna\/\" \/>\n<meta property=\"og:site_name\" content=\"RADIO LJUBU\u0160KI\" \/>\n<meta property=\"article:publisher\" content=\"https:\/\/www.facebook.com\/Radiio-Ljubuski-1490835324566332\" \/>\n<meta property=\"article:published_time\" content=\"2022-03-07T22:50:14+00:00\" \/>\n<meta property=\"article:modified_time\" content=\"2022-03-07T22:50:15+00:00\" \/>\n<meta property=\"og:image\" content=\"https:\/\/radioljubuski.ba\/wp-content\/uploads\/2022\/03\/8-2022-03-07-16-13-47-Karl-Nehammer.jpg\" \/>\n\t<meta property=\"og:image:width\" content=\"1000\" \/>\n\t<meta property=\"og:image:height\" content=\"625\" \/>\n\t<meta property=\"og:image:type\" content=\"image\/jpeg\" \/>\n<meta name=\"author\" content=\"Radio Ljubu\u0161ki\" \/>\n<meta name=\"twitter:card\" content=\"summary_large_image\" \/>\n<meta name=\"twitter:creator\" content=\"@radioljubuski\" \/>\n<meta name=\"twitter:site\" content=\"@radioljubuski\" \/>\n<meta name=\"twitter:label1\" content=\"Napisao\/la\" \/>\n\t<meta name=\"twitter:data1\" content=\"Radio Ljubu\u0161ki\" \/>\n\t<meta name=\"twitter:label2\" content=\"Procijenjeno vrijeme \u010ditanja\" \/>\n\t<meta name=\"twitter:data2\" content=\"1 minuta\" \/>\n<script type=\"application\/ld+json\" class=\"yoast-schema-graph\">{\"@context\":\"https:\\\/\\\/schema.org\",\"@graph\":[{\"@type\":\"Article\",\"@id\":\"https:\\\/\\\/radioljubuski.ba\\\/index.php\\\/2022\\\/03\\\/07\\\/kancelar-nehammer-austrija-ce-ostati-neutralna\\\/#article\",\"isPartOf\":{\"@id\":\"https:\\\/\\\/radioljubuski.ba\\\/index.php\\\/2022\\\/03\\\/07\\\/kancelar-nehammer-austrija-ce-ostati-neutralna\\\/\"},\"author\":{\"name\":\"Radio Ljubu\u0161ki\",\"@id\":\"https:\\\/\\\/radioljubuski.ba\\\/#\\\/schema\\\/person\\\/19fc700381a780f69665d7956c469e3b\"},\"headline\":\"Kancelar Nehammer: Austrija \u0107e ostati neutralna\",\"datePublished\":\"2022-03-07T22:50:14+00:00\",\"dateModified\":\"2022-03-07T22:50:15+00:00\",\"mainEntityOfPage\":{\"@id\":\"https:\\\/\\\/radioljubuski.ba\\\/index.php\\\/2022\\\/03\\\/07\\\/kancelar-nehammer-austrija-ce-ostati-neutralna\\\/\"},\"wordCount\":145,\"publisher\":{\"@id\":\"https:\\\/\\\/radioljubuski.ba\\\/#organization\"},\"image\":{\"@id\":\"https:\\\/\\\/radioljubuski.ba\\\/index.php\\\/2022\\\/03\\\/07\\\/kancelar-nehammer-austrija-ce-ostati-neutralna\\\/#primaryimage\"},\"thumbnailUrl\":\"https:\\\/\\\/radioljubuski.ba\\\/wp-content\\\/uploads\\\/2022\\\/03\\\/8-2022-03-07-16-13-47-Karl-Nehammer.jpg\",\"articleSection\":[\"BIH i regija\"],\"inLanguage\":\"hr\"},{\"@type\":\"WebPage\",\"@id\":\"https:\\\/\\\/radioljubuski.ba\\\/index.php\\\/2022\\\/03\\\/07\\\/kancelar-nehammer-austrija-ce-ostati-neutralna\\\/\",\"url\":\"https:\\\/\\\/radioljubuski.ba\\\/index.php\\\/2022\\\/03\\\/07\\\/kancelar-nehammer-austrija-ce-ostati-neutralna\\\/\",\"name\":\"Kancelar Nehammer: Austrija \u0107e ostati neutralna - RADIO LJUBU\u0160KI\",\"isPartOf\":{\"@id\":\"https:\\\/\\\/radioljubuski.ba\\\/#website\"},\"primaryImageOfPage\":{\"@id\":\"https:\\\/\\\/radioljubuski.ba\\\/index.php\\\/2022\\\/03\\\/07\\\/kancelar-nehammer-austrija-ce-ostati-neutralna\\\/#primaryimage\"},\"image\":{\"@id\":\"https:\\\/\\\/radioljubuski.ba\\\/index.php\\\/2022\\\/03\\\/07\\\/kancelar-nehammer-austrija-ce-ostati-neutralna\\\/#primaryimage\"},\"thumbnailUrl\":\"https:\\\/\\\/radioljubuski.ba\\\/wp-content\\\/uploads\\\/2022\\\/03\\\/8-2022-03-07-16-13-47-Karl-Nehammer.jpg\",\"datePublished\":\"2022-03-07T22:50:14+00:00\",\"dateModified\":\"2022-03-07T22:50:15+00:00\",\"breadcrumb\":{\"@id\":\"https:\\\/\\\/radioljubuski.ba\\\/index.php\\\/2022\\\/03\\\/07\\\/kancelar-nehammer-austrija-ce-ostati-neutralna\\\/#breadcrumb\"},\"inLanguage\":\"hr\",\"potentialAction\":[{\"@type\":\"ReadAction\",\"target\":[\"https:\\\/\\\/radioljubuski.ba\\\/index.php\\\/2022\\\/03\\\/07\\\/kancelar-nehammer-austrija-ce-ostati-neutralna\\\/\"]}]},{\"@type\":\"ImageObject\",\"inLanguage\":\"hr\",\"@id\":\"https:\\\/\\\/radioljubuski.ba\\\/index.php\\\/2022\\\/03\\\/07\\\/kancelar-nehammer-austrija-ce-ostati-neutralna\\\/#primaryimage\",\"url\":\"https:\\\/\\\/radioljubuski.ba\\\/wp-content\\\/uploads\\\/2022\\\/03\\\/8-2022-03-07-16-13-47-Karl-Nehammer.jpg\",\"contentUrl\":\"https:\\\/\\\/radioljubuski.ba\\\/wp-content\\\/uploads\\\/2022\\\/03\\\/8-2022-03-07-16-13-47-Karl-Nehammer.jpg\",\"width\":1000,\"height\":625},{\"@type\":\"BreadcrumbList\",\"@id\":\"https:\\\/\\\/radioljubuski.ba\\\/index.php\\\/2022\\\/03\\\/07\\\/kancelar-nehammer-austrija-ce-ostati-neutralna\\\/#breadcrumb\",\"itemListElement\":[{\"@type\":\"ListItem\",\"position\":1,\"name\":\"Po\u010detna stranica\",\"item\":\"https:\\\/\\\/radioljubuski.ba\\\/\"},{\"@type\":\"ListItem\",\"position\":2,\"name\":\"Kancelar Nehammer: Austrija \u0107e ostati neutralna\"}]},{\"@type\":\"WebSite\",\"@id\":\"https:\\\/\\\/radioljubuski.ba\\\/#website\",\"url\":\"https:\\\/\\\/radioljubuski.ba\\\/\",\"name\":\"Radio Ljubu\u0161ki\",\"description\":\"Sun\u010dana frekvencija Hercegovine\",\"publisher\":{\"@id\":\"https:\\\/\\\/radioljubuski.ba\\\/#organization\"},\"potentialAction\":[{\"@type\":\"SearchAction\",\"target\":{\"@type\":\"EntryPoint\",\"urlTemplate\":\"https:\\\/\\\/radioljubuski.ba\\\/?s={search_term_string}\"},\"query-input\":{\"@type\":\"PropertyValueSpecification\",\"valueRequired\":true,\"valueName\":\"search_term_string\"}}],\"inLanguage\":\"hr\"},{\"@type\":\"Organization\",\"@id\":\"https:\\\/\\\/radioljubuski.ba\\\/#organization\",\"name\":\"Radio Ljubu\u0161ki\",\"url\":\"https:\\\/\\\/radioljubuski.ba\\\/\",\"logo\":{\"@type\":\"ImageObject\",\"inLanguage\":\"hr\",\"@id\":\"https:\\\/\\\/radioljubuski.ba\\\/#\\\/schema\\\/logo\\\/image\\\/\",\"url\":\"https:\\\/\\\/radioljubuski.ba\\\/wp-content\\\/uploads\\\/2021\\\/02\\\/cropped-Radio_Ljubuski_logo1.jpg\",\"contentUrl\":\"https:\\\/\\\/radioljubuski.ba\\\/wp-content\\\/uploads\\\/2021\\\/02\\\/cropped-Radio_Ljubuski_logo1.jpg\",\"width\":512,\"height\":512,\"caption\":\"Radio Ljubu\u0161ki\"},\"image\":{\"@id\":\"https:\\\/\\\/radioljubuski.ba\\\/#\\\/schema\\\/logo\\\/image\\\/\"},\"sameAs\":[\"https:\\\/\\\/www.facebook.com\\\/Radiio-Ljubuski-1490835324566332\",\"https:\\\/\\\/x.com\\\/radioljubuski\",\"https:\\\/\\\/hr.linkedin.com\\\/company\\\/radio-ljubuski\",\"https:\\\/\\\/www.youtube.com\\\/channel\\\/UCHYaeO_n0Db3tjNGudGpXyw\"]},{\"@type\":\"Person\",\"@id\":\"https:\\\/\\\/radioljubuski.ba\\\/#\\\/schema\\\/person\\\/19fc700381a780f69665d7956c469e3b\",\"name\":\"Radio Ljubu\u0161ki\"}]}<\/script>\n<!-- \/ Yoast SEO plugin. -->","yoast_head_json":{"title":"Kancelar Nehammer: Austrija \u0107e ostati neutralna - RADIO LJUBU\u0160KI","robots":{"index":"index","follow":"follow","max-snippet":"max-snippet:-1","max-image-preview":"max-image-preview:large","max-video-preview":"max-video-preview:-1"},"canonical":"https:\/\/radioljubuski.ba\/index.php\/2022\/03\/07\/kancelar-nehammer-austrija-ce-ostati-neutralna\/","og_locale":"hr_HR","og_type":"article","og_title":"Kancelar Nehammer: Austrija \u0107e ostati neutralna - RADIO LJUBU\u0160KI","og_description":"Austrijski kancelar Karl Nehammer izjavio je u ponedjeljak da se namjerava zauzeti za to da njegova zemlja ostane neutralna u svjetlu rata i ruskog napada na Ukrajinu. &#8220;Austrija je bila neutralna, jest neutralna, a takva \u0107e i ostati&#8221;, kazao je Nehammer novinarima tijekom posjeta Kataru. Neutralnost je va\u017ena, istaknuo je austrijski kancelar, dodav\u0161i da pitanje [&hellip;]","og_url":"https:\/\/radioljubuski.ba\/index.php\/2022\/03\/07\/kancelar-nehammer-austrija-ce-ostati-neutralna\/","og_site_name":"RADIO LJUBU\u0160KI","article_publisher":"https:\/\/www.facebook.com\/Radiio-Ljubuski-1490835324566332","article_published_time":"2022-03-07T22:50:14+00:00","article_modified_time":"2022-03-07T22:50:15+00:00","og_image":[{"width":1000,"height":625,"url":"https:\/\/radioljubuski.ba\/wp-content\/uploads\/2022\/03\/8-2022-03-07-16-13-47-Karl-Nehammer.jpg","type":"image\/jpeg"}],"author":"Radio Ljubu\u0161ki","twitter_card":"summary_large_image","twitter_creator":"@radioljubuski","twitter_site":"@radioljubuski","twitter_misc":{"Napisao\/la":"Radio Ljubu\u0161ki","Procijenjeno vrijeme \u010ditanja":"1 minuta"},"schema":{"@context":"https:\/\/schema.org","@graph":[{"@type":"Article","@id":"https:\/\/radioljubuski.ba\/index.php\/2022\/03\/07\/kancelar-nehammer-austrija-ce-ostati-neutralna\/#article","isPartOf":{"@id":"https:\/\/radioljubuski.ba\/index.php\/2022\/03\/07\/kancelar-nehammer-austrija-ce-ostati-neutralna\/"},"author":{"name":"Radio Ljubu\u0161ki","@id":"https:\/\/radioljubuski.ba\/#\/schema\/person\/19fc700381a780f69665d7956c469e3b"},"headline":"Kancelar Nehammer: Austrija \u0107e ostati neutralna","datePublished":"2022-03-07T22:50:14+00:00","dateModified":"2022-03-07T22:50:15+00:00","mainEntityOfPage":{"@id":"https:\/\/radioljubuski.ba\/index.php\/2022\/03\/07\/kancelar-nehammer-austrija-ce-ostati-neutralna\/"},"wordCount":145,"publisher":{"@id":"https:\/\/radioljubuski.ba\/#organization"},"image":{"@id":"https:\/\/radioljubuski.ba\/index.php\/2022\/03\/07\/kancelar-nehammer-austrija-ce-ostati-neutralna\/#primaryimage"},"thumbnailUrl":"https:\/\/radioljubuski.ba\/wp-content\/uploads\/2022\/03\/8-2022-03-07-16-13-47-Karl-Nehammer.jpg","articleSection":["BIH i regija"],"inLanguage":"hr"},{"@type":"WebPage","@id":"https:\/\/radioljubuski.ba\/index.php\/2022\/03\/07\/kancelar-nehammer-austrija-ce-ostati-neutralna\/","url":"https:\/\/radioljubuski.ba\/index.php\/2022\/03\/07\/kancelar-nehammer-austrija-ce-ostati-neutralna\/","name":"Kancelar Nehammer: Austrija \u0107e ostati neutralna - RADIO LJUBU\u0160KI","isPartOf":{"@id":"https:\/\/radioljubuski.ba\/#website"},"primaryImageOfPage":{"@id":"https:\/\/radioljubuski.ba\/index.php\/2022\/03\/07\/kancelar-nehammer-austrija-ce-ostati-neutralna\/#primaryimage"},"image":{"@id":"https:\/\/radioljubuski.ba\/index.php\/2022\/03\/07\/kancelar-nehammer-austrija-ce-ostati-neutralna\/#primaryimage"},"thumbnailUrl":"https:\/\/radioljubuski.ba\/wp-content\/uploads\/2022\/03\/8-2022-03-07-16-13-47-Karl-Nehammer.jpg","datePublished":"2022-03-07T22:50:14+00:00","dateModified":"2022-03-07T22:50:15+00:00","breadcrumb":{"@id":"https:\/\/radioljubuski.ba\/index.php\/2022\/03\/07\/kancelar-nehammer-austrija-ce-ostati-neutralna\/#breadcrumb"},"inLanguage":"hr","potentialAction":[{"@type":"ReadAction","target":["https:\/\/radioljubuski.ba\/index.php\/2022\/03\/07\/kancelar-nehammer-austrija-ce-ostati-neutralna\/"]}]},{"@type":"ImageObject","inLanguage":"hr","@id":"https:\/\/radioljubuski.ba\/index.php\/2022\/03\/07\/kancelar-nehammer-austrija-ce-ostati-neutralna\/#primaryimage","url":"https:\/\/radioljubuski.ba\/wp-content\/uploads\/2022\/03\/8-2022-03-07-16-13-47-Karl-Nehammer.jpg","contentUrl":"https:\/\/radioljubuski.ba\/wp-content\/uploads\/2022\/03\/8-2022-03-07-16-13-47-Karl-Nehammer.jpg","width":1000,"height":625},{"@type":"BreadcrumbList","@id":"https:\/\/radioljubuski.ba\/index.php\/2022\/03\/07\/kancelar-nehammer-austrija-ce-ostati-neutralna\/#breadcrumb","itemListElement":[{"@type":"ListItem","position":1,"name":"Po\u010detna stranica","item":"https:\/\/radioljubuski.ba\/"},{"@type":"ListItem","position":2,"name":"Kancelar Nehammer: Austrija \u0107e ostati neutralna"}]},{"@type":"WebSite","@id":"https:\/\/radioljubuski.ba\/#website","url":"https:\/\/radioljubuski.ba\/","name":"Radio Ljubu\u0161ki","description":"Sun\u010dana frekvencija Hercegovine","publisher":{"@id":"https:\/\/radioljubuski.ba\/#organization"},"potentialAction":[{"@type":"SearchAction","target":{"@type":"EntryPoint","urlTemplate":"https:\/\/radioljubuski.ba\/?s={search_term_string}"},"query-input":{"@type":"PropertyValueSpecification","valueRequired":true,"valueName":"search_term_string"}}],"inLanguage":"hr"},{"@type":"Organization","@id":"https:\/\/radioljubuski.ba\/#organization","name":"Radio Ljubu\u0161ki","url":"https:\/\/radioljubuski.ba\/","logo":{"@type":"ImageObject","inLanguage":"hr","@id":"https:\/\/radioljubuski.ba\/#\/schema\/logo\/image\/","url":"https:\/\/radioljubuski.ba\/wp-content\/uploads\/2021\/02\/cropped-Radio_Ljubuski_logo1.jpg","contentUrl":"https:\/\/radioljubuski.ba\/wp-content\/uploads\/2021\/02\/cropped-Radio_Ljubuski_logo1.jpg","width":512,"height":512,"caption":"Radio Ljubu\u0161ki"},"image":{"@id":"https:\/\/radioljubuski.ba\/#\/schema\/logo\/image\/"},"sameAs":["https:\/\/www.facebook.com\/Radiio-Ljubuski-1490835324566332","https:\/\/x.com\/radioljubuski","https:\/\/hr.linkedin.com\/company\/radio-ljubuski","https:\/\/www.youtube.com\/channel\/UCHYaeO_n0Db3tjNGudGpXyw"]},{"@type":"Person","@id":"https:\/\/radioljubuski.ba\/#\/schema\/person\/19fc700381a780f69665d7956c469e3b","name":"Radio Ljubu\u0161ki"}]}},"_links":{"self":[{"href":"https:\/\/radioljubuski.ba\/index.php\/wp-json\/wp\/v2\/posts\/119049","targetHints":{"allow":["GET"]}}],"collection":[{"href":"https:\/\/radioljubuski.ba\/index.php\/wp-json\/wp\/v2\/posts"}],"about":[{"href":"https:\/\/radioljubuski.ba\/index.php\/wp-json\/wp\/v2\/types\/post"}],"author":[{"embeddable":true,"href":"https:\/\/radioljubuski.ba\/index.php\/wp-json\/wp\/v2\/users\/2"}],"replies":[{"embeddable":true,"href":"https:\/\/radioljubuski.ba\/index.php\/wp-json\/wp\/v2\/comments?post=119049"}],"version-history":[{"count":1,"href":"https:\/\/radioljubuski.ba\/index.php\/wp-json\/wp\/v2\/posts\/119049\/revisions"}],"predecessor-version":[{"id":119051,"href":"https:\/\/radioljubuski.ba\/index.php\/wp-json\/wp\/v2\/posts\/119049\/revisions\/119051"}],"wp:featuredmedia":[{"embeddable":true,"href":"https:\/\/radioljubuski.ba\/index.php\/wp-json\/wp\/v2\/media\/119050"}],"wp:attachment":[{"href":"https:\/\/radioljubuski.ba\/index.php\/wp-json\/wp\/v2\/media?parent=119049"}],"wp:term":[{"taxonomy":"category","embeddable":true,"href":"https:\/\/radioljubuski.ba\/index.php\/wp-json\/wp\/v2\/categories?post=119049"},{"taxonomy":"post_tag","embeddable":true,"href":"https:\/\/radioljubuski.ba\/index.php\/wp-json\/wp\/v2\/tags?post=119049"}],"curies":[{"name":"wp","href":"https:\/\/api.w.org\/{rel}","templated":true}]}}