{"id":119058,"date":"2022-03-07T23:54:19","date_gmt":"2022-03-07T22:54:19","guid":{"rendered":"https:\/\/radioljubuski.ba\/?p=119058"},"modified":"2022-03-07T23:54:20","modified_gmt":"2022-03-07T22:54:20","slug":"konferencija-zene-u-poslovnom-svijetu-u-utorak-u-mostaru","status":"publish","type":"post","link":"https:\/\/radioljubuski.ba\/index.php\/2022\/03\/07\/konferencija-zene-u-poslovnom-svijetu-u-utorak-u-mostaru\/","title":{"rendered":"Konferencija &#8216;\u017dene u poslovnom svijetu&#8217; u utorak u Mostaru"},"content":{"rendered":"\n<p>M.T. Abraham Grupa i Ve\u010dernji list BiH organiziraju konferenciju &#8220;\u017dene u poslovnom svijetu&#8221;, koja \u0107e se odr\u017eati u utorak, 8. o\u017eujka, u Aluminiju u Mostaru s po\u010detkom u 11 sati.<\/p>\n\n\n\n<p>O vlastitim uspjesima i izazovima s kojima se susre\u0107u na svom \u017eivotnom putu govorit \u0107e zamjenica direktora Aluminij Industrije Suzi Mikuli\u0107, zatim vode\u0107a regionalna partnerica za usluge revizije kompanije Deloitte BiH Sabina Softi\u0107, ravnateljica Zavoda za zapo\u0161ljavanje FBiH Helena Lon\u010dar, federalna ministrica okoli\u0161a i turizma Edita \u0110apo, direktorica Saveza op\u0107ina i gradova FBiH Vesna Travljanin i zamjenica glavnog urednika Ve\u010dernjeg lista BiH Valentina Rup\u010di\u0107.<\/p>\n\n\n\n<p>&#8220;Sutra, na Me\u0111unarodni dan \u017eena, odr\u017eat \u0107e se navedena konferencija, ne samo kao dan proslave nego kao poziv na istinski rodni paritet u BiH i \u0161ire, kako bi u dana\u0161njem svijetu i \u017eene i mu\u0161karci gradili bolje dru\u0161tvo. Osna\u017eiti \u017eene u BiH pri\u010dama uspje\u0161nih \u017eena bio je i motiv da konferencijom poka\u017eemo svo bogatstvo kojim raspola\u017ee BiH u raznim sferama dru\u0161tva i poslova&#8221;, priop\u0107ili su organizatori.<\/p>\n\n\n\n<p>Izvor:pogled.ba<\/p>\n","protected":false},"excerpt":{"rendered":"<p>M.T. Abraham Grupa i Ve\u010dernji list BiH organiziraju konferenciju &#8220;\u017dene u poslovnom svijetu&#8221;, koja \u0107e se odr\u017eati u utorak, 8. o\u017eujka, u Aluminiju u Mostaru s po\u010detkom u 11 sati. O vlastitim uspjesima i izazovima s kojima se susre\u0107u na svom \u017eivotnom putu govorit \u0107e zamjenica direktora Aluminij Industrije Suzi Mikuli\u0107, zatim vode\u0107a regionalna partnerica [&hellip;]<\/p>\n","protected":false},"author":2,"featured_media":119059,"comment_status":"closed","ping_status":"closed","sticky":false,"template":"","format":"standard","meta":{"h5ap_radio_sources":[],"footnotes":""},"categories":[1],"tags":[],"class_list":["post-119058","post","type-post","status-publish","format-standard","has-post-thumbnail","hentry","category-bihiregija"],"yoast_head":"<!-- This site is optimized with the Yoast SEO plugin v27.5 - https:\/\/yoast.com\/product\/yoast-seo-wordpress\/ -->\n<title>Konferencija &#039;\u017dene u poslovnom svijetu&#039; u utorak u Mostaru - RADIO LJUBU\u0160KI<\/title>\n<meta name=\"robots\" content=\"index, follow, max-snippet:-1, max-image-preview:large, max-video-preview:-1\" \/>\n<link rel=\"canonical\" href=\"https:\/\/radioljubuski.ba\/index.php\/2022\/03\/07\/konferencija-zene-u-poslovnom-svijetu-u-utorak-u-mostaru\/\" \/>\n<meta property=\"og:locale\" content=\"hr_HR\" \/>\n<meta property=\"og:type\" content=\"article\" \/>\n<meta property=\"og:title\" content=\"Konferencija &#039;\u017dene u poslovnom svijetu&#039; u utorak u Mostaru - RADIO LJUBU\u0160KI\" \/>\n<meta property=\"og:description\" content=\"M.T. Abraham Grupa i Ve\u010dernji list BiH organiziraju konferenciju &#8220;\u017dene u poslovnom svijetu&#8221;, koja \u0107e se odr\u017eati u utorak, 8. o\u017eujka, u Aluminiju u Mostaru s po\u010detkom u 11 sati. O vlastitim uspjesima i izazovima s kojima se susre\u0107u na svom \u017eivotnom putu govorit \u0107e zamjenica direktora Aluminij Industrije Suzi Mikuli\u0107, zatim vode\u0107a regionalna partnerica [&hellip;]\" \/>\n<meta property=\"og:url\" content=\"https:\/\/radioljubuski.ba\/index.php\/2022\/03\/07\/konferencija-zene-u-poslovnom-svijetu-u-utorak-u-mostaru\/\" \/>\n<meta property=\"og:site_name\" content=\"RADIO LJUBU\u0160KI\" \/>\n<meta property=\"article:publisher\" content=\"https:\/\/www.facebook.com\/Radiio-Ljubuski-1490835324566332\" \/>\n<meta property=\"article:published_time\" content=\"2022-03-07T22:54:19+00:00\" \/>\n<meta property=\"article:modified_time\" content=\"2022-03-07T22:54:20+00:00\" \/>\n<meta property=\"og:image\" content=\"https:\/\/radioljubuski.ba\/wp-content\/uploads\/2022\/03\/8-2022-01-15-16-01-28-posao.jpg\" \/>\n\t<meta property=\"og:image:width\" content=\"1000\" \/>\n\t<meta property=\"og:image:height\" content=\"625\" \/>\n\t<meta property=\"og:image:type\" content=\"image\/jpeg\" \/>\n<meta name=\"author\" content=\"Radio Ljubu\u0161ki\" \/>\n<meta name=\"twitter:card\" content=\"summary_large_image\" \/>\n<meta name=\"twitter:creator\" content=\"@radioljubuski\" \/>\n<meta name=\"twitter:site\" content=\"@radioljubuski\" \/>\n<meta name=\"twitter:label1\" content=\"Napisao\/la\" \/>\n\t<meta name=\"twitter:data1\" content=\"Radio Ljubu\u0161ki\" \/>\n\t<meta name=\"twitter:label2\" content=\"Procijenjeno vrijeme \u010ditanja\" \/>\n\t<meta name=\"twitter:data2\" content=\"1 minuta\" \/>\n<script type=\"application\/ld+json\" class=\"yoast-schema-graph\">{\"@context\":\"https:\\\/\\\/schema.org\",\"@graph\":[{\"@type\":\"Article\",\"@id\":\"https:\\\/\\\/radioljubuski.ba\\\/index.php\\\/2022\\\/03\\\/07\\\/konferencija-zene-u-poslovnom-svijetu-u-utorak-u-mostaru\\\/#article\",\"isPartOf\":{\"@id\":\"https:\\\/\\\/radioljubuski.ba\\\/index.php\\\/2022\\\/03\\\/07\\\/konferencija-zene-u-poslovnom-svijetu-u-utorak-u-mostaru\\\/\"},\"author\":{\"name\":\"Radio Ljubu\u0161ki\",\"@id\":\"https:\\\/\\\/radioljubuski.ba\\\/#\\\/schema\\\/person\\\/19fc700381a780f69665d7956c469e3b\"},\"headline\":\"Konferencija &#8216;\u017dene u poslovnom svijetu&#8217; u utorak u Mostaru\",\"datePublished\":\"2022-03-07T22:54:19+00:00\",\"dateModified\":\"2022-03-07T22:54:20+00:00\",\"mainEntityOfPage\":{\"@id\":\"https:\\\/\\\/radioljubuski.ba\\\/index.php\\\/2022\\\/03\\\/07\\\/konferencija-zene-u-poslovnom-svijetu-u-utorak-u-mostaru\\\/\"},\"wordCount\":195,\"publisher\":{\"@id\":\"https:\\\/\\\/radioljubuski.ba\\\/#organization\"},\"image\":{\"@id\":\"https:\\\/\\\/radioljubuski.ba\\\/index.php\\\/2022\\\/03\\\/07\\\/konferencija-zene-u-poslovnom-svijetu-u-utorak-u-mostaru\\\/#primaryimage\"},\"thumbnailUrl\":\"https:\\\/\\\/radioljubuski.ba\\\/wp-content\\\/uploads\\\/2022\\\/03\\\/8-2022-01-15-16-01-28-posao.jpg\",\"articleSection\":[\"BIH i regija\"],\"inLanguage\":\"hr\"},{\"@type\":\"WebPage\",\"@id\":\"https:\\\/\\\/radioljubuski.ba\\\/index.php\\\/2022\\\/03\\\/07\\\/konferencija-zene-u-poslovnom-svijetu-u-utorak-u-mostaru\\\/\",\"url\":\"https:\\\/\\\/radioljubuski.ba\\\/index.php\\\/2022\\\/03\\\/07\\\/konferencija-zene-u-poslovnom-svijetu-u-utorak-u-mostaru\\\/\",\"name\":\"Konferencija '\u017dene u poslovnom svijetu' u utorak u Mostaru - RADIO LJUBU\u0160KI\",\"isPartOf\":{\"@id\":\"https:\\\/\\\/radioljubuski.ba\\\/#website\"},\"primaryImageOfPage\":{\"@id\":\"https:\\\/\\\/radioljubuski.ba\\\/index.php\\\/2022\\\/03\\\/07\\\/konferencija-zene-u-poslovnom-svijetu-u-utorak-u-mostaru\\\/#primaryimage\"},\"image\":{\"@id\":\"https:\\\/\\\/radioljubuski.ba\\\/index.php\\\/2022\\\/03\\\/07\\\/konferencija-zene-u-poslovnom-svijetu-u-utorak-u-mostaru\\\/#primaryimage\"},\"thumbnailUrl\":\"https:\\\/\\\/radioljubuski.ba\\\/wp-content\\\/uploads\\\/2022\\\/03\\\/8-2022-01-15-16-01-28-posao.jpg\",\"datePublished\":\"2022-03-07T22:54:19+00:00\",\"dateModified\":\"2022-03-07T22:54:20+00:00\",\"breadcrumb\":{\"@id\":\"https:\\\/\\\/radioljubuski.ba\\\/index.php\\\/2022\\\/03\\\/07\\\/konferencija-zene-u-poslovnom-svijetu-u-utorak-u-mostaru\\\/#breadcrumb\"},\"inLanguage\":\"hr\",\"potentialAction\":[{\"@type\":\"ReadAction\",\"target\":[\"https:\\\/\\\/radioljubuski.ba\\\/index.php\\\/2022\\\/03\\\/07\\\/konferencija-zene-u-poslovnom-svijetu-u-utorak-u-mostaru\\\/\"]}]},{\"@type\":\"ImageObject\",\"inLanguage\":\"hr\",\"@id\":\"https:\\\/\\\/radioljubuski.ba\\\/index.php\\\/2022\\\/03\\\/07\\\/konferencija-zene-u-poslovnom-svijetu-u-utorak-u-mostaru\\\/#primaryimage\",\"url\":\"https:\\\/\\\/radioljubuski.ba\\\/wp-content\\\/uploads\\\/2022\\\/03\\\/8-2022-01-15-16-01-28-posao.jpg\",\"contentUrl\":\"https:\\\/\\\/radioljubuski.ba\\\/wp-content\\\/uploads\\\/2022\\\/03\\\/8-2022-01-15-16-01-28-posao.jpg\",\"width\":1000,\"height\":625},{\"@type\":\"BreadcrumbList\",\"@id\":\"https:\\\/\\\/radioljubuski.ba\\\/index.php\\\/2022\\\/03\\\/07\\\/konferencija-zene-u-poslovnom-svijetu-u-utorak-u-mostaru\\\/#breadcrumb\",\"itemListElement\":[{\"@type\":\"ListItem\",\"position\":1,\"name\":\"Po\u010detna stranica\",\"item\":\"https:\\\/\\\/radioljubuski.ba\\\/\"},{\"@type\":\"ListItem\",\"position\":2,\"name\":\"Konferencija &#8216;\u017dene u poslovnom svijetu&#8217; u utorak u Mostaru\"}]},{\"@type\":\"WebSite\",\"@id\":\"https:\\\/\\\/radioljubuski.ba\\\/#website\",\"url\":\"https:\\\/\\\/radioljubuski.ba\\\/\",\"name\":\"Radio Ljubu\u0161ki\",\"description\":\"Sun\u010dana frekvencija Hercegovine\",\"publisher\":{\"@id\":\"https:\\\/\\\/radioljubuski.ba\\\/#organization\"},\"potentialAction\":[{\"@type\":\"SearchAction\",\"target\":{\"@type\":\"EntryPoint\",\"urlTemplate\":\"https:\\\/\\\/radioljubuski.ba\\\/?s={search_term_string}\"},\"query-input\":{\"@type\":\"PropertyValueSpecification\",\"valueRequired\":true,\"valueName\":\"search_term_string\"}}],\"inLanguage\":\"hr\"},{\"@type\":\"Organization\",\"@id\":\"https:\\\/\\\/radioljubuski.ba\\\/#organization\",\"name\":\"Radio Ljubu\u0161ki\",\"url\":\"https:\\\/\\\/radioljubuski.ba\\\/\",\"logo\":{\"@type\":\"ImageObject\",\"inLanguage\":\"hr\",\"@id\":\"https:\\\/\\\/radioljubuski.ba\\\/#\\\/schema\\\/logo\\\/image\\\/\",\"url\":\"https:\\\/\\\/radioljubuski.ba\\\/wp-content\\\/uploads\\\/2021\\\/02\\\/cropped-Radio_Ljubuski_logo1.jpg\",\"contentUrl\":\"https:\\\/\\\/radioljubuski.ba\\\/wp-content\\\/uploads\\\/2021\\\/02\\\/cropped-Radio_Ljubuski_logo1.jpg\",\"width\":512,\"height\":512,\"caption\":\"Radio Ljubu\u0161ki\"},\"image\":{\"@id\":\"https:\\\/\\\/radioljubuski.ba\\\/#\\\/schema\\\/logo\\\/image\\\/\"},\"sameAs\":[\"https:\\\/\\\/www.facebook.com\\\/Radiio-Ljubuski-1490835324566332\",\"https:\\\/\\\/x.com\\\/radioljubuski\",\"https:\\\/\\\/hr.linkedin.com\\\/company\\\/radio-ljubuski\",\"https:\\\/\\\/www.youtube.com\\\/channel\\\/UCHYaeO_n0Db3tjNGudGpXyw\"]},{\"@type\":\"Person\",\"@id\":\"https:\\\/\\\/radioljubuski.ba\\\/#\\\/schema\\\/person\\\/19fc700381a780f69665d7956c469e3b\",\"name\":\"Radio Ljubu\u0161ki\"}]}<\/script>\n<!-- \/ Yoast SEO plugin. -->","yoast_head_json":{"title":"Konferencija '\u017dene u poslovnom svijetu' u utorak u Mostaru - RADIO LJUBU\u0160KI","robots":{"index":"index","follow":"follow","max-snippet":"max-snippet:-1","max-image-preview":"max-image-preview:large","max-video-preview":"max-video-preview:-1"},"canonical":"https:\/\/radioljubuski.ba\/index.php\/2022\/03\/07\/konferencija-zene-u-poslovnom-svijetu-u-utorak-u-mostaru\/","og_locale":"hr_HR","og_type":"article","og_title":"Konferencija '\u017dene u poslovnom svijetu' u utorak u Mostaru - RADIO LJUBU\u0160KI","og_description":"M.T. Abraham Grupa i Ve\u010dernji list BiH organiziraju konferenciju &#8220;\u017dene u poslovnom svijetu&#8221;, koja \u0107e se odr\u017eati u utorak, 8. o\u017eujka, u Aluminiju u Mostaru s po\u010detkom u 11 sati. O vlastitim uspjesima i izazovima s kojima se susre\u0107u na svom \u017eivotnom putu govorit \u0107e zamjenica direktora Aluminij Industrije Suzi Mikuli\u0107, zatim vode\u0107a regionalna partnerica [&hellip;]","og_url":"https:\/\/radioljubuski.ba\/index.php\/2022\/03\/07\/konferencija-zene-u-poslovnom-svijetu-u-utorak-u-mostaru\/","og_site_name":"RADIO LJUBU\u0160KI","article_publisher":"https:\/\/www.facebook.com\/Radiio-Ljubuski-1490835324566332","article_published_time":"2022-03-07T22:54:19+00:00","article_modified_time":"2022-03-07T22:54:20+00:00","og_image":[{"width":1000,"height":625,"url":"https:\/\/radioljubuski.ba\/wp-content\/uploads\/2022\/03\/8-2022-01-15-16-01-28-posao.jpg","type":"image\/jpeg"}],"author":"Radio Ljubu\u0161ki","twitter_card":"summary_large_image","twitter_creator":"@radioljubuski","twitter_site":"@radioljubuski","twitter_misc":{"Napisao\/la":"Radio Ljubu\u0161ki","Procijenjeno vrijeme \u010ditanja":"1 minuta"},"schema":{"@context":"https:\/\/schema.org","@graph":[{"@type":"Article","@id":"https:\/\/radioljubuski.ba\/index.php\/2022\/03\/07\/konferencija-zene-u-poslovnom-svijetu-u-utorak-u-mostaru\/#article","isPartOf":{"@id":"https:\/\/radioljubuski.ba\/index.php\/2022\/03\/07\/konferencija-zene-u-poslovnom-svijetu-u-utorak-u-mostaru\/"},"author":{"name":"Radio Ljubu\u0161ki","@id":"https:\/\/radioljubuski.ba\/#\/schema\/person\/19fc700381a780f69665d7956c469e3b"},"headline":"Konferencija &#8216;\u017dene u poslovnom svijetu&#8217; u utorak u Mostaru","datePublished":"2022-03-07T22:54:19+00:00","dateModified":"2022-03-07T22:54:20+00:00","mainEntityOfPage":{"@id":"https:\/\/radioljubuski.ba\/index.php\/2022\/03\/07\/konferencija-zene-u-poslovnom-svijetu-u-utorak-u-mostaru\/"},"wordCount":195,"publisher":{"@id":"https:\/\/radioljubuski.ba\/#organization"},"image":{"@id":"https:\/\/radioljubuski.ba\/index.php\/2022\/03\/07\/konferencija-zene-u-poslovnom-svijetu-u-utorak-u-mostaru\/#primaryimage"},"thumbnailUrl":"https:\/\/radioljubuski.ba\/wp-content\/uploads\/2022\/03\/8-2022-01-15-16-01-28-posao.jpg","articleSection":["BIH i regija"],"inLanguage":"hr"},{"@type":"WebPage","@id":"https:\/\/radioljubuski.ba\/index.php\/2022\/03\/07\/konferencija-zene-u-poslovnom-svijetu-u-utorak-u-mostaru\/","url":"https:\/\/radioljubuski.ba\/index.php\/2022\/03\/07\/konferencija-zene-u-poslovnom-svijetu-u-utorak-u-mostaru\/","name":"Konferencija '\u017dene u poslovnom svijetu' u utorak u Mostaru - RADIO LJUBU\u0160KI","isPartOf":{"@id":"https:\/\/radioljubuski.ba\/#website"},"primaryImageOfPage":{"@id":"https:\/\/radioljubuski.ba\/index.php\/2022\/03\/07\/konferencija-zene-u-poslovnom-svijetu-u-utorak-u-mostaru\/#primaryimage"},"image":{"@id":"https:\/\/radioljubuski.ba\/index.php\/2022\/03\/07\/konferencija-zene-u-poslovnom-svijetu-u-utorak-u-mostaru\/#primaryimage"},"thumbnailUrl":"https:\/\/radioljubuski.ba\/wp-content\/uploads\/2022\/03\/8-2022-01-15-16-01-28-posao.jpg","datePublished":"2022-03-07T22:54:19+00:00","dateModified":"2022-03-07T22:54:20+00:00","breadcrumb":{"@id":"https:\/\/radioljubuski.ba\/index.php\/2022\/03\/07\/konferencija-zene-u-poslovnom-svijetu-u-utorak-u-mostaru\/#breadcrumb"},"inLanguage":"hr","potentialAction":[{"@type":"ReadAction","target":["https:\/\/radioljubuski.ba\/index.php\/2022\/03\/07\/konferencija-zene-u-poslovnom-svijetu-u-utorak-u-mostaru\/"]}]},{"@type":"ImageObject","inLanguage":"hr","@id":"https:\/\/radioljubuski.ba\/index.php\/2022\/03\/07\/konferencija-zene-u-poslovnom-svijetu-u-utorak-u-mostaru\/#primaryimage","url":"https:\/\/radioljubuski.ba\/wp-content\/uploads\/2022\/03\/8-2022-01-15-16-01-28-posao.jpg","contentUrl":"https:\/\/radioljubuski.ba\/wp-content\/uploads\/2022\/03\/8-2022-01-15-16-01-28-posao.jpg","width":1000,"height":625},{"@type":"BreadcrumbList","@id":"https:\/\/radioljubuski.ba\/index.php\/2022\/03\/07\/konferencija-zene-u-poslovnom-svijetu-u-utorak-u-mostaru\/#breadcrumb","itemListElement":[{"@type":"ListItem","position":1,"name":"Po\u010detna stranica","item":"https:\/\/radioljubuski.ba\/"},{"@type":"ListItem","position":2,"name":"Konferencija &#8216;\u017dene u poslovnom svijetu&#8217; u utorak u Mostaru"}]},{"@type":"WebSite","@id":"https:\/\/radioljubuski.ba\/#website","url":"https:\/\/radioljubuski.ba\/","name":"Radio Ljubu\u0161ki","description":"Sun\u010dana frekvencija Hercegovine","publisher":{"@id":"https:\/\/radioljubuski.ba\/#organization"},"potentialAction":[{"@type":"SearchAction","target":{"@type":"EntryPoint","urlTemplate":"https:\/\/radioljubuski.ba\/?s={search_term_string}"},"query-input":{"@type":"PropertyValueSpecification","valueRequired":true,"valueName":"search_term_string"}}],"inLanguage":"hr"},{"@type":"Organization","@id":"https:\/\/radioljubuski.ba\/#organization","name":"Radio Ljubu\u0161ki","url":"https:\/\/radioljubuski.ba\/","logo":{"@type":"ImageObject","inLanguage":"hr","@id":"https:\/\/radioljubuski.ba\/#\/schema\/logo\/image\/","url":"https:\/\/radioljubuski.ba\/wp-content\/uploads\/2021\/02\/cropped-Radio_Ljubuski_logo1.jpg","contentUrl":"https:\/\/radioljubuski.ba\/wp-content\/uploads\/2021\/02\/cropped-Radio_Ljubuski_logo1.jpg","width":512,"height":512,"caption":"Radio Ljubu\u0161ki"},"image":{"@id":"https:\/\/radioljubuski.ba\/#\/schema\/logo\/image\/"},"sameAs":["https:\/\/www.facebook.com\/Radiio-Ljubuski-1490835324566332","https:\/\/x.com\/radioljubuski","https:\/\/hr.linkedin.com\/company\/radio-ljubuski","https:\/\/www.youtube.com\/channel\/UCHYaeO_n0Db3tjNGudGpXyw"]},{"@type":"Person","@id":"https:\/\/radioljubuski.ba\/#\/schema\/person\/19fc700381a780f69665d7956c469e3b","name":"Radio Ljubu\u0161ki"}]}},"_links":{"self":[{"href":"https:\/\/radioljubuski.ba\/index.php\/wp-json\/wp\/v2\/posts\/119058","targetHints":{"allow":["GET"]}}],"collection":[{"href":"https:\/\/radioljubuski.ba\/index.php\/wp-json\/wp\/v2\/posts"}],"about":[{"href":"https:\/\/radioljubuski.ba\/index.php\/wp-json\/wp\/v2\/types\/post"}],"author":[{"embeddable":true,"href":"https:\/\/radioljubuski.ba\/index.php\/wp-json\/wp\/v2\/users\/2"}],"replies":[{"embeddable":true,"href":"https:\/\/radioljubuski.ba\/index.php\/wp-json\/wp\/v2\/comments?post=119058"}],"version-history":[{"count":1,"href":"https:\/\/radioljubuski.ba\/index.php\/wp-json\/wp\/v2\/posts\/119058\/revisions"}],"predecessor-version":[{"id":119060,"href":"https:\/\/radioljubuski.ba\/index.php\/wp-json\/wp\/v2\/posts\/119058\/revisions\/119060"}],"wp:featuredmedia":[{"embeddable":true,"href":"https:\/\/radioljubuski.ba\/index.php\/wp-json\/wp\/v2\/media\/119059"}],"wp:attachment":[{"href":"https:\/\/radioljubuski.ba\/index.php\/wp-json\/wp\/v2\/media?parent=119058"}],"wp:term":[{"taxonomy":"category","embeddable":true,"href":"https:\/\/radioljubuski.ba\/index.php\/wp-json\/wp\/v2\/categories?post=119058"},{"taxonomy":"post_tag","embeddable":true,"href":"https:\/\/radioljubuski.ba\/index.php\/wp-json\/wp\/v2\/tags?post=119058"}],"curies":[{"name":"wp","href":"https:\/\/api.w.org\/{rel}","templated":true}]}}