{"id":119061,"date":"2022-03-07T23:55:16","date_gmt":"2022-03-07T22:55:16","guid":{"rendered":"https:\/\/radioljubuski.ba\/?p=119061"},"modified":"2022-03-07T23:55:16","modified_gmt":"2022-03-07T22:55:16","slug":"na-lokacijama-grada-mostara-u-ponedjeljak-poceo-ulicni-bazar","status":"publish","type":"post","link":"https:\/\/radioljubuski.ba\/index.php\/2022\/03\/07\/na-lokacijama-grada-mostara-u-ponedjeljak-poceo-ulicni-bazar\/","title":{"rendered":"Na lokacijama grada Mostara u ponedjeljak po\u010deo &#8216;Uli\u010dni bazar&#8217;"},"content":{"rendered":"\n<p>Novi projekt &#8220;Uli\u010dni bazar&#8221;, kojeg je pokrenuo Grad Mostar u suradnji s poduze\u0107em Tr\u017enice &#8211; pijace d.o.o., u ponedjeljak je za\u017eivio na tri mostarske lokacije, a to su \u0160panjolski trg, Feji\u0107eva ulica i Rondo.<\/p>\n\n\n\n<p>Dok su \u0161tandovi zasjali prepuni cvije\u0107a, rukotvorina, slika, doma\u0107ih proizvoda i nakita, u pozadini su prolaznike zabavljali svira\u010di koji su poznatim notama okupirali pozornost gra\u0111ana Mostara, a me\u0111u njima su Amar Turkovi\u0107, Anita \u0160unji\u0107 i Fe\u0111a Ibrulj, priop\u0107eno je iz Grada Mostara.<\/p>\n\n\n\n<p>Nastavak bazara je sutra na istim lokacijama.<\/p>\n\n\n\n<p>Tako\u0111er, u utorak \u0107e biti organizirana i &#8220;Poezija u podne&#8221;, manifestacija koja je nastala u suradnji Inicijative gra\u0111anki Mostar sa Zakladom Friedrich Ebert Stiftung BiH i Gradom Mostarom.<\/p>\n\n\n\n<p>&#8220;Poezija u podne&#8221; odr\u017eat \u0107e se na \u0161etnici, kod zgrade Gimnazije i \u0160panjolskog trga, a poeziju \u0107e govoriti glumci Narodnog pozori\u0161ta Mostar i Hrvatskog kazali\u0161ta Mostar.<\/p>\n\n\n\n<p>Pjesme \u0107e izvesti polaznica Mostar Rock Schoola.<\/p>\n\n\n\n<p>Izvor:pogled.ba<\/p>\n","protected":false},"excerpt":{"rendered":"<p>Novi projekt &#8220;Uli\u010dni bazar&#8221;, kojeg je pokrenuo Grad Mostar u suradnji s poduze\u0107em Tr\u017enice &#8211; pijace d.o.o., u ponedjeljak je za\u017eivio na tri mostarske lokacije, a to su \u0160panjolski trg, Feji\u0107eva ulica i Rondo. Dok su \u0161tandovi zasjali prepuni cvije\u0107a, rukotvorina, slika, doma\u0107ih proizvoda i nakita, u pozadini su prolaznike zabavljali svira\u010di koji su poznatim [&hellip;]<\/p>\n","protected":false},"author":2,"featured_media":119062,"comment_status":"closed","ping_status":"closed","sticky":false,"template":"","format":"standard","meta":{"h5ap_radio_sources":[],"footnotes":""},"categories":[1],"tags":[],"class_list":["post-119061","post","type-post","status-publish","format-standard","has-post-thumbnail","hentry","category-bihiregija"],"yoast_head":"<!-- This site is optimized with the Yoast SEO plugin v27.5 - https:\/\/yoast.com\/product\/yoast-seo-wordpress\/ -->\n<title>Na lokacijama grada Mostara u ponedjeljak po\u010deo &#039;Uli\u010dni bazar&#039; - RADIO LJUBU\u0160KI<\/title>\n<meta name=\"robots\" content=\"index, follow, max-snippet:-1, max-image-preview:large, max-video-preview:-1\" \/>\n<link rel=\"canonical\" href=\"https:\/\/radioljubuski.ba\/index.php\/2022\/03\/07\/na-lokacijama-grada-mostara-u-ponedjeljak-poceo-ulicni-bazar\/\" \/>\n<meta property=\"og:locale\" content=\"hr_HR\" \/>\n<meta property=\"og:type\" content=\"article\" \/>\n<meta property=\"og:title\" content=\"Na lokacijama grada Mostara u ponedjeljak po\u010deo &#039;Uli\u010dni bazar&#039; - RADIO LJUBU\u0160KI\" \/>\n<meta property=\"og:description\" content=\"Novi projekt &#8220;Uli\u010dni bazar&#8221;, kojeg je pokrenuo Grad Mostar u suradnji s poduze\u0107em Tr\u017enice &#8211; pijace d.o.o., u ponedjeljak je za\u017eivio na tri mostarske lokacije, a to su \u0160panjolski trg, Feji\u0107eva ulica i Rondo. Dok su \u0161tandovi zasjali prepuni cvije\u0107a, rukotvorina, slika, doma\u0107ih proizvoda i nakita, u pozadini su prolaznike zabavljali svira\u010di koji su poznatim [&hellip;]\" \/>\n<meta property=\"og:url\" content=\"https:\/\/radioljubuski.ba\/index.php\/2022\/03\/07\/na-lokacijama-grada-mostara-u-ponedjeljak-poceo-ulicni-bazar\/\" \/>\n<meta property=\"og:site_name\" content=\"RADIO LJUBU\u0160KI\" \/>\n<meta property=\"article:publisher\" content=\"https:\/\/www.facebook.com\/Radiio-Ljubuski-1490835324566332\" \/>\n<meta property=\"article:published_time\" content=\"2022-03-07T22:55:16+00:00\" \/>\n<meta property=\"og:image\" content=\"https:\/\/radioljubuski.ba\/wp-content\/uploads\/2022\/03\/8-2022-03-07-16-42-19-ULICNI-BAZAR.jpg\" \/>\n\t<meta property=\"og:image:width\" content=\"1000\" \/>\n\t<meta property=\"og:image:height\" content=\"625\" \/>\n\t<meta property=\"og:image:type\" content=\"image\/jpeg\" \/>\n<meta name=\"author\" content=\"Radio Ljubu\u0161ki\" \/>\n<meta name=\"twitter:card\" content=\"summary_large_image\" \/>\n<meta name=\"twitter:creator\" content=\"@radioljubuski\" \/>\n<meta name=\"twitter:site\" content=\"@radioljubuski\" \/>\n<meta name=\"twitter:label1\" content=\"Napisao\/la\" \/>\n\t<meta name=\"twitter:data1\" content=\"Radio Ljubu\u0161ki\" \/>\n\t<meta name=\"twitter:label2\" content=\"Procijenjeno vrijeme \u010ditanja\" \/>\n\t<meta name=\"twitter:data2\" content=\"1 minuta\" \/>\n<script type=\"application\/ld+json\" class=\"yoast-schema-graph\">{\"@context\":\"https:\\\/\\\/schema.org\",\"@graph\":[{\"@type\":\"Article\",\"@id\":\"https:\\\/\\\/radioljubuski.ba\\\/index.php\\\/2022\\\/03\\\/07\\\/na-lokacijama-grada-mostara-u-ponedjeljak-poceo-ulicni-bazar\\\/#article\",\"isPartOf\":{\"@id\":\"https:\\\/\\\/radioljubuski.ba\\\/index.php\\\/2022\\\/03\\\/07\\\/na-lokacijama-grada-mostara-u-ponedjeljak-poceo-ulicni-bazar\\\/\"},\"author\":{\"name\":\"Radio Ljubu\u0161ki\",\"@id\":\"https:\\\/\\\/radioljubuski.ba\\\/#\\\/schema\\\/person\\\/19fc700381a780f69665d7956c469e3b\"},\"headline\":\"Na lokacijama grada Mostara u ponedjeljak po\u010deo &#8216;Uli\u010dni bazar&#8217;\",\"datePublished\":\"2022-03-07T22:55:16+00:00\",\"mainEntityOfPage\":{\"@id\":\"https:\\\/\\\/radioljubuski.ba\\\/index.php\\\/2022\\\/03\\\/07\\\/na-lokacijama-grada-mostara-u-ponedjeljak-poceo-ulicni-bazar\\\/\"},\"wordCount\":177,\"publisher\":{\"@id\":\"https:\\\/\\\/radioljubuski.ba\\\/#organization\"},\"image\":{\"@id\":\"https:\\\/\\\/radioljubuski.ba\\\/index.php\\\/2022\\\/03\\\/07\\\/na-lokacijama-grada-mostara-u-ponedjeljak-poceo-ulicni-bazar\\\/#primaryimage\"},\"thumbnailUrl\":\"https:\\\/\\\/radioljubuski.ba\\\/wp-content\\\/uploads\\\/2022\\\/03\\\/8-2022-03-07-16-42-19-ULICNI-BAZAR.jpg\",\"articleSection\":[\"BIH i regija\"],\"inLanguage\":\"hr\"},{\"@type\":\"WebPage\",\"@id\":\"https:\\\/\\\/radioljubuski.ba\\\/index.php\\\/2022\\\/03\\\/07\\\/na-lokacijama-grada-mostara-u-ponedjeljak-poceo-ulicni-bazar\\\/\",\"url\":\"https:\\\/\\\/radioljubuski.ba\\\/index.php\\\/2022\\\/03\\\/07\\\/na-lokacijama-grada-mostara-u-ponedjeljak-poceo-ulicni-bazar\\\/\",\"name\":\"Na lokacijama grada Mostara u ponedjeljak po\u010deo 'Uli\u010dni bazar' - RADIO LJUBU\u0160KI\",\"isPartOf\":{\"@id\":\"https:\\\/\\\/radioljubuski.ba\\\/#website\"},\"primaryImageOfPage\":{\"@id\":\"https:\\\/\\\/radioljubuski.ba\\\/index.php\\\/2022\\\/03\\\/07\\\/na-lokacijama-grada-mostara-u-ponedjeljak-poceo-ulicni-bazar\\\/#primaryimage\"},\"image\":{\"@id\":\"https:\\\/\\\/radioljubuski.ba\\\/index.php\\\/2022\\\/03\\\/07\\\/na-lokacijama-grada-mostara-u-ponedjeljak-poceo-ulicni-bazar\\\/#primaryimage\"},\"thumbnailUrl\":\"https:\\\/\\\/radioljubuski.ba\\\/wp-content\\\/uploads\\\/2022\\\/03\\\/8-2022-03-07-16-42-19-ULICNI-BAZAR.jpg\",\"datePublished\":\"2022-03-07T22:55:16+00:00\",\"breadcrumb\":{\"@id\":\"https:\\\/\\\/radioljubuski.ba\\\/index.php\\\/2022\\\/03\\\/07\\\/na-lokacijama-grada-mostara-u-ponedjeljak-poceo-ulicni-bazar\\\/#breadcrumb\"},\"inLanguage\":\"hr\",\"potentialAction\":[{\"@type\":\"ReadAction\",\"target\":[\"https:\\\/\\\/radioljubuski.ba\\\/index.php\\\/2022\\\/03\\\/07\\\/na-lokacijama-grada-mostara-u-ponedjeljak-poceo-ulicni-bazar\\\/\"]}]},{\"@type\":\"ImageObject\",\"inLanguage\":\"hr\",\"@id\":\"https:\\\/\\\/radioljubuski.ba\\\/index.php\\\/2022\\\/03\\\/07\\\/na-lokacijama-grada-mostara-u-ponedjeljak-poceo-ulicni-bazar\\\/#primaryimage\",\"url\":\"https:\\\/\\\/radioljubuski.ba\\\/wp-content\\\/uploads\\\/2022\\\/03\\\/8-2022-03-07-16-42-19-ULICNI-BAZAR.jpg\",\"contentUrl\":\"https:\\\/\\\/radioljubuski.ba\\\/wp-content\\\/uploads\\\/2022\\\/03\\\/8-2022-03-07-16-42-19-ULICNI-BAZAR.jpg\",\"width\":1000,\"height\":625},{\"@type\":\"BreadcrumbList\",\"@id\":\"https:\\\/\\\/radioljubuski.ba\\\/index.php\\\/2022\\\/03\\\/07\\\/na-lokacijama-grada-mostara-u-ponedjeljak-poceo-ulicni-bazar\\\/#breadcrumb\",\"itemListElement\":[{\"@type\":\"ListItem\",\"position\":1,\"name\":\"Po\u010detna stranica\",\"item\":\"https:\\\/\\\/radioljubuski.ba\\\/\"},{\"@type\":\"ListItem\",\"position\":2,\"name\":\"Na lokacijama grada Mostara u ponedjeljak po\u010deo &#8216;Uli\u010dni bazar&#8217;\"}]},{\"@type\":\"WebSite\",\"@id\":\"https:\\\/\\\/radioljubuski.ba\\\/#website\",\"url\":\"https:\\\/\\\/radioljubuski.ba\\\/\",\"name\":\"Radio Ljubu\u0161ki\",\"description\":\"Sun\u010dana frekvencija Hercegovine\",\"publisher\":{\"@id\":\"https:\\\/\\\/radioljubuski.ba\\\/#organization\"},\"potentialAction\":[{\"@type\":\"SearchAction\",\"target\":{\"@type\":\"EntryPoint\",\"urlTemplate\":\"https:\\\/\\\/radioljubuski.ba\\\/?s={search_term_string}\"},\"query-input\":{\"@type\":\"PropertyValueSpecification\",\"valueRequired\":true,\"valueName\":\"search_term_string\"}}],\"inLanguage\":\"hr\"},{\"@type\":\"Organization\",\"@id\":\"https:\\\/\\\/radioljubuski.ba\\\/#organization\",\"name\":\"Radio Ljubu\u0161ki\",\"url\":\"https:\\\/\\\/radioljubuski.ba\\\/\",\"logo\":{\"@type\":\"ImageObject\",\"inLanguage\":\"hr\",\"@id\":\"https:\\\/\\\/radioljubuski.ba\\\/#\\\/schema\\\/logo\\\/image\\\/\",\"url\":\"https:\\\/\\\/radioljubuski.ba\\\/wp-content\\\/uploads\\\/2021\\\/02\\\/cropped-Radio_Ljubuski_logo1.jpg\",\"contentUrl\":\"https:\\\/\\\/radioljubuski.ba\\\/wp-content\\\/uploads\\\/2021\\\/02\\\/cropped-Radio_Ljubuski_logo1.jpg\",\"width\":512,\"height\":512,\"caption\":\"Radio Ljubu\u0161ki\"},\"image\":{\"@id\":\"https:\\\/\\\/radioljubuski.ba\\\/#\\\/schema\\\/logo\\\/image\\\/\"},\"sameAs\":[\"https:\\\/\\\/www.facebook.com\\\/Radiio-Ljubuski-1490835324566332\",\"https:\\\/\\\/x.com\\\/radioljubuski\",\"https:\\\/\\\/hr.linkedin.com\\\/company\\\/radio-ljubuski\",\"https:\\\/\\\/www.youtube.com\\\/channel\\\/UCHYaeO_n0Db3tjNGudGpXyw\"]},{\"@type\":\"Person\",\"@id\":\"https:\\\/\\\/radioljubuski.ba\\\/#\\\/schema\\\/person\\\/19fc700381a780f69665d7956c469e3b\",\"name\":\"Radio Ljubu\u0161ki\"}]}<\/script>\n<!-- \/ Yoast SEO plugin. -->","yoast_head_json":{"title":"Na lokacijama grada Mostara u ponedjeljak po\u010deo 'Uli\u010dni bazar' - RADIO LJUBU\u0160KI","robots":{"index":"index","follow":"follow","max-snippet":"max-snippet:-1","max-image-preview":"max-image-preview:large","max-video-preview":"max-video-preview:-1"},"canonical":"https:\/\/radioljubuski.ba\/index.php\/2022\/03\/07\/na-lokacijama-grada-mostara-u-ponedjeljak-poceo-ulicni-bazar\/","og_locale":"hr_HR","og_type":"article","og_title":"Na lokacijama grada Mostara u ponedjeljak po\u010deo 'Uli\u010dni bazar' - RADIO LJUBU\u0160KI","og_description":"Novi projekt &#8220;Uli\u010dni bazar&#8221;, kojeg je pokrenuo Grad Mostar u suradnji s poduze\u0107em Tr\u017enice &#8211; pijace d.o.o., u ponedjeljak je za\u017eivio na tri mostarske lokacije, a to su \u0160panjolski trg, Feji\u0107eva ulica i Rondo. Dok su \u0161tandovi zasjali prepuni cvije\u0107a, rukotvorina, slika, doma\u0107ih proizvoda i nakita, u pozadini su prolaznike zabavljali svira\u010di koji su poznatim [&hellip;]","og_url":"https:\/\/radioljubuski.ba\/index.php\/2022\/03\/07\/na-lokacijama-grada-mostara-u-ponedjeljak-poceo-ulicni-bazar\/","og_site_name":"RADIO LJUBU\u0160KI","article_publisher":"https:\/\/www.facebook.com\/Radiio-Ljubuski-1490835324566332","article_published_time":"2022-03-07T22:55:16+00:00","og_image":[{"width":1000,"height":625,"url":"https:\/\/radioljubuski.ba\/wp-content\/uploads\/2022\/03\/8-2022-03-07-16-42-19-ULICNI-BAZAR.jpg","type":"image\/jpeg"}],"author":"Radio Ljubu\u0161ki","twitter_card":"summary_large_image","twitter_creator":"@radioljubuski","twitter_site":"@radioljubuski","twitter_misc":{"Napisao\/la":"Radio Ljubu\u0161ki","Procijenjeno vrijeme \u010ditanja":"1 minuta"},"schema":{"@context":"https:\/\/schema.org","@graph":[{"@type":"Article","@id":"https:\/\/radioljubuski.ba\/index.php\/2022\/03\/07\/na-lokacijama-grada-mostara-u-ponedjeljak-poceo-ulicni-bazar\/#article","isPartOf":{"@id":"https:\/\/radioljubuski.ba\/index.php\/2022\/03\/07\/na-lokacijama-grada-mostara-u-ponedjeljak-poceo-ulicni-bazar\/"},"author":{"name":"Radio Ljubu\u0161ki","@id":"https:\/\/radioljubuski.ba\/#\/schema\/person\/19fc700381a780f69665d7956c469e3b"},"headline":"Na lokacijama grada Mostara u ponedjeljak po\u010deo &#8216;Uli\u010dni bazar&#8217;","datePublished":"2022-03-07T22:55:16+00:00","mainEntityOfPage":{"@id":"https:\/\/radioljubuski.ba\/index.php\/2022\/03\/07\/na-lokacijama-grada-mostara-u-ponedjeljak-poceo-ulicni-bazar\/"},"wordCount":177,"publisher":{"@id":"https:\/\/radioljubuski.ba\/#organization"},"image":{"@id":"https:\/\/radioljubuski.ba\/index.php\/2022\/03\/07\/na-lokacijama-grada-mostara-u-ponedjeljak-poceo-ulicni-bazar\/#primaryimage"},"thumbnailUrl":"https:\/\/radioljubuski.ba\/wp-content\/uploads\/2022\/03\/8-2022-03-07-16-42-19-ULICNI-BAZAR.jpg","articleSection":["BIH i regija"],"inLanguage":"hr"},{"@type":"WebPage","@id":"https:\/\/radioljubuski.ba\/index.php\/2022\/03\/07\/na-lokacijama-grada-mostara-u-ponedjeljak-poceo-ulicni-bazar\/","url":"https:\/\/radioljubuski.ba\/index.php\/2022\/03\/07\/na-lokacijama-grada-mostara-u-ponedjeljak-poceo-ulicni-bazar\/","name":"Na lokacijama grada Mostara u ponedjeljak po\u010deo 'Uli\u010dni bazar' - RADIO LJUBU\u0160KI","isPartOf":{"@id":"https:\/\/radioljubuski.ba\/#website"},"primaryImageOfPage":{"@id":"https:\/\/radioljubuski.ba\/index.php\/2022\/03\/07\/na-lokacijama-grada-mostara-u-ponedjeljak-poceo-ulicni-bazar\/#primaryimage"},"image":{"@id":"https:\/\/radioljubuski.ba\/index.php\/2022\/03\/07\/na-lokacijama-grada-mostara-u-ponedjeljak-poceo-ulicni-bazar\/#primaryimage"},"thumbnailUrl":"https:\/\/radioljubuski.ba\/wp-content\/uploads\/2022\/03\/8-2022-03-07-16-42-19-ULICNI-BAZAR.jpg","datePublished":"2022-03-07T22:55:16+00:00","breadcrumb":{"@id":"https:\/\/radioljubuski.ba\/index.php\/2022\/03\/07\/na-lokacijama-grada-mostara-u-ponedjeljak-poceo-ulicni-bazar\/#breadcrumb"},"inLanguage":"hr","potentialAction":[{"@type":"ReadAction","target":["https:\/\/radioljubuski.ba\/index.php\/2022\/03\/07\/na-lokacijama-grada-mostara-u-ponedjeljak-poceo-ulicni-bazar\/"]}]},{"@type":"ImageObject","inLanguage":"hr","@id":"https:\/\/radioljubuski.ba\/index.php\/2022\/03\/07\/na-lokacijama-grada-mostara-u-ponedjeljak-poceo-ulicni-bazar\/#primaryimage","url":"https:\/\/radioljubuski.ba\/wp-content\/uploads\/2022\/03\/8-2022-03-07-16-42-19-ULICNI-BAZAR.jpg","contentUrl":"https:\/\/radioljubuski.ba\/wp-content\/uploads\/2022\/03\/8-2022-03-07-16-42-19-ULICNI-BAZAR.jpg","width":1000,"height":625},{"@type":"BreadcrumbList","@id":"https:\/\/radioljubuski.ba\/index.php\/2022\/03\/07\/na-lokacijama-grada-mostara-u-ponedjeljak-poceo-ulicni-bazar\/#breadcrumb","itemListElement":[{"@type":"ListItem","position":1,"name":"Po\u010detna stranica","item":"https:\/\/radioljubuski.ba\/"},{"@type":"ListItem","position":2,"name":"Na lokacijama grada Mostara u ponedjeljak po\u010deo &#8216;Uli\u010dni bazar&#8217;"}]},{"@type":"WebSite","@id":"https:\/\/radioljubuski.ba\/#website","url":"https:\/\/radioljubuski.ba\/","name":"Radio Ljubu\u0161ki","description":"Sun\u010dana frekvencija Hercegovine","publisher":{"@id":"https:\/\/radioljubuski.ba\/#organization"},"potentialAction":[{"@type":"SearchAction","target":{"@type":"EntryPoint","urlTemplate":"https:\/\/radioljubuski.ba\/?s={search_term_string}"},"query-input":{"@type":"PropertyValueSpecification","valueRequired":true,"valueName":"search_term_string"}}],"inLanguage":"hr"},{"@type":"Organization","@id":"https:\/\/radioljubuski.ba\/#organization","name":"Radio Ljubu\u0161ki","url":"https:\/\/radioljubuski.ba\/","logo":{"@type":"ImageObject","inLanguage":"hr","@id":"https:\/\/radioljubuski.ba\/#\/schema\/logo\/image\/","url":"https:\/\/radioljubuski.ba\/wp-content\/uploads\/2021\/02\/cropped-Radio_Ljubuski_logo1.jpg","contentUrl":"https:\/\/radioljubuski.ba\/wp-content\/uploads\/2021\/02\/cropped-Radio_Ljubuski_logo1.jpg","width":512,"height":512,"caption":"Radio Ljubu\u0161ki"},"image":{"@id":"https:\/\/radioljubuski.ba\/#\/schema\/logo\/image\/"},"sameAs":["https:\/\/www.facebook.com\/Radiio-Ljubuski-1490835324566332","https:\/\/x.com\/radioljubuski","https:\/\/hr.linkedin.com\/company\/radio-ljubuski","https:\/\/www.youtube.com\/channel\/UCHYaeO_n0Db3tjNGudGpXyw"]},{"@type":"Person","@id":"https:\/\/radioljubuski.ba\/#\/schema\/person\/19fc700381a780f69665d7956c469e3b","name":"Radio Ljubu\u0161ki"}]}},"_links":{"self":[{"href":"https:\/\/radioljubuski.ba\/index.php\/wp-json\/wp\/v2\/posts\/119061","targetHints":{"allow":["GET"]}}],"collection":[{"href":"https:\/\/radioljubuski.ba\/index.php\/wp-json\/wp\/v2\/posts"}],"about":[{"href":"https:\/\/radioljubuski.ba\/index.php\/wp-json\/wp\/v2\/types\/post"}],"author":[{"embeddable":true,"href":"https:\/\/radioljubuski.ba\/index.php\/wp-json\/wp\/v2\/users\/2"}],"replies":[{"embeddable":true,"href":"https:\/\/radioljubuski.ba\/index.php\/wp-json\/wp\/v2\/comments?post=119061"}],"version-history":[{"count":1,"href":"https:\/\/radioljubuski.ba\/index.php\/wp-json\/wp\/v2\/posts\/119061\/revisions"}],"predecessor-version":[{"id":119063,"href":"https:\/\/radioljubuski.ba\/index.php\/wp-json\/wp\/v2\/posts\/119061\/revisions\/119063"}],"wp:featuredmedia":[{"embeddable":true,"href":"https:\/\/radioljubuski.ba\/index.php\/wp-json\/wp\/v2\/media\/119062"}],"wp:attachment":[{"href":"https:\/\/radioljubuski.ba\/index.php\/wp-json\/wp\/v2\/media?parent=119061"}],"wp:term":[{"taxonomy":"category","embeddable":true,"href":"https:\/\/radioljubuski.ba\/index.php\/wp-json\/wp\/v2\/categories?post=119061"},{"taxonomy":"post_tag","embeddable":true,"href":"https:\/\/radioljubuski.ba\/index.php\/wp-json\/wp\/v2\/tags?post=119061"}],"curies":[{"name":"wp","href":"https:\/\/api.w.org\/{rel}","templated":true}]}}