{"id":119075,"date":"2022-03-08T00:01:16","date_gmt":"2022-03-07T23:01:16","guid":{"rendered":"https:\/\/radioljubuski.ba\/?p=119075"},"modified":"2022-03-08T00:01:17","modified_gmt":"2022-03-07T23:01:17","slug":"hrvatski-caritas-prikupio-oko-dva-milijuna-kuna-pomoci-za-ukrajinu","status":"publish","type":"post","link":"https:\/\/radioljubuski.ba\/index.php\/2022\/03\/08\/hrvatski-caritas-prikupio-oko-dva-milijuna-kuna-pomoci-za-ukrajinu\/","title":{"rendered":"Hrvatski Caritas prikupio oko dva milijuna kuna pomo\u0107i za Ukrajinu"},"content":{"rendered":"\n<p>Predsjednik Hrvatskoga Caritasa srijemski biskup koadjutor mons. Fabijan Svalina izjavio je u ponedjeljak da je Hrvatski Caritas od po\u010detka krize prikupio oko dva milijuna kuna pomo\u0107i za Ukrajinu. &nbsp;<\/p>\n\n\n\n<p>Uplatama na ra\u010dun Caritasa prikupljeno je 938.417,27 kuna, a na donacijski telefon 0609010 do ju\u010der je bilo vi\u0161e od 23 tisu\u0107e poziva te je prikupljeno 1.052.417, 27 kuna.<\/p>\n\n\n\n<p>Svalina je zahvalio PBZ-u na najavljenoj donaciji Hrvatskom Caritasu za stradale u Ukrajini u iznosu od 100 tisu\u0107a kuna te Atlantic grupi, koja je najavila uplatu od 75 tisu\u0107a kuna.<\/p>\n\n\n\n<p>Pozvao je i druge tvrtke, obrtnike i poduzetnike da ih podupru u kampanji kako bi bili \u0161to u\u010dinkovitiji u pomaganju potrebitima.<\/p>\n\n\n\n<p>Zahvalio je mnogim pojedincima koji su svojim uplatama pridonijeli kako bi aktivnosti Hrvatskoga Caritasa bile u\u010dinkovite za potrebite u Ukrajini.<\/p>\n\n\n\n<p>Pozvao je ljude dobre volje da se uklju\u010de u akciju pomo\u0107i.<\/p>\n\n\n\n<p>Od samoga po\u010detka u vrlo intenzivnim smo kontaktima s Europskim Caritasom, Me\u0111unarodnim Caritasom te s Ukrajinskim Caritasom i onima susjednih dr\u017eava &#8211; Poljske, Rumunjske, Moldavije i Ma\u0111arske, te SAD-a, rekao je, dodaju\u0107i kako s njima uskla\u0111uju odre\u0111ene aktivnosti te kako se nada da \u0107e se neke od najavljenih ubrzo realizirati.<\/p>\n\n\n\n<p>Najavio je humanitarni konvoj s hranom, toplom odje\u0107om, za\u0161titnim sredstvima, opremom za zbrinjavanje prognanika i izbjeglica, kao \u0161to su kreveti, madraci, deke, vre\u0107e za spavanje i \u0161atori te sve ono \u0161to je nu\u017eno osobama koje se kre\u0107u prema sigurnijim zonama.<\/p>\n\n\n\n<p>\u017delja nam je, istaknuo je, da ta humanitarna pomo\u0107, ako je ikako mogu\u0107e, do\u0111e do Ukrajine, a ako ne, onda u one zemlje do Ukrajine u kojima je najve\u0107i broj izbjeglica.<\/p>\n\n\n\n<p>Zahvalio je i Vladi Republike Hrvatske, koja je prepoznala potencijal Caritasove mre\u017ee i uklju\u010dila je u rad i koordinaciju koju vodi Hrvatski crveni kri\u017e. Pohvalio je i suradnju s Hrvatskim crvenim kri\u017eem.<\/p>\n\n\n\n<p>O prikupljanju pomo\u0107i \u017eupnih i biskupijskih Caritasa naknadno \u0107e izvijestiti.<\/p>\n\n\n\n<p>Pozvao je sve one &#8220;\u010dija srca gore za bra\u0107u i sestre u Ukrajini&#8221; da zajedno molitvom poma\u017eu i u ovoj potrebi.<\/p>\n\n\n\n<p>Hrvati su jako senzibilni kad je u pitanju rat, odgovorio je na pitanje novinara da komentira kako su tako brzo prikupljena financijska sredstva.<\/p>\n\n\n\n<p>Na pitanje kad \u0107e krenuti konvoj, odgovorio je kako su u koordinaciji s Me\u0111unarodnim Caritasom, Europskim Caritasom te Caritasima Ukrajini susjednih dr\u017eava. Za desetak dana ve\u0107 bi se moglo ne\u0161to dopremiti, barem ono \u0161to je elementarno, rekao je predsjednik Hrvatskoga Caritasa mons. Fabijan Svalina.&nbsp;<\/p>\n\n\n\n<p>Izvor:pogled.ba<\/p>\n","protected":false},"excerpt":{"rendered":"<p>Predsjednik Hrvatskoga Caritasa srijemski biskup koadjutor mons. Fabijan Svalina izjavio je u ponedjeljak da je Hrvatski Caritas od po\u010detka krize prikupio oko dva milijuna kuna pomo\u0107i za Ukrajinu. &nbsp; Uplatama na ra\u010dun Caritasa prikupljeno je 938.417,27 kuna, a na donacijski telefon 0609010 do ju\u010der je bilo vi\u0161e od 23 tisu\u0107e poziva te je prikupljeno 1.052.417, [&hellip;]<\/p>\n","protected":false},"author":2,"featured_media":119076,"comment_status":"closed","ping_status":"closed","sticky":false,"template":"","format":"standard","meta":{"h5ap_radio_sources":[],"footnotes":""},"categories":[1],"tags":[],"class_list":["post-119075","post","type-post","status-publish","format-standard","has-post-thumbnail","hentry","category-bihiregija"],"yoast_head":"<!-- This site is optimized with the Yoast SEO plugin v27.5 - https:\/\/yoast.com\/product\/yoast-seo-wordpress\/ -->\n<title>Hrvatski Caritas prikupio oko dva milijuna kuna pomo\u0107i za Ukrajinu - RADIO LJUBU\u0160KI<\/title>\n<meta name=\"robots\" content=\"index, follow, max-snippet:-1, max-image-preview:large, max-video-preview:-1\" \/>\n<link rel=\"canonical\" href=\"https:\/\/radioljubuski.ba\/index.php\/2022\/03\/08\/hrvatski-caritas-prikupio-oko-dva-milijuna-kuna-pomoci-za-ukrajinu\/\" \/>\n<meta property=\"og:locale\" content=\"hr_HR\" \/>\n<meta property=\"og:type\" content=\"article\" \/>\n<meta property=\"og:title\" content=\"Hrvatski Caritas prikupio oko dva milijuna kuna pomo\u0107i za Ukrajinu - RADIO LJUBU\u0160KI\" \/>\n<meta property=\"og:description\" content=\"Predsjednik Hrvatskoga Caritasa srijemski biskup koadjutor mons. Fabijan Svalina izjavio je u ponedjeljak da je Hrvatski Caritas od po\u010detka krize prikupio oko dva milijuna kuna pomo\u0107i za Ukrajinu. &nbsp; Uplatama na ra\u010dun Caritasa prikupljeno je 938.417,27 kuna, a na donacijski telefon 0609010 do ju\u010der je bilo vi\u0161e od 23 tisu\u0107e poziva te je prikupljeno 1.052.417, [&hellip;]\" \/>\n<meta property=\"og:url\" content=\"https:\/\/radioljubuski.ba\/index.php\/2022\/03\/08\/hrvatski-caritas-prikupio-oko-dva-milijuna-kuna-pomoci-za-ukrajinu\/\" \/>\n<meta property=\"og:site_name\" content=\"RADIO LJUBU\u0160KI\" \/>\n<meta property=\"article:publisher\" content=\"https:\/\/www.facebook.com\/Radiio-Ljubuski-1490835324566332\" \/>\n<meta property=\"article:published_time\" content=\"2022-03-07T23:01:16+00:00\" \/>\n<meta property=\"article:modified_time\" content=\"2022-03-07T23:01:17+00:00\" \/>\n<meta property=\"og:image\" content=\"https:\/\/radioljubuski.ba\/wp-content\/uploads\/2022\/03\/968345.jpg\" \/>\n\t<meta property=\"og:image:width\" content=\"800\" \/>\n\t<meta property=\"og:image:height\" content=\"450\" \/>\n\t<meta property=\"og:image:type\" content=\"image\/jpeg\" \/>\n<meta name=\"author\" content=\"Radio Ljubu\u0161ki\" \/>\n<meta name=\"twitter:card\" content=\"summary_large_image\" \/>\n<meta name=\"twitter:creator\" content=\"@radioljubuski\" \/>\n<meta name=\"twitter:site\" content=\"@radioljubuski\" \/>\n<meta name=\"twitter:label1\" content=\"Napisao\/la\" \/>\n\t<meta name=\"twitter:data1\" content=\"Radio Ljubu\u0161ki\" \/>\n\t<meta name=\"twitter:label2\" content=\"Procijenjeno vrijeme \u010ditanja\" \/>\n\t<meta name=\"twitter:data2\" content=\"2 minute\" \/>\n<script type=\"application\/ld+json\" class=\"yoast-schema-graph\">{\"@context\":\"https:\\\/\\\/schema.org\",\"@graph\":[{\"@type\":\"Article\",\"@id\":\"https:\\\/\\\/radioljubuski.ba\\\/index.php\\\/2022\\\/03\\\/08\\\/hrvatski-caritas-prikupio-oko-dva-milijuna-kuna-pomoci-za-ukrajinu\\\/#article\",\"isPartOf\":{\"@id\":\"https:\\\/\\\/radioljubuski.ba\\\/index.php\\\/2022\\\/03\\\/08\\\/hrvatski-caritas-prikupio-oko-dva-milijuna-kuna-pomoci-za-ukrajinu\\\/\"},\"author\":{\"name\":\"Radio Ljubu\u0161ki\",\"@id\":\"https:\\\/\\\/radioljubuski.ba\\\/#\\\/schema\\\/person\\\/19fc700381a780f69665d7956c469e3b\"},\"headline\":\"Hrvatski Caritas prikupio oko dva milijuna kuna pomo\u0107i za Ukrajinu\",\"datePublished\":\"2022-03-07T23:01:16+00:00\",\"dateModified\":\"2022-03-07T23:01:17+00:00\",\"mainEntityOfPage\":{\"@id\":\"https:\\\/\\\/radioljubuski.ba\\\/index.php\\\/2022\\\/03\\\/08\\\/hrvatski-caritas-prikupio-oko-dva-milijuna-kuna-pomoci-za-ukrajinu\\\/\"},\"wordCount\":434,\"publisher\":{\"@id\":\"https:\\\/\\\/radioljubuski.ba\\\/#organization\"},\"image\":{\"@id\":\"https:\\\/\\\/radioljubuski.ba\\\/index.php\\\/2022\\\/03\\\/08\\\/hrvatski-caritas-prikupio-oko-dva-milijuna-kuna-pomoci-za-ukrajinu\\\/#primaryimage\"},\"thumbnailUrl\":\"https:\\\/\\\/radioljubuski.ba\\\/wp-content\\\/uploads\\\/2022\\\/03\\\/968345.jpg\",\"articleSection\":[\"BIH i regija\"],\"inLanguage\":\"hr\"},{\"@type\":\"WebPage\",\"@id\":\"https:\\\/\\\/radioljubuski.ba\\\/index.php\\\/2022\\\/03\\\/08\\\/hrvatski-caritas-prikupio-oko-dva-milijuna-kuna-pomoci-za-ukrajinu\\\/\",\"url\":\"https:\\\/\\\/radioljubuski.ba\\\/index.php\\\/2022\\\/03\\\/08\\\/hrvatski-caritas-prikupio-oko-dva-milijuna-kuna-pomoci-za-ukrajinu\\\/\",\"name\":\"Hrvatski Caritas prikupio oko dva milijuna kuna pomo\u0107i za Ukrajinu - RADIO LJUBU\u0160KI\",\"isPartOf\":{\"@id\":\"https:\\\/\\\/radioljubuski.ba\\\/#website\"},\"primaryImageOfPage\":{\"@id\":\"https:\\\/\\\/radioljubuski.ba\\\/index.php\\\/2022\\\/03\\\/08\\\/hrvatski-caritas-prikupio-oko-dva-milijuna-kuna-pomoci-za-ukrajinu\\\/#primaryimage\"},\"image\":{\"@id\":\"https:\\\/\\\/radioljubuski.ba\\\/index.php\\\/2022\\\/03\\\/08\\\/hrvatski-caritas-prikupio-oko-dva-milijuna-kuna-pomoci-za-ukrajinu\\\/#primaryimage\"},\"thumbnailUrl\":\"https:\\\/\\\/radioljubuski.ba\\\/wp-content\\\/uploads\\\/2022\\\/03\\\/968345.jpg\",\"datePublished\":\"2022-03-07T23:01:16+00:00\",\"dateModified\":\"2022-03-07T23:01:17+00:00\",\"breadcrumb\":{\"@id\":\"https:\\\/\\\/radioljubuski.ba\\\/index.php\\\/2022\\\/03\\\/08\\\/hrvatski-caritas-prikupio-oko-dva-milijuna-kuna-pomoci-za-ukrajinu\\\/#breadcrumb\"},\"inLanguage\":\"hr\",\"potentialAction\":[{\"@type\":\"ReadAction\",\"target\":[\"https:\\\/\\\/radioljubuski.ba\\\/index.php\\\/2022\\\/03\\\/08\\\/hrvatski-caritas-prikupio-oko-dva-milijuna-kuna-pomoci-za-ukrajinu\\\/\"]}]},{\"@type\":\"ImageObject\",\"inLanguage\":\"hr\",\"@id\":\"https:\\\/\\\/radioljubuski.ba\\\/index.php\\\/2022\\\/03\\\/08\\\/hrvatski-caritas-prikupio-oko-dva-milijuna-kuna-pomoci-za-ukrajinu\\\/#primaryimage\",\"url\":\"https:\\\/\\\/radioljubuski.ba\\\/wp-content\\\/uploads\\\/2022\\\/03\\\/968345.jpg\",\"contentUrl\":\"https:\\\/\\\/radioljubuski.ba\\\/wp-content\\\/uploads\\\/2022\\\/03\\\/968345.jpg\",\"width\":800,\"height\":450},{\"@type\":\"BreadcrumbList\",\"@id\":\"https:\\\/\\\/radioljubuski.ba\\\/index.php\\\/2022\\\/03\\\/08\\\/hrvatski-caritas-prikupio-oko-dva-milijuna-kuna-pomoci-za-ukrajinu\\\/#breadcrumb\",\"itemListElement\":[{\"@type\":\"ListItem\",\"position\":1,\"name\":\"Po\u010detna stranica\",\"item\":\"https:\\\/\\\/radioljubuski.ba\\\/\"},{\"@type\":\"ListItem\",\"position\":2,\"name\":\"Hrvatski Caritas prikupio oko dva milijuna kuna pomo\u0107i za Ukrajinu\"}]},{\"@type\":\"WebSite\",\"@id\":\"https:\\\/\\\/radioljubuski.ba\\\/#website\",\"url\":\"https:\\\/\\\/radioljubuski.ba\\\/\",\"name\":\"Radio Ljubu\u0161ki\",\"description\":\"Sun\u010dana frekvencija Hercegovine\",\"publisher\":{\"@id\":\"https:\\\/\\\/radioljubuski.ba\\\/#organization\"},\"potentialAction\":[{\"@type\":\"SearchAction\",\"target\":{\"@type\":\"EntryPoint\",\"urlTemplate\":\"https:\\\/\\\/radioljubuski.ba\\\/?s={search_term_string}\"},\"query-input\":{\"@type\":\"PropertyValueSpecification\",\"valueRequired\":true,\"valueName\":\"search_term_string\"}}],\"inLanguage\":\"hr\"},{\"@type\":\"Organization\",\"@id\":\"https:\\\/\\\/radioljubuski.ba\\\/#organization\",\"name\":\"Radio Ljubu\u0161ki\",\"url\":\"https:\\\/\\\/radioljubuski.ba\\\/\",\"logo\":{\"@type\":\"ImageObject\",\"inLanguage\":\"hr\",\"@id\":\"https:\\\/\\\/radioljubuski.ba\\\/#\\\/schema\\\/logo\\\/image\\\/\",\"url\":\"https:\\\/\\\/radioljubuski.ba\\\/wp-content\\\/uploads\\\/2021\\\/02\\\/cropped-Radio_Ljubuski_logo1.jpg\",\"contentUrl\":\"https:\\\/\\\/radioljubuski.ba\\\/wp-content\\\/uploads\\\/2021\\\/02\\\/cropped-Radio_Ljubuski_logo1.jpg\",\"width\":512,\"height\":512,\"caption\":\"Radio Ljubu\u0161ki\"},\"image\":{\"@id\":\"https:\\\/\\\/radioljubuski.ba\\\/#\\\/schema\\\/logo\\\/image\\\/\"},\"sameAs\":[\"https:\\\/\\\/www.facebook.com\\\/Radiio-Ljubuski-1490835324566332\",\"https:\\\/\\\/x.com\\\/radioljubuski\",\"https:\\\/\\\/hr.linkedin.com\\\/company\\\/radio-ljubuski\",\"https:\\\/\\\/www.youtube.com\\\/channel\\\/UCHYaeO_n0Db3tjNGudGpXyw\"]},{\"@type\":\"Person\",\"@id\":\"https:\\\/\\\/radioljubuski.ba\\\/#\\\/schema\\\/person\\\/19fc700381a780f69665d7956c469e3b\",\"name\":\"Radio Ljubu\u0161ki\"}]}<\/script>\n<!-- \/ Yoast SEO plugin. -->","yoast_head_json":{"title":"Hrvatski Caritas prikupio oko dva milijuna kuna pomo\u0107i za Ukrajinu - RADIO LJUBU\u0160KI","robots":{"index":"index","follow":"follow","max-snippet":"max-snippet:-1","max-image-preview":"max-image-preview:large","max-video-preview":"max-video-preview:-1"},"canonical":"https:\/\/radioljubuski.ba\/index.php\/2022\/03\/08\/hrvatski-caritas-prikupio-oko-dva-milijuna-kuna-pomoci-za-ukrajinu\/","og_locale":"hr_HR","og_type":"article","og_title":"Hrvatski Caritas prikupio oko dva milijuna kuna pomo\u0107i za Ukrajinu - RADIO LJUBU\u0160KI","og_description":"Predsjednik Hrvatskoga Caritasa srijemski biskup koadjutor mons. Fabijan Svalina izjavio je u ponedjeljak da je Hrvatski Caritas od po\u010detka krize prikupio oko dva milijuna kuna pomo\u0107i za Ukrajinu. &nbsp; Uplatama na ra\u010dun Caritasa prikupljeno je 938.417,27 kuna, a na donacijski telefon 0609010 do ju\u010der je bilo vi\u0161e od 23 tisu\u0107e poziva te je prikupljeno 1.052.417, [&hellip;]","og_url":"https:\/\/radioljubuski.ba\/index.php\/2022\/03\/08\/hrvatski-caritas-prikupio-oko-dva-milijuna-kuna-pomoci-za-ukrajinu\/","og_site_name":"RADIO LJUBU\u0160KI","article_publisher":"https:\/\/www.facebook.com\/Radiio-Ljubuski-1490835324566332","article_published_time":"2022-03-07T23:01:16+00:00","article_modified_time":"2022-03-07T23:01:17+00:00","og_image":[{"width":800,"height":450,"url":"https:\/\/radioljubuski.ba\/wp-content\/uploads\/2022\/03\/968345.jpg","type":"image\/jpeg"}],"author":"Radio Ljubu\u0161ki","twitter_card":"summary_large_image","twitter_creator":"@radioljubuski","twitter_site":"@radioljubuski","twitter_misc":{"Napisao\/la":"Radio Ljubu\u0161ki","Procijenjeno vrijeme \u010ditanja":"2 minute"},"schema":{"@context":"https:\/\/schema.org","@graph":[{"@type":"Article","@id":"https:\/\/radioljubuski.ba\/index.php\/2022\/03\/08\/hrvatski-caritas-prikupio-oko-dva-milijuna-kuna-pomoci-za-ukrajinu\/#article","isPartOf":{"@id":"https:\/\/radioljubuski.ba\/index.php\/2022\/03\/08\/hrvatski-caritas-prikupio-oko-dva-milijuna-kuna-pomoci-za-ukrajinu\/"},"author":{"name":"Radio Ljubu\u0161ki","@id":"https:\/\/radioljubuski.ba\/#\/schema\/person\/19fc700381a780f69665d7956c469e3b"},"headline":"Hrvatski Caritas prikupio oko dva milijuna kuna pomo\u0107i za Ukrajinu","datePublished":"2022-03-07T23:01:16+00:00","dateModified":"2022-03-07T23:01:17+00:00","mainEntityOfPage":{"@id":"https:\/\/radioljubuski.ba\/index.php\/2022\/03\/08\/hrvatski-caritas-prikupio-oko-dva-milijuna-kuna-pomoci-za-ukrajinu\/"},"wordCount":434,"publisher":{"@id":"https:\/\/radioljubuski.ba\/#organization"},"image":{"@id":"https:\/\/radioljubuski.ba\/index.php\/2022\/03\/08\/hrvatski-caritas-prikupio-oko-dva-milijuna-kuna-pomoci-za-ukrajinu\/#primaryimage"},"thumbnailUrl":"https:\/\/radioljubuski.ba\/wp-content\/uploads\/2022\/03\/968345.jpg","articleSection":["BIH i regija"],"inLanguage":"hr"},{"@type":"WebPage","@id":"https:\/\/radioljubuski.ba\/index.php\/2022\/03\/08\/hrvatski-caritas-prikupio-oko-dva-milijuna-kuna-pomoci-za-ukrajinu\/","url":"https:\/\/radioljubuski.ba\/index.php\/2022\/03\/08\/hrvatski-caritas-prikupio-oko-dva-milijuna-kuna-pomoci-za-ukrajinu\/","name":"Hrvatski Caritas prikupio oko dva milijuna kuna pomo\u0107i za Ukrajinu - RADIO LJUBU\u0160KI","isPartOf":{"@id":"https:\/\/radioljubuski.ba\/#website"},"primaryImageOfPage":{"@id":"https:\/\/radioljubuski.ba\/index.php\/2022\/03\/08\/hrvatski-caritas-prikupio-oko-dva-milijuna-kuna-pomoci-za-ukrajinu\/#primaryimage"},"image":{"@id":"https:\/\/radioljubuski.ba\/index.php\/2022\/03\/08\/hrvatski-caritas-prikupio-oko-dva-milijuna-kuna-pomoci-za-ukrajinu\/#primaryimage"},"thumbnailUrl":"https:\/\/radioljubuski.ba\/wp-content\/uploads\/2022\/03\/968345.jpg","datePublished":"2022-03-07T23:01:16+00:00","dateModified":"2022-03-07T23:01:17+00:00","breadcrumb":{"@id":"https:\/\/radioljubuski.ba\/index.php\/2022\/03\/08\/hrvatski-caritas-prikupio-oko-dva-milijuna-kuna-pomoci-za-ukrajinu\/#breadcrumb"},"inLanguage":"hr","potentialAction":[{"@type":"ReadAction","target":["https:\/\/radioljubuski.ba\/index.php\/2022\/03\/08\/hrvatski-caritas-prikupio-oko-dva-milijuna-kuna-pomoci-za-ukrajinu\/"]}]},{"@type":"ImageObject","inLanguage":"hr","@id":"https:\/\/radioljubuski.ba\/index.php\/2022\/03\/08\/hrvatski-caritas-prikupio-oko-dva-milijuna-kuna-pomoci-za-ukrajinu\/#primaryimage","url":"https:\/\/radioljubuski.ba\/wp-content\/uploads\/2022\/03\/968345.jpg","contentUrl":"https:\/\/radioljubuski.ba\/wp-content\/uploads\/2022\/03\/968345.jpg","width":800,"height":450},{"@type":"BreadcrumbList","@id":"https:\/\/radioljubuski.ba\/index.php\/2022\/03\/08\/hrvatski-caritas-prikupio-oko-dva-milijuna-kuna-pomoci-za-ukrajinu\/#breadcrumb","itemListElement":[{"@type":"ListItem","position":1,"name":"Po\u010detna stranica","item":"https:\/\/radioljubuski.ba\/"},{"@type":"ListItem","position":2,"name":"Hrvatski Caritas prikupio oko dva milijuna kuna pomo\u0107i za Ukrajinu"}]},{"@type":"WebSite","@id":"https:\/\/radioljubuski.ba\/#website","url":"https:\/\/radioljubuski.ba\/","name":"Radio Ljubu\u0161ki","description":"Sun\u010dana frekvencija Hercegovine","publisher":{"@id":"https:\/\/radioljubuski.ba\/#organization"},"potentialAction":[{"@type":"SearchAction","target":{"@type":"EntryPoint","urlTemplate":"https:\/\/radioljubuski.ba\/?s={search_term_string}"},"query-input":{"@type":"PropertyValueSpecification","valueRequired":true,"valueName":"search_term_string"}}],"inLanguage":"hr"},{"@type":"Organization","@id":"https:\/\/radioljubuski.ba\/#organization","name":"Radio Ljubu\u0161ki","url":"https:\/\/radioljubuski.ba\/","logo":{"@type":"ImageObject","inLanguage":"hr","@id":"https:\/\/radioljubuski.ba\/#\/schema\/logo\/image\/","url":"https:\/\/radioljubuski.ba\/wp-content\/uploads\/2021\/02\/cropped-Radio_Ljubuski_logo1.jpg","contentUrl":"https:\/\/radioljubuski.ba\/wp-content\/uploads\/2021\/02\/cropped-Radio_Ljubuski_logo1.jpg","width":512,"height":512,"caption":"Radio Ljubu\u0161ki"},"image":{"@id":"https:\/\/radioljubuski.ba\/#\/schema\/logo\/image\/"},"sameAs":["https:\/\/www.facebook.com\/Radiio-Ljubuski-1490835324566332","https:\/\/x.com\/radioljubuski","https:\/\/hr.linkedin.com\/company\/radio-ljubuski","https:\/\/www.youtube.com\/channel\/UCHYaeO_n0Db3tjNGudGpXyw"]},{"@type":"Person","@id":"https:\/\/radioljubuski.ba\/#\/schema\/person\/19fc700381a780f69665d7956c469e3b","name":"Radio Ljubu\u0161ki"}]}},"_links":{"self":[{"href":"https:\/\/radioljubuski.ba\/index.php\/wp-json\/wp\/v2\/posts\/119075","targetHints":{"allow":["GET"]}}],"collection":[{"href":"https:\/\/radioljubuski.ba\/index.php\/wp-json\/wp\/v2\/posts"}],"about":[{"href":"https:\/\/radioljubuski.ba\/index.php\/wp-json\/wp\/v2\/types\/post"}],"author":[{"embeddable":true,"href":"https:\/\/radioljubuski.ba\/index.php\/wp-json\/wp\/v2\/users\/2"}],"replies":[{"embeddable":true,"href":"https:\/\/radioljubuski.ba\/index.php\/wp-json\/wp\/v2\/comments?post=119075"}],"version-history":[{"count":1,"href":"https:\/\/radioljubuski.ba\/index.php\/wp-json\/wp\/v2\/posts\/119075\/revisions"}],"predecessor-version":[{"id":119077,"href":"https:\/\/radioljubuski.ba\/index.php\/wp-json\/wp\/v2\/posts\/119075\/revisions\/119077"}],"wp:featuredmedia":[{"embeddable":true,"href":"https:\/\/radioljubuski.ba\/index.php\/wp-json\/wp\/v2\/media\/119076"}],"wp:attachment":[{"href":"https:\/\/radioljubuski.ba\/index.php\/wp-json\/wp\/v2\/media?parent=119075"}],"wp:term":[{"taxonomy":"category","embeddable":true,"href":"https:\/\/radioljubuski.ba\/index.php\/wp-json\/wp\/v2\/categories?post=119075"},{"taxonomy":"post_tag","embeddable":true,"href":"https:\/\/radioljubuski.ba\/index.php\/wp-json\/wp\/v2\/tags?post=119075"}],"curies":[{"name":"wp","href":"https:\/\/api.w.org\/{rel}","templated":true}]}}