{"id":119078,"date":"2022-03-08T00:02:25","date_gmt":"2022-03-07T23:02:25","guid":{"rendered":"https:\/\/radioljubuski.ba\/?p=119078"},"modified":"2022-03-08T00:02:26","modified_gmt":"2022-03-07T23:02:26","slug":"bosna-i-hercegovina-stanovnika-sve-manje-gradova-sve-vise","status":"publish","type":"post","link":"https:\/\/radioljubuski.ba\/index.php\/2022\/03\/08\/bosna-i-hercegovina-stanovnika-sve-manje-gradova-sve-vise\/","title":{"rendered":"Bosna i Hercegovina: Stanovnika sve manje, gradova sve vi\u0161e"},"content":{"rendered":"\n<p>Dok broj gradova u Bosni i Hercegovini drasti\u010dno raste, istovremeno se smanjuje broj stanovnika. Republika Srpska bi uskoro trebala dobiti deseti grad, a Federacija Bosne i Hercegovine broji \u010dak 20 gradova.<\/p>\n\n\n\n<p>Demijan \u0106ati\u0107 iz Sarajeva planira napustiti Bosnu i Hercegovinu \u010dim zavr\u0161i srednju \u0161kolu. Plan mu je upisati studije u \u010ce\u0161koj Republici. Kako ka\u017ee za Deutsche Welle \u017eeli oti\u0107i jer u rodnom gradu nema prilika kao u Europi.<\/p>\n\n\n\n<p>\u201eOvdje nema prilika za mlade ljude koji ne \u017eele raditi od 9 do 17 sati, za nekog tko je kreativan. Me\u0111utim, iako neko i dobije takvu \u0161ansu, on nije isto cijenjen kao \u0161to bi bio u Europi\u201c, smatra \u0106ati\u0107.<\/p>\n\n\n\n<p>Ovaj mladi Sarajlija \u017eivi u obiteljskoj ku\u0107i sa roditeljima i njegovi motivi za odlazak nisu egzistencijalni.<\/p>\n\n\n\n<p>\u201eNe bih da generaliziram, ali neke stvari se stalno ponavljaju, vrte u krug. Svaki put kada neko poku\u0161a ne\u0161to \u0161to nije obi\u010dno, odmah se jave pojedinci koji su spremniji da to ne\u0161to &#8220;spuste&#8221; umjesto da slu\u0161aju, pro\u010ditaju i razmisle o tome \u0161to neko govori ili pi\u0161e. Te stvari, osim apsurdne bosanskohercgeova\u010dke politike, mi smetaju\u201c, obja\u0161njava \u0106ati\u0107.<\/p>\n\n\n\n<p>Za razliku od Demijana, njegov 27-godi\u0161nji sugra\u0111anin Kemal Goro sprema se za put u Njema\u010dku. Po zanimanju je elektromehani\u010dar i trenutno je zaposlen u Sarajevu.<\/p>\n\n\n\n<p>Me\u0111utim, kao i brojni gra\u0111ani, odlu\u010dio se na tri mjeseca odvojiti od supruge i djeteta kako bi radio u Njema\u010dkoj.<\/p>\n\n\n\n<p>\u201ePla\u0107e su ovdje lo\u0161e. I ja i supruga radimo, ali cijene su previsoke i na\u0161e dvije pla\u0107e nam ne nisu dovoljne da podmirimo osnovne potrebe&#8221;, obja\u0161njava Goro svoje motive odlaska.<\/p>\n\n\n\n<p>Upravo je u ovoj europskoj dr\u017eavi svoj \u017eivot nastavila obitelj \u010cau\u0161evi\u0107. Iz Sarajeva su oti\u0161li prije skoro \u010detiri godine.<\/p>\n\n\n\n<p>\u201eMoja supruga je dobila posao i odlu\u010dili smo oti\u0107i, umorni smo bili od apliciranja za posao, slu\u0161anja pri\u010da o ratu, siroma\u0161tvu, bezna\u0111u\u201c, ka\u017ee za DW, Amir \u010cau\u0161evi\u0107.<\/p>\n\n\n\n<p>Njegova supruga Sanela je diplomirani mikrobiolog i za nju nije bilo posla u BiH, radila je druge poslove.<\/p>\n\n\n\n<p>\u201eSanela trenutno radi kao asistent u jednoj stomatolo\u0161koj ordinaciji, ja radim svoj posao, elektri\u010dara\u201c, obja\u0161njava Amir.<\/p>\n\n\n\n<p>Tijekom 2021.godine iz BiH se iselilo 170.000 osoba<\/p>\n\n\n\n<p>Prema podacima Unije za odr\u017eivi povratak BiH u posljednjih \u0161est godina bilje\u017ei se rast odlazaka i to iz godine u godinu.<\/p>\n\n\n\n<p>Bosnu i Hercegovinu je samo tijekom 2021. godine napustilo oko 170.000 osoba, ka\u017ee Mirhunisa Zuki\u0107, predsjednica Unije.<\/p>\n\n\n\n<p>\u201eVe\u0107inu ljudi, koji su oti\u0161li pitali smo za razloge i uglavnom je to bezna\u0111e. Ve\u0107ina njih ne vidi da \u0107e u narednih nekoliko godina biti bolje u BIH. Ne mogu vi\u0161e da slu\u0161aju dnevno-politi\u010dka prepucavanja, pri\u010de o podjelama, raspadu dr\u017eave i svim onim \u0161to bh. politi\u010dari koriste kako bi suvereno vladali\u201c, obja\u0161njava Zuki\u0107.<\/p>\n\n\n\n<p>Prema podacima iz Ankete o radnoj snazi, koju objavljuje Agencija za statistiku BiH i Unija za odr\u017eivi povratak i integracije, Bosnu i Hercegovinu je od 2013. do 2019. godine napustilo 530.000 stanovnika.<\/p>\n\n\n\n<p>Pored toga \u0161to odlaze iz dr\u017eave, mnogi gra\u0111ani se odri\u010du bh. dr\u017eavljanstva. Prema slu\u017ebenoj evidenciji, od kraja rata to je napravilo blizu 85.000 ljudi.<\/p>\n\n\n\n<p>Prema posljednjem popisu stanovni\u0161tva, u BiH stanuje tri i pol milijuna ljudi. Od tog broja, ne\u0161to vi\u0161e od pola milijuna je mladih, u dobi od 19 do 29 godina.<\/p>\n\n\n\n<p>Istra\u017eivanje koje je objavio Populacijski fond Ujedinjenih nacija (UNFP) pokazuje da \u0107e 23.000 mladih, do 29 godina, napustiti BiH u idu\u0107ih 12 mjeseci.<\/p>\n\n\n\n<p>Kako se navodi u ovom istra\u017eivanju mlade na odlazak motivira nezadovoljstvo kvalitetom \u017eivota, nepovoljni socioekonomski uvjeti, nezaposlenost, te izostanak prilika za osobni rast i razvoj.<\/p>\n\n\n\n<p>Vlasti nemaju na\u010dine da zadr\u017ee mlade u BiH<\/p>\n\n\n\n<p>Istovremeno, dok gra\u0111ani \u010dekaju u redovima ispred veleposlanstava stranih dr\u017eava u BiH, predstavnici vlasti ne razmi\u0161ljaju na koji na\u010din zadr\u017eati ih u domovini.<\/p>\n\n\n\n<p>Tako su delegati u Parlamentu Federacije Bosne i Hercegovine na sjednici odr\u017eanoj 17.velja\u010de, umjesto politika kojim bi se sprije\u010dile migracije, izglasali da \u0161est op\u0107ina u ovom entitetu postanu gradovi. Status grada dobili su Konjic, Stolac, Zavidovi\u0107i, Ora\u0161je, Bosanska Krupa i Lukavac.<\/p>\n\n\n\n<p>Na\u010delnik Op\u0161tine Zavidovi\u0107i, Ha\u0161im Mujanovi\u0107 ka\u017ee da su proceduru oko dobijanja statusa grada pokrenuli prije tri godine.<\/p>\n\n\n\n<p>\u201eTo ne zna\u010di ve\u0107e ovlasti gradona\u010delnika, niti gradskog vije\u0107a. Nama to zna\u010di da \u0107emo kao grad lak\u0161e mo\u0107i do\u0107i do fondova Europske unije\u201c, obja\u0161njava Mujanovi\u0107.<\/p>\n\n\n\n<p>Gora\u017ede, grad na istoku BIH, koji pripada Bosansko-podrinjskoj \u017eupaniji dobio je status grada 2017. godine. Cijela \u017eupanija broji ne\u0161to vi\u0161e od 22.000 stanovnika<\/p>\n\n\n\n<p>Za Ernesta Imamovi\u0107a, mladog gradona\u010delnika Gora\u017eda su\u0161tina je samo, kako ka\u017ee u formalno-pravnom smislu promjena u nazivu.<\/p>\n\n\n\n<p>\u201e To je ura\u0111eno na federalnom nivou i predstavljeno kao ne\u0161to maestralno.Mi jo\u0161 uvijek rje\u0161avamo pitanje pitke vode za gra\u0111ane Gora\u017eda, pravimo kino salu, terene, vjerujte da je gra\u0111anima sasvim nebitno je li op\u0107ina ili grad, njima je bitan kvalitet \u017eivota\u201c, obja\u0161njava Imamovi\u0107.<\/p>\n\n\n\n<p>Kakvi su kriteriji da bi op\u0107ina postala grad?<\/p>\n\n\n\n<p>Kriteriji za dodjelu statusa grada u BiH ure\u0111eni su entitetskim Zakonima o principima lokalne samouprave.<\/p>\n\n\n\n<p>Kako se navodi u Zakonu, grad se, osim ustavom, uspostavlja federalnim zakonom na osnovu sporazuma o udru\u017eivanju dviju ili vi\u0161e op\u0107ina, a koji ima najmanje 30.000 stanovnika, odnosno u \u010dijem gradskom sredi\u0161tu kao zaokru\u017eenom urbanom podru\u010dju \u017eivi najmanje 10.000 stanovnika.<\/p>\n\n\n\n<p>Osim toga, gradom se po \u010dlanu 5 federalnog Zakona o principima lokalne samouprave mo\u017ee proglasiti op\u0107ina \u201eod posebnog povjesnog i kulturnog zna\u010daja\u201d.<\/p>\n\n\n\n<p>Ovaj \u010dlan Zakona dozvoljava i da grad mo\u017ee biti \u010dak i op\u0107ina koja nema ni tih 10.000 stanovnika, ako je sjedi\u0161te \u017eupanije.<\/p>\n\n\n\n<p>Gra\u0111anima statusi nebitni<\/p>\n\n\n\n<p>Sagovornici DW smatraju kako im status mjesta u kojem \u017eive ne mo\u017ee osigurati egzistenciju, niti bolju perspektivu.<\/p>\n\n\n\n<p>Demijan \u0106ati\u0107, koji ove godine zavr\u0161ava srednju \u0161kolu ka\u017ee kako se ni nakon studija ne planira vra\u0107ati u Sarajevo.<\/p>\n\n\n\n<p>\u201eDolazi\u0107u turisti\u010dki, ali trenutno ne \u017eelim ovdje nastaviti \u017eivjeti\u201c, ka\u017ee ovaj mladi Sarajlija.<\/p>\n\n\n\n<p>I Amir \u010cau\u0161evi\u0107, koji je u Njema\u010dku oti\u0161ao prije skoro \u010detiri godine misli isto.<\/p>\n\n\n\n<p>\u201eNisam se nimalo pokajao, ne namjeravam se vra\u0107ati u Sarajevo, iako smo i dole imali sigurne poslove. Posje\u0107ivat \u0107u BiH turisti\u010dki svake godine\u201c, ka\u017ee \u010cau\u0161evi\u0107.&nbsp;<\/p>\n\n\n\n<p>U dejtonskoj Bosni i Hercegovini sa cirka tri milijuna i ne\u0161to stanovnika namno\u017eilo se \u010dak 29 gradova, uz 143 op\u0107ine. Na podru\u010dju Federacije BiH status grada je do sada steklo 20 op\u0107ina, a u Republici Srpskoj postoji devet gradova.<\/p>\n\n\n\n<p>U naredna tri mjeseca, prema najavama \u010dlana Predsjedni\u0161tva BiH i lidera Saveza nezavisnih socijaldemokrata (SNSD), Milorada Dodika op\u0161tina Lakta\u0161i \u0107e dobiti status grada.<\/p>\n\n\n\n<p>Niko od na\u0161ih sugovornika nije znao objasniti zbog \u010dega entitetske vlasti mijenjaju statuse op\u0107ina u gradove, osim da se radi o politi\u010dkoj volji ve\u0107ine, pi\u0161e&nbsp;<a href=\"https:\/\/www.dw.com\/bs\/bosna-i-hercegovina-stanovnika-sve-manje-gradova-sve-vi%C5%A1e\/a-60931168\">DW.<\/a><\/p>\n\n\n\n<p>Izvor:DW<\/p>\n","protected":false},"excerpt":{"rendered":"<p>Dok broj gradova u Bosni i Hercegovini drasti\u010dno raste, istovremeno se smanjuje broj stanovnika. Republika Srpska bi uskoro trebala dobiti deseti grad, a Federacija Bosne i Hercegovine broji \u010dak 20 gradova. Demijan \u0106ati\u0107 iz Sarajeva planira napustiti Bosnu i Hercegovinu \u010dim zavr\u0161i srednju \u0161kolu. Plan mu je upisati studije u \u010ce\u0161koj Republici. Kako ka\u017ee za [&hellip;]<\/p>\n","protected":false},"author":2,"featured_media":119079,"comment_status":"closed","ping_status":"closed","sticky":false,"template":"","format":"standard","meta":{"h5ap_radio_sources":[],"footnotes":""},"categories":[1],"tags":[],"class_list":["post-119078","post","type-post","status-publish","format-standard","has-post-thumbnail","hentry","category-bihiregija"],"yoast_head":"<!-- This site is optimized with the Yoast SEO plugin v27.5 - https:\/\/yoast.com\/product\/yoast-seo-wordpress\/ -->\n<title>Bosna i Hercegovina: Stanovnika sve manje, gradova sve vi\u0161e - RADIO LJUBU\u0160KI<\/title>\n<meta name=\"robots\" content=\"index, follow, max-snippet:-1, max-image-preview:large, max-video-preview:-1\" \/>\n<link rel=\"canonical\" href=\"https:\/\/radioljubuski.ba\/index.php\/2022\/03\/08\/bosna-i-hercegovina-stanovnika-sve-manje-gradova-sve-vise\/\" \/>\n<meta property=\"og:locale\" content=\"hr_HR\" \/>\n<meta property=\"og:type\" content=\"article\" \/>\n<meta property=\"og:title\" content=\"Bosna i Hercegovina: Stanovnika sve manje, gradova sve vi\u0161e - RADIO LJUBU\u0160KI\" \/>\n<meta property=\"og:description\" content=\"Dok broj gradova u Bosni i Hercegovini drasti\u010dno raste, istovremeno se smanjuje broj stanovnika. Republika Srpska bi uskoro trebala dobiti deseti grad, a Federacija Bosne i Hercegovine broji \u010dak 20 gradova. Demijan \u0106ati\u0107 iz Sarajeva planira napustiti Bosnu i Hercegovinu \u010dim zavr\u0161i srednju \u0161kolu. Plan mu je upisati studije u \u010ce\u0161koj Republici. Kako ka\u017ee za [&hellip;]\" \/>\n<meta property=\"og:url\" content=\"https:\/\/radioljubuski.ba\/index.php\/2022\/03\/08\/bosna-i-hercegovina-stanovnika-sve-manje-gradova-sve-vise\/\" \/>\n<meta property=\"og:site_name\" content=\"RADIO LJUBU\u0160KI\" \/>\n<meta property=\"article:publisher\" content=\"https:\/\/www.facebook.com\/Radiio-Ljubuski-1490835324566332\" \/>\n<meta property=\"article:published_time\" content=\"2022-03-07T23:02:25+00:00\" \/>\n<meta property=\"article:modified_time\" content=\"2022-03-07T23:02:26+00:00\" \/>\n<meta property=\"og:image\" content=\"https:\/\/radioljubuski.ba\/wp-content\/uploads\/2022\/03\/60917948_101.jpeg\" \/>\n\t<meta property=\"og:image:width\" content=\"1024\" \/>\n\t<meta property=\"og:image:height\" content=\"576\" \/>\n\t<meta property=\"og:image:type\" content=\"image\/jpeg\" \/>\n<meta name=\"author\" content=\"Radio Ljubu\u0161ki\" \/>\n<meta name=\"twitter:card\" content=\"summary_large_image\" \/>\n<meta name=\"twitter:creator\" content=\"@radioljubuski\" \/>\n<meta name=\"twitter:site\" content=\"@radioljubuski\" \/>\n<meta name=\"twitter:label1\" content=\"Napisao\/la\" \/>\n\t<meta name=\"twitter:data1\" content=\"Radio Ljubu\u0161ki\" \/>\n\t<meta name=\"twitter:label2\" content=\"Procijenjeno vrijeme \u010ditanja\" \/>\n\t<meta name=\"twitter:data2\" content=\"5 minuta\" \/>\n<script type=\"application\/ld+json\" class=\"yoast-schema-graph\">{\"@context\":\"https:\\\/\\\/schema.org\",\"@graph\":[{\"@type\":\"Article\",\"@id\":\"https:\\\/\\\/radioljubuski.ba\\\/index.php\\\/2022\\\/03\\\/08\\\/bosna-i-hercegovina-stanovnika-sve-manje-gradova-sve-vise\\\/#article\",\"isPartOf\":{\"@id\":\"https:\\\/\\\/radioljubuski.ba\\\/index.php\\\/2022\\\/03\\\/08\\\/bosna-i-hercegovina-stanovnika-sve-manje-gradova-sve-vise\\\/\"},\"author\":{\"name\":\"Radio Ljubu\u0161ki\",\"@id\":\"https:\\\/\\\/radioljubuski.ba\\\/#\\\/schema\\\/person\\\/19fc700381a780f69665d7956c469e3b\"},\"headline\":\"Bosna i Hercegovina: Stanovnika sve manje, gradova sve vi\u0161e\",\"datePublished\":\"2022-03-07T23:02:25+00:00\",\"dateModified\":\"2022-03-07T23:02:26+00:00\",\"mainEntityOfPage\":{\"@id\":\"https:\\\/\\\/radioljubuski.ba\\\/index.php\\\/2022\\\/03\\\/08\\\/bosna-i-hercegovina-stanovnika-sve-manje-gradova-sve-vise\\\/\"},\"wordCount\":1194,\"publisher\":{\"@id\":\"https:\\\/\\\/radioljubuski.ba\\\/#organization\"},\"image\":{\"@id\":\"https:\\\/\\\/radioljubuski.ba\\\/index.php\\\/2022\\\/03\\\/08\\\/bosna-i-hercegovina-stanovnika-sve-manje-gradova-sve-vise\\\/#primaryimage\"},\"thumbnailUrl\":\"https:\\\/\\\/radioljubuski.ba\\\/wp-content\\\/uploads\\\/2022\\\/03\\\/60917948_101.jpeg\",\"articleSection\":[\"BIH i regija\"],\"inLanguage\":\"hr\"},{\"@type\":\"WebPage\",\"@id\":\"https:\\\/\\\/radioljubuski.ba\\\/index.php\\\/2022\\\/03\\\/08\\\/bosna-i-hercegovina-stanovnika-sve-manje-gradova-sve-vise\\\/\",\"url\":\"https:\\\/\\\/radioljubuski.ba\\\/index.php\\\/2022\\\/03\\\/08\\\/bosna-i-hercegovina-stanovnika-sve-manje-gradova-sve-vise\\\/\",\"name\":\"Bosna i Hercegovina: Stanovnika sve manje, gradova sve vi\u0161e - RADIO LJUBU\u0160KI\",\"isPartOf\":{\"@id\":\"https:\\\/\\\/radioljubuski.ba\\\/#website\"},\"primaryImageOfPage\":{\"@id\":\"https:\\\/\\\/radioljubuski.ba\\\/index.php\\\/2022\\\/03\\\/08\\\/bosna-i-hercegovina-stanovnika-sve-manje-gradova-sve-vise\\\/#primaryimage\"},\"image\":{\"@id\":\"https:\\\/\\\/radioljubuski.ba\\\/index.php\\\/2022\\\/03\\\/08\\\/bosna-i-hercegovina-stanovnika-sve-manje-gradova-sve-vise\\\/#primaryimage\"},\"thumbnailUrl\":\"https:\\\/\\\/radioljubuski.ba\\\/wp-content\\\/uploads\\\/2022\\\/03\\\/60917948_101.jpeg\",\"datePublished\":\"2022-03-07T23:02:25+00:00\",\"dateModified\":\"2022-03-07T23:02:26+00:00\",\"breadcrumb\":{\"@id\":\"https:\\\/\\\/radioljubuski.ba\\\/index.php\\\/2022\\\/03\\\/08\\\/bosna-i-hercegovina-stanovnika-sve-manje-gradova-sve-vise\\\/#breadcrumb\"},\"inLanguage\":\"hr\",\"potentialAction\":[{\"@type\":\"ReadAction\",\"target\":[\"https:\\\/\\\/radioljubuski.ba\\\/index.php\\\/2022\\\/03\\\/08\\\/bosna-i-hercegovina-stanovnika-sve-manje-gradova-sve-vise\\\/\"]}]},{\"@type\":\"ImageObject\",\"inLanguage\":\"hr\",\"@id\":\"https:\\\/\\\/radioljubuski.ba\\\/index.php\\\/2022\\\/03\\\/08\\\/bosna-i-hercegovina-stanovnika-sve-manje-gradova-sve-vise\\\/#primaryimage\",\"url\":\"https:\\\/\\\/radioljubuski.ba\\\/wp-content\\\/uploads\\\/2022\\\/03\\\/60917948_101.jpeg\",\"contentUrl\":\"https:\\\/\\\/radioljubuski.ba\\\/wp-content\\\/uploads\\\/2022\\\/03\\\/60917948_101.jpeg\",\"width\":1024,\"height\":576},{\"@type\":\"BreadcrumbList\",\"@id\":\"https:\\\/\\\/radioljubuski.ba\\\/index.php\\\/2022\\\/03\\\/08\\\/bosna-i-hercegovina-stanovnika-sve-manje-gradova-sve-vise\\\/#breadcrumb\",\"itemListElement\":[{\"@type\":\"ListItem\",\"position\":1,\"name\":\"Po\u010detna stranica\",\"item\":\"https:\\\/\\\/radioljubuski.ba\\\/\"},{\"@type\":\"ListItem\",\"position\":2,\"name\":\"Bosna i Hercegovina: Stanovnika sve manje, gradova sve vi\u0161e\"}]},{\"@type\":\"WebSite\",\"@id\":\"https:\\\/\\\/radioljubuski.ba\\\/#website\",\"url\":\"https:\\\/\\\/radioljubuski.ba\\\/\",\"name\":\"Radio Ljubu\u0161ki\",\"description\":\"Sun\u010dana frekvencija Hercegovine\",\"publisher\":{\"@id\":\"https:\\\/\\\/radioljubuski.ba\\\/#organization\"},\"potentialAction\":[{\"@type\":\"SearchAction\",\"target\":{\"@type\":\"EntryPoint\",\"urlTemplate\":\"https:\\\/\\\/radioljubuski.ba\\\/?s={search_term_string}\"},\"query-input\":{\"@type\":\"PropertyValueSpecification\",\"valueRequired\":true,\"valueName\":\"search_term_string\"}}],\"inLanguage\":\"hr\"},{\"@type\":\"Organization\",\"@id\":\"https:\\\/\\\/radioljubuski.ba\\\/#organization\",\"name\":\"Radio Ljubu\u0161ki\",\"url\":\"https:\\\/\\\/radioljubuski.ba\\\/\",\"logo\":{\"@type\":\"ImageObject\",\"inLanguage\":\"hr\",\"@id\":\"https:\\\/\\\/radioljubuski.ba\\\/#\\\/schema\\\/logo\\\/image\\\/\",\"url\":\"https:\\\/\\\/radioljubuski.ba\\\/wp-content\\\/uploads\\\/2021\\\/02\\\/cropped-Radio_Ljubuski_logo1.jpg\",\"contentUrl\":\"https:\\\/\\\/radioljubuski.ba\\\/wp-content\\\/uploads\\\/2021\\\/02\\\/cropped-Radio_Ljubuski_logo1.jpg\",\"width\":512,\"height\":512,\"caption\":\"Radio Ljubu\u0161ki\"},\"image\":{\"@id\":\"https:\\\/\\\/radioljubuski.ba\\\/#\\\/schema\\\/logo\\\/image\\\/\"},\"sameAs\":[\"https:\\\/\\\/www.facebook.com\\\/Radiio-Ljubuski-1490835324566332\",\"https:\\\/\\\/x.com\\\/radioljubuski\",\"https:\\\/\\\/hr.linkedin.com\\\/company\\\/radio-ljubuski\",\"https:\\\/\\\/www.youtube.com\\\/channel\\\/UCHYaeO_n0Db3tjNGudGpXyw\"]},{\"@type\":\"Person\",\"@id\":\"https:\\\/\\\/radioljubuski.ba\\\/#\\\/schema\\\/person\\\/19fc700381a780f69665d7956c469e3b\",\"name\":\"Radio Ljubu\u0161ki\"}]}<\/script>\n<!-- \/ Yoast SEO plugin. -->","yoast_head_json":{"title":"Bosna i Hercegovina: Stanovnika sve manje, gradova sve vi\u0161e - RADIO LJUBU\u0160KI","robots":{"index":"index","follow":"follow","max-snippet":"max-snippet:-1","max-image-preview":"max-image-preview:large","max-video-preview":"max-video-preview:-1"},"canonical":"https:\/\/radioljubuski.ba\/index.php\/2022\/03\/08\/bosna-i-hercegovina-stanovnika-sve-manje-gradova-sve-vise\/","og_locale":"hr_HR","og_type":"article","og_title":"Bosna i Hercegovina: Stanovnika sve manje, gradova sve vi\u0161e - RADIO LJUBU\u0160KI","og_description":"Dok broj gradova u Bosni i Hercegovini drasti\u010dno raste, istovremeno se smanjuje broj stanovnika. Republika Srpska bi uskoro trebala dobiti deseti grad, a Federacija Bosne i Hercegovine broji \u010dak 20 gradova. Demijan \u0106ati\u0107 iz Sarajeva planira napustiti Bosnu i Hercegovinu \u010dim zavr\u0161i srednju \u0161kolu. Plan mu je upisati studije u \u010ce\u0161koj Republici. Kako ka\u017ee za [&hellip;]","og_url":"https:\/\/radioljubuski.ba\/index.php\/2022\/03\/08\/bosna-i-hercegovina-stanovnika-sve-manje-gradova-sve-vise\/","og_site_name":"RADIO LJUBU\u0160KI","article_publisher":"https:\/\/www.facebook.com\/Radiio-Ljubuski-1490835324566332","article_published_time":"2022-03-07T23:02:25+00:00","article_modified_time":"2022-03-07T23:02:26+00:00","og_image":[{"width":1024,"height":576,"url":"https:\/\/radioljubuski.ba\/wp-content\/uploads\/2022\/03\/60917948_101.jpeg","type":"image\/jpeg"}],"author":"Radio Ljubu\u0161ki","twitter_card":"summary_large_image","twitter_creator":"@radioljubuski","twitter_site":"@radioljubuski","twitter_misc":{"Napisao\/la":"Radio Ljubu\u0161ki","Procijenjeno vrijeme \u010ditanja":"5 minuta"},"schema":{"@context":"https:\/\/schema.org","@graph":[{"@type":"Article","@id":"https:\/\/radioljubuski.ba\/index.php\/2022\/03\/08\/bosna-i-hercegovina-stanovnika-sve-manje-gradova-sve-vise\/#article","isPartOf":{"@id":"https:\/\/radioljubuski.ba\/index.php\/2022\/03\/08\/bosna-i-hercegovina-stanovnika-sve-manje-gradova-sve-vise\/"},"author":{"name":"Radio Ljubu\u0161ki","@id":"https:\/\/radioljubuski.ba\/#\/schema\/person\/19fc700381a780f69665d7956c469e3b"},"headline":"Bosna i Hercegovina: Stanovnika sve manje, gradova sve vi\u0161e","datePublished":"2022-03-07T23:02:25+00:00","dateModified":"2022-03-07T23:02:26+00:00","mainEntityOfPage":{"@id":"https:\/\/radioljubuski.ba\/index.php\/2022\/03\/08\/bosna-i-hercegovina-stanovnika-sve-manje-gradova-sve-vise\/"},"wordCount":1194,"publisher":{"@id":"https:\/\/radioljubuski.ba\/#organization"},"image":{"@id":"https:\/\/radioljubuski.ba\/index.php\/2022\/03\/08\/bosna-i-hercegovina-stanovnika-sve-manje-gradova-sve-vise\/#primaryimage"},"thumbnailUrl":"https:\/\/radioljubuski.ba\/wp-content\/uploads\/2022\/03\/60917948_101.jpeg","articleSection":["BIH i regija"],"inLanguage":"hr"},{"@type":"WebPage","@id":"https:\/\/radioljubuski.ba\/index.php\/2022\/03\/08\/bosna-i-hercegovina-stanovnika-sve-manje-gradova-sve-vise\/","url":"https:\/\/radioljubuski.ba\/index.php\/2022\/03\/08\/bosna-i-hercegovina-stanovnika-sve-manje-gradova-sve-vise\/","name":"Bosna i Hercegovina: Stanovnika sve manje, gradova sve vi\u0161e - RADIO LJUBU\u0160KI","isPartOf":{"@id":"https:\/\/radioljubuski.ba\/#website"},"primaryImageOfPage":{"@id":"https:\/\/radioljubuski.ba\/index.php\/2022\/03\/08\/bosna-i-hercegovina-stanovnika-sve-manje-gradova-sve-vise\/#primaryimage"},"image":{"@id":"https:\/\/radioljubuski.ba\/index.php\/2022\/03\/08\/bosna-i-hercegovina-stanovnika-sve-manje-gradova-sve-vise\/#primaryimage"},"thumbnailUrl":"https:\/\/radioljubuski.ba\/wp-content\/uploads\/2022\/03\/60917948_101.jpeg","datePublished":"2022-03-07T23:02:25+00:00","dateModified":"2022-03-07T23:02:26+00:00","breadcrumb":{"@id":"https:\/\/radioljubuski.ba\/index.php\/2022\/03\/08\/bosna-i-hercegovina-stanovnika-sve-manje-gradova-sve-vise\/#breadcrumb"},"inLanguage":"hr","potentialAction":[{"@type":"ReadAction","target":["https:\/\/radioljubuski.ba\/index.php\/2022\/03\/08\/bosna-i-hercegovina-stanovnika-sve-manje-gradova-sve-vise\/"]}]},{"@type":"ImageObject","inLanguage":"hr","@id":"https:\/\/radioljubuski.ba\/index.php\/2022\/03\/08\/bosna-i-hercegovina-stanovnika-sve-manje-gradova-sve-vise\/#primaryimage","url":"https:\/\/radioljubuski.ba\/wp-content\/uploads\/2022\/03\/60917948_101.jpeg","contentUrl":"https:\/\/radioljubuski.ba\/wp-content\/uploads\/2022\/03\/60917948_101.jpeg","width":1024,"height":576},{"@type":"BreadcrumbList","@id":"https:\/\/radioljubuski.ba\/index.php\/2022\/03\/08\/bosna-i-hercegovina-stanovnika-sve-manje-gradova-sve-vise\/#breadcrumb","itemListElement":[{"@type":"ListItem","position":1,"name":"Po\u010detna stranica","item":"https:\/\/radioljubuski.ba\/"},{"@type":"ListItem","position":2,"name":"Bosna i Hercegovina: Stanovnika sve manje, gradova sve vi\u0161e"}]},{"@type":"WebSite","@id":"https:\/\/radioljubuski.ba\/#website","url":"https:\/\/radioljubuski.ba\/","name":"Radio Ljubu\u0161ki","description":"Sun\u010dana frekvencija Hercegovine","publisher":{"@id":"https:\/\/radioljubuski.ba\/#organization"},"potentialAction":[{"@type":"SearchAction","target":{"@type":"EntryPoint","urlTemplate":"https:\/\/radioljubuski.ba\/?s={search_term_string}"},"query-input":{"@type":"PropertyValueSpecification","valueRequired":true,"valueName":"search_term_string"}}],"inLanguage":"hr"},{"@type":"Organization","@id":"https:\/\/radioljubuski.ba\/#organization","name":"Radio Ljubu\u0161ki","url":"https:\/\/radioljubuski.ba\/","logo":{"@type":"ImageObject","inLanguage":"hr","@id":"https:\/\/radioljubuski.ba\/#\/schema\/logo\/image\/","url":"https:\/\/radioljubuski.ba\/wp-content\/uploads\/2021\/02\/cropped-Radio_Ljubuski_logo1.jpg","contentUrl":"https:\/\/radioljubuski.ba\/wp-content\/uploads\/2021\/02\/cropped-Radio_Ljubuski_logo1.jpg","width":512,"height":512,"caption":"Radio Ljubu\u0161ki"},"image":{"@id":"https:\/\/radioljubuski.ba\/#\/schema\/logo\/image\/"},"sameAs":["https:\/\/www.facebook.com\/Radiio-Ljubuski-1490835324566332","https:\/\/x.com\/radioljubuski","https:\/\/hr.linkedin.com\/company\/radio-ljubuski","https:\/\/www.youtube.com\/channel\/UCHYaeO_n0Db3tjNGudGpXyw"]},{"@type":"Person","@id":"https:\/\/radioljubuski.ba\/#\/schema\/person\/19fc700381a780f69665d7956c469e3b","name":"Radio Ljubu\u0161ki"}]}},"_links":{"self":[{"href":"https:\/\/radioljubuski.ba\/index.php\/wp-json\/wp\/v2\/posts\/119078","targetHints":{"allow":["GET"]}}],"collection":[{"href":"https:\/\/radioljubuski.ba\/index.php\/wp-json\/wp\/v2\/posts"}],"about":[{"href":"https:\/\/radioljubuski.ba\/index.php\/wp-json\/wp\/v2\/types\/post"}],"author":[{"embeddable":true,"href":"https:\/\/radioljubuski.ba\/index.php\/wp-json\/wp\/v2\/users\/2"}],"replies":[{"embeddable":true,"href":"https:\/\/radioljubuski.ba\/index.php\/wp-json\/wp\/v2\/comments?post=119078"}],"version-history":[{"count":1,"href":"https:\/\/radioljubuski.ba\/index.php\/wp-json\/wp\/v2\/posts\/119078\/revisions"}],"predecessor-version":[{"id":119080,"href":"https:\/\/radioljubuski.ba\/index.php\/wp-json\/wp\/v2\/posts\/119078\/revisions\/119080"}],"wp:featuredmedia":[{"embeddable":true,"href":"https:\/\/radioljubuski.ba\/index.php\/wp-json\/wp\/v2\/media\/119079"}],"wp:attachment":[{"href":"https:\/\/radioljubuski.ba\/index.php\/wp-json\/wp\/v2\/media?parent=119078"}],"wp:term":[{"taxonomy":"category","embeddable":true,"href":"https:\/\/radioljubuski.ba\/index.php\/wp-json\/wp\/v2\/categories?post=119078"},{"taxonomy":"post_tag","embeddable":true,"href":"https:\/\/radioljubuski.ba\/index.php\/wp-json\/wp\/v2\/tags?post=119078"}],"curies":[{"name":"wp","href":"https:\/\/api.w.org\/{rel}","templated":true}]}}