{"id":119081,"date":"2022-03-08T00:03:23","date_gmt":"2022-03-07T23:03:23","guid":{"rendered":"https:\/\/radioljubuski.ba\/?p=119081"},"modified":"2022-03-08T00:03:24","modified_gmt":"2022-03-07T23:03:24","slug":"bih-pokrenuta-inicijativa-za-laksi-ulazak-i-boravak-ukrajinskih-izbjeglica","status":"publish","type":"post","link":"https:\/\/radioljubuski.ba\/index.php\/2022\/03\/08\/bih-pokrenuta-inicijativa-za-laksi-ulazak-i-boravak-ukrajinskih-izbjeglica\/","title":{"rendered":"BiH: Pokrenuta inicijativa za lak\u0161i ulazak i boravak ukrajinskih izbjeglica"},"content":{"rendered":"\n<p>Dr\u017eavna ministrica civilnih poslova Bosne i Hercegovine Ankica Gudeljevi\u0107 (HDZ BiH) zatra\u017eila je u ponedjeljak da se olak\u0161a ulazak i boravak ukrajinskih izbjeglica u toj zemlji nakon \u0161to je 200-injak osoba pristiglo u svjetski poznato mjesto molitve Me\u0111ugorje proteklih dana.&nbsp;<\/p>\n\n\n\n<p>U dopisu upu\u0107enom ministarstvu sigurnosti BiH poja\u0161njava se kako je resor civilnih poslova dobio veliki broj upita zbog \u010dega su pokrenuli inicijativu oko dono\u0161enje posebnih propisa prema Ukrajincima \u0161to treba odobriti dr\u017eavno Vije\u0107e ministara BiH.&nbsp;<\/p>\n\n\n\n<p>&#8220;Na ovaj na\u010din \u0107e BiH pomo\u0107i obiteljima koje su bile prisiljene napustiti svoje domove u ratom poharanoj Ukrajini, vratiti im dostojanstvo, a \u0161to omogu\u0107uje ukidanje administrativnih zapreka za ulazak u Bosnu i Hercegovinu, stjecanje statusa izbjeglica, ali i sva druga aktualna pitanja vezana uz ovu novonastalu situaciju u Ukrajini&#8221;, navodi se u dopisu.&nbsp;<\/p>\n\n\n\n<p>Ministrica Gudeljevi\u0107 izrazila je o\u010dekivanje da \u0107e vlasti BiH slijediti odluke zemalja Europske unije te pokazati solidarnost s ukrajinskim izbjeglicama.&nbsp;<\/p>\n\n\n\n<p>Vije\u0107e ministara BiH treba donijeti odluku za sve dr\u017eavljane Ukrajine kako bi im se priznao izbjegli\u010dki status u toj zemlji.<\/p>\n\n\n\n<p>O\u010dekuje se da im se omogu\u0107i ulazak na grani\u010dnim prijelazima s bilo kojim dokumentom, a ne samo s putovnicama.<\/p>\n\n\n\n<p>Trenuta\u010dno gra\u0111ani Ukrajine u BiH mogu boraviti maksimalno 30 dana kao turisti nakon \u010dega bi morali napustiti zemlju. Uz produ\u017eenje vremenskog roka za boravak u BiH treba im se omogu\u0107iti slobodno kretanje, osigurati zdravstvena skrb i besplatno obrazovanje te omogu\u0107iti zaposlenje, stoji u inicijativi. &nbsp;<\/p>\n\n\n\n<p>Od izbijanja krize u Ukrajini oko 200 izbjeglica stiglo je u poznato hodo\u010dasni\u010dko mjesto Me\u0111ugorje gdje su smje\u0161teni kod vlasnika hotela i apartmana koji su iskazali solidarnost s ljudima u nevolji.&nbsp;<\/p>\n\n\n\n<p>Izvor:pogled.ba<\/p>\n","protected":false},"excerpt":{"rendered":"<p>Dr\u017eavna ministrica civilnih poslova Bosne i Hercegovine Ankica Gudeljevi\u0107 (HDZ BiH) zatra\u017eila je u ponedjeljak da se olak\u0161a ulazak i boravak ukrajinskih izbjeglica u toj zemlji nakon \u0161to je 200-injak osoba pristiglo u svjetski poznato mjesto molitve Me\u0111ugorje proteklih dana.&nbsp; U dopisu upu\u0107enom ministarstvu sigurnosti BiH poja\u0161njava se kako je resor civilnih poslova dobio veliki [&hellip;]<\/p>\n","protected":false},"author":2,"featured_media":119082,"comment_status":"closed","ping_status":"closed","sticky":false,"template":"","format":"standard","meta":{"h5ap_radio_sources":[],"footnotes":""},"categories":[1],"tags":[],"class_list":["post-119081","post","type-post","status-publish","format-standard","has-post-thumbnail","hentry","category-bihiregija"],"yoast_head":"<!-- This site is optimized with the Yoast SEO plugin v27.5 - https:\/\/yoast.com\/product\/yoast-seo-wordpress\/ -->\n<title>BiH: Pokrenuta inicijativa za lak\u0161i ulazak i boravak ukrajinskih izbjeglica - RADIO LJUBU\u0160KI<\/title>\n<meta name=\"robots\" content=\"index, follow, max-snippet:-1, max-image-preview:large, max-video-preview:-1\" \/>\n<link rel=\"canonical\" href=\"https:\/\/radioljubuski.ba\/index.php\/2022\/03\/08\/bih-pokrenuta-inicijativa-za-laksi-ulazak-i-boravak-ukrajinskih-izbjeglica\/\" \/>\n<meta property=\"og:locale\" content=\"hr_HR\" \/>\n<meta property=\"og:type\" content=\"article\" \/>\n<meta property=\"og:title\" content=\"BiH: Pokrenuta inicijativa za lak\u0161i ulazak i boravak ukrajinskih izbjeglica - RADIO LJUBU\u0160KI\" \/>\n<meta property=\"og:description\" content=\"Dr\u017eavna ministrica civilnih poslova Bosne i Hercegovine Ankica Gudeljevi\u0107 (HDZ BiH) zatra\u017eila je u ponedjeljak da se olak\u0161a ulazak i boravak ukrajinskih izbjeglica u toj zemlji nakon \u0161to je 200-injak osoba pristiglo u svjetski poznato mjesto molitve Me\u0111ugorje proteklih dana.&nbsp; U dopisu upu\u0107enom ministarstvu sigurnosti BiH poja\u0161njava se kako je resor civilnih poslova dobio veliki [&hellip;]\" \/>\n<meta property=\"og:url\" content=\"https:\/\/radioljubuski.ba\/index.php\/2022\/03\/08\/bih-pokrenuta-inicijativa-za-laksi-ulazak-i-boravak-ukrajinskih-izbjeglica\/\" \/>\n<meta property=\"og:site_name\" content=\"RADIO LJUBU\u0160KI\" \/>\n<meta property=\"article:publisher\" content=\"https:\/\/www.facebook.com\/Radiio-Ljubuski-1490835324566332\" \/>\n<meta property=\"article:published_time\" content=\"2022-03-07T23:03:23+00:00\" \/>\n<meta property=\"article:modified_time\" content=\"2022-03-07T23:03:24+00:00\" \/>\n<meta property=\"og:image\" content=\"https:\/\/radioljubuski.ba\/wp-content\/uploads\/2022\/03\/7-2022-02-26-15-04-54-izbjeglicee.jpg\" \/>\n\t<meta property=\"og:image:width\" content=\"1000\" \/>\n\t<meta property=\"og:image:height\" content=\"625\" \/>\n\t<meta property=\"og:image:type\" content=\"image\/jpeg\" \/>\n<meta name=\"author\" content=\"Radio Ljubu\u0161ki\" \/>\n<meta name=\"twitter:card\" content=\"summary_large_image\" \/>\n<meta name=\"twitter:creator\" content=\"@radioljubuski\" \/>\n<meta name=\"twitter:site\" content=\"@radioljubuski\" \/>\n<meta name=\"twitter:label1\" content=\"Napisao\/la\" \/>\n\t<meta name=\"twitter:data1\" content=\"Radio Ljubu\u0161ki\" \/>\n\t<meta name=\"twitter:label2\" content=\"Procijenjeno vrijeme \u010ditanja\" \/>\n\t<meta name=\"twitter:data2\" content=\"2 minute\" \/>\n<script type=\"application\/ld+json\" class=\"yoast-schema-graph\">{\"@context\":\"https:\\\/\\\/schema.org\",\"@graph\":[{\"@type\":\"Article\",\"@id\":\"https:\\\/\\\/radioljubuski.ba\\\/index.php\\\/2022\\\/03\\\/08\\\/bih-pokrenuta-inicijativa-za-laksi-ulazak-i-boravak-ukrajinskih-izbjeglica\\\/#article\",\"isPartOf\":{\"@id\":\"https:\\\/\\\/radioljubuski.ba\\\/index.php\\\/2022\\\/03\\\/08\\\/bih-pokrenuta-inicijativa-za-laksi-ulazak-i-boravak-ukrajinskih-izbjeglica\\\/\"},\"author\":{\"name\":\"Radio Ljubu\u0161ki\",\"@id\":\"https:\\\/\\\/radioljubuski.ba\\\/#\\\/schema\\\/person\\\/19fc700381a780f69665d7956c469e3b\"},\"headline\":\"BiH: Pokrenuta inicijativa za lak\u0161i ulazak i boravak ukrajinskih izbjeglica\",\"datePublished\":\"2022-03-07T23:03:23+00:00\",\"dateModified\":\"2022-03-07T23:03:24+00:00\",\"mainEntityOfPage\":{\"@id\":\"https:\\\/\\\/radioljubuski.ba\\\/index.php\\\/2022\\\/03\\\/08\\\/bih-pokrenuta-inicijativa-za-laksi-ulazak-i-boravak-ukrajinskih-izbjeglica\\\/\"},\"wordCount\":308,\"publisher\":{\"@id\":\"https:\\\/\\\/radioljubuski.ba\\\/#organization\"},\"image\":{\"@id\":\"https:\\\/\\\/radioljubuski.ba\\\/index.php\\\/2022\\\/03\\\/08\\\/bih-pokrenuta-inicijativa-za-laksi-ulazak-i-boravak-ukrajinskih-izbjeglica\\\/#primaryimage\"},\"thumbnailUrl\":\"https:\\\/\\\/radioljubuski.ba\\\/wp-content\\\/uploads\\\/2022\\\/03\\\/7-2022-02-26-15-04-54-izbjeglicee.jpg\",\"articleSection\":[\"BIH i regija\"],\"inLanguage\":\"hr\"},{\"@type\":\"WebPage\",\"@id\":\"https:\\\/\\\/radioljubuski.ba\\\/index.php\\\/2022\\\/03\\\/08\\\/bih-pokrenuta-inicijativa-za-laksi-ulazak-i-boravak-ukrajinskih-izbjeglica\\\/\",\"url\":\"https:\\\/\\\/radioljubuski.ba\\\/index.php\\\/2022\\\/03\\\/08\\\/bih-pokrenuta-inicijativa-za-laksi-ulazak-i-boravak-ukrajinskih-izbjeglica\\\/\",\"name\":\"BiH: Pokrenuta inicijativa za lak\u0161i ulazak i boravak ukrajinskih izbjeglica - RADIO LJUBU\u0160KI\",\"isPartOf\":{\"@id\":\"https:\\\/\\\/radioljubuski.ba\\\/#website\"},\"primaryImageOfPage\":{\"@id\":\"https:\\\/\\\/radioljubuski.ba\\\/index.php\\\/2022\\\/03\\\/08\\\/bih-pokrenuta-inicijativa-za-laksi-ulazak-i-boravak-ukrajinskih-izbjeglica\\\/#primaryimage\"},\"image\":{\"@id\":\"https:\\\/\\\/radioljubuski.ba\\\/index.php\\\/2022\\\/03\\\/08\\\/bih-pokrenuta-inicijativa-za-laksi-ulazak-i-boravak-ukrajinskih-izbjeglica\\\/#primaryimage\"},\"thumbnailUrl\":\"https:\\\/\\\/radioljubuski.ba\\\/wp-content\\\/uploads\\\/2022\\\/03\\\/7-2022-02-26-15-04-54-izbjeglicee.jpg\",\"datePublished\":\"2022-03-07T23:03:23+00:00\",\"dateModified\":\"2022-03-07T23:03:24+00:00\",\"breadcrumb\":{\"@id\":\"https:\\\/\\\/radioljubuski.ba\\\/index.php\\\/2022\\\/03\\\/08\\\/bih-pokrenuta-inicijativa-za-laksi-ulazak-i-boravak-ukrajinskih-izbjeglica\\\/#breadcrumb\"},\"inLanguage\":\"hr\",\"potentialAction\":[{\"@type\":\"ReadAction\",\"target\":[\"https:\\\/\\\/radioljubuski.ba\\\/index.php\\\/2022\\\/03\\\/08\\\/bih-pokrenuta-inicijativa-za-laksi-ulazak-i-boravak-ukrajinskih-izbjeglica\\\/\"]}]},{\"@type\":\"ImageObject\",\"inLanguage\":\"hr\",\"@id\":\"https:\\\/\\\/radioljubuski.ba\\\/index.php\\\/2022\\\/03\\\/08\\\/bih-pokrenuta-inicijativa-za-laksi-ulazak-i-boravak-ukrajinskih-izbjeglica\\\/#primaryimage\",\"url\":\"https:\\\/\\\/radioljubuski.ba\\\/wp-content\\\/uploads\\\/2022\\\/03\\\/7-2022-02-26-15-04-54-izbjeglicee.jpg\",\"contentUrl\":\"https:\\\/\\\/radioljubuski.ba\\\/wp-content\\\/uploads\\\/2022\\\/03\\\/7-2022-02-26-15-04-54-izbjeglicee.jpg\",\"width\":1000,\"height\":625},{\"@type\":\"BreadcrumbList\",\"@id\":\"https:\\\/\\\/radioljubuski.ba\\\/index.php\\\/2022\\\/03\\\/08\\\/bih-pokrenuta-inicijativa-za-laksi-ulazak-i-boravak-ukrajinskih-izbjeglica\\\/#breadcrumb\",\"itemListElement\":[{\"@type\":\"ListItem\",\"position\":1,\"name\":\"Po\u010detna stranica\",\"item\":\"https:\\\/\\\/radioljubuski.ba\\\/\"},{\"@type\":\"ListItem\",\"position\":2,\"name\":\"BiH: Pokrenuta inicijativa za lak\u0161i ulazak i boravak ukrajinskih izbjeglica\"}]},{\"@type\":\"WebSite\",\"@id\":\"https:\\\/\\\/radioljubuski.ba\\\/#website\",\"url\":\"https:\\\/\\\/radioljubuski.ba\\\/\",\"name\":\"Radio Ljubu\u0161ki\",\"description\":\"Sun\u010dana frekvencija Hercegovine\",\"publisher\":{\"@id\":\"https:\\\/\\\/radioljubuski.ba\\\/#organization\"},\"potentialAction\":[{\"@type\":\"SearchAction\",\"target\":{\"@type\":\"EntryPoint\",\"urlTemplate\":\"https:\\\/\\\/radioljubuski.ba\\\/?s={search_term_string}\"},\"query-input\":{\"@type\":\"PropertyValueSpecification\",\"valueRequired\":true,\"valueName\":\"search_term_string\"}}],\"inLanguage\":\"hr\"},{\"@type\":\"Organization\",\"@id\":\"https:\\\/\\\/radioljubuski.ba\\\/#organization\",\"name\":\"Radio Ljubu\u0161ki\",\"url\":\"https:\\\/\\\/radioljubuski.ba\\\/\",\"logo\":{\"@type\":\"ImageObject\",\"inLanguage\":\"hr\",\"@id\":\"https:\\\/\\\/radioljubuski.ba\\\/#\\\/schema\\\/logo\\\/image\\\/\",\"url\":\"https:\\\/\\\/radioljubuski.ba\\\/wp-content\\\/uploads\\\/2021\\\/02\\\/cropped-Radio_Ljubuski_logo1.jpg\",\"contentUrl\":\"https:\\\/\\\/radioljubuski.ba\\\/wp-content\\\/uploads\\\/2021\\\/02\\\/cropped-Radio_Ljubuski_logo1.jpg\",\"width\":512,\"height\":512,\"caption\":\"Radio Ljubu\u0161ki\"},\"image\":{\"@id\":\"https:\\\/\\\/radioljubuski.ba\\\/#\\\/schema\\\/logo\\\/image\\\/\"},\"sameAs\":[\"https:\\\/\\\/www.facebook.com\\\/Radiio-Ljubuski-1490835324566332\",\"https:\\\/\\\/x.com\\\/radioljubuski\",\"https:\\\/\\\/hr.linkedin.com\\\/company\\\/radio-ljubuski\",\"https:\\\/\\\/www.youtube.com\\\/channel\\\/UCHYaeO_n0Db3tjNGudGpXyw\"]},{\"@type\":\"Person\",\"@id\":\"https:\\\/\\\/radioljubuski.ba\\\/#\\\/schema\\\/person\\\/19fc700381a780f69665d7956c469e3b\",\"name\":\"Radio Ljubu\u0161ki\"}]}<\/script>\n<!-- \/ Yoast SEO plugin. -->","yoast_head_json":{"title":"BiH: Pokrenuta inicijativa za lak\u0161i ulazak i boravak ukrajinskih izbjeglica - RADIO LJUBU\u0160KI","robots":{"index":"index","follow":"follow","max-snippet":"max-snippet:-1","max-image-preview":"max-image-preview:large","max-video-preview":"max-video-preview:-1"},"canonical":"https:\/\/radioljubuski.ba\/index.php\/2022\/03\/08\/bih-pokrenuta-inicijativa-za-laksi-ulazak-i-boravak-ukrajinskih-izbjeglica\/","og_locale":"hr_HR","og_type":"article","og_title":"BiH: Pokrenuta inicijativa za lak\u0161i ulazak i boravak ukrajinskih izbjeglica - RADIO LJUBU\u0160KI","og_description":"Dr\u017eavna ministrica civilnih poslova Bosne i Hercegovine Ankica Gudeljevi\u0107 (HDZ BiH) zatra\u017eila je u ponedjeljak da se olak\u0161a ulazak i boravak ukrajinskih izbjeglica u toj zemlji nakon \u0161to je 200-injak osoba pristiglo u svjetski poznato mjesto molitve Me\u0111ugorje proteklih dana.&nbsp; U dopisu upu\u0107enom ministarstvu sigurnosti BiH poja\u0161njava se kako je resor civilnih poslova dobio veliki [&hellip;]","og_url":"https:\/\/radioljubuski.ba\/index.php\/2022\/03\/08\/bih-pokrenuta-inicijativa-za-laksi-ulazak-i-boravak-ukrajinskih-izbjeglica\/","og_site_name":"RADIO LJUBU\u0160KI","article_publisher":"https:\/\/www.facebook.com\/Radiio-Ljubuski-1490835324566332","article_published_time":"2022-03-07T23:03:23+00:00","article_modified_time":"2022-03-07T23:03:24+00:00","og_image":[{"width":1000,"height":625,"url":"https:\/\/radioljubuski.ba\/wp-content\/uploads\/2022\/03\/7-2022-02-26-15-04-54-izbjeglicee.jpg","type":"image\/jpeg"}],"author":"Radio Ljubu\u0161ki","twitter_card":"summary_large_image","twitter_creator":"@radioljubuski","twitter_site":"@radioljubuski","twitter_misc":{"Napisao\/la":"Radio Ljubu\u0161ki","Procijenjeno vrijeme \u010ditanja":"2 minute"},"schema":{"@context":"https:\/\/schema.org","@graph":[{"@type":"Article","@id":"https:\/\/radioljubuski.ba\/index.php\/2022\/03\/08\/bih-pokrenuta-inicijativa-za-laksi-ulazak-i-boravak-ukrajinskih-izbjeglica\/#article","isPartOf":{"@id":"https:\/\/radioljubuski.ba\/index.php\/2022\/03\/08\/bih-pokrenuta-inicijativa-za-laksi-ulazak-i-boravak-ukrajinskih-izbjeglica\/"},"author":{"name":"Radio Ljubu\u0161ki","@id":"https:\/\/radioljubuski.ba\/#\/schema\/person\/19fc700381a780f69665d7956c469e3b"},"headline":"BiH: Pokrenuta inicijativa za lak\u0161i ulazak i boravak ukrajinskih izbjeglica","datePublished":"2022-03-07T23:03:23+00:00","dateModified":"2022-03-07T23:03:24+00:00","mainEntityOfPage":{"@id":"https:\/\/radioljubuski.ba\/index.php\/2022\/03\/08\/bih-pokrenuta-inicijativa-za-laksi-ulazak-i-boravak-ukrajinskih-izbjeglica\/"},"wordCount":308,"publisher":{"@id":"https:\/\/radioljubuski.ba\/#organization"},"image":{"@id":"https:\/\/radioljubuski.ba\/index.php\/2022\/03\/08\/bih-pokrenuta-inicijativa-za-laksi-ulazak-i-boravak-ukrajinskih-izbjeglica\/#primaryimage"},"thumbnailUrl":"https:\/\/radioljubuski.ba\/wp-content\/uploads\/2022\/03\/7-2022-02-26-15-04-54-izbjeglicee.jpg","articleSection":["BIH i regija"],"inLanguage":"hr"},{"@type":"WebPage","@id":"https:\/\/radioljubuski.ba\/index.php\/2022\/03\/08\/bih-pokrenuta-inicijativa-za-laksi-ulazak-i-boravak-ukrajinskih-izbjeglica\/","url":"https:\/\/radioljubuski.ba\/index.php\/2022\/03\/08\/bih-pokrenuta-inicijativa-za-laksi-ulazak-i-boravak-ukrajinskih-izbjeglica\/","name":"BiH: Pokrenuta inicijativa za lak\u0161i ulazak i boravak ukrajinskih izbjeglica - RADIO LJUBU\u0160KI","isPartOf":{"@id":"https:\/\/radioljubuski.ba\/#website"},"primaryImageOfPage":{"@id":"https:\/\/radioljubuski.ba\/index.php\/2022\/03\/08\/bih-pokrenuta-inicijativa-za-laksi-ulazak-i-boravak-ukrajinskih-izbjeglica\/#primaryimage"},"image":{"@id":"https:\/\/radioljubuski.ba\/index.php\/2022\/03\/08\/bih-pokrenuta-inicijativa-za-laksi-ulazak-i-boravak-ukrajinskih-izbjeglica\/#primaryimage"},"thumbnailUrl":"https:\/\/radioljubuski.ba\/wp-content\/uploads\/2022\/03\/7-2022-02-26-15-04-54-izbjeglicee.jpg","datePublished":"2022-03-07T23:03:23+00:00","dateModified":"2022-03-07T23:03:24+00:00","breadcrumb":{"@id":"https:\/\/radioljubuski.ba\/index.php\/2022\/03\/08\/bih-pokrenuta-inicijativa-za-laksi-ulazak-i-boravak-ukrajinskih-izbjeglica\/#breadcrumb"},"inLanguage":"hr","potentialAction":[{"@type":"ReadAction","target":["https:\/\/radioljubuski.ba\/index.php\/2022\/03\/08\/bih-pokrenuta-inicijativa-za-laksi-ulazak-i-boravak-ukrajinskih-izbjeglica\/"]}]},{"@type":"ImageObject","inLanguage":"hr","@id":"https:\/\/radioljubuski.ba\/index.php\/2022\/03\/08\/bih-pokrenuta-inicijativa-za-laksi-ulazak-i-boravak-ukrajinskih-izbjeglica\/#primaryimage","url":"https:\/\/radioljubuski.ba\/wp-content\/uploads\/2022\/03\/7-2022-02-26-15-04-54-izbjeglicee.jpg","contentUrl":"https:\/\/radioljubuski.ba\/wp-content\/uploads\/2022\/03\/7-2022-02-26-15-04-54-izbjeglicee.jpg","width":1000,"height":625},{"@type":"BreadcrumbList","@id":"https:\/\/radioljubuski.ba\/index.php\/2022\/03\/08\/bih-pokrenuta-inicijativa-za-laksi-ulazak-i-boravak-ukrajinskih-izbjeglica\/#breadcrumb","itemListElement":[{"@type":"ListItem","position":1,"name":"Po\u010detna stranica","item":"https:\/\/radioljubuski.ba\/"},{"@type":"ListItem","position":2,"name":"BiH: Pokrenuta inicijativa za lak\u0161i ulazak i boravak ukrajinskih izbjeglica"}]},{"@type":"WebSite","@id":"https:\/\/radioljubuski.ba\/#website","url":"https:\/\/radioljubuski.ba\/","name":"Radio Ljubu\u0161ki","description":"Sun\u010dana frekvencija Hercegovine","publisher":{"@id":"https:\/\/radioljubuski.ba\/#organization"},"potentialAction":[{"@type":"SearchAction","target":{"@type":"EntryPoint","urlTemplate":"https:\/\/radioljubuski.ba\/?s={search_term_string}"},"query-input":{"@type":"PropertyValueSpecification","valueRequired":true,"valueName":"search_term_string"}}],"inLanguage":"hr"},{"@type":"Organization","@id":"https:\/\/radioljubuski.ba\/#organization","name":"Radio Ljubu\u0161ki","url":"https:\/\/radioljubuski.ba\/","logo":{"@type":"ImageObject","inLanguage":"hr","@id":"https:\/\/radioljubuski.ba\/#\/schema\/logo\/image\/","url":"https:\/\/radioljubuski.ba\/wp-content\/uploads\/2021\/02\/cropped-Radio_Ljubuski_logo1.jpg","contentUrl":"https:\/\/radioljubuski.ba\/wp-content\/uploads\/2021\/02\/cropped-Radio_Ljubuski_logo1.jpg","width":512,"height":512,"caption":"Radio Ljubu\u0161ki"},"image":{"@id":"https:\/\/radioljubuski.ba\/#\/schema\/logo\/image\/"},"sameAs":["https:\/\/www.facebook.com\/Radiio-Ljubuski-1490835324566332","https:\/\/x.com\/radioljubuski","https:\/\/hr.linkedin.com\/company\/radio-ljubuski","https:\/\/www.youtube.com\/channel\/UCHYaeO_n0Db3tjNGudGpXyw"]},{"@type":"Person","@id":"https:\/\/radioljubuski.ba\/#\/schema\/person\/19fc700381a780f69665d7956c469e3b","name":"Radio Ljubu\u0161ki"}]}},"_links":{"self":[{"href":"https:\/\/radioljubuski.ba\/index.php\/wp-json\/wp\/v2\/posts\/119081","targetHints":{"allow":["GET"]}}],"collection":[{"href":"https:\/\/radioljubuski.ba\/index.php\/wp-json\/wp\/v2\/posts"}],"about":[{"href":"https:\/\/radioljubuski.ba\/index.php\/wp-json\/wp\/v2\/types\/post"}],"author":[{"embeddable":true,"href":"https:\/\/radioljubuski.ba\/index.php\/wp-json\/wp\/v2\/users\/2"}],"replies":[{"embeddable":true,"href":"https:\/\/radioljubuski.ba\/index.php\/wp-json\/wp\/v2\/comments?post=119081"}],"version-history":[{"count":1,"href":"https:\/\/radioljubuski.ba\/index.php\/wp-json\/wp\/v2\/posts\/119081\/revisions"}],"predecessor-version":[{"id":119083,"href":"https:\/\/radioljubuski.ba\/index.php\/wp-json\/wp\/v2\/posts\/119081\/revisions\/119083"}],"wp:featuredmedia":[{"embeddable":true,"href":"https:\/\/radioljubuski.ba\/index.php\/wp-json\/wp\/v2\/media\/119082"}],"wp:attachment":[{"href":"https:\/\/radioljubuski.ba\/index.php\/wp-json\/wp\/v2\/media?parent=119081"}],"wp:term":[{"taxonomy":"category","embeddable":true,"href":"https:\/\/radioljubuski.ba\/index.php\/wp-json\/wp\/v2\/categories?post=119081"},{"taxonomy":"post_tag","embeddable":true,"href":"https:\/\/radioljubuski.ba\/index.php\/wp-json\/wp\/v2\/tags?post=119081"}],"curies":[{"name":"wp","href":"https:\/\/api.w.org\/{rel}","templated":true}]}}