{"id":119121,"date":"2022-03-08T00:55:27","date_gmt":"2022-03-07T23:55:27","guid":{"rendered":"https:\/\/radioljubuski.ba\/?p=119121"},"modified":"2022-03-08T00:55:28","modified_gmt":"2022-03-07T23:55:28","slug":"mostar-zenama-se-mora-priznati-da-su-izgradile-i-ovaj-grad-i-ovu-drzavu","status":"publish","type":"post","link":"https:\/\/radioljubuski.ba\/index.php\/2022\/03\/08\/mostar-zenama-se-mora-priznati-da-su-izgradile-i-ovaj-grad-i-ovu-drzavu\/","title":{"rendered":"Mostar: \u017denama se mora priznati da su izgradile i ovaj grad i ovu dr\u017eavu"},"content":{"rendered":"\n<p>U povodu Me\u0111unarodnog dana \u017eena Inicijativa gra\u0111anki i gra\u0111ana Mostara priredila je performans \u201dNevidljiva\u201d.<\/p>\n\n\n\n<p>U prvom dijelu programa kroz formu dokumentarnog teatra \u201eo\u017eivljene\u201d su zaboravljene \u017eene koje su ostvarile uspjehe na mnogim poljima, a predstavljaju simbol borbenosti i inspiracije svim \u017eenama bez obzira na vjersku i nacionalnu pripadnost, dok su se u drugom dijelu programa predstavile \u017eene iz Mostara koje su govorile o svom putu do uspjeha.<\/p>\n\n\n\n<p>Izvr\u0161na direktorica Inicijative Ifeta \u0106esir \u0160koro je rekla kako ovim doga\u0111ajem \u017eele \u201eo\u017eivjeti\u201d gra\u0111anke Mostara koje su u\u010dinile ne\u0161to za taj grad, a o njima se ili veoma malo ili skoro nikako ne govori.<\/p>\n\n\n\n<p>&#8211; Neke su bile prve u\u010diteljice, prve sutkinje, novinarke&#8230; Poznato je da smo mi patrijarhalna zemlja gdje su \u017eene ve\u0107inom gurnute jo\u0161 dalje na margine dru\u0161tva. Mora se priznati da su ovu zemlju i ovaj grad gradile i \u017eene te one trebaju imati svoje mjesto, mnogo vi\u0161e nego \u0161to to danas imaju i u Mostaru i u dr\u017eavi, ali i svijetu &#8211; poru\u010dila je \u0106esir \u0160koro.<\/p>\n\n\n\n<p>Osvrnula se na polo\u017eaj \u017eena danas u odnosu na prije 30 ili 50 godina, istaknuv\u0161i kako je napravljen odre\u0111en pomak, ali nedovoljan.<\/p>\n\n\n\n<p>&#8211; Pripremaju\u0107i pri\u010de ovih \u017eena, nekad mi se \u010dini da nismo daleko odmakli od tih vremena. Zamislite, prije 100 godina prva \u017eena je u\u0161la u Gimnaziju da se \u0161koluje, kako je to bio revolucionaran potez. Sjetimo se i Stake Skenderove koja je otvorila prvu \u0161kolu u Sarajevu. Ni\u0161ta od toga nije bilo lako, ali su one, unato\u010d svim neda\u0107ama, nama danas trasirale put &#8211; smatra \u0106esir \u0160koro.<\/p>\n\n\n\n<p>Po njezinim rije\u010dima, o polo\u017eaju \u017eena govori i podatak da je poziciju ravnatelja jedne mostarske \u0161kole obna\u0161ala \u017eena, ali u zapisima se ne navodi njezino ime ve\u0107 da je &#8220;supruga toga i toga&#8221;.<\/p>\n\n\n\n<p>Kada govorimo o sada\u0161njosti, \u0106esir \u0160koro napomenula je kako je danas razmjerno mali broj \u017eena u politici i na direktorskim pozicijama.<\/p>\n\n\n\n<p>&#8211; Mi stalno poku\u0161avamo da promijenimo tijek povijesti. Ja smatram da \u017eene nisu nesposobne kako bi obavljale te funkcije, samo im se treba pru\u017eiti prilika &#8211; istaknula je.<\/p>\n\n\n\n<p>Dodala je kako je nedavno provedeno istra\u017eivanje o akademskoj slici dru\u0161tva pokazalo neke zanimljive podatke.<\/p>\n\n\n\n<p>&#8211; Istra\u017eivali smo koliko \u017eena upi\u0161e fakultet, koliko ga zavr\u0161i i \u0161ta bude s njima, pa smo na\u0161li da ve\u0107ina \u017eena u prosjeku zavr\u0161i fakultet ranije nego li njihove mu\u0161ke kolege, a nakon \u0161to zavr\u0161e fakultet one obi\u010dno negdje nestanu. Vjerojatno je to zbog zasnivanja obitelji i brige za istu, dok mu\u0161karci grade karijere. Taj njihov ku\u0107ni posao brige za obitelj i odgajanje djece ne samo da nije pla\u0107en, ve\u0107 je i malo valoriziran &#8211; rekla je \u0106esir \u0160koro.<\/p>\n\n\n\n<p>Dodala je kako se o polo\u017eaju \u017eena treba pri\u010dati svaki dan, a ne samo na Me\u0111unarodni dan \u017eena.<\/p>\n\n\n\n<p>&#8211; Ako o ravnopravnosti spolova pri\u010damo samo na 8. mart, nismo daleko oti\u0161li \u2013 poru\u010dila je \u0106esir \u0160koro..<\/p>\n\n\n\n<p>Projekt Inicijative gra\u0111anki i gra\u0111ana Mostara financirala je Me\u0111unarodna fondacija za prava \u017eena \u201dKvinna till Kvinna\u201d, a projekt \u0107e se nastaviti i u budu\u0107nosti kroz devet projektnih aktivnosti u okviru kojih \u0107e se predstaviti \u017eene koje svojim radom doprinose razvoju Hercegovine.<\/p>\n\n\n\n<p>Izvor:pogled.ba<\/p>\n","protected":false},"excerpt":{"rendered":"<p>U povodu Me\u0111unarodnog dana \u017eena Inicijativa gra\u0111anki i gra\u0111ana Mostara priredila je performans \u201dNevidljiva\u201d. U prvom dijelu programa kroz formu dokumentarnog teatra \u201eo\u017eivljene\u201d su zaboravljene \u017eene koje su ostvarile uspjehe na mnogim poljima, a predstavljaju simbol borbenosti i inspiracije svim \u017eenama bez obzira na vjersku i nacionalnu pripadnost, dok su se u drugom dijelu programa [&hellip;]<\/p>\n","protected":false},"author":2,"featured_media":119122,"comment_status":"closed","ping_status":"closed","sticky":false,"template":"","format":"standard","meta":{"h5ap_radio_sources":[],"footnotes":""},"categories":[1],"tags":[],"class_list":["post-119121","post","type-post","status-publish","format-standard","has-post-thumbnail","hentry","category-bihiregija"],"yoast_head":"<!-- This site is optimized with the Yoast SEO plugin v27.5 - https:\/\/yoast.com\/product\/yoast-seo-wordpress\/ -->\n<title>Mostar: \u017denama se mora priznati da su izgradile i ovaj grad i ovu dr\u017eavu - RADIO LJUBU\u0160KI<\/title>\n<meta name=\"robots\" content=\"index, follow, max-snippet:-1, max-image-preview:large, max-video-preview:-1\" \/>\n<link rel=\"canonical\" href=\"https:\/\/radioljubuski.ba\/index.php\/2022\/03\/08\/mostar-zenama-se-mora-priznati-da-su-izgradile-i-ovaj-grad-i-ovu-drzavu\/\" \/>\n<meta property=\"og:locale\" content=\"hr_HR\" \/>\n<meta property=\"og:type\" content=\"article\" \/>\n<meta property=\"og:title\" content=\"Mostar: \u017denama se mora priznati da su izgradile i ovaj grad i ovu dr\u017eavu - RADIO LJUBU\u0160KI\" \/>\n<meta property=\"og:description\" content=\"U povodu Me\u0111unarodnog dana \u017eena Inicijativa gra\u0111anki i gra\u0111ana Mostara priredila je performans \u201dNevidljiva\u201d. U prvom dijelu programa kroz formu dokumentarnog teatra \u201eo\u017eivljene\u201d su zaboravljene \u017eene koje su ostvarile uspjehe na mnogim poljima, a predstavljaju simbol borbenosti i inspiracije svim \u017eenama bez obzira na vjersku i nacionalnu pripadnost, dok su se u drugom dijelu programa [&hellip;]\" \/>\n<meta property=\"og:url\" content=\"https:\/\/radioljubuski.ba\/index.php\/2022\/03\/08\/mostar-zenama-se-mora-priznati-da-su-izgradile-i-ovaj-grad-i-ovu-drzavu\/\" \/>\n<meta property=\"og:site_name\" content=\"RADIO LJUBU\u0160KI\" \/>\n<meta property=\"article:publisher\" content=\"https:\/\/www.facebook.com\/Radiio-Ljubuski-1490835324566332\" \/>\n<meta property=\"article:published_time\" content=\"2022-03-07T23:55:27+00:00\" \/>\n<meta property=\"article:modified_time\" content=\"2022-03-07T23:55:28+00:00\" \/>\n<meta property=\"og:image\" content=\"https:\/\/radioljubuski.ba\/wp-content\/uploads\/2022\/03\/2-2022-03-07-19-18-59-220307_zene_u_drustvu_84_98745.jpg\" \/>\n\t<meta property=\"og:image:width\" content=\"1000\" \/>\n\t<meta property=\"og:image:height\" content=\"625\" \/>\n\t<meta property=\"og:image:type\" content=\"image\/jpeg\" \/>\n<meta name=\"author\" content=\"Radio Ljubu\u0161ki\" \/>\n<meta name=\"twitter:card\" content=\"summary_large_image\" \/>\n<meta name=\"twitter:creator\" content=\"@radioljubuski\" \/>\n<meta name=\"twitter:site\" content=\"@radioljubuski\" \/>\n<meta name=\"twitter:label1\" content=\"Napisao\/la\" \/>\n\t<meta name=\"twitter:data1\" content=\"Radio Ljubu\u0161ki\" \/>\n\t<meta name=\"twitter:label2\" content=\"Procijenjeno vrijeme \u010ditanja\" \/>\n\t<meta name=\"twitter:data2\" content=\"3 minute\" \/>\n<script type=\"application\/ld+json\" class=\"yoast-schema-graph\">{\"@context\":\"https:\\\/\\\/schema.org\",\"@graph\":[{\"@type\":\"Article\",\"@id\":\"https:\\\/\\\/radioljubuski.ba\\\/index.php\\\/2022\\\/03\\\/08\\\/mostar-zenama-se-mora-priznati-da-su-izgradile-i-ovaj-grad-i-ovu-drzavu\\\/#article\",\"isPartOf\":{\"@id\":\"https:\\\/\\\/radioljubuski.ba\\\/index.php\\\/2022\\\/03\\\/08\\\/mostar-zenama-se-mora-priznati-da-su-izgradile-i-ovaj-grad-i-ovu-drzavu\\\/\"},\"author\":{\"name\":\"Radio Ljubu\u0161ki\",\"@id\":\"https:\\\/\\\/radioljubuski.ba\\\/#\\\/schema\\\/person\\\/19fc700381a780f69665d7956c469e3b\"},\"headline\":\"Mostar: \u017denama se mora priznati da su izgradile i ovaj grad i ovu dr\u017eavu\",\"datePublished\":\"2022-03-07T23:55:27+00:00\",\"dateModified\":\"2022-03-07T23:55:28+00:00\",\"mainEntityOfPage\":{\"@id\":\"https:\\\/\\\/radioljubuski.ba\\\/index.php\\\/2022\\\/03\\\/08\\\/mostar-zenama-se-mora-priznati-da-su-izgradile-i-ovaj-grad-i-ovu-drzavu\\\/\"},\"wordCount\":576,\"publisher\":{\"@id\":\"https:\\\/\\\/radioljubuski.ba\\\/#organization\"},\"image\":{\"@id\":\"https:\\\/\\\/radioljubuski.ba\\\/index.php\\\/2022\\\/03\\\/08\\\/mostar-zenama-se-mora-priznati-da-su-izgradile-i-ovaj-grad-i-ovu-drzavu\\\/#primaryimage\"},\"thumbnailUrl\":\"https:\\\/\\\/radioljubuski.ba\\\/wp-content\\\/uploads\\\/2022\\\/03\\\/2-2022-03-07-19-18-59-220307_zene_u_drustvu_84_98745.jpg\",\"articleSection\":[\"BIH i regija\"],\"inLanguage\":\"hr\"},{\"@type\":\"WebPage\",\"@id\":\"https:\\\/\\\/radioljubuski.ba\\\/index.php\\\/2022\\\/03\\\/08\\\/mostar-zenama-se-mora-priznati-da-su-izgradile-i-ovaj-grad-i-ovu-drzavu\\\/\",\"url\":\"https:\\\/\\\/radioljubuski.ba\\\/index.php\\\/2022\\\/03\\\/08\\\/mostar-zenama-se-mora-priznati-da-su-izgradile-i-ovaj-grad-i-ovu-drzavu\\\/\",\"name\":\"Mostar: \u017denama se mora priznati da su izgradile i ovaj grad i ovu dr\u017eavu - RADIO LJUBU\u0160KI\",\"isPartOf\":{\"@id\":\"https:\\\/\\\/radioljubuski.ba\\\/#website\"},\"primaryImageOfPage\":{\"@id\":\"https:\\\/\\\/radioljubuski.ba\\\/index.php\\\/2022\\\/03\\\/08\\\/mostar-zenama-se-mora-priznati-da-su-izgradile-i-ovaj-grad-i-ovu-drzavu\\\/#primaryimage\"},\"image\":{\"@id\":\"https:\\\/\\\/radioljubuski.ba\\\/index.php\\\/2022\\\/03\\\/08\\\/mostar-zenama-se-mora-priznati-da-su-izgradile-i-ovaj-grad-i-ovu-drzavu\\\/#primaryimage\"},\"thumbnailUrl\":\"https:\\\/\\\/radioljubuski.ba\\\/wp-content\\\/uploads\\\/2022\\\/03\\\/2-2022-03-07-19-18-59-220307_zene_u_drustvu_84_98745.jpg\",\"datePublished\":\"2022-03-07T23:55:27+00:00\",\"dateModified\":\"2022-03-07T23:55:28+00:00\",\"breadcrumb\":{\"@id\":\"https:\\\/\\\/radioljubuski.ba\\\/index.php\\\/2022\\\/03\\\/08\\\/mostar-zenama-se-mora-priznati-da-su-izgradile-i-ovaj-grad-i-ovu-drzavu\\\/#breadcrumb\"},\"inLanguage\":\"hr\",\"potentialAction\":[{\"@type\":\"ReadAction\",\"target\":[\"https:\\\/\\\/radioljubuski.ba\\\/index.php\\\/2022\\\/03\\\/08\\\/mostar-zenama-se-mora-priznati-da-su-izgradile-i-ovaj-grad-i-ovu-drzavu\\\/\"]}]},{\"@type\":\"ImageObject\",\"inLanguage\":\"hr\",\"@id\":\"https:\\\/\\\/radioljubuski.ba\\\/index.php\\\/2022\\\/03\\\/08\\\/mostar-zenama-se-mora-priznati-da-su-izgradile-i-ovaj-grad-i-ovu-drzavu\\\/#primaryimage\",\"url\":\"https:\\\/\\\/radioljubuski.ba\\\/wp-content\\\/uploads\\\/2022\\\/03\\\/2-2022-03-07-19-18-59-220307_zene_u_drustvu_84_98745.jpg\",\"contentUrl\":\"https:\\\/\\\/radioljubuski.ba\\\/wp-content\\\/uploads\\\/2022\\\/03\\\/2-2022-03-07-19-18-59-220307_zene_u_drustvu_84_98745.jpg\",\"width\":1000,\"height\":625},{\"@type\":\"BreadcrumbList\",\"@id\":\"https:\\\/\\\/radioljubuski.ba\\\/index.php\\\/2022\\\/03\\\/08\\\/mostar-zenama-se-mora-priznati-da-su-izgradile-i-ovaj-grad-i-ovu-drzavu\\\/#breadcrumb\",\"itemListElement\":[{\"@type\":\"ListItem\",\"position\":1,\"name\":\"Po\u010detna stranica\",\"item\":\"https:\\\/\\\/radioljubuski.ba\\\/\"},{\"@type\":\"ListItem\",\"position\":2,\"name\":\"Mostar: \u017denama se mora priznati da su izgradile i ovaj grad i ovu dr\u017eavu\"}]},{\"@type\":\"WebSite\",\"@id\":\"https:\\\/\\\/radioljubuski.ba\\\/#website\",\"url\":\"https:\\\/\\\/radioljubuski.ba\\\/\",\"name\":\"Radio Ljubu\u0161ki\",\"description\":\"Sun\u010dana frekvencija Hercegovine\",\"publisher\":{\"@id\":\"https:\\\/\\\/radioljubuski.ba\\\/#organization\"},\"potentialAction\":[{\"@type\":\"SearchAction\",\"target\":{\"@type\":\"EntryPoint\",\"urlTemplate\":\"https:\\\/\\\/radioljubuski.ba\\\/?s={search_term_string}\"},\"query-input\":{\"@type\":\"PropertyValueSpecification\",\"valueRequired\":true,\"valueName\":\"search_term_string\"}}],\"inLanguage\":\"hr\"},{\"@type\":\"Organization\",\"@id\":\"https:\\\/\\\/radioljubuski.ba\\\/#organization\",\"name\":\"Radio Ljubu\u0161ki\",\"url\":\"https:\\\/\\\/radioljubuski.ba\\\/\",\"logo\":{\"@type\":\"ImageObject\",\"inLanguage\":\"hr\",\"@id\":\"https:\\\/\\\/radioljubuski.ba\\\/#\\\/schema\\\/logo\\\/image\\\/\",\"url\":\"https:\\\/\\\/radioljubuski.ba\\\/wp-content\\\/uploads\\\/2021\\\/02\\\/cropped-Radio_Ljubuski_logo1.jpg\",\"contentUrl\":\"https:\\\/\\\/radioljubuski.ba\\\/wp-content\\\/uploads\\\/2021\\\/02\\\/cropped-Radio_Ljubuski_logo1.jpg\",\"width\":512,\"height\":512,\"caption\":\"Radio Ljubu\u0161ki\"},\"image\":{\"@id\":\"https:\\\/\\\/radioljubuski.ba\\\/#\\\/schema\\\/logo\\\/image\\\/\"},\"sameAs\":[\"https:\\\/\\\/www.facebook.com\\\/Radiio-Ljubuski-1490835324566332\",\"https:\\\/\\\/x.com\\\/radioljubuski\",\"https:\\\/\\\/hr.linkedin.com\\\/company\\\/radio-ljubuski\",\"https:\\\/\\\/www.youtube.com\\\/channel\\\/UCHYaeO_n0Db3tjNGudGpXyw\"]},{\"@type\":\"Person\",\"@id\":\"https:\\\/\\\/radioljubuski.ba\\\/#\\\/schema\\\/person\\\/19fc700381a780f69665d7956c469e3b\",\"name\":\"Radio Ljubu\u0161ki\"}]}<\/script>\n<!-- \/ Yoast SEO plugin. -->","yoast_head_json":{"title":"Mostar: \u017denama se mora priznati da su izgradile i ovaj grad i ovu dr\u017eavu - RADIO LJUBU\u0160KI","robots":{"index":"index","follow":"follow","max-snippet":"max-snippet:-1","max-image-preview":"max-image-preview:large","max-video-preview":"max-video-preview:-1"},"canonical":"https:\/\/radioljubuski.ba\/index.php\/2022\/03\/08\/mostar-zenama-se-mora-priznati-da-su-izgradile-i-ovaj-grad-i-ovu-drzavu\/","og_locale":"hr_HR","og_type":"article","og_title":"Mostar: \u017denama se mora priznati da su izgradile i ovaj grad i ovu dr\u017eavu - RADIO LJUBU\u0160KI","og_description":"U povodu Me\u0111unarodnog dana \u017eena Inicijativa gra\u0111anki i gra\u0111ana Mostara priredila je performans \u201dNevidljiva\u201d. U prvom dijelu programa kroz formu dokumentarnog teatra \u201eo\u017eivljene\u201d su zaboravljene \u017eene koje su ostvarile uspjehe na mnogim poljima, a predstavljaju simbol borbenosti i inspiracije svim \u017eenama bez obzira na vjersku i nacionalnu pripadnost, dok su se u drugom dijelu programa [&hellip;]","og_url":"https:\/\/radioljubuski.ba\/index.php\/2022\/03\/08\/mostar-zenama-se-mora-priznati-da-su-izgradile-i-ovaj-grad-i-ovu-drzavu\/","og_site_name":"RADIO LJUBU\u0160KI","article_publisher":"https:\/\/www.facebook.com\/Radiio-Ljubuski-1490835324566332","article_published_time":"2022-03-07T23:55:27+00:00","article_modified_time":"2022-03-07T23:55:28+00:00","og_image":[{"width":1000,"height":625,"url":"https:\/\/radioljubuski.ba\/wp-content\/uploads\/2022\/03\/2-2022-03-07-19-18-59-220307_zene_u_drustvu_84_98745.jpg","type":"image\/jpeg"}],"author":"Radio Ljubu\u0161ki","twitter_card":"summary_large_image","twitter_creator":"@radioljubuski","twitter_site":"@radioljubuski","twitter_misc":{"Napisao\/la":"Radio Ljubu\u0161ki","Procijenjeno vrijeme \u010ditanja":"3 minute"},"schema":{"@context":"https:\/\/schema.org","@graph":[{"@type":"Article","@id":"https:\/\/radioljubuski.ba\/index.php\/2022\/03\/08\/mostar-zenama-se-mora-priznati-da-su-izgradile-i-ovaj-grad-i-ovu-drzavu\/#article","isPartOf":{"@id":"https:\/\/radioljubuski.ba\/index.php\/2022\/03\/08\/mostar-zenama-se-mora-priznati-da-su-izgradile-i-ovaj-grad-i-ovu-drzavu\/"},"author":{"name":"Radio Ljubu\u0161ki","@id":"https:\/\/radioljubuski.ba\/#\/schema\/person\/19fc700381a780f69665d7956c469e3b"},"headline":"Mostar: \u017denama se mora priznati da su izgradile i ovaj grad i ovu dr\u017eavu","datePublished":"2022-03-07T23:55:27+00:00","dateModified":"2022-03-07T23:55:28+00:00","mainEntityOfPage":{"@id":"https:\/\/radioljubuski.ba\/index.php\/2022\/03\/08\/mostar-zenama-se-mora-priznati-da-su-izgradile-i-ovaj-grad-i-ovu-drzavu\/"},"wordCount":576,"publisher":{"@id":"https:\/\/radioljubuski.ba\/#organization"},"image":{"@id":"https:\/\/radioljubuski.ba\/index.php\/2022\/03\/08\/mostar-zenama-se-mora-priznati-da-su-izgradile-i-ovaj-grad-i-ovu-drzavu\/#primaryimage"},"thumbnailUrl":"https:\/\/radioljubuski.ba\/wp-content\/uploads\/2022\/03\/2-2022-03-07-19-18-59-220307_zene_u_drustvu_84_98745.jpg","articleSection":["BIH i regija"],"inLanguage":"hr"},{"@type":"WebPage","@id":"https:\/\/radioljubuski.ba\/index.php\/2022\/03\/08\/mostar-zenama-se-mora-priznati-da-su-izgradile-i-ovaj-grad-i-ovu-drzavu\/","url":"https:\/\/radioljubuski.ba\/index.php\/2022\/03\/08\/mostar-zenama-se-mora-priznati-da-su-izgradile-i-ovaj-grad-i-ovu-drzavu\/","name":"Mostar: \u017denama se mora priznati da su izgradile i ovaj grad i ovu dr\u017eavu - RADIO LJUBU\u0160KI","isPartOf":{"@id":"https:\/\/radioljubuski.ba\/#website"},"primaryImageOfPage":{"@id":"https:\/\/radioljubuski.ba\/index.php\/2022\/03\/08\/mostar-zenama-se-mora-priznati-da-su-izgradile-i-ovaj-grad-i-ovu-drzavu\/#primaryimage"},"image":{"@id":"https:\/\/radioljubuski.ba\/index.php\/2022\/03\/08\/mostar-zenama-se-mora-priznati-da-su-izgradile-i-ovaj-grad-i-ovu-drzavu\/#primaryimage"},"thumbnailUrl":"https:\/\/radioljubuski.ba\/wp-content\/uploads\/2022\/03\/2-2022-03-07-19-18-59-220307_zene_u_drustvu_84_98745.jpg","datePublished":"2022-03-07T23:55:27+00:00","dateModified":"2022-03-07T23:55:28+00:00","breadcrumb":{"@id":"https:\/\/radioljubuski.ba\/index.php\/2022\/03\/08\/mostar-zenama-se-mora-priznati-da-su-izgradile-i-ovaj-grad-i-ovu-drzavu\/#breadcrumb"},"inLanguage":"hr","potentialAction":[{"@type":"ReadAction","target":["https:\/\/radioljubuski.ba\/index.php\/2022\/03\/08\/mostar-zenama-se-mora-priznati-da-su-izgradile-i-ovaj-grad-i-ovu-drzavu\/"]}]},{"@type":"ImageObject","inLanguage":"hr","@id":"https:\/\/radioljubuski.ba\/index.php\/2022\/03\/08\/mostar-zenama-se-mora-priznati-da-su-izgradile-i-ovaj-grad-i-ovu-drzavu\/#primaryimage","url":"https:\/\/radioljubuski.ba\/wp-content\/uploads\/2022\/03\/2-2022-03-07-19-18-59-220307_zene_u_drustvu_84_98745.jpg","contentUrl":"https:\/\/radioljubuski.ba\/wp-content\/uploads\/2022\/03\/2-2022-03-07-19-18-59-220307_zene_u_drustvu_84_98745.jpg","width":1000,"height":625},{"@type":"BreadcrumbList","@id":"https:\/\/radioljubuski.ba\/index.php\/2022\/03\/08\/mostar-zenama-se-mora-priznati-da-su-izgradile-i-ovaj-grad-i-ovu-drzavu\/#breadcrumb","itemListElement":[{"@type":"ListItem","position":1,"name":"Po\u010detna stranica","item":"https:\/\/radioljubuski.ba\/"},{"@type":"ListItem","position":2,"name":"Mostar: \u017denama se mora priznati da su izgradile i ovaj grad i ovu dr\u017eavu"}]},{"@type":"WebSite","@id":"https:\/\/radioljubuski.ba\/#website","url":"https:\/\/radioljubuski.ba\/","name":"Radio Ljubu\u0161ki","description":"Sun\u010dana frekvencija Hercegovine","publisher":{"@id":"https:\/\/radioljubuski.ba\/#organization"},"potentialAction":[{"@type":"SearchAction","target":{"@type":"EntryPoint","urlTemplate":"https:\/\/radioljubuski.ba\/?s={search_term_string}"},"query-input":{"@type":"PropertyValueSpecification","valueRequired":true,"valueName":"search_term_string"}}],"inLanguage":"hr"},{"@type":"Organization","@id":"https:\/\/radioljubuski.ba\/#organization","name":"Radio Ljubu\u0161ki","url":"https:\/\/radioljubuski.ba\/","logo":{"@type":"ImageObject","inLanguage":"hr","@id":"https:\/\/radioljubuski.ba\/#\/schema\/logo\/image\/","url":"https:\/\/radioljubuski.ba\/wp-content\/uploads\/2021\/02\/cropped-Radio_Ljubuski_logo1.jpg","contentUrl":"https:\/\/radioljubuski.ba\/wp-content\/uploads\/2021\/02\/cropped-Radio_Ljubuski_logo1.jpg","width":512,"height":512,"caption":"Radio Ljubu\u0161ki"},"image":{"@id":"https:\/\/radioljubuski.ba\/#\/schema\/logo\/image\/"},"sameAs":["https:\/\/www.facebook.com\/Radiio-Ljubuski-1490835324566332","https:\/\/x.com\/radioljubuski","https:\/\/hr.linkedin.com\/company\/radio-ljubuski","https:\/\/www.youtube.com\/channel\/UCHYaeO_n0Db3tjNGudGpXyw"]},{"@type":"Person","@id":"https:\/\/radioljubuski.ba\/#\/schema\/person\/19fc700381a780f69665d7956c469e3b","name":"Radio Ljubu\u0161ki"}]}},"_links":{"self":[{"href":"https:\/\/radioljubuski.ba\/index.php\/wp-json\/wp\/v2\/posts\/119121","targetHints":{"allow":["GET"]}}],"collection":[{"href":"https:\/\/radioljubuski.ba\/index.php\/wp-json\/wp\/v2\/posts"}],"about":[{"href":"https:\/\/radioljubuski.ba\/index.php\/wp-json\/wp\/v2\/types\/post"}],"author":[{"embeddable":true,"href":"https:\/\/radioljubuski.ba\/index.php\/wp-json\/wp\/v2\/users\/2"}],"replies":[{"embeddable":true,"href":"https:\/\/radioljubuski.ba\/index.php\/wp-json\/wp\/v2\/comments?post=119121"}],"version-history":[{"count":1,"href":"https:\/\/radioljubuski.ba\/index.php\/wp-json\/wp\/v2\/posts\/119121\/revisions"}],"predecessor-version":[{"id":119123,"href":"https:\/\/radioljubuski.ba\/index.php\/wp-json\/wp\/v2\/posts\/119121\/revisions\/119123"}],"wp:featuredmedia":[{"embeddable":true,"href":"https:\/\/radioljubuski.ba\/index.php\/wp-json\/wp\/v2\/media\/119122"}],"wp:attachment":[{"href":"https:\/\/radioljubuski.ba\/index.php\/wp-json\/wp\/v2\/media?parent=119121"}],"wp:term":[{"taxonomy":"category","embeddable":true,"href":"https:\/\/radioljubuski.ba\/index.php\/wp-json\/wp\/v2\/categories?post=119121"},{"taxonomy":"post_tag","embeddable":true,"href":"https:\/\/radioljubuski.ba\/index.php\/wp-json\/wp\/v2\/tags?post=119121"}],"curies":[{"name":"wp","href":"https:\/\/api.w.org\/{rel}","templated":true}]}}