{"id":119127,"date":"2022-03-08T00:58:32","date_gmt":"2022-03-07T23:58:32","guid":{"rendered":"https:\/\/radioljubuski.ba\/?p=119127"},"modified":"2022-03-08T00:58:33","modified_gmt":"2022-03-07T23:58:33","slug":"vapaj-poljoprivrednika-u-fbih-upitna-proizvodnja-hrane","status":"publish","type":"post","link":"https:\/\/radioljubuski.ba\/index.php\/2022\/03\/08\/vapaj-poljoprivrednika-u-fbih-upitna-proizvodnja-hrane\/","title":{"rendered":"Vapaj poljoprivrednika u FBiH \u2013 upitna proizvodnja hrane"},"content":{"rendered":"\n<p>Hitna reakcija Vlade i sjednica u roku od sedam dana, jednoglasni je zahtjev predstavnika agrarne vlasti i poljoprivrednika u Federaciji BiH. Povod je aktuelna situacija u Ukrajini koja se odrazila i na na\u0161u dr\u017eavu. Cijene prehrambenih proizvoda, goriva, pa i svega ostalog, lan\u010dano idu prema vrhu, gra\u0111ani pani\u010dno prave zalihe, a sve zemlje uvode ograni\u010denja i restrikcije za plasman svojih proizvoda. Potrebna su hitna rje\u0161enja!<\/p>\n\n\n\n<p>Dok cijene kaoti\u010dno idu uzlaznom putanjom, a gra\u0111ani pani\u010dno prave zalihe, sve zemlje uvode ograni\u010denja i restrikcije za plasman svojih proizvoda. Sve ovo optere\u0107uje i poljoprivrednike. Do\u0161lo je do grla, proizvodnja hrane je upitna, pa se hitna reakcija Vlade vi\u0161e ne \u010deka, nego zahtijeva, pi\u0161e N1.<\/p>\n\n\n\n<p>\u201cNeke vrste mineralnih gnojiva poskupjele su i do 350% od pro\u0161le godine. Zna\u010di, sad treba \u0161to prije do\u0107i do sredstava da se uradi prihrana tih \u017eitarica da bismo imali koli\u010dinu koja je normalna\u201d, kazao je Ned\u017ead Bi\u0107o, Udru\u017eenje poljoprivrednika FBiH.<\/p>\n\n\n\n<p>Da \u0107e Vlada ovaj put, zaista i reagirati, onako kako prethodnih godina nije, nadaju se i u Selja\u010dkom savezu FBiH.<\/p>\n\n\n\n<p>\u201cZadnjih 25 godina Vlada nikad nije reagirala na vrijeme. Zna\u010di, to je jedna \u010dinjenica, pa mi svake godine jedno te isto \u201ctramakamo\u201d. Evo, ja se bavim povr\u0107em. Proizvodnja krompira kod nas je u jeku. \u010cetiri tisu\u0107e KM me lani po hektaru ko\u0161talo, ove godine ve\u0107 preko osam\u201d, kazao je Dubravko Vukojevi\u0107, Selja\u010dki savez FBiH.<\/p>\n\n\n\n<p>Kako pomo\u0107i poljoprivrednicima, ako nije usvojen bud\u017eet? Ukoliko hitna sjednica ne rezultira odgovaraju\u0107im odlukama, te\u0161ka situacija mo\u017ee postati alarmantna.<\/p>\n\n\n\n<p>\u201cBudu\u0107i da proljetna sjetva, optimalni agro rokovi nam izmi\u010du, a jo\u0161 uvijek nemamo sjednice Zastupni\u010dkog doma koja \u0107e se ticati usvajanja bud\u017eeta za ministarstvo poljoprivrede i ina\u010de za FBiH u ovoj godini\u201d, kazao je Ahmed D\u017eubur, predsjednik Odbora za poljoprvredu, vodoprivredu i \u0161umarstvo.<\/p>\n\n\n\n<p>Iz ministarstva poljoprivrede umiruju. Proizvodnja hrane, ka\u017eu, ne\u0107e stati. Poja\u0161njavaju da postoji izvanredni re\u017eim s obzirom na okolnosti u kojima smo trenutno. Federalnoj direkciji robnih rezervi je nalo\u017eeno da osiguraju po 50 litara dizela po hektaru za poljoprivredne proizvo\u0111a\u010de.<\/p>\n\n\n\n<p>\u201cPoljopivredni proizvo\u0111a\u010di su stabilni, vje\u0161ti i imaju znanja i opremu. \u010cini\u0107emo \u0107emo ovaj sektor odr\u017eivijim. Ponudi\u0107emo rje\u0161enja koja \u0107emo usaglasiti s poljoprivrednim proizvo\u0111a\u010dima, kako bi se proizvodila hrana\u201d, kazao je Husnija Kudi\u0107, savjetnik ministra za poljoprivredu.<\/p>\n\n\n\n<p>Djeluje, izgleda i Vlada T\u017d, koja zbog ogromnih poskupljenja tra\u017ei kontrole mar\u017ei.<\/p>\n\n\n\n<p>\u201cIntencija na\u0161a, kao Vlade, opredjeljenje, je da smanjimo mogu\u0107nost zloupotrebe kada je u pitanju formiranje cijena, kako bi gra\u0111ani \u0161to manje osjetili ovo\u0161to se de\u0161ava\u201d, kazao je Irfan Halilagi\u0107, premijer T\u017d.<\/p>\n\n\n\n<p>Ho\u0107e li se vlasti, zaista probuditi, sazna\u0107emo u srijedu, kada bi na sjednici dr\u017eavnog Parlamenta, trebalo da bude izglasano privremeno ukidanje akciza.<\/p>\n\n\n\n<p>Izvor:N1<\/p>\n","protected":false},"excerpt":{"rendered":"<p>Hitna reakcija Vlade i sjednica u roku od sedam dana, jednoglasni je zahtjev predstavnika agrarne vlasti i poljoprivrednika u Federaciji BiH. Povod je aktuelna situacija u Ukrajini koja se odrazila i na na\u0161u dr\u017eavu. Cijene prehrambenih proizvoda, goriva, pa i svega ostalog, lan\u010dano idu prema vrhu, gra\u0111ani pani\u010dno prave zalihe, a sve zemlje uvode ograni\u010denja [&hellip;]<\/p>\n","protected":false},"author":2,"featured_media":119128,"comment_status":"closed","ping_status":"closed","sticky":false,"template":"","format":"standard","meta":{"h5ap_radio_sources":[],"footnotes":""},"categories":[1],"tags":[],"class_list":["post-119127","post","type-post","status-publish","format-standard","has-post-thumbnail","hentry","category-bihiregija"],"yoast_head":"<!-- This site is optimized with the Yoast SEO plugin v27.5 - https:\/\/yoast.com\/product\/yoast-seo-wordpress\/ -->\n<title>Vapaj poljoprivrednika u FBiH \u2013 upitna proizvodnja hrane - RADIO LJUBU\u0160KI<\/title>\n<meta name=\"robots\" content=\"index, follow, max-snippet:-1, max-image-preview:large, max-video-preview:-1\" \/>\n<link rel=\"canonical\" href=\"https:\/\/radioljubuski.ba\/index.php\/2022\/03\/08\/vapaj-poljoprivrednika-u-fbih-upitna-proizvodnja-hrane\/\" \/>\n<meta property=\"og:locale\" content=\"hr_HR\" \/>\n<meta property=\"og:type\" content=\"article\" \/>\n<meta property=\"og:title\" content=\"Vapaj poljoprivrednika u FBiH \u2013 upitna proizvodnja hrane - RADIO LJUBU\u0160KI\" \/>\n<meta property=\"og:description\" content=\"Hitna reakcija Vlade i sjednica u roku od sedam dana, jednoglasni je zahtjev predstavnika agrarne vlasti i poljoprivrednika u Federaciji BiH. Povod je aktuelna situacija u Ukrajini koja se odrazila i na na\u0161u dr\u017eavu. Cijene prehrambenih proizvoda, goriva, pa i svega ostalog, lan\u010dano idu prema vrhu, gra\u0111ani pani\u010dno prave zalihe, a sve zemlje uvode ograni\u010denja [&hellip;]\" \/>\n<meta property=\"og:url\" content=\"https:\/\/radioljubuski.ba\/index.php\/2022\/03\/08\/vapaj-poljoprivrednika-u-fbih-upitna-proizvodnja-hrane\/\" \/>\n<meta property=\"og:site_name\" content=\"RADIO LJUBU\u0160KI\" \/>\n<meta property=\"article:publisher\" content=\"https:\/\/www.facebook.com\/Radiio-Ljubuski-1490835324566332\" \/>\n<meta property=\"article:published_time\" content=\"2022-03-07T23:58:32+00:00\" \/>\n<meta property=\"article:modified_time\" content=\"2022-03-07T23:58:33+00:00\" \/>\n<meta property=\"og:image\" content=\"https:\/\/radioljubuski.ba\/wp-content\/uploads\/2022\/03\/xPO8Vfi6_poljo.jpg\" \/>\n\t<meta property=\"og:image:width\" content=\"1000\" \/>\n\t<meta property=\"og:image:height\" content=\"625\" \/>\n\t<meta property=\"og:image:type\" content=\"image\/jpeg\" \/>\n<meta name=\"author\" content=\"Radio Ljubu\u0161ki\" \/>\n<meta name=\"twitter:card\" content=\"summary_large_image\" \/>\n<meta name=\"twitter:creator\" content=\"@radioljubuski\" \/>\n<meta name=\"twitter:site\" content=\"@radioljubuski\" \/>\n<meta name=\"twitter:label1\" content=\"Napisao\/la\" \/>\n\t<meta name=\"twitter:data1\" content=\"Radio Ljubu\u0161ki\" \/>\n\t<meta name=\"twitter:label2\" content=\"Procijenjeno vrijeme \u010ditanja\" \/>\n\t<meta name=\"twitter:data2\" content=\"2 minute\" \/>\n<script type=\"application\/ld+json\" class=\"yoast-schema-graph\">{\"@context\":\"https:\\\/\\\/schema.org\",\"@graph\":[{\"@type\":\"Article\",\"@id\":\"https:\\\/\\\/radioljubuski.ba\\\/index.php\\\/2022\\\/03\\\/08\\\/vapaj-poljoprivrednika-u-fbih-upitna-proizvodnja-hrane\\\/#article\",\"isPartOf\":{\"@id\":\"https:\\\/\\\/radioljubuski.ba\\\/index.php\\\/2022\\\/03\\\/08\\\/vapaj-poljoprivrednika-u-fbih-upitna-proizvodnja-hrane\\\/\"},\"author\":{\"name\":\"Radio Ljubu\u0161ki\",\"@id\":\"https:\\\/\\\/radioljubuski.ba\\\/#\\\/schema\\\/person\\\/19fc700381a780f69665d7956c469e3b\"},\"headline\":\"Vapaj poljoprivrednika u FBiH \u2013 upitna proizvodnja hrane\",\"datePublished\":\"2022-03-07T23:58:32+00:00\",\"dateModified\":\"2022-03-07T23:58:33+00:00\",\"mainEntityOfPage\":{\"@id\":\"https:\\\/\\\/radioljubuski.ba\\\/index.php\\\/2022\\\/03\\\/08\\\/vapaj-poljoprivrednika-u-fbih-upitna-proizvodnja-hrane\\\/\"},\"wordCount\":498,\"publisher\":{\"@id\":\"https:\\\/\\\/radioljubuski.ba\\\/#organization\"},\"image\":{\"@id\":\"https:\\\/\\\/radioljubuski.ba\\\/index.php\\\/2022\\\/03\\\/08\\\/vapaj-poljoprivrednika-u-fbih-upitna-proizvodnja-hrane\\\/#primaryimage\"},\"thumbnailUrl\":\"https:\\\/\\\/radioljubuski.ba\\\/wp-content\\\/uploads\\\/2022\\\/03\\\/xPO8Vfi6_poljo.jpg\",\"articleSection\":[\"BIH i regija\"],\"inLanguage\":\"hr\"},{\"@type\":\"WebPage\",\"@id\":\"https:\\\/\\\/radioljubuski.ba\\\/index.php\\\/2022\\\/03\\\/08\\\/vapaj-poljoprivrednika-u-fbih-upitna-proizvodnja-hrane\\\/\",\"url\":\"https:\\\/\\\/radioljubuski.ba\\\/index.php\\\/2022\\\/03\\\/08\\\/vapaj-poljoprivrednika-u-fbih-upitna-proizvodnja-hrane\\\/\",\"name\":\"Vapaj poljoprivrednika u FBiH \u2013 upitna proizvodnja hrane - RADIO LJUBU\u0160KI\",\"isPartOf\":{\"@id\":\"https:\\\/\\\/radioljubuski.ba\\\/#website\"},\"primaryImageOfPage\":{\"@id\":\"https:\\\/\\\/radioljubuski.ba\\\/index.php\\\/2022\\\/03\\\/08\\\/vapaj-poljoprivrednika-u-fbih-upitna-proizvodnja-hrane\\\/#primaryimage\"},\"image\":{\"@id\":\"https:\\\/\\\/radioljubuski.ba\\\/index.php\\\/2022\\\/03\\\/08\\\/vapaj-poljoprivrednika-u-fbih-upitna-proizvodnja-hrane\\\/#primaryimage\"},\"thumbnailUrl\":\"https:\\\/\\\/radioljubuski.ba\\\/wp-content\\\/uploads\\\/2022\\\/03\\\/xPO8Vfi6_poljo.jpg\",\"datePublished\":\"2022-03-07T23:58:32+00:00\",\"dateModified\":\"2022-03-07T23:58:33+00:00\",\"breadcrumb\":{\"@id\":\"https:\\\/\\\/radioljubuski.ba\\\/index.php\\\/2022\\\/03\\\/08\\\/vapaj-poljoprivrednika-u-fbih-upitna-proizvodnja-hrane\\\/#breadcrumb\"},\"inLanguage\":\"hr\",\"potentialAction\":[{\"@type\":\"ReadAction\",\"target\":[\"https:\\\/\\\/radioljubuski.ba\\\/index.php\\\/2022\\\/03\\\/08\\\/vapaj-poljoprivrednika-u-fbih-upitna-proizvodnja-hrane\\\/\"]}]},{\"@type\":\"ImageObject\",\"inLanguage\":\"hr\",\"@id\":\"https:\\\/\\\/radioljubuski.ba\\\/index.php\\\/2022\\\/03\\\/08\\\/vapaj-poljoprivrednika-u-fbih-upitna-proizvodnja-hrane\\\/#primaryimage\",\"url\":\"https:\\\/\\\/radioljubuski.ba\\\/wp-content\\\/uploads\\\/2022\\\/03\\\/xPO8Vfi6_poljo.jpg\",\"contentUrl\":\"https:\\\/\\\/radioljubuski.ba\\\/wp-content\\\/uploads\\\/2022\\\/03\\\/xPO8Vfi6_poljo.jpg\",\"width\":1000,\"height\":625},{\"@type\":\"BreadcrumbList\",\"@id\":\"https:\\\/\\\/radioljubuski.ba\\\/index.php\\\/2022\\\/03\\\/08\\\/vapaj-poljoprivrednika-u-fbih-upitna-proizvodnja-hrane\\\/#breadcrumb\",\"itemListElement\":[{\"@type\":\"ListItem\",\"position\":1,\"name\":\"Po\u010detna stranica\",\"item\":\"https:\\\/\\\/radioljubuski.ba\\\/\"},{\"@type\":\"ListItem\",\"position\":2,\"name\":\"Vapaj poljoprivrednika u FBiH \u2013 upitna proizvodnja hrane\"}]},{\"@type\":\"WebSite\",\"@id\":\"https:\\\/\\\/radioljubuski.ba\\\/#website\",\"url\":\"https:\\\/\\\/radioljubuski.ba\\\/\",\"name\":\"Radio Ljubu\u0161ki\",\"description\":\"Sun\u010dana frekvencija Hercegovine\",\"publisher\":{\"@id\":\"https:\\\/\\\/radioljubuski.ba\\\/#organization\"},\"potentialAction\":[{\"@type\":\"SearchAction\",\"target\":{\"@type\":\"EntryPoint\",\"urlTemplate\":\"https:\\\/\\\/radioljubuski.ba\\\/?s={search_term_string}\"},\"query-input\":{\"@type\":\"PropertyValueSpecification\",\"valueRequired\":true,\"valueName\":\"search_term_string\"}}],\"inLanguage\":\"hr\"},{\"@type\":\"Organization\",\"@id\":\"https:\\\/\\\/radioljubuski.ba\\\/#organization\",\"name\":\"Radio Ljubu\u0161ki\",\"url\":\"https:\\\/\\\/radioljubuski.ba\\\/\",\"logo\":{\"@type\":\"ImageObject\",\"inLanguage\":\"hr\",\"@id\":\"https:\\\/\\\/radioljubuski.ba\\\/#\\\/schema\\\/logo\\\/image\\\/\",\"url\":\"https:\\\/\\\/radioljubuski.ba\\\/wp-content\\\/uploads\\\/2021\\\/02\\\/cropped-Radio_Ljubuski_logo1.jpg\",\"contentUrl\":\"https:\\\/\\\/radioljubuski.ba\\\/wp-content\\\/uploads\\\/2021\\\/02\\\/cropped-Radio_Ljubuski_logo1.jpg\",\"width\":512,\"height\":512,\"caption\":\"Radio Ljubu\u0161ki\"},\"image\":{\"@id\":\"https:\\\/\\\/radioljubuski.ba\\\/#\\\/schema\\\/logo\\\/image\\\/\"},\"sameAs\":[\"https:\\\/\\\/www.facebook.com\\\/Radiio-Ljubuski-1490835324566332\",\"https:\\\/\\\/x.com\\\/radioljubuski\",\"https:\\\/\\\/hr.linkedin.com\\\/company\\\/radio-ljubuski\",\"https:\\\/\\\/www.youtube.com\\\/channel\\\/UCHYaeO_n0Db3tjNGudGpXyw\"]},{\"@type\":\"Person\",\"@id\":\"https:\\\/\\\/radioljubuski.ba\\\/#\\\/schema\\\/person\\\/19fc700381a780f69665d7956c469e3b\",\"name\":\"Radio Ljubu\u0161ki\"}]}<\/script>\n<!-- \/ Yoast SEO plugin. -->","yoast_head_json":{"title":"Vapaj poljoprivrednika u FBiH \u2013 upitna proizvodnja hrane - RADIO LJUBU\u0160KI","robots":{"index":"index","follow":"follow","max-snippet":"max-snippet:-1","max-image-preview":"max-image-preview:large","max-video-preview":"max-video-preview:-1"},"canonical":"https:\/\/radioljubuski.ba\/index.php\/2022\/03\/08\/vapaj-poljoprivrednika-u-fbih-upitna-proizvodnja-hrane\/","og_locale":"hr_HR","og_type":"article","og_title":"Vapaj poljoprivrednika u FBiH \u2013 upitna proizvodnja hrane - RADIO LJUBU\u0160KI","og_description":"Hitna reakcija Vlade i sjednica u roku od sedam dana, jednoglasni je zahtjev predstavnika agrarne vlasti i poljoprivrednika u Federaciji BiH. Povod je aktuelna situacija u Ukrajini koja se odrazila i na na\u0161u dr\u017eavu. Cijene prehrambenih proizvoda, goriva, pa i svega ostalog, lan\u010dano idu prema vrhu, gra\u0111ani pani\u010dno prave zalihe, a sve zemlje uvode ograni\u010denja [&hellip;]","og_url":"https:\/\/radioljubuski.ba\/index.php\/2022\/03\/08\/vapaj-poljoprivrednika-u-fbih-upitna-proizvodnja-hrane\/","og_site_name":"RADIO LJUBU\u0160KI","article_publisher":"https:\/\/www.facebook.com\/Radiio-Ljubuski-1490835324566332","article_published_time":"2022-03-07T23:58:32+00:00","article_modified_time":"2022-03-07T23:58:33+00:00","og_image":[{"width":1000,"height":625,"url":"https:\/\/radioljubuski.ba\/wp-content\/uploads\/2022\/03\/xPO8Vfi6_poljo.jpg","type":"image\/jpeg"}],"author":"Radio Ljubu\u0161ki","twitter_card":"summary_large_image","twitter_creator":"@radioljubuski","twitter_site":"@radioljubuski","twitter_misc":{"Napisao\/la":"Radio Ljubu\u0161ki","Procijenjeno vrijeme \u010ditanja":"2 minute"},"schema":{"@context":"https:\/\/schema.org","@graph":[{"@type":"Article","@id":"https:\/\/radioljubuski.ba\/index.php\/2022\/03\/08\/vapaj-poljoprivrednika-u-fbih-upitna-proizvodnja-hrane\/#article","isPartOf":{"@id":"https:\/\/radioljubuski.ba\/index.php\/2022\/03\/08\/vapaj-poljoprivrednika-u-fbih-upitna-proizvodnja-hrane\/"},"author":{"name":"Radio Ljubu\u0161ki","@id":"https:\/\/radioljubuski.ba\/#\/schema\/person\/19fc700381a780f69665d7956c469e3b"},"headline":"Vapaj poljoprivrednika u FBiH \u2013 upitna proizvodnja hrane","datePublished":"2022-03-07T23:58:32+00:00","dateModified":"2022-03-07T23:58:33+00:00","mainEntityOfPage":{"@id":"https:\/\/radioljubuski.ba\/index.php\/2022\/03\/08\/vapaj-poljoprivrednika-u-fbih-upitna-proizvodnja-hrane\/"},"wordCount":498,"publisher":{"@id":"https:\/\/radioljubuski.ba\/#organization"},"image":{"@id":"https:\/\/radioljubuski.ba\/index.php\/2022\/03\/08\/vapaj-poljoprivrednika-u-fbih-upitna-proizvodnja-hrane\/#primaryimage"},"thumbnailUrl":"https:\/\/radioljubuski.ba\/wp-content\/uploads\/2022\/03\/xPO8Vfi6_poljo.jpg","articleSection":["BIH i regija"],"inLanguage":"hr"},{"@type":"WebPage","@id":"https:\/\/radioljubuski.ba\/index.php\/2022\/03\/08\/vapaj-poljoprivrednika-u-fbih-upitna-proizvodnja-hrane\/","url":"https:\/\/radioljubuski.ba\/index.php\/2022\/03\/08\/vapaj-poljoprivrednika-u-fbih-upitna-proizvodnja-hrane\/","name":"Vapaj poljoprivrednika u FBiH \u2013 upitna proizvodnja hrane - RADIO LJUBU\u0160KI","isPartOf":{"@id":"https:\/\/radioljubuski.ba\/#website"},"primaryImageOfPage":{"@id":"https:\/\/radioljubuski.ba\/index.php\/2022\/03\/08\/vapaj-poljoprivrednika-u-fbih-upitna-proizvodnja-hrane\/#primaryimage"},"image":{"@id":"https:\/\/radioljubuski.ba\/index.php\/2022\/03\/08\/vapaj-poljoprivrednika-u-fbih-upitna-proizvodnja-hrane\/#primaryimage"},"thumbnailUrl":"https:\/\/radioljubuski.ba\/wp-content\/uploads\/2022\/03\/xPO8Vfi6_poljo.jpg","datePublished":"2022-03-07T23:58:32+00:00","dateModified":"2022-03-07T23:58:33+00:00","breadcrumb":{"@id":"https:\/\/radioljubuski.ba\/index.php\/2022\/03\/08\/vapaj-poljoprivrednika-u-fbih-upitna-proizvodnja-hrane\/#breadcrumb"},"inLanguage":"hr","potentialAction":[{"@type":"ReadAction","target":["https:\/\/radioljubuski.ba\/index.php\/2022\/03\/08\/vapaj-poljoprivrednika-u-fbih-upitna-proizvodnja-hrane\/"]}]},{"@type":"ImageObject","inLanguage":"hr","@id":"https:\/\/radioljubuski.ba\/index.php\/2022\/03\/08\/vapaj-poljoprivrednika-u-fbih-upitna-proizvodnja-hrane\/#primaryimage","url":"https:\/\/radioljubuski.ba\/wp-content\/uploads\/2022\/03\/xPO8Vfi6_poljo.jpg","contentUrl":"https:\/\/radioljubuski.ba\/wp-content\/uploads\/2022\/03\/xPO8Vfi6_poljo.jpg","width":1000,"height":625},{"@type":"BreadcrumbList","@id":"https:\/\/radioljubuski.ba\/index.php\/2022\/03\/08\/vapaj-poljoprivrednika-u-fbih-upitna-proizvodnja-hrane\/#breadcrumb","itemListElement":[{"@type":"ListItem","position":1,"name":"Po\u010detna stranica","item":"https:\/\/radioljubuski.ba\/"},{"@type":"ListItem","position":2,"name":"Vapaj poljoprivrednika u FBiH \u2013 upitna proizvodnja hrane"}]},{"@type":"WebSite","@id":"https:\/\/radioljubuski.ba\/#website","url":"https:\/\/radioljubuski.ba\/","name":"Radio Ljubu\u0161ki","description":"Sun\u010dana frekvencija Hercegovine","publisher":{"@id":"https:\/\/radioljubuski.ba\/#organization"},"potentialAction":[{"@type":"SearchAction","target":{"@type":"EntryPoint","urlTemplate":"https:\/\/radioljubuski.ba\/?s={search_term_string}"},"query-input":{"@type":"PropertyValueSpecification","valueRequired":true,"valueName":"search_term_string"}}],"inLanguage":"hr"},{"@type":"Organization","@id":"https:\/\/radioljubuski.ba\/#organization","name":"Radio Ljubu\u0161ki","url":"https:\/\/radioljubuski.ba\/","logo":{"@type":"ImageObject","inLanguage":"hr","@id":"https:\/\/radioljubuski.ba\/#\/schema\/logo\/image\/","url":"https:\/\/radioljubuski.ba\/wp-content\/uploads\/2021\/02\/cropped-Radio_Ljubuski_logo1.jpg","contentUrl":"https:\/\/radioljubuski.ba\/wp-content\/uploads\/2021\/02\/cropped-Radio_Ljubuski_logo1.jpg","width":512,"height":512,"caption":"Radio Ljubu\u0161ki"},"image":{"@id":"https:\/\/radioljubuski.ba\/#\/schema\/logo\/image\/"},"sameAs":["https:\/\/www.facebook.com\/Radiio-Ljubuski-1490835324566332","https:\/\/x.com\/radioljubuski","https:\/\/hr.linkedin.com\/company\/radio-ljubuski","https:\/\/www.youtube.com\/channel\/UCHYaeO_n0Db3tjNGudGpXyw"]},{"@type":"Person","@id":"https:\/\/radioljubuski.ba\/#\/schema\/person\/19fc700381a780f69665d7956c469e3b","name":"Radio Ljubu\u0161ki"}]}},"_links":{"self":[{"href":"https:\/\/radioljubuski.ba\/index.php\/wp-json\/wp\/v2\/posts\/119127","targetHints":{"allow":["GET"]}}],"collection":[{"href":"https:\/\/radioljubuski.ba\/index.php\/wp-json\/wp\/v2\/posts"}],"about":[{"href":"https:\/\/radioljubuski.ba\/index.php\/wp-json\/wp\/v2\/types\/post"}],"author":[{"embeddable":true,"href":"https:\/\/radioljubuski.ba\/index.php\/wp-json\/wp\/v2\/users\/2"}],"replies":[{"embeddable":true,"href":"https:\/\/radioljubuski.ba\/index.php\/wp-json\/wp\/v2\/comments?post=119127"}],"version-history":[{"count":1,"href":"https:\/\/radioljubuski.ba\/index.php\/wp-json\/wp\/v2\/posts\/119127\/revisions"}],"predecessor-version":[{"id":119129,"href":"https:\/\/radioljubuski.ba\/index.php\/wp-json\/wp\/v2\/posts\/119127\/revisions\/119129"}],"wp:featuredmedia":[{"embeddable":true,"href":"https:\/\/radioljubuski.ba\/index.php\/wp-json\/wp\/v2\/media\/119128"}],"wp:attachment":[{"href":"https:\/\/radioljubuski.ba\/index.php\/wp-json\/wp\/v2\/media?parent=119127"}],"wp:term":[{"taxonomy":"category","embeddable":true,"href":"https:\/\/radioljubuski.ba\/index.php\/wp-json\/wp\/v2\/categories?post=119127"},{"taxonomy":"post_tag","embeddable":true,"href":"https:\/\/radioljubuski.ba\/index.php\/wp-json\/wp\/v2\/tags?post=119127"}],"curies":[{"name":"wp","href":"https:\/\/api.w.org\/{rel}","templated":true}]}}