{"id":119141,"date":"2022-03-08T01:04:47","date_gmt":"2022-03-08T00:04:47","guid":{"rendered":"https:\/\/radioljubuski.ba\/?p=119141"},"modified":"2022-03-08T01:04:47","modified_gmt":"2022-03-08T00:04:47","slug":"u-splitu-odrzan-okrugli-stol-o-zenama-u-poslovnom-svijetu-i-politici","status":"publish","type":"post","link":"https:\/\/radioljubuski.ba\/index.php\/2022\/03\/08\/u-splitu-odrzan-okrugli-stol-o-zenama-u-poslovnom-svijetu-i-politici\/","title":{"rendered":"U Splitu odr\u017ean okrugli stol o \u017eenama u poslovnom svijetu i politici"},"content":{"rendered":"\n<p>Uo\u010di Me\u0111unarodnog dana \u017eena, u organizaciji zastupnice u Europskom parlamentu \u017deljane Zovko te Povjerenstva za ravnopravnost spolova Splitsko-dalmatinske \u017eupanije i Savjeta mladih Splitsko-dalmatinske \u017eupanije je u Splitu odr\u017ean okrugli stol o \u017eenama u poslovnom svijetu i politici.<\/p>\n\n\n\n<p>\u201e\u017dene nisu tu samo da lije\u010de rane niti da pru\u017eaju utjehu. One su tu da budu za stolom kada se donose odluke. Dana\u0161nji svijet je pomalo i kaoti\u010dan te nemamo odlu\u010dnih ljudi. Odlaskom Angele Merkel, koja je na neki na\u010din pru\u017eala stabilnost u EU, vidimo da se doga\u0111aju velike turbulencije\u201d- upozorila je Zovko u svom izlaganju, istaknuv\u0161i kako u svom radu u Europskom parlamentu aktivno zagovara spolnu ravnopravnost i ve\u0107e sudjelovanje \u017eena u procesima dono\u0161enja odluka na svim razinama.<\/p>\n\n\n\n<p>U tom kontekstu je spomenula svoj rad na izvje\u0161\u0107u o \u017eenama, jednakosti spolova i klimatskoj pravdi, izvje\u0161\u0107u o ravnopravnosti spolova u vanjskoj i sigurnosnoj politici i mi\u0161ljenju o Akcijskom planu o ravnopravnosti spolova te je navela mjere kojima Europska unija radi na postizanju ve\u0107e ravnopravnosti \u017eena i mu\u0161karaca.<\/p>\n\n\n\n<p>\u201cTreba osvijestiti mlade \u017eene i djevojke da dignu svoj glas i preuzmu odlu\u010dniju ulogu jer je ovaj svijet itekako nesiguran, a njihovo sudjelovanje je prebitno\u201d \u2013 naglasila je Zovko i dodala kako je u trenutnom sazivu Europskog parlamenta udio \u017eena ve\u0107i od 40 posto te kako se na \u010delu dvije najva\u017enije institucije \u2013 Europskog parlamenta i Europske komisije nalaze upravo \u017eene.<\/p>\n\n\n\n<p>O va\u017enosti smanjivanja nejednakosti izme\u0111u \u017eena i mu\u0161karaca te o trenuta\u010dnom stanju u Republici Hrvatskoj po tom pitanju su na okruglom stolu tako\u0111er govorili i \u017eupan Splitsko-dalmatinske \u017eupanije Bla\u017eenko Boban, predsjednica Povjerenstva za ravnopravnost spolova Splitsko-dalmatinske \u017eupanije Danica Bari\u010devi\u0107, predsjednica HUP podru\u017enice u Dalmaciji i poduzetnica Helena Budi\u0161a, psihologinja Zrinka Mu\u017eini\u0107 Biki\u0107, poduzetnica i osniva\u010dica brenda Dada&amp;Rocco Danira Glavini\u0107 te \u010dlanica Savjeta mladih Splitsko-dalmatinske \u017eupanije dr. med. Jelena \u0106urkovi\u0107.<\/p>\n\n\n\n<p>Izvor:pogled.ba<\/p>\n","protected":false},"excerpt":{"rendered":"<p>Uo\u010di Me\u0111unarodnog dana \u017eena, u organizaciji zastupnice u Europskom parlamentu \u017deljane Zovko te Povjerenstva za ravnopravnost spolova Splitsko-dalmatinske \u017eupanije i Savjeta mladih Splitsko-dalmatinske \u017eupanije je u Splitu odr\u017ean okrugli stol o \u017eenama u poslovnom svijetu i politici. \u201e\u017dene nisu tu samo da lije\u010de rane niti da pru\u017eaju utjehu. One su tu da budu za stolom [&hellip;]<\/p>\n","protected":false},"author":2,"featured_media":119142,"comment_status":"closed","ping_status":"closed","sticky":false,"template":"","format":"standard","meta":{"h5ap_radio_sources":[],"footnotes":""},"categories":[1],"tags":[],"class_list":["post-119141","post","type-post","status-publish","format-standard","has-post-thumbnail","hentry","category-bihiregija"],"yoast_head":"<!-- This site is optimized with the Yoast SEO plugin v27.5 - https:\/\/yoast.com\/product\/yoast-seo-wordpress\/ -->\n<title>U Splitu odr\u017ean okrugli stol o \u017eenama u poslovnom svijetu i politici - RADIO LJUBU\u0160KI<\/title>\n<meta name=\"robots\" content=\"index, follow, max-snippet:-1, max-image-preview:large, max-video-preview:-1\" \/>\n<link rel=\"canonical\" href=\"https:\/\/radioljubuski.ba\/index.php\/2022\/03\/08\/u-splitu-odrzan-okrugli-stol-o-zenama-u-poslovnom-svijetu-i-politici\/\" \/>\n<meta property=\"og:locale\" content=\"hr_HR\" \/>\n<meta property=\"og:type\" content=\"article\" \/>\n<meta property=\"og:title\" content=\"U Splitu odr\u017ean okrugli stol o \u017eenama u poslovnom svijetu i politici - RADIO LJUBU\u0160KI\" \/>\n<meta property=\"og:description\" content=\"Uo\u010di Me\u0111unarodnog dana \u017eena, u organizaciji zastupnice u Europskom parlamentu \u017deljane Zovko te Povjerenstva za ravnopravnost spolova Splitsko-dalmatinske \u017eupanije i Savjeta mladih Splitsko-dalmatinske \u017eupanije je u Splitu odr\u017ean okrugli stol o \u017eenama u poslovnom svijetu i politici. \u201e\u017dene nisu tu samo da lije\u010de rane niti da pru\u017eaju utjehu. One su tu da budu za stolom [&hellip;]\" \/>\n<meta property=\"og:url\" content=\"https:\/\/radioljubuski.ba\/index.php\/2022\/03\/08\/u-splitu-odrzan-okrugli-stol-o-zenama-u-poslovnom-svijetu-i-politici\/\" \/>\n<meta property=\"og:site_name\" content=\"RADIO LJUBU\u0160KI\" \/>\n<meta property=\"article:publisher\" content=\"https:\/\/www.facebook.com\/Radiio-Ljubuski-1490835324566332\" \/>\n<meta property=\"article:published_time\" content=\"2022-03-08T00:04:47+00:00\" \/>\n<meta property=\"og:image\" content=\"https:\/\/radioljubuski.ba\/wp-content\/uploads\/2022\/03\/2-2022-03-07-20-57-49-7MAR_22-ZovkoSplitKonf.jpeg\" \/>\n\t<meta property=\"og:image:width\" content=\"1000\" \/>\n\t<meta property=\"og:image:height\" content=\"625\" \/>\n\t<meta property=\"og:image:type\" content=\"image\/jpeg\" \/>\n<meta name=\"author\" content=\"Radio Ljubu\u0161ki\" \/>\n<meta name=\"twitter:card\" content=\"summary_large_image\" \/>\n<meta name=\"twitter:creator\" content=\"@radioljubuski\" \/>\n<meta name=\"twitter:site\" content=\"@radioljubuski\" \/>\n<meta name=\"twitter:label1\" content=\"Napisao\/la\" \/>\n\t<meta name=\"twitter:data1\" content=\"Radio Ljubu\u0161ki\" \/>\n\t<meta name=\"twitter:label2\" content=\"Procijenjeno vrijeme \u010ditanja\" \/>\n\t<meta name=\"twitter:data2\" content=\"2 minute\" \/>\n<script type=\"application\/ld+json\" class=\"yoast-schema-graph\">{\"@context\":\"https:\\\/\\\/schema.org\",\"@graph\":[{\"@type\":\"Article\",\"@id\":\"https:\\\/\\\/radioljubuski.ba\\\/index.php\\\/2022\\\/03\\\/08\\\/u-splitu-odrzan-okrugli-stol-o-zenama-u-poslovnom-svijetu-i-politici\\\/#article\",\"isPartOf\":{\"@id\":\"https:\\\/\\\/radioljubuski.ba\\\/index.php\\\/2022\\\/03\\\/08\\\/u-splitu-odrzan-okrugli-stol-o-zenama-u-poslovnom-svijetu-i-politici\\\/\"},\"author\":{\"name\":\"Radio Ljubu\u0161ki\",\"@id\":\"https:\\\/\\\/radioljubuski.ba\\\/#\\\/schema\\\/person\\\/19fc700381a780f69665d7956c469e3b\"},\"headline\":\"U Splitu odr\u017ean okrugli stol o \u017eenama u poslovnom svijetu i politici\",\"datePublished\":\"2022-03-08T00:04:47+00:00\",\"mainEntityOfPage\":{\"@id\":\"https:\\\/\\\/radioljubuski.ba\\\/index.php\\\/2022\\\/03\\\/08\\\/u-splitu-odrzan-okrugli-stol-o-zenama-u-poslovnom-svijetu-i-politici\\\/\"},\"wordCount\":343,\"publisher\":{\"@id\":\"https:\\\/\\\/radioljubuski.ba\\\/#organization\"},\"image\":{\"@id\":\"https:\\\/\\\/radioljubuski.ba\\\/index.php\\\/2022\\\/03\\\/08\\\/u-splitu-odrzan-okrugli-stol-o-zenama-u-poslovnom-svijetu-i-politici\\\/#primaryimage\"},\"thumbnailUrl\":\"https:\\\/\\\/radioljubuski.ba\\\/wp-content\\\/uploads\\\/2022\\\/03\\\/2-2022-03-07-20-57-49-7MAR_22-ZovkoSplitKonf.jpeg\",\"articleSection\":[\"BIH i regija\"],\"inLanguage\":\"hr\"},{\"@type\":\"WebPage\",\"@id\":\"https:\\\/\\\/radioljubuski.ba\\\/index.php\\\/2022\\\/03\\\/08\\\/u-splitu-odrzan-okrugli-stol-o-zenama-u-poslovnom-svijetu-i-politici\\\/\",\"url\":\"https:\\\/\\\/radioljubuski.ba\\\/index.php\\\/2022\\\/03\\\/08\\\/u-splitu-odrzan-okrugli-stol-o-zenama-u-poslovnom-svijetu-i-politici\\\/\",\"name\":\"U Splitu odr\u017ean okrugli stol o \u017eenama u poslovnom svijetu i politici - RADIO LJUBU\u0160KI\",\"isPartOf\":{\"@id\":\"https:\\\/\\\/radioljubuski.ba\\\/#website\"},\"primaryImageOfPage\":{\"@id\":\"https:\\\/\\\/radioljubuski.ba\\\/index.php\\\/2022\\\/03\\\/08\\\/u-splitu-odrzan-okrugli-stol-o-zenama-u-poslovnom-svijetu-i-politici\\\/#primaryimage\"},\"image\":{\"@id\":\"https:\\\/\\\/radioljubuski.ba\\\/index.php\\\/2022\\\/03\\\/08\\\/u-splitu-odrzan-okrugli-stol-o-zenama-u-poslovnom-svijetu-i-politici\\\/#primaryimage\"},\"thumbnailUrl\":\"https:\\\/\\\/radioljubuski.ba\\\/wp-content\\\/uploads\\\/2022\\\/03\\\/2-2022-03-07-20-57-49-7MAR_22-ZovkoSplitKonf.jpeg\",\"datePublished\":\"2022-03-08T00:04:47+00:00\",\"breadcrumb\":{\"@id\":\"https:\\\/\\\/radioljubuski.ba\\\/index.php\\\/2022\\\/03\\\/08\\\/u-splitu-odrzan-okrugli-stol-o-zenama-u-poslovnom-svijetu-i-politici\\\/#breadcrumb\"},\"inLanguage\":\"hr\",\"potentialAction\":[{\"@type\":\"ReadAction\",\"target\":[\"https:\\\/\\\/radioljubuski.ba\\\/index.php\\\/2022\\\/03\\\/08\\\/u-splitu-odrzan-okrugli-stol-o-zenama-u-poslovnom-svijetu-i-politici\\\/\"]}]},{\"@type\":\"ImageObject\",\"inLanguage\":\"hr\",\"@id\":\"https:\\\/\\\/radioljubuski.ba\\\/index.php\\\/2022\\\/03\\\/08\\\/u-splitu-odrzan-okrugli-stol-o-zenama-u-poslovnom-svijetu-i-politici\\\/#primaryimage\",\"url\":\"https:\\\/\\\/radioljubuski.ba\\\/wp-content\\\/uploads\\\/2022\\\/03\\\/2-2022-03-07-20-57-49-7MAR_22-ZovkoSplitKonf.jpeg\",\"contentUrl\":\"https:\\\/\\\/radioljubuski.ba\\\/wp-content\\\/uploads\\\/2022\\\/03\\\/2-2022-03-07-20-57-49-7MAR_22-ZovkoSplitKonf.jpeg\",\"width\":1000,\"height\":625},{\"@type\":\"BreadcrumbList\",\"@id\":\"https:\\\/\\\/radioljubuski.ba\\\/index.php\\\/2022\\\/03\\\/08\\\/u-splitu-odrzan-okrugli-stol-o-zenama-u-poslovnom-svijetu-i-politici\\\/#breadcrumb\",\"itemListElement\":[{\"@type\":\"ListItem\",\"position\":1,\"name\":\"Po\u010detna stranica\",\"item\":\"https:\\\/\\\/radioljubuski.ba\\\/\"},{\"@type\":\"ListItem\",\"position\":2,\"name\":\"U Splitu odr\u017ean okrugli stol o \u017eenama u poslovnom svijetu i politici\"}]},{\"@type\":\"WebSite\",\"@id\":\"https:\\\/\\\/radioljubuski.ba\\\/#website\",\"url\":\"https:\\\/\\\/radioljubuski.ba\\\/\",\"name\":\"Radio Ljubu\u0161ki\",\"description\":\"Sun\u010dana frekvencija Hercegovine\",\"publisher\":{\"@id\":\"https:\\\/\\\/radioljubuski.ba\\\/#organization\"},\"potentialAction\":[{\"@type\":\"SearchAction\",\"target\":{\"@type\":\"EntryPoint\",\"urlTemplate\":\"https:\\\/\\\/radioljubuski.ba\\\/?s={search_term_string}\"},\"query-input\":{\"@type\":\"PropertyValueSpecification\",\"valueRequired\":true,\"valueName\":\"search_term_string\"}}],\"inLanguage\":\"hr\"},{\"@type\":\"Organization\",\"@id\":\"https:\\\/\\\/radioljubuski.ba\\\/#organization\",\"name\":\"Radio Ljubu\u0161ki\",\"url\":\"https:\\\/\\\/radioljubuski.ba\\\/\",\"logo\":{\"@type\":\"ImageObject\",\"inLanguage\":\"hr\",\"@id\":\"https:\\\/\\\/radioljubuski.ba\\\/#\\\/schema\\\/logo\\\/image\\\/\",\"url\":\"https:\\\/\\\/radioljubuski.ba\\\/wp-content\\\/uploads\\\/2021\\\/02\\\/cropped-Radio_Ljubuski_logo1.jpg\",\"contentUrl\":\"https:\\\/\\\/radioljubuski.ba\\\/wp-content\\\/uploads\\\/2021\\\/02\\\/cropped-Radio_Ljubuski_logo1.jpg\",\"width\":512,\"height\":512,\"caption\":\"Radio Ljubu\u0161ki\"},\"image\":{\"@id\":\"https:\\\/\\\/radioljubuski.ba\\\/#\\\/schema\\\/logo\\\/image\\\/\"},\"sameAs\":[\"https:\\\/\\\/www.facebook.com\\\/Radiio-Ljubuski-1490835324566332\",\"https:\\\/\\\/x.com\\\/radioljubuski\",\"https:\\\/\\\/hr.linkedin.com\\\/company\\\/radio-ljubuski\",\"https:\\\/\\\/www.youtube.com\\\/channel\\\/UCHYaeO_n0Db3tjNGudGpXyw\"]},{\"@type\":\"Person\",\"@id\":\"https:\\\/\\\/radioljubuski.ba\\\/#\\\/schema\\\/person\\\/19fc700381a780f69665d7956c469e3b\",\"name\":\"Radio Ljubu\u0161ki\"}]}<\/script>\n<!-- \/ Yoast SEO plugin. -->","yoast_head_json":{"title":"U Splitu odr\u017ean okrugli stol o \u017eenama u poslovnom svijetu i politici - RADIO LJUBU\u0160KI","robots":{"index":"index","follow":"follow","max-snippet":"max-snippet:-1","max-image-preview":"max-image-preview:large","max-video-preview":"max-video-preview:-1"},"canonical":"https:\/\/radioljubuski.ba\/index.php\/2022\/03\/08\/u-splitu-odrzan-okrugli-stol-o-zenama-u-poslovnom-svijetu-i-politici\/","og_locale":"hr_HR","og_type":"article","og_title":"U Splitu odr\u017ean okrugli stol o \u017eenama u poslovnom svijetu i politici - RADIO LJUBU\u0160KI","og_description":"Uo\u010di Me\u0111unarodnog dana \u017eena, u organizaciji zastupnice u Europskom parlamentu \u017deljane Zovko te Povjerenstva za ravnopravnost spolova Splitsko-dalmatinske \u017eupanije i Savjeta mladih Splitsko-dalmatinske \u017eupanije je u Splitu odr\u017ean okrugli stol o \u017eenama u poslovnom svijetu i politici. \u201e\u017dene nisu tu samo da lije\u010de rane niti da pru\u017eaju utjehu. One su tu da budu za stolom [&hellip;]","og_url":"https:\/\/radioljubuski.ba\/index.php\/2022\/03\/08\/u-splitu-odrzan-okrugli-stol-o-zenama-u-poslovnom-svijetu-i-politici\/","og_site_name":"RADIO LJUBU\u0160KI","article_publisher":"https:\/\/www.facebook.com\/Radiio-Ljubuski-1490835324566332","article_published_time":"2022-03-08T00:04:47+00:00","og_image":[{"width":1000,"height":625,"url":"https:\/\/radioljubuski.ba\/wp-content\/uploads\/2022\/03\/2-2022-03-07-20-57-49-7MAR_22-ZovkoSplitKonf.jpeg","type":"image\/jpeg"}],"author":"Radio Ljubu\u0161ki","twitter_card":"summary_large_image","twitter_creator":"@radioljubuski","twitter_site":"@radioljubuski","twitter_misc":{"Napisao\/la":"Radio Ljubu\u0161ki","Procijenjeno vrijeme \u010ditanja":"2 minute"},"schema":{"@context":"https:\/\/schema.org","@graph":[{"@type":"Article","@id":"https:\/\/radioljubuski.ba\/index.php\/2022\/03\/08\/u-splitu-odrzan-okrugli-stol-o-zenama-u-poslovnom-svijetu-i-politici\/#article","isPartOf":{"@id":"https:\/\/radioljubuski.ba\/index.php\/2022\/03\/08\/u-splitu-odrzan-okrugli-stol-o-zenama-u-poslovnom-svijetu-i-politici\/"},"author":{"name":"Radio Ljubu\u0161ki","@id":"https:\/\/radioljubuski.ba\/#\/schema\/person\/19fc700381a780f69665d7956c469e3b"},"headline":"U Splitu odr\u017ean okrugli stol o \u017eenama u poslovnom svijetu i politici","datePublished":"2022-03-08T00:04:47+00:00","mainEntityOfPage":{"@id":"https:\/\/radioljubuski.ba\/index.php\/2022\/03\/08\/u-splitu-odrzan-okrugli-stol-o-zenama-u-poslovnom-svijetu-i-politici\/"},"wordCount":343,"publisher":{"@id":"https:\/\/radioljubuski.ba\/#organization"},"image":{"@id":"https:\/\/radioljubuski.ba\/index.php\/2022\/03\/08\/u-splitu-odrzan-okrugli-stol-o-zenama-u-poslovnom-svijetu-i-politici\/#primaryimage"},"thumbnailUrl":"https:\/\/radioljubuski.ba\/wp-content\/uploads\/2022\/03\/2-2022-03-07-20-57-49-7MAR_22-ZovkoSplitKonf.jpeg","articleSection":["BIH i regija"],"inLanguage":"hr"},{"@type":"WebPage","@id":"https:\/\/radioljubuski.ba\/index.php\/2022\/03\/08\/u-splitu-odrzan-okrugli-stol-o-zenama-u-poslovnom-svijetu-i-politici\/","url":"https:\/\/radioljubuski.ba\/index.php\/2022\/03\/08\/u-splitu-odrzan-okrugli-stol-o-zenama-u-poslovnom-svijetu-i-politici\/","name":"U Splitu odr\u017ean okrugli stol o \u017eenama u poslovnom svijetu i politici - RADIO LJUBU\u0160KI","isPartOf":{"@id":"https:\/\/radioljubuski.ba\/#website"},"primaryImageOfPage":{"@id":"https:\/\/radioljubuski.ba\/index.php\/2022\/03\/08\/u-splitu-odrzan-okrugli-stol-o-zenama-u-poslovnom-svijetu-i-politici\/#primaryimage"},"image":{"@id":"https:\/\/radioljubuski.ba\/index.php\/2022\/03\/08\/u-splitu-odrzan-okrugli-stol-o-zenama-u-poslovnom-svijetu-i-politici\/#primaryimage"},"thumbnailUrl":"https:\/\/radioljubuski.ba\/wp-content\/uploads\/2022\/03\/2-2022-03-07-20-57-49-7MAR_22-ZovkoSplitKonf.jpeg","datePublished":"2022-03-08T00:04:47+00:00","breadcrumb":{"@id":"https:\/\/radioljubuski.ba\/index.php\/2022\/03\/08\/u-splitu-odrzan-okrugli-stol-o-zenama-u-poslovnom-svijetu-i-politici\/#breadcrumb"},"inLanguage":"hr","potentialAction":[{"@type":"ReadAction","target":["https:\/\/radioljubuski.ba\/index.php\/2022\/03\/08\/u-splitu-odrzan-okrugli-stol-o-zenama-u-poslovnom-svijetu-i-politici\/"]}]},{"@type":"ImageObject","inLanguage":"hr","@id":"https:\/\/radioljubuski.ba\/index.php\/2022\/03\/08\/u-splitu-odrzan-okrugli-stol-o-zenama-u-poslovnom-svijetu-i-politici\/#primaryimage","url":"https:\/\/radioljubuski.ba\/wp-content\/uploads\/2022\/03\/2-2022-03-07-20-57-49-7MAR_22-ZovkoSplitKonf.jpeg","contentUrl":"https:\/\/radioljubuski.ba\/wp-content\/uploads\/2022\/03\/2-2022-03-07-20-57-49-7MAR_22-ZovkoSplitKonf.jpeg","width":1000,"height":625},{"@type":"BreadcrumbList","@id":"https:\/\/radioljubuski.ba\/index.php\/2022\/03\/08\/u-splitu-odrzan-okrugli-stol-o-zenama-u-poslovnom-svijetu-i-politici\/#breadcrumb","itemListElement":[{"@type":"ListItem","position":1,"name":"Po\u010detna stranica","item":"https:\/\/radioljubuski.ba\/"},{"@type":"ListItem","position":2,"name":"U Splitu odr\u017ean okrugli stol o \u017eenama u poslovnom svijetu i politici"}]},{"@type":"WebSite","@id":"https:\/\/radioljubuski.ba\/#website","url":"https:\/\/radioljubuski.ba\/","name":"Radio Ljubu\u0161ki","description":"Sun\u010dana frekvencija Hercegovine","publisher":{"@id":"https:\/\/radioljubuski.ba\/#organization"},"potentialAction":[{"@type":"SearchAction","target":{"@type":"EntryPoint","urlTemplate":"https:\/\/radioljubuski.ba\/?s={search_term_string}"},"query-input":{"@type":"PropertyValueSpecification","valueRequired":true,"valueName":"search_term_string"}}],"inLanguage":"hr"},{"@type":"Organization","@id":"https:\/\/radioljubuski.ba\/#organization","name":"Radio Ljubu\u0161ki","url":"https:\/\/radioljubuski.ba\/","logo":{"@type":"ImageObject","inLanguage":"hr","@id":"https:\/\/radioljubuski.ba\/#\/schema\/logo\/image\/","url":"https:\/\/radioljubuski.ba\/wp-content\/uploads\/2021\/02\/cropped-Radio_Ljubuski_logo1.jpg","contentUrl":"https:\/\/radioljubuski.ba\/wp-content\/uploads\/2021\/02\/cropped-Radio_Ljubuski_logo1.jpg","width":512,"height":512,"caption":"Radio Ljubu\u0161ki"},"image":{"@id":"https:\/\/radioljubuski.ba\/#\/schema\/logo\/image\/"},"sameAs":["https:\/\/www.facebook.com\/Radiio-Ljubuski-1490835324566332","https:\/\/x.com\/radioljubuski","https:\/\/hr.linkedin.com\/company\/radio-ljubuski","https:\/\/www.youtube.com\/channel\/UCHYaeO_n0Db3tjNGudGpXyw"]},{"@type":"Person","@id":"https:\/\/radioljubuski.ba\/#\/schema\/person\/19fc700381a780f69665d7956c469e3b","name":"Radio Ljubu\u0161ki"}]}},"_links":{"self":[{"href":"https:\/\/radioljubuski.ba\/index.php\/wp-json\/wp\/v2\/posts\/119141","targetHints":{"allow":["GET"]}}],"collection":[{"href":"https:\/\/radioljubuski.ba\/index.php\/wp-json\/wp\/v2\/posts"}],"about":[{"href":"https:\/\/radioljubuski.ba\/index.php\/wp-json\/wp\/v2\/types\/post"}],"author":[{"embeddable":true,"href":"https:\/\/radioljubuski.ba\/index.php\/wp-json\/wp\/v2\/users\/2"}],"replies":[{"embeddable":true,"href":"https:\/\/radioljubuski.ba\/index.php\/wp-json\/wp\/v2\/comments?post=119141"}],"version-history":[{"count":1,"href":"https:\/\/radioljubuski.ba\/index.php\/wp-json\/wp\/v2\/posts\/119141\/revisions"}],"predecessor-version":[{"id":119143,"href":"https:\/\/radioljubuski.ba\/index.php\/wp-json\/wp\/v2\/posts\/119141\/revisions\/119143"}],"wp:featuredmedia":[{"embeddable":true,"href":"https:\/\/radioljubuski.ba\/index.php\/wp-json\/wp\/v2\/media\/119142"}],"wp:attachment":[{"href":"https:\/\/radioljubuski.ba\/index.php\/wp-json\/wp\/v2\/media?parent=119141"}],"wp:term":[{"taxonomy":"category","embeddable":true,"href":"https:\/\/radioljubuski.ba\/index.php\/wp-json\/wp\/v2\/categories?post=119141"},{"taxonomy":"post_tag","embeddable":true,"href":"https:\/\/radioljubuski.ba\/index.php\/wp-json\/wp\/v2\/tags?post=119141"}],"curies":[{"name":"wp","href":"https:\/\/api.w.org\/{rel}","templated":true}]}}