{"id":119144,"date":"2022-03-08T01:05:55","date_gmt":"2022-03-08T00:05:55","guid":{"rendered":"https:\/\/radioljubuski.ba\/?p=119144"},"modified":"2022-03-08T01:05:57","modified_gmt":"2022-03-08T00:05:57","slug":"bih-dobiva-novu-sansu-sad-u-washingtonu-najavila-strateski-dijalog-s-hrvatskom-kao-kljucnom-nato-saveznicom-u-regiji","status":"publish","type":"post","link":"https:\/\/radioljubuski.ba\/index.php\/2022\/03\/08\/bih-dobiva-novu-sansu-sad-u-washingtonu-najavila-strateski-dijalog-s-hrvatskom-kao-kljucnom-nato-saveznicom-u-regiji\/","title":{"rendered":"BiH dobiva novu \u0161ansu: SAD u Washingtonu najavila strate\u0161ki dijalog s Hrvatskom kao klju\u010dnom NATO saveznicom u regiji"},"content":{"rendered":"\n<p><strong>Ruska agresija na Ukrajinu je uzdrmala \u010ditav me\u0111unarodni politi\u010dko-sigurnosni poredak, posebice u Europi. Dok Zapad s jedne strane ula\u017ee napore kako bi osigurao puni teritorijalni integritet Ukrajine i odvra\u0107anje agresora, s druge strane se radi na prevenciji potencijalnog domino-efekta koji bi aktivirao pojedine neuralgi\u010dne to\u010dke u svijetu te otvorio nova krizna \u017eari\u0161ta, pii\u0161e Martin Mikuli\u0107, za&nbsp;<a href=\"https:\/\/www.dnevnik.ba\/teme\/bih-dobija-novu-sansu-sad-u-washingtonu-najavila-strateski-dijalog-s-hrvatskom-kao-kljucnom-nato-saveznicom-u-regiji-2628333\">Dnevnik.ba<\/a>.<\/strong><\/p>\n\n\n\n<p>S velikom pozorno\u0161\u0107u se prate politi\u010dki procesi u jugoisto\u010dnoj Europi, osobito u Bosni i Hercegovini. Dokaz tomu su poja\u010dani kapaciteti EUFOR-a u BiH kao predostro\u017ena mjera kojom se nastoji zadr\u017eati sigurnosna stabilnost, a o tome svjedo\u010di i trena\u017eni let francuskih borbenih aviona Rafalea koje je prihvatio zapovjednik operacije Althea u BiH.<\/p>\n\n\n\n<p>No, pored navedenih doga\u0111aja, ponajvi\u0161e se isti\u010de svojevrsni odgovor Sjedinjenih Ameri\u010dkih Dr\u017eava koje \u0107e ulo\u017eiti iznimne politi\u010dke i diplomatske napore kako bi o\u010duvale stabilnost u jugoisto\u010dnoj Europi, s naglaskom na Bosnu i Hercegovinu.<\/p>\n\n\n\n<p>Naime, posebni izaslanik State Departmenta za Zapadni Balkan, Gabriel Escobar, je 4. o\u017eujka prilikom gostovanja u HRT-ovom Dnevniku najavio novi korak u produbljivanju strate\u0161kog partnerstva izme\u0111u SAD-a i Hrvatske te odr\u017eavanje hrvatsko-ameri\u010dkog strate\u0161kog dijaloga koji bi se, kako se doznaje, trebao odr\u017eati od 14. do 18. o\u017eujka u Washingtonu.<\/p>\n\n\n\n<p>Kako je posebni ameri\u010dki izaslanik otkrio, strate\u0161ki dijalog Republike Hrvatske i SAD-a \u0107e biti sveobuhvatan. Pokrivat \u0107e podru\u010dja obrane, politike, energije, obrazovanja, trgovine i ulaganja. Dakle, suradnja \u0107e se intenzivirati na gotovo svim poljima, a \u010dinjenica da bi razgovori trebali trajati nekoliko dana dovoljno svjedo\u010di o ozbiljnosti ovog procesa.<\/p>\n\n\n\n<p>Jedna od tema dijaloga \u0107e biti regija jugoisto\u010dne Europe, odnosno ambicija da njene zemlje ostvare zna\u010dajne iskorake prema euroatlantskim integracijama. Upravo u tom kontekstu je Escobar istaknuo kako je Hrvatska preuzela ulogu sna\u017enog vo\u0111e i dokazala da je vrlo va\u017ean partner u onome \u0161to SAD radi na Zapadnom Balkanu i svijetu. Va\u017ena tema \u0107e zasigurno biti i trenutna situacija u Bosni i Hercegovini, posebice imaju\u0107i u vidu zajedni\u010dke napore SAD-a i Hrvatske na popravljanju odnosa izme\u0111u Hrvata i Bo\u0161njaka u Federaciji BiH.<\/p>\n\n\n\n<p>Pozicija Republike Hrvatske se mo\u017ee naslutiti iz izjave ministra vanjskih i europskih poslova Grli\u0107a-Radmana koji je ovih dana prilikom NATO sastanka u Bruxellesu razgovarao sa ameri\u010dkim dr\u017eavnim tajnikom Blinkenom. Radman je tom prigodom Blinkenu poru\u010dio kako je situacija u BiH ozbiljna te kako je va\u017eno potaknuti klju\u010dne politi\u010dke procese, uklju\u010duju\u0107i reformu Izbornog zakona.<\/p>\n\n\n\n<p>Na sli\u010dnom tragu je bio i ameri\u010dki izaslanik Escobar koji je izjavio kako je reforma izbornog zakonodavstva \u201enu\u017ena i hitna\u201c te je pozvao pregovara\u010dke strane da se \u201ekre\u0107u velikom brzinom kako bi osigurali da se izbori odr\u017ee po najboljim mogu\u0107im uvjetima\u201c. Ne\u0161to precizniju poruku je ovih dana tako\u0111er poslalo 6 ameri\u010dkih senatora koji su u prijedlogu rezolucije poru\u010dili kako \u201epozivaju sve stranke u BiH da provedu izbornu i ciljanu ustavnu reformu prije Op\u0107ih izbora 2022. godine\u201c.<\/p>\n\n\n\n<p>Iz navedenog se mo\u017ee i\u0161\u010ditati kako status quo nije prihvatljiv Hrvatskoj, ali ni Sjedinjenim Dr\u017eavama te kako \u0107e obje zemlje ulo\u017eiti zajedni\u010dke napore s ciljem provedbe relevantnih odluka Ustavnog suda BiH i Europskog suda za ljudska prava, a \u010dijom bi se implementacijom uklonili svi oblici diskriminacije u izbornom procesu. Samim time, bili bi stvoreni preduvjeti za odr\u017eavanje op\u0107ih izbora u BiH, \u0161to bi zna\u010dajno doprinijelo stabilizaciji BiH i njenoj funkcionalnosti.<\/p>\n\n\n\n<p>Najavljeni hrvatsko-ameri\u010dki strate\u0161ki dijalog bi trebao rezultirati uskla\u0111ivanjem pozicija te poja\u010danim diplomatskim naporima kojim \u0107e se prvenstveno osigurati stabilnost u jugoisto\u010dnoj Europi, ali i ambicijom da se potakne zna\u010dajan napredak zemalja Zapadnog Balkana u procesu pristupanja euroatlantskim integracijama.<\/p>\n\n\n\n<p>Strate\u0161ki dijalog ujedno zna\u010di kako Republika Hrvatska pripada odabranom krugu zemalja s kojima SAD odr\u017eava najbliskije i najambicioznije savezni\u010dke odnose. U tom smislu, va\u017eno je podsjetiti kako je Hrvatska krajem listopada pro\u0161le godine sa SAD-om u\u0161la u program izuze\u0107a od viza (Visa Waiver Program) te u Global Entry program kojega od europskih zemalja, pored Hrvatske, sa SAD-om imaju samo Njema\u010dka, \u0160vicarska i Velika Britanija.<\/p>\n\n\n\n<p>Nadalje, sredinom velja\u010de je ameri\u010dki nosa\u010d aviona USS Harry S. Truman doplovio u Split. To je ve\u0107 dio tradicije prema kojoj SAD raznim brodovima svake godine dolazi u hrvatske vode i u Split.<\/p>\n\n\n\n<p>Ukoliko svemu ovome dodamo \u010dinjenicu kako je Hrvatska po\u010detkom godine sa Sjedinjenim Dr\u017eavama tako\u0111er dogovorila kupnju borbenih oklopnih vozila Bradley, onda je jasno kako je ukupna razina ameri\u010dko-hrvatskih bilateralnih odnosa na izuzetno visokoj razini u svakom aspektu, a strate\u0161ki dijalog je o\u010digledan pokazatelj kako \u0107e se ionako sna\u017ena suradnja izme\u0111u transatlantskih partnera svakim danom dodatno produbljivati i poja\u010davati.<\/p>\n\n\n\n<p>Jedno je sigurno \u2013 SAD ne\u0107e dozvoliti prelijevanje ukrajinske krize na jugoisto\u010dnu Europu, a klju\u010dni strate\u0161ki partner u ostvarivanju tog cilja je Republika Hrvatska.<\/p>\n\n\n\n<p>\/HMS\/<\/p>\n","protected":false},"excerpt":{"rendered":"<p>Ruska agresija na Ukrajinu je uzdrmala \u010ditav me\u0111unarodni politi\u010dko-sigurnosni poredak, posebice u Europi. Dok Zapad s jedne strane ula\u017ee napore kako bi osigurao puni teritorijalni integritet Ukrajine i odvra\u0107anje agresora, s druge strane se radi na prevenciji potencijalnog domino-efekta koji bi aktivirao pojedine neuralgi\u010dne to\u010dke u svijetu te otvorio nova krizna \u017eari\u0161ta, pii\u0161e Martin Mikuli\u0107, [&hellip;]<\/p>\n","protected":false},"author":2,"featured_media":119145,"comment_status":"closed","ping_status":"closed","sticky":false,"template":"","format":"standard","meta":{"h5ap_radio_sources":[],"footnotes":""},"categories":[1],"tags":[],"class_list":["post-119144","post","type-post","status-publish","format-standard","has-post-thumbnail","hentry","category-bihiregija"],"yoast_head":"<!-- This site is optimized with the Yoast SEO plugin v27.5 - https:\/\/yoast.com\/product\/yoast-seo-wordpress\/ -->\n<title>BiH dobiva novu \u0161ansu: SAD u Washingtonu najavila strate\u0161ki dijalog s Hrvatskom kao klju\u010dnom NATO saveznicom u regiji - RADIO LJUBU\u0160KI<\/title>\n<meta name=\"robots\" content=\"index, follow, max-snippet:-1, max-image-preview:large, max-video-preview:-1\" \/>\n<link rel=\"canonical\" href=\"https:\/\/radioljubuski.ba\/index.php\/2022\/03\/08\/bih-dobiva-novu-sansu-sad-u-washingtonu-najavila-strateski-dijalog-s-hrvatskom-kao-kljucnom-nato-saveznicom-u-regiji\/\" \/>\n<meta property=\"og:locale\" content=\"hr_HR\" \/>\n<meta property=\"og:type\" content=\"article\" \/>\n<meta property=\"og:title\" content=\"BiH dobiva novu \u0161ansu: SAD u Washingtonu najavila strate\u0161ki dijalog s Hrvatskom kao klju\u010dnom NATO saveznicom u regiji - RADIO LJUBU\u0160KI\" \/>\n<meta property=\"og:description\" content=\"Ruska agresija na Ukrajinu je uzdrmala \u010ditav me\u0111unarodni politi\u010dko-sigurnosni poredak, posebice u Europi. Dok Zapad s jedne strane ula\u017ee napore kako bi osigurao puni teritorijalni integritet Ukrajine i odvra\u0107anje agresora, s druge strane se radi na prevenciji potencijalnog domino-efekta koji bi aktivirao pojedine neuralgi\u010dne to\u010dke u svijetu te otvorio nova krizna \u017eari\u0161ta, pii\u0161e Martin Mikuli\u0107, [&hellip;]\" \/>\n<meta property=\"og:url\" content=\"https:\/\/radioljubuski.ba\/index.php\/2022\/03\/08\/bih-dobiva-novu-sansu-sad-u-washingtonu-najavila-strateski-dijalog-s-hrvatskom-kao-kljucnom-nato-saveznicom-u-regiji\/\" \/>\n<meta property=\"og:site_name\" content=\"RADIO LJUBU\u0160KI\" \/>\n<meta property=\"article:publisher\" content=\"https:\/\/www.facebook.com\/Radiio-Ljubuski-1490835324566332\" \/>\n<meta property=\"article:published_time\" content=\"2022-03-08T00:05:55+00:00\" \/>\n<meta property=\"article:modified_time\" content=\"2022-03-08T00:05:57+00:00\" \/>\n<meta property=\"og:image\" content=\"https:\/\/radioljubuski.ba\/wp-content\/uploads\/2022\/03\/o_107821_480.jpg\" \/>\n\t<meta property=\"og:image:width\" content=\"480\" \/>\n\t<meta property=\"og:image:height\" content=\"288\" \/>\n\t<meta property=\"og:image:type\" content=\"image\/jpeg\" \/>\n<meta name=\"author\" content=\"Radio Ljubu\u0161ki\" \/>\n<meta name=\"twitter:card\" content=\"summary_large_image\" \/>\n<meta name=\"twitter:creator\" content=\"@radioljubuski\" \/>\n<meta name=\"twitter:site\" content=\"@radioljubuski\" \/>\n<meta name=\"twitter:label1\" content=\"Napisao\/la\" \/>\n\t<meta name=\"twitter:data1\" content=\"Radio Ljubu\u0161ki\" \/>\n\t<meta name=\"twitter:label2\" content=\"Procijenjeno vrijeme \u010ditanja\" \/>\n\t<meta name=\"twitter:data2\" content=\"4 minute\" \/>\n<script type=\"application\/ld+json\" class=\"yoast-schema-graph\">{\"@context\":\"https:\\\/\\\/schema.org\",\"@graph\":[{\"@type\":\"Article\",\"@id\":\"https:\\\/\\\/radioljubuski.ba\\\/index.php\\\/2022\\\/03\\\/08\\\/bih-dobiva-novu-sansu-sad-u-washingtonu-najavila-strateski-dijalog-s-hrvatskom-kao-kljucnom-nato-saveznicom-u-regiji\\\/#article\",\"isPartOf\":{\"@id\":\"https:\\\/\\\/radioljubuski.ba\\\/index.php\\\/2022\\\/03\\\/08\\\/bih-dobiva-novu-sansu-sad-u-washingtonu-najavila-strateski-dijalog-s-hrvatskom-kao-kljucnom-nato-saveznicom-u-regiji\\\/\"},\"author\":{\"name\":\"Radio Ljubu\u0161ki\",\"@id\":\"https:\\\/\\\/radioljubuski.ba\\\/#\\\/schema\\\/person\\\/19fc700381a780f69665d7956c469e3b\"},\"headline\":\"BiH dobiva novu \u0161ansu: SAD u Washingtonu najavila strate\u0161ki dijalog s Hrvatskom kao klju\u010dnom NATO saveznicom u regiji\",\"datePublished\":\"2022-03-08T00:05:55+00:00\",\"dateModified\":\"2022-03-08T00:05:57+00:00\",\"mainEntityOfPage\":{\"@id\":\"https:\\\/\\\/radioljubuski.ba\\\/index.php\\\/2022\\\/03\\\/08\\\/bih-dobiva-novu-sansu-sad-u-washingtonu-najavila-strateski-dijalog-s-hrvatskom-kao-kljucnom-nato-saveznicom-u-regiji\\\/\"},\"wordCount\":861,\"publisher\":{\"@id\":\"https:\\\/\\\/radioljubuski.ba\\\/#organization\"},\"image\":{\"@id\":\"https:\\\/\\\/radioljubuski.ba\\\/index.php\\\/2022\\\/03\\\/08\\\/bih-dobiva-novu-sansu-sad-u-washingtonu-najavila-strateski-dijalog-s-hrvatskom-kao-kljucnom-nato-saveznicom-u-regiji\\\/#primaryimage\"},\"thumbnailUrl\":\"https:\\\/\\\/radioljubuski.ba\\\/wp-content\\\/uploads\\\/2022\\\/03\\\/o_107821_480.jpg\",\"articleSection\":[\"BIH i regija\"],\"inLanguage\":\"hr\"},{\"@type\":\"WebPage\",\"@id\":\"https:\\\/\\\/radioljubuski.ba\\\/index.php\\\/2022\\\/03\\\/08\\\/bih-dobiva-novu-sansu-sad-u-washingtonu-najavila-strateski-dijalog-s-hrvatskom-kao-kljucnom-nato-saveznicom-u-regiji\\\/\",\"url\":\"https:\\\/\\\/radioljubuski.ba\\\/index.php\\\/2022\\\/03\\\/08\\\/bih-dobiva-novu-sansu-sad-u-washingtonu-najavila-strateski-dijalog-s-hrvatskom-kao-kljucnom-nato-saveznicom-u-regiji\\\/\",\"name\":\"BiH dobiva novu \u0161ansu: SAD u Washingtonu najavila strate\u0161ki dijalog s Hrvatskom kao klju\u010dnom NATO saveznicom u regiji - RADIO LJUBU\u0160KI\",\"isPartOf\":{\"@id\":\"https:\\\/\\\/radioljubuski.ba\\\/#website\"},\"primaryImageOfPage\":{\"@id\":\"https:\\\/\\\/radioljubuski.ba\\\/index.php\\\/2022\\\/03\\\/08\\\/bih-dobiva-novu-sansu-sad-u-washingtonu-najavila-strateski-dijalog-s-hrvatskom-kao-kljucnom-nato-saveznicom-u-regiji\\\/#primaryimage\"},\"image\":{\"@id\":\"https:\\\/\\\/radioljubuski.ba\\\/index.php\\\/2022\\\/03\\\/08\\\/bih-dobiva-novu-sansu-sad-u-washingtonu-najavila-strateski-dijalog-s-hrvatskom-kao-kljucnom-nato-saveznicom-u-regiji\\\/#primaryimage\"},\"thumbnailUrl\":\"https:\\\/\\\/radioljubuski.ba\\\/wp-content\\\/uploads\\\/2022\\\/03\\\/o_107821_480.jpg\",\"datePublished\":\"2022-03-08T00:05:55+00:00\",\"dateModified\":\"2022-03-08T00:05:57+00:00\",\"breadcrumb\":{\"@id\":\"https:\\\/\\\/radioljubuski.ba\\\/index.php\\\/2022\\\/03\\\/08\\\/bih-dobiva-novu-sansu-sad-u-washingtonu-najavila-strateski-dijalog-s-hrvatskom-kao-kljucnom-nato-saveznicom-u-regiji\\\/#breadcrumb\"},\"inLanguage\":\"hr\",\"potentialAction\":[{\"@type\":\"ReadAction\",\"target\":[\"https:\\\/\\\/radioljubuski.ba\\\/index.php\\\/2022\\\/03\\\/08\\\/bih-dobiva-novu-sansu-sad-u-washingtonu-najavila-strateski-dijalog-s-hrvatskom-kao-kljucnom-nato-saveznicom-u-regiji\\\/\"]}]},{\"@type\":\"ImageObject\",\"inLanguage\":\"hr\",\"@id\":\"https:\\\/\\\/radioljubuski.ba\\\/index.php\\\/2022\\\/03\\\/08\\\/bih-dobiva-novu-sansu-sad-u-washingtonu-najavila-strateski-dijalog-s-hrvatskom-kao-kljucnom-nato-saveznicom-u-regiji\\\/#primaryimage\",\"url\":\"https:\\\/\\\/radioljubuski.ba\\\/wp-content\\\/uploads\\\/2022\\\/03\\\/o_107821_480.jpg\",\"contentUrl\":\"https:\\\/\\\/radioljubuski.ba\\\/wp-content\\\/uploads\\\/2022\\\/03\\\/o_107821_480.jpg\",\"width\":480,\"height\":288},{\"@type\":\"BreadcrumbList\",\"@id\":\"https:\\\/\\\/radioljubuski.ba\\\/index.php\\\/2022\\\/03\\\/08\\\/bih-dobiva-novu-sansu-sad-u-washingtonu-najavila-strateski-dijalog-s-hrvatskom-kao-kljucnom-nato-saveznicom-u-regiji\\\/#breadcrumb\",\"itemListElement\":[{\"@type\":\"ListItem\",\"position\":1,\"name\":\"Po\u010detna stranica\",\"item\":\"https:\\\/\\\/radioljubuski.ba\\\/\"},{\"@type\":\"ListItem\",\"position\":2,\"name\":\"BiH dobiva novu \u0161ansu: SAD u Washingtonu najavila strate\u0161ki dijalog s Hrvatskom kao klju\u010dnom NATO saveznicom u regiji\"}]},{\"@type\":\"WebSite\",\"@id\":\"https:\\\/\\\/radioljubuski.ba\\\/#website\",\"url\":\"https:\\\/\\\/radioljubuski.ba\\\/\",\"name\":\"Radio Ljubu\u0161ki\",\"description\":\"Sun\u010dana frekvencija Hercegovine\",\"publisher\":{\"@id\":\"https:\\\/\\\/radioljubuski.ba\\\/#organization\"},\"potentialAction\":[{\"@type\":\"SearchAction\",\"target\":{\"@type\":\"EntryPoint\",\"urlTemplate\":\"https:\\\/\\\/radioljubuski.ba\\\/?s={search_term_string}\"},\"query-input\":{\"@type\":\"PropertyValueSpecification\",\"valueRequired\":true,\"valueName\":\"search_term_string\"}}],\"inLanguage\":\"hr\"},{\"@type\":\"Organization\",\"@id\":\"https:\\\/\\\/radioljubuski.ba\\\/#organization\",\"name\":\"Radio Ljubu\u0161ki\",\"url\":\"https:\\\/\\\/radioljubuski.ba\\\/\",\"logo\":{\"@type\":\"ImageObject\",\"inLanguage\":\"hr\",\"@id\":\"https:\\\/\\\/radioljubuski.ba\\\/#\\\/schema\\\/logo\\\/image\\\/\",\"url\":\"https:\\\/\\\/radioljubuski.ba\\\/wp-content\\\/uploads\\\/2021\\\/02\\\/cropped-Radio_Ljubuski_logo1.jpg\",\"contentUrl\":\"https:\\\/\\\/radioljubuski.ba\\\/wp-content\\\/uploads\\\/2021\\\/02\\\/cropped-Radio_Ljubuski_logo1.jpg\",\"width\":512,\"height\":512,\"caption\":\"Radio Ljubu\u0161ki\"},\"image\":{\"@id\":\"https:\\\/\\\/radioljubuski.ba\\\/#\\\/schema\\\/logo\\\/image\\\/\"},\"sameAs\":[\"https:\\\/\\\/www.facebook.com\\\/Radiio-Ljubuski-1490835324566332\",\"https:\\\/\\\/x.com\\\/radioljubuski\",\"https:\\\/\\\/hr.linkedin.com\\\/company\\\/radio-ljubuski\",\"https:\\\/\\\/www.youtube.com\\\/channel\\\/UCHYaeO_n0Db3tjNGudGpXyw\"]},{\"@type\":\"Person\",\"@id\":\"https:\\\/\\\/radioljubuski.ba\\\/#\\\/schema\\\/person\\\/19fc700381a780f69665d7956c469e3b\",\"name\":\"Radio Ljubu\u0161ki\"}]}<\/script>\n<!-- \/ Yoast SEO plugin. -->","yoast_head_json":{"title":"BiH dobiva novu \u0161ansu: SAD u Washingtonu najavila strate\u0161ki dijalog s Hrvatskom kao klju\u010dnom NATO saveznicom u regiji - RADIO LJUBU\u0160KI","robots":{"index":"index","follow":"follow","max-snippet":"max-snippet:-1","max-image-preview":"max-image-preview:large","max-video-preview":"max-video-preview:-1"},"canonical":"https:\/\/radioljubuski.ba\/index.php\/2022\/03\/08\/bih-dobiva-novu-sansu-sad-u-washingtonu-najavila-strateski-dijalog-s-hrvatskom-kao-kljucnom-nato-saveznicom-u-regiji\/","og_locale":"hr_HR","og_type":"article","og_title":"BiH dobiva novu \u0161ansu: SAD u Washingtonu najavila strate\u0161ki dijalog s Hrvatskom kao klju\u010dnom NATO saveznicom u regiji - RADIO LJUBU\u0160KI","og_description":"Ruska agresija na Ukrajinu je uzdrmala \u010ditav me\u0111unarodni politi\u010dko-sigurnosni poredak, posebice u Europi. Dok Zapad s jedne strane ula\u017ee napore kako bi osigurao puni teritorijalni integritet Ukrajine i odvra\u0107anje agresora, s druge strane se radi na prevenciji potencijalnog domino-efekta koji bi aktivirao pojedine neuralgi\u010dne to\u010dke u svijetu te otvorio nova krizna \u017eari\u0161ta, pii\u0161e Martin Mikuli\u0107, [&hellip;]","og_url":"https:\/\/radioljubuski.ba\/index.php\/2022\/03\/08\/bih-dobiva-novu-sansu-sad-u-washingtonu-najavila-strateski-dijalog-s-hrvatskom-kao-kljucnom-nato-saveznicom-u-regiji\/","og_site_name":"RADIO LJUBU\u0160KI","article_publisher":"https:\/\/www.facebook.com\/Radiio-Ljubuski-1490835324566332","article_published_time":"2022-03-08T00:05:55+00:00","article_modified_time":"2022-03-08T00:05:57+00:00","og_image":[{"width":480,"height":288,"url":"https:\/\/radioljubuski.ba\/wp-content\/uploads\/2022\/03\/o_107821_480.jpg","type":"image\/jpeg"}],"author":"Radio Ljubu\u0161ki","twitter_card":"summary_large_image","twitter_creator":"@radioljubuski","twitter_site":"@radioljubuski","twitter_misc":{"Napisao\/la":"Radio Ljubu\u0161ki","Procijenjeno vrijeme \u010ditanja":"4 minute"},"schema":{"@context":"https:\/\/schema.org","@graph":[{"@type":"Article","@id":"https:\/\/radioljubuski.ba\/index.php\/2022\/03\/08\/bih-dobiva-novu-sansu-sad-u-washingtonu-najavila-strateski-dijalog-s-hrvatskom-kao-kljucnom-nato-saveznicom-u-regiji\/#article","isPartOf":{"@id":"https:\/\/radioljubuski.ba\/index.php\/2022\/03\/08\/bih-dobiva-novu-sansu-sad-u-washingtonu-najavila-strateski-dijalog-s-hrvatskom-kao-kljucnom-nato-saveznicom-u-regiji\/"},"author":{"name":"Radio Ljubu\u0161ki","@id":"https:\/\/radioljubuski.ba\/#\/schema\/person\/19fc700381a780f69665d7956c469e3b"},"headline":"BiH dobiva novu \u0161ansu: SAD u Washingtonu najavila strate\u0161ki dijalog s Hrvatskom kao klju\u010dnom NATO saveznicom u regiji","datePublished":"2022-03-08T00:05:55+00:00","dateModified":"2022-03-08T00:05:57+00:00","mainEntityOfPage":{"@id":"https:\/\/radioljubuski.ba\/index.php\/2022\/03\/08\/bih-dobiva-novu-sansu-sad-u-washingtonu-najavila-strateski-dijalog-s-hrvatskom-kao-kljucnom-nato-saveznicom-u-regiji\/"},"wordCount":861,"publisher":{"@id":"https:\/\/radioljubuski.ba\/#organization"},"image":{"@id":"https:\/\/radioljubuski.ba\/index.php\/2022\/03\/08\/bih-dobiva-novu-sansu-sad-u-washingtonu-najavila-strateski-dijalog-s-hrvatskom-kao-kljucnom-nato-saveznicom-u-regiji\/#primaryimage"},"thumbnailUrl":"https:\/\/radioljubuski.ba\/wp-content\/uploads\/2022\/03\/o_107821_480.jpg","articleSection":["BIH i regija"],"inLanguage":"hr"},{"@type":"WebPage","@id":"https:\/\/radioljubuski.ba\/index.php\/2022\/03\/08\/bih-dobiva-novu-sansu-sad-u-washingtonu-najavila-strateski-dijalog-s-hrvatskom-kao-kljucnom-nato-saveznicom-u-regiji\/","url":"https:\/\/radioljubuski.ba\/index.php\/2022\/03\/08\/bih-dobiva-novu-sansu-sad-u-washingtonu-najavila-strateski-dijalog-s-hrvatskom-kao-kljucnom-nato-saveznicom-u-regiji\/","name":"BiH dobiva novu \u0161ansu: SAD u Washingtonu najavila strate\u0161ki dijalog s Hrvatskom kao klju\u010dnom NATO saveznicom u regiji - RADIO LJUBU\u0160KI","isPartOf":{"@id":"https:\/\/radioljubuski.ba\/#website"},"primaryImageOfPage":{"@id":"https:\/\/radioljubuski.ba\/index.php\/2022\/03\/08\/bih-dobiva-novu-sansu-sad-u-washingtonu-najavila-strateski-dijalog-s-hrvatskom-kao-kljucnom-nato-saveznicom-u-regiji\/#primaryimage"},"image":{"@id":"https:\/\/radioljubuski.ba\/index.php\/2022\/03\/08\/bih-dobiva-novu-sansu-sad-u-washingtonu-najavila-strateski-dijalog-s-hrvatskom-kao-kljucnom-nato-saveznicom-u-regiji\/#primaryimage"},"thumbnailUrl":"https:\/\/radioljubuski.ba\/wp-content\/uploads\/2022\/03\/o_107821_480.jpg","datePublished":"2022-03-08T00:05:55+00:00","dateModified":"2022-03-08T00:05:57+00:00","breadcrumb":{"@id":"https:\/\/radioljubuski.ba\/index.php\/2022\/03\/08\/bih-dobiva-novu-sansu-sad-u-washingtonu-najavila-strateski-dijalog-s-hrvatskom-kao-kljucnom-nato-saveznicom-u-regiji\/#breadcrumb"},"inLanguage":"hr","potentialAction":[{"@type":"ReadAction","target":["https:\/\/radioljubuski.ba\/index.php\/2022\/03\/08\/bih-dobiva-novu-sansu-sad-u-washingtonu-najavila-strateski-dijalog-s-hrvatskom-kao-kljucnom-nato-saveznicom-u-regiji\/"]}]},{"@type":"ImageObject","inLanguage":"hr","@id":"https:\/\/radioljubuski.ba\/index.php\/2022\/03\/08\/bih-dobiva-novu-sansu-sad-u-washingtonu-najavila-strateski-dijalog-s-hrvatskom-kao-kljucnom-nato-saveznicom-u-regiji\/#primaryimage","url":"https:\/\/radioljubuski.ba\/wp-content\/uploads\/2022\/03\/o_107821_480.jpg","contentUrl":"https:\/\/radioljubuski.ba\/wp-content\/uploads\/2022\/03\/o_107821_480.jpg","width":480,"height":288},{"@type":"BreadcrumbList","@id":"https:\/\/radioljubuski.ba\/index.php\/2022\/03\/08\/bih-dobiva-novu-sansu-sad-u-washingtonu-najavila-strateski-dijalog-s-hrvatskom-kao-kljucnom-nato-saveznicom-u-regiji\/#breadcrumb","itemListElement":[{"@type":"ListItem","position":1,"name":"Po\u010detna stranica","item":"https:\/\/radioljubuski.ba\/"},{"@type":"ListItem","position":2,"name":"BiH dobiva novu \u0161ansu: SAD u Washingtonu najavila strate\u0161ki dijalog s Hrvatskom kao klju\u010dnom NATO saveznicom u regiji"}]},{"@type":"WebSite","@id":"https:\/\/radioljubuski.ba\/#website","url":"https:\/\/radioljubuski.ba\/","name":"Radio Ljubu\u0161ki","description":"Sun\u010dana frekvencija Hercegovine","publisher":{"@id":"https:\/\/radioljubuski.ba\/#organization"},"potentialAction":[{"@type":"SearchAction","target":{"@type":"EntryPoint","urlTemplate":"https:\/\/radioljubuski.ba\/?s={search_term_string}"},"query-input":{"@type":"PropertyValueSpecification","valueRequired":true,"valueName":"search_term_string"}}],"inLanguage":"hr"},{"@type":"Organization","@id":"https:\/\/radioljubuski.ba\/#organization","name":"Radio Ljubu\u0161ki","url":"https:\/\/radioljubuski.ba\/","logo":{"@type":"ImageObject","inLanguage":"hr","@id":"https:\/\/radioljubuski.ba\/#\/schema\/logo\/image\/","url":"https:\/\/radioljubuski.ba\/wp-content\/uploads\/2021\/02\/cropped-Radio_Ljubuski_logo1.jpg","contentUrl":"https:\/\/radioljubuski.ba\/wp-content\/uploads\/2021\/02\/cropped-Radio_Ljubuski_logo1.jpg","width":512,"height":512,"caption":"Radio Ljubu\u0161ki"},"image":{"@id":"https:\/\/radioljubuski.ba\/#\/schema\/logo\/image\/"},"sameAs":["https:\/\/www.facebook.com\/Radiio-Ljubuski-1490835324566332","https:\/\/x.com\/radioljubuski","https:\/\/hr.linkedin.com\/company\/radio-ljubuski","https:\/\/www.youtube.com\/channel\/UCHYaeO_n0Db3tjNGudGpXyw"]},{"@type":"Person","@id":"https:\/\/radioljubuski.ba\/#\/schema\/person\/19fc700381a780f69665d7956c469e3b","name":"Radio Ljubu\u0161ki"}]}},"_links":{"self":[{"href":"https:\/\/radioljubuski.ba\/index.php\/wp-json\/wp\/v2\/posts\/119144","targetHints":{"allow":["GET"]}}],"collection":[{"href":"https:\/\/radioljubuski.ba\/index.php\/wp-json\/wp\/v2\/posts"}],"about":[{"href":"https:\/\/radioljubuski.ba\/index.php\/wp-json\/wp\/v2\/types\/post"}],"author":[{"embeddable":true,"href":"https:\/\/radioljubuski.ba\/index.php\/wp-json\/wp\/v2\/users\/2"}],"replies":[{"embeddable":true,"href":"https:\/\/radioljubuski.ba\/index.php\/wp-json\/wp\/v2\/comments?post=119144"}],"version-history":[{"count":1,"href":"https:\/\/radioljubuski.ba\/index.php\/wp-json\/wp\/v2\/posts\/119144\/revisions"}],"predecessor-version":[{"id":119146,"href":"https:\/\/radioljubuski.ba\/index.php\/wp-json\/wp\/v2\/posts\/119144\/revisions\/119146"}],"wp:featuredmedia":[{"embeddable":true,"href":"https:\/\/radioljubuski.ba\/index.php\/wp-json\/wp\/v2\/media\/119145"}],"wp:attachment":[{"href":"https:\/\/radioljubuski.ba\/index.php\/wp-json\/wp\/v2\/media?parent=119144"}],"wp:term":[{"taxonomy":"category","embeddable":true,"href":"https:\/\/radioljubuski.ba\/index.php\/wp-json\/wp\/v2\/categories?post=119144"},{"taxonomy":"post_tag","embeddable":true,"href":"https:\/\/radioljubuski.ba\/index.php\/wp-json\/wp\/v2\/tags?post=119144"}],"curies":[{"name":"wp","href":"https:\/\/api.w.org\/{rel}","templated":true}]}}