{"id":119147,"date":"2022-03-08T01:07:17","date_gmt":"2022-03-08T00:07:17","guid":{"rendered":"https:\/\/radioljubuski.ba\/?p=119147"},"modified":"2022-03-08T01:07:18","modified_gmt":"2022-03-08T00:07:18","slug":"dodik-pisao-turkovic-komsiceve-instrukcije-mvp-oko-ukrajine-nisu-obvezujuce-za-srbe-time-se-podriva-ustav","status":"publish","type":"post","link":"https:\/\/radioljubuski.ba\/index.php\/2022\/03\/08\/dodik-pisao-turkovic-komsiceve-instrukcije-mvp-oko-ukrajine-nisu-obvezujuce-za-srbe-time-se-podriva-ustav\/","title":{"rendered":"Dodik pisao Turkovi\u0107: Kom\u0161i\u0107eve \u201cinstrukcije\u201d MVP oko Ukrajine nisu obvezuju\u0107e za Srbe, time se podriva Ustav"},"content":{"rendered":"\n<p><strong>Srpski \u010dlan Predsjedni\u0161tva BiH Milorad Dodik istaknuo je da je pismo, koje je iz ureda \u017deljka Kom\u0161i\u0107a dostavljeno mimo redovnih i propisima utvr\u0111enih procedura u Ministarstvo vanjskih poslova u Vije\u0107u ministara, sramna krivotvorina i predstavlja privatni stav trenutnog predsjedatelja Predsjedni\u0161tva BiH u pogledu doga\u0111anja u Ukrajini koji nikoga ni na \u0161to ne obvezuje.<\/strong><\/p>\n\n\n\n<p>Dodik je u pismu upu\u0107enom ministrici vanjskih poslova u Vije\u0107u ministara Biseri Turkovi\u0107 naglasio da izneseni stavovi nisu bili predmet rasprave Predsjedni\u0161tva, a koja je bila neophodna s obzirom na novonastalu situaciju u Ukrajini, a ni data instrukcija nije proizvod obveznog dogovora, usugla\u0161enog i jednoglasnog stava sva tri \u010dlana Predsjedni\u0161tva BiH, te je samim tim izmi\u0161ljena i la\u017eirana.<\/p>\n\n\n\n<p>\u2013 Rije\u010d je o privatnoj prepisci gospodina Kom\u0161i\u0107a s Vama, kojom on u pismu pod brojem 03 \u2013 SL \u2013 47\/22, antidatiranom na 28. velja\u010de 2022. godine, zaobilaze\u0107i procedure i time podrivaju\u0107i Ustav BiH i zakonske i podzakonske akte koji iz njega proistje\u010du, poku\u0161ava da uz Va\u0161u pomo\u0107, opet i po tko zna koji put, obmane BH i me\u0111unarodnu diplomatsku i svaku drugu javnost \u2013 naglasio je Dodik u pismu, prenosi Srna.<\/p>\n\n\n\n<p>On je podsjetio Turkovi\u0107 da je u vo\u0111enju vanjske politike BiH neupitno samo ono \u0161to svojim dogovorom \u2013 usugla\u0161enim stavom \u2013 potvrde sva tri \u010dlana Predsjedni\u0161tva, a svaka druga\u010dija instrukcija je krivotvprina koja vodi ka dalekose\u017enim posljedicama, kao \u0161to su krivotvoreni, i za institucije BiH i njihove predstavnike neobavezuju\u0107i, i nastupi \u0161efova misija BiH pri UN u New Yorku i pri Vije\u0107u Europe u Strasbourgu, jer su neustavni i mimo propisa.<\/p>\n\n\n\n<p>\u2013 Posljedice su, izme\u0111u ostalog, dalje uru\u0161avanje ugleda BiH na me\u0111unarodnoj sceni, ali i dalja podjela u institucijama BiH, \u0161to \u0107e dovesti do kolapsa sustava u zajedni\u010dkim institucijama u BiH, i u DKP mre\u017ei BiH \u2013 naveo je Dodik.<\/p>\n\n\n\n<p>On je ukazao da svaka \u201cinstrukcija\u201d MVP-u BiH koja proistekne iz navedenog Kom\u0161i\u0107evog pisma, koje predstavlja isklju\u010divo njegov privatni stav, ne\u0107e biti obvezuju\u0107a za slu\u017ebenike, rukovoditelje, veleposlanike i ostale diplomate iz reda srpskog naroda, koji su se pokazali kao jedini branitelji Ustava BiH i Daytonskog mirovnog sporazuma.<\/p>\n\n\n\n<p>\u2013 Tako\u0111er, svi dopisi iz MVP kojima se tra\u017ei izja\u0161njenje veleposlanika BiH koji dolaze iz reda srpskog naroda da bilo kome u MVP-u BiH obrazlo\u017ee svoje djelovanje, izjave i\/ili poduzete diplomatske aktivnosti, smatrat \u0107e se napadom na njihovu osobnost, njihov diplomatski integritet i diplomatsku du\u017enost, kao i napadom na nacionalnoj osnovi od sada\u0161nje uprave MVP-a BiH i njihovih poslu\u0161nika\/slu\u017ebenika, ma iz kog naroda dolazili \u2013 poru\u010dio je Dodik u pismu Turkovi\u0107.<\/p>\n\n\n\n<p>\/HMS\/<\/p>\n","protected":false},"excerpt":{"rendered":"<p>Srpski \u010dlan Predsjedni\u0161tva BiH Milorad Dodik istaknuo je da je pismo, koje je iz ureda \u017deljka Kom\u0161i\u0107a dostavljeno mimo redovnih i propisima utvr\u0111enih procedura u Ministarstvo vanjskih poslova u Vije\u0107u ministara, sramna krivotvorina i predstavlja privatni stav trenutnog predsjedatelja Predsjedni\u0161tva BiH u pogledu doga\u0111anja u Ukrajini koji nikoga ni na \u0161to ne obvezuje. Dodik je [&hellip;]<\/p>\n","protected":false},"author":2,"featured_media":59618,"comment_status":"closed","ping_status":"closed","sticky":false,"template":"","format":"standard","meta":{"h5ap_radio_sources":[],"footnotes":""},"categories":[1],"tags":[],"class_list":["post-119147","post","type-post","status-publish","format-standard","has-post-thumbnail","hentry","category-bihiregija"],"yoast_head":"<!-- This site is optimized with the Yoast SEO plugin v27.5 - https:\/\/yoast.com\/product\/yoast-seo-wordpress\/ -->\n<title>Dodik pisao Turkovi\u0107: Kom\u0161i\u0107eve \u201cinstrukcije\u201d MVP oko Ukrajine nisu obvezuju\u0107e za Srbe, time se podriva Ustav - RADIO LJUBU\u0160KI<\/title>\n<meta name=\"robots\" content=\"index, follow, max-snippet:-1, max-image-preview:large, max-video-preview:-1\" \/>\n<link rel=\"canonical\" href=\"https:\/\/radioljubuski.ba\/index.php\/2022\/03\/08\/dodik-pisao-turkovic-komsiceve-instrukcije-mvp-oko-ukrajine-nisu-obvezujuce-za-srbe-time-se-podriva-ustav\/\" \/>\n<meta property=\"og:locale\" content=\"hr_HR\" \/>\n<meta property=\"og:type\" content=\"article\" \/>\n<meta property=\"og:title\" content=\"Dodik pisao Turkovi\u0107: Kom\u0161i\u0107eve \u201cinstrukcije\u201d MVP oko Ukrajine nisu obvezuju\u0107e za Srbe, time se podriva Ustav - RADIO LJUBU\u0160KI\" \/>\n<meta property=\"og:description\" content=\"Srpski \u010dlan Predsjedni\u0161tva BiH Milorad Dodik istaknuo je da je pismo, koje je iz ureda \u017deljka Kom\u0161i\u0107a dostavljeno mimo redovnih i propisima utvr\u0111enih procedura u Ministarstvo vanjskih poslova u Vije\u0107u ministara, sramna krivotvorina i predstavlja privatni stav trenutnog predsjedatelja Predsjedni\u0161tva BiH u pogledu doga\u0111anja u Ukrajini koji nikoga ni na \u0161to ne obvezuje. Dodik je [&hellip;]\" \/>\n<meta property=\"og:url\" content=\"https:\/\/radioljubuski.ba\/index.php\/2022\/03\/08\/dodik-pisao-turkovic-komsiceve-instrukcije-mvp-oko-ukrajine-nisu-obvezujuce-za-srbe-time-se-podriva-ustav\/\" \/>\n<meta property=\"og:site_name\" content=\"RADIO LJUBU\u0160KI\" \/>\n<meta property=\"article:publisher\" content=\"https:\/\/www.facebook.com\/Radiio-Ljubuski-1490835324566332\" \/>\n<meta property=\"article:published_time\" content=\"2022-03-08T00:07:17+00:00\" \/>\n<meta property=\"article:modified_time\" content=\"2022-03-08T00:07:18+00:00\" \/>\n<meta property=\"og:image\" content=\"https:\/\/radioljubuski.ba\/wp-content\/uploads\/2021\/08\/dodik-ured1.jpg\" \/>\n\t<meta property=\"og:image:width\" content=\"658\" \/>\n\t<meta property=\"og:image:height\" content=\"494\" \/>\n\t<meta property=\"og:image:type\" content=\"image\/jpeg\" \/>\n<meta name=\"author\" content=\"Radio Ljubu\u0161ki\" \/>\n<meta name=\"twitter:card\" content=\"summary_large_image\" \/>\n<meta name=\"twitter:creator\" content=\"@radioljubuski\" \/>\n<meta name=\"twitter:site\" content=\"@radioljubuski\" \/>\n<meta name=\"twitter:label1\" content=\"Napisao\/la\" \/>\n\t<meta name=\"twitter:data1\" content=\"Radio Ljubu\u0161ki\" \/>\n\t<meta name=\"twitter:label2\" content=\"Procijenjeno vrijeme \u010ditanja\" \/>\n\t<meta name=\"twitter:data2\" content=\"2 minute\" \/>\n<script type=\"application\/ld+json\" class=\"yoast-schema-graph\">{\"@context\":\"https:\\\/\\\/schema.org\",\"@graph\":[{\"@type\":\"Article\",\"@id\":\"https:\\\/\\\/radioljubuski.ba\\\/index.php\\\/2022\\\/03\\\/08\\\/dodik-pisao-turkovic-komsiceve-instrukcije-mvp-oko-ukrajine-nisu-obvezujuce-za-srbe-time-se-podriva-ustav\\\/#article\",\"isPartOf\":{\"@id\":\"https:\\\/\\\/radioljubuski.ba\\\/index.php\\\/2022\\\/03\\\/08\\\/dodik-pisao-turkovic-komsiceve-instrukcije-mvp-oko-ukrajine-nisu-obvezujuce-za-srbe-time-se-podriva-ustav\\\/\"},\"author\":{\"name\":\"Radio Ljubu\u0161ki\",\"@id\":\"https:\\\/\\\/radioljubuski.ba\\\/#\\\/schema\\\/person\\\/19fc700381a780f69665d7956c469e3b\"},\"headline\":\"Dodik pisao Turkovi\u0107: Kom\u0161i\u0107eve \u201cinstrukcije\u201d MVP oko Ukrajine nisu obvezuju\u0107e za Srbe, time se podriva Ustav\",\"datePublished\":\"2022-03-08T00:07:17+00:00\",\"dateModified\":\"2022-03-08T00:07:18+00:00\",\"mainEntityOfPage\":{\"@id\":\"https:\\\/\\\/radioljubuski.ba\\\/index.php\\\/2022\\\/03\\\/08\\\/dodik-pisao-turkovic-komsiceve-instrukcije-mvp-oko-ukrajine-nisu-obvezujuce-za-srbe-time-se-podriva-ustav\\\/\"},\"wordCount\":469,\"publisher\":{\"@id\":\"https:\\\/\\\/radioljubuski.ba\\\/#organization\"},\"image\":{\"@id\":\"https:\\\/\\\/radioljubuski.ba\\\/index.php\\\/2022\\\/03\\\/08\\\/dodik-pisao-turkovic-komsiceve-instrukcije-mvp-oko-ukrajine-nisu-obvezujuce-za-srbe-time-se-podriva-ustav\\\/#primaryimage\"},\"thumbnailUrl\":\"https:\\\/\\\/radioljubuski.ba\\\/wp-content\\\/uploads\\\/2021\\\/08\\\/dodik-ured1.jpg\",\"articleSection\":[\"BIH i regija\"],\"inLanguage\":\"hr\"},{\"@type\":\"WebPage\",\"@id\":\"https:\\\/\\\/radioljubuski.ba\\\/index.php\\\/2022\\\/03\\\/08\\\/dodik-pisao-turkovic-komsiceve-instrukcije-mvp-oko-ukrajine-nisu-obvezujuce-za-srbe-time-se-podriva-ustav\\\/\",\"url\":\"https:\\\/\\\/radioljubuski.ba\\\/index.php\\\/2022\\\/03\\\/08\\\/dodik-pisao-turkovic-komsiceve-instrukcije-mvp-oko-ukrajine-nisu-obvezujuce-za-srbe-time-se-podriva-ustav\\\/\",\"name\":\"Dodik pisao Turkovi\u0107: Kom\u0161i\u0107eve \u201cinstrukcije\u201d MVP oko Ukrajine nisu obvezuju\u0107e za Srbe, time se podriva Ustav - RADIO LJUBU\u0160KI\",\"isPartOf\":{\"@id\":\"https:\\\/\\\/radioljubuski.ba\\\/#website\"},\"primaryImageOfPage\":{\"@id\":\"https:\\\/\\\/radioljubuski.ba\\\/index.php\\\/2022\\\/03\\\/08\\\/dodik-pisao-turkovic-komsiceve-instrukcije-mvp-oko-ukrajine-nisu-obvezujuce-za-srbe-time-se-podriva-ustav\\\/#primaryimage\"},\"image\":{\"@id\":\"https:\\\/\\\/radioljubuski.ba\\\/index.php\\\/2022\\\/03\\\/08\\\/dodik-pisao-turkovic-komsiceve-instrukcije-mvp-oko-ukrajine-nisu-obvezujuce-za-srbe-time-se-podriva-ustav\\\/#primaryimage\"},\"thumbnailUrl\":\"https:\\\/\\\/radioljubuski.ba\\\/wp-content\\\/uploads\\\/2021\\\/08\\\/dodik-ured1.jpg\",\"datePublished\":\"2022-03-08T00:07:17+00:00\",\"dateModified\":\"2022-03-08T00:07:18+00:00\",\"breadcrumb\":{\"@id\":\"https:\\\/\\\/radioljubuski.ba\\\/index.php\\\/2022\\\/03\\\/08\\\/dodik-pisao-turkovic-komsiceve-instrukcije-mvp-oko-ukrajine-nisu-obvezujuce-za-srbe-time-se-podriva-ustav\\\/#breadcrumb\"},\"inLanguage\":\"hr\",\"potentialAction\":[{\"@type\":\"ReadAction\",\"target\":[\"https:\\\/\\\/radioljubuski.ba\\\/index.php\\\/2022\\\/03\\\/08\\\/dodik-pisao-turkovic-komsiceve-instrukcije-mvp-oko-ukrajine-nisu-obvezujuce-za-srbe-time-se-podriva-ustav\\\/\"]}]},{\"@type\":\"ImageObject\",\"inLanguage\":\"hr\",\"@id\":\"https:\\\/\\\/radioljubuski.ba\\\/index.php\\\/2022\\\/03\\\/08\\\/dodik-pisao-turkovic-komsiceve-instrukcije-mvp-oko-ukrajine-nisu-obvezujuce-za-srbe-time-se-podriva-ustav\\\/#primaryimage\",\"url\":\"https:\\\/\\\/radioljubuski.ba\\\/wp-content\\\/uploads\\\/2021\\\/08\\\/dodik-ured1.jpg\",\"contentUrl\":\"https:\\\/\\\/radioljubuski.ba\\\/wp-content\\\/uploads\\\/2021\\\/08\\\/dodik-ured1.jpg\",\"width\":658,\"height\":494},{\"@type\":\"BreadcrumbList\",\"@id\":\"https:\\\/\\\/radioljubuski.ba\\\/index.php\\\/2022\\\/03\\\/08\\\/dodik-pisao-turkovic-komsiceve-instrukcije-mvp-oko-ukrajine-nisu-obvezujuce-za-srbe-time-se-podriva-ustav\\\/#breadcrumb\",\"itemListElement\":[{\"@type\":\"ListItem\",\"position\":1,\"name\":\"Po\u010detna stranica\",\"item\":\"https:\\\/\\\/radioljubuski.ba\\\/\"},{\"@type\":\"ListItem\",\"position\":2,\"name\":\"Dodik pisao Turkovi\u0107: Kom\u0161i\u0107eve \u201cinstrukcije\u201d MVP oko Ukrajine nisu obvezuju\u0107e za Srbe, time se podriva Ustav\"}]},{\"@type\":\"WebSite\",\"@id\":\"https:\\\/\\\/radioljubuski.ba\\\/#website\",\"url\":\"https:\\\/\\\/radioljubuski.ba\\\/\",\"name\":\"Radio Ljubu\u0161ki\",\"description\":\"Sun\u010dana frekvencija Hercegovine\",\"publisher\":{\"@id\":\"https:\\\/\\\/radioljubuski.ba\\\/#organization\"},\"potentialAction\":[{\"@type\":\"SearchAction\",\"target\":{\"@type\":\"EntryPoint\",\"urlTemplate\":\"https:\\\/\\\/radioljubuski.ba\\\/?s={search_term_string}\"},\"query-input\":{\"@type\":\"PropertyValueSpecification\",\"valueRequired\":true,\"valueName\":\"search_term_string\"}}],\"inLanguage\":\"hr\"},{\"@type\":\"Organization\",\"@id\":\"https:\\\/\\\/radioljubuski.ba\\\/#organization\",\"name\":\"Radio Ljubu\u0161ki\",\"url\":\"https:\\\/\\\/radioljubuski.ba\\\/\",\"logo\":{\"@type\":\"ImageObject\",\"inLanguage\":\"hr\",\"@id\":\"https:\\\/\\\/radioljubuski.ba\\\/#\\\/schema\\\/logo\\\/image\\\/\",\"url\":\"https:\\\/\\\/radioljubuski.ba\\\/wp-content\\\/uploads\\\/2021\\\/02\\\/cropped-Radio_Ljubuski_logo1.jpg\",\"contentUrl\":\"https:\\\/\\\/radioljubuski.ba\\\/wp-content\\\/uploads\\\/2021\\\/02\\\/cropped-Radio_Ljubuski_logo1.jpg\",\"width\":512,\"height\":512,\"caption\":\"Radio Ljubu\u0161ki\"},\"image\":{\"@id\":\"https:\\\/\\\/radioljubuski.ba\\\/#\\\/schema\\\/logo\\\/image\\\/\"},\"sameAs\":[\"https:\\\/\\\/www.facebook.com\\\/Radiio-Ljubuski-1490835324566332\",\"https:\\\/\\\/x.com\\\/radioljubuski\",\"https:\\\/\\\/hr.linkedin.com\\\/company\\\/radio-ljubuski\",\"https:\\\/\\\/www.youtube.com\\\/channel\\\/UCHYaeO_n0Db3tjNGudGpXyw\"]},{\"@type\":\"Person\",\"@id\":\"https:\\\/\\\/radioljubuski.ba\\\/#\\\/schema\\\/person\\\/19fc700381a780f69665d7956c469e3b\",\"name\":\"Radio Ljubu\u0161ki\"}]}<\/script>\n<!-- \/ Yoast SEO plugin. -->","yoast_head_json":{"title":"Dodik pisao Turkovi\u0107: Kom\u0161i\u0107eve \u201cinstrukcije\u201d MVP oko Ukrajine nisu obvezuju\u0107e za Srbe, time se podriva Ustav - RADIO LJUBU\u0160KI","robots":{"index":"index","follow":"follow","max-snippet":"max-snippet:-1","max-image-preview":"max-image-preview:large","max-video-preview":"max-video-preview:-1"},"canonical":"https:\/\/radioljubuski.ba\/index.php\/2022\/03\/08\/dodik-pisao-turkovic-komsiceve-instrukcije-mvp-oko-ukrajine-nisu-obvezujuce-za-srbe-time-se-podriva-ustav\/","og_locale":"hr_HR","og_type":"article","og_title":"Dodik pisao Turkovi\u0107: Kom\u0161i\u0107eve \u201cinstrukcije\u201d MVP oko Ukrajine nisu obvezuju\u0107e za Srbe, time se podriva Ustav - RADIO LJUBU\u0160KI","og_description":"Srpski \u010dlan Predsjedni\u0161tva BiH Milorad Dodik istaknuo je da je pismo, koje je iz ureda \u017deljka Kom\u0161i\u0107a dostavljeno mimo redovnih i propisima utvr\u0111enih procedura u Ministarstvo vanjskih poslova u Vije\u0107u ministara, sramna krivotvorina i predstavlja privatni stav trenutnog predsjedatelja Predsjedni\u0161tva BiH u pogledu doga\u0111anja u Ukrajini koji nikoga ni na \u0161to ne obvezuje. Dodik je [&hellip;]","og_url":"https:\/\/radioljubuski.ba\/index.php\/2022\/03\/08\/dodik-pisao-turkovic-komsiceve-instrukcije-mvp-oko-ukrajine-nisu-obvezujuce-za-srbe-time-se-podriva-ustav\/","og_site_name":"RADIO LJUBU\u0160KI","article_publisher":"https:\/\/www.facebook.com\/Radiio-Ljubuski-1490835324566332","article_published_time":"2022-03-08T00:07:17+00:00","article_modified_time":"2022-03-08T00:07:18+00:00","og_image":[{"width":658,"height":494,"url":"https:\/\/radioljubuski.ba\/wp-content\/uploads\/2021\/08\/dodik-ured1.jpg","type":"image\/jpeg"}],"author":"Radio Ljubu\u0161ki","twitter_card":"summary_large_image","twitter_creator":"@radioljubuski","twitter_site":"@radioljubuski","twitter_misc":{"Napisao\/la":"Radio Ljubu\u0161ki","Procijenjeno vrijeme \u010ditanja":"2 minute"},"schema":{"@context":"https:\/\/schema.org","@graph":[{"@type":"Article","@id":"https:\/\/radioljubuski.ba\/index.php\/2022\/03\/08\/dodik-pisao-turkovic-komsiceve-instrukcije-mvp-oko-ukrajine-nisu-obvezujuce-za-srbe-time-se-podriva-ustav\/#article","isPartOf":{"@id":"https:\/\/radioljubuski.ba\/index.php\/2022\/03\/08\/dodik-pisao-turkovic-komsiceve-instrukcije-mvp-oko-ukrajine-nisu-obvezujuce-za-srbe-time-se-podriva-ustav\/"},"author":{"name":"Radio Ljubu\u0161ki","@id":"https:\/\/radioljubuski.ba\/#\/schema\/person\/19fc700381a780f69665d7956c469e3b"},"headline":"Dodik pisao Turkovi\u0107: Kom\u0161i\u0107eve \u201cinstrukcije\u201d MVP oko Ukrajine nisu obvezuju\u0107e za Srbe, time se podriva Ustav","datePublished":"2022-03-08T00:07:17+00:00","dateModified":"2022-03-08T00:07:18+00:00","mainEntityOfPage":{"@id":"https:\/\/radioljubuski.ba\/index.php\/2022\/03\/08\/dodik-pisao-turkovic-komsiceve-instrukcije-mvp-oko-ukrajine-nisu-obvezujuce-za-srbe-time-se-podriva-ustav\/"},"wordCount":469,"publisher":{"@id":"https:\/\/radioljubuski.ba\/#organization"},"image":{"@id":"https:\/\/radioljubuski.ba\/index.php\/2022\/03\/08\/dodik-pisao-turkovic-komsiceve-instrukcije-mvp-oko-ukrajine-nisu-obvezujuce-za-srbe-time-se-podriva-ustav\/#primaryimage"},"thumbnailUrl":"https:\/\/radioljubuski.ba\/wp-content\/uploads\/2021\/08\/dodik-ured1.jpg","articleSection":["BIH i regija"],"inLanguage":"hr"},{"@type":"WebPage","@id":"https:\/\/radioljubuski.ba\/index.php\/2022\/03\/08\/dodik-pisao-turkovic-komsiceve-instrukcije-mvp-oko-ukrajine-nisu-obvezujuce-za-srbe-time-se-podriva-ustav\/","url":"https:\/\/radioljubuski.ba\/index.php\/2022\/03\/08\/dodik-pisao-turkovic-komsiceve-instrukcije-mvp-oko-ukrajine-nisu-obvezujuce-za-srbe-time-se-podriva-ustav\/","name":"Dodik pisao Turkovi\u0107: Kom\u0161i\u0107eve \u201cinstrukcije\u201d MVP oko Ukrajine nisu obvezuju\u0107e za Srbe, time se podriva Ustav - RADIO LJUBU\u0160KI","isPartOf":{"@id":"https:\/\/radioljubuski.ba\/#website"},"primaryImageOfPage":{"@id":"https:\/\/radioljubuski.ba\/index.php\/2022\/03\/08\/dodik-pisao-turkovic-komsiceve-instrukcije-mvp-oko-ukrajine-nisu-obvezujuce-za-srbe-time-se-podriva-ustav\/#primaryimage"},"image":{"@id":"https:\/\/radioljubuski.ba\/index.php\/2022\/03\/08\/dodik-pisao-turkovic-komsiceve-instrukcije-mvp-oko-ukrajine-nisu-obvezujuce-za-srbe-time-se-podriva-ustav\/#primaryimage"},"thumbnailUrl":"https:\/\/radioljubuski.ba\/wp-content\/uploads\/2021\/08\/dodik-ured1.jpg","datePublished":"2022-03-08T00:07:17+00:00","dateModified":"2022-03-08T00:07:18+00:00","breadcrumb":{"@id":"https:\/\/radioljubuski.ba\/index.php\/2022\/03\/08\/dodik-pisao-turkovic-komsiceve-instrukcije-mvp-oko-ukrajine-nisu-obvezujuce-za-srbe-time-se-podriva-ustav\/#breadcrumb"},"inLanguage":"hr","potentialAction":[{"@type":"ReadAction","target":["https:\/\/radioljubuski.ba\/index.php\/2022\/03\/08\/dodik-pisao-turkovic-komsiceve-instrukcije-mvp-oko-ukrajine-nisu-obvezujuce-za-srbe-time-se-podriva-ustav\/"]}]},{"@type":"ImageObject","inLanguage":"hr","@id":"https:\/\/radioljubuski.ba\/index.php\/2022\/03\/08\/dodik-pisao-turkovic-komsiceve-instrukcije-mvp-oko-ukrajine-nisu-obvezujuce-za-srbe-time-se-podriva-ustav\/#primaryimage","url":"https:\/\/radioljubuski.ba\/wp-content\/uploads\/2021\/08\/dodik-ured1.jpg","contentUrl":"https:\/\/radioljubuski.ba\/wp-content\/uploads\/2021\/08\/dodik-ured1.jpg","width":658,"height":494},{"@type":"BreadcrumbList","@id":"https:\/\/radioljubuski.ba\/index.php\/2022\/03\/08\/dodik-pisao-turkovic-komsiceve-instrukcije-mvp-oko-ukrajine-nisu-obvezujuce-za-srbe-time-se-podriva-ustav\/#breadcrumb","itemListElement":[{"@type":"ListItem","position":1,"name":"Po\u010detna stranica","item":"https:\/\/radioljubuski.ba\/"},{"@type":"ListItem","position":2,"name":"Dodik pisao Turkovi\u0107: Kom\u0161i\u0107eve \u201cinstrukcije\u201d MVP oko Ukrajine nisu obvezuju\u0107e za Srbe, time se podriva Ustav"}]},{"@type":"WebSite","@id":"https:\/\/radioljubuski.ba\/#website","url":"https:\/\/radioljubuski.ba\/","name":"Radio Ljubu\u0161ki","description":"Sun\u010dana frekvencija Hercegovine","publisher":{"@id":"https:\/\/radioljubuski.ba\/#organization"},"potentialAction":[{"@type":"SearchAction","target":{"@type":"EntryPoint","urlTemplate":"https:\/\/radioljubuski.ba\/?s={search_term_string}"},"query-input":{"@type":"PropertyValueSpecification","valueRequired":true,"valueName":"search_term_string"}}],"inLanguage":"hr"},{"@type":"Organization","@id":"https:\/\/radioljubuski.ba\/#organization","name":"Radio Ljubu\u0161ki","url":"https:\/\/radioljubuski.ba\/","logo":{"@type":"ImageObject","inLanguage":"hr","@id":"https:\/\/radioljubuski.ba\/#\/schema\/logo\/image\/","url":"https:\/\/radioljubuski.ba\/wp-content\/uploads\/2021\/02\/cropped-Radio_Ljubuski_logo1.jpg","contentUrl":"https:\/\/radioljubuski.ba\/wp-content\/uploads\/2021\/02\/cropped-Radio_Ljubuski_logo1.jpg","width":512,"height":512,"caption":"Radio Ljubu\u0161ki"},"image":{"@id":"https:\/\/radioljubuski.ba\/#\/schema\/logo\/image\/"},"sameAs":["https:\/\/www.facebook.com\/Radiio-Ljubuski-1490835324566332","https:\/\/x.com\/radioljubuski","https:\/\/hr.linkedin.com\/company\/radio-ljubuski","https:\/\/www.youtube.com\/channel\/UCHYaeO_n0Db3tjNGudGpXyw"]},{"@type":"Person","@id":"https:\/\/radioljubuski.ba\/#\/schema\/person\/19fc700381a780f69665d7956c469e3b","name":"Radio Ljubu\u0161ki"}]}},"_links":{"self":[{"href":"https:\/\/radioljubuski.ba\/index.php\/wp-json\/wp\/v2\/posts\/119147","targetHints":{"allow":["GET"]}}],"collection":[{"href":"https:\/\/radioljubuski.ba\/index.php\/wp-json\/wp\/v2\/posts"}],"about":[{"href":"https:\/\/radioljubuski.ba\/index.php\/wp-json\/wp\/v2\/types\/post"}],"author":[{"embeddable":true,"href":"https:\/\/radioljubuski.ba\/index.php\/wp-json\/wp\/v2\/users\/2"}],"replies":[{"embeddable":true,"href":"https:\/\/radioljubuski.ba\/index.php\/wp-json\/wp\/v2\/comments?post=119147"}],"version-history":[{"count":1,"href":"https:\/\/radioljubuski.ba\/index.php\/wp-json\/wp\/v2\/posts\/119147\/revisions"}],"predecessor-version":[{"id":119148,"href":"https:\/\/radioljubuski.ba\/index.php\/wp-json\/wp\/v2\/posts\/119147\/revisions\/119148"}],"wp:featuredmedia":[{"embeddable":true,"href":"https:\/\/radioljubuski.ba\/index.php\/wp-json\/wp\/v2\/media\/59618"}],"wp:attachment":[{"href":"https:\/\/radioljubuski.ba\/index.php\/wp-json\/wp\/v2\/media?parent=119147"}],"wp:term":[{"taxonomy":"category","embeddable":true,"href":"https:\/\/radioljubuski.ba\/index.php\/wp-json\/wp\/v2\/categories?post=119147"},{"taxonomy":"post_tag","embeddable":true,"href":"https:\/\/radioljubuski.ba\/index.php\/wp-json\/wp\/v2\/tags?post=119147"}],"curies":[{"name":"wp","href":"https:\/\/api.w.org\/{rel}","templated":true}]}}