{"id":119151,"date":"2022-03-08T01:09:53","date_gmt":"2022-03-08T00:09:53","guid":{"rendered":"https:\/\/radioljubuski.ba\/?p=119151"},"modified":"2022-03-08T01:09:53","modified_gmt":"2022-03-08T00:09:53","slug":"hbz-donesena-odluka-o-uporabi-udzbenika-i-prirucnika-u-skolskoj-2022-2023-godini","status":"publish","type":"post","link":"https:\/\/radioljubuski.ba\/index.php\/2022\/03\/08\/hbz-donesena-odluka-o-uporabi-udzbenika-i-prirucnika-u-skolskoj-2022-2023-godini\/","title":{"rendered":"HB\u017d: Donesena odluka o uporabi ud\u017ebenika i priru\u010dnika u \u0161kolskoj 2022.\/2023. godini"},"content":{"rendered":"\n<p><strong>Na prijedlog Ministarstva znanosti, prosvjete, kulture i \u0161porta Hercegbosanske \u017eupanije, Vlada je na dana\u0161njoj 43. sjednici donijela Odluku o uporabi ud\u017ebenika i priru\u010dnika u osnovnim i srednjim \u0161kolama. Ovom Odlukom ud\u017ebenici i priru\u010dnici koji su odabrani od strane stru\u010dnih aktiva i odobreni od strane resornog Ministarstva za uporabu u osnovnim i srednjim \u0161kolama na podru\u010dju Hercegbosanske \u017eupanije za \u0161kolsku 2021.\/2022. godinu, ostaju u uporabi za \u0161kolsku 2022.\/2023. godinu.<\/strong><\/p>\n\n\n\n<p>Razmatran je i utvr\u0111en Prijedlog Zakona o izmjenama i dopunama Zakona o zdravstvenoj za\u0161titi, kojega je Vlada uputila u Skup\u0161tinu HB\u017d na daljnje postupanje.<\/p>\n\n\n\n<p>Nakon razmatranja Vlada je primila k znanju Izvje\u0161\u0107e o stanju Turisti\u010dke zajednice Hercegbosanske \u017eupanije uz Zaklju\u010dak kojim se zadu\u017euje Ministarstvo gospodarstva Hercegbosanske \u017eupanije da u roku ne duljem od 20 dana sa\u010dini informaciju koju \u0107e Vlada na jednoj od idu\u0107ih sjednica razmatrati kao inicijativu za ponovno formiranje Turisti\u010dke zajednice Hercegbosanske \u017eupanije.<\/p>\n\n\n\n<p>Tako\u0111er, Vlada je na dana\u0161njoj sjednici primila k znanju i Izvje\u0161\u0107e o realizaciji Programa utro\u0161ka sredstava kapitalnih transfera \u201ePotpora op\u0107inama \u2013 vodoprivreda\u201c utvr\u0111enih Prora\u010dunom Hercegbosanske \u017eupanije za razdoblje 2014. godine do 2021. godine.<\/p>\n\n\n\n<p>U dijelu sjednice donesena je Odluka kojom se daje suglasnost Ministarstvu unutarnjih poslova HB\u017d za nabavu dva motorna vozila za potrebe Uprave policije i prikolice za prijevoz \u010damca \u2013 glisera, sukladno Planu javnih nabava u MUP-u za 2022. godinu u iznosu od 100.000,00 KM.<\/p>\n\n\n\n<p>Dono\u0161enjem Odluke Vlada je dala suglasnost za provedbu javne nabave roba u Ministarstvu znanosti prosvjete, kulture i \u0161porta HB\u017d u iznosu od 20.000,00 KM. U Prora\u010dunu Hercegbosanske \u017eupanije za 2022. godinu pri Ministarstvu znanosti, prosvjete, kulture i \u0161porta Hercegbosanske \u017eupanije \u201eNabava opreme \u2013 uredske\u201c planirana su sredstva u iznosu od 20.000,00 KM dobivena od donacije Federalnog ministarstva obrazovanja i nauke, a planirana su za provedbu projekata iz oblasti \u201ePodr\u0161ka programima razvijanja funkcionalnih znanja i vje\u0161tina djece pred\u0161kolskog uzrasta i u\u010denika javnih osnovnih i javnih srednjih \u0161kola\u201c. Ugovorom s Federalnim ministarstvom obrazovanja i nauke planirana nov\u010dana sredstva bit \u0107e realizirana za javnu nabavu u sljede\u0107im obrazovnim ustanovama:<\/p>\n\n\n\n<p>Nabava didakti\u010dkog materijala i igra\u010daka u Dje\u010djem vrti\u0107u \u201eP\u010delice\u201c Livno,<br>Opremanje kabineta kemije u O\u0160 \u201eGlamo\u010d\u201c iz Glamo\u010da,<br>Nabava interaktivne plo\u010de u kabinetskoj nastavi do uspje\u0161nijeg obrazovanja u O\u0160 Ivana Ma\u017eurani\u0107a iz Tomislavgrada.<\/p>\n\n\n\n<p>Vlada je razmatrala i prihvatila Inicijativu Sindikata djelatnika MUP-a HB\u017d za dono\u0161enje Uredbe o slu\u017ebenoj iskaznici i zna\u010dki, te izradi iste sa Zaklju\u010dkom kojim se zadu\u017euje Ministarstvo unutarnjih poslova HB\u017d da u roku od 30 dana sa\u010dini prijedlog Uredbe o slu\u017ebenoj policijskoj zna\u010dki i iskaznici i isti uputi Vladi na razmatranje, priop\u0107eno je iz Vlade HB\u017d.<\/p>\n\n\n\n<p>\/HMS\/<\/p>\n","protected":false},"excerpt":{"rendered":"<p>Na prijedlog Ministarstva znanosti, prosvjete, kulture i \u0161porta Hercegbosanske \u017eupanije, Vlada je na dana\u0161njoj 43. sjednici donijela Odluku o uporabi ud\u017ebenika i priru\u010dnika u osnovnim i srednjim \u0161kolama. Ovom Odlukom ud\u017ebenici i priru\u010dnici koji su odabrani od strane stru\u010dnih aktiva i odobreni od strane resornog Ministarstva za uporabu u osnovnim i srednjim \u0161kolama na podru\u010dju [&hellip;]<\/p>\n","protected":false},"author":2,"featured_media":119152,"comment_status":"closed","ping_status":"closed","sticky":false,"template":"","format":"standard","meta":{"h5ap_radio_sources":[],"footnotes":""},"categories":[1],"tags":[],"class_list":["post-119151","post","type-post","status-publish","format-standard","has-post-thumbnail","hentry","category-bihiregija"],"yoast_head":"<!-- This site is optimized with the Yoast SEO plugin v27.5 - https:\/\/yoast.com\/product\/yoast-seo-wordpress\/ -->\n<title>HB\u017d: Donesena odluka o uporabi ud\u017ebenika i priru\u010dnika u \u0161kolskoj 2022.\/2023. godini - RADIO LJUBU\u0160KI<\/title>\n<meta name=\"robots\" content=\"index, follow, max-snippet:-1, max-image-preview:large, max-video-preview:-1\" \/>\n<link rel=\"canonical\" href=\"https:\/\/radioljubuski.ba\/index.php\/2022\/03\/08\/hbz-donesena-odluka-o-uporabi-udzbenika-i-prirucnika-u-skolskoj-2022-2023-godini\/\" \/>\n<meta property=\"og:locale\" content=\"hr_HR\" \/>\n<meta property=\"og:type\" content=\"article\" \/>\n<meta property=\"og:title\" content=\"HB\u017d: Donesena odluka o uporabi ud\u017ebenika i priru\u010dnika u \u0161kolskoj 2022.\/2023. godini - RADIO LJUBU\u0160KI\" \/>\n<meta property=\"og:description\" content=\"Na prijedlog Ministarstva znanosti, prosvjete, kulture i \u0161porta Hercegbosanske \u017eupanije, Vlada je na dana\u0161njoj 43. sjednici donijela Odluku o uporabi ud\u017ebenika i priru\u010dnika u osnovnim i srednjim \u0161kolama. Ovom Odlukom ud\u017ebenici i priru\u010dnici koji su odabrani od strane stru\u010dnih aktiva i odobreni od strane resornog Ministarstva za uporabu u osnovnim i srednjim \u0161kolama na podru\u010dju [&hellip;]\" \/>\n<meta property=\"og:url\" content=\"https:\/\/radioljubuski.ba\/index.php\/2022\/03\/08\/hbz-donesena-odluka-o-uporabi-udzbenika-i-prirucnika-u-skolskoj-2022-2023-godini\/\" \/>\n<meta property=\"og:site_name\" content=\"RADIO LJUBU\u0160KI\" \/>\n<meta property=\"article:publisher\" content=\"https:\/\/www.facebook.com\/Radiio-Ljubuski-1490835324566332\" \/>\n<meta property=\"article:published_time\" content=\"2022-03-08T00:09:53+00:00\" \/>\n<meta property=\"og:image\" content=\"https:\/\/radioljubuski.ba\/wp-content\/uploads\/2022\/03\/vlada.jpg\" \/>\n\t<meta property=\"og:image:width\" content=\"750\" \/>\n\t<meta property=\"og:image:height\" content=\"460\" \/>\n\t<meta property=\"og:image:type\" content=\"image\/jpeg\" \/>\n<meta name=\"author\" content=\"Radio Ljubu\u0161ki\" \/>\n<meta name=\"twitter:card\" content=\"summary_large_image\" \/>\n<meta name=\"twitter:creator\" content=\"@radioljubuski\" \/>\n<meta name=\"twitter:site\" content=\"@radioljubuski\" \/>\n<meta name=\"twitter:label1\" content=\"Napisao\/la\" \/>\n\t<meta name=\"twitter:data1\" content=\"Radio Ljubu\u0161ki\" \/>\n\t<meta name=\"twitter:label2\" content=\"Procijenjeno vrijeme \u010ditanja\" \/>\n\t<meta name=\"twitter:data2\" content=\"2 minute\" \/>\n<script type=\"application\/ld+json\" class=\"yoast-schema-graph\">{\"@context\":\"https:\\\/\\\/schema.org\",\"@graph\":[{\"@type\":\"Article\",\"@id\":\"https:\\\/\\\/radioljubuski.ba\\\/index.php\\\/2022\\\/03\\\/08\\\/hbz-donesena-odluka-o-uporabi-udzbenika-i-prirucnika-u-skolskoj-2022-2023-godini\\\/#article\",\"isPartOf\":{\"@id\":\"https:\\\/\\\/radioljubuski.ba\\\/index.php\\\/2022\\\/03\\\/08\\\/hbz-donesena-odluka-o-uporabi-udzbenika-i-prirucnika-u-skolskoj-2022-2023-godini\\\/\"},\"author\":{\"name\":\"Radio Ljubu\u0161ki\",\"@id\":\"https:\\\/\\\/radioljubuski.ba\\\/#\\\/schema\\\/person\\\/19fc700381a780f69665d7956c469e3b\"},\"headline\":\"HB\u017d: Donesena odluka o uporabi ud\u017ebenika i priru\u010dnika u \u0161kolskoj 2022.\\\/2023. godini\",\"datePublished\":\"2022-03-08T00:09:53+00:00\",\"mainEntityOfPage\":{\"@id\":\"https:\\\/\\\/radioljubuski.ba\\\/index.php\\\/2022\\\/03\\\/08\\\/hbz-donesena-odluka-o-uporabi-udzbenika-i-prirucnika-u-skolskoj-2022-2023-godini\\\/\"},\"wordCount\":465,\"publisher\":{\"@id\":\"https:\\\/\\\/radioljubuski.ba\\\/#organization\"},\"image\":{\"@id\":\"https:\\\/\\\/radioljubuski.ba\\\/index.php\\\/2022\\\/03\\\/08\\\/hbz-donesena-odluka-o-uporabi-udzbenika-i-prirucnika-u-skolskoj-2022-2023-godini\\\/#primaryimage\"},\"thumbnailUrl\":\"https:\\\/\\\/radioljubuski.ba\\\/wp-content\\\/uploads\\\/2022\\\/03\\\/vlada.jpg\",\"articleSection\":[\"BIH i regija\"],\"inLanguage\":\"hr\"},{\"@type\":\"WebPage\",\"@id\":\"https:\\\/\\\/radioljubuski.ba\\\/index.php\\\/2022\\\/03\\\/08\\\/hbz-donesena-odluka-o-uporabi-udzbenika-i-prirucnika-u-skolskoj-2022-2023-godini\\\/\",\"url\":\"https:\\\/\\\/radioljubuski.ba\\\/index.php\\\/2022\\\/03\\\/08\\\/hbz-donesena-odluka-o-uporabi-udzbenika-i-prirucnika-u-skolskoj-2022-2023-godini\\\/\",\"name\":\"HB\u017d: Donesena odluka o uporabi ud\u017ebenika i priru\u010dnika u \u0161kolskoj 2022.\\\/2023. godini - RADIO LJUBU\u0160KI\",\"isPartOf\":{\"@id\":\"https:\\\/\\\/radioljubuski.ba\\\/#website\"},\"primaryImageOfPage\":{\"@id\":\"https:\\\/\\\/radioljubuski.ba\\\/index.php\\\/2022\\\/03\\\/08\\\/hbz-donesena-odluka-o-uporabi-udzbenika-i-prirucnika-u-skolskoj-2022-2023-godini\\\/#primaryimage\"},\"image\":{\"@id\":\"https:\\\/\\\/radioljubuski.ba\\\/index.php\\\/2022\\\/03\\\/08\\\/hbz-donesena-odluka-o-uporabi-udzbenika-i-prirucnika-u-skolskoj-2022-2023-godini\\\/#primaryimage\"},\"thumbnailUrl\":\"https:\\\/\\\/radioljubuski.ba\\\/wp-content\\\/uploads\\\/2022\\\/03\\\/vlada.jpg\",\"datePublished\":\"2022-03-08T00:09:53+00:00\",\"breadcrumb\":{\"@id\":\"https:\\\/\\\/radioljubuski.ba\\\/index.php\\\/2022\\\/03\\\/08\\\/hbz-donesena-odluka-o-uporabi-udzbenika-i-prirucnika-u-skolskoj-2022-2023-godini\\\/#breadcrumb\"},\"inLanguage\":\"hr\",\"potentialAction\":[{\"@type\":\"ReadAction\",\"target\":[\"https:\\\/\\\/radioljubuski.ba\\\/index.php\\\/2022\\\/03\\\/08\\\/hbz-donesena-odluka-o-uporabi-udzbenika-i-prirucnika-u-skolskoj-2022-2023-godini\\\/\"]}]},{\"@type\":\"ImageObject\",\"inLanguage\":\"hr\",\"@id\":\"https:\\\/\\\/radioljubuski.ba\\\/index.php\\\/2022\\\/03\\\/08\\\/hbz-donesena-odluka-o-uporabi-udzbenika-i-prirucnika-u-skolskoj-2022-2023-godini\\\/#primaryimage\",\"url\":\"https:\\\/\\\/radioljubuski.ba\\\/wp-content\\\/uploads\\\/2022\\\/03\\\/vlada.jpg\",\"contentUrl\":\"https:\\\/\\\/radioljubuski.ba\\\/wp-content\\\/uploads\\\/2022\\\/03\\\/vlada.jpg\",\"width\":750,\"height\":460},{\"@type\":\"BreadcrumbList\",\"@id\":\"https:\\\/\\\/radioljubuski.ba\\\/index.php\\\/2022\\\/03\\\/08\\\/hbz-donesena-odluka-o-uporabi-udzbenika-i-prirucnika-u-skolskoj-2022-2023-godini\\\/#breadcrumb\",\"itemListElement\":[{\"@type\":\"ListItem\",\"position\":1,\"name\":\"Po\u010detna stranica\",\"item\":\"https:\\\/\\\/radioljubuski.ba\\\/\"},{\"@type\":\"ListItem\",\"position\":2,\"name\":\"HB\u017d: Donesena odluka o uporabi ud\u017ebenika i priru\u010dnika u \u0161kolskoj 2022.\\\/2023. godini\"}]},{\"@type\":\"WebSite\",\"@id\":\"https:\\\/\\\/radioljubuski.ba\\\/#website\",\"url\":\"https:\\\/\\\/radioljubuski.ba\\\/\",\"name\":\"Radio Ljubu\u0161ki\",\"description\":\"Sun\u010dana frekvencija Hercegovine\",\"publisher\":{\"@id\":\"https:\\\/\\\/radioljubuski.ba\\\/#organization\"},\"potentialAction\":[{\"@type\":\"SearchAction\",\"target\":{\"@type\":\"EntryPoint\",\"urlTemplate\":\"https:\\\/\\\/radioljubuski.ba\\\/?s={search_term_string}\"},\"query-input\":{\"@type\":\"PropertyValueSpecification\",\"valueRequired\":true,\"valueName\":\"search_term_string\"}}],\"inLanguage\":\"hr\"},{\"@type\":\"Organization\",\"@id\":\"https:\\\/\\\/radioljubuski.ba\\\/#organization\",\"name\":\"Radio Ljubu\u0161ki\",\"url\":\"https:\\\/\\\/radioljubuski.ba\\\/\",\"logo\":{\"@type\":\"ImageObject\",\"inLanguage\":\"hr\",\"@id\":\"https:\\\/\\\/radioljubuski.ba\\\/#\\\/schema\\\/logo\\\/image\\\/\",\"url\":\"https:\\\/\\\/radioljubuski.ba\\\/wp-content\\\/uploads\\\/2021\\\/02\\\/cropped-Radio_Ljubuski_logo1.jpg\",\"contentUrl\":\"https:\\\/\\\/radioljubuski.ba\\\/wp-content\\\/uploads\\\/2021\\\/02\\\/cropped-Radio_Ljubuski_logo1.jpg\",\"width\":512,\"height\":512,\"caption\":\"Radio Ljubu\u0161ki\"},\"image\":{\"@id\":\"https:\\\/\\\/radioljubuski.ba\\\/#\\\/schema\\\/logo\\\/image\\\/\"},\"sameAs\":[\"https:\\\/\\\/www.facebook.com\\\/Radiio-Ljubuski-1490835324566332\",\"https:\\\/\\\/x.com\\\/radioljubuski\",\"https:\\\/\\\/hr.linkedin.com\\\/company\\\/radio-ljubuski\",\"https:\\\/\\\/www.youtube.com\\\/channel\\\/UCHYaeO_n0Db3tjNGudGpXyw\"]},{\"@type\":\"Person\",\"@id\":\"https:\\\/\\\/radioljubuski.ba\\\/#\\\/schema\\\/person\\\/19fc700381a780f69665d7956c469e3b\",\"name\":\"Radio Ljubu\u0161ki\"}]}<\/script>\n<!-- \/ Yoast SEO plugin. -->","yoast_head_json":{"title":"HB\u017d: Donesena odluka o uporabi ud\u017ebenika i priru\u010dnika u \u0161kolskoj 2022.\/2023. godini - RADIO LJUBU\u0160KI","robots":{"index":"index","follow":"follow","max-snippet":"max-snippet:-1","max-image-preview":"max-image-preview:large","max-video-preview":"max-video-preview:-1"},"canonical":"https:\/\/radioljubuski.ba\/index.php\/2022\/03\/08\/hbz-donesena-odluka-o-uporabi-udzbenika-i-prirucnika-u-skolskoj-2022-2023-godini\/","og_locale":"hr_HR","og_type":"article","og_title":"HB\u017d: Donesena odluka o uporabi ud\u017ebenika i priru\u010dnika u \u0161kolskoj 2022.\/2023. godini - RADIO LJUBU\u0160KI","og_description":"Na prijedlog Ministarstva znanosti, prosvjete, kulture i \u0161porta Hercegbosanske \u017eupanije, Vlada je na dana\u0161njoj 43. sjednici donijela Odluku o uporabi ud\u017ebenika i priru\u010dnika u osnovnim i srednjim \u0161kolama. Ovom Odlukom ud\u017ebenici i priru\u010dnici koji su odabrani od strane stru\u010dnih aktiva i odobreni od strane resornog Ministarstva za uporabu u osnovnim i srednjim \u0161kolama na podru\u010dju [&hellip;]","og_url":"https:\/\/radioljubuski.ba\/index.php\/2022\/03\/08\/hbz-donesena-odluka-o-uporabi-udzbenika-i-prirucnika-u-skolskoj-2022-2023-godini\/","og_site_name":"RADIO LJUBU\u0160KI","article_publisher":"https:\/\/www.facebook.com\/Radiio-Ljubuski-1490835324566332","article_published_time":"2022-03-08T00:09:53+00:00","og_image":[{"width":750,"height":460,"url":"https:\/\/radioljubuski.ba\/wp-content\/uploads\/2022\/03\/vlada.jpg","type":"image\/jpeg"}],"author":"Radio Ljubu\u0161ki","twitter_card":"summary_large_image","twitter_creator":"@radioljubuski","twitter_site":"@radioljubuski","twitter_misc":{"Napisao\/la":"Radio Ljubu\u0161ki","Procijenjeno vrijeme \u010ditanja":"2 minute"},"schema":{"@context":"https:\/\/schema.org","@graph":[{"@type":"Article","@id":"https:\/\/radioljubuski.ba\/index.php\/2022\/03\/08\/hbz-donesena-odluka-o-uporabi-udzbenika-i-prirucnika-u-skolskoj-2022-2023-godini\/#article","isPartOf":{"@id":"https:\/\/radioljubuski.ba\/index.php\/2022\/03\/08\/hbz-donesena-odluka-o-uporabi-udzbenika-i-prirucnika-u-skolskoj-2022-2023-godini\/"},"author":{"name":"Radio Ljubu\u0161ki","@id":"https:\/\/radioljubuski.ba\/#\/schema\/person\/19fc700381a780f69665d7956c469e3b"},"headline":"HB\u017d: Donesena odluka o uporabi ud\u017ebenika i priru\u010dnika u \u0161kolskoj 2022.\/2023. godini","datePublished":"2022-03-08T00:09:53+00:00","mainEntityOfPage":{"@id":"https:\/\/radioljubuski.ba\/index.php\/2022\/03\/08\/hbz-donesena-odluka-o-uporabi-udzbenika-i-prirucnika-u-skolskoj-2022-2023-godini\/"},"wordCount":465,"publisher":{"@id":"https:\/\/radioljubuski.ba\/#organization"},"image":{"@id":"https:\/\/radioljubuski.ba\/index.php\/2022\/03\/08\/hbz-donesena-odluka-o-uporabi-udzbenika-i-prirucnika-u-skolskoj-2022-2023-godini\/#primaryimage"},"thumbnailUrl":"https:\/\/radioljubuski.ba\/wp-content\/uploads\/2022\/03\/vlada.jpg","articleSection":["BIH i regija"],"inLanguage":"hr"},{"@type":"WebPage","@id":"https:\/\/radioljubuski.ba\/index.php\/2022\/03\/08\/hbz-donesena-odluka-o-uporabi-udzbenika-i-prirucnika-u-skolskoj-2022-2023-godini\/","url":"https:\/\/radioljubuski.ba\/index.php\/2022\/03\/08\/hbz-donesena-odluka-o-uporabi-udzbenika-i-prirucnika-u-skolskoj-2022-2023-godini\/","name":"HB\u017d: Donesena odluka o uporabi ud\u017ebenika i priru\u010dnika u \u0161kolskoj 2022.\/2023. godini - RADIO LJUBU\u0160KI","isPartOf":{"@id":"https:\/\/radioljubuski.ba\/#website"},"primaryImageOfPage":{"@id":"https:\/\/radioljubuski.ba\/index.php\/2022\/03\/08\/hbz-donesena-odluka-o-uporabi-udzbenika-i-prirucnika-u-skolskoj-2022-2023-godini\/#primaryimage"},"image":{"@id":"https:\/\/radioljubuski.ba\/index.php\/2022\/03\/08\/hbz-donesena-odluka-o-uporabi-udzbenika-i-prirucnika-u-skolskoj-2022-2023-godini\/#primaryimage"},"thumbnailUrl":"https:\/\/radioljubuski.ba\/wp-content\/uploads\/2022\/03\/vlada.jpg","datePublished":"2022-03-08T00:09:53+00:00","breadcrumb":{"@id":"https:\/\/radioljubuski.ba\/index.php\/2022\/03\/08\/hbz-donesena-odluka-o-uporabi-udzbenika-i-prirucnika-u-skolskoj-2022-2023-godini\/#breadcrumb"},"inLanguage":"hr","potentialAction":[{"@type":"ReadAction","target":["https:\/\/radioljubuski.ba\/index.php\/2022\/03\/08\/hbz-donesena-odluka-o-uporabi-udzbenika-i-prirucnika-u-skolskoj-2022-2023-godini\/"]}]},{"@type":"ImageObject","inLanguage":"hr","@id":"https:\/\/radioljubuski.ba\/index.php\/2022\/03\/08\/hbz-donesena-odluka-o-uporabi-udzbenika-i-prirucnika-u-skolskoj-2022-2023-godini\/#primaryimage","url":"https:\/\/radioljubuski.ba\/wp-content\/uploads\/2022\/03\/vlada.jpg","contentUrl":"https:\/\/radioljubuski.ba\/wp-content\/uploads\/2022\/03\/vlada.jpg","width":750,"height":460},{"@type":"BreadcrumbList","@id":"https:\/\/radioljubuski.ba\/index.php\/2022\/03\/08\/hbz-donesena-odluka-o-uporabi-udzbenika-i-prirucnika-u-skolskoj-2022-2023-godini\/#breadcrumb","itemListElement":[{"@type":"ListItem","position":1,"name":"Po\u010detna stranica","item":"https:\/\/radioljubuski.ba\/"},{"@type":"ListItem","position":2,"name":"HB\u017d: Donesena odluka o uporabi ud\u017ebenika i priru\u010dnika u \u0161kolskoj 2022.\/2023. godini"}]},{"@type":"WebSite","@id":"https:\/\/radioljubuski.ba\/#website","url":"https:\/\/radioljubuski.ba\/","name":"Radio Ljubu\u0161ki","description":"Sun\u010dana frekvencija Hercegovine","publisher":{"@id":"https:\/\/radioljubuski.ba\/#organization"},"potentialAction":[{"@type":"SearchAction","target":{"@type":"EntryPoint","urlTemplate":"https:\/\/radioljubuski.ba\/?s={search_term_string}"},"query-input":{"@type":"PropertyValueSpecification","valueRequired":true,"valueName":"search_term_string"}}],"inLanguage":"hr"},{"@type":"Organization","@id":"https:\/\/radioljubuski.ba\/#organization","name":"Radio Ljubu\u0161ki","url":"https:\/\/radioljubuski.ba\/","logo":{"@type":"ImageObject","inLanguage":"hr","@id":"https:\/\/radioljubuski.ba\/#\/schema\/logo\/image\/","url":"https:\/\/radioljubuski.ba\/wp-content\/uploads\/2021\/02\/cropped-Radio_Ljubuski_logo1.jpg","contentUrl":"https:\/\/radioljubuski.ba\/wp-content\/uploads\/2021\/02\/cropped-Radio_Ljubuski_logo1.jpg","width":512,"height":512,"caption":"Radio Ljubu\u0161ki"},"image":{"@id":"https:\/\/radioljubuski.ba\/#\/schema\/logo\/image\/"},"sameAs":["https:\/\/www.facebook.com\/Radiio-Ljubuski-1490835324566332","https:\/\/x.com\/radioljubuski","https:\/\/hr.linkedin.com\/company\/radio-ljubuski","https:\/\/www.youtube.com\/channel\/UCHYaeO_n0Db3tjNGudGpXyw"]},{"@type":"Person","@id":"https:\/\/radioljubuski.ba\/#\/schema\/person\/19fc700381a780f69665d7956c469e3b","name":"Radio Ljubu\u0161ki"}]}},"_links":{"self":[{"href":"https:\/\/radioljubuski.ba\/index.php\/wp-json\/wp\/v2\/posts\/119151","targetHints":{"allow":["GET"]}}],"collection":[{"href":"https:\/\/radioljubuski.ba\/index.php\/wp-json\/wp\/v2\/posts"}],"about":[{"href":"https:\/\/radioljubuski.ba\/index.php\/wp-json\/wp\/v2\/types\/post"}],"author":[{"embeddable":true,"href":"https:\/\/radioljubuski.ba\/index.php\/wp-json\/wp\/v2\/users\/2"}],"replies":[{"embeddable":true,"href":"https:\/\/radioljubuski.ba\/index.php\/wp-json\/wp\/v2\/comments?post=119151"}],"version-history":[{"count":1,"href":"https:\/\/radioljubuski.ba\/index.php\/wp-json\/wp\/v2\/posts\/119151\/revisions"}],"predecessor-version":[{"id":119153,"href":"https:\/\/radioljubuski.ba\/index.php\/wp-json\/wp\/v2\/posts\/119151\/revisions\/119153"}],"wp:featuredmedia":[{"embeddable":true,"href":"https:\/\/radioljubuski.ba\/index.php\/wp-json\/wp\/v2\/media\/119152"}],"wp:attachment":[{"href":"https:\/\/radioljubuski.ba\/index.php\/wp-json\/wp\/v2\/media?parent=119151"}],"wp:term":[{"taxonomy":"category","embeddable":true,"href":"https:\/\/radioljubuski.ba\/index.php\/wp-json\/wp\/v2\/categories?post=119151"},{"taxonomy":"post_tag","embeddable":true,"href":"https:\/\/radioljubuski.ba\/index.php\/wp-json\/wp\/v2\/tags?post=119151"}],"curies":[{"name":"wp","href":"https:\/\/api.w.org\/{rel}","templated":true}]}}