{"id":119154,"date":"2022-03-08T01:12:24","date_gmt":"2022-03-08T00:12:24","guid":{"rendered":"https:\/\/radioljubuski.ba\/?p=119154"},"modified":"2022-03-08T01:12:25","modified_gmt":"2022-03-08T00:12:25","slug":"plenkovic-mozemo-biti-ponosni-sto-smo-na-putinovom-popisu","status":"publish","type":"post","link":"https:\/\/radioljubuski.ba\/index.php\/2022\/03\/08\/plenkovic-mozemo-biti-ponosni-sto-smo-na-putinovom-popisu\/","title":{"rendered":"Plenkovi\u0107: Mo\u017eemo biti ponosni \u0161to smo na Putinovom popisu"},"content":{"rendered":"\n<p><strong>Premijer Hrvatske Andrej Plenkovi\u0107 na konferenciji za novinare svrnuo se na \u010dinjenicu da se Hrvatska, zajedno s drugim zemljama koje su uvele sankcije Rusiji, na\u0161la na Putinovom popisu.<\/strong><\/p>\n\n\n\n<p>\u201cAko ste na tom popisu, zna\u010di da ste dobru politiku vodili. Mo\u017eemo biti ponosni na to\u201d, rekao je Plenkovi\u0107.<\/p>\n\n\n\n<figure class=\"wp-block-embed is-type-wp-embed is-provider-radio-ljubuski wp-block-embed-radio-ljubuski\"><div class=\"wp-block-embed__wrapper\">\n<blockquote class=\"wp-embedded-content\" data-secret=\"rr5YzdYvV8\"><a href=\"https:\/\/radioljubuski.ba\/index.php\/2022\/03\/07\/putin-dobio-popis-zemalja-koje-su-sankcionirale-rusiju\/\">Putin dobio popis zemalja koje su sankcionirale Rusiju<\/a><\/blockquote><iframe loading=\"lazy\" class=\"wp-embedded-content\" sandbox=\"allow-scripts\" security=\"restricted\" style=\"position: absolute; clip: rect(1px, 1px, 1px, 1px);\" title=\"&#8220;Putin dobio popis zemalja koje su sankcionirale Rusiju&#8221; &#8212;   RADIO LJUBU\u0160KI\" src=\"https:\/\/radioljubuski.ba\/index.php\/2022\/03\/07\/putin-dobio-popis-zemalja-koje-su-sankcionirale-rusiju\/embed\/#?secret=nEyug4tSLZ#?secret=rr5YzdYvV8\" data-secret=\"rr5YzdYvV8\" width=\"600\" height=\"338\" frameborder=\"0\" marginwidth=\"0\" marginheight=\"0\" scrolling=\"no\"><\/iframe>\n<\/div><\/figure>\n\n\n\n<p>Kazao je kako \u0107e Hrvatska pru\u017eiti potporu Ukrajini na europskom putu, no da je skepti\u010dan kad je rije\u010d o ekspresnom ulasku Ukrajine u EU, jer ugovor o osnivanju EU podrazumijeva odre\u0111enu proceduru.<\/p>\n\n\n\n<p>\u201cI mi smo to pro\u0161li\u201d, rekao je Plenkovi\u0107.<\/p>\n\n\n\n<p>\/HMS\/<\/p>\n","protected":false},"excerpt":{"rendered":"<p>Premijer Hrvatske Andrej Plenkovi\u0107 na konferenciji za novinare svrnuo se na \u010dinjenicu da se Hrvatska, zajedno s drugim zemljama koje su uvele sankcije Rusiji, na\u0161la na Putinovom popisu. \u201cAko ste na tom popisu, zna\u010di da ste dobru politiku vodili. Mo\u017eemo biti ponosni na to\u201d, rekao je Plenkovi\u0107. Kazao je kako \u0107e Hrvatska pru\u017eiti potporu Ukrajini [&hellip;]<\/p>\n","protected":false},"author":2,"featured_media":39551,"comment_status":"closed","ping_status":"closed","sticky":false,"template":"","format":"standard","meta":{"h5ap_radio_sources":[],"footnotes":""},"categories":[1],"tags":[],"class_list":["post-119154","post","type-post","status-publish","format-standard","has-post-thumbnail","hentry","category-bihiregija"],"yoast_head":"<!-- This site is optimized with the Yoast SEO plugin v27.5 - https:\/\/yoast.com\/product\/yoast-seo-wordpress\/ -->\n<title>Plenkovi\u0107: Mo\u017eemo biti ponosni \u0161to smo na Putinovom popisu - RADIO LJUBU\u0160KI<\/title>\n<meta name=\"robots\" content=\"index, follow, max-snippet:-1, max-image-preview:large, max-video-preview:-1\" \/>\n<link rel=\"canonical\" href=\"https:\/\/radioljubuski.ba\/index.php\/2022\/03\/08\/plenkovic-mozemo-biti-ponosni-sto-smo-na-putinovom-popisu\/\" \/>\n<meta property=\"og:locale\" content=\"hr_HR\" \/>\n<meta property=\"og:type\" content=\"article\" \/>\n<meta property=\"og:title\" content=\"Plenkovi\u0107: Mo\u017eemo biti ponosni \u0161to smo na Putinovom popisu - RADIO LJUBU\u0160KI\" \/>\n<meta property=\"og:description\" content=\"Premijer Hrvatske Andrej Plenkovi\u0107 na konferenciji za novinare svrnuo se na \u010dinjenicu da se Hrvatska, zajedno s drugim zemljama koje su uvele sankcije Rusiji, na\u0161la na Putinovom popisu. \u201cAko ste na tom popisu, zna\u010di da ste dobru politiku vodili. Mo\u017eemo biti ponosni na to\u201d, rekao je Plenkovi\u0107. Kazao je kako \u0107e Hrvatska pru\u017eiti potporu Ukrajini [&hellip;]\" \/>\n<meta property=\"og:url\" content=\"https:\/\/radioljubuski.ba\/index.php\/2022\/03\/08\/plenkovic-mozemo-biti-ponosni-sto-smo-na-putinovom-popisu\/\" \/>\n<meta property=\"og:site_name\" content=\"RADIO LJUBU\u0160KI\" \/>\n<meta property=\"article:publisher\" content=\"https:\/\/www.facebook.com\/Radiio-Ljubuski-1490835324566332\" \/>\n<meta property=\"article:published_time\" content=\"2022-03-08T00:12:24+00:00\" \/>\n<meta property=\"article:modified_time\" content=\"2022-03-08T00:12:25+00:00\" \/>\n<meta property=\"og:image\" content=\"https:\/\/radioljubuski.ba\/wp-content\/uploads\/2021\/07\/plenkovic-berlinski-e1625512105984-1068x549-1.png\" \/>\n\t<meta property=\"og:image:width\" content=\"1068\" \/>\n\t<meta property=\"og:image:height\" content=\"549\" \/>\n\t<meta property=\"og:image:type\" content=\"image\/png\" \/>\n<meta name=\"author\" content=\"Radio Ljubu\u0161ki\" \/>\n<meta name=\"twitter:card\" content=\"summary_large_image\" \/>\n<meta name=\"twitter:creator\" content=\"@radioljubuski\" \/>\n<meta name=\"twitter:site\" content=\"@radioljubuski\" \/>\n<meta name=\"twitter:label1\" content=\"Napisao\/la\" \/>\n\t<meta name=\"twitter:data1\" content=\"Radio Ljubu\u0161ki\" \/>\n\t<meta name=\"twitter:label2\" content=\"Procijenjeno vrijeme \u010ditanja\" \/>\n\t<meta name=\"twitter:data2\" content=\"1 minuta\" \/>\n<script type=\"application\/ld+json\" class=\"yoast-schema-graph\">{\"@context\":\"https:\\\/\\\/schema.org\",\"@graph\":[{\"@type\":\"Article\",\"@id\":\"https:\\\/\\\/radioljubuski.ba\\\/index.php\\\/2022\\\/03\\\/08\\\/plenkovic-mozemo-biti-ponosni-sto-smo-na-putinovom-popisu\\\/#article\",\"isPartOf\":{\"@id\":\"https:\\\/\\\/radioljubuski.ba\\\/index.php\\\/2022\\\/03\\\/08\\\/plenkovic-mozemo-biti-ponosni-sto-smo-na-putinovom-popisu\\\/\"},\"author\":{\"name\":\"Radio Ljubu\u0161ki\",\"@id\":\"https:\\\/\\\/radioljubuski.ba\\\/#\\\/schema\\\/person\\\/19fc700381a780f69665d7956c469e3b\"},\"headline\":\"Plenkovi\u0107: Mo\u017eemo biti ponosni \u0161to smo na Putinovom popisu\",\"datePublished\":\"2022-03-08T00:12:24+00:00\",\"dateModified\":\"2022-03-08T00:12:25+00:00\",\"mainEntityOfPage\":{\"@id\":\"https:\\\/\\\/radioljubuski.ba\\\/index.php\\\/2022\\\/03\\\/08\\\/plenkovic-mozemo-biti-ponosni-sto-smo-na-putinovom-popisu\\\/\"},\"wordCount\":111,\"publisher\":{\"@id\":\"https:\\\/\\\/radioljubuski.ba\\\/#organization\"},\"image\":{\"@id\":\"https:\\\/\\\/radioljubuski.ba\\\/index.php\\\/2022\\\/03\\\/08\\\/plenkovic-mozemo-biti-ponosni-sto-smo-na-putinovom-popisu\\\/#primaryimage\"},\"thumbnailUrl\":\"https:\\\/\\\/radioljubuski.ba\\\/wp-content\\\/uploads\\\/2021\\\/07\\\/plenkovic-berlinski-e1625512105984-1068x549-1.png\",\"articleSection\":[\"BIH i regija\"],\"inLanguage\":\"hr\"},{\"@type\":\"WebPage\",\"@id\":\"https:\\\/\\\/radioljubuski.ba\\\/index.php\\\/2022\\\/03\\\/08\\\/plenkovic-mozemo-biti-ponosni-sto-smo-na-putinovom-popisu\\\/\",\"url\":\"https:\\\/\\\/radioljubuski.ba\\\/index.php\\\/2022\\\/03\\\/08\\\/plenkovic-mozemo-biti-ponosni-sto-smo-na-putinovom-popisu\\\/\",\"name\":\"Plenkovi\u0107: Mo\u017eemo biti ponosni \u0161to smo na Putinovom popisu - RADIO LJUBU\u0160KI\",\"isPartOf\":{\"@id\":\"https:\\\/\\\/radioljubuski.ba\\\/#website\"},\"primaryImageOfPage\":{\"@id\":\"https:\\\/\\\/radioljubuski.ba\\\/index.php\\\/2022\\\/03\\\/08\\\/plenkovic-mozemo-biti-ponosni-sto-smo-na-putinovom-popisu\\\/#primaryimage\"},\"image\":{\"@id\":\"https:\\\/\\\/radioljubuski.ba\\\/index.php\\\/2022\\\/03\\\/08\\\/plenkovic-mozemo-biti-ponosni-sto-smo-na-putinovom-popisu\\\/#primaryimage\"},\"thumbnailUrl\":\"https:\\\/\\\/radioljubuski.ba\\\/wp-content\\\/uploads\\\/2021\\\/07\\\/plenkovic-berlinski-e1625512105984-1068x549-1.png\",\"datePublished\":\"2022-03-08T00:12:24+00:00\",\"dateModified\":\"2022-03-08T00:12:25+00:00\",\"breadcrumb\":{\"@id\":\"https:\\\/\\\/radioljubuski.ba\\\/index.php\\\/2022\\\/03\\\/08\\\/plenkovic-mozemo-biti-ponosni-sto-smo-na-putinovom-popisu\\\/#breadcrumb\"},\"inLanguage\":\"hr\",\"potentialAction\":[{\"@type\":\"ReadAction\",\"target\":[\"https:\\\/\\\/radioljubuski.ba\\\/index.php\\\/2022\\\/03\\\/08\\\/plenkovic-mozemo-biti-ponosni-sto-smo-na-putinovom-popisu\\\/\"]}]},{\"@type\":\"ImageObject\",\"inLanguage\":\"hr\",\"@id\":\"https:\\\/\\\/radioljubuski.ba\\\/index.php\\\/2022\\\/03\\\/08\\\/plenkovic-mozemo-biti-ponosni-sto-smo-na-putinovom-popisu\\\/#primaryimage\",\"url\":\"https:\\\/\\\/radioljubuski.ba\\\/wp-content\\\/uploads\\\/2021\\\/07\\\/plenkovic-berlinski-e1625512105984-1068x549-1.png\",\"contentUrl\":\"https:\\\/\\\/radioljubuski.ba\\\/wp-content\\\/uploads\\\/2021\\\/07\\\/plenkovic-berlinski-e1625512105984-1068x549-1.png\",\"width\":1068,\"height\":549},{\"@type\":\"BreadcrumbList\",\"@id\":\"https:\\\/\\\/radioljubuski.ba\\\/index.php\\\/2022\\\/03\\\/08\\\/plenkovic-mozemo-biti-ponosni-sto-smo-na-putinovom-popisu\\\/#breadcrumb\",\"itemListElement\":[{\"@type\":\"ListItem\",\"position\":1,\"name\":\"Po\u010detna stranica\",\"item\":\"https:\\\/\\\/radioljubuski.ba\\\/\"},{\"@type\":\"ListItem\",\"position\":2,\"name\":\"Plenkovi\u0107: Mo\u017eemo biti ponosni \u0161to smo na Putinovom popisu\"}]},{\"@type\":\"WebSite\",\"@id\":\"https:\\\/\\\/radioljubuski.ba\\\/#website\",\"url\":\"https:\\\/\\\/radioljubuski.ba\\\/\",\"name\":\"Radio Ljubu\u0161ki\",\"description\":\"Sun\u010dana frekvencija Hercegovine\",\"publisher\":{\"@id\":\"https:\\\/\\\/radioljubuski.ba\\\/#organization\"},\"potentialAction\":[{\"@type\":\"SearchAction\",\"target\":{\"@type\":\"EntryPoint\",\"urlTemplate\":\"https:\\\/\\\/radioljubuski.ba\\\/?s={search_term_string}\"},\"query-input\":{\"@type\":\"PropertyValueSpecification\",\"valueRequired\":true,\"valueName\":\"search_term_string\"}}],\"inLanguage\":\"hr\"},{\"@type\":\"Organization\",\"@id\":\"https:\\\/\\\/radioljubuski.ba\\\/#organization\",\"name\":\"Radio Ljubu\u0161ki\",\"url\":\"https:\\\/\\\/radioljubuski.ba\\\/\",\"logo\":{\"@type\":\"ImageObject\",\"inLanguage\":\"hr\",\"@id\":\"https:\\\/\\\/radioljubuski.ba\\\/#\\\/schema\\\/logo\\\/image\\\/\",\"url\":\"https:\\\/\\\/radioljubuski.ba\\\/wp-content\\\/uploads\\\/2021\\\/02\\\/cropped-Radio_Ljubuski_logo1.jpg\",\"contentUrl\":\"https:\\\/\\\/radioljubuski.ba\\\/wp-content\\\/uploads\\\/2021\\\/02\\\/cropped-Radio_Ljubuski_logo1.jpg\",\"width\":512,\"height\":512,\"caption\":\"Radio Ljubu\u0161ki\"},\"image\":{\"@id\":\"https:\\\/\\\/radioljubuski.ba\\\/#\\\/schema\\\/logo\\\/image\\\/\"},\"sameAs\":[\"https:\\\/\\\/www.facebook.com\\\/Radiio-Ljubuski-1490835324566332\",\"https:\\\/\\\/x.com\\\/radioljubuski\",\"https:\\\/\\\/hr.linkedin.com\\\/company\\\/radio-ljubuski\",\"https:\\\/\\\/www.youtube.com\\\/channel\\\/UCHYaeO_n0Db3tjNGudGpXyw\"]},{\"@type\":\"Person\",\"@id\":\"https:\\\/\\\/radioljubuski.ba\\\/#\\\/schema\\\/person\\\/19fc700381a780f69665d7956c469e3b\",\"name\":\"Radio Ljubu\u0161ki\"}]}<\/script>\n<!-- \/ Yoast SEO plugin. -->","yoast_head_json":{"title":"Plenkovi\u0107: Mo\u017eemo biti ponosni \u0161to smo na Putinovom popisu - RADIO LJUBU\u0160KI","robots":{"index":"index","follow":"follow","max-snippet":"max-snippet:-1","max-image-preview":"max-image-preview:large","max-video-preview":"max-video-preview:-1"},"canonical":"https:\/\/radioljubuski.ba\/index.php\/2022\/03\/08\/plenkovic-mozemo-biti-ponosni-sto-smo-na-putinovom-popisu\/","og_locale":"hr_HR","og_type":"article","og_title":"Plenkovi\u0107: Mo\u017eemo biti ponosni \u0161to smo na Putinovom popisu - RADIO LJUBU\u0160KI","og_description":"Premijer Hrvatske Andrej Plenkovi\u0107 na konferenciji za novinare svrnuo se na \u010dinjenicu da se Hrvatska, zajedno s drugim zemljama koje su uvele sankcije Rusiji, na\u0161la na Putinovom popisu. \u201cAko ste na tom popisu, zna\u010di da ste dobru politiku vodili. Mo\u017eemo biti ponosni na to\u201d, rekao je Plenkovi\u0107. Kazao je kako \u0107e Hrvatska pru\u017eiti potporu Ukrajini [&hellip;]","og_url":"https:\/\/radioljubuski.ba\/index.php\/2022\/03\/08\/plenkovic-mozemo-biti-ponosni-sto-smo-na-putinovom-popisu\/","og_site_name":"RADIO LJUBU\u0160KI","article_publisher":"https:\/\/www.facebook.com\/Radiio-Ljubuski-1490835324566332","article_published_time":"2022-03-08T00:12:24+00:00","article_modified_time":"2022-03-08T00:12:25+00:00","og_image":[{"width":1068,"height":549,"url":"https:\/\/radioljubuski.ba\/wp-content\/uploads\/2021\/07\/plenkovic-berlinski-e1625512105984-1068x549-1.png","type":"image\/png"}],"author":"Radio Ljubu\u0161ki","twitter_card":"summary_large_image","twitter_creator":"@radioljubuski","twitter_site":"@radioljubuski","twitter_misc":{"Napisao\/la":"Radio Ljubu\u0161ki","Procijenjeno vrijeme \u010ditanja":"1 minuta"},"schema":{"@context":"https:\/\/schema.org","@graph":[{"@type":"Article","@id":"https:\/\/radioljubuski.ba\/index.php\/2022\/03\/08\/plenkovic-mozemo-biti-ponosni-sto-smo-na-putinovom-popisu\/#article","isPartOf":{"@id":"https:\/\/radioljubuski.ba\/index.php\/2022\/03\/08\/plenkovic-mozemo-biti-ponosni-sto-smo-na-putinovom-popisu\/"},"author":{"name":"Radio Ljubu\u0161ki","@id":"https:\/\/radioljubuski.ba\/#\/schema\/person\/19fc700381a780f69665d7956c469e3b"},"headline":"Plenkovi\u0107: Mo\u017eemo biti ponosni \u0161to smo na Putinovom popisu","datePublished":"2022-03-08T00:12:24+00:00","dateModified":"2022-03-08T00:12:25+00:00","mainEntityOfPage":{"@id":"https:\/\/radioljubuski.ba\/index.php\/2022\/03\/08\/plenkovic-mozemo-biti-ponosni-sto-smo-na-putinovom-popisu\/"},"wordCount":111,"publisher":{"@id":"https:\/\/radioljubuski.ba\/#organization"},"image":{"@id":"https:\/\/radioljubuski.ba\/index.php\/2022\/03\/08\/plenkovic-mozemo-biti-ponosni-sto-smo-na-putinovom-popisu\/#primaryimage"},"thumbnailUrl":"https:\/\/radioljubuski.ba\/wp-content\/uploads\/2021\/07\/plenkovic-berlinski-e1625512105984-1068x549-1.png","articleSection":["BIH i regija"],"inLanguage":"hr"},{"@type":"WebPage","@id":"https:\/\/radioljubuski.ba\/index.php\/2022\/03\/08\/plenkovic-mozemo-biti-ponosni-sto-smo-na-putinovom-popisu\/","url":"https:\/\/radioljubuski.ba\/index.php\/2022\/03\/08\/plenkovic-mozemo-biti-ponosni-sto-smo-na-putinovom-popisu\/","name":"Plenkovi\u0107: Mo\u017eemo biti ponosni \u0161to smo na Putinovom popisu - RADIO LJUBU\u0160KI","isPartOf":{"@id":"https:\/\/radioljubuski.ba\/#website"},"primaryImageOfPage":{"@id":"https:\/\/radioljubuski.ba\/index.php\/2022\/03\/08\/plenkovic-mozemo-biti-ponosni-sto-smo-na-putinovom-popisu\/#primaryimage"},"image":{"@id":"https:\/\/radioljubuski.ba\/index.php\/2022\/03\/08\/plenkovic-mozemo-biti-ponosni-sto-smo-na-putinovom-popisu\/#primaryimage"},"thumbnailUrl":"https:\/\/radioljubuski.ba\/wp-content\/uploads\/2021\/07\/plenkovic-berlinski-e1625512105984-1068x549-1.png","datePublished":"2022-03-08T00:12:24+00:00","dateModified":"2022-03-08T00:12:25+00:00","breadcrumb":{"@id":"https:\/\/radioljubuski.ba\/index.php\/2022\/03\/08\/plenkovic-mozemo-biti-ponosni-sto-smo-na-putinovom-popisu\/#breadcrumb"},"inLanguage":"hr","potentialAction":[{"@type":"ReadAction","target":["https:\/\/radioljubuski.ba\/index.php\/2022\/03\/08\/plenkovic-mozemo-biti-ponosni-sto-smo-na-putinovom-popisu\/"]}]},{"@type":"ImageObject","inLanguage":"hr","@id":"https:\/\/radioljubuski.ba\/index.php\/2022\/03\/08\/plenkovic-mozemo-biti-ponosni-sto-smo-na-putinovom-popisu\/#primaryimage","url":"https:\/\/radioljubuski.ba\/wp-content\/uploads\/2021\/07\/plenkovic-berlinski-e1625512105984-1068x549-1.png","contentUrl":"https:\/\/radioljubuski.ba\/wp-content\/uploads\/2021\/07\/plenkovic-berlinski-e1625512105984-1068x549-1.png","width":1068,"height":549},{"@type":"BreadcrumbList","@id":"https:\/\/radioljubuski.ba\/index.php\/2022\/03\/08\/plenkovic-mozemo-biti-ponosni-sto-smo-na-putinovom-popisu\/#breadcrumb","itemListElement":[{"@type":"ListItem","position":1,"name":"Po\u010detna stranica","item":"https:\/\/radioljubuski.ba\/"},{"@type":"ListItem","position":2,"name":"Plenkovi\u0107: Mo\u017eemo biti ponosni \u0161to smo na Putinovom popisu"}]},{"@type":"WebSite","@id":"https:\/\/radioljubuski.ba\/#website","url":"https:\/\/radioljubuski.ba\/","name":"Radio Ljubu\u0161ki","description":"Sun\u010dana frekvencija Hercegovine","publisher":{"@id":"https:\/\/radioljubuski.ba\/#organization"},"potentialAction":[{"@type":"SearchAction","target":{"@type":"EntryPoint","urlTemplate":"https:\/\/radioljubuski.ba\/?s={search_term_string}"},"query-input":{"@type":"PropertyValueSpecification","valueRequired":true,"valueName":"search_term_string"}}],"inLanguage":"hr"},{"@type":"Organization","@id":"https:\/\/radioljubuski.ba\/#organization","name":"Radio Ljubu\u0161ki","url":"https:\/\/radioljubuski.ba\/","logo":{"@type":"ImageObject","inLanguage":"hr","@id":"https:\/\/radioljubuski.ba\/#\/schema\/logo\/image\/","url":"https:\/\/radioljubuski.ba\/wp-content\/uploads\/2021\/02\/cropped-Radio_Ljubuski_logo1.jpg","contentUrl":"https:\/\/radioljubuski.ba\/wp-content\/uploads\/2021\/02\/cropped-Radio_Ljubuski_logo1.jpg","width":512,"height":512,"caption":"Radio Ljubu\u0161ki"},"image":{"@id":"https:\/\/radioljubuski.ba\/#\/schema\/logo\/image\/"},"sameAs":["https:\/\/www.facebook.com\/Radiio-Ljubuski-1490835324566332","https:\/\/x.com\/radioljubuski","https:\/\/hr.linkedin.com\/company\/radio-ljubuski","https:\/\/www.youtube.com\/channel\/UCHYaeO_n0Db3tjNGudGpXyw"]},{"@type":"Person","@id":"https:\/\/radioljubuski.ba\/#\/schema\/person\/19fc700381a780f69665d7956c469e3b","name":"Radio Ljubu\u0161ki"}]}},"_links":{"self":[{"href":"https:\/\/radioljubuski.ba\/index.php\/wp-json\/wp\/v2\/posts\/119154","targetHints":{"allow":["GET"]}}],"collection":[{"href":"https:\/\/radioljubuski.ba\/index.php\/wp-json\/wp\/v2\/posts"}],"about":[{"href":"https:\/\/radioljubuski.ba\/index.php\/wp-json\/wp\/v2\/types\/post"}],"author":[{"embeddable":true,"href":"https:\/\/radioljubuski.ba\/index.php\/wp-json\/wp\/v2\/users\/2"}],"replies":[{"embeddable":true,"href":"https:\/\/radioljubuski.ba\/index.php\/wp-json\/wp\/v2\/comments?post=119154"}],"version-history":[{"count":1,"href":"https:\/\/radioljubuski.ba\/index.php\/wp-json\/wp\/v2\/posts\/119154\/revisions"}],"predecessor-version":[{"id":119155,"href":"https:\/\/radioljubuski.ba\/index.php\/wp-json\/wp\/v2\/posts\/119154\/revisions\/119155"}],"wp:featuredmedia":[{"embeddable":true,"href":"https:\/\/radioljubuski.ba\/index.php\/wp-json\/wp\/v2\/media\/39551"}],"wp:attachment":[{"href":"https:\/\/radioljubuski.ba\/index.php\/wp-json\/wp\/v2\/media?parent=119154"}],"wp:term":[{"taxonomy":"category","embeddable":true,"href":"https:\/\/radioljubuski.ba\/index.php\/wp-json\/wp\/v2\/categories?post=119154"},{"taxonomy":"post_tag","embeddable":true,"href":"https:\/\/radioljubuski.ba\/index.php\/wp-json\/wp\/v2\/tags?post=119154"}],"curies":[{"name":"wp","href":"https:\/\/api.w.org\/{rel}","templated":true}]}}