{"id":119156,"date":"2022-03-08T01:14:09","date_gmt":"2022-03-08T00:14:09","guid":{"rendered":"https:\/\/radioljubuski.ba\/?p=119156"},"modified":"2022-03-08T01:14:10","modified_gmt":"2022-03-08T00:14:10","slug":"ukrajinska-vojska-jos-jedan-poraz-okupatorske-vojske-ubili-smo-vaznog-ruskog-generala","status":"publish","type":"post","link":"https:\/\/radioljubuski.ba\/index.php\/2022\/03\/08\/ukrajinska-vojska-jos-jedan-poraz-okupatorske-vojske-ubili-smo-vaznog-ruskog-generala\/","title":{"rendered":"Ukrajinska vojska: \u201cJo\u0161 jedan poraz okupatorske vojske; Ubili smo va\u017enog ruskog generala"},"content":{"rendered":"\n<p><strong>Glavna obavje\u0161tajna uprava Ministarstva obrane Ukrajine objavila je da je u Harkivu ubijen general bojnik ruske vojske.<\/strong><\/p>\n\n\n\n<p>\u201cJo\u0161 jedan poraz me\u0111u vrhunskom ekipom vojske zemlje okupatora. Tijekom bitaka kod Harkiva eliminiran je Vitalij Gerasimov \u2013 ruski vojni zapovjednik, general bojnik, na\u010delnik sto\u017eera i prvi zamjenik zapovjednika 41. armije Sredi\u0161njeg vojnog okruga Rusije. Ubijeno je i ranjeno nekoliko vi\u0161ih \u010dasnika ruske vojske.<\/p>\n\n\n\n<iframe loading=\"lazy\" src=\"https:\/\/www.facebook.com\/plugins\/post.php?href=https%3A%2F%2Fwww.facebook.com%2FDefenceIntelligenceofUkraine%2Fposts%2F266018705709557&#038;show_text=true&#038;width=500\" width=\"500\" height=\"756\" style=\"border:none;overflow:hidden\" scrolling=\"no\" frameborder=\"0\" allowfullscreen=\"true\" allow=\"autoplay; clipboard-write; encrypted-media; picture-in-picture; web-share\"><\/iframe>\n\n\n\n<p>Vitalij Gerasimov sudjelovao je u Drugom \u010de\u010denskom ratu i ruskoj vojnoj operaciji u Siriji. Dobio je medalju \u201cza povratak Krima\u201d\u201d, objavili su.<\/p>\n\n\n\n<p>\/HMS\/<\/p>\n","protected":false},"excerpt":{"rendered":"<p>Glavna obavje\u0161tajna uprava Ministarstva obrane Ukrajine objavila je da je u Harkivu ubijen general bojnik ruske vojske. \u201cJo\u0161 jedan poraz me\u0111u vrhunskom ekipom vojske zemlje okupatora. Tijekom bitaka kod Harkiva eliminiran je Vitalij Gerasimov \u2013 ruski vojni zapovjednik, general bojnik, na\u010delnik sto\u017eera i prvi zamjenik zapovjednika 41. armije Sredi\u0161njeg vojnog okruga Rusije. Ubijeno je i [&hellip;]<\/p>\n","protected":false},"author":2,"featured_media":119157,"comment_status":"closed","ping_status":"closed","sticky":false,"template":"","format":"standard","meta":{"h5ap_radio_sources":[],"footnotes":""},"categories":[1],"tags":[],"class_list":["post-119156","post","type-post","status-publish","format-standard","has-post-thumbnail","hentry","category-bihiregija"],"yoast_head":"<!-- This site is optimized with the Yoast SEO plugin v27.5 - https:\/\/yoast.com\/product\/yoast-seo-wordpress\/ -->\n<title>Ukrajinska vojska: \u201cJo\u0161 jedan poraz okupatorske vojske; Ubili smo va\u017enog ruskog generala - RADIO LJUBU\u0160KI<\/title>\n<meta name=\"robots\" content=\"index, follow, max-snippet:-1, max-image-preview:large, max-video-preview:-1\" \/>\n<link rel=\"canonical\" href=\"https:\/\/radioljubuski.ba\/index.php\/2022\/03\/08\/ukrajinska-vojska-jos-jedan-poraz-okupatorske-vojske-ubili-smo-vaznog-ruskog-generala\/\" \/>\n<meta property=\"og:locale\" content=\"hr_HR\" \/>\n<meta property=\"og:type\" content=\"article\" \/>\n<meta property=\"og:title\" content=\"Ukrajinska vojska: \u201cJo\u0161 jedan poraz okupatorske vojske; Ubili smo va\u017enog ruskog generala - RADIO LJUBU\u0160KI\" \/>\n<meta property=\"og:description\" content=\"Glavna obavje\u0161tajna uprava Ministarstva obrane Ukrajine objavila je da je u Harkivu ubijen general bojnik ruske vojske. \u201cJo\u0161 jedan poraz me\u0111u vrhunskom ekipom vojske zemlje okupatora. Tijekom bitaka kod Harkiva eliminiran je Vitalij Gerasimov \u2013 ruski vojni zapovjednik, general bojnik, na\u010delnik sto\u017eera i prvi zamjenik zapovjednika 41. armije Sredi\u0161njeg vojnog okruga Rusije. Ubijeno je i [&hellip;]\" \/>\n<meta property=\"og:url\" content=\"https:\/\/radioljubuski.ba\/index.php\/2022\/03\/08\/ukrajinska-vojska-jos-jedan-poraz-okupatorske-vojske-ubili-smo-vaznog-ruskog-generala\/\" \/>\n<meta property=\"og:site_name\" content=\"RADIO LJUBU\u0160KI\" \/>\n<meta property=\"article:publisher\" content=\"https:\/\/www.facebook.com\/Radiio-Ljubuski-1490835324566332\" \/>\n<meta property=\"article:published_time\" content=\"2022-03-08T00:14:09+00:00\" \/>\n<meta property=\"article:modified_time\" content=\"2022-03-08T00:14:10+00:00\" \/>\n<meta property=\"og:image\" content=\"https:\/\/radioljubuski.ba\/wp-content\/uploads\/2022\/03\/ruski-general.jpg\" \/>\n\t<meta property=\"og:image:width\" content=\"765\" \/>\n\t<meta property=\"og:image:height\" content=\"439\" \/>\n\t<meta property=\"og:image:type\" content=\"image\/jpeg\" \/>\n<meta name=\"author\" content=\"Radio Ljubu\u0161ki\" \/>\n<meta name=\"twitter:card\" content=\"summary_large_image\" \/>\n<meta name=\"twitter:creator\" content=\"@radioljubuski\" \/>\n<meta name=\"twitter:site\" content=\"@radioljubuski\" \/>\n<meta name=\"twitter:label1\" content=\"Napisao\/la\" \/>\n\t<meta name=\"twitter:data1\" content=\"Radio Ljubu\u0161ki\" \/>\n\t<meta name=\"twitter:label2\" content=\"Procijenjeno vrijeme \u010ditanja\" \/>\n\t<meta name=\"twitter:data2\" content=\"1 minuta\" \/>\n<script type=\"application\/ld+json\" class=\"yoast-schema-graph\">{\"@context\":\"https:\\\/\\\/schema.org\",\"@graph\":[{\"@type\":\"Article\",\"@id\":\"https:\\\/\\\/radioljubuski.ba\\\/index.php\\\/2022\\\/03\\\/08\\\/ukrajinska-vojska-jos-jedan-poraz-okupatorske-vojske-ubili-smo-vaznog-ruskog-generala\\\/#article\",\"isPartOf\":{\"@id\":\"https:\\\/\\\/radioljubuski.ba\\\/index.php\\\/2022\\\/03\\\/08\\\/ukrajinska-vojska-jos-jedan-poraz-okupatorske-vojske-ubili-smo-vaznog-ruskog-generala\\\/\"},\"author\":{\"name\":\"Radio Ljubu\u0161ki\",\"@id\":\"https:\\\/\\\/radioljubuski.ba\\\/#\\\/schema\\\/person\\\/19fc700381a780f69665d7956c469e3b\"},\"headline\":\"Ukrajinska vojska: \u201cJo\u0161 jedan poraz okupatorske vojske; Ubili smo va\u017enog ruskog generala\",\"datePublished\":\"2022-03-08T00:14:09+00:00\",\"dateModified\":\"2022-03-08T00:14:10+00:00\",\"mainEntityOfPage\":{\"@id\":\"https:\\\/\\\/radioljubuski.ba\\\/index.php\\\/2022\\\/03\\\/08\\\/ukrajinska-vojska-jos-jedan-poraz-okupatorske-vojske-ubili-smo-vaznog-ruskog-generala\\\/\"},\"wordCount\":102,\"publisher\":{\"@id\":\"https:\\\/\\\/radioljubuski.ba\\\/#organization\"},\"image\":{\"@id\":\"https:\\\/\\\/radioljubuski.ba\\\/index.php\\\/2022\\\/03\\\/08\\\/ukrajinska-vojska-jos-jedan-poraz-okupatorske-vojske-ubili-smo-vaznog-ruskog-generala\\\/#primaryimage\"},\"thumbnailUrl\":\"https:\\\/\\\/radioljubuski.ba\\\/wp-content\\\/uploads\\\/2022\\\/03\\\/ruski-general.jpg\",\"articleSection\":[\"BIH i regija\"],\"inLanguage\":\"hr\"},{\"@type\":\"WebPage\",\"@id\":\"https:\\\/\\\/radioljubuski.ba\\\/index.php\\\/2022\\\/03\\\/08\\\/ukrajinska-vojska-jos-jedan-poraz-okupatorske-vojske-ubili-smo-vaznog-ruskog-generala\\\/\",\"url\":\"https:\\\/\\\/radioljubuski.ba\\\/index.php\\\/2022\\\/03\\\/08\\\/ukrajinska-vojska-jos-jedan-poraz-okupatorske-vojske-ubili-smo-vaznog-ruskog-generala\\\/\",\"name\":\"Ukrajinska vojska: \u201cJo\u0161 jedan poraz okupatorske vojske; Ubili smo va\u017enog ruskog generala - RADIO LJUBU\u0160KI\",\"isPartOf\":{\"@id\":\"https:\\\/\\\/radioljubuski.ba\\\/#website\"},\"primaryImageOfPage\":{\"@id\":\"https:\\\/\\\/radioljubuski.ba\\\/index.php\\\/2022\\\/03\\\/08\\\/ukrajinska-vojska-jos-jedan-poraz-okupatorske-vojske-ubili-smo-vaznog-ruskog-generala\\\/#primaryimage\"},\"image\":{\"@id\":\"https:\\\/\\\/radioljubuski.ba\\\/index.php\\\/2022\\\/03\\\/08\\\/ukrajinska-vojska-jos-jedan-poraz-okupatorske-vojske-ubili-smo-vaznog-ruskog-generala\\\/#primaryimage\"},\"thumbnailUrl\":\"https:\\\/\\\/radioljubuski.ba\\\/wp-content\\\/uploads\\\/2022\\\/03\\\/ruski-general.jpg\",\"datePublished\":\"2022-03-08T00:14:09+00:00\",\"dateModified\":\"2022-03-08T00:14:10+00:00\",\"breadcrumb\":{\"@id\":\"https:\\\/\\\/radioljubuski.ba\\\/index.php\\\/2022\\\/03\\\/08\\\/ukrajinska-vojska-jos-jedan-poraz-okupatorske-vojske-ubili-smo-vaznog-ruskog-generala\\\/#breadcrumb\"},\"inLanguage\":\"hr\",\"potentialAction\":[{\"@type\":\"ReadAction\",\"target\":[\"https:\\\/\\\/radioljubuski.ba\\\/index.php\\\/2022\\\/03\\\/08\\\/ukrajinska-vojska-jos-jedan-poraz-okupatorske-vojske-ubili-smo-vaznog-ruskog-generala\\\/\"]}]},{\"@type\":\"ImageObject\",\"inLanguage\":\"hr\",\"@id\":\"https:\\\/\\\/radioljubuski.ba\\\/index.php\\\/2022\\\/03\\\/08\\\/ukrajinska-vojska-jos-jedan-poraz-okupatorske-vojske-ubili-smo-vaznog-ruskog-generala\\\/#primaryimage\",\"url\":\"https:\\\/\\\/radioljubuski.ba\\\/wp-content\\\/uploads\\\/2022\\\/03\\\/ruski-general.jpg\",\"contentUrl\":\"https:\\\/\\\/radioljubuski.ba\\\/wp-content\\\/uploads\\\/2022\\\/03\\\/ruski-general.jpg\",\"width\":765,\"height\":439},{\"@type\":\"BreadcrumbList\",\"@id\":\"https:\\\/\\\/radioljubuski.ba\\\/index.php\\\/2022\\\/03\\\/08\\\/ukrajinska-vojska-jos-jedan-poraz-okupatorske-vojske-ubili-smo-vaznog-ruskog-generala\\\/#breadcrumb\",\"itemListElement\":[{\"@type\":\"ListItem\",\"position\":1,\"name\":\"Po\u010detna stranica\",\"item\":\"https:\\\/\\\/radioljubuski.ba\\\/\"},{\"@type\":\"ListItem\",\"position\":2,\"name\":\"Ukrajinska vojska: \u201cJo\u0161 jedan poraz okupatorske vojske; Ubili smo va\u017enog ruskog generala\"}]},{\"@type\":\"WebSite\",\"@id\":\"https:\\\/\\\/radioljubuski.ba\\\/#website\",\"url\":\"https:\\\/\\\/radioljubuski.ba\\\/\",\"name\":\"Radio Ljubu\u0161ki\",\"description\":\"Sun\u010dana frekvencija Hercegovine\",\"publisher\":{\"@id\":\"https:\\\/\\\/radioljubuski.ba\\\/#organization\"},\"potentialAction\":[{\"@type\":\"SearchAction\",\"target\":{\"@type\":\"EntryPoint\",\"urlTemplate\":\"https:\\\/\\\/radioljubuski.ba\\\/?s={search_term_string}\"},\"query-input\":{\"@type\":\"PropertyValueSpecification\",\"valueRequired\":true,\"valueName\":\"search_term_string\"}}],\"inLanguage\":\"hr\"},{\"@type\":\"Organization\",\"@id\":\"https:\\\/\\\/radioljubuski.ba\\\/#organization\",\"name\":\"Radio Ljubu\u0161ki\",\"url\":\"https:\\\/\\\/radioljubuski.ba\\\/\",\"logo\":{\"@type\":\"ImageObject\",\"inLanguage\":\"hr\",\"@id\":\"https:\\\/\\\/radioljubuski.ba\\\/#\\\/schema\\\/logo\\\/image\\\/\",\"url\":\"https:\\\/\\\/radioljubuski.ba\\\/wp-content\\\/uploads\\\/2021\\\/02\\\/cropped-Radio_Ljubuski_logo1.jpg\",\"contentUrl\":\"https:\\\/\\\/radioljubuski.ba\\\/wp-content\\\/uploads\\\/2021\\\/02\\\/cropped-Radio_Ljubuski_logo1.jpg\",\"width\":512,\"height\":512,\"caption\":\"Radio Ljubu\u0161ki\"},\"image\":{\"@id\":\"https:\\\/\\\/radioljubuski.ba\\\/#\\\/schema\\\/logo\\\/image\\\/\"},\"sameAs\":[\"https:\\\/\\\/www.facebook.com\\\/Radiio-Ljubuski-1490835324566332\",\"https:\\\/\\\/x.com\\\/radioljubuski\",\"https:\\\/\\\/hr.linkedin.com\\\/company\\\/radio-ljubuski\",\"https:\\\/\\\/www.youtube.com\\\/channel\\\/UCHYaeO_n0Db3tjNGudGpXyw\"]},{\"@type\":\"Person\",\"@id\":\"https:\\\/\\\/radioljubuski.ba\\\/#\\\/schema\\\/person\\\/19fc700381a780f69665d7956c469e3b\",\"name\":\"Radio Ljubu\u0161ki\"}]}<\/script>\n<!-- \/ Yoast SEO plugin. -->","yoast_head_json":{"title":"Ukrajinska vojska: \u201cJo\u0161 jedan poraz okupatorske vojske; Ubili smo va\u017enog ruskog generala - RADIO LJUBU\u0160KI","robots":{"index":"index","follow":"follow","max-snippet":"max-snippet:-1","max-image-preview":"max-image-preview:large","max-video-preview":"max-video-preview:-1"},"canonical":"https:\/\/radioljubuski.ba\/index.php\/2022\/03\/08\/ukrajinska-vojska-jos-jedan-poraz-okupatorske-vojske-ubili-smo-vaznog-ruskog-generala\/","og_locale":"hr_HR","og_type":"article","og_title":"Ukrajinska vojska: \u201cJo\u0161 jedan poraz okupatorske vojske; Ubili smo va\u017enog ruskog generala - RADIO LJUBU\u0160KI","og_description":"Glavna obavje\u0161tajna uprava Ministarstva obrane Ukrajine objavila je da je u Harkivu ubijen general bojnik ruske vojske. \u201cJo\u0161 jedan poraz me\u0111u vrhunskom ekipom vojske zemlje okupatora. Tijekom bitaka kod Harkiva eliminiran je Vitalij Gerasimov \u2013 ruski vojni zapovjednik, general bojnik, na\u010delnik sto\u017eera i prvi zamjenik zapovjednika 41. armije Sredi\u0161njeg vojnog okruga Rusije. Ubijeno je i [&hellip;]","og_url":"https:\/\/radioljubuski.ba\/index.php\/2022\/03\/08\/ukrajinska-vojska-jos-jedan-poraz-okupatorske-vojske-ubili-smo-vaznog-ruskog-generala\/","og_site_name":"RADIO LJUBU\u0160KI","article_publisher":"https:\/\/www.facebook.com\/Radiio-Ljubuski-1490835324566332","article_published_time":"2022-03-08T00:14:09+00:00","article_modified_time":"2022-03-08T00:14:10+00:00","og_image":[{"width":765,"height":439,"url":"https:\/\/radioljubuski.ba\/wp-content\/uploads\/2022\/03\/ruski-general.jpg","type":"image\/jpeg"}],"author":"Radio Ljubu\u0161ki","twitter_card":"summary_large_image","twitter_creator":"@radioljubuski","twitter_site":"@radioljubuski","twitter_misc":{"Napisao\/la":"Radio Ljubu\u0161ki","Procijenjeno vrijeme \u010ditanja":"1 minuta"},"schema":{"@context":"https:\/\/schema.org","@graph":[{"@type":"Article","@id":"https:\/\/radioljubuski.ba\/index.php\/2022\/03\/08\/ukrajinska-vojska-jos-jedan-poraz-okupatorske-vojske-ubili-smo-vaznog-ruskog-generala\/#article","isPartOf":{"@id":"https:\/\/radioljubuski.ba\/index.php\/2022\/03\/08\/ukrajinska-vojska-jos-jedan-poraz-okupatorske-vojske-ubili-smo-vaznog-ruskog-generala\/"},"author":{"name":"Radio Ljubu\u0161ki","@id":"https:\/\/radioljubuski.ba\/#\/schema\/person\/19fc700381a780f69665d7956c469e3b"},"headline":"Ukrajinska vojska: \u201cJo\u0161 jedan poraz okupatorske vojske; Ubili smo va\u017enog ruskog generala","datePublished":"2022-03-08T00:14:09+00:00","dateModified":"2022-03-08T00:14:10+00:00","mainEntityOfPage":{"@id":"https:\/\/radioljubuski.ba\/index.php\/2022\/03\/08\/ukrajinska-vojska-jos-jedan-poraz-okupatorske-vojske-ubili-smo-vaznog-ruskog-generala\/"},"wordCount":102,"publisher":{"@id":"https:\/\/radioljubuski.ba\/#organization"},"image":{"@id":"https:\/\/radioljubuski.ba\/index.php\/2022\/03\/08\/ukrajinska-vojska-jos-jedan-poraz-okupatorske-vojske-ubili-smo-vaznog-ruskog-generala\/#primaryimage"},"thumbnailUrl":"https:\/\/radioljubuski.ba\/wp-content\/uploads\/2022\/03\/ruski-general.jpg","articleSection":["BIH i regija"],"inLanguage":"hr"},{"@type":"WebPage","@id":"https:\/\/radioljubuski.ba\/index.php\/2022\/03\/08\/ukrajinska-vojska-jos-jedan-poraz-okupatorske-vojske-ubili-smo-vaznog-ruskog-generala\/","url":"https:\/\/radioljubuski.ba\/index.php\/2022\/03\/08\/ukrajinska-vojska-jos-jedan-poraz-okupatorske-vojske-ubili-smo-vaznog-ruskog-generala\/","name":"Ukrajinska vojska: \u201cJo\u0161 jedan poraz okupatorske vojske; Ubili smo va\u017enog ruskog generala - RADIO LJUBU\u0160KI","isPartOf":{"@id":"https:\/\/radioljubuski.ba\/#website"},"primaryImageOfPage":{"@id":"https:\/\/radioljubuski.ba\/index.php\/2022\/03\/08\/ukrajinska-vojska-jos-jedan-poraz-okupatorske-vojske-ubili-smo-vaznog-ruskog-generala\/#primaryimage"},"image":{"@id":"https:\/\/radioljubuski.ba\/index.php\/2022\/03\/08\/ukrajinska-vojska-jos-jedan-poraz-okupatorske-vojske-ubili-smo-vaznog-ruskog-generala\/#primaryimage"},"thumbnailUrl":"https:\/\/radioljubuski.ba\/wp-content\/uploads\/2022\/03\/ruski-general.jpg","datePublished":"2022-03-08T00:14:09+00:00","dateModified":"2022-03-08T00:14:10+00:00","breadcrumb":{"@id":"https:\/\/radioljubuski.ba\/index.php\/2022\/03\/08\/ukrajinska-vojska-jos-jedan-poraz-okupatorske-vojske-ubili-smo-vaznog-ruskog-generala\/#breadcrumb"},"inLanguage":"hr","potentialAction":[{"@type":"ReadAction","target":["https:\/\/radioljubuski.ba\/index.php\/2022\/03\/08\/ukrajinska-vojska-jos-jedan-poraz-okupatorske-vojske-ubili-smo-vaznog-ruskog-generala\/"]}]},{"@type":"ImageObject","inLanguage":"hr","@id":"https:\/\/radioljubuski.ba\/index.php\/2022\/03\/08\/ukrajinska-vojska-jos-jedan-poraz-okupatorske-vojske-ubili-smo-vaznog-ruskog-generala\/#primaryimage","url":"https:\/\/radioljubuski.ba\/wp-content\/uploads\/2022\/03\/ruski-general.jpg","contentUrl":"https:\/\/radioljubuski.ba\/wp-content\/uploads\/2022\/03\/ruski-general.jpg","width":765,"height":439},{"@type":"BreadcrumbList","@id":"https:\/\/radioljubuski.ba\/index.php\/2022\/03\/08\/ukrajinska-vojska-jos-jedan-poraz-okupatorske-vojske-ubili-smo-vaznog-ruskog-generala\/#breadcrumb","itemListElement":[{"@type":"ListItem","position":1,"name":"Po\u010detna stranica","item":"https:\/\/radioljubuski.ba\/"},{"@type":"ListItem","position":2,"name":"Ukrajinska vojska: \u201cJo\u0161 jedan poraz okupatorske vojske; Ubili smo va\u017enog ruskog generala"}]},{"@type":"WebSite","@id":"https:\/\/radioljubuski.ba\/#website","url":"https:\/\/radioljubuski.ba\/","name":"Radio Ljubu\u0161ki","description":"Sun\u010dana frekvencija Hercegovine","publisher":{"@id":"https:\/\/radioljubuski.ba\/#organization"},"potentialAction":[{"@type":"SearchAction","target":{"@type":"EntryPoint","urlTemplate":"https:\/\/radioljubuski.ba\/?s={search_term_string}"},"query-input":{"@type":"PropertyValueSpecification","valueRequired":true,"valueName":"search_term_string"}}],"inLanguage":"hr"},{"@type":"Organization","@id":"https:\/\/radioljubuski.ba\/#organization","name":"Radio Ljubu\u0161ki","url":"https:\/\/radioljubuski.ba\/","logo":{"@type":"ImageObject","inLanguage":"hr","@id":"https:\/\/radioljubuski.ba\/#\/schema\/logo\/image\/","url":"https:\/\/radioljubuski.ba\/wp-content\/uploads\/2021\/02\/cropped-Radio_Ljubuski_logo1.jpg","contentUrl":"https:\/\/radioljubuski.ba\/wp-content\/uploads\/2021\/02\/cropped-Radio_Ljubuski_logo1.jpg","width":512,"height":512,"caption":"Radio Ljubu\u0161ki"},"image":{"@id":"https:\/\/radioljubuski.ba\/#\/schema\/logo\/image\/"},"sameAs":["https:\/\/www.facebook.com\/Radiio-Ljubuski-1490835324566332","https:\/\/x.com\/radioljubuski","https:\/\/hr.linkedin.com\/company\/radio-ljubuski","https:\/\/www.youtube.com\/channel\/UCHYaeO_n0Db3tjNGudGpXyw"]},{"@type":"Person","@id":"https:\/\/radioljubuski.ba\/#\/schema\/person\/19fc700381a780f69665d7956c469e3b","name":"Radio Ljubu\u0161ki"}]}},"_links":{"self":[{"href":"https:\/\/radioljubuski.ba\/index.php\/wp-json\/wp\/v2\/posts\/119156","targetHints":{"allow":["GET"]}}],"collection":[{"href":"https:\/\/radioljubuski.ba\/index.php\/wp-json\/wp\/v2\/posts"}],"about":[{"href":"https:\/\/radioljubuski.ba\/index.php\/wp-json\/wp\/v2\/types\/post"}],"author":[{"embeddable":true,"href":"https:\/\/radioljubuski.ba\/index.php\/wp-json\/wp\/v2\/users\/2"}],"replies":[{"embeddable":true,"href":"https:\/\/radioljubuski.ba\/index.php\/wp-json\/wp\/v2\/comments?post=119156"}],"version-history":[{"count":1,"href":"https:\/\/radioljubuski.ba\/index.php\/wp-json\/wp\/v2\/posts\/119156\/revisions"}],"predecessor-version":[{"id":119159,"href":"https:\/\/radioljubuski.ba\/index.php\/wp-json\/wp\/v2\/posts\/119156\/revisions\/119159"}],"wp:featuredmedia":[{"embeddable":true,"href":"https:\/\/radioljubuski.ba\/index.php\/wp-json\/wp\/v2\/media\/119157"}],"wp:attachment":[{"href":"https:\/\/radioljubuski.ba\/index.php\/wp-json\/wp\/v2\/media?parent=119156"}],"wp:term":[{"taxonomy":"category","embeddable":true,"href":"https:\/\/radioljubuski.ba\/index.php\/wp-json\/wp\/v2\/categories?post=119156"},{"taxonomy":"post_tag","embeddable":true,"href":"https:\/\/radioljubuski.ba\/index.php\/wp-json\/wp\/v2\/tags?post=119156"}],"curies":[{"name":"wp","href":"https:\/\/api.w.org\/{rel}","templated":true}]}}