{"id":119169,"date":"2022-03-08T01:19:36","date_gmt":"2022-03-08T00:19:36","guid":{"rendered":"https:\/\/radioljubuski.ba\/?p=119169"},"modified":"2022-03-08T01:19:38","modified_gmt":"2022-03-08T00:19:38","slug":"ukrajinske-vojnikinje-poslale-poruku-rusima-slava-ukrajini-smrt-neprijateljima","status":"publish","type":"post","link":"https:\/\/radioljubuski.ba\/index.php\/2022\/03\/08\/ukrajinske-vojnikinje-poslale-poruku-rusima-slava-ukrajini-smrt-neprijateljima\/","title":{"rendered":"Ukrajinske vojnikinje poslale poruku Rusima: Slava Ukrajini, smrt neprijateljima!"},"content":{"rendered":"\n<p><strong>Pripadnice ukrajinske vojske su dan prije Me\u0111unarodnog dana \u017eena, 8 marta, poslale sna\u017enu i nezaboravnu poruku ruskoj vojsci, obe\u0107av\u0161i da \u0107e braniti svaki pedalj svoje zemlje.<\/strong><\/p>\n\n\n\n<p>U videu u kojem se vidi sedam \u017eena pripadnica ukrajinske pje\u0161adije, jedna od njih izgovara sljede\u0107e rije\u010di:<\/p>\n\n\n\n<p>\u201cMi smi \u017eene Ukrajine. Blagoslovile smo svoje mu\u0161karce da \u0161tite na\u0161u zemlju. Ve\u0107 smo odvele djecu na sigurno i genetski fond na\u0161e nacije je osiguran. Pridru\u017eile smo se mu\u0161karcima i ukrajinskoj vojsci. Uni\u0161tit \u0107emo neprijatelja na svakom pedlju ukrajinske zemlje, u svakom na\u0161em gradu, selu, \u0161umi ili polju. Za svako dijete, \u017eenu, starca, uni\u0161tenu ku\u0107u, ulicu ili \u0161talu \u2013 strijeljat \u0107emo vas kao bijesne pse. Slava Ukrajini, smrt neprijateljima!\u201d<\/p>\n\n\n\n<blockquote class=\"twitter-tweet\"><p lang=\"en\" dir=\"ltr\">Ukrainian women are also taking up arms to defend their homeland \ud83d\udcaa<br><br>Video: Kyiv News <a href=\"https:\/\/t.co\/ph7K1U2xLk\">pic.twitter.com\/ph7K1U2xLk<\/a><\/p>&mdash; The New Voice of Ukraine (@NewVoiceUkraine) <a href=\"https:\/\/twitter.com\/NewVoiceUkraine\/status\/1500885074807508993?ref_src=twsrc%5Etfw\">March 7, 2022<\/a><\/blockquote> <script async src=\"https:\/\/platform.twitter.com\/widgets.js\" charset=\"utf-8\"><\/script>\n\n\n\n<p>Ina\u010de, Washington Post je objavio da po informacijama kojima raspola\u017eu, \u017eene \u010dine ukupno 15 posto ukrajinske vojske, dok ta cifra ide i do 17 posto prema nekim ukrajinskim izvorima.<\/p>\n\n\n\n<blockquote class=\"twitter-tweet\"><p lang=\"ru\" dir=\"ltr\">\ud83d\udc94 \u0421\u043c\u0435\u043b\u044b\u0435 \u0443\u043a\u0440\u0430\u0438\u043d\u0441\u043a\u0438\u0435 \u0434\u0435\u0432\u0443\u0448\u043a\u0438, \u043a\u043e\u0442\u043e\u0440\u044b\u0435 \u0432\u044b\u043d\u0443\u0436\u0434\u0435\u043d\u044b \u0437\u0430\u0449\u0438\u0449\u0430\u0442\u044c \u0441\u0432\u043e\u044e \u0441\u0442\u0440\u0430\u043d\u0443 \u043e\u0442 \u0440\u043e\u0441\u0441\u0438\u0439\u0441\u043a\u043e\u0439 \u0430\u0433\u0440\u0435\u0441\u0441\u0438\u0438. <a href=\"https:\/\/t.co\/RE0aQmyuFQ\">pic.twitter.com\/RE0aQmyuFQ<\/a><\/p>&mdash; Tribuna.com \u0411\u0435\u043b\u0430\u0440\u0443\u0441\u044c (@goalsby) <a href=\"https:\/\/twitter.com\/goalsby\/status\/1500888279926947845?ref_src=twsrc%5Etfw\">March 7, 2022<\/a><\/blockquote> <script async src=\"https:\/\/platform.twitter.com\/widgets.js\" charset=\"utf-8\"><\/script>\n\n\n\n<p>Ovo je izrazito visok postotak imaju\u0107i u vidu da je prema NATO-ovim podacima, zastupljenost \u017eena u vojsci vi\u0161a samo u Ma\u0111arskoj, gdje iznosi 20 posto. U SAD-u je 17 posto dok je u Francuskoj 16 posto, prenosi N1.<\/p>\n\n\n\n<p>\u017dene u ukrajinskoj vojsci odlaze u izvi\u0111a\u010dke bataljone, koji su ina\u010de jedni od najopasnijih jer prvi idu u neprijateljsku teritoriju i najdublje zalaze u nju.<\/p>\n\n\n\n<p>Olena Bilozerska je \u010dak dobila status legende u Ukrajini jer je za vrijeme rata u Donbasu 2017. godine kada je sa udaljenosti od 200 metara ubila 10 proruskih separatista koji su se pribli\u017eavali njenom polo\u017eaju nakon \u0161to su otkrili gdje se krije.<\/p>\n\n\n\n<blockquote class=\"twitter-tweet\"><p lang=\"en\" dir=\"ltr\">Olena Bilozerska \ud83c\uddfa\ud83c\udde6 <br><br>Ukraine\u2019s deadliest female sniper. 10 confirmed kills previously in Donbas. <br><br>Age 42<br><br>Her Zbroyar Z-10 rifle is christened \u201cHalia.\u201d <a href=\"https:\/\/t.co\/AhGNzrZRIm\">pic.twitter.com\/AhGNzrZRIm<\/a><\/p>&mdash; Kumar\ud83d\udd3a (@datarade) <a href=\"https:\/\/twitter.com\/datarade\/status\/1497100237713903616?ref_src=twsrc%5Etfw\">February 25, 2022<\/a><\/blockquote> <script async src=\"https:\/\/platform.twitter.com\/widgets.js\" charset=\"utf-8\"><\/script>\n\n\n\n<p>Ukrajinke u\u017eivaju posebno po\u0161tovanje me\u0111u doma\u0107om i me\u0111unarodnom publikom zbog svoje hrabrosti i po\u017ertvovanosti.<\/p>\n\n\n\n<p>\/HMS\/<\/p>\n","protected":false},"excerpt":{"rendered":"<p>Pripadnice ukrajinske vojske su dan prije Me\u0111unarodnog dana \u017eena, 8 marta, poslale sna\u017enu i nezaboravnu poruku ruskoj vojsci, obe\u0107av\u0161i da \u0107e braniti svaki pedalj svoje zemlje. U videu u kojem se vidi sedam \u017eena pripadnica ukrajinske pje\u0161adije, jedna od njih izgovara sljede\u0107e rije\u010di: \u201cMi smi \u017eene Ukrajine. Blagoslovile smo svoje mu\u0161karce da \u0161tite na\u0161u zemlju. [&hellip;]<\/p>\n","protected":false},"author":2,"featured_media":119170,"comment_status":"closed","ping_status":"closed","sticky":false,"template":"","format":"standard","meta":{"h5ap_radio_sources":[],"footnotes":""},"categories":[1],"tags":[],"class_list":["post-119169","post","type-post","status-publish","format-standard","has-post-thumbnail","hentry","category-bihiregija"],"yoast_head":"<!-- This site is optimized with the Yoast SEO plugin v27.5 - https:\/\/yoast.com\/product\/yoast-seo-wordpress\/ -->\n<title>Ukrajinske vojnikinje poslale poruku Rusima: Slava Ukrajini, smrt neprijateljima! - RADIO LJUBU\u0160KI<\/title>\n<meta name=\"robots\" content=\"index, follow, max-snippet:-1, max-image-preview:large, max-video-preview:-1\" \/>\n<link rel=\"canonical\" href=\"https:\/\/radioljubuski.ba\/index.php\/2022\/03\/08\/ukrajinske-vojnikinje-poslale-poruku-rusima-slava-ukrajini-smrt-neprijateljima\/\" \/>\n<meta property=\"og:locale\" content=\"hr_HR\" \/>\n<meta property=\"og:type\" content=\"article\" \/>\n<meta property=\"og:title\" content=\"Ukrajinske vojnikinje poslale poruku Rusima: Slava Ukrajini, smrt neprijateljima! - RADIO LJUBU\u0160KI\" \/>\n<meta property=\"og:description\" content=\"Pripadnice ukrajinske vojske su dan prije Me\u0111unarodnog dana \u017eena, 8 marta, poslale sna\u017enu i nezaboravnu poruku ruskoj vojsci, obe\u0107av\u0161i da \u0107e braniti svaki pedalj svoje zemlje. U videu u kojem se vidi sedam \u017eena pripadnica ukrajinske pje\u0161adije, jedna od njih izgovara sljede\u0107e rije\u010di: \u201cMi smi \u017eene Ukrajine. Blagoslovile smo svoje mu\u0161karce da \u0161tite na\u0161u zemlju. [&hellip;]\" \/>\n<meta property=\"og:url\" content=\"https:\/\/radioljubuski.ba\/index.php\/2022\/03\/08\/ukrajinske-vojnikinje-poslale-poruku-rusima-slava-ukrajini-smrt-neprijateljima\/\" \/>\n<meta property=\"og:site_name\" content=\"RADIO LJUBU\u0160KI\" \/>\n<meta property=\"article:publisher\" content=\"https:\/\/www.facebook.com\/Radiio-Ljubuski-1490835324566332\" \/>\n<meta property=\"article:published_time\" content=\"2022-03-08T00:19:36+00:00\" \/>\n<meta property=\"article:modified_time\" content=\"2022-03-08T00:19:38+00:00\" \/>\n<meta property=\"og:image\" content=\"https:\/\/radioljubuski.ba\/wp-content\/uploads\/2022\/03\/FNQ56n9XsAICWJN.jpg\" \/>\n\t<meta property=\"og:image:width\" content=\"360\" \/>\n\t<meta property=\"og:image:height\" content=\"360\" \/>\n\t<meta property=\"og:image:type\" content=\"image\/jpeg\" \/>\n<meta name=\"author\" content=\"Radio Ljubu\u0161ki\" \/>\n<meta name=\"twitter:card\" content=\"summary_large_image\" \/>\n<meta name=\"twitter:creator\" content=\"@radioljubuski\" \/>\n<meta name=\"twitter:site\" content=\"@radioljubuski\" \/>\n<meta name=\"twitter:label1\" content=\"Napisao\/la\" \/>\n\t<meta name=\"twitter:data1\" content=\"Radio Ljubu\u0161ki\" \/>\n\t<meta name=\"twitter:label2\" content=\"Procijenjeno vrijeme \u010ditanja\" \/>\n\t<meta name=\"twitter:data2\" content=\"2 minute\" \/>\n<script type=\"application\/ld+json\" class=\"yoast-schema-graph\">{\"@context\":\"https:\\\/\\\/schema.org\",\"@graph\":[{\"@type\":\"Article\",\"@id\":\"https:\\\/\\\/radioljubuski.ba\\\/index.php\\\/2022\\\/03\\\/08\\\/ukrajinske-vojnikinje-poslale-poruku-rusima-slava-ukrajini-smrt-neprijateljima\\\/#article\",\"isPartOf\":{\"@id\":\"https:\\\/\\\/radioljubuski.ba\\\/index.php\\\/2022\\\/03\\\/08\\\/ukrajinske-vojnikinje-poslale-poruku-rusima-slava-ukrajini-smrt-neprijateljima\\\/\"},\"author\":{\"name\":\"Radio Ljubu\u0161ki\",\"@id\":\"https:\\\/\\\/radioljubuski.ba\\\/#\\\/schema\\\/person\\\/19fc700381a780f69665d7956c469e3b\"},\"headline\":\"Ukrajinske vojnikinje poslale poruku Rusima: Slava Ukrajini, smrt neprijateljima!\",\"datePublished\":\"2022-03-08T00:19:36+00:00\",\"dateModified\":\"2022-03-08T00:19:38+00:00\",\"mainEntityOfPage\":{\"@id\":\"https:\\\/\\\/radioljubuski.ba\\\/index.php\\\/2022\\\/03\\\/08\\\/ukrajinske-vojnikinje-poslale-poruku-rusima-slava-ukrajini-smrt-neprijateljima\\\/\"},\"wordCount\":377,\"publisher\":{\"@id\":\"https:\\\/\\\/radioljubuski.ba\\\/#organization\"},\"image\":{\"@id\":\"https:\\\/\\\/radioljubuski.ba\\\/index.php\\\/2022\\\/03\\\/08\\\/ukrajinske-vojnikinje-poslale-poruku-rusima-slava-ukrajini-smrt-neprijateljima\\\/#primaryimage\"},\"thumbnailUrl\":\"https:\\\/\\\/radioljubuski.ba\\\/wp-content\\\/uploads\\\/2022\\\/03\\\/FNQ56n9XsAICWJN.jpg\",\"articleSection\":[\"BIH i regija\"],\"inLanguage\":\"hr\"},{\"@type\":\"WebPage\",\"@id\":\"https:\\\/\\\/radioljubuski.ba\\\/index.php\\\/2022\\\/03\\\/08\\\/ukrajinske-vojnikinje-poslale-poruku-rusima-slava-ukrajini-smrt-neprijateljima\\\/\",\"url\":\"https:\\\/\\\/radioljubuski.ba\\\/index.php\\\/2022\\\/03\\\/08\\\/ukrajinske-vojnikinje-poslale-poruku-rusima-slava-ukrajini-smrt-neprijateljima\\\/\",\"name\":\"Ukrajinske vojnikinje poslale poruku Rusima: Slava Ukrajini, smrt neprijateljima! - RADIO LJUBU\u0160KI\",\"isPartOf\":{\"@id\":\"https:\\\/\\\/radioljubuski.ba\\\/#website\"},\"primaryImageOfPage\":{\"@id\":\"https:\\\/\\\/radioljubuski.ba\\\/index.php\\\/2022\\\/03\\\/08\\\/ukrajinske-vojnikinje-poslale-poruku-rusima-slava-ukrajini-smrt-neprijateljima\\\/#primaryimage\"},\"image\":{\"@id\":\"https:\\\/\\\/radioljubuski.ba\\\/index.php\\\/2022\\\/03\\\/08\\\/ukrajinske-vojnikinje-poslale-poruku-rusima-slava-ukrajini-smrt-neprijateljima\\\/#primaryimage\"},\"thumbnailUrl\":\"https:\\\/\\\/radioljubuski.ba\\\/wp-content\\\/uploads\\\/2022\\\/03\\\/FNQ56n9XsAICWJN.jpg\",\"datePublished\":\"2022-03-08T00:19:36+00:00\",\"dateModified\":\"2022-03-08T00:19:38+00:00\",\"breadcrumb\":{\"@id\":\"https:\\\/\\\/radioljubuski.ba\\\/index.php\\\/2022\\\/03\\\/08\\\/ukrajinske-vojnikinje-poslale-poruku-rusima-slava-ukrajini-smrt-neprijateljima\\\/#breadcrumb\"},\"inLanguage\":\"hr\",\"potentialAction\":[{\"@type\":\"ReadAction\",\"target\":[\"https:\\\/\\\/radioljubuski.ba\\\/index.php\\\/2022\\\/03\\\/08\\\/ukrajinske-vojnikinje-poslale-poruku-rusima-slava-ukrajini-smrt-neprijateljima\\\/\"]}]},{\"@type\":\"ImageObject\",\"inLanguage\":\"hr\",\"@id\":\"https:\\\/\\\/radioljubuski.ba\\\/index.php\\\/2022\\\/03\\\/08\\\/ukrajinske-vojnikinje-poslale-poruku-rusima-slava-ukrajini-smrt-neprijateljima\\\/#primaryimage\",\"url\":\"https:\\\/\\\/radioljubuski.ba\\\/wp-content\\\/uploads\\\/2022\\\/03\\\/FNQ56n9XsAICWJN.jpg\",\"contentUrl\":\"https:\\\/\\\/radioljubuski.ba\\\/wp-content\\\/uploads\\\/2022\\\/03\\\/FNQ56n9XsAICWJN.jpg\",\"width\":360,\"height\":360},{\"@type\":\"BreadcrumbList\",\"@id\":\"https:\\\/\\\/radioljubuski.ba\\\/index.php\\\/2022\\\/03\\\/08\\\/ukrajinske-vojnikinje-poslale-poruku-rusima-slava-ukrajini-smrt-neprijateljima\\\/#breadcrumb\",\"itemListElement\":[{\"@type\":\"ListItem\",\"position\":1,\"name\":\"Po\u010detna stranica\",\"item\":\"https:\\\/\\\/radioljubuski.ba\\\/\"},{\"@type\":\"ListItem\",\"position\":2,\"name\":\"Ukrajinske vojnikinje poslale poruku Rusima: Slava Ukrajini, smrt neprijateljima!\"}]},{\"@type\":\"WebSite\",\"@id\":\"https:\\\/\\\/radioljubuski.ba\\\/#website\",\"url\":\"https:\\\/\\\/radioljubuski.ba\\\/\",\"name\":\"Radio Ljubu\u0161ki\",\"description\":\"Sun\u010dana frekvencija Hercegovine\",\"publisher\":{\"@id\":\"https:\\\/\\\/radioljubuski.ba\\\/#organization\"},\"potentialAction\":[{\"@type\":\"SearchAction\",\"target\":{\"@type\":\"EntryPoint\",\"urlTemplate\":\"https:\\\/\\\/radioljubuski.ba\\\/?s={search_term_string}\"},\"query-input\":{\"@type\":\"PropertyValueSpecification\",\"valueRequired\":true,\"valueName\":\"search_term_string\"}}],\"inLanguage\":\"hr\"},{\"@type\":\"Organization\",\"@id\":\"https:\\\/\\\/radioljubuski.ba\\\/#organization\",\"name\":\"Radio Ljubu\u0161ki\",\"url\":\"https:\\\/\\\/radioljubuski.ba\\\/\",\"logo\":{\"@type\":\"ImageObject\",\"inLanguage\":\"hr\",\"@id\":\"https:\\\/\\\/radioljubuski.ba\\\/#\\\/schema\\\/logo\\\/image\\\/\",\"url\":\"https:\\\/\\\/radioljubuski.ba\\\/wp-content\\\/uploads\\\/2021\\\/02\\\/cropped-Radio_Ljubuski_logo1.jpg\",\"contentUrl\":\"https:\\\/\\\/radioljubuski.ba\\\/wp-content\\\/uploads\\\/2021\\\/02\\\/cropped-Radio_Ljubuski_logo1.jpg\",\"width\":512,\"height\":512,\"caption\":\"Radio Ljubu\u0161ki\"},\"image\":{\"@id\":\"https:\\\/\\\/radioljubuski.ba\\\/#\\\/schema\\\/logo\\\/image\\\/\"},\"sameAs\":[\"https:\\\/\\\/www.facebook.com\\\/Radiio-Ljubuski-1490835324566332\",\"https:\\\/\\\/x.com\\\/radioljubuski\",\"https:\\\/\\\/hr.linkedin.com\\\/company\\\/radio-ljubuski\",\"https:\\\/\\\/www.youtube.com\\\/channel\\\/UCHYaeO_n0Db3tjNGudGpXyw\"]},{\"@type\":\"Person\",\"@id\":\"https:\\\/\\\/radioljubuski.ba\\\/#\\\/schema\\\/person\\\/19fc700381a780f69665d7956c469e3b\",\"name\":\"Radio Ljubu\u0161ki\"}]}<\/script>\n<!-- \/ Yoast SEO plugin. -->","yoast_head_json":{"title":"Ukrajinske vojnikinje poslale poruku Rusima: Slava Ukrajini, smrt neprijateljima! - RADIO LJUBU\u0160KI","robots":{"index":"index","follow":"follow","max-snippet":"max-snippet:-1","max-image-preview":"max-image-preview:large","max-video-preview":"max-video-preview:-1"},"canonical":"https:\/\/radioljubuski.ba\/index.php\/2022\/03\/08\/ukrajinske-vojnikinje-poslale-poruku-rusima-slava-ukrajini-smrt-neprijateljima\/","og_locale":"hr_HR","og_type":"article","og_title":"Ukrajinske vojnikinje poslale poruku Rusima: Slava Ukrajini, smrt neprijateljima! - RADIO LJUBU\u0160KI","og_description":"Pripadnice ukrajinske vojske su dan prije Me\u0111unarodnog dana \u017eena, 8 marta, poslale sna\u017enu i nezaboravnu poruku ruskoj vojsci, obe\u0107av\u0161i da \u0107e braniti svaki pedalj svoje zemlje. U videu u kojem se vidi sedam \u017eena pripadnica ukrajinske pje\u0161adije, jedna od njih izgovara sljede\u0107e rije\u010di: \u201cMi smi \u017eene Ukrajine. Blagoslovile smo svoje mu\u0161karce da \u0161tite na\u0161u zemlju. [&hellip;]","og_url":"https:\/\/radioljubuski.ba\/index.php\/2022\/03\/08\/ukrajinske-vojnikinje-poslale-poruku-rusima-slava-ukrajini-smrt-neprijateljima\/","og_site_name":"RADIO LJUBU\u0160KI","article_publisher":"https:\/\/www.facebook.com\/Radiio-Ljubuski-1490835324566332","article_published_time":"2022-03-08T00:19:36+00:00","article_modified_time":"2022-03-08T00:19:38+00:00","og_image":[{"width":360,"height":360,"url":"https:\/\/radioljubuski.ba\/wp-content\/uploads\/2022\/03\/FNQ56n9XsAICWJN.jpg","type":"image\/jpeg"}],"author":"Radio Ljubu\u0161ki","twitter_card":"summary_large_image","twitter_creator":"@radioljubuski","twitter_site":"@radioljubuski","twitter_misc":{"Napisao\/la":"Radio Ljubu\u0161ki","Procijenjeno vrijeme \u010ditanja":"2 minute"},"schema":{"@context":"https:\/\/schema.org","@graph":[{"@type":"Article","@id":"https:\/\/radioljubuski.ba\/index.php\/2022\/03\/08\/ukrajinske-vojnikinje-poslale-poruku-rusima-slava-ukrajini-smrt-neprijateljima\/#article","isPartOf":{"@id":"https:\/\/radioljubuski.ba\/index.php\/2022\/03\/08\/ukrajinske-vojnikinje-poslale-poruku-rusima-slava-ukrajini-smrt-neprijateljima\/"},"author":{"name":"Radio Ljubu\u0161ki","@id":"https:\/\/radioljubuski.ba\/#\/schema\/person\/19fc700381a780f69665d7956c469e3b"},"headline":"Ukrajinske vojnikinje poslale poruku Rusima: Slava Ukrajini, smrt neprijateljima!","datePublished":"2022-03-08T00:19:36+00:00","dateModified":"2022-03-08T00:19:38+00:00","mainEntityOfPage":{"@id":"https:\/\/radioljubuski.ba\/index.php\/2022\/03\/08\/ukrajinske-vojnikinje-poslale-poruku-rusima-slava-ukrajini-smrt-neprijateljima\/"},"wordCount":377,"publisher":{"@id":"https:\/\/radioljubuski.ba\/#organization"},"image":{"@id":"https:\/\/radioljubuski.ba\/index.php\/2022\/03\/08\/ukrajinske-vojnikinje-poslale-poruku-rusima-slava-ukrajini-smrt-neprijateljima\/#primaryimage"},"thumbnailUrl":"https:\/\/radioljubuski.ba\/wp-content\/uploads\/2022\/03\/FNQ56n9XsAICWJN.jpg","articleSection":["BIH i regija"],"inLanguage":"hr"},{"@type":"WebPage","@id":"https:\/\/radioljubuski.ba\/index.php\/2022\/03\/08\/ukrajinske-vojnikinje-poslale-poruku-rusima-slava-ukrajini-smrt-neprijateljima\/","url":"https:\/\/radioljubuski.ba\/index.php\/2022\/03\/08\/ukrajinske-vojnikinje-poslale-poruku-rusima-slava-ukrajini-smrt-neprijateljima\/","name":"Ukrajinske vojnikinje poslale poruku Rusima: Slava Ukrajini, smrt neprijateljima! - RADIO LJUBU\u0160KI","isPartOf":{"@id":"https:\/\/radioljubuski.ba\/#website"},"primaryImageOfPage":{"@id":"https:\/\/radioljubuski.ba\/index.php\/2022\/03\/08\/ukrajinske-vojnikinje-poslale-poruku-rusima-slava-ukrajini-smrt-neprijateljima\/#primaryimage"},"image":{"@id":"https:\/\/radioljubuski.ba\/index.php\/2022\/03\/08\/ukrajinske-vojnikinje-poslale-poruku-rusima-slava-ukrajini-smrt-neprijateljima\/#primaryimage"},"thumbnailUrl":"https:\/\/radioljubuski.ba\/wp-content\/uploads\/2022\/03\/FNQ56n9XsAICWJN.jpg","datePublished":"2022-03-08T00:19:36+00:00","dateModified":"2022-03-08T00:19:38+00:00","breadcrumb":{"@id":"https:\/\/radioljubuski.ba\/index.php\/2022\/03\/08\/ukrajinske-vojnikinje-poslale-poruku-rusima-slava-ukrajini-smrt-neprijateljima\/#breadcrumb"},"inLanguage":"hr","potentialAction":[{"@type":"ReadAction","target":["https:\/\/radioljubuski.ba\/index.php\/2022\/03\/08\/ukrajinske-vojnikinje-poslale-poruku-rusima-slava-ukrajini-smrt-neprijateljima\/"]}]},{"@type":"ImageObject","inLanguage":"hr","@id":"https:\/\/radioljubuski.ba\/index.php\/2022\/03\/08\/ukrajinske-vojnikinje-poslale-poruku-rusima-slava-ukrajini-smrt-neprijateljima\/#primaryimage","url":"https:\/\/radioljubuski.ba\/wp-content\/uploads\/2022\/03\/FNQ56n9XsAICWJN.jpg","contentUrl":"https:\/\/radioljubuski.ba\/wp-content\/uploads\/2022\/03\/FNQ56n9XsAICWJN.jpg","width":360,"height":360},{"@type":"BreadcrumbList","@id":"https:\/\/radioljubuski.ba\/index.php\/2022\/03\/08\/ukrajinske-vojnikinje-poslale-poruku-rusima-slava-ukrajini-smrt-neprijateljima\/#breadcrumb","itemListElement":[{"@type":"ListItem","position":1,"name":"Po\u010detna stranica","item":"https:\/\/radioljubuski.ba\/"},{"@type":"ListItem","position":2,"name":"Ukrajinske vojnikinje poslale poruku Rusima: Slava Ukrajini, smrt neprijateljima!"}]},{"@type":"WebSite","@id":"https:\/\/radioljubuski.ba\/#website","url":"https:\/\/radioljubuski.ba\/","name":"Radio Ljubu\u0161ki","description":"Sun\u010dana frekvencija Hercegovine","publisher":{"@id":"https:\/\/radioljubuski.ba\/#organization"},"potentialAction":[{"@type":"SearchAction","target":{"@type":"EntryPoint","urlTemplate":"https:\/\/radioljubuski.ba\/?s={search_term_string}"},"query-input":{"@type":"PropertyValueSpecification","valueRequired":true,"valueName":"search_term_string"}}],"inLanguage":"hr"},{"@type":"Organization","@id":"https:\/\/radioljubuski.ba\/#organization","name":"Radio Ljubu\u0161ki","url":"https:\/\/radioljubuski.ba\/","logo":{"@type":"ImageObject","inLanguage":"hr","@id":"https:\/\/radioljubuski.ba\/#\/schema\/logo\/image\/","url":"https:\/\/radioljubuski.ba\/wp-content\/uploads\/2021\/02\/cropped-Radio_Ljubuski_logo1.jpg","contentUrl":"https:\/\/radioljubuski.ba\/wp-content\/uploads\/2021\/02\/cropped-Radio_Ljubuski_logo1.jpg","width":512,"height":512,"caption":"Radio Ljubu\u0161ki"},"image":{"@id":"https:\/\/radioljubuski.ba\/#\/schema\/logo\/image\/"},"sameAs":["https:\/\/www.facebook.com\/Radiio-Ljubuski-1490835324566332","https:\/\/x.com\/radioljubuski","https:\/\/hr.linkedin.com\/company\/radio-ljubuski","https:\/\/www.youtube.com\/channel\/UCHYaeO_n0Db3tjNGudGpXyw"]},{"@type":"Person","@id":"https:\/\/radioljubuski.ba\/#\/schema\/person\/19fc700381a780f69665d7956c469e3b","name":"Radio Ljubu\u0161ki"}]}},"_links":{"self":[{"href":"https:\/\/radioljubuski.ba\/index.php\/wp-json\/wp\/v2\/posts\/119169","targetHints":{"allow":["GET"]}}],"collection":[{"href":"https:\/\/radioljubuski.ba\/index.php\/wp-json\/wp\/v2\/posts"}],"about":[{"href":"https:\/\/radioljubuski.ba\/index.php\/wp-json\/wp\/v2\/types\/post"}],"author":[{"embeddable":true,"href":"https:\/\/radioljubuski.ba\/index.php\/wp-json\/wp\/v2\/users\/2"}],"replies":[{"embeddable":true,"href":"https:\/\/radioljubuski.ba\/index.php\/wp-json\/wp\/v2\/comments?post=119169"}],"version-history":[{"count":1,"href":"https:\/\/radioljubuski.ba\/index.php\/wp-json\/wp\/v2\/posts\/119169\/revisions"}],"predecessor-version":[{"id":119171,"href":"https:\/\/radioljubuski.ba\/index.php\/wp-json\/wp\/v2\/posts\/119169\/revisions\/119171"}],"wp:featuredmedia":[{"embeddable":true,"href":"https:\/\/radioljubuski.ba\/index.php\/wp-json\/wp\/v2\/media\/119170"}],"wp:attachment":[{"href":"https:\/\/radioljubuski.ba\/index.php\/wp-json\/wp\/v2\/media?parent=119169"}],"wp:term":[{"taxonomy":"category","embeddable":true,"href":"https:\/\/radioljubuski.ba\/index.php\/wp-json\/wp\/v2\/categories?post=119169"},{"taxonomy":"post_tag","embeddable":true,"href":"https:\/\/radioljubuski.ba\/index.php\/wp-json\/wp\/v2\/tags?post=119169"}],"curies":[{"name":"wp","href":"https:\/\/api.w.org\/{rel}","templated":true}]}}