{"id":119177,"date":"2022-03-08T01:22:49","date_gmt":"2022-03-08T00:22:49","guid":{"rendered":"https:\/\/radioljubuski.ba\/?p=119177"},"modified":"2022-03-08T01:22:50","modified_gmt":"2022-03-08T00:22:50","slug":"nadbiskup-vuksic-predvodio-misno-slavlje-za-zrtve-pandemije-i-za-mir-u-ukrajini","status":"publish","type":"post","link":"https:\/\/radioljubuski.ba\/index.php\/2022\/03\/08\/nadbiskup-vuksic-predvodio-misno-slavlje-za-zrtve-pandemije-i-za-mir-u-ukrajini\/","title":{"rendered":"Nadbiskup Vuk\u0161i\u0107 predvodio Misno slavlje za \u017ertve pandemije i za mir u Ukrajini"},"content":{"rendered":"\n<p>Vrhbosanski nadbiskup mons. Tomo Vuk\u0161i\u0107, 7. o\u017eujka, u katedrali Srca Isusova u Sarajevu u zajedni\u0161tvu s nadbiskupom vrhbosanskim u miru Vinkom kard. Pulji\u0107e predslavio je euharistiju za \u017ertve &#8220;koronavirusa&#8221; i za mir u Ukrajini.<\/p>\n\n\n\n<p>U koncelebraciji je bilo desetak sve\u0107enika me\u0111u kojima i otpravnik poslova Apostolske nuncijature mons. Amaury Medina Blanco.<\/p>\n\n\n\n<p>Dvostruka nakana<\/p>\n\n\n\n<p>Uvode\u0107i u misno slavlje nadbiskup Vuk\u0161i\u0107 je kazao da je nazo\u010dne okupila dvostruka nakana. \u201eMolimo za sve \u017ertve pandemije koronavirusa i molimo za sve stradale u ratu u Ukrajini sa \u017eeljom da pandemija \u010dim prije prestane i da se mir vrati u tu ratom ugro\u017eenu zemlju i me\u0111u ljude koji tamo \u017eive\u201c, kazao je nadbiskup Tomo pozivaju\u0107i na molitvu da dragi Bog blagoslovi izlije\u010dnjem i mirom sve ljude koji su na bilo koji na\u010din ugro\u017eeni.<\/p>\n\n\n\n<p>Duhovni lanac<\/p>\n\n\n\n<p>U prigodnoj propovijedi pod naslovom Boga slavi tko mu stvore vidi, nadbiskup Vuk\u0161i\u0107 je podsjetio na duhovnu inicijativu Vije\u0107a europskih biskupskih konferencija da cijela Katoli\u010dka Crkva u Europi svakoga tijekom korizme slavi misu na nakanu za \u017ertve pandemije i za mir u Ukrajini. \u201e\u010cinit \u0107e to tako \u0161to \u0107e se u svakoj biskupiji jednoga dana kroz to vrijeme slaviti Euharistija, a bit \u0107e to isti dan za sve biskupije na podru\u010dju pojedine biskupske konferencije. U skladu s tim rasporedom svaka \u010dlanica Vije\u0107a europskih biskupskih konferencija, kojih je ukupno 39, po abecednom redu je dobila svoj datum. Tako je ovaj duhovni lanac zapo\u010deo na \u010cistu srijedu 2. o\u017eujka u Albaniji a zavr\u0161it \u0107e, ne ra\u010dunaju\u0107i korizmene nedjelje kada ove mise ne\u0107e biti slavljene, na Veliki \u010detvrtak 14. travnja slavljem svetih misa u Ma\u0111arskoj. U tom nizu plemenitih nakana nama je predlo\u017een ponedjeljak 7. o\u017eujka \u0161to smo rado prihvatili te danas svojim skromnim molitvama u Sarajevu, Mostaru i Banjoj Luci iskazujemo svoju ljudsku i duhovnu blizinu svim ljudima koji trpe&#8221;, rekao je nadbiskup Tomo te nastavio: &#8220;Molimo tako\u0111er za sve koji su o\u017ealo\u0161\u0107eni njihovim odlaskom s ovoga svijeta i \u017eelimo da nada u vje\u010dni \u017eivot i ponovni susret sa svojim dragim pokojnicima obri\u0161e sve njihove suze, popuni prazninu i izlije\u010di svaku bol. S velikom zahvalno\u0161\u0107u molimo tako\u0111er za sve savjesne lije\u010dnike i medicinsko osoblje, kao iza sve zaposlenike u zdravstvenom sustavu. Oni su svojim znanjem i predanim radom za dobro \u010dovjeka koji trpi uvijek, a posebice u te\u0161ko vrijeme pandemije, bili ne samo veliki humanitarci nego i produ\u017eena ruka i sredstvo Bo\u017eje dobrote te dokaz Bo\u017eje brige za ljude.&#8221;<\/p>\n\n\n\n<p>Nadalje je posvijestio kako \u201edobrota prema drugima, na koju je pozvan kr\u0161\u0107anski vjernik, nije obi\u010dni humanizam\u201c. \u201eKr\u0161\u0107anska dobrota nije motivirana samo istinom da postoje ljudi koji trebaju na\u0161u pomo\u0107 i solidarnost. Naime, svako \u010dovjekovo znanje koje je u slu\u017ebi brige za drugoga, i svaka njegova dobrota prema drugim Bo\u017ejim stvorenjima, jer je svaki \u010dovjek stvoren na sliku i priliku Bo\u017eju, jest slika i prilika Bo\u017ejega znanja i dobrote. To jest, kr\u0161\u0107anski je nauk da svaki \u010dovjek treba biti dobar, milosrdan i plemenit jer je njegovu Stvoritelju drugo ime Dobri, Milosrdni i Plemeniti koji je stalno na djelu. \u010covjek je u tom smislu njegova slika i prilika, stvoren biti njegov odraz, i pozvan je po svom djelovanju svakoga dana postajati sve sli\u010dniji svom Stvoritelju, liku prema kojemu je oblikovan. A kr\u0161\u0107anski vjernik jo\u0161 vi\u0161e negoli drugi\u201c, poru\u010dio je mons. Vuk\u0161i\u0107 te dodao kako kr\u0161\u0107anstvo nau\u010dava &#8220;kako je svaki \u010dovjek moj bli\u017enji&#8221;.<\/p>\n\n\n\n<p>Izvor:kta<\/p>\n","protected":false},"excerpt":{"rendered":"<p>Vrhbosanski nadbiskup mons. Tomo Vuk\u0161i\u0107, 7. o\u017eujka, u katedrali Srca Isusova u Sarajevu u zajedni\u0161tvu s nadbiskupom vrhbosanskim u miru Vinkom kard. Pulji\u0107e predslavio je euharistiju za \u017ertve &#8220;koronavirusa&#8221; i za mir u Ukrajini. U koncelebraciji je bilo desetak sve\u0107enika me\u0111u kojima i otpravnik poslova Apostolske nuncijature mons. Amaury Medina Blanco. Dvostruka nakana Uvode\u0107i u [&hellip;]<\/p>\n","protected":false},"author":2,"featured_media":119178,"comment_status":"closed","ping_status":"closed","sticky":false,"template":"","format":"standard","meta":{"h5ap_radio_sources":[],"footnotes":""},"categories":[1],"tags":[],"class_list":["post-119177","post","type-post","status-publish","format-standard","has-post-thumbnail","hentry","category-bihiregija"],"yoast_head":"<!-- This site is optimized with the Yoast SEO plugin v27.5 - https:\/\/yoast.com\/product\/yoast-seo-wordpress\/ -->\n<title>Nadbiskup Vuk\u0161i\u0107 predvodio Misno slavlje za \u017ertve pandemije i za mir u Ukrajini - RADIO LJUBU\u0160KI<\/title>\n<meta name=\"robots\" content=\"index, follow, max-snippet:-1, max-image-preview:large, max-video-preview:-1\" \/>\n<link rel=\"canonical\" href=\"https:\/\/radioljubuski.ba\/index.php\/2022\/03\/08\/nadbiskup-vuksic-predvodio-misno-slavlje-za-zrtve-pandemije-i-za-mir-u-ukrajini\/\" \/>\n<meta property=\"og:locale\" content=\"hr_HR\" \/>\n<meta property=\"og:type\" content=\"article\" \/>\n<meta property=\"og:title\" content=\"Nadbiskup Vuk\u0161i\u0107 predvodio Misno slavlje za \u017ertve pandemije i za mir u Ukrajini - RADIO LJUBU\u0160KI\" \/>\n<meta property=\"og:description\" content=\"Vrhbosanski nadbiskup mons. Tomo Vuk\u0161i\u0107, 7. o\u017eujka, u katedrali Srca Isusova u Sarajevu u zajedni\u0161tvu s nadbiskupom vrhbosanskim u miru Vinkom kard. Pulji\u0107e predslavio je euharistiju za \u017ertve &#8220;koronavirusa&#8221; i za mir u Ukrajini. U koncelebraciji je bilo desetak sve\u0107enika me\u0111u kojima i otpravnik poslova Apostolske nuncijature mons. Amaury Medina Blanco. Dvostruka nakana Uvode\u0107i u [&hellip;]\" \/>\n<meta property=\"og:url\" content=\"https:\/\/radioljubuski.ba\/index.php\/2022\/03\/08\/nadbiskup-vuksic-predvodio-misno-slavlje-za-zrtve-pandemije-i-za-mir-u-ukrajini\/\" \/>\n<meta property=\"og:site_name\" content=\"RADIO LJUBU\u0160KI\" \/>\n<meta property=\"article:publisher\" content=\"https:\/\/www.facebook.com\/Radiio-Ljubuski-1490835324566332\" \/>\n<meta property=\"article:published_time\" content=\"2022-03-08T00:22:49+00:00\" \/>\n<meta property=\"article:modified_time\" content=\"2022-03-08T00:22:50+00:00\" \/>\n<meta property=\"og:image\" content=\"https:\/\/radioljubuski.ba\/wp-content\/uploads\/2022\/03\/2-2022-03-07-21-48-08-phpThumb_cache_ktabkbih.net__srcbc20908f3cedd496797d53b8c0bab6cb_par237e4a9ca0b8b807a10bf3329368f378_dat1646682248.jpeg\" \/>\n\t<meta property=\"og:image:width\" content=\"1000\" \/>\n\t<meta property=\"og:image:height\" content=\"625\" \/>\n\t<meta property=\"og:image:type\" content=\"image\/jpeg\" \/>\n<meta name=\"author\" content=\"Radio Ljubu\u0161ki\" \/>\n<meta name=\"twitter:card\" content=\"summary_large_image\" \/>\n<meta name=\"twitter:creator\" content=\"@radioljubuski\" \/>\n<meta name=\"twitter:site\" content=\"@radioljubuski\" \/>\n<meta name=\"twitter:label1\" content=\"Napisao\/la\" \/>\n\t<meta name=\"twitter:data1\" content=\"Radio Ljubu\u0161ki\" \/>\n\t<meta name=\"twitter:label2\" content=\"Procijenjeno vrijeme \u010ditanja\" \/>\n\t<meta name=\"twitter:data2\" content=\"3 minute\" \/>\n<script type=\"application\/ld+json\" class=\"yoast-schema-graph\">{\"@context\":\"https:\\\/\\\/schema.org\",\"@graph\":[{\"@type\":\"Article\",\"@id\":\"https:\\\/\\\/radioljubuski.ba\\\/index.php\\\/2022\\\/03\\\/08\\\/nadbiskup-vuksic-predvodio-misno-slavlje-za-zrtve-pandemije-i-za-mir-u-ukrajini\\\/#article\",\"isPartOf\":{\"@id\":\"https:\\\/\\\/radioljubuski.ba\\\/index.php\\\/2022\\\/03\\\/08\\\/nadbiskup-vuksic-predvodio-misno-slavlje-za-zrtve-pandemije-i-za-mir-u-ukrajini\\\/\"},\"author\":{\"name\":\"Radio Ljubu\u0161ki\",\"@id\":\"https:\\\/\\\/radioljubuski.ba\\\/#\\\/schema\\\/person\\\/19fc700381a780f69665d7956c469e3b\"},\"headline\":\"Nadbiskup Vuk\u0161i\u0107 predvodio Misno slavlje za \u017ertve pandemije i za mir u Ukrajini\",\"datePublished\":\"2022-03-08T00:22:49+00:00\",\"dateModified\":\"2022-03-08T00:22:50+00:00\",\"mainEntityOfPage\":{\"@id\":\"https:\\\/\\\/radioljubuski.ba\\\/index.php\\\/2022\\\/03\\\/08\\\/nadbiskup-vuksic-predvodio-misno-slavlje-za-zrtve-pandemije-i-za-mir-u-ukrajini\\\/\"},\"wordCount\":617,\"publisher\":{\"@id\":\"https:\\\/\\\/radioljubuski.ba\\\/#organization\"},\"image\":{\"@id\":\"https:\\\/\\\/radioljubuski.ba\\\/index.php\\\/2022\\\/03\\\/08\\\/nadbiskup-vuksic-predvodio-misno-slavlje-za-zrtve-pandemije-i-za-mir-u-ukrajini\\\/#primaryimage\"},\"thumbnailUrl\":\"https:\\\/\\\/radioljubuski.ba\\\/wp-content\\\/uploads\\\/2022\\\/03\\\/2-2022-03-07-21-48-08-phpThumb_cache_ktabkbih.net__srcbc20908f3cedd496797d53b8c0bab6cb_par237e4a9ca0b8b807a10bf3329368f378_dat1646682248.jpeg\",\"articleSection\":[\"BIH i regija\"],\"inLanguage\":\"hr\"},{\"@type\":\"WebPage\",\"@id\":\"https:\\\/\\\/radioljubuski.ba\\\/index.php\\\/2022\\\/03\\\/08\\\/nadbiskup-vuksic-predvodio-misno-slavlje-za-zrtve-pandemije-i-za-mir-u-ukrajini\\\/\",\"url\":\"https:\\\/\\\/radioljubuski.ba\\\/index.php\\\/2022\\\/03\\\/08\\\/nadbiskup-vuksic-predvodio-misno-slavlje-za-zrtve-pandemije-i-za-mir-u-ukrajini\\\/\",\"name\":\"Nadbiskup Vuk\u0161i\u0107 predvodio Misno slavlje za \u017ertve pandemije i za mir u Ukrajini - RADIO LJUBU\u0160KI\",\"isPartOf\":{\"@id\":\"https:\\\/\\\/radioljubuski.ba\\\/#website\"},\"primaryImageOfPage\":{\"@id\":\"https:\\\/\\\/radioljubuski.ba\\\/index.php\\\/2022\\\/03\\\/08\\\/nadbiskup-vuksic-predvodio-misno-slavlje-za-zrtve-pandemije-i-za-mir-u-ukrajini\\\/#primaryimage\"},\"image\":{\"@id\":\"https:\\\/\\\/radioljubuski.ba\\\/index.php\\\/2022\\\/03\\\/08\\\/nadbiskup-vuksic-predvodio-misno-slavlje-za-zrtve-pandemije-i-za-mir-u-ukrajini\\\/#primaryimage\"},\"thumbnailUrl\":\"https:\\\/\\\/radioljubuski.ba\\\/wp-content\\\/uploads\\\/2022\\\/03\\\/2-2022-03-07-21-48-08-phpThumb_cache_ktabkbih.net__srcbc20908f3cedd496797d53b8c0bab6cb_par237e4a9ca0b8b807a10bf3329368f378_dat1646682248.jpeg\",\"datePublished\":\"2022-03-08T00:22:49+00:00\",\"dateModified\":\"2022-03-08T00:22:50+00:00\",\"breadcrumb\":{\"@id\":\"https:\\\/\\\/radioljubuski.ba\\\/index.php\\\/2022\\\/03\\\/08\\\/nadbiskup-vuksic-predvodio-misno-slavlje-za-zrtve-pandemije-i-za-mir-u-ukrajini\\\/#breadcrumb\"},\"inLanguage\":\"hr\",\"potentialAction\":[{\"@type\":\"ReadAction\",\"target\":[\"https:\\\/\\\/radioljubuski.ba\\\/index.php\\\/2022\\\/03\\\/08\\\/nadbiskup-vuksic-predvodio-misno-slavlje-za-zrtve-pandemije-i-za-mir-u-ukrajini\\\/\"]}]},{\"@type\":\"ImageObject\",\"inLanguage\":\"hr\",\"@id\":\"https:\\\/\\\/radioljubuski.ba\\\/index.php\\\/2022\\\/03\\\/08\\\/nadbiskup-vuksic-predvodio-misno-slavlje-za-zrtve-pandemije-i-za-mir-u-ukrajini\\\/#primaryimage\",\"url\":\"https:\\\/\\\/radioljubuski.ba\\\/wp-content\\\/uploads\\\/2022\\\/03\\\/2-2022-03-07-21-48-08-phpThumb_cache_ktabkbih.net__srcbc20908f3cedd496797d53b8c0bab6cb_par237e4a9ca0b8b807a10bf3329368f378_dat1646682248.jpeg\",\"contentUrl\":\"https:\\\/\\\/radioljubuski.ba\\\/wp-content\\\/uploads\\\/2022\\\/03\\\/2-2022-03-07-21-48-08-phpThumb_cache_ktabkbih.net__srcbc20908f3cedd496797d53b8c0bab6cb_par237e4a9ca0b8b807a10bf3329368f378_dat1646682248.jpeg\",\"width\":1000,\"height\":625},{\"@type\":\"BreadcrumbList\",\"@id\":\"https:\\\/\\\/radioljubuski.ba\\\/index.php\\\/2022\\\/03\\\/08\\\/nadbiskup-vuksic-predvodio-misno-slavlje-za-zrtve-pandemije-i-za-mir-u-ukrajini\\\/#breadcrumb\",\"itemListElement\":[{\"@type\":\"ListItem\",\"position\":1,\"name\":\"Po\u010detna stranica\",\"item\":\"https:\\\/\\\/radioljubuski.ba\\\/\"},{\"@type\":\"ListItem\",\"position\":2,\"name\":\"Nadbiskup Vuk\u0161i\u0107 predvodio Misno slavlje za \u017ertve pandemije i za mir u Ukrajini\"}]},{\"@type\":\"WebSite\",\"@id\":\"https:\\\/\\\/radioljubuski.ba\\\/#website\",\"url\":\"https:\\\/\\\/radioljubuski.ba\\\/\",\"name\":\"Radio Ljubu\u0161ki\",\"description\":\"Sun\u010dana frekvencija Hercegovine\",\"publisher\":{\"@id\":\"https:\\\/\\\/radioljubuski.ba\\\/#organization\"},\"potentialAction\":[{\"@type\":\"SearchAction\",\"target\":{\"@type\":\"EntryPoint\",\"urlTemplate\":\"https:\\\/\\\/radioljubuski.ba\\\/?s={search_term_string}\"},\"query-input\":{\"@type\":\"PropertyValueSpecification\",\"valueRequired\":true,\"valueName\":\"search_term_string\"}}],\"inLanguage\":\"hr\"},{\"@type\":\"Organization\",\"@id\":\"https:\\\/\\\/radioljubuski.ba\\\/#organization\",\"name\":\"Radio Ljubu\u0161ki\",\"url\":\"https:\\\/\\\/radioljubuski.ba\\\/\",\"logo\":{\"@type\":\"ImageObject\",\"inLanguage\":\"hr\",\"@id\":\"https:\\\/\\\/radioljubuski.ba\\\/#\\\/schema\\\/logo\\\/image\\\/\",\"url\":\"https:\\\/\\\/radioljubuski.ba\\\/wp-content\\\/uploads\\\/2021\\\/02\\\/cropped-Radio_Ljubuski_logo1.jpg\",\"contentUrl\":\"https:\\\/\\\/radioljubuski.ba\\\/wp-content\\\/uploads\\\/2021\\\/02\\\/cropped-Radio_Ljubuski_logo1.jpg\",\"width\":512,\"height\":512,\"caption\":\"Radio Ljubu\u0161ki\"},\"image\":{\"@id\":\"https:\\\/\\\/radioljubuski.ba\\\/#\\\/schema\\\/logo\\\/image\\\/\"},\"sameAs\":[\"https:\\\/\\\/www.facebook.com\\\/Radiio-Ljubuski-1490835324566332\",\"https:\\\/\\\/x.com\\\/radioljubuski\",\"https:\\\/\\\/hr.linkedin.com\\\/company\\\/radio-ljubuski\",\"https:\\\/\\\/www.youtube.com\\\/channel\\\/UCHYaeO_n0Db3tjNGudGpXyw\"]},{\"@type\":\"Person\",\"@id\":\"https:\\\/\\\/radioljubuski.ba\\\/#\\\/schema\\\/person\\\/19fc700381a780f69665d7956c469e3b\",\"name\":\"Radio Ljubu\u0161ki\"}]}<\/script>\n<!-- \/ Yoast SEO plugin. -->","yoast_head_json":{"title":"Nadbiskup Vuk\u0161i\u0107 predvodio Misno slavlje za \u017ertve pandemije i za mir u Ukrajini - RADIO LJUBU\u0160KI","robots":{"index":"index","follow":"follow","max-snippet":"max-snippet:-1","max-image-preview":"max-image-preview:large","max-video-preview":"max-video-preview:-1"},"canonical":"https:\/\/radioljubuski.ba\/index.php\/2022\/03\/08\/nadbiskup-vuksic-predvodio-misno-slavlje-za-zrtve-pandemije-i-za-mir-u-ukrajini\/","og_locale":"hr_HR","og_type":"article","og_title":"Nadbiskup Vuk\u0161i\u0107 predvodio Misno slavlje za \u017ertve pandemije i za mir u Ukrajini - RADIO LJUBU\u0160KI","og_description":"Vrhbosanski nadbiskup mons. Tomo Vuk\u0161i\u0107, 7. o\u017eujka, u katedrali Srca Isusova u Sarajevu u zajedni\u0161tvu s nadbiskupom vrhbosanskim u miru Vinkom kard. Pulji\u0107e predslavio je euharistiju za \u017ertve &#8220;koronavirusa&#8221; i za mir u Ukrajini. U koncelebraciji je bilo desetak sve\u0107enika me\u0111u kojima i otpravnik poslova Apostolske nuncijature mons. Amaury Medina Blanco. Dvostruka nakana Uvode\u0107i u [&hellip;]","og_url":"https:\/\/radioljubuski.ba\/index.php\/2022\/03\/08\/nadbiskup-vuksic-predvodio-misno-slavlje-za-zrtve-pandemije-i-za-mir-u-ukrajini\/","og_site_name":"RADIO LJUBU\u0160KI","article_publisher":"https:\/\/www.facebook.com\/Radiio-Ljubuski-1490835324566332","article_published_time":"2022-03-08T00:22:49+00:00","article_modified_time":"2022-03-08T00:22:50+00:00","og_image":[{"width":1000,"height":625,"url":"https:\/\/radioljubuski.ba\/wp-content\/uploads\/2022\/03\/2-2022-03-07-21-48-08-phpThumb_cache_ktabkbih.net__srcbc20908f3cedd496797d53b8c0bab6cb_par237e4a9ca0b8b807a10bf3329368f378_dat1646682248.jpeg","type":"image\/jpeg"}],"author":"Radio Ljubu\u0161ki","twitter_card":"summary_large_image","twitter_creator":"@radioljubuski","twitter_site":"@radioljubuski","twitter_misc":{"Napisao\/la":"Radio Ljubu\u0161ki","Procijenjeno vrijeme \u010ditanja":"3 minute"},"schema":{"@context":"https:\/\/schema.org","@graph":[{"@type":"Article","@id":"https:\/\/radioljubuski.ba\/index.php\/2022\/03\/08\/nadbiskup-vuksic-predvodio-misno-slavlje-za-zrtve-pandemije-i-za-mir-u-ukrajini\/#article","isPartOf":{"@id":"https:\/\/radioljubuski.ba\/index.php\/2022\/03\/08\/nadbiskup-vuksic-predvodio-misno-slavlje-za-zrtve-pandemije-i-za-mir-u-ukrajini\/"},"author":{"name":"Radio Ljubu\u0161ki","@id":"https:\/\/radioljubuski.ba\/#\/schema\/person\/19fc700381a780f69665d7956c469e3b"},"headline":"Nadbiskup Vuk\u0161i\u0107 predvodio Misno slavlje za \u017ertve pandemije i za mir u Ukrajini","datePublished":"2022-03-08T00:22:49+00:00","dateModified":"2022-03-08T00:22:50+00:00","mainEntityOfPage":{"@id":"https:\/\/radioljubuski.ba\/index.php\/2022\/03\/08\/nadbiskup-vuksic-predvodio-misno-slavlje-za-zrtve-pandemije-i-za-mir-u-ukrajini\/"},"wordCount":617,"publisher":{"@id":"https:\/\/radioljubuski.ba\/#organization"},"image":{"@id":"https:\/\/radioljubuski.ba\/index.php\/2022\/03\/08\/nadbiskup-vuksic-predvodio-misno-slavlje-za-zrtve-pandemije-i-za-mir-u-ukrajini\/#primaryimage"},"thumbnailUrl":"https:\/\/radioljubuski.ba\/wp-content\/uploads\/2022\/03\/2-2022-03-07-21-48-08-phpThumb_cache_ktabkbih.net__srcbc20908f3cedd496797d53b8c0bab6cb_par237e4a9ca0b8b807a10bf3329368f378_dat1646682248.jpeg","articleSection":["BIH i regija"],"inLanguage":"hr"},{"@type":"WebPage","@id":"https:\/\/radioljubuski.ba\/index.php\/2022\/03\/08\/nadbiskup-vuksic-predvodio-misno-slavlje-za-zrtve-pandemije-i-za-mir-u-ukrajini\/","url":"https:\/\/radioljubuski.ba\/index.php\/2022\/03\/08\/nadbiskup-vuksic-predvodio-misno-slavlje-za-zrtve-pandemije-i-za-mir-u-ukrajini\/","name":"Nadbiskup Vuk\u0161i\u0107 predvodio Misno slavlje za \u017ertve pandemije i za mir u Ukrajini - RADIO LJUBU\u0160KI","isPartOf":{"@id":"https:\/\/radioljubuski.ba\/#website"},"primaryImageOfPage":{"@id":"https:\/\/radioljubuski.ba\/index.php\/2022\/03\/08\/nadbiskup-vuksic-predvodio-misno-slavlje-za-zrtve-pandemije-i-za-mir-u-ukrajini\/#primaryimage"},"image":{"@id":"https:\/\/radioljubuski.ba\/index.php\/2022\/03\/08\/nadbiskup-vuksic-predvodio-misno-slavlje-za-zrtve-pandemije-i-za-mir-u-ukrajini\/#primaryimage"},"thumbnailUrl":"https:\/\/radioljubuski.ba\/wp-content\/uploads\/2022\/03\/2-2022-03-07-21-48-08-phpThumb_cache_ktabkbih.net__srcbc20908f3cedd496797d53b8c0bab6cb_par237e4a9ca0b8b807a10bf3329368f378_dat1646682248.jpeg","datePublished":"2022-03-08T00:22:49+00:00","dateModified":"2022-03-08T00:22:50+00:00","breadcrumb":{"@id":"https:\/\/radioljubuski.ba\/index.php\/2022\/03\/08\/nadbiskup-vuksic-predvodio-misno-slavlje-za-zrtve-pandemije-i-za-mir-u-ukrajini\/#breadcrumb"},"inLanguage":"hr","potentialAction":[{"@type":"ReadAction","target":["https:\/\/radioljubuski.ba\/index.php\/2022\/03\/08\/nadbiskup-vuksic-predvodio-misno-slavlje-za-zrtve-pandemije-i-za-mir-u-ukrajini\/"]}]},{"@type":"ImageObject","inLanguage":"hr","@id":"https:\/\/radioljubuski.ba\/index.php\/2022\/03\/08\/nadbiskup-vuksic-predvodio-misno-slavlje-za-zrtve-pandemije-i-za-mir-u-ukrajini\/#primaryimage","url":"https:\/\/radioljubuski.ba\/wp-content\/uploads\/2022\/03\/2-2022-03-07-21-48-08-phpThumb_cache_ktabkbih.net__srcbc20908f3cedd496797d53b8c0bab6cb_par237e4a9ca0b8b807a10bf3329368f378_dat1646682248.jpeg","contentUrl":"https:\/\/radioljubuski.ba\/wp-content\/uploads\/2022\/03\/2-2022-03-07-21-48-08-phpThumb_cache_ktabkbih.net__srcbc20908f3cedd496797d53b8c0bab6cb_par237e4a9ca0b8b807a10bf3329368f378_dat1646682248.jpeg","width":1000,"height":625},{"@type":"BreadcrumbList","@id":"https:\/\/radioljubuski.ba\/index.php\/2022\/03\/08\/nadbiskup-vuksic-predvodio-misno-slavlje-za-zrtve-pandemije-i-za-mir-u-ukrajini\/#breadcrumb","itemListElement":[{"@type":"ListItem","position":1,"name":"Po\u010detna stranica","item":"https:\/\/radioljubuski.ba\/"},{"@type":"ListItem","position":2,"name":"Nadbiskup Vuk\u0161i\u0107 predvodio Misno slavlje za \u017ertve pandemije i za mir u Ukrajini"}]},{"@type":"WebSite","@id":"https:\/\/radioljubuski.ba\/#website","url":"https:\/\/radioljubuski.ba\/","name":"Radio Ljubu\u0161ki","description":"Sun\u010dana frekvencija Hercegovine","publisher":{"@id":"https:\/\/radioljubuski.ba\/#organization"},"potentialAction":[{"@type":"SearchAction","target":{"@type":"EntryPoint","urlTemplate":"https:\/\/radioljubuski.ba\/?s={search_term_string}"},"query-input":{"@type":"PropertyValueSpecification","valueRequired":true,"valueName":"search_term_string"}}],"inLanguage":"hr"},{"@type":"Organization","@id":"https:\/\/radioljubuski.ba\/#organization","name":"Radio Ljubu\u0161ki","url":"https:\/\/radioljubuski.ba\/","logo":{"@type":"ImageObject","inLanguage":"hr","@id":"https:\/\/radioljubuski.ba\/#\/schema\/logo\/image\/","url":"https:\/\/radioljubuski.ba\/wp-content\/uploads\/2021\/02\/cropped-Radio_Ljubuski_logo1.jpg","contentUrl":"https:\/\/radioljubuski.ba\/wp-content\/uploads\/2021\/02\/cropped-Radio_Ljubuski_logo1.jpg","width":512,"height":512,"caption":"Radio Ljubu\u0161ki"},"image":{"@id":"https:\/\/radioljubuski.ba\/#\/schema\/logo\/image\/"},"sameAs":["https:\/\/www.facebook.com\/Radiio-Ljubuski-1490835324566332","https:\/\/x.com\/radioljubuski","https:\/\/hr.linkedin.com\/company\/radio-ljubuski","https:\/\/www.youtube.com\/channel\/UCHYaeO_n0Db3tjNGudGpXyw"]},{"@type":"Person","@id":"https:\/\/radioljubuski.ba\/#\/schema\/person\/19fc700381a780f69665d7956c469e3b","name":"Radio Ljubu\u0161ki"}]}},"_links":{"self":[{"href":"https:\/\/radioljubuski.ba\/index.php\/wp-json\/wp\/v2\/posts\/119177","targetHints":{"allow":["GET"]}}],"collection":[{"href":"https:\/\/radioljubuski.ba\/index.php\/wp-json\/wp\/v2\/posts"}],"about":[{"href":"https:\/\/radioljubuski.ba\/index.php\/wp-json\/wp\/v2\/types\/post"}],"author":[{"embeddable":true,"href":"https:\/\/radioljubuski.ba\/index.php\/wp-json\/wp\/v2\/users\/2"}],"replies":[{"embeddable":true,"href":"https:\/\/radioljubuski.ba\/index.php\/wp-json\/wp\/v2\/comments?post=119177"}],"version-history":[{"count":1,"href":"https:\/\/radioljubuski.ba\/index.php\/wp-json\/wp\/v2\/posts\/119177\/revisions"}],"predecessor-version":[{"id":119179,"href":"https:\/\/radioljubuski.ba\/index.php\/wp-json\/wp\/v2\/posts\/119177\/revisions\/119179"}],"wp:featuredmedia":[{"embeddable":true,"href":"https:\/\/radioljubuski.ba\/index.php\/wp-json\/wp\/v2\/media\/119178"}],"wp:attachment":[{"href":"https:\/\/radioljubuski.ba\/index.php\/wp-json\/wp\/v2\/media?parent=119177"}],"wp:term":[{"taxonomy":"category","embeddable":true,"href":"https:\/\/radioljubuski.ba\/index.php\/wp-json\/wp\/v2\/categories?post=119177"},{"taxonomy":"post_tag","embeddable":true,"href":"https:\/\/radioljubuski.ba\/index.php\/wp-json\/wp\/v2\/tags?post=119177"}],"curies":[{"name":"wp","href":"https:\/\/api.w.org\/{rel}","templated":true}]}}