{"id":119195,"date":"2022-03-08T01:30:39","date_gmt":"2022-03-08T00:30:39","guid":{"rendered":"https:\/\/radioljubuski.ba\/?p=119195"},"modified":"2022-03-08T01:30:41","modified_gmt":"2022-03-08T00:30:41","slug":"preminuo-don-stanko-lasic-bivsi-predsjednik-i-clan-upravnog-odbora-hkd-napredak-podruznica-dubrovnik","status":"publish","type":"post","link":"https:\/\/radioljubuski.ba\/index.php\/2022\/03\/08\/preminuo-don-stanko-lasic-bivsi-predsjednik-i-clan-upravnog-odbora-hkd-napredak-podruznica-dubrovnik\/","title":{"rendered":"Preminuo don Stanko Lasi\u0107, biv\u0161i predsjednik i \u010dlan Upravnog odbora HKD Napredak podru\u017enica Dubrovnik"},"content":{"rendered":"\n<p><strong>Umirovljeni sve\u0107enik Dubrova\u010dke biskupije, biv\u0161i predsjednik te \u010dlan Upravnog odbora HKD Napredak podru\u017enica Dubrovnik dr. don Stanko Lasi\u0107 preminuo je u nedjelju, 6. o\u017eujka u Dubrovniku.<\/strong><\/p>\n\n\n\n<p>Dr. Stanko ro\u0111en je u Jarama kod&nbsp; \u0160irokog Brijega 1942. Pu\u010dku \u0161kolu poha\u0111ao je&nbsp; u rodnom mjestu, gimnaziju na \u0160irokom Brijegu do 1957., a potom u Dubrova\u010dkom sjemeni\u0161tu do 1961. Teologiju je studirao u Zadru i Splitu.&nbsp; Za sve\u0107enika je zare\u0111en 9. lipnja 1967. u Splitu.<\/p>\n\n\n\n<p>Prvu slu\u017ebu&nbsp; zapo\u010deo je u kolovozu 1968. u Dubrovniku, kao bilje\u017enik u Biskupskom ordinarijatu i biskupov tajnik. Kroz to vrijeme brinuo je i za \u017eupu Osojnik. U o\u017eujku 1971. postao je \u017eupnik u Smokvici i na toj slu\u017ebi proveo je gotovo 20 godina. Jedno vrijeme upravljao je i \u017eupom \u010cara. Uz pastoralni rad u \u017eupama Smokvica i \u010cara studirao je moralnu teologiju na Papinskoj akademiji&nbsp;<em>Alfonsiana<\/em>&nbsp;u Rimu gdje je 1984. doktorirao. Na Kor\u010duli je ostao do listopada 1990., a potom je imenovan katedralnim \u017eupnikom. Uz slu\u017ebu na \u017eupi bio je i asistent na katedri moralne teologije u Splitskoj bogosloviji, te predava\u010d na teolo\u0161kim&nbsp; institutima u Splitu, Mostaru i Dubrovniku.<\/p>\n\n\n\n<p>Od 2004. do 2010. vr\u0161io je du\u017enost dekana Dubrova\u010dkog dekanata. Bio je pro\u010delnik Vije\u0107a za obitelj, duhovnik dubrova\u010dke podru\u017enice Hrvatskog katoli\u010dkog lije\u010dni\u010dkog dru\u0161tva, vjerou\u010ditelj u dubrova\u010dkoj gimnaziji.&nbsp;<strong>Du\u017enost predsjednika HKD Napredak podru\u017enica Dubrovnik obna\u0161ao je od 2006. do 2011. godine dok je za \u010dlana Upravnog odbora Podru\u017enice biran u vi\u0161e navrata.&nbsp;<\/strong>&nbsp;Od 2014. uz katedralnu \u017eupu upravljao je i \u017eupom Sv. Andrija-Pile. Bio je kanonik Stolnog kaptola od njegovog obnavljanja 2016.<\/p>\n\n\n\n<p>U velja\u010di 2017. postao je generalnim vikarom Dubrova\u010dke biskupije. Umirovljen je 2019., javlja&nbsp;<a href=\"https:\/\/db.hr\/preminuo-dr-don-stanko-lasic\/\">mre\u017ena stranica Dubrova\u010dke biskupije<\/a>.<\/p>\n\n\n\n<p>Zlatni jubilej sve\u0107enstva proslavio je u dubrova\u010dkoj katedrali i u rodnim Jarama 2017. Sve vrijeme svoje sve\u0107eni\u010dke slu\u017ebe rado je organizirao brojne doga\u0111aje duhovnog i kulturnog karaktera, te vodio hodo\u010dasnike u razli\u010dita sveti\u0161ta diljem svijeta.<\/p>\n\n\n\n<p>Posljednje godine svoga \u017eivota proveo je u Sve\u0107eni\u010dkom domu u Dubrovniku.<\/p>\n\n\n\n<p>Posljednji ispra\u0107aj dr. don Stanka Lasi\u0107a bit \u0107e u utorak 8. o\u017eujka u 14,00 sati na mjesnom groblju u Jarama kod \u0160irokog Brijega. Posljednjem ispra\u0107aju nazo\u010dit \u0107e i po\u010dasni predsjednik HKD Napredak prof. dr. Franjo Topi\u0107 i predsjednik Stegovnog suda HKD Napredak don Luka Brkovi\u0107.<\/p>\n\n\n\n<p><em>Pokoj vje\u010dni daruj mu, Gospodine!<\/em><\/p>\n\n\n\n<p><a href=\"https:\/\/www.nedjelja.ba\/hr\/vijesti\/hrvatska\/preminuo-don-stanko-lasic\/24413\">nedjelja.ba<\/a><\/p>\n\n\n\n<p>\/HMS\/<\/p>\n","protected":false},"excerpt":{"rendered":"<p>Umirovljeni sve\u0107enik Dubrova\u010dke biskupije, biv\u0161i predsjednik te \u010dlan Upravnog odbora HKD Napredak podru\u017enica Dubrovnik dr. don Stanko Lasi\u0107 preminuo je u nedjelju, 6. o\u017eujka u Dubrovniku. Dr. Stanko ro\u0111en je u Jarama kod&nbsp; \u0160irokog Brijega 1942. Pu\u010dku \u0161kolu poha\u0111ao je&nbsp; u rodnom mjestu, gimnaziju na \u0160irokom Brijegu do 1957., a potom u Dubrova\u010dkom sjemeni\u0161tu do [&hellip;]<\/p>\n","protected":false},"author":2,"featured_media":119196,"comment_status":"closed","ping_status":"closed","sticky":false,"template":"","format":"standard","meta":{"h5ap_radio_sources":[],"footnotes":""},"categories":[1],"tags":[],"class_list":["post-119195","post","type-post","status-publish","format-standard","has-post-thumbnail","hentry","category-bihiregija"],"yoast_head":"<!-- This site is optimized with the Yoast SEO plugin v27.5 - https:\/\/yoast.com\/product\/yoast-seo-wordpress\/ -->\n<title>Preminuo don Stanko Lasi\u0107, biv\u0161i predsjednik i \u010dlan Upravnog odbora HKD Napredak podru\u017enica Dubrovnik - RADIO LJUBU\u0160KI<\/title>\n<meta name=\"robots\" content=\"index, follow, max-snippet:-1, max-image-preview:large, max-video-preview:-1\" \/>\n<link rel=\"canonical\" href=\"https:\/\/radioljubuski.ba\/index.php\/2022\/03\/08\/preminuo-don-stanko-lasic-bivsi-predsjednik-i-clan-upravnog-odbora-hkd-napredak-podruznica-dubrovnik\/\" \/>\n<meta property=\"og:locale\" content=\"hr_HR\" \/>\n<meta property=\"og:type\" content=\"article\" \/>\n<meta property=\"og:title\" content=\"Preminuo don Stanko Lasi\u0107, biv\u0161i predsjednik i \u010dlan Upravnog odbora HKD Napredak podru\u017enica Dubrovnik - RADIO LJUBU\u0160KI\" \/>\n<meta property=\"og:description\" content=\"Umirovljeni sve\u0107enik Dubrova\u010dke biskupije, biv\u0161i predsjednik te \u010dlan Upravnog odbora HKD Napredak podru\u017enica Dubrovnik dr. don Stanko Lasi\u0107 preminuo je u nedjelju, 6. o\u017eujka u Dubrovniku. Dr. Stanko ro\u0111en je u Jarama kod&nbsp; \u0160irokog Brijega 1942. Pu\u010dku \u0161kolu poha\u0111ao je&nbsp; u rodnom mjestu, gimnaziju na \u0160irokom Brijegu do 1957., a potom u Dubrova\u010dkom sjemeni\u0161tu do [&hellip;]\" \/>\n<meta property=\"og:url\" content=\"https:\/\/radioljubuski.ba\/index.php\/2022\/03\/08\/preminuo-don-stanko-lasic-bivsi-predsjednik-i-clan-upravnog-odbora-hkd-napredak-podruznica-dubrovnik\/\" \/>\n<meta property=\"og:site_name\" content=\"RADIO LJUBU\u0160KI\" \/>\n<meta property=\"article:publisher\" content=\"https:\/\/www.facebook.com\/Radiio-Ljubuski-1490835324566332\" \/>\n<meta property=\"article:published_time\" content=\"2022-03-08T00:30:39+00:00\" \/>\n<meta property=\"article:modified_time\" content=\"2022-03-08T00:30:41+00:00\" \/>\n<meta property=\"og:image\" content=\"https:\/\/radioljubuski.ba\/wp-content\/uploads\/2022\/03\/DonStankoLasic.jpg\" \/>\n\t<meta property=\"og:image:width\" content=\"1024\" \/>\n\t<meta property=\"og:image:height\" content=\"760\" \/>\n\t<meta property=\"og:image:type\" content=\"image\/jpeg\" \/>\n<meta name=\"author\" content=\"Radio Ljubu\u0161ki\" \/>\n<meta name=\"twitter:card\" content=\"summary_large_image\" \/>\n<meta name=\"twitter:creator\" content=\"@radioljubuski\" \/>\n<meta name=\"twitter:site\" content=\"@radioljubuski\" \/>\n<meta name=\"twitter:label1\" content=\"Napisao\/la\" \/>\n\t<meta name=\"twitter:data1\" content=\"Radio Ljubu\u0161ki\" \/>\n\t<meta name=\"twitter:label2\" content=\"Procijenjeno vrijeme \u010ditanja\" \/>\n\t<meta name=\"twitter:data2\" content=\"2 minute\" \/>\n<script type=\"application\/ld+json\" class=\"yoast-schema-graph\">{\"@context\":\"https:\\\/\\\/schema.org\",\"@graph\":[{\"@type\":\"Article\",\"@id\":\"https:\\\/\\\/radioljubuski.ba\\\/index.php\\\/2022\\\/03\\\/08\\\/preminuo-don-stanko-lasic-bivsi-predsjednik-i-clan-upravnog-odbora-hkd-napredak-podruznica-dubrovnik\\\/#article\",\"isPartOf\":{\"@id\":\"https:\\\/\\\/radioljubuski.ba\\\/index.php\\\/2022\\\/03\\\/08\\\/preminuo-don-stanko-lasic-bivsi-predsjednik-i-clan-upravnog-odbora-hkd-napredak-podruznica-dubrovnik\\\/\"},\"author\":{\"name\":\"Radio Ljubu\u0161ki\",\"@id\":\"https:\\\/\\\/radioljubuski.ba\\\/#\\\/schema\\\/person\\\/19fc700381a780f69665d7956c469e3b\"},\"headline\":\"Preminuo don Stanko Lasi\u0107, biv\u0161i predsjednik i \u010dlan Upravnog odbora HKD Napredak podru\u017enica Dubrovnik\",\"datePublished\":\"2022-03-08T00:30:39+00:00\",\"dateModified\":\"2022-03-08T00:30:41+00:00\",\"mainEntityOfPage\":{\"@id\":\"https:\\\/\\\/radioljubuski.ba\\\/index.php\\\/2022\\\/03\\\/08\\\/preminuo-don-stanko-lasic-bivsi-predsjednik-i-clan-upravnog-odbora-hkd-napredak-podruznica-dubrovnik\\\/\"},\"wordCount\":434,\"publisher\":{\"@id\":\"https:\\\/\\\/radioljubuski.ba\\\/#organization\"},\"image\":{\"@id\":\"https:\\\/\\\/radioljubuski.ba\\\/index.php\\\/2022\\\/03\\\/08\\\/preminuo-don-stanko-lasic-bivsi-predsjednik-i-clan-upravnog-odbora-hkd-napredak-podruznica-dubrovnik\\\/#primaryimage\"},\"thumbnailUrl\":\"https:\\\/\\\/radioljubuski.ba\\\/wp-content\\\/uploads\\\/2022\\\/03\\\/DonStankoLasic.jpg\",\"articleSection\":[\"BIH i regija\"],\"inLanguage\":\"hr\"},{\"@type\":\"WebPage\",\"@id\":\"https:\\\/\\\/radioljubuski.ba\\\/index.php\\\/2022\\\/03\\\/08\\\/preminuo-don-stanko-lasic-bivsi-predsjednik-i-clan-upravnog-odbora-hkd-napredak-podruznica-dubrovnik\\\/\",\"url\":\"https:\\\/\\\/radioljubuski.ba\\\/index.php\\\/2022\\\/03\\\/08\\\/preminuo-don-stanko-lasic-bivsi-predsjednik-i-clan-upravnog-odbora-hkd-napredak-podruznica-dubrovnik\\\/\",\"name\":\"Preminuo don Stanko Lasi\u0107, biv\u0161i predsjednik i \u010dlan Upravnog odbora HKD Napredak podru\u017enica Dubrovnik - RADIO LJUBU\u0160KI\",\"isPartOf\":{\"@id\":\"https:\\\/\\\/radioljubuski.ba\\\/#website\"},\"primaryImageOfPage\":{\"@id\":\"https:\\\/\\\/radioljubuski.ba\\\/index.php\\\/2022\\\/03\\\/08\\\/preminuo-don-stanko-lasic-bivsi-predsjednik-i-clan-upravnog-odbora-hkd-napredak-podruznica-dubrovnik\\\/#primaryimage\"},\"image\":{\"@id\":\"https:\\\/\\\/radioljubuski.ba\\\/index.php\\\/2022\\\/03\\\/08\\\/preminuo-don-stanko-lasic-bivsi-predsjednik-i-clan-upravnog-odbora-hkd-napredak-podruznica-dubrovnik\\\/#primaryimage\"},\"thumbnailUrl\":\"https:\\\/\\\/radioljubuski.ba\\\/wp-content\\\/uploads\\\/2022\\\/03\\\/DonStankoLasic.jpg\",\"datePublished\":\"2022-03-08T00:30:39+00:00\",\"dateModified\":\"2022-03-08T00:30:41+00:00\",\"breadcrumb\":{\"@id\":\"https:\\\/\\\/radioljubuski.ba\\\/index.php\\\/2022\\\/03\\\/08\\\/preminuo-don-stanko-lasic-bivsi-predsjednik-i-clan-upravnog-odbora-hkd-napredak-podruznica-dubrovnik\\\/#breadcrumb\"},\"inLanguage\":\"hr\",\"potentialAction\":[{\"@type\":\"ReadAction\",\"target\":[\"https:\\\/\\\/radioljubuski.ba\\\/index.php\\\/2022\\\/03\\\/08\\\/preminuo-don-stanko-lasic-bivsi-predsjednik-i-clan-upravnog-odbora-hkd-napredak-podruznica-dubrovnik\\\/\"]}]},{\"@type\":\"ImageObject\",\"inLanguage\":\"hr\",\"@id\":\"https:\\\/\\\/radioljubuski.ba\\\/index.php\\\/2022\\\/03\\\/08\\\/preminuo-don-stanko-lasic-bivsi-predsjednik-i-clan-upravnog-odbora-hkd-napredak-podruznica-dubrovnik\\\/#primaryimage\",\"url\":\"https:\\\/\\\/radioljubuski.ba\\\/wp-content\\\/uploads\\\/2022\\\/03\\\/DonStankoLasic.jpg\",\"contentUrl\":\"https:\\\/\\\/radioljubuski.ba\\\/wp-content\\\/uploads\\\/2022\\\/03\\\/DonStankoLasic.jpg\",\"width\":1024,\"height\":760},{\"@type\":\"BreadcrumbList\",\"@id\":\"https:\\\/\\\/radioljubuski.ba\\\/index.php\\\/2022\\\/03\\\/08\\\/preminuo-don-stanko-lasic-bivsi-predsjednik-i-clan-upravnog-odbora-hkd-napredak-podruznica-dubrovnik\\\/#breadcrumb\",\"itemListElement\":[{\"@type\":\"ListItem\",\"position\":1,\"name\":\"Po\u010detna stranica\",\"item\":\"https:\\\/\\\/radioljubuski.ba\\\/\"},{\"@type\":\"ListItem\",\"position\":2,\"name\":\"Preminuo don Stanko Lasi\u0107, biv\u0161i predsjednik i \u010dlan Upravnog odbora HKD Napredak podru\u017enica Dubrovnik\"}]},{\"@type\":\"WebSite\",\"@id\":\"https:\\\/\\\/radioljubuski.ba\\\/#website\",\"url\":\"https:\\\/\\\/radioljubuski.ba\\\/\",\"name\":\"Radio Ljubu\u0161ki\",\"description\":\"Sun\u010dana frekvencija Hercegovine\",\"publisher\":{\"@id\":\"https:\\\/\\\/radioljubuski.ba\\\/#organization\"},\"potentialAction\":[{\"@type\":\"SearchAction\",\"target\":{\"@type\":\"EntryPoint\",\"urlTemplate\":\"https:\\\/\\\/radioljubuski.ba\\\/?s={search_term_string}\"},\"query-input\":{\"@type\":\"PropertyValueSpecification\",\"valueRequired\":true,\"valueName\":\"search_term_string\"}}],\"inLanguage\":\"hr\"},{\"@type\":\"Organization\",\"@id\":\"https:\\\/\\\/radioljubuski.ba\\\/#organization\",\"name\":\"Radio Ljubu\u0161ki\",\"url\":\"https:\\\/\\\/radioljubuski.ba\\\/\",\"logo\":{\"@type\":\"ImageObject\",\"inLanguage\":\"hr\",\"@id\":\"https:\\\/\\\/radioljubuski.ba\\\/#\\\/schema\\\/logo\\\/image\\\/\",\"url\":\"https:\\\/\\\/radioljubuski.ba\\\/wp-content\\\/uploads\\\/2021\\\/02\\\/cropped-Radio_Ljubuski_logo1.jpg\",\"contentUrl\":\"https:\\\/\\\/radioljubuski.ba\\\/wp-content\\\/uploads\\\/2021\\\/02\\\/cropped-Radio_Ljubuski_logo1.jpg\",\"width\":512,\"height\":512,\"caption\":\"Radio Ljubu\u0161ki\"},\"image\":{\"@id\":\"https:\\\/\\\/radioljubuski.ba\\\/#\\\/schema\\\/logo\\\/image\\\/\"},\"sameAs\":[\"https:\\\/\\\/www.facebook.com\\\/Radiio-Ljubuski-1490835324566332\",\"https:\\\/\\\/x.com\\\/radioljubuski\",\"https:\\\/\\\/hr.linkedin.com\\\/company\\\/radio-ljubuski\",\"https:\\\/\\\/www.youtube.com\\\/channel\\\/UCHYaeO_n0Db3tjNGudGpXyw\"]},{\"@type\":\"Person\",\"@id\":\"https:\\\/\\\/radioljubuski.ba\\\/#\\\/schema\\\/person\\\/19fc700381a780f69665d7956c469e3b\",\"name\":\"Radio Ljubu\u0161ki\"}]}<\/script>\n<!-- \/ Yoast SEO plugin. -->","yoast_head_json":{"title":"Preminuo don Stanko Lasi\u0107, biv\u0161i predsjednik i \u010dlan Upravnog odbora HKD Napredak podru\u017enica Dubrovnik - RADIO LJUBU\u0160KI","robots":{"index":"index","follow":"follow","max-snippet":"max-snippet:-1","max-image-preview":"max-image-preview:large","max-video-preview":"max-video-preview:-1"},"canonical":"https:\/\/radioljubuski.ba\/index.php\/2022\/03\/08\/preminuo-don-stanko-lasic-bivsi-predsjednik-i-clan-upravnog-odbora-hkd-napredak-podruznica-dubrovnik\/","og_locale":"hr_HR","og_type":"article","og_title":"Preminuo don Stanko Lasi\u0107, biv\u0161i predsjednik i \u010dlan Upravnog odbora HKD Napredak podru\u017enica Dubrovnik - RADIO LJUBU\u0160KI","og_description":"Umirovljeni sve\u0107enik Dubrova\u010dke biskupije, biv\u0161i predsjednik te \u010dlan Upravnog odbora HKD Napredak podru\u017enica Dubrovnik dr. don Stanko Lasi\u0107 preminuo je u nedjelju, 6. o\u017eujka u Dubrovniku. Dr. Stanko ro\u0111en je u Jarama kod&nbsp; \u0160irokog Brijega 1942. Pu\u010dku \u0161kolu poha\u0111ao je&nbsp; u rodnom mjestu, gimnaziju na \u0160irokom Brijegu do 1957., a potom u Dubrova\u010dkom sjemeni\u0161tu do [&hellip;]","og_url":"https:\/\/radioljubuski.ba\/index.php\/2022\/03\/08\/preminuo-don-stanko-lasic-bivsi-predsjednik-i-clan-upravnog-odbora-hkd-napredak-podruznica-dubrovnik\/","og_site_name":"RADIO LJUBU\u0160KI","article_publisher":"https:\/\/www.facebook.com\/Radiio-Ljubuski-1490835324566332","article_published_time":"2022-03-08T00:30:39+00:00","article_modified_time":"2022-03-08T00:30:41+00:00","og_image":[{"width":1024,"height":760,"url":"https:\/\/radioljubuski.ba\/wp-content\/uploads\/2022\/03\/DonStankoLasic.jpg","type":"image\/jpeg"}],"author":"Radio Ljubu\u0161ki","twitter_card":"summary_large_image","twitter_creator":"@radioljubuski","twitter_site":"@radioljubuski","twitter_misc":{"Napisao\/la":"Radio Ljubu\u0161ki","Procijenjeno vrijeme \u010ditanja":"2 minute"},"schema":{"@context":"https:\/\/schema.org","@graph":[{"@type":"Article","@id":"https:\/\/radioljubuski.ba\/index.php\/2022\/03\/08\/preminuo-don-stanko-lasic-bivsi-predsjednik-i-clan-upravnog-odbora-hkd-napredak-podruznica-dubrovnik\/#article","isPartOf":{"@id":"https:\/\/radioljubuski.ba\/index.php\/2022\/03\/08\/preminuo-don-stanko-lasic-bivsi-predsjednik-i-clan-upravnog-odbora-hkd-napredak-podruznica-dubrovnik\/"},"author":{"name":"Radio Ljubu\u0161ki","@id":"https:\/\/radioljubuski.ba\/#\/schema\/person\/19fc700381a780f69665d7956c469e3b"},"headline":"Preminuo don Stanko Lasi\u0107, biv\u0161i predsjednik i \u010dlan Upravnog odbora HKD Napredak podru\u017enica Dubrovnik","datePublished":"2022-03-08T00:30:39+00:00","dateModified":"2022-03-08T00:30:41+00:00","mainEntityOfPage":{"@id":"https:\/\/radioljubuski.ba\/index.php\/2022\/03\/08\/preminuo-don-stanko-lasic-bivsi-predsjednik-i-clan-upravnog-odbora-hkd-napredak-podruznica-dubrovnik\/"},"wordCount":434,"publisher":{"@id":"https:\/\/radioljubuski.ba\/#organization"},"image":{"@id":"https:\/\/radioljubuski.ba\/index.php\/2022\/03\/08\/preminuo-don-stanko-lasic-bivsi-predsjednik-i-clan-upravnog-odbora-hkd-napredak-podruznica-dubrovnik\/#primaryimage"},"thumbnailUrl":"https:\/\/radioljubuski.ba\/wp-content\/uploads\/2022\/03\/DonStankoLasic.jpg","articleSection":["BIH i regija"],"inLanguage":"hr"},{"@type":"WebPage","@id":"https:\/\/radioljubuski.ba\/index.php\/2022\/03\/08\/preminuo-don-stanko-lasic-bivsi-predsjednik-i-clan-upravnog-odbora-hkd-napredak-podruznica-dubrovnik\/","url":"https:\/\/radioljubuski.ba\/index.php\/2022\/03\/08\/preminuo-don-stanko-lasic-bivsi-predsjednik-i-clan-upravnog-odbora-hkd-napredak-podruznica-dubrovnik\/","name":"Preminuo don Stanko Lasi\u0107, biv\u0161i predsjednik i \u010dlan Upravnog odbora HKD Napredak podru\u017enica Dubrovnik - RADIO LJUBU\u0160KI","isPartOf":{"@id":"https:\/\/radioljubuski.ba\/#website"},"primaryImageOfPage":{"@id":"https:\/\/radioljubuski.ba\/index.php\/2022\/03\/08\/preminuo-don-stanko-lasic-bivsi-predsjednik-i-clan-upravnog-odbora-hkd-napredak-podruznica-dubrovnik\/#primaryimage"},"image":{"@id":"https:\/\/radioljubuski.ba\/index.php\/2022\/03\/08\/preminuo-don-stanko-lasic-bivsi-predsjednik-i-clan-upravnog-odbora-hkd-napredak-podruznica-dubrovnik\/#primaryimage"},"thumbnailUrl":"https:\/\/radioljubuski.ba\/wp-content\/uploads\/2022\/03\/DonStankoLasic.jpg","datePublished":"2022-03-08T00:30:39+00:00","dateModified":"2022-03-08T00:30:41+00:00","breadcrumb":{"@id":"https:\/\/radioljubuski.ba\/index.php\/2022\/03\/08\/preminuo-don-stanko-lasic-bivsi-predsjednik-i-clan-upravnog-odbora-hkd-napredak-podruznica-dubrovnik\/#breadcrumb"},"inLanguage":"hr","potentialAction":[{"@type":"ReadAction","target":["https:\/\/radioljubuski.ba\/index.php\/2022\/03\/08\/preminuo-don-stanko-lasic-bivsi-predsjednik-i-clan-upravnog-odbora-hkd-napredak-podruznica-dubrovnik\/"]}]},{"@type":"ImageObject","inLanguage":"hr","@id":"https:\/\/radioljubuski.ba\/index.php\/2022\/03\/08\/preminuo-don-stanko-lasic-bivsi-predsjednik-i-clan-upravnog-odbora-hkd-napredak-podruznica-dubrovnik\/#primaryimage","url":"https:\/\/radioljubuski.ba\/wp-content\/uploads\/2022\/03\/DonStankoLasic.jpg","contentUrl":"https:\/\/radioljubuski.ba\/wp-content\/uploads\/2022\/03\/DonStankoLasic.jpg","width":1024,"height":760},{"@type":"BreadcrumbList","@id":"https:\/\/radioljubuski.ba\/index.php\/2022\/03\/08\/preminuo-don-stanko-lasic-bivsi-predsjednik-i-clan-upravnog-odbora-hkd-napredak-podruznica-dubrovnik\/#breadcrumb","itemListElement":[{"@type":"ListItem","position":1,"name":"Po\u010detna stranica","item":"https:\/\/radioljubuski.ba\/"},{"@type":"ListItem","position":2,"name":"Preminuo don Stanko Lasi\u0107, biv\u0161i predsjednik i \u010dlan Upravnog odbora HKD Napredak podru\u017enica Dubrovnik"}]},{"@type":"WebSite","@id":"https:\/\/radioljubuski.ba\/#website","url":"https:\/\/radioljubuski.ba\/","name":"Radio Ljubu\u0161ki","description":"Sun\u010dana frekvencija Hercegovine","publisher":{"@id":"https:\/\/radioljubuski.ba\/#organization"},"potentialAction":[{"@type":"SearchAction","target":{"@type":"EntryPoint","urlTemplate":"https:\/\/radioljubuski.ba\/?s={search_term_string}"},"query-input":{"@type":"PropertyValueSpecification","valueRequired":true,"valueName":"search_term_string"}}],"inLanguage":"hr"},{"@type":"Organization","@id":"https:\/\/radioljubuski.ba\/#organization","name":"Radio Ljubu\u0161ki","url":"https:\/\/radioljubuski.ba\/","logo":{"@type":"ImageObject","inLanguage":"hr","@id":"https:\/\/radioljubuski.ba\/#\/schema\/logo\/image\/","url":"https:\/\/radioljubuski.ba\/wp-content\/uploads\/2021\/02\/cropped-Radio_Ljubuski_logo1.jpg","contentUrl":"https:\/\/radioljubuski.ba\/wp-content\/uploads\/2021\/02\/cropped-Radio_Ljubuski_logo1.jpg","width":512,"height":512,"caption":"Radio Ljubu\u0161ki"},"image":{"@id":"https:\/\/radioljubuski.ba\/#\/schema\/logo\/image\/"},"sameAs":["https:\/\/www.facebook.com\/Radiio-Ljubuski-1490835324566332","https:\/\/x.com\/radioljubuski","https:\/\/hr.linkedin.com\/company\/radio-ljubuski","https:\/\/www.youtube.com\/channel\/UCHYaeO_n0Db3tjNGudGpXyw"]},{"@type":"Person","@id":"https:\/\/radioljubuski.ba\/#\/schema\/person\/19fc700381a780f69665d7956c469e3b","name":"Radio Ljubu\u0161ki"}]}},"_links":{"self":[{"href":"https:\/\/radioljubuski.ba\/index.php\/wp-json\/wp\/v2\/posts\/119195","targetHints":{"allow":["GET"]}}],"collection":[{"href":"https:\/\/radioljubuski.ba\/index.php\/wp-json\/wp\/v2\/posts"}],"about":[{"href":"https:\/\/radioljubuski.ba\/index.php\/wp-json\/wp\/v2\/types\/post"}],"author":[{"embeddable":true,"href":"https:\/\/radioljubuski.ba\/index.php\/wp-json\/wp\/v2\/users\/2"}],"replies":[{"embeddable":true,"href":"https:\/\/radioljubuski.ba\/index.php\/wp-json\/wp\/v2\/comments?post=119195"}],"version-history":[{"count":1,"href":"https:\/\/radioljubuski.ba\/index.php\/wp-json\/wp\/v2\/posts\/119195\/revisions"}],"predecessor-version":[{"id":119197,"href":"https:\/\/radioljubuski.ba\/index.php\/wp-json\/wp\/v2\/posts\/119195\/revisions\/119197"}],"wp:featuredmedia":[{"embeddable":true,"href":"https:\/\/radioljubuski.ba\/index.php\/wp-json\/wp\/v2\/media\/119196"}],"wp:attachment":[{"href":"https:\/\/radioljubuski.ba\/index.php\/wp-json\/wp\/v2\/media?parent=119195"}],"wp:term":[{"taxonomy":"category","embeddable":true,"href":"https:\/\/radioljubuski.ba\/index.php\/wp-json\/wp\/v2\/categories?post=119195"},{"taxonomy":"post_tag","embeddable":true,"href":"https:\/\/radioljubuski.ba\/index.php\/wp-json\/wp\/v2\/tags?post=119195"}],"curies":[{"name":"wp","href":"https:\/\/api.w.org\/{rel}","templated":true}]}}