{"id":119207,"date":"2022-03-08T07:56:43","date_gmt":"2022-03-08T06:56:43","guid":{"rendered":"https:\/\/radioljubuski.ba\/?p=119207"},"modified":"2022-03-08T07:56:44","modified_gmt":"2022-03-08T06:56:44","slug":"sretan-medunarodni-dan-zena","status":"publish","type":"post","link":"https:\/\/radioljubuski.ba\/index.php\/2022\/03\/08\/sretan-medunarodni-dan-zena\/","title":{"rendered":"Sretan Me\u0111unarodni dan \u017eena!"},"content":{"rendered":"\n<p><strong>Prvi Dan \u017eena je obilje\u017een 28. velja\u010de 1909. u SAD-u.<\/strong><\/p>\n\n\n\n<p>Izme\u0111u ostalih va\u017enih povijesnih doga\u0111aja, njime se obilje\u017eava i po\u017ear u tvornici Triangle Shirtwaist u New Yorku 1911. godine kada je poginulo preko 140 \u017eena.<\/p>\n\n\n\n<p>Ideja za obilje\u017eavanjem me\u0111unarodnog dana \u017eena pojavila se prvi put po\u010detkom 20. stolje\u0107a u doba brze industrijalizacije i ekonomske ekspanzije koja je \u010desto dovodila do prosvjeda zbog lo\u0161ih radnih uvjeta. \u017dene zaposlene u industriji odje\u0107e i tekstila su javno demonstrirale 8. o\u017eujka 1857. u New Yorku. Tekstilne radnice su prosvjedovale zbog lo\u0161ih radnih uvjeta i niskih pla\u0107a. Demonstracije je rastjerala policija. Te iste \u017eene su osnovale sindikat dva mjeseca kasnije.<\/p>\n\n\n\n<p>Prosvjedi 8. o\u017eujka doga\u0111ali su se i slijede\u0107ih godina, od kojih je najpoznatiji bio 1908. godine kada je 15.000 \u017eena mar\u0161iralo kroz New York tra\u017ee\u0107i kra\u0107e radno vrijeme, bolje pla\u0107e i pravo glasa. Godine 1910. prva me\u0111unarodna \u017eenska konferencija bila je odr\u017eana u Kopenhagenu u organizaciji Socijalisti\u010dke Internacionale te ustanovila \u2018Me\u0111unarodni dan \u017eena\u2019 na prijedlog slavne njema\u010dke socijalistice Clare Zetkin. Slijede\u0107e godine je Me\u0111unarodni dan \u017eena obilje\u017een od preko milijun ljudi u Austriji, Danskoj, Njema\u010dkoj i \u0160vicarskoj. Ti doga\u0111aji su koincidirali s po\u017earom u tvornici Triangle Shirtwaist u New Yorku, nakon koga su slabe mjere sigurnosti na radu okrivljene za veliki broj \u017ertava. U po\u010detku prvog svjetskog rata \u017eene \u0161irom Europe su 8. o\u017eujka 1913. odr\u017eale demonstracije za mir.<\/p>\n\n\n\n<p>Demonstracije povodom Me\u0111unarodnog dana \u017eena u Rusiji bile su prvi stadij ruske revolucije. Nakon oktobarske revolucije, bolj\u0161evi\u010dka feminstkinja Aleksandra Kolontaj nagovorila je Lenjina da 8. o\u017eujka postane dr\u017eavni praznik, i tijekom sovjetskog razdoblja se koristio za obilje\u017eavanje \u201cherojstva radnica\u201d.<\/p>\n\n\n\n<p>Me\u0111utim, u mnogim komunisti\u010dkim dr\u017eavama taj je praznik izgubio svoju ideolo\u0161ku osnovu i postao prilika mu\u0161karcima za iskazivanje ljubavi i po\u0161tovanja prema pripadnicama suprotnog spola, poslu\u017eiv\u0161i kao svojevrsni amalgam Maj\u010dinog dana i Valentinova u zapadnim dr\u017eavama.<\/p>\n\n\n\n<p>U nekada\u0161njoj \u010cehoslova\u010dkoj se Dan \u017eena za vrijeme komunisti\u010dkog re\u017eima pretvorio u parodiju, te je ukinut nakon bar\u0161unaste revolucije. U Ma\u0111arskoj se, pak, obi\u010daj poklanjanja cvije\u0107a \u017eenama zadr\u017eao i nakon pada komunizma.<\/p>\n\n\n\n<p><strong>Dan \u017eena danas<\/strong><\/p>\n\n\n\n<p>Na zapadnom svijetu se Me\u0111unarodni dan \u017eena uglavnom prestao obilje\u017eavati 1930-ih, dijelom i zbog toga \u0161to ga se povezivalo s komunizmom. Maj\u010din dan se kao blagdan u \u010dast majki i maj\u010dinstva obilje\u017eava u tim zemljama svake druge nedjelje u svibnju.<\/p>\n\n\n\n<p>Dan \u017eena je ostao dr\u017eavnim praznikom u Rusiji, Bjelorusiji, Ukrajini, Kazahstanu, Kirgiziji, Moldaviji, Mongoliji i Tad\u017eikistanu, a obilje\u017eava se cvije\u0107em i poklonima. Me\u0111utim, 1960-ih su ga ponovno po\u010dele slaviti feministice. Godine 1975., koja je progla\u0161ena Me\u0111unarodnom godinom \u017eene, UN su slu\u017ebeno po\u010dele obilje\u017eavati Me\u0111unarodni dan \u017eena.<\/p>\n\n\n\n<p>Danas mnoge organizacije u svijetu, obilje\u017eavaju Me\u0111unarodni dan \u017eena, a neke se nastoje izboriti da postane dr\u017eavnim praznikom u kojima to jo\u0161 nije slu\u010daj.<\/p>\n\n\n\n<p><strong>Izvor: Iks-portal.info<\/strong><\/p>\n","protected":false},"excerpt":{"rendered":"<p>Prvi Dan \u017eena je obilje\u017een 28. velja\u010de 1909. u SAD-u. Izme\u0111u ostalih va\u017enih povijesnih doga\u0111aja, njime se obilje\u017eava i po\u017ear u tvornici Triangle Shirtwaist u New Yorku 1911. godine kada je poginulo preko 140 \u017eena. Ideja za obilje\u017eavanjem me\u0111unarodnog dana \u017eena pojavila se prvi put po\u010detkom 20. stolje\u0107a u doba brze industrijalizacije i ekonomske ekspanzije [&hellip;]<\/p>\n","protected":false},"author":2,"featured_media":119208,"comment_status":"closed","ping_status":"closed","sticky":false,"template":"","format":"standard","meta":{"h5ap_radio_sources":[],"footnotes":""},"categories":[1],"tags":[],"class_list":["post-119207","post","type-post","status-publish","format-standard","has-post-thumbnail","hentry","category-bihiregija"],"yoast_head":"<!-- This site is optimized with the Yoast SEO plugin v27.5 - https:\/\/yoast.com\/product\/yoast-seo-wordpress\/ -->\n<title>Sretan Me\u0111unarodni dan \u017eena! - RADIO LJUBU\u0160KI<\/title>\n<meta name=\"robots\" content=\"index, follow, max-snippet:-1, max-image-preview:large, max-video-preview:-1\" \/>\n<link rel=\"canonical\" href=\"https:\/\/radioljubuski.ba\/index.php\/2022\/03\/08\/sretan-medunarodni-dan-zena\/\" \/>\n<meta property=\"og:locale\" content=\"hr_HR\" \/>\n<meta property=\"og:type\" content=\"article\" \/>\n<meta property=\"og:title\" content=\"Sretan Me\u0111unarodni dan \u017eena! - RADIO LJUBU\u0160KI\" \/>\n<meta property=\"og:description\" content=\"Prvi Dan \u017eena je obilje\u017een 28. velja\u010de 1909. u SAD-u. Izme\u0111u ostalih va\u017enih povijesnih doga\u0111aja, njime se obilje\u017eava i po\u017ear u tvornici Triangle Shirtwaist u New Yorku 1911. godine kada je poginulo preko 140 \u017eena. Ideja za obilje\u017eavanjem me\u0111unarodnog dana \u017eena pojavila se prvi put po\u010detkom 20. stolje\u0107a u doba brze industrijalizacije i ekonomske ekspanzije [&hellip;]\" \/>\n<meta property=\"og:url\" content=\"https:\/\/radioljubuski.ba\/index.php\/2022\/03\/08\/sretan-medunarodni-dan-zena\/\" \/>\n<meta property=\"og:site_name\" content=\"RADIO LJUBU\u0160KI\" \/>\n<meta property=\"article:publisher\" content=\"https:\/\/www.facebook.com\/Radiio-Ljubuski-1490835324566332\" \/>\n<meta property=\"article:published_time\" content=\"2022-03-08T06:56:43+00:00\" \/>\n<meta property=\"article:modified_time\" content=\"2022-03-08T06:56:44+00:00\" \/>\n<meta property=\"og:image\" content=\"https:\/\/radioljubuski.ba\/wp-content\/uploads\/2022\/03\/dan-zena.jpg\" \/>\n\t<meta property=\"og:image:width\" content=\"1024\" \/>\n\t<meta property=\"og:image:height\" content=\"683\" \/>\n\t<meta property=\"og:image:type\" content=\"image\/jpeg\" \/>\n<meta name=\"author\" content=\"Radio Ljubu\u0161ki\" \/>\n<meta name=\"twitter:card\" content=\"summary_large_image\" \/>\n<meta name=\"twitter:creator\" content=\"@radioljubuski\" \/>\n<meta name=\"twitter:site\" content=\"@radioljubuski\" \/>\n<meta name=\"twitter:label1\" content=\"Napisao\/la\" \/>\n\t<meta name=\"twitter:data1\" content=\"Radio Ljubu\u0161ki\" \/>\n\t<meta name=\"twitter:label2\" content=\"Procijenjeno vrijeme \u010ditanja\" \/>\n\t<meta name=\"twitter:data2\" content=\"2 minute\" \/>\n<script type=\"application\/ld+json\" class=\"yoast-schema-graph\">{\"@context\":\"https:\\\/\\\/schema.org\",\"@graph\":[{\"@type\":\"Article\",\"@id\":\"https:\\\/\\\/radioljubuski.ba\\\/index.php\\\/2022\\\/03\\\/08\\\/sretan-medunarodni-dan-zena\\\/#article\",\"isPartOf\":{\"@id\":\"https:\\\/\\\/radioljubuski.ba\\\/index.php\\\/2022\\\/03\\\/08\\\/sretan-medunarodni-dan-zena\\\/\"},\"author\":{\"name\":\"Radio Ljubu\u0161ki\",\"@id\":\"https:\\\/\\\/radioljubuski.ba\\\/#\\\/schema\\\/person\\\/19fc700381a780f69665d7956c469e3b\"},\"headline\":\"Sretan Me\u0111unarodni dan \u017eena!\",\"datePublished\":\"2022-03-08T06:56:43+00:00\",\"dateModified\":\"2022-03-08T06:56:44+00:00\",\"mainEntityOfPage\":{\"@id\":\"https:\\\/\\\/radioljubuski.ba\\\/index.php\\\/2022\\\/03\\\/08\\\/sretan-medunarodni-dan-zena\\\/\"},\"wordCount\":521,\"publisher\":{\"@id\":\"https:\\\/\\\/radioljubuski.ba\\\/#organization\"},\"image\":{\"@id\":\"https:\\\/\\\/radioljubuski.ba\\\/index.php\\\/2022\\\/03\\\/08\\\/sretan-medunarodni-dan-zena\\\/#primaryimage\"},\"thumbnailUrl\":\"https:\\\/\\\/radioljubuski.ba\\\/wp-content\\\/uploads\\\/2022\\\/03\\\/dan-zena.jpg\",\"articleSection\":[\"BIH i regija\"],\"inLanguage\":\"hr\"},{\"@type\":\"WebPage\",\"@id\":\"https:\\\/\\\/radioljubuski.ba\\\/index.php\\\/2022\\\/03\\\/08\\\/sretan-medunarodni-dan-zena\\\/\",\"url\":\"https:\\\/\\\/radioljubuski.ba\\\/index.php\\\/2022\\\/03\\\/08\\\/sretan-medunarodni-dan-zena\\\/\",\"name\":\"Sretan Me\u0111unarodni dan \u017eena! - RADIO LJUBU\u0160KI\",\"isPartOf\":{\"@id\":\"https:\\\/\\\/radioljubuski.ba\\\/#website\"},\"primaryImageOfPage\":{\"@id\":\"https:\\\/\\\/radioljubuski.ba\\\/index.php\\\/2022\\\/03\\\/08\\\/sretan-medunarodni-dan-zena\\\/#primaryimage\"},\"image\":{\"@id\":\"https:\\\/\\\/radioljubuski.ba\\\/index.php\\\/2022\\\/03\\\/08\\\/sretan-medunarodni-dan-zena\\\/#primaryimage\"},\"thumbnailUrl\":\"https:\\\/\\\/radioljubuski.ba\\\/wp-content\\\/uploads\\\/2022\\\/03\\\/dan-zena.jpg\",\"datePublished\":\"2022-03-08T06:56:43+00:00\",\"dateModified\":\"2022-03-08T06:56:44+00:00\",\"breadcrumb\":{\"@id\":\"https:\\\/\\\/radioljubuski.ba\\\/index.php\\\/2022\\\/03\\\/08\\\/sretan-medunarodni-dan-zena\\\/#breadcrumb\"},\"inLanguage\":\"hr\",\"potentialAction\":[{\"@type\":\"ReadAction\",\"target\":[\"https:\\\/\\\/radioljubuski.ba\\\/index.php\\\/2022\\\/03\\\/08\\\/sretan-medunarodni-dan-zena\\\/\"]}]},{\"@type\":\"ImageObject\",\"inLanguage\":\"hr\",\"@id\":\"https:\\\/\\\/radioljubuski.ba\\\/index.php\\\/2022\\\/03\\\/08\\\/sretan-medunarodni-dan-zena\\\/#primaryimage\",\"url\":\"https:\\\/\\\/radioljubuski.ba\\\/wp-content\\\/uploads\\\/2022\\\/03\\\/dan-zena.jpg\",\"contentUrl\":\"https:\\\/\\\/radioljubuski.ba\\\/wp-content\\\/uploads\\\/2022\\\/03\\\/dan-zena.jpg\",\"width\":1024,\"height\":683},{\"@type\":\"BreadcrumbList\",\"@id\":\"https:\\\/\\\/radioljubuski.ba\\\/index.php\\\/2022\\\/03\\\/08\\\/sretan-medunarodni-dan-zena\\\/#breadcrumb\",\"itemListElement\":[{\"@type\":\"ListItem\",\"position\":1,\"name\":\"Po\u010detna stranica\",\"item\":\"https:\\\/\\\/radioljubuski.ba\\\/\"},{\"@type\":\"ListItem\",\"position\":2,\"name\":\"Sretan Me\u0111unarodni dan \u017eena!\"}]},{\"@type\":\"WebSite\",\"@id\":\"https:\\\/\\\/radioljubuski.ba\\\/#website\",\"url\":\"https:\\\/\\\/radioljubuski.ba\\\/\",\"name\":\"Radio Ljubu\u0161ki\",\"description\":\"Sun\u010dana frekvencija Hercegovine\",\"publisher\":{\"@id\":\"https:\\\/\\\/radioljubuski.ba\\\/#organization\"},\"potentialAction\":[{\"@type\":\"SearchAction\",\"target\":{\"@type\":\"EntryPoint\",\"urlTemplate\":\"https:\\\/\\\/radioljubuski.ba\\\/?s={search_term_string}\"},\"query-input\":{\"@type\":\"PropertyValueSpecification\",\"valueRequired\":true,\"valueName\":\"search_term_string\"}}],\"inLanguage\":\"hr\"},{\"@type\":\"Organization\",\"@id\":\"https:\\\/\\\/radioljubuski.ba\\\/#organization\",\"name\":\"Radio Ljubu\u0161ki\",\"url\":\"https:\\\/\\\/radioljubuski.ba\\\/\",\"logo\":{\"@type\":\"ImageObject\",\"inLanguage\":\"hr\",\"@id\":\"https:\\\/\\\/radioljubuski.ba\\\/#\\\/schema\\\/logo\\\/image\\\/\",\"url\":\"https:\\\/\\\/radioljubuski.ba\\\/wp-content\\\/uploads\\\/2021\\\/02\\\/cropped-Radio_Ljubuski_logo1.jpg\",\"contentUrl\":\"https:\\\/\\\/radioljubuski.ba\\\/wp-content\\\/uploads\\\/2021\\\/02\\\/cropped-Radio_Ljubuski_logo1.jpg\",\"width\":512,\"height\":512,\"caption\":\"Radio Ljubu\u0161ki\"},\"image\":{\"@id\":\"https:\\\/\\\/radioljubuski.ba\\\/#\\\/schema\\\/logo\\\/image\\\/\"},\"sameAs\":[\"https:\\\/\\\/www.facebook.com\\\/Radiio-Ljubuski-1490835324566332\",\"https:\\\/\\\/x.com\\\/radioljubuski\",\"https:\\\/\\\/hr.linkedin.com\\\/company\\\/radio-ljubuski\",\"https:\\\/\\\/www.youtube.com\\\/channel\\\/UCHYaeO_n0Db3tjNGudGpXyw\"]},{\"@type\":\"Person\",\"@id\":\"https:\\\/\\\/radioljubuski.ba\\\/#\\\/schema\\\/person\\\/19fc700381a780f69665d7956c469e3b\",\"name\":\"Radio Ljubu\u0161ki\"}]}<\/script>\n<!-- \/ Yoast SEO plugin. -->","yoast_head_json":{"title":"Sretan Me\u0111unarodni dan \u017eena! - RADIO LJUBU\u0160KI","robots":{"index":"index","follow":"follow","max-snippet":"max-snippet:-1","max-image-preview":"max-image-preview:large","max-video-preview":"max-video-preview:-1"},"canonical":"https:\/\/radioljubuski.ba\/index.php\/2022\/03\/08\/sretan-medunarodni-dan-zena\/","og_locale":"hr_HR","og_type":"article","og_title":"Sretan Me\u0111unarodni dan \u017eena! - RADIO LJUBU\u0160KI","og_description":"Prvi Dan \u017eena je obilje\u017een 28. velja\u010de 1909. u SAD-u. Izme\u0111u ostalih va\u017enih povijesnih doga\u0111aja, njime se obilje\u017eava i po\u017ear u tvornici Triangle Shirtwaist u New Yorku 1911. godine kada je poginulo preko 140 \u017eena. Ideja za obilje\u017eavanjem me\u0111unarodnog dana \u017eena pojavila se prvi put po\u010detkom 20. stolje\u0107a u doba brze industrijalizacije i ekonomske ekspanzije [&hellip;]","og_url":"https:\/\/radioljubuski.ba\/index.php\/2022\/03\/08\/sretan-medunarodni-dan-zena\/","og_site_name":"RADIO LJUBU\u0160KI","article_publisher":"https:\/\/www.facebook.com\/Radiio-Ljubuski-1490835324566332","article_published_time":"2022-03-08T06:56:43+00:00","article_modified_time":"2022-03-08T06:56:44+00:00","og_image":[{"width":1024,"height":683,"url":"https:\/\/radioljubuski.ba\/wp-content\/uploads\/2022\/03\/dan-zena.jpg","type":"image\/jpeg"}],"author":"Radio Ljubu\u0161ki","twitter_card":"summary_large_image","twitter_creator":"@radioljubuski","twitter_site":"@radioljubuski","twitter_misc":{"Napisao\/la":"Radio Ljubu\u0161ki","Procijenjeno vrijeme \u010ditanja":"2 minute"},"schema":{"@context":"https:\/\/schema.org","@graph":[{"@type":"Article","@id":"https:\/\/radioljubuski.ba\/index.php\/2022\/03\/08\/sretan-medunarodni-dan-zena\/#article","isPartOf":{"@id":"https:\/\/radioljubuski.ba\/index.php\/2022\/03\/08\/sretan-medunarodni-dan-zena\/"},"author":{"name":"Radio Ljubu\u0161ki","@id":"https:\/\/radioljubuski.ba\/#\/schema\/person\/19fc700381a780f69665d7956c469e3b"},"headline":"Sretan Me\u0111unarodni dan \u017eena!","datePublished":"2022-03-08T06:56:43+00:00","dateModified":"2022-03-08T06:56:44+00:00","mainEntityOfPage":{"@id":"https:\/\/radioljubuski.ba\/index.php\/2022\/03\/08\/sretan-medunarodni-dan-zena\/"},"wordCount":521,"publisher":{"@id":"https:\/\/radioljubuski.ba\/#organization"},"image":{"@id":"https:\/\/radioljubuski.ba\/index.php\/2022\/03\/08\/sretan-medunarodni-dan-zena\/#primaryimage"},"thumbnailUrl":"https:\/\/radioljubuski.ba\/wp-content\/uploads\/2022\/03\/dan-zena.jpg","articleSection":["BIH i regija"],"inLanguage":"hr"},{"@type":"WebPage","@id":"https:\/\/radioljubuski.ba\/index.php\/2022\/03\/08\/sretan-medunarodni-dan-zena\/","url":"https:\/\/radioljubuski.ba\/index.php\/2022\/03\/08\/sretan-medunarodni-dan-zena\/","name":"Sretan Me\u0111unarodni dan \u017eena! - RADIO LJUBU\u0160KI","isPartOf":{"@id":"https:\/\/radioljubuski.ba\/#website"},"primaryImageOfPage":{"@id":"https:\/\/radioljubuski.ba\/index.php\/2022\/03\/08\/sretan-medunarodni-dan-zena\/#primaryimage"},"image":{"@id":"https:\/\/radioljubuski.ba\/index.php\/2022\/03\/08\/sretan-medunarodni-dan-zena\/#primaryimage"},"thumbnailUrl":"https:\/\/radioljubuski.ba\/wp-content\/uploads\/2022\/03\/dan-zena.jpg","datePublished":"2022-03-08T06:56:43+00:00","dateModified":"2022-03-08T06:56:44+00:00","breadcrumb":{"@id":"https:\/\/radioljubuski.ba\/index.php\/2022\/03\/08\/sretan-medunarodni-dan-zena\/#breadcrumb"},"inLanguage":"hr","potentialAction":[{"@type":"ReadAction","target":["https:\/\/radioljubuski.ba\/index.php\/2022\/03\/08\/sretan-medunarodni-dan-zena\/"]}]},{"@type":"ImageObject","inLanguage":"hr","@id":"https:\/\/radioljubuski.ba\/index.php\/2022\/03\/08\/sretan-medunarodni-dan-zena\/#primaryimage","url":"https:\/\/radioljubuski.ba\/wp-content\/uploads\/2022\/03\/dan-zena.jpg","contentUrl":"https:\/\/radioljubuski.ba\/wp-content\/uploads\/2022\/03\/dan-zena.jpg","width":1024,"height":683},{"@type":"BreadcrumbList","@id":"https:\/\/radioljubuski.ba\/index.php\/2022\/03\/08\/sretan-medunarodni-dan-zena\/#breadcrumb","itemListElement":[{"@type":"ListItem","position":1,"name":"Po\u010detna stranica","item":"https:\/\/radioljubuski.ba\/"},{"@type":"ListItem","position":2,"name":"Sretan Me\u0111unarodni dan \u017eena!"}]},{"@type":"WebSite","@id":"https:\/\/radioljubuski.ba\/#website","url":"https:\/\/radioljubuski.ba\/","name":"Radio Ljubu\u0161ki","description":"Sun\u010dana frekvencija Hercegovine","publisher":{"@id":"https:\/\/radioljubuski.ba\/#organization"},"potentialAction":[{"@type":"SearchAction","target":{"@type":"EntryPoint","urlTemplate":"https:\/\/radioljubuski.ba\/?s={search_term_string}"},"query-input":{"@type":"PropertyValueSpecification","valueRequired":true,"valueName":"search_term_string"}}],"inLanguage":"hr"},{"@type":"Organization","@id":"https:\/\/radioljubuski.ba\/#organization","name":"Radio Ljubu\u0161ki","url":"https:\/\/radioljubuski.ba\/","logo":{"@type":"ImageObject","inLanguage":"hr","@id":"https:\/\/radioljubuski.ba\/#\/schema\/logo\/image\/","url":"https:\/\/radioljubuski.ba\/wp-content\/uploads\/2021\/02\/cropped-Radio_Ljubuski_logo1.jpg","contentUrl":"https:\/\/radioljubuski.ba\/wp-content\/uploads\/2021\/02\/cropped-Radio_Ljubuski_logo1.jpg","width":512,"height":512,"caption":"Radio Ljubu\u0161ki"},"image":{"@id":"https:\/\/radioljubuski.ba\/#\/schema\/logo\/image\/"},"sameAs":["https:\/\/www.facebook.com\/Radiio-Ljubuski-1490835324566332","https:\/\/x.com\/radioljubuski","https:\/\/hr.linkedin.com\/company\/radio-ljubuski","https:\/\/www.youtube.com\/channel\/UCHYaeO_n0Db3tjNGudGpXyw"]},{"@type":"Person","@id":"https:\/\/radioljubuski.ba\/#\/schema\/person\/19fc700381a780f69665d7956c469e3b","name":"Radio Ljubu\u0161ki"}]}},"_links":{"self":[{"href":"https:\/\/radioljubuski.ba\/index.php\/wp-json\/wp\/v2\/posts\/119207","targetHints":{"allow":["GET"]}}],"collection":[{"href":"https:\/\/radioljubuski.ba\/index.php\/wp-json\/wp\/v2\/posts"}],"about":[{"href":"https:\/\/radioljubuski.ba\/index.php\/wp-json\/wp\/v2\/types\/post"}],"author":[{"embeddable":true,"href":"https:\/\/radioljubuski.ba\/index.php\/wp-json\/wp\/v2\/users\/2"}],"replies":[{"embeddable":true,"href":"https:\/\/radioljubuski.ba\/index.php\/wp-json\/wp\/v2\/comments?post=119207"}],"version-history":[{"count":1,"href":"https:\/\/radioljubuski.ba\/index.php\/wp-json\/wp\/v2\/posts\/119207\/revisions"}],"predecessor-version":[{"id":119209,"href":"https:\/\/radioljubuski.ba\/index.php\/wp-json\/wp\/v2\/posts\/119207\/revisions\/119209"}],"wp:featuredmedia":[{"embeddable":true,"href":"https:\/\/radioljubuski.ba\/index.php\/wp-json\/wp\/v2\/media\/119208"}],"wp:attachment":[{"href":"https:\/\/radioljubuski.ba\/index.php\/wp-json\/wp\/v2\/media?parent=119207"}],"wp:term":[{"taxonomy":"category","embeddable":true,"href":"https:\/\/radioljubuski.ba\/index.php\/wp-json\/wp\/v2\/categories?post=119207"},{"taxonomy":"post_tag","embeddable":true,"href":"https:\/\/radioljubuski.ba\/index.php\/wp-json\/wp\/v2\/tags?post=119207"}],"curies":[{"name":"wp","href":"https:\/\/api.w.org\/{rel}","templated":true}]}}