{"id":119210,"date":"2022-03-08T07:57:45","date_gmt":"2022-03-08T06:57:45","guid":{"rendered":"https:\/\/radioljubuski.ba\/?p=119210"},"modified":"2022-03-08T07:57:46","modified_gmt":"2022-03-08T06:57:46","slug":"analiza-u-bih-se-stvara-psihologija-straha","status":"publish","type":"post","link":"https:\/\/radioljubuski.ba\/index.php\/2022\/03\/08\/analiza-u-bih-se-stvara-psihologija-straha\/","title":{"rendered":"Analiza: U BiH se stvara psihologija straha"},"content":{"rendered":"\n<h5 class=\"wp-block-heading\">Iako za sada ne postoji nikakva sigurnosna opasnost na terenu kada je rije\u010d o naru\u0161avanju mira u Bosni i Hercegovini, posljednjih dana poja\u010dana je prisutnost snaga EUFOR-a, posebno ulaskom u zemlju preostalog dijela kontingenta od 500 vojnika.<\/h5>\n\n\n\n<p>Pored toga, iz komande Althea (vojne misije Europske unije u BiH)&nbsp;<strong>prihva\u0107ena je ponuda Francuske<\/strong>&nbsp;da se iznad BiH u ponedjeljak (7. o\u017eujka) po\u010dnu izvoditi<strong>&nbsp;trena\u017eni letovi mlaznim zrakoplovima.<\/strong>&nbsp;Kako se navodi, letovi \u0107e se odvijati \u201cpreko zapadnog Balkana\u201d, zrakoplovima tipa Rafale, s nosa\u010da aviona Charles de Gaulle, koji se trenutno nalazi u Sredozemlju, pi\u0161e&nbsp;<a href=\"https:\/\/www.dw.com\/hr\/stvara-se-psihologija-straha-u-bosni-i-hercegovini\/a-61034712\">Deutsche Welle<\/a>.<\/p>\n\n\n\n<h4 class=\"wp-block-heading\">Slanje poruke<\/h4>\n\n\n\n<p><em>U ovakvim vremenima, kada je sigurnosna ravnote\u017ea u Europi naru\u0161ena,<strong>\u00a0EU pokazuje svoju stalnu posve\u0107enost i odlu\u010dnost<\/strong>\u00a0da podr\u017ei sigurno i stabilno okru\u017eenje u BiH i na zapadnom Balkanu,<\/em>\u00a0navode iz EUFOR Althea.<\/p>\n\n\n\n<p>Sigurnosna situacija je stabilna na cijelom zapadnom Balkanu, smatraju analiti\u010dari, ali isti\u010du da se nijedna od ovih vje\u017ebi ili pomicanje kopnenih jedinica,&nbsp;<strong>ne odigrava slu\u010dajno.<\/strong>&nbsp;Zapad \u017eeli poslati jasnu poruku, ne samo BiH, ve\u0107 i prostoru cijele bi\u0161e Jugoslavije, da se stvari ne\u0107e mijenjati.<\/p>\n\n\n\n<p><em>Poja\u010danja koja \u0161alje EUFOR su poruka da se<strong>&nbsp;BiH vidi kao potencijalni izvor krize<\/strong>&nbsp;i \u017eeli se djelovati preventivno. Demonstracijom sile se \u017eeli pokazati, da se iz EU-a gleda ka BiH i prati sve \u0161to se doga\u0111a u politi\u010dkom okru\u017eju<\/em>, ka\u017ee vojno-politi\u010dki analiti\u010dar iz Beograda<strong>&nbsp;Aleksandar Radi\u0107.<\/strong><img loading=\"lazy\" decoding=\"async\" src=\"https:\/\/www.jabuka.tv\/wp-content\/uploads\/2022\/03\/francuski-rafale-zrakoplov.jpg\" alt=\"\" width=\"810\" height=\"456\" srcset=\"https:\/\/www.jabuka.tv\/wp-content\/uploads\/2022\/03\/francuski-rafale-zrakoplov.jpg 810w, https:\/\/www.jabuka.tv\/wp-content\/uploads\/2022\/03\/francuski-rafale-zrakoplov-300x169.jpg 300w, https:\/\/www.jabuka.tv\/wp-content\/uploads\/2022\/03\/francuski-rafale-zrakoplov-768x432.jpg 768w\"><\/p>\n\n\n\n<p id=\"caption-attachment-531920\">Francuski zrakoplov Rafale<\/p>\n\n\n\n<p><em>Bilo koja aktivnost, od poja\u010danja kopnenih snaga, pa preko vje\u017ebi koje se odr\u017eavaju,<strong>&nbsp;sve je to demonstracija sile<\/strong>. To je poruka, da situacija mora ostati stabilna<\/em>, isti\u010de Radi\u0107.<\/p>\n\n\n\n<h4 class=\"wp-block-heading\">Nema straha od konflikta<\/h4>\n\n\n\n<p>Krajem velja\u010de je u BiH stigla prva postrojba u okviru raspore\u0111ivanja<strong>&nbsp;dodatnih 500 pripadnika EUFOR-a<\/strong>. To aktiviranje rezervi je \u201cmjera kojom se daje podr\u0161ka ve\u0107 raspore\u0111enom ljudstvu EUFOR-a, i partnerima u BiH\u201d. Ovog vikenda po\u010delo je raspore\u0111ivanje ostalih pripadnika vojne misije EU-a, pa \u0107e ih s ovih 500<strong>, ukupno u BiH biti 1.100.<\/strong><\/p>\n\n\n\n<p><em>To je sve u okviru njihove misije i u okviru suglasnosti nadle\u017enih tijela BiH, uklju\u010duju\u0107i i Predsjedni\u0161tvo. Samo je sada pitanje,&nbsp;<strong>je li ovo trenutak za takvo ne\u0161to<\/strong>, posebno za trena\u017ene letove, s obzirom da su ljudi ve\u0107 dovoljno potreseni ratnim doga\u0111anjima u Ukrajini<\/em>, ka\u017ee profesor na Fakultetu za sigurnost u Banjoj Luci,&nbsp;<strong>Du\u0161ko Vejnovi\u0107.<\/strong><\/p>\n\n\n\n<p><em><strong>Stvara se psihologija straha<\/strong>, \u0161to bi moglo biti, \u0161to bi se moglo dogoditi, bi li etnonacionalisti u BiH mogli ne\u0161to poku\u0161ati\u2026. Ja apeliram na politi\u010dke elite,&nbsp;<strong>da prevladaju sve razlike.<\/strong>&nbsp;A \u0161to se ti\u010de konflikta, ne postoje izgledi da ga bude na teritoriju BiH<\/em>, uvjeren je Vejnovi\u0107.<\/p>\n\n\n\n<h4 class=\"wp-block-heading\">Medijski presing<\/h4>\n\n\n\n<p>Analiti\u010dari vjeruju da jedino medijska propaganda, koja je dostigla svoj&nbsp;<strong>povijesni maksimum u sukobu Rusije i Ukrajine<\/strong>, mo\u017ee izazvati daljnju destabilizaciju i na prostoru zapadnog Balkana.<img loading=\"lazy\" decoding=\"async\" src=\"https:\/\/www.jabuka.tv\/wp-content\/uploads\/2022\/03\/eufor-u-bih-2.jpg\" alt=\"\" width=\"810\" height=\"456\" srcset=\"https:\/\/www.jabuka.tv\/wp-content\/uploads\/2022\/03\/eufor-u-bih-2.jpg 810w, https:\/\/www.jabuka.tv\/wp-content\/uploads\/2022\/03\/eufor-u-bih-2-300x169.jpg 300w, https:\/\/www.jabuka.tv\/wp-content\/uploads\/2022\/03\/eufor-u-bih-2-768x432.jpg 768w\"><\/p>\n\n\n\n<p id=\"caption-attachment-531922\">Snage EUFOR-a u BiH<\/p>\n\n\n\n<p>Dobar primjer za to je nedavni poziv&nbsp;<strong>Ministarstva obrane Srbije<\/strong>&nbsp;osobama iz rezervnog sastava, za izvo\u0111enje vje\u017ebi u ovom mjesecu. Dio medija, ovu je aktivnost okvalificirao kao demonstraciju sile, prvenstveno prema zemljama u okru\u017eenju.<\/p>\n\n\n\n<p><em>Problem je \u0161to bi ova informacija u normalnim okolnostima&nbsp;<strong>pro\u0161la ispod radara jer je dio rutine<\/strong>, dok je sada vi\u0161e nego va\u017ena. Vojska Srbije provodi redovne aktivnosti. \u010cak su i promatra\u010di koji su zadu\u017eeni za sigurnost o\u010dekivali da \u0107e biti nekih vje\u017ebi,&nbsp;<strong>ali ne zbog rata u Ukrajini<\/strong>, ve\u0107 zato \u0161to se pribli\u017eavaju izbori u Srbiji. Gotovo pred svake izbore vlast je pokazivala vojsku, jer je jedan od aduta pokazivanje vojske glasa\u010dkom tijelu<\/em>, jasan je Radi\u0107.<\/p>\n\n\n\n<p>S druge strane, iz Oru\u017eanih snaga BiH,<strong>&nbsp;nema nikakvih informacija o stanju sigurnosti u zemlji,<\/strong>&nbsp;niti njihovim eventualnim aktivnostima u tom pravcu. Me\u0111utim, analiti\u010dari upozoravajju, da u ovakvim situacijama mogu\u0107eg naru\u0161avanja stabilnosti u zemlji Oru\u017eane snage BiH&nbsp;<strong>nemaju nikakav kapacitet za djelovanje<\/strong>, iz prakti\u010dnih razloga.<\/p>\n\n\n\n<p>\u201cNajbolje provedena reforma nakon Daytona\u201d<strong>&nbsp;ostavila je tri nacionalna puka unutar Oru\u017eanih snaga,<\/strong>&nbsp;\u0161to je u ovakvim situacijama, isti\u010du analiti\u010dari, \u010dini vi\u0161e dijelom problema, nego rje\u0161enja.<\/p>\n\n\n\n<p><strong>Izvor: Jabuka.tv<\/strong><\/p>\n","protected":false},"excerpt":{"rendered":"<p>Iako za sada ne postoji nikakva sigurnosna opasnost na terenu kada je rije\u010d o naru\u0161avanju mira u Bosni i Hercegovini, posljednjih dana poja\u010dana je prisutnost snaga EUFOR-a, posebno ulaskom u zemlju preostalog dijela kontingenta od 500 vojnika. Pored toga, iz komande Althea (vojne misije Europske unije u BiH)&nbsp;prihva\u0107ena je ponuda Francuske&nbsp;da se iznad BiH u [&hellip;]<\/p>\n","protected":false},"author":2,"featured_media":119036,"comment_status":"closed","ping_status":"closed","sticky":false,"template":"","format":"standard","meta":{"h5ap_radio_sources":[],"footnotes":""},"categories":[1],"tags":[],"class_list":["post-119210","post","type-post","status-publish","format-standard","has-post-thumbnail","hentry","category-bihiregija"],"yoast_head":"<!-- This site is optimized with the Yoast SEO plugin v27.5 - https:\/\/yoast.com\/product\/yoast-seo-wordpress\/ -->\n<title>Analiza: U BiH se stvara psihologija straha - RADIO LJUBU\u0160KI<\/title>\n<meta name=\"robots\" content=\"index, follow, max-snippet:-1, max-image-preview:large, max-video-preview:-1\" \/>\n<link rel=\"canonical\" href=\"https:\/\/radioljubuski.ba\/index.php\/2022\/03\/08\/analiza-u-bih-se-stvara-psihologija-straha\/\" \/>\n<meta property=\"og:locale\" content=\"hr_HR\" \/>\n<meta property=\"og:type\" content=\"article\" \/>\n<meta property=\"og:title\" content=\"Analiza: U BiH se stvara psihologija straha - RADIO LJUBU\u0160KI\" \/>\n<meta property=\"og:description\" content=\"Iako za sada ne postoji nikakva sigurnosna opasnost na terenu kada je rije\u010d o naru\u0161avanju mira u Bosni i Hercegovini, posljednjih dana poja\u010dana je prisutnost snaga EUFOR-a, posebno ulaskom u zemlju preostalog dijela kontingenta od 500 vojnika. Pored toga, iz komande Althea (vojne misije Europske unije u BiH)&nbsp;prihva\u0107ena je ponuda Francuske&nbsp;da se iznad BiH u [&hellip;]\" \/>\n<meta property=\"og:url\" content=\"https:\/\/radioljubuski.ba\/index.php\/2022\/03\/08\/analiza-u-bih-se-stvara-psihologija-straha\/\" \/>\n<meta property=\"og:site_name\" content=\"RADIO LJUBU\u0160KI\" \/>\n<meta property=\"article:publisher\" content=\"https:\/\/www.facebook.com\/Radiio-Ljubuski-1490835324566332\" \/>\n<meta property=\"article:published_time\" content=\"2022-03-08T06:57:45+00:00\" \/>\n<meta property=\"article:modified_time\" content=\"2022-03-08T06:57:46+00:00\" \/>\n<meta property=\"og:image\" content=\"https:\/\/radioljubuski.ba\/wp-content\/uploads\/2022\/03\/8-2022-03-07-15-00-03-EUFOR-AVAZ.jpg\" \/>\n\t<meta property=\"og:image:width\" content=\"1000\" \/>\n\t<meta property=\"og:image:height\" content=\"625\" \/>\n\t<meta property=\"og:image:type\" content=\"image\/jpeg\" \/>\n<meta name=\"author\" content=\"Radio Ljubu\u0161ki\" \/>\n<meta name=\"twitter:card\" content=\"summary_large_image\" \/>\n<meta name=\"twitter:creator\" content=\"@radioljubuski\" \/>\n<meta name=\"twitter:site\" content=\"@radioljubuski\" \/>\n<meta name=\"twitter:label1\" content=\"Napisao\/la\" \/>\n\t<meta name=\"twitter:data1\" content=\"Radio Ljubu\u0161ki\" \/>\n\t<meta name=\"twitter:label2\" content=\"Procijenjeno vrijeme \u010ditanja\" \/>\n\t<meta name=\"twitter:data2\" content=\"4 minute\" \/>\n<script type=\"application\/ld+json\" class=\"yoast-schema-graph\">{\"@context\":\"https:\\\/\\\/schema.org\",\"@graph\":[{\"@type\":\"Article\",\"@id\":\"https:\\\/\\\/radioljubuski.ba\\\/index.php\\\/2022\\\/03\\\/08\\\/analiza-u-bih-se-stvara-psihologija-straha\\\/#article\",\"isPartOf\":{\"@id\":\"https:\\\/\\\/radioljubuski.ba\\\/index.php\\\/2022\\\/03\\\/08\\\/analiza-u-bih-se-stvara-psihologija-straha\\\/\"},\"author\":{\"name\":\"Radio Ljubu\u0161ki\",\"@id\":\"https:\\\/\\\/radioljubuski.ba\\\/#\\\/schema\\\/person\\\/19fc700381a780f69665d7956c469e3b\"},\"headline\":\"Analiza: U BiH se stvara psihologija straha\",\"datePublished\":\"2022-03-08T06:57:45+00:00\",\"dateModified\":\"2022-03-08T06:57:46+00:00\",\"mainEntityOfPage\":{\"@id\":\"https:\\\/\\\/radioljubuski.ba\\\/index.php\\\/2022\\\/03\\\/08\\\/analiza-u-bih-se-stvara-psihologija-straha\\\/\"},\"wordCount\":730,\"publisher\":{\"@id\":\"https:\\\/\\\/radioljubuski.ba\\\/#organization\"},\"image\":{\"@id\":\"https:\\\/\\\/radioljubuski.ba\\\/index.php\\\/2022\\\/03\\\/08\\\/analiza-u-bih-se-stvara-psihologija-straha\\\/#primaryimage\"},\"thumbnailUrl\":\"https:\\\/\\\/radioljubuski.ba\\\/wp-content\\\/uploads\\\/2022\\\/03\\\/8-2022-03-07-15-00-03-EUFOR-AVAZ.jpg\",\"articleSection\":[\"BIH i regija\"],\"inLanguage\":\"hr\"},{\"@type\":\"WebPage\",\"@id\":\"https:\\\/\\\/radioljubuski.ba\\\/index.php\\\/2022\\\/03\\\/08\\\/analiza-u-bih-se-stvara-psihologija-straha\\\/\",\"url\":\"https:\\\/\\\/radioljubuski.ba\\\/index.php\\\/2022\\\/03\\\/08\\\/analiza-u-bih-se-stvara-psihologija-straha\\\/\",\"name\":\"Analiza: U BiH se stvara psihologija straha - RADIO LJUBU\u0160KI\",\"isPartOf\":{\"@id\":\"https:\\\/\\\/radioljubuski.ba\\\/#website\"},\"primaryImageOfPage\":{\"@id\":\"https:\\\/\\\/radioljubuski.ba\\\/index.php\\\/2022\\\/03\\\/08\\\/analiza-u-bih-se-stvara-psihologija-straha\\\/#primaryimage\"},\"image\":{\"@id\":\"https:\\\/\\\/radioljubuski.ba\\\/index.php\\\/2022\\\/03\\\/08\\\/analiza-u-bih-se-stvara-psihologija-straha\\\/#primaryimage\"},\"thumbnailUrl\":\"https:\\\/\\\/radioljubuski.ba\\\/wp-content\\\/uploads\\\/2022\\\/03\\\/8-2022-03-07-15-00-03-EUFOR-AVAZ.jpg\",\"datePublished\":\"2022-03-08T06:57:45+00:00\",\"dateModified\":\"2022-03-08T06:57:46+00:00\",\"breadcrumb\":{\"@id\":\"https:\\\/\\\/radioljubuski.ba\\\/index.php\\\/2022\\\/03\\\/08\\\/analiza-u-bih-se-stvara-psihologija-straha\\\/#breadcrumb\"},\"inLanguage\":\"hr\",\"potentialAction\":[{\"@type\":\"ReadAction\",\"target\":[\"https:\\\/\\\/radioljubuski.ba\\\/index.php\\\/2022\\\/03\\\/08\\\/analiza-u-bih-se-stvara-psihologija-straha\\\/\"]}]},{\"@type\":\"ImageObject\",\"inLanguage\":\"hr\",\"@id\":\"https:\\\/\\\/radioljubuski.ba\\\/index.php\\\/2022\\\/03\\\/08\\\/analiza-u-bih-se-stvara-psihologija-straha\\\/#primaryimage\",\"url\":\"https:\\\/\\\/radioljubuski.ba\\\/wp-content\\\/uploads\\\/2022\\\/03\\\/8-2022-03-07-15-00-03-EUFOR-AVAZ.jpg\",\"contentUrl\":\"https:\\\/\\\/radioljubuski.ba\\\/wp-content\\\/uploads\\\/2022\\\/03\\\/8-2022-03-07-15-00-03-EUFOR-AVAZ.jpg\",\"width\":1000,\"height\":625},{\"@type\":\"BreadcrumbList\",\"@id\":\"https:\\\/\\\/radioljubuski.ba\\\/index.php\\\/2022\\\/03\\\/08\\\/analiza-u-bih-se-stvara-psihologija-straha\\\/#breadcrumb\",\"itemListElement\":[{\"@type\":\"ListItem\",\"position\":1,\"name\":\"Po\u010detna stranica\",\"item\":\"https:\\\/\\\/radioljubuski.ba\\\/\"},{\"@type\":\"ListItem\",\"position\":2,\"name\":\"Analiza: U BiH se stvara psihologija straha\"}]},{\"@type\":\"WebSite\",\"@id\":\"https:\\\/\\\/radioljubuski.ba\\\/#website\",\"url\":\"https:\\\/\\\/radioljubuski.ba\\\/\",\"name\":\"Radio Ljubu\u0161ki\",\"description\":\"Sun\u010dana frekvencija Hercegovine\",\"publisher\":{\"@id\":\"https:\\\/\\\/radioljubuski.ba\\\/#organization\"},\"potentialAction\":[{\"@type\":\"SearchAction\",\"target\":{\"@type\":\"EntryPoint\",\"urlTemplate\":\"https:\\\/\\\/radioljubuski.ba\\\/?s={search_term_string}\"},\"query-input\":{\"@type\":\"PropertyValueSpecification\",\"valueRequired\":true,\"valueName\":\"search_term_string\"}}],\"inLanguage\":\"hr\"},{\"@type\":\"Organization\",\"@id\":\"https:\\\/\\\/radioljubuski.ba\\\/#organization\",\"name\":\"Radio Ljubu\u0161ki\",\"url\":\"https:\\\/\\\/radioljubuski.ba\\\/\",\"logo\":{\"@type\":\"ImageObject\",\"inLanguage\":\"hr\",\"@id\":\"https:\\\/\\\/radioljubuski.ba\\\/#\\\/schema\\\/logo\\\/image\\\/\",\"url\":\"https:\\\/\\\/radioljubuski.ba\\\/wp-content\\\/uploads\\\/2021\\\/02\\\/cropped-Radio_Ljubuski_logo1.jpg\",\"contentUrl\":\"https:\\\/\\\/radioljubuski.ba\\\/wp-content\\\/uploads\\\/2021\\\/02\\\/cropped-Radio_Ljubuski_logo1.jpg\",\"width\":512,\"height\":512,\"caption\":\"Radio Ljubu\u0161ki\"},\"image\":{\"@id\":\"https:\\\/\\\/radioljubuski.ba\\\/#\\\/schema\\\/logo\\\/image\\\/\"},\"sameAs\":[\"https:\\\/\\\/www.facebook.com\\\/Radiio-Ljubuski-1490835324566332\",\"https:\\\/\\\/x.com\\\/radioljubuski\",\"https:\\\/\\\/hr.linkedin.com\\\/company\\\/radio-ljubuski\",\"https:\\\/\\\/www.youtube.com\\\/channel\\\/UCHYaeO_n0Db3tjNGudGpXyw\"]},{\"@type\":\"Person\",\"@id\":\"https:\\\/\\\/radioljubuski.ba\\\/#\\\/schema\\\/person\\\/19fc700381a780f69665d7956c469e3b\",\"name\":\"Radio Ljubu\u0161ki\"}]}<\/script>\n<!-- \/ Yoast SEO plugin. -->","yoast_head_json":{"title":"Analiza: U BiH se stvara psihologija straha - RADIO LJUBU\u0160KI","robots":{"index":"index","follow":"follow","max-snippet":"max-snippet:-1","max-image-preview":"max-image-preview:large","max-video-preview":"max-video-preview:-1"},"canonical":"https:\/\/radioljubuski.ba\/index.php\/2022\/03\/08\/analiza-u-bih-se-stvara-psihologija-straha\/","og_locale":"hr_HR","og_type":"article","og_title":"Analiza: U BiH se stvara psihologija straha - RADIO LJUBU\u0160KI","og_description":"Iako za sada ne postoji nikakva sigurnosna opasnost na terenu kada je rije\u010d o naru\u0161avanju mira u Bosni i Hercegovini, posljednjih dana poja\u010dana je prisutnost snaga EUFOR-a, posebno ulaskom u zemlju preostalog dijela kontingenta od 500 vojnika. Pored toga, iz komande Althea (vojne misije Europske unije u BiH)&nbsp;prihva\u0107ena je ponuda Francuske&nbsp;da se iznad BiH u [&hellip;]","og_url":"https:\/\/radioljubuski.ba\/index.php\/2022\/03\/08\/analiza-u-bih-se-stvara-psihologija-straha\/","og_site_name":"RADIO LJUBU\u0160KI","article_publisher":"https:\/\/www.facebook.com\/Radiio-Ljubuski-1490835324566332","article_published_time":"2022-03-08T06:57:45+00:00","article_modified_time":"2022-03-08T06:57:46+00:00","og_image":[{"width":1000,"height":625,"url":"https:\/\/radioljubuski.ba\/wp-content\/uploads\/2022\/03\/8-2022-03-07-15-00-03-EUFOR-AVAZ.jpg","type":"image\/jpeg"}],"author":"Radio Ljubu\u0161ki","twitter_card":"summary_large_image","twitter_creator":"@radioljubuski","twitter_site":"@radioljubuski","twitter_misc":{"Napisao\/la":"Radio Ljubu\u0161ki","Procijenjeno vrijeme \u010ditanja":"4 minute"},"schema":{"@context":"https:\/\/schema.org","@graph":[{"@type":"Article","@id":"https:\/\/radioljubuski.ba\/index.php\/2022\/03\/08\/analiza-u-bih-se-stvara-psihologija-straha\/#article","isPartOf":{"@id":"https:\/\/radioljubuski.ba\/index.php\/2022\/03\/08\/analiza-u-bih-se-stvara-psihologija-straha\/"},"author":{"name":"Radio Ljubu\u0161ki","@id":"https:\/\/radioljubuski.ba\/#\/schema\/person\/19fc700381a780f69665d7956c469e3b"},"headline":"Analiza: U BiH se stvara psihologija straha","datePublished":"2022-03-08T06:57:45+00:00","dateModified":"2022-03-08T06:57:46+00:00","mainEntityOfPage":{"@id":"https:\/\/radioljubuski.ba\/index.php\/2022\/03\/08\/analiza-u-bih-se-stvara-psihologija-straha\/"},"wordCount":730,"publisher":{"@id":"https:\/\/radioljubuski.ba\/#organization"},"image":{"@id":"https:\/\/radioljubuski.ba\/index.php\/2022\/03\/08\/analiza-u-bih-se-stvara-psihologija-straha\/#primaryimage"},"thumbnailUrl":"https:\/\/radioljubuski.ba\/wp-content\/uploads\/2022\/03\/8-2022-03-07-15-00-03-EUFOR-AVAZ.jpg","articleSection":["BIH i regija"],"inLanguage":"hr"},{"@type":"WebPage","@id":"https:\/\/radioljubuski.ba\/index.php\/2022\/03\/08\/analiza-u-bih-se-stvara-psihologija-straha\/","url":"https:\/\/radioljubuski.ba\/index.php\/2022\/03\/08\/analiza-u-bih-se-stvara-psihologija-straha\/","name":"Analiza: U BiH se stvara psihologija straha - RADIO LJUBU\u0160KI","isPartOf":{"@id":"https:\/\/radioljubuski.ba\/#website"},"primaryImageOfPage":{"@id":"https:\/\/radioljubuski.ba\/index.php\/2022\/03\/08\/analiza-u-bih-se-stvara-psihologija-straha\/#primaryimage"},"image":{"@id":"https:\/\/radioljubuski.ba\/index.php\/2022\/03\/08\/analiza-u-bih-se-stvara-psihologija-straha\/#primaryimage"},"thumbnailUrl":"https:\/\/radioljubuski.ba\/wp-content\/uploads\/2022\/03\/8-2022-03-07-15-00-03-EUFOR-AVAZ.jpg","datePublished":"2022-03-08T06:57:45+00:00","dateModified":"2022-03-08T06:57:46+00:00","breadcrumb":{"@id":"https:\/\/radioljubuski.ba\/index.php\/2022\/03\/08\/analiza-u-bih-se-stvara-psihologija-straha\/#breadcrumb"},"inLanguage":"hr","potentialAction":[{"@type":"ReadAction","target":["https:\/\/radioljubuski.ba\/index.php\/2022\/03\/08\/analiza-u-bih-se-stvara-psihologija-straha\/"]}]},{"@type":"ImageObject","inLanguage":"hr","@id":"https:\/\/radioljubuski.ba\/index.php\/2022\/03\/08\/analiza-u-bih-se-stvara-psihologija-straha\/#primaryimage","url":"https:\/\/radioljubuski.ba\/wp-content\/uploads\/2022\/03\/8-2022-03-07-15-00-03-EUFOR-AVAZ.jpg","contentUrl":"https:\/\/radioljubuski.ba\/wp-content\/uploads\/2022\/03\/8-2022-03-07-15-00-03-EUFOR-AVAZ.jpg","width":1000,"height":625},{"@type":"BreadcrumbList","@id":"https:\/\/radioljubuski.ba\/index.php\/2022\/03\/08\/analiza-u-bih-se-stvara-psihologija-straha\/#breadcrumb","itemListElement":[{"@type":"ListItem","position":1,"name":"Po\u010detna stranica","item":"https:\/\/radioljubuski.ba\/"},{"@type":"ListItem","position":2,"name":"Analiza: U BiH se stvara psihologija straha"}]},{"@type":"WebSite","@id":"https:\/\/radioljubuski.ba\/#website","url":"https:\/\/radioljubuski.ba\/","name":"Radio Ljubu\u0161ki","description":"Sun\u010dana frekvencija Hercegovine","publisher":{"@id":"https:\/\/radioljubuski.ba\/#organization"},"potentialAction":[{"@type":"SearchAction","target":{"@type":"EntryPoint","urlTemplate":"https:\/\/radioljubuski.ba\/?s={search_term_string}"},"query-input":{"@type":"PropertyValueSpecification","valueRequired":true,"valueName":"search_term_string"}}],"inLanguage":"hr"},{"@type":"Organization","@id":"https:\/\/radioljubuski.ba\/#organization","name":"Radio Ljubu\u0161ki","url":"https:\/\/radioljubuski.ba\/","logo":{"@type":"ImageObject","inLanguage":"hr","@id":"https:\/\/radioljubuski.ba\/#\/schema\/logo\/image\/","url":"https:\/\/radioljubuski.ba\/wp-content\/uploads\/2021\/02\/cropped-Radio_Ljubuski_logo1.jpg","contentUrl":"https:\/\/radioljubuski.ba\/wp-content\/uploads\/2021\/02\/cropped-Radio_Ljubuski_logo1.jpg","width":512,"height":512,"caption":"Radio Ljubu\u0161ki"},"image":{"@id":"https:\/\/radioljubuski.ba\/#\/schema\/logo\/image\/"},"sameAs":["https:\/\/www.facebook.com\/Radiio-Ljubuski-1490835324566332","https:\/\/x.com\/radioljubuski","https:\/\/hr.linkedin.com\/company\/radio-ljubuski","https:\/\/www.youtube.com\/channel\/UCHYaeO_n0Db3tjNGudGpXyw"]},{"@type":"Person","@id":"https:\/\/radioljubuski.ba\/#\/schema\/person\/19fc700381a780f69665d7956c469e3b","name":"Radio Ljubu\u0161ki"}]}},"_links":{"self":[{"href":"https:\/\/radioljubuski.ba\/index.php\/wp-json\/wp\/v2\/posts\/119210","targetHints":{"allow":["GET"]}}],"collection":[{"href":"https:\/\/radioljubuski.ba\/index.php\/wp-json\/wp\/v2\/posts"}],"about":[{"href":"https:\/\/radioljubuski.ba\/index.php\/wp-json\/wp\/v2\/types\/post"}],"author":[{"embeddable":true,"href":"https:\/\/radioljubuski.ba\/index.php\/wp-json\/wp\/v2\/users\/2"}],"replies":[{"embeddable":true,"href":"https:\/\/radioljubuski.ba\/index.php\/wp-json\/wp\/v2\/comments?post=119210"}],"version-history":[{"count":1,"href":"https:\/\/radioljubuski.ba\/index.php\/wp-json\/wp\/v2\/posts\/119210\/revisions"}],"predecessor-version":[{"id":119211,"href":"https:\/\/radioljubuski.ba\/index.php\/wp-json\/wp\/v2\/posts\/119210\/revisions\/119211"}],"wp:featuredmedia":[{"embeddable":true,"href":"https:\/\/radioljubuski.ba\/index.php\/wp-json\/wp\/v2\/media\/119036"}],"wp:attachment":[{"href":"https:\/\/radioljubuski.ba\/index.php\/wp-json\/wp\/v2\/media?parent=119210"}],"wp:term":[{"taxonomy":"category","embeddable":true,"href":"https:\/\/radioljubuski.ba\/index.php\/wp-json\/wp\/v2\/categories?post=119210"},{"taxonomy":"post_tag","embeddable":true,"href":"https:\/\/radioljubuski.ba\/index.php\/wp-json\/wp\/v2\/tags?post=119210"}],"curies":[{"name":"wp","href":"https:\/\/api.w.org\/{rel}","templated":true}]}}