{"id":119237,"date":"2022-03-08T11:19:53","date_gmt":"2022-03-08T10:19:53","guid":{"rendered":"https:\/\/radioljubuski.ba\/?p=119237"},"modified":"2022-03-08T11:19:54","modified_gmt":"2022-03-08T10:19:54","slug":"facebook-imate-li-zivaca-za-citanje-nebitnih-gluposti-o-ljudima-koje-ne-poznajete","status":"publish","type":"post","link":"https:\/\/radioljubuski.ba\/index.php\/2022\/03\/08\/facebook-imate-li-zivaca-za-citanje-nebitnih-gluposti-o-ljudima-koje-ne-poznajete\/","title":{"rendered":"Facebook: Imate li \u017eivaca za  \u010ditanje nebitnih gluposti o ljudima koje ne poznajete?"},"content":{"rendered":"\n<p>Facebook je definitivno u\u0161ao u na\u0161u svakodnevnicu. U ovome \u010dlanku donosim nekoliko primjera kako da se koristite ovom alatom, a da pri tome ne izgubite puno vremena, da se organizirate za poslovni i privatni \u017eivot, te da pri tome ne bude opsjednuti otvaranjem ekrana gledaju\u0107i dali Vam je netko lajkao status.&nbsp;<\/p>\n\n\n\n<p><em><strong>1. Da li slobodno vrijeme koristite za Facebook?&nbsp;<\/strong><\/em><\/p>\n\n\n\n<p>Kao prvo, moramo biti svjesni \u010dinjenice da je Facebook genijalac u gutanju va\u0161eg vremena. Ako ste u fazi slobodnog vremena prepu\u0161teni sami sebi i mislima, ne dozvolite da svako malo provjeravate Facebook da vidite \u0161ta se doga\u0111a. Ako spadate u tu grupu ljudi koji svake minute bacaju pogled na ekran spadate u ve\u0107 polako opsjednute osobe da vidite je li susjeda stavila ru\u010dak pa uslikala. Ne ulazite u mre\u017eu ovog genijalca alata koji Vam oduzima slobodno vrijeme koje je ne\u0161to samo Va\u0161e. Osim, ako ste osoba koja u\u017eiva i kojoj se izlu\u010duje hormon sre\u0107e zure\u0107i u ekran, tada nastavite u\u017eivati.&nbsp;<\/p>\n\n\n\n<p><em><strong>2.Prona\u0161li ste novi posao!&nbsp;<\/strong><\/em><\/p>\n\n\n\n<p>Ako ste se umorili tra\u017ee\u0107i posao vremena i vremena, i napokon Vam se ostvario san dobili ste posao, sada u druge planove spada da tijekom radnog vremena koristite Facebook. Osim \u0161to \u0107e umanjiti va\u0161u produktivnost i koncentraciju na poslu, svako malo \u0107e te s jedne stranice ulaziti u drugu gdje mo\u017eete i u velikom obimu posla pogrije\u0161iti. Budite pametni, \u0161to manje Facebook koristite dok ste na poslu, jer ako ste novi u tvrtci slijedite proceduru tvrtke, upoznajte se sa va\u0161im obvezama i zadacima. A i ne mo\u017eete znati da li Vas \u0161ef prati koliko ste puta tijekom radnog vremena otvarali Facebook.&nbsp;<\/p>\n\n\n\n<p><em><strong>3. Savjet-privatni \u017eivot ostavite za sebe!&nbsp;<\/strong><\/em><\/p>\n\n\n\n<p>Svoj privatni \u017eivot ostavite za sebe! Vjerovatno \u0107ete imati zahtjeva za prijateljstva od radnih kolega da ih prihvatite na Facebooku. Moj savjet je da izbjegavate iz razloga \u0161to ne znate kakve su im namjere. Netko \u0107e \u017eeljeti kopati po va\u0161em \u017eivotu, istra\u017euju\u0107i gdje idete, \u0161to kupujete, s kim hodate, \u0161to su vam hobiji i sli\u010dno. Ovo je stepenica koja je skliska, jer ako to u\u010dinite poslije \u0107e te se pravdati bila sam ovdje, \u0161opingirala sam, bila u restoranu i tako dalje. Imate i drugih radnih kolega koji bi preko Facebook vas vi\u0161e upoznali, mo\u017eda izlazili s Vama, i sli\u010dno. U svakom slu\u010daju to mo\u017eete i na dogovorenoj kavi poslije posla.&nbsp;<\/p>\n\n\n\n<p><em><strong>4.Nepoznati zahtjevi &nbsp;prijatelja vodi u &nbsp;ovisnost?&nbsp;<\/strong><\/em><\/p>\n\n\n\n<p>Ako ste osoba koja voli imati \u0161to ve\u0107i broj prijatelja na Facebooku, onda \u0107ete jedno vrijeme se dobro nositi s time. No, \u0161to Vas mo\u017ee \u010dekati? Jedan period \u0107e Vam biti zabavno., no s vremenom to mo\u017ee prerasti u bezumnu utrku u nagomilavanju prijatelja \u010dije aktivnosti jednostavno ne mo\u017eete (a vjerojatno i ne \u017eelite) pratiti. Ovdje je isto sklizak teren, ne znate tko je s druge strane profila, mo\u017ee imati negativnu konotaciju. To mogu biti ljudi koji vas \u0161pijuniraju, psihopati sa raznim namjerama, osobe koje mogu kopirati va\u0161e radove, slije, postove i sli\u010dno. Opet je zna\u010di na Vama kako \u0107ete postupiti.&nbsp;<\/p>\n\n\n\n<p><em><strong>5. Imate li \u017eivaca za &nbsp;\u010ditanje nebitnih gluposti o ljudima koje ne poznajete?&nbsp;<\/strong><\/em><\/p>\n\n\n\n<p>Neugodno je maknuti nekoga sa liste prijatelja ili blokirati. Ali, ako ste pretrpali listu prijatelja, a ne \u017eelite nikoga izbaciti, otkrit \u0107emo vam mali trik koji mo\u017eda niste znali: u News Feedu mo\u017eete za svaku novost kliknuti na Options te podesiti koliko \u010desto \u017eelite da se pojavljuju postovi od te osobe, na ovaj na\u010din \u0107ete u\u0161tedjeti puno \u017eivaca, i maknuti gomilu stvari koje su vam nepotrebne.&nbsp;<\/p>\n\n\n\n<p>6. \u0160to raditi s dosadnim prijateljima &nbsp;kojih se ne mo\u017eete rije\u0161iti?&nbsp;<\/p>\n\n\n\n<p>Mo\u017eda sad ve\u0107 kolutate o\u010dima i proklinjete dan kad ste se oka\u010dili o ovu mre\u017eu. Te\u0161ko je kad imate normalne stvarne prijatelje, ali koji na Facebooku vas izlu\u0111uju, jer Vam \u0161alju svako malo da budete \u010dlan nove grupe, \u0161alju Vam glupe igrice, kvizove i sli\u010dno. Nema vam druge nego svakodnevno klikati na tipku Ignore par desetaka puta te nastavite kolutati o\u010dima mole\u0107i da nestane struje.&nbsp;<\/p>\n\n\n\n<p>Izvor:pogled.ba<\/p>\n","protected":false},"excerpt":{"rendered":"<p>Facebook je definitivno u\u0161ao u na\u0161u svakodnevnicu. U ovome \u010dlanku donosim nekoliko primjera kako da se koristite ovom alatom, a da pri tome ne izgubite puno vremena, da se organizirate za poslovni i privatni \u017eivot, te da pri tome ne bude opsjednuti otvaranjem ekrana gledaju\u0107i dali Vam je netko lajkao status.&nbsp; 1. Da li slobodno [&hellip;]<\/p>\n","protected":false},"author":2,"featured_media":119238,"comment_status":"closed","ping_status":"closed","sticky":false,"template":"","format":"standard","meta":{"h5ap_radio_sources":[],"footnotes":""},"categories":[1],"tags":[],"class_list":["post-119237","post","type-post","status-publish","format-standard","has-post-thumbnail","hentry","category-bihiregija"],"yoast_head":"<!-- This site is optimized with the Yoast SEO plugin v27.5 - https:\/\/yoast.com\/product\/yoast-seo-wordpress\/ -->\n<title>Facebook: Imate li \u017eivaca za \u010ditanje nebitnih gluposti o ljudima koje ne poznajete? - RADIO LJUBU\u0160KI<\/title>\n<meta name=\"robots\" content=\"index, follow, max-snippet:-1, max-image-preview:large, max-video-preview:-1\" \/>\n<link rel=\"canonical\" href=\"https:\/\/radioljubuski.ba\/index.php\/2022\/03\/08\/facebook-imate-li-zivaca-za-citanje-nebitnih-gluposti-o-ljudima-koje-ne-poznajete\/\" \/>\n<meta property=\"og:locale\" content=\"hr_HR\" \/>\n<meta property=\"og:type\" content=\"article\" \/>\n<meta property=\"og:title\" content=\"Facebook: Imate li \u017eivaca za \u010ditanje nebitnih gluposti o ljudima koje ne poznajete? - RADIO LJUBU\u0160KI\" \/>\n<meta property=\"og:description\" content=\"Facebook je definitivno u\u0161ao u na\u0161u svakodnevnicu. U ovome \u010dlanku donosim nekoliko primjera kako da se koristite ovom alatom, a da pri tome ne izgubite puno vremena, da se organizirate za poslovni i privatni \u017eivot, te da pri tome ne bude opsjednuti otvaranjem ekrana gledaju\u0107i dali Vam je netko lajkao status.&nbsp; 1. Da li slobodno [&hellip;]\" \/>\n<meta property=\"og:url\" content=\"https:\/\/radioljubuski.ba\/index.php\/2022\/03\/08\/facebook-imate-li-zivaca-za-citanje-nebitnih-gluposti-o-ljudima-koje-ne-poznajete\/\" \/>\n<meta property=\"og:site_name\" content=\"RADIO LJUBU\u0160KI\" \/>\n<meta property=\"article:publisher\" content=\"https:\/\/www.facebook.com\/Radiio-Ljubuski-1490835324566332\" \/>\n<meta property=\"article:published_time\" content=\"2022-03-08T10:19:53+00:00\" \/>\n<meta property=\"article:modified_time\" content=\"2022-03-08T10:19:54+00:00\" \/>\n<meta property=\"og:image\" content=\"https:\/\/radioljubuski.ba\/wp-content\/uploads\/2022\/03\/9-2021-10-04-19-43-12-faceee.jpg\" \/>\n\t<meta property=\"og:image:width\" content=\"1000\" \/>\n\t<meta property=\"og:image:height\" content=\"625\" \/>\n\t<meta property=\"og:image:type\" content=\"image\/jpeg\" \/>\n<meta name=\"author\" content=\"Radio Ljubu\u0161ki\" \/>\n<meta name=\"twitter:card\" content=\"summary_large_image\" \/>\n<meta name=\"twitter:creator\" content=\"@radioljubuski\" \/>\n<meta name=\"twitter:site\" content=\"@radioljubuski\" \/>\n<meta name=\"twitter:label1\" content=\"Napisao\/la\" \/>\n\t<meta name=\"twitter:data1\" content=\"Radio Ljubu\u0161ki\" \/>\n\t<meta name=\"twitter:label2\" content=\"Procijenjeno vrijeme \u010ditanja\" \/>\n\t<meta name=\"twitter:data2\" content=\"3 minute\" \/>\n<script type=\"application\/ld+json\" class=\"yoast-schema-graph\">{\"@context\":\"https:\\\/\\\/schema.org\",\"@graph\":[{\"@type\":\"Article\",\"@id\":\"https:\\\/\\\/radioljubuski.ba\\\/index.php\\\/2022\\\/03\\\/08\\\/facebook-imate-li-zivaca-za-citanje-nebitnih-gluposti-o-ljudima-koje-ne-poznajete\\\/#article\",\"isPartOf\":{\"@id\":\"https:\\\/\\\/radioljubuski.ba\\\/index.php\\\/2022\\\/03\\\/08\\\/facebook-imate-li-zivaca-za-citanje-nebitnih-gluposti-o-ljudima-koje-ne-poznajete\\\/\"},\"author\":{\"name\":\"Radio Ljubu\u0161ki\",\"@id\":\"https:\\\/\\\/radioljubuski.ba\\\/#\\\/schema\\\/person\\\/19fc700381a780f69665d7956c469e3b\"},\"headline\":\"Facebook: Imate li \u017eivaca za \u010ditanje nebitnih gluposti o ljudima koje ne poznajete?\",\"datePublished\":\"2022-03-08T10:19:53+00:00\",\"dateModified\":\"2022-03-08T10:19:54+00:00\",\"mainEntityOfPage\":{\"@id\":\"https:\\\/\\\/radioljubuski.ba\\\/index.php\\\/2022\\\/03\\\/08\\\/facebook-imate-li-zivaca-za-citanje-nebitnih-gluposti-o-ljudima-koje-ne-poznajete\\\/\"},\"wordCount\":727,\"publisher\":{\"@id\":\"https:\\\/\\\/radioljubuski.ba\\\/#organization\"},\"image\":{\"@id\":\"https:\\\/\\\/radioljubuski.ba\\\/index.php\\\/2022\\\/03\\\/08\\\/facebook-imate-li-zivaca-za-citanje-nebitnih-gluposti-o-ljudima-koje-ne-poznajete\\\/#primaryimage\"},\"thumbnailUrl\":\"https:\\\/\\\/radioljubuski.ba\\\/wp-content\\\/uploads\\\/2022\\\/03\\\/9-2021-10-04-19-43-12-faceee.jpg\",\"articleSection\":[\"BIH i regija\"],\"inLanguage\":\"hr\"},{\"@type\":\"WebPage\",\"@id\":\"https:\\\/\\\/radioljubuski.ba\\\/index.php\\\/2022\\\/03\\\/08\\\/facebook-imate-li-zivaca-za-citanje-nebitnih-gluposti-o-ljudima-koje-ne-poznajete\\\/\",\"url\":\"https:\\\/\\\/radioljubuski.ba\\\/index.php\\\/2022\\\/03\\\/08\\\/facebook-imate-li-zivaca-za-citanje-nebitnih-gluposti-o-ljudima-koje-ne-poznajete\\\/\",\"name\":\"Facebook: Imate li \u017eivaca za \u010ditanje nebitnih gluposti o ljudima koje ne poznajete? - RADIO LJUBU\u0160KI\",\"isPartOf\":{\"@id\":\"https:\\\/\\\/radioljubuski.ba\\\/#website\"},\"primaryImageOfPage\":{\"@id\":\"https:\\\/\\\/radioljubuski.ba\\\/index.php\\\/2022\\\/03\\\/08\\\/facebook-imate-li-zivaca-za-citanje-nebitnih-gluposti-o-ljudima-koje-ne-poznajete\\\/#primaryimage\"},\"image\":{\"@id\":\"https:\\\/\\\/radioljubuski.ba\\\/index.php\\\/2022\\\/03\\\/08\\\/facebook-imate-li-zivaca-za-citanje-nebitnih-gluposti-o-ljudima-koje-ne-poznajete\\\/#primaryimage\"},\"thumbnailUrl\":\"https:\\\/\\\/radioljubuski.ba\\\/wp-content\\\/uploads\\\/2022\\\/03\\\/9-2021-10-04-19-43-12-faceee.jpg\",\"datePublished\":\"2022-03-08T10:19:53+00:00\",\"dateModified\":\"2022-03-08T10:19:54+00:00\",\"breadcrumb\":{\"@id\":\"https:\\\/\\\/radioljubuski.ba\\\/index.php\\\/2022\\\/03\\\/08\\\/facebook-imate-li-zivaca-za-citanje-nebitnih-gluposti-o-ljudima-koje-ne-poznajete\\\/#breadcrumb\"},\"inLanguage\":\"hr\",\"potentialAction\":[{\"@type\":\"ReadAction\",\"target\":[\"https:\\\/\\\/radioljubuski.ba\\\/index.php\\\/2022\\\/03\\\/08\\\/facebook-imate-li-zivaca-za-citanje-nebitnih-gluposti-o-ljudima-koje-ne-poznajete\\\/\"]}]},{\"@type\":\"ImageObject\",\"inLanguage\":\"hr\",\"@id\":\"https:\\\/\\\/radioljubuski.ba\\\/index.php\\\/2022\\\/03\\\/08\\\/facebook-imate-li-zivaca-za-citanje-nebitnih-gluposti-o-ljudima-koje-ne-poznajete\\\/#primaryimage\",\"url\":\"https:\\\/\\\/radioljubuski.ba\\\/wp-content\\\/uploads\\\/2022\\\/03\\\/9-2021-10-04-19-43-12-faceee.jpg\",\"contentUrl\":\"https:\\\/\\\/radioljubuski.ba\\\/wp-content\\\/uploads\\\/2022\\\/03\\\/9-2021-10-04-19-43-12-faceee.jpg\",\"width\":1000,\"height\":625},{\"@type\":\"BreadcrumbList\",\"@id\":\"https:\\\/\\\/radioljubuski.ba\\\/index.php\\\/2022\\\/03\\\/08\\\/facebook-imate-li-zivaca-za-citanje-nebitnih-gluposti-o-ljudima-koje-ne-poznajete\\\/#breadcrumb\",\"itemListElement\":[{\"@type\":\"ListItem\",\"position\":1,\"name\":\"Po\u010detna stranica\",\"item\":\"https:\\\/\\\/radioljubuski.ba\\\/\"},{\"@type\":\"ListItem\",\"position\":2,\"name\":\"Facebook: Imate li \u017eivaca za \u010ditanje nebitnih gluposti o ljudima koje ne poznajete?\"}]},{\"@type\":\"WebSite\",\"@id\":\"https:\\\/\\\/radioljubuski.ba\\\/#website\",\"url\":\"https:\\\/\\\/radioljubuski.ba\\\/\",\"name\":\"Radio Ljubu\u0161ki\",\"description\":\"Sun\u010dana frekvencija Hercegovine\",\"publisher\":{\"@id\":\"https:\\\/\\\/radioljubuski.ba\\\/#organization\"},\"potentialAction\":[{\"@type\":\"SearchAction\",\"target\":{\"@type\":\"EntryPoint\",\"urlTemplate\":\"https:\\\/\\\/radioljubuski.ba\\\/?s={search_term_string}\"},\"query-input\":{\"@type\":\"PropertyValueSpecification\",\"valueRequired\":true,\"valueName\":\"search_term_string\"}}],\"inLanguage\":\"hr\"},{\"@type\":\"Organization\",\"@id\":\"https:\\\/\\\/radioljubuski.ba\\\/#organization\",\"name\":\"Radio Ljubu\u0161ki\",\"url\":\"https:\\\/\\\/radioljubuski.ba\\\/\",\"logo\":{\"@type\":\"ImageObject\",\"inLanguage\":\"hr\",\"@id\":\"https:\\\/\\\/radioljubuski.ba\\\/#\\\/schema\\\/logo\\\/image\\\/\",\"url\":\"https:\\\/\\\/radioljubuski.ba\\\/wp-content\\\/uploads\\\/2021\\\/02\\\/cropped-Radio_Ljubuski_logo1.jpg\",\"contentUrl\":\"https:\\\/\\\/radioljubuski.ba\\\/wp-content\\\/uploads\\\/2021\\\/02\\\/cropped-Radio_Ljubuski_logo1.jpg\",\"width\":512,\"height\":512,\"caption\":\"Radio Ljubu\u0161ki\"},\"image\":{\"@id\":\"https:\\\/\\\/radioljubuski.ba\\\/#\\\/schema\\\/logo\\\/image\\\/\"},\"sameAs\":[\"https:\\\/\\\/www.facebook.com\\\/Radiio-Ljubuski-1490835324566332\",\"https:\\\/\\\/x.com\\\/radioljubuski\",\"https:\\\/\\\/hr.linkedin.com\\\/company\\\/radio-ljubuski\",\"https:\\\/\\\/www.youtube.com\\\/channel\\\/UCHYaeO_n0Db3tjNGudGpXyw\"]},{\"@type\":\"Person\",\"@id\":\"https:\\\/\\\/radioljubuski.ba\\\/#\\\/schema\\\/person\\\/19fc700381a780f69665d7956c469e3b\",\"name\":\"Radio Ljubu\u0161ki\"}]}<\/script>\n<!-- \/ Yoast SEO plugin. -->","yoast_head_json":{"title":"Facebook: Imate li \u017eivaca za \u010ditanje nebitnih gluposti o ljudima koje ne poznajete? - RADIO LJUBU\u0160KI","robots":{"index":"index","follow":"follow","max-snippet":"max-snippet:-1","max-image-preview":"max-image-preview:large","max-video-preview":"max-video-preview:-1"},"canonical":"https:\/\/radioljubuski.ba\/index.php\/2022\/03\/08\/facebook-imate-li-zivaca-za-citanje-nebitnih-gluposti-o-ljudima-koje-ne-poznajete\/","og_locale":"hr_HR","og_type":"article","og_title":"Facebook: Imate li \u017eivaca za \u010ditanje nebitnih gluposti o ljudima koje ne poznajete? - RADIO LJUBU\u0160KI","og_description":"Facebook je definitivno u\u0161ao u na\u0161u svakodnevnicu. U ovome \u010dlanku donosim nekoliko primjera kako da se koristite ovom alatom, a da pri tome ne izgubite puno vremena, da se organizirate za poslovni i privatni \u017eivot, te da pri tome ne bude opsjednuti otvaranjem ekrana gledaju\u0107i dali Vam je netko lajkao status.&nbsp; 1. Da li slobodno [&hellip;]","og_url":"https:\/\/radioljubuski.ba\/index.php\/2022\/03\/08\/facebook-imate-li-zivaca-za-citanje-nebitnih-gluposti-o-ljudima-koje-ne-poznajete\/","og_site_name":"RADIO LJUBU\u0160KI","article_publisher":"https:\/\/www.facebook.com\/Radiio-Ljubuski-1490835324566332","article_published_time":"2022-03-08T10:19:53+00:00","article_modified_time":"2022-03-08T10:19:54+00:00","og_image":[{"width":1000,"height":625,"url":"https:\/\/radioljubuski.ba\/wp-content\/uploads\/2022\/03\/9-2021-10-04-19-43-12-faceee.jpg","type":"image\/jpeg"}],"author":"Radio Ljubu\u0161ki","twitter_card":"summary_large_image","twitter_creator":"@radioljubuski","twitter_site":"@radioljubuski","twitter_misc":{"Napisao\/la":"Radio Ljubu\u0161ki","Procijenjeno vrijeme \u010ditanja":"3 minute"},"schema":{"@context":"https:\/\/schema.org","@graph":[{"@type":"Article","@id":"https:\/\/radioljubuski.ba\/index.php\/2022\/03\/08\/facebook-imate-li-zivaca-za-citanje-nebitnih-gluposti-o-ljudima-koje-ne-poznajete\/#article","isPartOf":{"@id":"https:\/\/radioljubuski.ba\/index.php\/2022\/03\/08\/facebook-imate-li-zivaca-za-citanje-nebitnih-gluposti-o-ljudima-koje-ne-poznajete\/"},"author":{"name":"Radio Ljubu\u0161ki","@id":"https:\/\/radioljubuski.ba\/#\/schema\/person\/19fc700381a780f69665d7956c469e3b"},"headline":"Facebook: Imate li \u017eivaca za \u010ditanje nebitnih gluposti o ljudima koje ne poznajete?","datePublished":"2022-03-08T10:19:53+00:00","dateModified":"2022-03-08T10:19:54+00:00","mainEntityOfPage":{"@id":"https:\/\/radioljubuski.ba\/index.php\/2022\/03\/08\/facebook-imate-li-zivaca-za-citanje-nebitnih-gluposti-o-ljudima-koje-ne-poznajete\/"},"wordCount":727,"publisher":{"@id":"https:\/\/radioljubuski.ba\/#organization"},"image":{"@id":"https:\/\/radioljubuski.ba\/index.php\/2022\/03\/08\/facebook-imate-li-zivaca-za-citanje-nebitnih-gluposti-o-ljudima-koje-ne-poznajete\/#primaryimage"},"thumbnailUrl":"https:\/\/radioljubuski.ba\/wp-content\/uploads\/2022\/03\/9-2021-10-04-19-43-12-faceee.jpg","articleSection":["BIH i regija"],"inLanguage":"hr"},{"@type":"WebPage","@id":"https:\/\/radioljubuski.ba\/index.php\/2022\/03\/08\/facebook-imate-li-zivaca-za-citanje-nebitnih-gluposti-o-ljudima-koje-ne-poznajete\/","url":"https:\/\/radioljubuski.ba\/index.php\/2022\/03\/08\/facebook-imate-li-zivaca-za-citanje-nebitnih-gluposti-o-ljudima-koje-ne-poznajete\/","name":"Facebook: Imate li \u017eivaca za \u010ditanje nebitnih gluposti o ljudima koje ne poznajete? - RADIO LJUBU\u0160KI","isPartOf":{"@id":"https:\/\/radioljubuski.ba\/#website"},"primaryImageOfPage":{"@id":"https:\/\/radioljubuski.ba\/index.php\/2022\/03\/08\/facebook-imate-li-zivaca-za-citanje-nebitnih-gluposti-o-ljudima-koje-ne-poznajete\/#primaryimage"},"image":{"@id":"https:\/\/radioljubuski.ba\/index.php\/2022\/03\/08\/facebook-imate-li-zivaca-za-citanje-nebitnih-gluposti-o-ljudima-koje-ne-poznajete\/#primaryimage"},"thumbnailUrl":"https:\/\/radioljubuski.ba\/wp-content\/uploads\/2022\/03\/9-2021-10-04-19-43-12-faceee.jpg","datePublished":"2022-03-08T10:19:53+00:00","dateModified":"2022-03-08T10:19:54+00:00","breadcrumb":{"@id":"https:\/\/radioljubuski.ba\/index.php\/2022\/03\/08\/facebook-imate-li-zivaca-za-citanje-nebitnih-gluposti-o-ljudima-koje-ne-poznajete\/#breadcrumb"},"inLanguage":"hr","potentialAction":[{"@type":"ReadAction","target":["https:\/\/radioljubuski.ba\/index.php\/2022\/03\/08\/facebook-imate-li-zivaca-za-citanje-nebitnih-gluposti-o-ljudima-koje-ne-poznajete\/"]}]},{"@type":"ImageObject","inLanguage":"hr","@id":"https:\/\/radioljubuski.ba\/index.php\/2022\/03\/08\/facebook-imate-li-zivaca-za-citanje-nebitnih-gluposti-o-ljudima-koje-ne-poznajete\/#primaryimage","url":"https:\/\/radioljubuski.ba\/wp-content\/uploads\/2022\/03\/9-2021-10-04-19-43-12-faceee.jpg","contentUrl":"https:\/\/radioljubuski.ba\/wp-content\/uploads\/2022\/03\/9-2021-10-04-19-43-12-faceee.jpg","width":1000,"height":625},{"@type":"BreadcrumbList","@id":"https:\/\/radioljubuski.ba\/index.php\/2022\/03\/08\/facebook-imate-li-zivaca-za-citanje-nebitnih-gluposti-o-ljudima-koje-ne-poznajete\/#breadcrumb","itemListElement":[{"@type":"ListItem","position":1,"name":"Po\u010detna stranica","item":"https:\/\/radioljubuski.ba\/"},{"@type":"ListItem","position":2,"name":"Facebook: Imate li \u017eivaca za \u010ditanje nebitnih gluposti o ljudima koje ne poznajete?"}]},{"@type":"WebSite","@id":"https:\/\/radioljubuski.ba\/#website","url":"https:\/\/radioljubuski.ba\/","name":"Radio Ljubu\u0161ki","description":"Sun\u010dana frekvencija Hercegovine","publisher":{"@id":"https:\/\/radioljubuski.ba\/#organization"},"potentialAction":[{"@type":"SearchAction","target":{"@type":"EntryPoint","urlTemplate":"https:\/\/radioljubuski.ba\/?s={search_term_string}"},"query-input":{"@type":"PropertyValueSpecification","valueRequired":true,"valueName":"search_term_string"}}],"inLanguage":"hr"},{"@type":"Organization","@id":"https:\/\/radioljubuski.ba\/#organization","name":"Radio Ljubu\u0161ki","url":"https:\/\/radioljubuski.ba\/","logo":{"@type":"ImageObject","inLanguage":"hr","@id":"https:\/\/radioljubuski.ba\/#\/schema\/logo\/image\/","url":"https:\/\/radioljubuski.ba\/wp-content\/uploads\/2021\/02\/cropped-Radio_Ljubuski_logo1.jpg","contentUrl":"https:\/\/radioljubuski.ba\/wp-content\/uploads\/2021\/02\/cropped-Radio_Ljubuski_logo1.jpg","width":512,"height":512,"caption":"Radio Ljubu\u0161ki"},"image":{"@id":"https:\/\/radioljubuski.ba\/#\/schema\/logo\/image\/"},"sameAs":["https:\/\/www.facebook.com\/Radiio-Ljubuski-1490835324566332","https:\/\/x.com\/radioljubuski","https:\/\/hr.linkedin.com\/company\/radio-ljubuski","https:\/\/www.youtube.com\/channel\/UCHYaeO_n0Db3tjNGudGpXyw"]},{"@type":"Person","@id":"https:\/\/radioljubuski.ba\/#\/schema\/person\/19fc700381a780f69665d7956c469e3b","name":"Radio Ljubu\u0161ki"}]}},"_links":{"self":[{"href":"https:\/\/radioljubuski.ba\/index.php\/wp-json\/wp\/v2\/posts\/119237","targetHints":{"allow":["GET"]}}],"collection":[{"href":"https:\/\/radioljubuski.ba\/index.php\/wp-json\/wp\/v2\/posts"}],"about":[{"href":"https:\/\/radioljubuski.ba\/index.php\/wp-json\/wp\/v2\/types\/post"}],"author":[{"embeddable":true,"href":"https:\/\/radioljubuski.ba\/index.php\/wp-json\/wp\/v2\/users\/2"}],"replies":[{"embeddable":true,"href":"https:\/\/radioljubuski.ba\/index.php\/wp-json\/wp\/v2\/comments?post=119237"}],"version-history":[{"count":1,"href":"https:\/\/radioljubuski.ba\/index.php\/wp-json\/wp\/v2\/posts\/119237\/revisions"}],"predecessor-version":[{"id":119239,"href":"https:\/\/radioljubuski.ba\/index.php\/wp-json\/wp\/v2\/posts\/119237\/revisions\/119239"}],"wp:featuredmedia":[{"embeddable":true,"href":"https:\/\/radioljubuski.ba\/index.php\/wp-json\/wp\/v2\/media\/119238"}],"wp:attachment":[{"href":"https:\/\/radioljubuski.ba\/index.php\/wp-json\/wp\/v2\/media?parent=119237"}],"wp:term":[{"taxonomy":"category","embeddable":true,"href":"https:\/\/radioljubuski.ba\/index.php\/wp-json\/wp\/v2\/categories?post=119237"},{"taxonomy":"post_tag","embeddable":true,"href":"https:\/\/radioljubuski.ba\/index.php\/wp-json\/wp\/v2\/tags?post=119237"}],"curies":[{"name":"wp","href":"https:\/\/api.w.org\/{rel}","templated":true}]}}