{"id":119261,"date":"2022-03-08T11:40:38","date_gmt":"2022-03-08T10:40:38","guid":{"rendered":"https:\/\/radioljubuski.ba\/?p=119261"},"modified":"2022-03-08T11:40:40","modified_gmt":"2022-03-08T10:40:40","slug":"gospodarstvenicima-iz-bih-u-rusiji-i-ukrajini-ostali-milijuni-maraka","status":"publish","type":"post","link":"https:\/\/radioljubuski.ba\/index.php\/2022\/03\/08\/gospodarstvenicima-iz-bih-u-rusiji-i-ukrajini-ostali-milijuni-maraka\/","title":{"rendered":"Gospodarstvenicima iz BiH u Rusiji i Ukrajini ostali milijuni maraka"},"content":{"rendered":"\n<p>Gospodarstvenicima iz Republike Srpske zbog doga\u0111anja na istoku Europe zarobljeni su milijuni maraka koje trenutno ne mogu naplatiti za robu isporu\u010denu u Rusiju i Ukrajinu, a osim toga i sva razmjena s tim zemljama je stala i pitanje je ho\u0107e li i kada \u0161leperi ponovo krenuti ka tom tr\u017ei\u0161tu.<\/p>\n\n\n\n<p>Prema podacima Gospodarske komore RS vanjskotrgovinska razmjena Srpske i Rusije u pro\u0161loj godini iznosila je 90,4 milijuna maraka \u0161to \u010dini 0,9 posto ukupne vrijednosti robne razmjene koju je RS ostvarila s stranim zemljama. Iako je obim razmjene nizak, Rusija se ubraja u top 20 vanjskotrgovinskih partnera Srpske. Od ukupnog iznosa, na izvoz se odnosilo 21,5 milijuna maraka, a me\u0111u proizvodima koje smo plasirali u Rusiju izdvajaju se nafta, jabuke, kru\u0161ke, namje\u0161taj i obu\u0107a. Sa druge strane, iz te zemlje u Srpsku se najvi\u0161e uvoze naftni plinovi, ulja, mineralna \u0111ubriva i krv nu\u017ena za terapiju.<\/p>\n\n\n\n<p>Kada je rije\u010d o vanjskotrgovinskoj razmjeni Srpske i Ukrajine u 2021. godini vrijednost iste iznosila je 11,5 milijuna maraka \u0161to \u010dini 0,05 posto ukupne razmjene sa stranim zemljama. Od ukupnog iznosa, na plasman robe odnosilo se 2,4 milijuna KM, a dominirale su \u017eeljezne i \u010deli\u010dne konstrukcije, neobra\u0111eno drvo i krompir. Iz Ukrajine u Srpsku lani su se najvi\u0161e uvozili listovi furnira, obra\u0111eno drvo, te \u0161e\u0107erna repa i trska.<\/p>\n\n\n\n<p>Vlasnik tvrtke \u201cPoljoagro\u201d iz \u0160amca Sa\u0161a Spasojevi\u0107 istaknuo je za \u201cGlas Srpske\u201d da su u Rusiju izvozili sadnice vo\u0107a.<\/p>\n\n\n\n<p>-Imamo nenapla\u0107enih oko 300.000 eura. Situacija je konfuzna i sve \u0161to se doga\u0111a ote\u017eava nam poslovanje, niti se zna da li ide prevoz, niti preko koje banke poslovati. Svaka prognoza je neizvjesna &#8211; rekao je Spasojevi\u0107.<\/p>\n\n\n\n<p>Isti problemi priti\u0161\u0107u i poduze\u0107e \u201cAgroimpeks\u201d koje je u Rusiju izvozilo jabuke.<\/p>\n\n\n\n<p>-Prekinut je platni promet i to nije prekinula Rusija, ve\u0107 posredni\u010dke banke u Europi. \u010cekamo oko 300.000 eura. Ugovori su takvi da od trenutka kada prime robu oni imaju tri mjeseca za pla\u0107anje. Dok \u010dekamo doslovno smo mrtvi, ide rezidba vo\u0107a, potrebna je nabava kemije i sve stoji. \u0110ubrivo je poskupjelo 300 posto, a ako ne prihrani\u0161 vo\u0107e nema\u0161 ni\u0161ta &#8211; rekao je direktor tog poduze\u0107a Nikola Vukeli\u0107.<\/p>\n\n\n\n<p>Dodao je da je Vlada RS najavila pomo\u0107 i za vo\u0107are, te da \u0107e im to sigurno dobro do\u0107i. Vukeli\u0107 je rekao da nisu imali utovar du\u017ee od 15 dana a i pitanje je kada \u0107e.<\/p>\n\n\n\n<p>-Ne mo\u017eemo raditi napamet, netko mora dati jamstvo &#8211; kazao je Vukeli\u0107.<\/p>\n\n\n\n<p>Proizvode iz metalnog sektora na istok plasiralo je i srba\u010dko poduze\u0107e \u201cFora\u201d, a direktor te tvrtke Radoslav Kusi\u0107 ka\u017ee da trenutno nemaju nenapla\u0107enih potra\u017eivanja, ali da je i poslovanje stopirano.<\/p>\n\n\n\n<p>-Po\u010detkom prosinca pro\u0161le godine imali smo dogovor sa jednom tvrtkom u Ukrajini, isporu\u010dili smo im robu, naplatili, me\u0111utim, imaju\u0107i u vidu da je tvrtka u Harkovu pitanje je \u0161to \u0107e biti dalje &#8211; rekao je Kusi\u0107, dodaju\u0107i da su obustavljene i sve isporuke za Rusiju.<\/p>\n\n\n\n<p>Kusi\u0107 ka\u017ee da je doma\u0107im gospodarstvenicima ogroman problem i to \u0161to se iz Rusije i Ukrajine uglavnom uvozi \u010delik i aluminijum, a cijene su enormno sko\u010dile.<\/p>\n\n\n\n<p>-Rusija je jedan od najve\u0107ih proizvo\u0111a\u010da sirovog aluminijuma. U zadnjih sedam dana \u010delika ili nema ili su cijene ve\u0107e za 30 posto &#8211; kazao je Kusi\u0107.<\/p>\n\n\n\n<p>Gospodarska komora RS pozvala je ju\u010der poduze\u0107a koja imaju problem naplate potra\u017eivanja od poslovnih partnera iz Ukrajine i Rusije, da joj dostave detaljno opisane probleme uz jasne dokaze kako bi bili proslije\u0111eni Vladi Srpske, sa ciljem tra\u017eenja zajedni\u010dkih rje\u0161enja.<\/p>\n\n\n\n<p>Izvor:glas srpske<\/p>\n","protected":false},"excerpt":{"rendered":"<p>Gospodarstvenicima iz Republike Srpske zbog doga\u0111anja na istoku Europe zarobljeni su milijuni maraka koje trenutno ne mogu naplatiti za robu isporu\u010denu u Rusiju i Ukrajinu, a osim toga i sva razmjena s tim zemljama je stala i pitanje je ho\u0107e li i kada \u0161leperi ponovo krenuti ka tom tr\u017ei\u0161tu. Prema podacima Gospodarske komore RS vanjskotrgovinska [&hellip;]<\/p>\n","protected":false},"author":2,"featured_media":119262,"comment_status":"closed","ping_status":"closed","sticky":false,"template":"","format":"standard","meta":{"h5ap_radio_sources":[],"footnotes":""},"categories":[1],"tags":[],"class_list":["post-119261","post","type-post","status-publish","format-standard","has-post-thumbnail","hentry","category-bihiregija"],"yoast_head":"<!-- This site is optimized with the Yoast SEO plugin v27.5 - https:\/\/yoast.com\/product\/yoast-seo-wordpress\/ -->\n<title>Gospodarstvenicima iz BiH u Rusiji i Ukrajini ostali milijuni maraka - RADIO LJUBU\u0160KI<\/title>\n<meta name=\"robots\" content=\"index, follow, max-snippet:-1, max-image-preview:large, max-video-preview:-1\" \/>\n<link rel=\"canonical\" href=\"https:\/\/radioljubuski.ba\/index.php\/2022\/03\/08\/gospodarstvenicima-iz-bih-u-rusiji-i-ukrajini-ostali-milijuni-maraka\/\" \/>\n<meta property=\"og:locale\" content=\"hr_HR\" \/>\n<meta property=\"og:type\" content=\"article\" \/>\n<meta property=\"og:title\" content=\"Gospodarstvenicima iz BiH u Rusiji i Ukrajini ostali milijuni maraka - RADIO LJUBU\u0160KI\" \/>\n<meta property=\"og:description\" content=\"Gospodarstvenicima iz Republike Srpske zbog doga\u0111anja na istoku Europe zarobljeni su milijuni maraka koje trenutno ne mogu naplatiti za robu isporu\u010denu u Rusiju i Ukrajinu, a osim toga i sva razmjena s tim zemljama je stala i pitanje je ho\u0107e li i kada \u0161leperi ponovo krenuti ka tom tr\u017ei\u0161tu. Prema podacima Gospodarske komore RS vanjskotrgovinska [&hellip;]\" \/>\n<meta property=\"og:url\" content=\"https:\/\/radioljubuski.ba\/index.php\/2022\/03\/08\/gospodarstvenicima-iz-bih-u-rusiji-i-ukrajini-ostali-milijuni-maraka\/\" \/>\n<meta property=\"og:site_name\" content=\"RADIO LJUBU\u0160KI\" \/>\n<meta property=\"article:publisher\" content=\"https:\/\/www.facebook.com\/Radiio-Ljubuski-1490835324566332\" \/>\n<meta property=\"article:published_time\" content=\"2022-03-08T10:40:38+00:00\" \/>\n<meta property=\"article:modified_time\" content=\"2022-03-08T10:40:40+00:00\" \/>\n<meta property=\"og:image\" content=\"https:\/\/radioljubuski.ba\/wp-content\/uploads\/2022\/03\/2-2021-07-14-17-22-25-radnik.jpg\" \/>\n\t<meta property=\"og:image:width\" content=\"1000\" \/>\n\t<meta property=\"og:image:height\" content=\"625\" \/>\n\t<meta property=\"og:image:type\" content=\"image\/jpeg\" \/>\n<meta name=\"author\" content=\"Radio Ljubu\u0161ki\" \/>\n<meta name=\"twitter:card\" content=\"summary_large_image\" \/>\n<meta name=\"twitter:creator\" content=\"@radioljubuski\" \/>\n<meta name=\"twitter:site\" content=\"@radioljubuski\" \/>\n<meta name=\"twitter:label1\" content=\"Napisao\/la\" \/>\n\t<meta name=\"twitter:data1\" content=\"Radio Ljubu\u0161ki\" \/>\n\t<meta name=\"twitter:label2\" content=\"Procijenjeno vrijeme \u010ditanja\" \/>\n\t<meta name=\"twitter:data2\" content=\"3 minute\" \/>\n<script type=\"application\/ld+json\" class=\"yoast-schema-graph\">{\"@context\":\"https:\\\/\\\/schema.org\",\"@graph\":[{\"@type\":\"Article\",\"@id\":\"https:\\\/\\\/radioljubuski.ba\\\/index.php\\\/2022\\\/03\\\/08\\\/gospodarstvenicima-iz-bih-u-rusiji-i-ukrajini-ostali-milijuni-maraka\\\/#article\",\"isPartOf\":{\"@id\":\"https:\\\/\\\/radioljubuski.ba\\\/index.php\\\/2022\\\/03\\\/08\\\/gospodarstvenicima-iz-bih-u-rusiji-i-ukrajini-ostali-milijuni-maraka\\\/\"},\"author\":{\"name\":\"Radio Ljubu\u0161ki\",\"@id\":\"https:\\\/\\\/radioljubuski.ba\\\/#\\\/schema\\\/person\\\/19fc700381a780f69665d7956c469e3b\"},\"headline\":\"Gospodarstvenicima iz BiH u Rusiji i Ukrajini ostali milijuni maraka\",\"datePublished\":\"2022-03-08T10:40:38+00:00\",\"dateModified\":\"2022-03-08T10:40:40+00:00\",\"mainEntityOfPage\":{\"@id\":\"https:\\\/\\\/radioljubuski.ba\\\/index.php\\\/2022\\\/03\\\/08\\\/gospodarstvenicima-iz-bih-u-rusiji-i-ukrajini-ostali-milijuni-maraka\\\/\"},\"wordCount\":619,\"publisher\":{\"@id\":\"https:\\\/\\\/radioljubuski.ba\\\/#organization\"},\"image\":{\"@id\":\"https:\\\/\\\/radioljubuski.ba\\\/index.php\\\/2022\\\/03\\\/08\\\/gospodarstvenicima-iz-bih-u-rusiji-i-ukrajini-ostali-milijuni-maraka\\\/#primaryimage\"},\"thumbnailUrl\":\"https:\\\/\\\/radioljubuski.ba\\\/wp-content\\\/uploads\\\/2022\\\/03\\\/2-2021-07-14-17-22-25-radnik.jpg\",\"articleSection\":[\"BIH i regija\"],\"inLanguage\":\"hr\"},{\"@type\":\"WebPage\",\"@id\":\"https:\\\/\\\/radioljubuski.ba\\\/index.php\\\/2022\\\/03\\\/08\\\/gospodarstvenicima-iz-bih-u-rusiji-i-ukrajini-ostali-milijuni-maraka\\\/\",\"url\":\"https:\\\/\\\/radioljubuski.ba\\\/index.php\\\/2022\\\/03\\\/08\\\/gospodarstvenicima-iz-bih-u-rusiji-i-ukrajini-ostali-milijuni-maraka\\\/\",\"name\":\"Gospodarstvenicima iz BiH u Rusiji i Ukrajini ostali milijuni maraka - RADIO LJUBU\u0160KI\",\"isPartOf\":{\"@id\":\"https:\\\/\\\/radioljubuski.ba\\\/#website\"},\"primaryImageOfPage\":{\"@id\":\"https:\\\/\\\/radioljubuski.ba\\\/index.php\\\/2022\\\/03\\\/08\\\/gospodarstvenicima-iz-bih-u-rusiji-i-ukrajini-ostali-milijuni-maraka\\\/#primaryimage\"},\"image\":{\"@id\":\"https:\\\/\\\/radioljubuski.ba\\\/index.php\\\/2022\\\/03\\\/08\\\/gospodarstvenicima-iz-bih-u-rusiji-i-ukrajini-ostali-milijuni-maraka\\\/#primaryimage\"},\"thumbnailUrl\":\"https:\\\/\\\/radioljubuski.ba\\\/wp-content\\\/uploads\\\/2022\\\/03\\\/2-2021-07-14-17-22-25-radnik.jpg\",\"datePublished\":\"2022-03-08T10:40:38+00:00\",\"dateModified\":\"2022-03-08T10:40:40+00:00\",\"breadcrumb\":{\"@id\":\"https:\\\/\\\/radioljubuski.ba\\\/index.php\\\/2022\\\/03\\\/08\\\/gospodarstvenicima-iz-bih-u-rusiji-i-ukrajini-ostali-milijuni-maraka\\\/#breadcrumb\"},\"inLanguage\":\"hr\",\"potentialAction\":[{\"@type\":\"ReadAction\",\"target\":[\"https:\\\/\\\/radioljubuski.ba\\\/index.php\\\/2022\\\/03\\\/08\\\/gospodarstvenicima-iz-bih-u-rusiji-i-ukrajini-ostali-milijuni-maraka\\\/\"]}]},{\"@type\":\"ImageObject\",\"inLanguage\":\"hr\",\"@id\":\"https:\\\/\\\/radioljubuski.ba\\\/index.php\\\/2022\\\/03\\\/08\\\/gospodarstvenicima-iz-bih-u-rusiji-i-ukrajini-ostali-milijuni-maraka\\\/#primaryimage\",\"url\":\"https:\\\/\\\/radioljubuski.ba\\\/wp-content\\\/uploads\\\/2022\\\/03\\\/2-2021-07-14-17-22-25-radnik.jpg\",\"contentUrl\":\"https:\\\/\\\/radioljubuski.ba\\\/wp-content\\\/uploads\\\/2022\\\/03\\\/2-2021-07-14-17-22-25-radnik.jpg\",\"width\":1000,\"height\":625},{\"@type\":\"BreadcrumbList\",\"@id\":\"https:\\\/\\\/radioljubuski.ba\\\/index.php\\\/2022\\\/03\\\/08\\\/gospodarstvenicima-iz-bih-u-rusiji-i-ukrajini-ostali-milijuni-maraka\\\/#breadcrumb\",\"itemListElement\":[{\"@type\":\"ListItem\",\"position\":1,\"name\":\"Po\u010detna stranica\",\"item\":\"https:\\\/\\\/radioljubuski.ba\\\/\"},{\"@type\":\"ListItem\",\"position\":2,\"name\":\"Gospodarstvenicima iz BiH u Rusiji i Ukrajini ostali milijuni maraka\"}]},{\"@type\":\"WebSite\",\"@id\":\"https:\\\/\\\/radioljubuski.ba\\\/#website\",\"url\":\"https:\\\/\\\/radioljubuski.ba\\\/\",\"name\":\"Radio Ljubu\u0161ki\",\"description\":\"Sun\u010dana frekvencija Hercegovine\",\"publisher\":{\"@id\":\"https:\\\/\\\/radioljubuski.ba\\\/#organization\"},\"potentialAction\":[{\"@type\":\"SearchAction\",\"target\":{\"@type\":\"EntryPoint\",\"urlTemplate\":\"https:\\\/\\\/radioljubuski.ba\\\/?s={search_term_string}\"},\"query-input\":{\"@type\":\"PropertyValueSpecification\",\"valueRequired\":true,\"valueName\":\"search_term_string\"}}],\"inLanguage\":\"hr\"},{\"@type\":\"Organization\",\"@id\":\"https:\\\/\\\/radioljubuski.ba\\\/#organization\",\"name\":\"Radio Ljubu\u0161ki\",\"url\":\"https:\\\/\\\/radioljubuski.ba\\\/\",\"logo\":{\"@type\":\"ImageObject\",\"inLanguage\":\"hr\",\"@id\":\"https:\\\/\\\/radioljubuski.ba\\\/#\\\/schema\\\/logo\\\/image\\\/\",\"url\":\"https:\\\/\\\/radioljubuski.ba\\\/wp-content\\\/uploads\\\/2021\\\/02\\\/cropped-Radio_Ljubuski_logo1.jpg\",\"contentUrl\":\"https:\\\/\\\/radioljubuski.ba\\\/wp-content\\\/uploads\\\/2021\\\/02\\\/cropped-Radio_Ljubuski_logo1.jpg\",\"width\":512,\"height\":512,\"caption\":\"Radio Ljubu\u0161ki\"},\"image\":{\"@id\":\"https:\\\/\\\/radioljubuski.ba\\\/#\\\/schema\\\/logo\\\/image\\\/\"},\"sameAs\":[\"https:\\\/\\\/www.facebook.com\\\/Radiio-Ljubuski-1490835324566332\",\"https:\\\/\\\/x.com\\\/radioljubuski\",\"https:\\\/\\\/hr.linkedin.com\\\/company\\\/radio-ljubuski\",\"https:\\\/\\\/www.youtube.com\\\/channel\\\/UCHYaeO_n0Db3tjNGudGpXyw\"]},{\"@type\":\"Person\",\"@id\":\"https:\\\/\\\/radioljubuski.ba\\\/#\\\/schema\\\/person\\\/19fc700381a780f69665d7956c469e3b\",\"name\":\"Radio Ljubu\u0161ki\"}]}<\/script>\n<!-- \/ Yoast SEO plugin. -->","yoast_head_json":{"title":"Gospodarstvenicima iz BiH u Rusiji i Ukrajini ostali milijuni maraka - RADIO LJUBU\u0160KI","robots":{"index":"index","follow":"follow","max-snippet":"max-snippet:-1","max-image-preview":"max-image-preview:large","max-video-preview":"max-video-preview:-1"},"canonical":"https:\/\/radioljubuski.ba\/index.php\/2022\/03\/08\/gospodarstvenicima-iz-bih-u-rusiji-i-ukrajini-ostali-milijuni-maraka\/","og_locale":"hr_HR","og_type":"article","og_title":"Gospodarstvenicima iz BiH u Rusiji i Ukrajini ostali milijuni maraka - RADIO LJUBU\u0160KI","og_description":"Gospodarstvenicima iz Republike Srpske zbog doga\u0111anja na istoku Europe zarobljeni su milijuni maraka koje trenutno ne mogu naplatiti za robu isporu\u010denu u Rusiju i Ukrajinu, a osim toga i sva razmjena s tim zemljama je stala i pitanje je ho\u0107e li i kada \u0161leperi ponovo krenuti ka tom tr\u017ei\u0161tu. Prema podacima Gospodarske komore RS vanjskotrgovinska [&hellip;]","og_url":"https:\/\/radioljubuski.ba\/index.php\/2022\/03\/08\/gospodarstvenicima-iz-bih-u-rusiji-i-ukrajini-ostali-milijuni-maraka\/","og_site_name":"RADIO LJUBU\u0160KI","article_publisher":"https:\/\/www.facebook.com\/Radiio-Ljubuski-1490835324566332","article_published_time":"2022-03-08T10:40:38+00:00","article_modified_time":"2022-03-08T10:40:40+00:00","og_image":[{"width":1000,"height":625,"url":"https:\/\/radioljubuski.ba\/wp-content\/uploads\/2022\/03\/2-2021-07-14-17-22-25-radnik.jpg","type":"image\/jpeg"}],"author":"Radio Ljubu\u0161ki","twitter_card":"summary_large_image","twitter_creator":"@radioljubuski","twitter_site":"@radioljubuski","twitter_misc":{"Napisao\/la":"Radio Ljubu\u0161ki","Procijenjeno vrijeme \u010ditanja":"3 minute"},"schema":{"@context":"https:\/\/schema.org","@graph":[{"@type":"Article","@id":"https:\/\/radioljubuski.ba\/index.php\/2022\/03\/08\/gospodarstvenicima-iz-bih-u-rusiji-i-ukrajini-ostali-milijuni-maraka\/#article","isPartOf":{"@id":"https:\/\/radioljubuski.ba\/index.php\/2022\/03\/08\/gospodarstvenicima-iz-bih-u-rusiji-i-ukrajini-ostali-milijuni-maraka\/"},"author":{"name":"Radio Ljubu\u0161ki","@id":"https:\/\/radioljubuski.ba\/#\/schema\/person\/19fc700381a780f69665d7956c469e3b"},"headline":"Gospodarstvenicima iz BiH u Rusiji i Ukrajini ostali milijuni maraka","datePublished":"2022-03-08T10:40:38+00:00","dateModified":"2022-03-08T10:40:40+00:00","mainEntityOfPage":{"@id":"https:\/\/radioljubuski.ba\/index.php\/2022\/03\/08\/gospodarstvenicima-iz-bih-u-rusiji-i-ukrajini-ostali-milijuni-maraka\/"},"wordCount":619,"publisher":{"@id":"https:\/\/radioljubuski.ba\/#organization"},"image":{"@id":"https:\/\/radioljubuski.ba\/index.php\/2022\/03\/08\/gospodarstvenicima-iz-bih-u-rusiji-i-ukrajini-ostali-milijuni-maraka\/#primaryimage"},"thumbnailUrl":"https:\/\/radioljubuski.ba\/wp-content\/uploads\/2022\/03\/2-2021-07-14-17-22-25-radnik.jpg","articleSection":["BIH i regija"],"inLanguage":"hr"},{"@type":"WebPage","@id":"https:\/\/radioljubuski.ba\/index.php\/2022\/03\/08\/gospodarstvenicima-iz-bih-u-rusiji-i-ukrajini-ostali-milijuni-maraka\/","url":"https:\/\/radioljubuski.ba\/index.php\/2022\/03\/08\/gospodarstvenicima-iz-bih-u-rusiji-i-ukrajini-ostali-milijuni-maraka\/","name":"Gospodarstvenicima iz BiH u Rusiji i Ukrajini ostali milijuni maraka - RADIO LJUBU\u0160KI","isPartOf":{"@id":"https:\/\/radioljubuski.ba\/#website"},"primaryImageOfPage":{"@id":"https:\/\/radioljubuski.ba\/index.php\/2022\/03\/08\/gospodarstvenicima-iz-bih-u-rusiji-i-ukrajini-ostali-milijuni-maraka\/#primaryimage"},"image":{"@id":"https:\/\/radioljubuski.ba\/index.php\/2022\/03\/08\/gospodarstvenicima-iz-bih-u-rusiji-i-ukrajini-ostali-milijuni-maraka\/#primaryimage"},"thumbnailUrl":"https:\/\/radioljubuski.ba\/wp-content\/uploads\/2022\/03\/2-2021-07-14-17-22-25-radnik.jpg","datePublished":"2022-03-08T10:40:38+00:00","dateModified":"2022-03-08T10:40:40+00:00","breadcrumb":{"@id":"https:\/\/radioljubuski.ba\/index.php\/2022\/03\/08\/gospodarstvenicima-iz-bih-u-rusiji-i-ukrajini-ostali-milijuni-maraka\/#breadcrumb"},"inLanguage":"hr","potentialAction":[{"@type":"ReadAction","target":["https:\/\/radioljubuski.ba\/index.php\/2022\/03\/08\/gospodarstvenicima-iz-bih-u-rusiji-i-ukrajini-ostali-milijuni-maraka\/"]}]},{"@type":"ImageObject","inLanguage":"hr","@id":"https:\/\/radioljubuski.ba\/index.php\/2022\/03\/08\/gospodarstvenicima-iz-bih-u-rusiji-i-ukrajini-ostali-milijuni-maraka\/#primaryimage","url":"https:\/\/radioljubuski.ba\/wp-content\/uploads\/2022\/03\/2-2021-07-14-17-22-25-radnik.jpg","contentUrl":"https:\/\/radioljubuski.ba\/wp-content\/uploads\/2022\/03\/2-2021-07-14-17-22-25-radnik.jpg","width":1000,"height":625},{"@type":"BreadcrumbList","@id":"https:\/\/radioljubuski.ba\/index.php\/2022\/03\/08\/gospodarstvenicima-iz-bih-u-rusiji-i-ukrajini-ostali-milijuni-maraka\/#breadcrumb","itemListElement":[{"@type":"ListItem","position":1,"name":"Po\u010detna stranica","item":"https:\/\/radioljubuski.ba\/"},{"@type":"ListItem","position":2,"name":"Gospodarstvenicima iz BiH u Rusiji i Ukrajini ostali milijuni maraka"}]},{"@type":"WebSite","@id":"https:\/\/radioljubuski.ba\/#website","url":"https:\/\/radioljubuski.ba\/","name":"Radio Ljubu\u0161ki","description":"Sun\u010dana frekvencija Hercegovine","publisher":{"@id":"https:\/\/radioljubuski.ba\/#organization"},"potentialAction":[{"@type":"SearchAction","target":{"@type":"EntryPoint","urlTemplate":"https:\/\/radioljubuski.ba\/?s={search_term_string}"},"query-input":{"@type":"PropertyValueSpecification","valueRequired":true,"valueName":"search_term_string"}}],"inLanguage":"hr"},{"@type":"Organization","@id":"https:\/\/radioljubuski.ba\/#organization","name":"Radio Ljubu\u0161ki","url":"https:\/\/radioljubuski.ba\/","logo":{"@type":"ImageObject","inLanguage":"hr","@id":"https:\/\/radioljubuski.ba\/#\/schema\/logo\/image\/","url":"https:\/\/radioljubuski.ba\/wp-content\/uploads\/2021\/02\/cropped-Radio_Ljubuski_logo1.jpg","contentUrl":"https:\/\/radioljubuski.ba\/wp-content\/uploads\/2021\/02\/cropped-Radio_Ljubuski_logo1.jpg","width":512,"height":512,"caption":"Radio Ljubu\u0161ki"},"image":{"@id":"https:\/\/radioljubuski.ba\/#\/schema\/logo\/image\/"},"sameAs":["https:\/\/www.facebook.com\/Radiio-Ljubuski-1490835324566332","https:\/\/x.com\/radioljubuski","https:\/\/hr.linkedin.com\/company\/radio-ljubuski","https:\/\/www.youtube.com\/channel\/UCHYaeO_n0Db3tjNGudGpXyw"]},{"@type":"Person","@id":"https:\/\/radioljubuski.ba\/#\/schema\/person\/19fc700381a780f69665d7956c469e3b","name":"Radio Ljubu\u0161ki"}]}},"_links":{"self":[{"href":"https:\/\/radioljubuski.ba\/index.php\/wp-json\/wp\/v2\/posts\/119261","targetHints":{"allow":["GET"]}}],"collection":[{"href":"https:\/\/radioljubuski.ba\/index.php\/wp-json\/wp\/v2\/posts"}],"about":[{"href":"https:\/\/radioljubuski.ba\/index.php\/wp-json\/wp\/v2\/types\/post"}],"author":[{"embeddable":true,"href":"https:\/\/radioljubuski.ba\/index.php\/wp-json\/wp\/v2\/users\/2"}],"replies":[{"embeddable":true,"href":"https:\/\/radioljubuski.ba\/index.php\/wp-json\/wp\/v2\/comments?post=119261"}],"version-history":[{"count":1,"href":"https:\/\/radioljubuski.ba\/index.php\/wp-json\/wp\/v2\/posts\/119261\/revisions"}],"predecessor-version":[{"id":119263,"href":"https:\/\/radioljubuski.ba\/index.php\/wp-json\/wp\/v2\/posts\/119261\/revisions\/119263"}],"wp:featuredmedia":[{"embeddable":true,"href":"https:\/\/radioljubuski.ba\/index.php\/wp-json\/wp\/v2\/media\/119262"}],"wp:attachment":[{"href":"https:\/\/radioljubuski.ba\/index.php\/wp-json\/wp\/v2\/media?parent=119261"}],"wp:term":[{"taxonomy":"category","embeddable":true,"href":"https:\/\/radioljubuski.ba\/index.php\/wp-json\/wp\/v2\/categories?post=119261"},{"taxonomy":"post_tag","embeddable":true,"href":"https:\/\/radioljubuski.ba\/index.php\/wp-json\/wp\/v2\/tags?post=119261"}],"curies":[{"name":"wp","href":"https:\/\/api.w.org\/{rel}","templated":true}]}}