{"id":119289,"date":"2022-03-08T12:10:00","date_gmt":"2022-03-08T11:10:00","guid":{"rendered":"https:\/\/radioljubuski.ba\/?p=119289"},"modified":"2022-03-08T12:10:01","modified_gmt":"2022-03-08T11:10:01","slug":"rusija-prijeti-da-ce-zatvoriti-sjeverni-tok-1","status":"publish","type":"post","link":"https:\/\/radioljubuski.ba\/index.php\/2022\/03\/08\/rusija-prijeti-da-ce-zatvoriti-sjeverni-tok-1\/","title":{"rendered":"Rusija prijeti da \u0107e zatvoriti Sjeverni tok 1"},"content":{"rendered":"\n<p>Embargo na rusku naftu imao bi katastrofalne posljedice po svjetsko tr\u017ei\u0161te i mogao bi cijenu barela dovesti do 300 eura, upozorila je Moskva i zaprijetila zatvaranjem plinovoda Sjeverni tok 1.<\/p>\n\n\n\n<p>\u201cSasvim je o\u010dito da \u0107e odbijanje kupnje ruske nafte dovesti do katastrofalnih posljedica za svjetsko tr\u017ei\u0161te\u201d, rekao je zamjenik ruskog premijera zadu\u017een za energetiku, Aleksandar Novak.<\/p>\n\n\n\n<p>\u201cNagli skok cijena mogao bi biti nepredvidljiv i dosegnuti 300 dolara za barel, pa i vi\u0161e\u201d, rekao je, prenose ruske novinske agencije.<\/p>\n\n\n\n<p>Kada je Moskva u velja\u010di priznala neovisnost pobunjenih teritorija na istoku Ukrajine, Zapad je zamrznuo projekt Sjeverni tok 2 koji Rusiju povezuje s Njema\u010dkom.<\/p>\n\n\n\n<p>\u201cS punim pravom mo\u017eemo donijeti sli\u010dnu odluku i uvesti embargo na isporuku plina putem plinovoda Sjeverni tok 1 kojim ruski plin sti\u017ee u Europu i koji je trenuta\u010dno pun 100 posto\u201d, rekao je Novak.<\/p>\n\n\n\n<p>\u201cNo zasad nismo donijeli takvu odluku (\u2026) Premda nas europski politi\u010dari nagone na to svojim izjavama i optu\u017ebama\u201d, istaknuo je.<\/p>\n\n\n\n<p>Novak je rekao da je nemogu\u0107e isporuke ruske nafte na europsko tr\u017ei\u0161te brzo zamijeniti isporukama drugog izvora.<\/p>\n\n\n\n<p>\u201cZa to \u0107e trebati vi\u0161e godina i bit \u0107e skuplje za europske potro\u0161a\u010de koji \u0107e biti najve\u0107e \u017ertve takvog scenarija\u201d, upozorio je.<\/p>\n\n\n\n<p>Cijena barela sjevernomorskog Brenta bila je u nedjelju oko pono\u0107i po srednjoeuropskom vremenu gotovo 140 dolara, \u0161to nije daleko od apsolutnog rekorda od 147.50 dolara koji je dosegnula u srpnju 2008.<\/p>\n\n\n\n<p>Izvor:pogled.ba<\/p>\n","protected":false},"excerpt":{"rendered":"<p>Embargo na rusku naftu imao bi katastrofalne posljedice po svjetsko tr\u017ei\u0161te i mogao bi cijenu barela dovesti do 300 eura, upozorila je Moskva i zaprijetila zatvaranjem plinovoda Sjeverni tok 1. \u201cSasvim je o\u010dito da \u0107e odbijanje kupnje ruske nafte dovesti do katastrofalnih posljedica za svjetsko tr\u017ei\u0161te\u201d, rekao je zamjenik ruskog premijera zadu\u017een za energetiku, Aleksandar [&hellip;]<\/p>\n","protected":false},"author":2,"featured_media":119290,"comment_status":"closed","ping_status":"closed","sticky":false,"template":"","format":"standard","meta":{"h5ap_radio_sources":[],"footnotes":""},"categories":[1],"tags":[],"class_list":["post-119289","post","type-post","status-publish","format-standard","has-post-thumbnail","hentry","category-bihiregija"],"yoast_head":"<!-- This site is optimized with the Yoast SEO plugin v27.5 - https:\/\/yoast.com\/product\/yoast-seo-wordpress\/ -->\n<title>Rusija prijeti da \u0107e zatvoriti Sjeverni tok 1 - RADIO LJUBU\u0160KI<\/title>\n<meta name=\"robots\" content=\"index, follow, max-snippet:-1, max-image-preview:large, max-video-preview:-1\" \/>\n<link rel=\"canonical\" href=\"https:\/\/radioljubuski.ba\/index.php\/2022\/03\/08\/rusija-prijeti-da-ce-zatvoriti-sjeverni-tok-1\/\" \/>\n<meta property=\"og:locale\" content=\"hr_HR\" \/>\n<meta property=\"og:type\" content=\"article\" \/>\n<meta property=\"og:title\" content=\"Rusija prijeti da \u0107e zatvoriti Sjeverni tok 1 - RADIO LJUBU\u0160KI\" \/>\n<meta property=\"og:description\" content=\"Embargo na rusku naftu imao bi katastrofalne posljedice po svjetsko tr\u017ei\u0161te i mogao bi cijenu barela dovesti do 300 eura, upozorila je Moskva i zaprijetila zatvaranjem plinovoda Sjeverni tok 1. \u201cSasvim je o\u010dito da \u0107e odbijanje kupnje ruske nafte dovesti do katastrofalnih posljedica za svjetsko tr\u017ei\u0161te\u201d, rekao je zamjenik ruskog premijera zadu\u017een za energetiku, Aleksandar [&hellip;]\" \/>\n<meta property=\"og:url\" content=\"https:\/\/radioljubuski.ba\/index.php\/2022\/03\/08\/rusija-prijeti-da-ce-zatvoriti-sjeverni-tok-1\/\" \/>\n<meta property=\"og:site_name\" content=\"RADIO LJUBU\u0160KI\" \/>\n<meta property=\"article:publisher\" content=\"https:\/\/www.facebook.com\/Radiio-Ljubuski-1490835324566332\" \/>\n<meta property=\"article:published_time\" content=\"2022-03-08T11:10:00+00:00\" \/>\n<meta property=\"article:modified_time\" content=\"2022-03-08T11:10:01+00:00\" \/>\n<meta property=\"og:image\" content=\"https:\/\/radioljubuski.ba\/wp-content\/uploads\/2022\/03\/2-2022-03-08-10-07-34-plin.jpg\" \/>\n\t<meta property=\"og:image:width\" content=\"1000\" \/>\n\t<meta property=\"og:image:height\" content=\"625\" \/>\n\t<meta property=\"og:image:type\" content=\"image\/jpeg\" \/>\n<meta name=\"author\" content=\"Radio Ljubu\u0161ki\" \/>\n<meta name=\"twitter:card\" content=\"summary_large_image\" \/>\n<meta name=\"twitter:creator\" content=\"@radioljubuski\" \/>\n<meta name=\"twitter:site\" content=\"@radioljubuski\" \/>\n<meta name=\"twitter:label1\" content=\"Napisao\/la\" \/>\n\t<meta name=\"twitter:data1\" content=\"Radio Ljubu\u0161ki\" \/>\n\t<meta name=\"twitter:label2\" content=\"Procijenjeno vrijeme \u010ditanja\" \/>\n\t<meta name=\"twitter:data2\" content=\"1 minuta\" \/>\n<script type=\"application\/ld+json\" class=\"yoast-schema-graph\">{\"@context\":\"https:\\\/\\\/schema.org\",\"@graph\":[{\"@type\":\"Article\",\"@id\":\"https:\\\/\\\/radioljubuski.ba\\\/index.php\\\/2022\\\/03\\\/08\\\/rusija-prijeti-da-ce-zatvoriti-sjeverni-tok-1\\\/#article\",\"isPartOf\":{\"@id\":\"https:\\\/\\\/radioljubuski.ba\\\/index.php\\\/2022\\\/03\\\/08\\\/rusija-prijeti-da-ce-zatvoriti-sjeverni-tok-1\\\/\"},\"author\":{\"name\":\"Radio Ljubu\u0161ki\",\"@id\":\"https:\\\/\\\/radioljubuski.ba\\\/#\\\/schema\\\/person\\\/19fc700381a780f69665d7956c469e3b\"},\"headline\":\"Rusija prijeti da \u0107e zatvoriti Sjeverni tok 1\",\"datePublished\":\"2022-03-08T11:10:00+00:00\",\"dateModified\":\"2022-03-08T11:10:01+00:00\",\"mainEntityOfPage\":{\"@id\":\"https:\\\/\\\/radioljubuski.ba\\\/index.php\\\/2022\\\/03\\\/08\\\/rusija-prijeti-da-ce-zatvoriti-sjeverni-tok-1\\\/\"},\"wordCount\":249,\"publisher\":{\"@id\":\"https:\\\/\\\/radioljubuski.ba\\\/#organization\"},\"image\":{\"@id\":\"https:\\\/\\\/radioljubuski.ba\\\/index.php\\\/2022\\\/03\\\/08\\\/rusija-prijeti-da-ce-zatvoriti-sjeverni-tok-1\\\/#primaryimage\"},\"thumbnailUrl\":\"https:\\\/\\\/radioljubuski.ba\\\/wp-content\\\/uploads\\\/2022\\\/03\\\/2-2022-03-08-10-07-34-plin.jpg\",\"articleSection\":[\"BIH i regija\"],\"inLanguage\":\"hr\"},{\"@type\":\"WebPage\",\"@id\":\"https:\\\/\\\/radioljubuski.ba\\\/index.php\\\/2022\\\/03\\\/08\\\/rusija-prijeti-da-ce-zatvoriti-sjeverni-tok-1\\\/\",\"url\":\"https:\\\/\\\/radioljubuski.ba\\\/index.php\\\/2022\\\/03\\\/08\\\/rusija-prijeti-da-ce-zatvoriti-sjeverni-tok-1\\\/\",\"name\":\"Rusija prijeti da \u0107e zatvoriti Sjeverni tok 1 - RADIO LJUBU\u0160KI\",\"isPartOf\":{\"@id\":\"https:\\\/\\\/radioljubuski.ba\\\/#website\"},\"primaryImageOfPage\":{\"@id\":\"https:\\\/\\\/radioljubuski.ba\\\/index.php\\\/2022\\\/03\\\/08\\\/rusija-prijeti-da-ce-zatvoriti-sjeverni-tok-1\\\/#primaryimage\"},\"image\":{\"@id\":\"https:\\\/\\\/radioljubuski.ba\\\/index.php\\\/2022\\\/03\\\/08\\\/rusija-prijeti-da-ce-zatvoriti-sjeverni-tok-1\\\/#primaryimage\"},\"thumbnailUrl\":\"https:\\\/\\\/radioljubuski.ba\\\/wp-content\\\/uploads\\\/2022\\\/03\\\/2-2022-03-08-10-07-34-plin.jpg\",\"datePublished\":\"2022-03-08T11:10:00+00:00\",\"dateModified\":\"2022-03-08T11:10:01+00:00\",\"breadcrumb\":{\"@id\":\"https:\\\/\\\/radioljubuski.ba\\\/index.php\\\/2022\\\/03\\\/08\\\/rusija-prijeti-da-ce-zatvoriti-sjeverni-tok-1\\\/#breadcrumb\"},\"inLanguage\":\"hr\",\"potentialAction\":[{\"@type\":\"ReadAction\",\"target\":[\"https:\\\/\\\/radioljubuski.ba\\\/index.php\\\/2022\\\/03\\\/08\\\/rusija-prijeti-da-ce-zatvoriti-sjeverni-tok-1\\\/\"]}]},{\"@type\":\"ImageObject\",\"inLanguage\":\"hr\",\"@id\":\"https:\\\/\\\/radioljubuski.ba\\\/index.php\\\/2022\\\/03\\\/08\\\/rusija-prijeti-da-ce-zatvoriti-sjeverni-tok-1\\\/#primaryimage\",\"url\":\"https:\\\/\\\/radioljubuski.ba\\\/wp-content\\\/uploads\\\/2022\\\/03\\\/2-2022-03-08-10-07-34-plin.jpg\",\"contentUrl\":\"https:\\\/\\\/radioljubuski.ba\\\/wp-content\\\/uploads\\\/2022\\\/03\\\/2-2022-03-08-10-07-34-plin.jpg\",\"width\":1000,\"height\":625},{\"@type\":\"BreadcrumbList\",\"@id\":\"https:\\\/\\\/radioljubuski.ba\\\/index.php\\\/2022\\\/03\\\/08\\\/rusija-prijeti-da-ce-zatvoriti-sjeverni-tok-1\\\/#breadcrumb\",\"itemListElement\":[{\"@type\":\"ListItem\",\"position\":1,\"name\":\"Po\u010detna stranica\",\"item\":\"https:\\\/\\\/radioljubuski.ba\\\/\"},{\"@type\":\"ListItem\",\"position\":2,\"name\":\"Rusija prijeti da \u0107e zatvoriti Sjeverni tok 1\"}]},{\"@type\":\"WebSite\",\"@id\":\"https:\\\/\\\/radioljubuski.ba\\\/#website\",\"url\":\"https:\\\/\\\/radioljubuski.ba\\\/\",\"name\":\"Radio Ljubu\u0161ki\",\"description\":\"Sun\u010dana frekvencija Hercegovine\",\"publisher\":{\"@id\":\"https:\\\/\\\/radioljubuski.ba\\\/#organization\"},\"potentialAction\":[{\"@type\":\"SearchAction\",\"target\":{\"@type\":\"EntryPoint\",\"urlTemplate\":\"https:\\\/\\\/radioljubuski.ba\\\/?s={search_term_string}\"},\"query-input\":{\"@type\":\"PropertyValueSpecification\",\"valueRequired\":true,\"valueName\":\"search_term_string\"}}],\"inLanguage\":\"hr\"},{\"@type\":\"Organization\",\"@id\":\"https:\\\/\\\/radioljubuski.ba\\\/#organization\",\"name\":\"Radio Ljubu\u0161ki\",\"url\":\"https:\\\/\\\/radioljubuski.ba\\\/\",\"logo\":{\"@type\":\"ImageObject\",\"inLanguage\":\"hr\",\"@id\":\"https:\\\/\\\/radioljubuski.ba\\\/#\\\/schema\\\/logo\\\/image\\\/\",\"url\":\"https:\\\/\\\/radioljubuski.ba\\\/wp-content\\\/uploads\\\/2021\\\/02\\\/cropped-Radio_Ljubuski_logo1.jpg\",\"contentUrl\":\"https:\\\/\\\/radioljubuski.ba\\\/wp-content\\\/uploads\\\/2021\\\/02\\\/cropped-Radio_Ljubuski_logo1.jpg\",\"width\":512,\"height\":512,\"caption\":\"Radio Ljubu\u0161ki\"},\"image\":{\"@id\":\"https:\\\/\\\/radioljubuski.ba\\\/#\\\/schema\\\/logo\\\/image\\\/\"},\"sameAs\":[\"https:\\\/\\\/www.facebook.com\\\/Radiio-Ljubuski-1490835324566332\",\"https:\\\/\\\/x.com\\\/radioljubuski\",\"https:\\\/\\\/hr.linkedin.com\\\/company\\\/radio-ljubuski\",\"https:\\\/\\\/www.youtube.com\\\/channel\\\/UCHYaeO_n0Db3tjNGudGpXyw\"]},{\"@type\":\"Person\",\"@id\":\"https:\\\/\\\/radioljubuski.ba\\\/#\\\/schema\\\/person\\\/19fc700381a780f69665d7956c469e3b\",\"name\":\"Radio Ljubu\u0161ki\"}]}<\/script>\n<!-- \/ Yoast SEO plugin. -->","yoast_head_json":{"title":"Rusija prijeti da \u0107e zatvoriti Sjeverni tok 1 - RADIO LJUBU\u0160KI","robots":{"index":"index","follow":"follow","max-snippet":"max-snippet:-1","max-image-preview":"max-image-preview:large","max-video-preview":"max-video-preview:-1"},"canonical":"https:\/\/radioljubuski.ba\/index.php\/2022\/03\/08\/rusija-prijeti-da-ce-zatvoriti-sjeverni-tok-1\/","og_locale":"hr_HR","og_type":"article","og_title":"Rusija prijeti da \u0107e zatvoriti Sjeverni tok 1 - RADIO LJUBU\u0160KI","og_description":"Embargo na rusku naftu imao bi katastrofalne posljedice po svjetsko tr\u017ei\u0161te i mogao bi cijenu barela dovesti do 300 eura, upozorila je Moskva i zaprijetila zatvaranjem plinovoda Sjeverni tok 1. \u201cSasvim je o\u010dito da \u0107e odbijanje kupnje ruske nafte dovesti do katastrofalnih posljedica za svjetsko tr\u017ei\u0161te\u201d, rekao je zamjenik ruskog premijera zadu\u017een za energetiku, Aleksandar [&hellip;]","og_url":"https:\/\/radioljubuski.ba\/index.php\/2022\/03\/08\/rusija-prijeti-da-ce-zatvoriti-sjeverni-tok-1\/","og_site_name":"RADIO LJUBU\u0160KI","article_publisher":"https:\/\/www.facebook.com\/Radiio-Ljubuski-1490835324566332","article_published_time":"2022-03-08T11:10:00+00:00","article_modified_time":"2022-03-08T11:10:01+00:00","og_image":[{"width":1000,"height":625,"url":"https:\/\/radioljubuski.ba\/wp-content\/uploads\/2022\/03\/2-2022-03-08-10-07-34-plin.jpg","type":"image\/jpeg"}],"author":"Radio Ljubu\u0161ki","twitter_card":"summary_large_image","twitter_creator":"@radioljubuski","twitter_site":"@radioljubuski","twitter_misc":{"Napisao\/la":"Radio Ljubu\u0161ki","Procijenjeno vrijeme \u010ditanja":"1 minuta"},"schema":{"@context":"https:\/\/schema.org","@graph":[{"@type":"Article","@id":"https:\/\/radioljubuski.ba\/index.php\/2022\/03\/08\/rusija-prijeti-da-ce-zatvoriti-sjeverni-tok-1\/#article","isPartOf":{"@id":"https:\/\/radioljubuski.ba\/index.php\/2022\/03\/08\/rusija-prijeti-da-ce-zatvoriti-sjeverni-tok-1\/"},"author":{"name":"Radio Ljubu\u0161ki","@id":"https:\/\/radioljubuski.ba\/#\/schema\/person\/19fc700381a780f69665d7956c469e3b"},"headline":"Rusija prijeti da \u0107e zatvoriti Sjeverni tok 1","datePublished":"2022-03-08T11:10:00+00:00","dateModified":"2022-03-08T11:10:01+00:00","mainEntityOfPage":{"@id":"https:\/\/radioljubuski.ba\/index.php\/2022\/03\/08\/rusija-prijeti-da-ce-zatvoriti-sjeverni-tok-1\/"},"wordCount":249,"publisher":{"@id":"https:\/\/radioljubuski.ba\/#organization"},"image":{"@id":"https:\/\/radioljubuski.ba\/index.php\/2022\/03\/08\/rusija-prijeti-da-ce-zatvoriti-sjeverni-tok-1\/#primaryimage"},"thumbnailUrl":"https:\/\/radioljubuski.ba\/wp-content\/uploads\/2022\/03\/2-2022-03-08-10-07-34-plin.jpg","articleSection":["BIH i regija"],"inLanguage":"hr"},{"@type":"WebPage","@id":"https:\/\/radioljubuski.ba\/index.php\/2022\/03\/08\/rusija-prijeti-da-ce-zatvoriti-sjeverni-tok-1\/","url":"https:\/\/radioljubuski.ba\/index.php\/2022\/03\/08\/rusija-prijeti-da-ce-zatvoriti-sjeverni-tok-1\/","name":"Rusija prijeti da \u0107e zatvoriti Sjeverni tok 1 - RADIO LJUBU\u0160KI","isPartOf":{"@id":"https:\/\/radioljubuski.ba\/#website"},"primaryImageOfPage":{"@id":"https:\/\/radioljubuski.ba\/index.php\/2022\/03\/08\/rusija-prijeti-da-ce-zatvoriti-sjeverni-tok-1\/#primaryimage"},"image":{"@id":"https:\/\/radioljubuski.ba\/index.php\/2022\/03\/08\/rusija-prijeti-da-ce-zatvoriti-sjeverni-tok-1\/#primaryimage"},"thumbnailUrl":"https:\/\/radioljubuski.ba\/wp-content\/uploads\/2022\/03\/2-2022-03-08-10-07-34-plin.jpg","datePublished":"2022-03-08T11:10:00+00:00","dateModified":"2022-03-08T11:10:01+00:00","breadcrumb":{"@id":"https:\/\/radioljubuski.ba\/index.php\/2022\/03\/08\/rusija-prijeti-da-ce-zatvoriti-sjeverni-tok-1\/#breadcrumb"},"inLanguage":"hr","potentialAction":[{"@type":"ReadAction","target":["https:\/\/radioljubuski.ba\/index.php\/2022\/03\/08\/rusija-prijeti-da-ce-zatvoriti-sjeverni-tok-1\/"]}]},{"@type":"ImageObject","inLanguage":"hr","@id":"https:\/\/radioljubuski.ba\/index.php\/2022\/03\/08\/rusija-prijeti-da-ce-zatvoriti-sjeverni-tok-1\/#primaryimage","url":"https:\/\/radioljubuski.ba\/wp-content\/uploads\/2022\/03\/2-2022-03-08-10-07-34-plin.jpg","contentUrl":"https:\/\/radioljubuski.ba\/wp-content\/uploads\/2022\/03\/2-2022-03-08-10-07-34-plin.jpg","width":1000,"height":625},{"@type":"BreadcrumbList","@id":"https:\/\/radioljubuski.ba\/index.php\/2022\/03\/08\/rusija-prijeti-da-ce-zatvoriti-sjeverni-tok-1\/#breadcrumb","itemListElement":[{"@type":"ListItem","position":1,"name":"Po\u010detna stranica","item":"https:\/\/radioljubuski.ba\/"},{"@type":"ListItem","position":2,"name":"Rusija prijeti da \u0107e zatvoriti Sjeverni tok 1"}]},{"@type":"WebSite","@id":"https:\/\/radioljubuski.ba\/#website","url":"https:\/\/radioljubuski.ba\/","name":"Radio Ljubu\u0161ki","description":"Sun\u010dana frekvencija Hercegovine","publisher":{"@id":"https:\/\/radioljubuski.ba\/#organization"},"potentialAction":[{"@type":"SearchAction","target":{"@type":"EntryPoint","urlTemplate":"https:\/\/radioljubuski.ba\/?s={search_term_string}"},"query-input":{"@type":"PropertyValueSpecification","valueRequired":true,"valueName":"search_term_string"}}],"inLanguage":"hr"},{"@type":"Organization","@id":"https:\/\/radioljubuski.ba\/#organization","name":"Radio Ljubu\u0161ki","url":"https:\/\/radioljubuski.ba\/","logo":{"@type":"ImageObject","inLanguage":"hr","@id":"https:\/\/radioljubuski.ba\/#\/schema\/logo\/image\/","url":"https:\/\/radioljubuski.ba\/wp-content\/uploads\/2021\/02\/cropped-Radio_Ljubuski_logo1.jpg","contentUrl":"https:\/\/radioljubuski.ba\/wp-content\/uploads\/2021\/02\/cropped-Radio_Ljubuski_logo1.jpg","width":512,"height":512,"caption":"Radio Ljubu\u0161ki"},"image":{"@id":"https:\/\/radioljubuski.ba\/#\/schema\/logo\/image\/"},"sameAs":["https:\/\/www.facebook.com\/Radiio-Ljubuski-1490835324566332","https:\/\/x.com\/radioljubuski","https:\/\/hr.linkedin.com\/company\/radio-ljubuski","https:\/\/www.youtube.com\/channel\/UCHYaeO_n0Db3tjNGudGpXyw"]},{"@type":"Person","@id":"https:\/\/radioljubuski.ba\/#\/schema\/person\/19fc700381a780f69665d7956c469e3b","name":"Radio Ljubu\u0161ki"}]}},"_links":{"self":[{"href":"https:\/\/radioljubuski.ba\/index.php\/wp-json\/wp\/v2\/posts\/119289","targetHints":{"allow":["GET"]}}],"collection":[{"href":"https:\/\/radioljubuski.ba\/index.php\/wp-json\/wp\/v2\/posts"}],"about":[{"href":"https:\/\/radioljubuski.ba\/index.php\/wp-json\/wp\/v2\/types\/post"}],"author":[{"embeddable":true,"href":"https:\/\/radioljubuski.ba\/index.php\/wp-json\/wp\/v2\/users\/2"}],"replies":[{"embeddable":true,"href":"https:\/\/radioljubuski.ba\/index.php\/wp-json\/wp\/v2\/comments?post=119289"}],"version-history":[{"count":1,"href":"https:\/\/radioljubuski.ba\/index.php\/wp-json\/wp\/v2\/posts\/119289\/revisions"}],"predecessor-version":[{"id":119291,"href":"https:\/\/radioljubuski.ba\/index.php\/wp-json\/wp\/v2\/posts\/119289\/revisions\/119291"}],"wp:featuredmedia":[{"embeddable":true,"href":"https:\/\/radioljubuski.ba\/index.php\/wp-json\/wp\/v2\/media\/119290"}],"wp:attachment":[{"href":"https:\/\/radioljubuski.ba\/index.php\/wp-json\/wp\/v2\/media?parent=119289"}],"wp:term":[{"taxonomy":"category","embeddable":true,"href":"https:\/\/radioljubuski.ba\/index.php\/wp-json\/wp\/v2\/categories?post=119289"},{"taxonomy":"post_tag","embeddable":true,"href":"https:\/\/radioljubuski.ba\/index.php\/wp-json\/wp\/v2\/tags?post=119289"}],"curies":[{"name":"wp","href":"https:\/\/api.w.org\/{rel}","templated":true}]}}