{"id":119292,"date":"2022-03-08T12:11:24","date_gmt":"2022-03-08T11:11:24","guid":{"rendered":"https:\/\/radioljubuski.ba\/?p=119292"},"modified":"2022-03-08T12:11:25","modified_gmt":"2022-03-08T11:11:25","slug":"hrvat-iz-njemacke-osuden-zbog-prijetnje-predsjedniku-milance-bre-jea-si-mater-svoju","status":"publish","type":"post","link":"https:\/\/radioljubuski.ba\/index.php\/2022\/03\/08\/hrvat-iz-njemacke-osuden-zbog-prijetnje-predsjedniku-milance-bre-jea-si-mater-svoju\/","title":{"rendered":"Hrvat iz Njema\u010dke osu\u0111en zbog prijetnje predsjedniku: \u2018Milan\u010de bre, je*a si mater svoju\u2018"},"content":{"rendered":"\n<p>&#8220;Milan\u010de bre, je*a si mater svoju, ja \u0107u tebe ise\u0107i bajunetama u vukovaru \u0111e si prolija krv hrvata bojovbika&#8221; \u2013 prijete\u0107a je re\u010denica koju je u svibnju 2020. ispisao Vinkov\u010danin s njema\u010dkom adresom Vlatko R. (56) te ju sa svog mobitela poslao na e-mail PU vukovarsko-srijemske.<\/p>\n\n\n\n<p>Policija je vrlo brzo u\u0161la u trag po\u0161iljatelju koji je bio nezadovoljan politi\u010dkim djelovanjem predsjednika RH Zorana Milanovi\u0107a i koji je navedenu poruku poslao s ciljem da ustra\u0161i prvog \u010dovjeka u zemlji, pa su protiv njega podignuli kaznenu prijavu zbog prijetnji smr\u0107u.<\/p>\n\n\n\n<p>Vlatko R. je ispitan u svojstvu osumnji\u010denika u njema\u010dkom Dingolfingu nakon \u010dega je vinkova\u010dko tu\u017eiteljstvo protiv njega podignulo optu\u017enicu pa je vinkova\u010dki sud, na prijedlog Op\u0107inskog dr\u017eavnog odvjetni\u0161tva, izdao kazneni nalog kojim je progla\u0161en krivim te osu\u0111en na osam mjeseci zatvora s dvogodi\u0161njim rokom ku\u0161nje. Ujedno mora podmiriti i 500 kuna tro\u0161kova pau\u0161alnog iznosa.<\/p>\n\n\n\n<p>Ina\u010de, iza Vlatka R. je ve\u0107 jedna pravomo\u0107na presuda iz 2018. kojom je bio osu\u0111en tako\u0111er na uvjetnu kaznu od godine dana s dvogodi\u0161njim rokom ku\u0161nje i to zbog prijetnji osobi pod me\u0111unarodnom za\u0161titom.<\/p>\n\n\n\n<p>Izvor:pogled.ba<\/p>\n","protected":false},"excerpt":{"rendered":"<p>&#8220;Milan\u010de bre, je*a si mater svoju, ja \u0107u tebe ise\u0107i bajunetama u vukovaru \u0111e si prolija krv hrvata bojovbika&#8221; \u2013 prijete\u0107a je re\u010denica koju je u svibnju 2020. ispisao Vinkov\u010danin s njema\u010dkom adresom Vlatko R. (56) te ju sa svog mobitela poslao na e-mail PU vukovarsko-srijemske. Policija je vrlo brzo u\u0161la u trag po\u0161iljatelju koji [&hellip;]<\/p>\n","protected":false},"author":2,"featured_media":50291,"comment_status":"closed","ping_status":"closed","sticky":false,"template":"","format":"standard","meta":{"h5ap_radio_sources":[],"footnotes":""},"categories":[1],"tags":[],"class_list":["post-119292","post","type-post","status-publish","format-standard","has-post-thumbnail","hentry","category-bihiregija"],"yoast_head":"<!-- This site is optimized with the Yoast SEO plugin v27.5 - https:\/\/yoast.com\/product\/yoast-seo-wordpress\/ -->\n<title>Hrvat iz Njema\u010dke osu\u0111en zbog prijetnje predsjedniku: \u2018Milan\u010de bre, je*a si mater svoju\u2018 - RADIO LJUBU\u0160KI<\/title>\n<meta name=\"robots\" content=\"index, follow, max-snippet:-1, max-image-preview:large, max-video-preview:-1\" \/>\n<link rel=\"canonical\" href=\"https:\/\/radioljubuski.ba\/index.php\/2022\/03\/08\/hrvat-iz-njemacke-osuden-zbog-prijetnje-predsjedniku-milance-bre-jea-si-mater-svoju\/\" \/>\n<meta property=\"og:locale\" content=\"hr_HR\" \/>\n<meta property=\"og:type\" content=\"article\" \/>\n<meta property=\"og:title\" content=\"Hrvat iz Njema\u010dke osu\u0111en zbog prijetnje predsjedniku: \u2018Milan\u010de bre, je*a si mater svoju\u2018 - RADIO LJUBU\u0160KI\" \/>\n<meta property=\"og:description\" content=\"&#8220;Milan\u010de bre, je*a si mater svoju, ja \u0107u tebe ise\u0107i bajunetama u vukovaru \u0111e si prolija krv hrvata bojovbika&#8221; \u2013 prijete\u0107a je re\u010denica koju je u svibnju 2020. ispisao Vinkov\u010danin s njema\u010dkom adresom Vlatko R. (56) te ju sa svog mobitela poslao na e-mail PU vukovarsko-srijemske. Policija je vrlo brzo u\u0161la u trag po\u0161iljatelju koji [&hellip;]\" \/>\n<meta property=\"og:url\" content=\"https:\/\/radioljubuski.ba\/index.php\/2022\/03\/08\/hrvat-iz-njemacke-osuden-zbog-prijetnje-predsjedniku-milance-bre-jea-si-mater-svoju\/\" \/>\n<meta property=\"og:site_name\" content=\"RADIO LJUBU\u0160KI\" \/>\n<meta property=\"article:publisher\" content=\"https:\/\/www.facebook.com\/Radiio-Ljubuski-1490835324566332\" \/>\n<meta property=\"article:published_time\" content=\"2022-03-08T11:11:24+00:00\" \/>\n<meta property=\"article:modified_time\" content=\"2022-03-08T11:11:25+00:00\" \/>\n<meta property=\"og:image\" content=\"https:\/\/radioljubuski.ba\/wp-content\/uploads\/2021\/08\/2-2021-07-09-13-41-58-milanovic.jpg\" \/>\n\t<meta property=\"og:image:width\" content=\"1000\" \/>\n\t<meta property=\"og:image:height\" content=\"625\" \/>\n\t<meta property=\"og:image:type\" content=\"image\/jpeg\" \/>\n<meta name=\"author\" content=\"Radio Ljubu\u0161ki\" \/>\n<meta name=\"twitter:card\" content=\"summary_large_image\" \/>\n<meta name=\"twitter:creator\" content=\"@radioljubuski\" \/>\n<meta name=\"twitter:site\" content=\"@radioljubuski\" \/>\n<meta name=\"twitter:label1\" content=\"Napisao\/la\" \/>\n\t<meta name=\"twitter:data1\" content=\"Radio Ljubu\u0161ki\" \/>\n\t<meta name=\"twitter:label2\" content=\"Procijenjeno vrijeme \u010ditanja\" \/>\n\t<meta name=\"twitter:data2\" content=\"1 minuta\" \/>\n<script type=\"application\/ld+json\" class=\"yoast-schema-graph\">{\"@context\":\"https:\\\/\\\/schema.org\",\"@graph\":[{\"@type\":\"Article\",\"@id\":\"https:\\\/\\\/radioljubuski.ba\\\/index.php\\\/2022\\\/03\\\/08\\\/hrvat-iz-njemacke-osuden-zbog-prijetnje-predsjedniku-milance-bre-jea-si-mater-svoju\\\/#article\",\"isPartOf\":{\"@id\":\"https:\\\/\\\/radioljubuski.ba\\\/index.php\\\/2022\\\/03\\\/08\\\/hrvat-iz-njemacke-osuden-zbog-prijetnje-predsjedniku-milance-bre-jea-si-mater-svoju\\\/\"},\"author\":{\"name\":\"Radio Ljubu\u0161ki\",\"@id\":\"https:\\\/\\\/radioljubuski.ba\\\/#\\\/schema\\\/person\\\/19fc700381a780f69665d7956c469e3b\"},\"headline\":\"Hrvat iz Njema\u010dke osu\u0111en zbog prijetnje predsjedniku: \u2018Milan\u010de bre, je*a si mater svoju\u2018\",\"datePublished\":\"2022-03-08T11:11:24+00:00\",\"dateModified\":\"2022-03-08T11:11:25+00:00\",\"mainEntityOfPage\":{\"@id\":\"https:\\\/\\\/radioljubuski.ba\\\/index.php\\\/2022\\\/03\\\/08\\\/hrvat-iz-njemacke-osuden-zbog-prijetnje-predsjedniku-milance-bre-jea-si-mater-svoju\\\/\"},\"wordCount\":227,\"publisher\":{\"@id\":\"https:\\\/\\\/radioljubuski.ba\\\/#organization\"},\"image\":{\"@id\":\"https:\\\/\\\/radioljubuski.ba\\\/index.php\\\/2022\\\/03\\\/08\\\/hrvat-iz-njemacke-osuden-zbog-prijetnje-predsjedniku-milance-bre-jea-si-mater-svoju\\\/#primaryimage\"},\"thumbnailUrl\":\"https:\\\/\\\/radioljubuski.ba\\\/wp-content\\\/uploads\\\/2021\\\/08\\\/2-2021-07-09-13-41-58-milanovic.jpg\",\"articleSection\":[\"BIH i regija\"],\"inLanguage\":\"hr\"},{\"@type\":\"WebPage\",\"@id\":\"https:\\\/\\\/radioljubuski.ba\\\/index.php\\\/2022\\\/03\\\/08\\\/hrvat-iz-njemacke-osuden-zbog-prijetnje-predsjedniku-milance-bre-jea-si-mater-svoju\\\/\",\"url\":\"https:\\\/\\\/radioljubuski.ba\\\/index.php\\\/2022\\\/03\\\/08\\\/hrvat-iz-njemacke-osuden-zbog-prijetnje-predsjedniku-milance-bre-jea-si-mater-svoju\\\/\",\"name\":\"Hrvat iz Njema\u010dke osu\u0111en zbog prijetnje predsjedniku: \u2018Milan\u010de bre, je*a si mater svoju\u2018 - RADIO LJUBU\u0160KI\",\"isPartOf\":{\"@id\":\"https:\\\/\\\/radioljubuski.ba\\\/#website\"},\"primaryImageOfPage\":{\"@id\":\"https:\\\/\\\/radioljubuski.ba\\\/index.php\\\/2022\\\/03\\\/08\\\/hrvat-iz-njemacke-osuden-zbog-prijetnje-predsjedniku-milance-bre-jea-si-mater-svoju\\\/#primaryimage\"},\"image\":{\"@id\":\"https:\\\/\\\/radioljubuski.ba\\\/index.php\\\/2022\\\/03\\\/08\\\/hrvat-iz-njemacke-osuden-zbog-prijetnje-predsjedniku-milance-bre-jea-si-mater-svoju\\\/#primaryimage\"},\"thumbnailUrl\":\"https:\\\/\\\/radioljubuski.ba\\\/wp-content\\\/uploads\\\/2021\\\/08\\\/2-2021-07-09-13-41-58-milanovic.jpg\",\"datePublished\":\"2022-03-08T11:11:24+00:00\",\"dateModified\":\"2022-03-08T11:11:25+00:00\",\"breadcrumb\":{\"@id\":\"https:\\\/\\\/radioljubuski.ba\\\/index.php\\\/2022\\\/03\\\/08\\\/hrvat-iz-njemacke-osuden-zbog-prijetnje-predsjedniku-milance-bre-jea-si-mater-svoju\\\/#breadcrumb\"},\"inLanguage\":\"hr\",\"potentialAction\":[{\"@type\":\"ReadAction\",\"target\":[\"https:\\\/\\\/radioljubuski.ba\\\/index.php\\\/2022\\\/03\\\/08\\\/hrvat-iz-njemacke-osuden-zbog-prijetnje-predsjedniku-milance-bre-jea-si-mater-svoju\\\/\"]}]},{\"@type\":\"ImageObject\",\"inLanguage\":\"hr\",\"@id\":\"https:\\\/\\\/radioljubuski.ba\\\/index.php\\\/2022\\\/03\\\/08\\\/hrvat-iz-njemacke-osuden-zbog-prijetnje-predsjedniku-milance-bre-jea-si-mater-svoju\\\/#primaryimage\",\"url\":\"https:\\\/\\\/radioljubuski.ba\\\/wp-content\\\/uploads\\\/2021\\\/08\\\/2-2021-07-09-13-41-58-milanovic.jpg\",\"contentUrl\":\"https:\\\/\\\/radioljubuski.ba\\\/wp-content\\\/uploads\\\/2021\\\/08\\\/2-2021-07-09-13-41-58-milanovic.jpg\",\"width\":1000,\"height\":625},{\"@type\":\"BreadcrumbList\",\"@id\":\"https:\\\/\\\/radioljubuski.ba\\\/index.php\\\/2022\\\/03\\\/08\\\/hrvat-iz-njemacke-osuden-zbog-prijetnje-predsjedniku-milance-bre-jea-si-mater-svoju\\\/#breadcrumb\",\"itemListElement\":[{\"@type\":\"ListItem\",\"position\":1,\"name\":\"Po\u010detna stranica\",\"item\":\"https:\\\/\\\/radioljubuski.ba\\\/\"},{\"@type\":\"ListItem\",\"position\":2,\"name\":\"Hrvat iz Njema\u010dke osu\u0111en zbog prijetnje predsjedniku: \u2018Milan\u010de bre, je*a si mater svoju\u2018\"}]},{\"@type\":\"WebSite\",\"@id\":\"https:\\\/\\\/radioljubuski.ba\\\/#website\",\"url\":\"https:\\\/\\\/radioljubuski.ba\\\/\",\"name\":\"Radio Ljubu\u0161ki\",\"description\":\"Sun\u010dana frekvencija Hercegovine\",\"publisher\":{\"@id\":\"https:\\\/\\\/radioljubuski.ba\\\/#organization\"},\"potentialAction\":[{\"@type\":\"SearchAction\",\"target\":{\"@type\":\"EntryPoint\",\"urlTemplate\":\"https:\\\/\\\/radioljubuski.ba\\\/?s={search_term_string}\"},\"query-input\":{\"@type\":\"PropertyValueSpecification\",\"valueRequired\":true,\"valueName\":\"search_term_string\"}}],\"inLanguage\":\"hr\"},{\"@type\":\"Organization\",\"@id\":\"https:\\\/\\\/radioljubuski.ba\\\/#organization\",\"name\":\"Radio Ljubu\u0161ki\",\"url\":\"https:\\\/\\\/radioljubuski.ba\\\/\",\"logo\":{\"@type\":\"ImageObject\",\"inLanguage\":\"hr\",\"@id\":\"https:\\\/\\\/radioljubuski.ba\\\/#\\\/schema\\\/logo\\\/image\\\/\",\"url\":\"https:\\\/\\\/radioljubuski.ba\\\/wp-content\\\/uploads\\\/2021\\\/02\\\/cropped-Radio_Ljubuski_logo1.jpg\",\"contentUrl\":\"https:\\\/\\\/radioljubuski.ba\\\/wp-content\\\/uploads\\\/2021\\\/02\\\/cropped-Radio_Ljubuski_logo1.jpg\",\"width\":512,\"height\":512,\"caption\":\"Radio Ljubu\u0161ki\"},\"image\":{\"@id\":\"https:\\\/\\\/radioljubuski.ba\\\/#\\\/schema\\\/logo\\\/image\\\/\"},\"sameAs\":[\"https:\\\/\\\/www.facebook.com\\\/Radiio-Ljubuski-1490835324566332\",\"https:\\\/\\\/x.com\\\/radioljubuski\",\"https:\\\/\\\/hr.linkedin.com\\\/company\\\/radio-ljubuski\",\"https:\\\/\\\/www.youtube.com\\\/channel\\\/UCHYaeO_n0Db3tjNGudGpXyw\"]},{\"@type\":\"Person\",\"@id\":\"https:\\\/\\\/radioljubuski.ba\\\/#\\\/schema\\\/person\\\/19fc700381a780f69665d7956c469e3b\",\"name\":\"Radio Ljubu\u0161ki\"}]}<\/script>\n<!-- \/ Yoast SEO plugin. -->","yoast_head_json":{"title":"Hrvat iz Njema\u010dke osu\u0111en zbog prijetnje predsjedniku: \u2018Milan\u010de bre, je*a si mater svoju\u2018 - RADIO LJUBU\u0160KI","robots":{"index":"index","follow":"follow","max-snippet":"max-snippet:-1","max-image-preview":"max-image-preview:large","max-video-preview":"max-video-preview:-1"},"canonical":"https:\/\/radioljubuski.ba\/index.php\/2022\/03\/08\/hrvat-iz-njemacke-osuden-zbog-prijetnje-predsjedniku-milance-bre-jea-si-mater-svoju\/","og_locale":"hr_HR","og_type":"article","og_title":"Hrvat iz Njema\u010dke osu\u0111en zbog prijetnje predsjedniku: \u2018Milan\u010de bre, je*a si mater svoju\u2018 - RADIO LJUBU\u0160KI","og_description":"&#8220;Milan\u010de bre, je*a si mater svoju, ja \u0107u tebe ise\u0107i bajunetama u vukovaru \u0111e si prolija krv hrvata bojovbika&#8221; \u2013 prijete\u0107a je re\u010denica koju je u svibnju 2020. ispisao Vinkov\u010danin s njema\u010dkom adresom Vlatko R. (56) te ju sa svog mobitela poslao na e-mail PU vukovarsko-srijemske. Policija je vrlo brzo u\u0161la u trag po\u0161iljatelju koji [&hellip;]","og_url":"https:\/\/radioljubuski.ba\/index.php\/2022\/03\/08\/hrvat-iz-njemacke-osuden-zbog-prijetnje-predsjedniku-milance-bre-jea-si-mater-svoju\/","og_site_name":"RADIO LJUBU\u0160KI","article_publisher":"https:\/\/www.facebook.com\/Radiio-Ljubuski-1490835324566332","article_published_time":"2022-03-08T11:11:24+00:00","article_modified_time":"2022-03-08T11:11:25+00:00","og_image":[{"width":1000,"height":625,"url":"https:\/\/radioljubuski.ba\/wp-content\/uploads\/2021\/08\/2-2021-07-09-13-41-58-milanovic.jpg","type":"image\/jpeg"}],"author":"Radio Ljubu\u0161ki","twitter_card":"summary_large_image","twitter_creator":"@radioljubuski","twitter_site":"@radioljubuski","twitter_misc":{"Napisao\/la":"Radio Ljubu\u0161ki","Procijenjeno vrijeme \u010ditanja":"1 minuta"},"schema":{"@context":"https:\/\/schema.org","@graph":[{"@type":"Article","@id":"https:\/\/radioljubuski.ba\/index.php\/2022\/03\/08\/hrvat-iz-njemacke-osuden-zbog-prijetnje-predsjedniku-milance-bre-jea-si-mater-svoju\/#article","isPartOf":{"@id":"https:\/\/radioljubuski.ba\/index.php\/2022\/03\/08\/hrvat-iz-njemacke-osuden-zbog-prijetnje-predsjedniku-milance-bre-jea-si-mater-svoju\/"},"author":{"name":"Radio Ljubu\u0161ki","@id":"https:\/\/radioljubuski.ba\/#\/schema\/person\/19fc700381a780f69665d7956c469e3b"},"headline":"Hrvat iz Njema\u010dke osu\u0111en zbog prijetnje predsjedniku: \u2018Milan\u010de bre, je*a si mater svoju\u2018","datePublished":"2022-03-08T11:11:24+00:00","dateModified":"2022-03-08T11:11:25+00:00","mainEntityOfPage":{"@id":"https:\/\/radioljubuski.ba\/index.php\/2022\/03\/08\/hrvat-iz-njemacke-osuden-zbog-prijetnje-predsjedniku-milance-bre-jea-si-mater-svoju\/"},"wordCount":227,"publisher":{"@id":"https:\/\/radioljubuski.ba\/#organization"},"image":{"@id":"https:\/\/radioljubuski.ba\/index.php\/2022\/03\/08\/hrvat-iz-njemacke-osuden-zbog-prijetnje-predsjedniku-milance-bre-jea-si-mater-svoju\/#primaryimage"},"thumbnailUrl":"https:\/\/radioljubuski.ba\/wp-content\/uploads\/2021\/08\/2-2021-07-09-13-41-58-milanovic.jpg","articleSection":["BIH i regija"],"inLanguage":"hr"},{"@type":"WebPage","@id":"https:\/\/radioljubuski.ba\/index.php\/2022\/03\/08\/hrvat-iz-njemacke-osuden-zbog-prijetnje-predsjedniku-milance-bre-jea-si-mater-svoju\/","url":"https:\/\/radioljubuski.ba\/index.php\/2022\/03\/08\/hrvat-iz-njemacke-osuden-zbog-prijetnje-predsjedniku-milance-bre-jea-si-mater-svoju\/","name":"Hrvat iz Njema\u010dke osu\u0111en zbog prijetnje predsjedniku: \u2018Milan\u010de bre, je*a si mater svoju\u2018 - RADIO LJUBU\u0160KI","isPartOf":{"@id":"https:\/\/radioljubuski.ba\/#website"},"primaryImageOfPage":{"@id":"https:\/\/radioljubuski.ba\/index.php\/2022\/03\/08\/hrvat-iz-njemacke-osuden-zbog-prijetnje-predsjedniku-milance-bre-jea-si-mater-svoju\/#primaryimage"},"image":{"@id":"https:\/\/radioljubuski.ba\/index.php\/2022\/03\/08\/hrvat-iz-njemacke-osuden-zbog-prijetnje-predsjedniku-milance-bre-jea-si-mater-svoju\/#primaryimage"},"thumbnailUrl":"https:\/\/radioljubuski.ba\/wp-content\/uploads\/2021\/08\/2-2021-07-09-13-41-58-milanovic.jpg","datePublished":"2022-03-08T11:11:24+00:00","dateModified":"2022-03-08T11:11:25+00:00","breadcrumb":{"@id":"https:\/\/radioljubuski.ba\/index.php\/2022\/03\/08\/hrvat-iz-njemacke-osuden-zbog-prijetnje-predsjedniku-milance-bre-jea-si-mater-svoju\/#breadcrumb"},"inLanguage":"hr","potentialAction":[{"@type":"ReadAction","target":["https:\/\/radioljubuski.ba\/index.php\/2022\/03\/08\/hrvat-iz-njemacke-osuden-zbog-prijetnje-predsjedniku-milance-bre-jea-si-mater-svoju\/"]}]},{"@type":"ImageObject","inLanguage":"hr","@id":"https:\/\/radioljubuski.ba\/index.php\/2022\/03\/08\/hrvat-iz-njemacke-osuden-zbog-prijetnje-predsjedniku-milance-bre-jea-si-mater-svoju\/#primaryimage","url":"https:\/\/radioljubuski.ba\/wp-content\/uploads\/2021\/08\/2-2021-07-09-13-41-58-milanovic.jpg","contentUrl":"https:\/\/radioljubuski.ba\/wp-content\/uploads\/2021\/08\/2-2021-07-09-13-41-58-milanovic.jpg","width":1000,"height":625},{"@type":"BreadcrumbList","@id":"https:\/\/radioljubuski.ba\/index.php\/2022\/03\/08\/hrvat-iz-njemacke-osuden-zbog-prijetnje-predsjedniku-milance-bre-jea-si-mater-svoju\/#breadcrumb","itemListElement":[{"@type":"ListItem","position":1,"name":"Po\u010detna stranica","item":"https:\/\/radioljubuski.ba\/"},{"@type":"ListItem","position":2,"name":"Hrvat iz Njema\u010dke osu\u0111en zbog prijetnje predsjedniku: \u2018Milan\u010de bre, je*a si mater svoju\u2018"}]},{"@type":"WebSite","@id":"https:\/\/radioljubuski.ba\/#website","url":"https:\/\/radioljubuski.ba\/","name":"Radio Ljubu\u0161ki","description":"Sun\u010dana frekvencija Hercegovine","publisher":{"@id":"https:\/\/radioljubuski.ba\/#organization"},"potentialAction":[{"@type":"SearchAction","target":{"@type":"EntryPoint","urlTemplate":"https:\/\/radioljubuski.ba\/?s={search_term_string}"},"query-input":{"@type":"PropertyValueSpecification","valueRequired":true,"valueName":"search_term_string"}}],"inLanguage":"hr"},{"@type":"Organization","@id":"https:\/\/radioljubuski.ba\/#organization","name":"Radio Ljubu\u0161ki","url":"https:\/\/radioljubuski.ba\/","logo":{"@type":"ImageObject","inLanguage":"hr","@id":"https:\/\/radioljubuski.ba\/#\/schema\/logo\/image\/","url":"https:\/\/radioljubuski.ba\/wp-content\/uploads\/2021\/02\/cropped-Radio_Ljubuski_logo1.jpg","contentUrl":"https:\/\/radioljubuski.ba\/wp-content\/uploads\/2021\/02\/cropped-Radio_Ljubuski_logo1.jpg","width":512,"height":512,"caption":"Radio Ljubu\u0161ki"},"image":{"@id":"https:\/\/radioljubuski.ba\/#\/schema\/logo\/image\/"},"sameAs":["https:\/\/www.facebook.com\/Radiio-Ljubuski-1490835324566332","https:\/\/x.com\/radioljubuski","https:\/\/hr.linkedin.com\/company\/radio-ljubuski","https:\/\/www.youtube.com\/channel\/UCHYaeO_n0Db3tjNGudGpXyw"]},{"@type":"Person","@id":"https:\/\/radioljubuski.ba\/#\/schema\/person\/19fc700381a780f69665d7956c469e3b","name":"Radio Ljubu\u0161ki"}]}},"_links":{"self":[{"href":"https:\/\/radioljubuski.ba\/index.php\/wp-json\/wp\/v2\/posts\/119292","targetHints":{"allow":["GET"]}}],"collection":[{"href":"https:\/\/radioljubuski.ba\/index.php\/wp-json\/wp\/v2\/posts"}],"about":[{"href":"https:\/\/radioljubuski.ba\/index.php\/wp-json\/wp\/v2\/types\/post"}],"author":[{"embeddable":true,"href":"https:\/\/radioljubuski.ba\/index.php\/wp-json\/wp\/v2\/users\/2"}],"replies":[{"embeddable":true,"href":"https:\/\/radioljubuski.ba\/index.php\/wp-json\/wp\/v2\/comments?post=119292"}],"version-history":[{"count":1,"href":"https:\/\/radioljubuski.ba\/index.php\/wp-json\/wp\/v2\/posts\/119292\/revisions"}],"predecessor-version":[{"id":119293,"href":"https:\/\/radioljubuski.ba\/index.php\/wp-json\/wp\/v2\/posts\/119292\/revisions\/119293"}],"wp:featuredmedia":[{"embeddable":true,"href":"https:\/\/radioljubuski.ba\/index.php\/wp-json\/wp\/v2\/media\/50291"}],"wp:attachment":[{"href":"https:\/\/radioljubuski.ba\/index.php\/wp-json\/wp\/v2\/media?parent=119292"}],"wp:term":[{"taxonomy":"category","embeddable":true,"href":"https:\/\/radioljubuski.ba\/index.php\/wp-json\/wp\/v2\/categories?post=119292"},{"taxonomy":"post_tag","embeddable":true,"href":"https:\/\/radioljubuski.ba\/index.php\/wp-json\/wp\/v2\/tags?post=119292"}],"curies":[{"name":"wp","href":"https:\/\/api.w.org\/{rel}","templated":true}]}}