{"id":119310,"date":"2022-03-08T13:29:41","date_gmt":"2022-03-08T12:29:41","guid":{"rendered":"https:\/\/radioljubuski.ba\/?p=119310"},"modified":"2022-03-08T13:30:09","modified_gmt":"2022-03-08T12:30:09","slug":"vladi-i-parlamentu-bih-iskljuceno-grijanje-toliko-je-hladno-da-svi-setamo","status":"publish","type":"post","link":"https:\/\/radioljubuski.ba\/index.php\/2022\/03\/08\/vladi-i-parlamentu-bih-iskljuceno-grijanje-toliko-je-hladno-da-svi-setamo\/","title":{"rendered":"Vladi i parlamentu BiH isklju\u010deno grijanje: &#8216;Toliko je hladno da svi \u0161etamo&#8217;"},"content":{"rendered":"\n<p>Zgrade u Sarajevu u kojim su sjedi\u0161te Vije\u0107a ministara i parlamenta BiH u ponedjeljak su ostale bez grijanja, \u0161to je izravna posljedica naglog skoka cijena energenata, a dr\u017eavnim je namje\u0161tenicima preostalo samo sjediti u kaputima ili hodaju\u0107i po uredima i hodnicima \u010dekati da se problem rije\u0161i. <\/p>\n\n\n\n<p>Iz slu\u017ebe za zajedni\u010dke poslove dr\u017eavnih institucija ranije su najavili kako \u0107e grijanje biti isklju\u010deno od utorka, no zaposlene su hladni uredi do\u010dekali ve\u0107 u ponedjeljak. <\/p>\n\n\n\n<p>Poja\u0161njenje za prekid grijanja bilo je da je tvrtka, koja je na javnom natje\u010daju ranije dobila posao isporuke goriva koje se koristi za toplanu, sada od toga odustala jer im je drasti\u010dni rast cijena energenata uslijed ruske agresije na Ukrajinu taj posao u\u010dinio neisplativim pa su od njega jednostavno odustali prepu\u0161taju\u0107i parlamentarce, ministre i zaposlene u stru\u010dnim slu\u017ebama i ministarstvima novom valu hladno\u0107e koji je od vikenda zahvatio Sarajevo. <\/p>\n\n\n\n<p>&#8220;Toliko je hladno da svi \u0161etamo&#8221;, kazao je za portal &#8220;Nezavisnih novina&#8221; Jakov Gali\u0107, \u010dlan zajedni\u010dke komisije za ljudska prava oba doma dr\u017eavnog parlamenta. <\/p>\n\n\n\n<p>Dodao je kako mu je neshvatljivo da usred zime netko ostavi parlament bez grijanja. <\/p>\n\n\n\n<p>Oporbeni zastupnik u Zastupni\u010dkom domu Damir Arnaut sve je prokomentirao ironi\u010dnom objavom na dru\u0161tvenim mre\u017eama da vlast koja je nije u stanju zagrijati ni vlastitu zgradu sigurno nije ta koja mo\u017ee pomo\u0107i gra\u0111anima ili povesti zemlju k \u010dlanstvu u Europskoj uniji. <\/p>\n\n\n\n<p>Temperature u glavnom gradu BiH u ponedjeljak tijekom dana bile su oko nule, a snijeg od nedjelje neprestano pada odga\u0111aju\u0107i dolazak prolje\u0107a. Iz stru\u010dne slu\u017ebe su najavili kako se ponovna uspostava grijanja u sjedi\u0161tima vlade i parlamenta mo\u017ee o\u010dekivati tek nakon provedbe novog javnog natje\u010daja za opskrbu kotlovnice gorivom. Postupak je navodno u tijeku.<\/p>\n\n\n\n<p><strong>Izvor: Ve\u010dernji list<\/strong><\/p>\n","protected":false},"excerpt":{"rendered":"<p>Zgrade u Sarajevu u kojim su sjedi\u0161te Vije\u0107a ministara i parlamenta BiH u ponedjeljak su ostale bez grijanja, \u0161to je izravna posljedica naglog skoka cijena energenata, a dr\u017eavnim je namje\u0161tenicima preostalo samo sjediti u kaputima ili hodaju\u0107i po uredima i hodnicima \u010dekati da se problem rije\u0161i. Iz slu\u017ebe za zajedni\u010dke poslove dr\u017eavnih institucija ranije su [&hellip;]<\/p>\n","protected":false},"author":2,"featured_media":119311,"comment_status":"closed","ping_status":"closed","sticky":false,"template":"","format":"standard","meta":{"h5ap_radio_sources":[],"footnotes":""},"categories":[1],"tags":[],"class_list":["post-119310","post","type-post","status-publish","format-standard","has-post-thumbnail","hentry","category-bihiregija"],"yoast_head":"<!-- This site is optimized with the Yoast SEO plugin v27.5 - https:\/\/yoast.com\/product\/yoast-seo-wordpress\/ -->\n<title>Vladi i parlamentu BiH isklju\u010deno grijanje: &#039;Toliko je hladno da svi \u0161etamo&#039; - RADIO LJUBU\u0160KI<\/title>\n<meta name=\"robots\" content=\"index, follow, max-snippet:-1, max-image-preview:large, max-video-preview:-1\" \/>\n<link rel=\"canonical\" href=\"https:\/\/radioljubuski.ba\/index.php\/2022\/03\/08\/vladi-i-parlamentu-bih-iskljuceno-grijanje-toliko-je-hladno-da-svi-setamo\/\" \/>\n<meta property=\"og:locale\" content=\"hr_HR\" \/>\n<meta property=\"og:type\" content=\"article\" \/>\n<meta property=\"og:title\" content=\"Vladi i parlamentu BiH isklju\u010deno grijanje: &#039;Toliko je hladno da svi \u0161etamo&#039; - RADIO LJUBU\u0160KI\" \/>\n<meta property=\"og:description\" content=\"Zgrade u Sarajevu u kojim su sjedi\u0161te Vije\u0107a ministara i parlamenta BiH u ponedjeljak su ostale bez grijanja, \u0161to je izravna posljedica naglog skoka cijena energenata, a dr\u017eavnim je namje\u0161tenicima preostalo samo sjediti u kaputima ili hodaju\u0107i po uredima i hodnicima \u010dekati da se problem rije\u0161i. Iz slu\u017ebe za zajedni\u010dke poslove dr\u017eavnih institucija ranije su [&hellip;]\" \/>\n<meta property=\"og:url\" content=\"https:\/\/radioljubuski.ba\/index.php\/2022\/03\/08\/vladi-i-parlamentu-bih-iskljuceno-grijanje-toliko-je-hladno-da-svi-setamo\/\" \/>\n<meta property=\"og:site_name\" content=\"RADIO LJUBU\u0160KI\" \/>\n<meta property=\"article:publisher\" content=\"https:\/\/www.facebook.com\/Radiio-Ljubuski-1490835324566332\" \/>\n<meta property=\"article:published_time\" content=\"2022-03-08T12:29:41+00:00\" \/>\n<meta property=\"article:modified_time\" content=\"2022-03-08T12:30:09+00:00\" \/>\n<meta property=\"og:image\" content=\"https:\/\/radioljubuski.ba\/wp-content\/uploads\/2022\/03\/parlament.jpeg\" \/>\n\t<meta property=\"og:image:width\" content=\"960\" \/>\n\t<meta property=\"og:image:height\" content=\"540\" \/>\n\t<meta property=\"og:image:type\" content=\"image\/jpeg\" \/>\n<meta name=\"author\" content=\"Radio Ljubu\u0161ki\" \/>\n<meta name=\"twitter:card\" content=\"summary_large_image\" \/>\n<meta name=\"twitter:creator\" content=\"@radioljubuski\" \/>\n<meta name=\"twitter:site\" content=\"@radioljubuski\" \/>\n<meta name=\"twitter:label1\" content=\"Napisao\/la\" \/>\n\t<meta name=\"twitter:data1\" content=\"Radio Ljubu\u0161ki\" \/>\n\t<meta name=\"twitter:label2\" content=\"Procijenjeno vrijeme \u010ditanja\" \/>\n\t<meta name=\"twitter:data2\" content=\"2 minute\" \/>\n<script type=\"application\/ld+json\" class=\"yoast-schema-graph\">{\"@context\":\"https:\\\/\\\/schema.org\",\"@graph\":[{\"@type\":\"Article\",\"@id\":\"https:\\\/\\\/radioljubuski.ba\\\/index.php\\\/2022\\\/03\\\/08\\\/vladi-i-parlamentu-bih-iskljuceno-grijanje-toliko-je-hladno-da-svi-setamo\\\/#article\",\"isPartOf\":{\"@id\":\"https:\\\/\\\/radioljubuski.ba\\\/index.php\\\/2022\\\/03\\\/08\\\/vladi-i-parlamentu-bih-iskljuceno-grijanje-toliko-je-hladno-da-svi-setamo\\\/\"},\"author\":{\"name\":\"Radio Ljubu\u0161ki\",\"@id\":\"https:\\\/\\\/radioljubuski.ba\\\/#\\\/schema\\\/person\\\/19fc700381a780f69665d7956c469e3b\"},\"headline\":\"Vladi i parlamentu BiH isklju\u010deno grijanje: &#8216;Toliko je hladno da svi \u0161etamo&#8217;\",\"datePublished\":\"2022-03-08T12:29:41+00:00\",\"dateModified\":\"2022-03-08T12:30:09+00:00\",\"mainEntityOfPage\":{\"@id\":\"https:\\\/\\\/radioljubuski.ba\\\/index.php\\\/2022\\\/03\\\/08\\\/vladi-i-parlamentu-bih-iskljuceno-grijanje-toliko-je-hladno-da-svi-setamo\\\/\"},\"wordCount\":329,\"publisher\":{\"@id\":\"https:\\\/\\\/radioljubuski.ba\\\/#organization\"},\"image\":{\"@id\":\"https:\\\/\\\/radioljubuski.ba\\\/index.php\\\/2022\\\/03\\\/08\\\/vladi-i-parlamentu-bih-iskljuceno-grijanje-toliko-je-hladno-da-svi-setamo\\\/#primaryimage\"},\"thumbnailUrl\":\"https:\\\/\\\/radioljubuski.ba\\\/wp-content\\\/uploads\\\/2022\\\/03\\\/parlament.jpeg\",\"articleSection\":[\"BIH i regija\"],\"inLanguage\":\"hr\"},{\"@type\":\"WebPage\",\"@id\":\"https:\\\/\\\/radioljubuski.ba\\\/index.php\\\/2022\\\/03\\\/08\\\/vladi-i-parlamentu-bih-iskljuceno-grijanje-toliko-je-hladno-da-svi-setamo\\\/\",\"url\":\"https:\\\/\\\/radioljubuski.ba\\\/index.php\\\/2022\\\/03\\\/08\\\/vladi-i-parlamentu-bih-iskljuceno-grijanje-toliko-je-hladno-da-svi-setamo\\\/\",\"name\":\"Vladi i parlamentu BiH isklju\u010deno grijanje: 'Toliko je hladno da svi \u0161etamo' - RADIO LJUBU\u0160KI\",\"isPartOf\":{\"@id\":\"https:\\\/\\\/radioljubuski.ba\\\/#website\"},\"primaryImageOfPage\":{\"@id\":\"https:\\\/\\\/radioljubuski.ba\\\/index.php\\\/2022\\\/03\\\/08\\\/vladi-i-parlamentu-bih-iskljuceno-grijanje-toliko-je-hladno-da-svi-setamo\\\/#primaryimage\"},\"image\":{\"@id\":\"https:\\\/\\\/radioljubuski.ba\\\/index.php\\\/2022\\\/03\\\/08\\\/vladi-i-parlamentu-bih-iskljuceno-grijanje-toliko-je-hladno-da-svi-setamo\\\/#primaryimage\"},\"thumbnailUrl\":\"https:\\\/\\\/radioljubuski.ba\\\/wp-content\\\/uploads\\\/2022\\\/03\\\/parlament.jpeg\",\"datePublished\":\"2022-03-08T12:29:41+00:00\",\"dateModified\":\"2022-03-08T12:30:09+00:00\",\"breadcrumb\":{\"@id\":\"https:\\\/\\\/radioljubuski.ba\\\/index.php\\\/2022\\\/03\\\/08\\\/vladi-i-parlamentu-bih-iskljuceno-grijanje-toliko-je-hladno-da-svi-setamo\\\/#breadcrumb\"},\"inLanguage\":\"hr\",\"potentialAction\":[{\"@type\":\"ReadAction\",\"target\":[\"https:\\\/\\\/radioljubuski.ba\\\/index.php\\\/2022\\\/03\\\/08\\\/vladi-i-parlamentu-bih-iskljuceno-grijanje-toliko-je-hladno-da-svi-setamo\\\/\"]}]},{\"@type\":\"ImageObject\",\"inLanguage\":\"hr\",\"@id\":\"https:\\\/\\\/radioljubuski.ba\\\/index.php\\\/2022\\\/03\\\/08\\\/vladi-i-parlamentu-bih-iskljuceno-grijanje-toliko-je-hladno-da-svi-setamo\\\/#primaryimage\",\"url\":\"https:\\\/\\\/radioljubuski.ba\\\/wp-content\\\/uploads\\\/2022\\\/03\\\/parlament.jpeg\",\"contentUrl\":\"https:\\\/\\\/radioljubuski.ba\\\/wp-content\\\/uploads\\\/2022\\\/03\\\/parlament.jpeg\",\"width\":960,\"height\":540},{\"@type\":\"BreadcrumbList\",\"@id\":\"https:\\\/\\\/radioljubuski.ba\\\/index.php\\\/2022\\\/03\\\/08\\\/vladi-i-parlamentu-bih-iskljuceno-grijanje-toliko-je-hladno-da-svi-setamo\\\/#breadcrumb\",\"itemListElement\":[{\"@type\":\"ListItem\",\"position\":1,\"name\":\"Po\u010detna stranica\",\"item\":\"https:\\\/\\\/radioljubuski.ba\\\/\"},{\"@type\":\"ListItem\",\"position\":2,\"name\":\"Vladi i parlamentu BiH isklju\u010deno grijanje: &#8216;Toliko je hladno da svi \u0161etamo&#8217;\"}]},{\"@type\":\"WebSite\",\"@id\":\"https:\\\/\\\/radioljubuski.ba\\\/#website\",\"url\":\"https:\\\/\\\/radioljubuski.ba\\\/\",\"name\":\"Radio Ljubu\u0161ki\",\"description\":\"Sun\u010dana frekvencija Hercegovine\",\"publisher\":{\"@id\":\"https:\\\/\\\/radioljubuski.ba\\\/#organization\"},\"potentialAction\":[{\"@type\":\"SearchAction\",\"target\":{\"@type\":\"EntryPoint\",\"urlTemplate\":\"https:\\\/\\\/radioljubuski.ba\\\/?s={search_term_string}\"},\"query-input\":{\"@type\":\"PropertyValueSpecification\",\"valueRequired\":true,\"valueName\":\"search_term_string\"}}],\"inLanguage\":\"hr\"},{\"@type\":\"Organization\",\"@id\":\"https:\\\/\\\/radioljubuski.ba\\\/#organization\",\"name\":\"Radio Ljubu\u0161ki\",\"url\":\"https:\\\/\\\/radioljubuski.ba\\\/\",\"logo\":{\"@type\":\"ImageObject\",\"inLanguage\":\"hr\",\"@id\":\"https:\\\/\\\/radioljubuski.ba\\\/#\\\/schema\\\/logo\\\/image\\\/\",\"url\":\"https:\\\/\\\/radioljubuski.ba\\\/wp-content\\\/uploads\\\/2021\\\/02\\\/cropped-Radio_Ljubuski_logo1.jpg\",\"contentUrl\":\"https:\\\/\\\/radioljubuski.ba\\\/wp-content\\\/uploads\\\/2021\\\/02\\\/cropped-Radio_Ljubuski_logo1.jpg\",\"width\":512,\"height\":512,\"caption\":\"Radio Ljubu\u0161ki\"},\"image\":{\"@id\":\"https:\\\/\\\/radioljubuski.ba\\\/#\\\/schema\\\/logo\\\/image\\\/\"},\"sameAs\":[\"https:\\\/\\\/www.facebook.com\\\/Radiio-Ljubuski-1490835324566332\",\"https:\\\/\\\/x.com\\\/radioljubuski\",\"https:\\\/\\\/hr.linkedin.com\\\/company\\\/radio-ljubuski\",\"https:\\\/\\\/www.youtube.com\\\/channel\\\/UCHYaeO_n0Db3tjNGudGpXyw\"]},{\"@type\":\"Person\",\"@id\":\"https:\\\/\\\/radioljubuski.ba\\\/#\\\/schema\\\/person\\\/19fc700381a780f69665d7956c469e3b\",\"name\":\"Radio Ljubu\u0161ki\"}]}<\/script>\n<!-- \/ Yoast SEO plugin. -->","yoast_head_json":{"title":"Vladi i parlamentu BiH isklju\u010deno grijanje: 'Toliko je hladno da svi \u0161etamo' - RADIO LJUBU\u0160KI","robots":{"index":"index","follow":"follow","max-snippet":"max-snippet:-1","max-image-preview":"max-image-preview:large","max-video-preview":"max-video-preview:-1"},"canonical":"https:\/\/radioljubuski.ba\/index.php\/2022\/03\/08\/vladi-i-parlamentu-bih-iskljuceno-grijanje-toliko-je-hladno-da-svi-setamo\/","og_locale":"hr_HR","og_type":"article","og_title":"Vladi i parlamentu BiH isklju\u010deno grijanje: 'Toliko je hladno da svi \u0161etamo' - RADIO LJUBU\u0160KI","og_description":"Zgrade u Sarajevu u kojim su sjedi\u0161te Vije\u0107a ministara i parlamenta BiH u ponedjeljak su ostale bez grijanja, \u0161to je izravna posljedica naglog skoka cijena energenata, a dr\u017eavnim je namje\u0161tenicima preostalo samo sjediti u kaputima ili hodaju\u0107i po uredima i hodnicima \u010dekati da se problem rije\u0161i. Iz slu\u017ebe za zajedni\u010dke poslove dr\u017eavnih institucija ranije su [&hellip;]","og_url":"https:\/\/radioljubuski.ba\/index.php\/2022\/03\/08\/vladi-i-parlamentu-bih-iskljuceno-grijanje-toliko-je-hladno-da-svi-setamo\/","og_site_name":"RADIO LJUBU\u0160KI","article_publisher":"https:\/\/www.facebook.com\/Radiio-Ljubuski-1490835324566332","article_published_time":"2022-03-08T12:29:41+00:00","article_modified_time":"2022-03-08T12:30:09+00:00","og_image":[{"width":960,"height":540,"url":"https:\/\/radioljubuski.ba\/wp-content\/uploads\/2022\/03\/parlament.jpeg","type":"image\/jpeg"}],"author":"Radio Ljubu\u0161ki","twitter_card":"summary_large_image","twitter_creator":"@radioljubuski","twitter_site":"@radioljubuski","twitter_misc":{"Napisao\/la":"Radio Ljubu\u0161ki","Procijenjeno vrijeme \u010ditanja":"2 minute"},"schema":{"@context":"https:\/\/schema.org","@graph":[{"@type":"Article","@id":"https:\/\/radioljubuski.ba\/index.php\/2022\/03\/08\/vladi-i-parlamentu-bih-iskljuceno-grijanje-toliko-je-hladno-da-svi-setamo\/#article","isPartOf":{"@id":"https:\/\/radioljubuski.ba\/index.php\/2022\/03\/08\/vladi-i-parlamentu-bih-iskljuceno-grijanje-toliko-je-hladno-da-svi-setamo\/"},"author":{"name":"Radio Ljubu\u0161ki","@id":"https:\/\/radioljubuski.ba\/#\/schema\/person\/19fc700381a780f69665d7956c469e3b"},"headline":"Vladi i parlamentu BiH isklju\u010deno grijanje: &#8216;Toliko je hladno da svi \u0161etamo&#8217;","datePublished":"2022-03-08T12:29:41+00:00","dateModified":"2022-03-08T12:30:09+00:00","mainEntityOfPage":{"@id":"https:\/\/radioljubuski.ba\/index.php\/2022\/03\/08\/vladi-i-parlamentu-bih-iskljuceno-grijanje-toliko-je-hladno-da-svi-setamo\/"},"wordCount":329,"publisher":{"@id":"https:\/\/radioljubuski.ba\/#organization"},"image":{"@id":"https:\/\/radioljubuski.ba\/index.php\/2022\/03\/08\/vladi-i-parlamentu-bih-iskljuceno-grijanje-toliko-je-hladno-da-svi-setamo\/#primaryimage"},"thumbnailUrl":"https:\/\/radioljubuski.ba\/wp-content\/uploads\/2022\/03\/parlament.jpeg","articleSection":["BIH i regija"],"inLanguage":"hr"},{"@type":"WebPage","@id":"https:\/\/radioljubuski.ba\/index.php\/2022\/03\/08\/vladi-i-parlamentu-bih-iskljuceno-grijanje-toliko-je-hladno-da-svi-setamo\/","url":"https:\/\/radioljubuski.ba\/index.php\/2022\/03\/08\/vladi-i-parlamentu-bih-iskljuceno-grijanje-toliko-je-hladno-da-svi-setamo\/","name":"Vladi i parlamentu BiH isklju\u010deno grijanje: 'Toliko je hladno da svi \u0161etamo' - RADIO LJUBU\u0160KI","isPartOf":{"@id":"https:\/\/radioljubuski.ba\/#website"},"primaryImageOfPage":{"@id":"https:\/\/radioljubuski.ba\/index.php\/2022\/03\/08\/vladi-i-parlamentu-bih-iskljuceno-grijanje-toliko-je-hladno-da-svi-setamo\/#primaryimage"},"image":{"@id":"https:\/\/radioljubuski.ba\/index.php\/2022\/03\/08\/vladi-i-parlamentu-bih-iskljuceno-grijanje-toliko-je-hladno-da-svi-setamo\/#primaryimage"},"thumbnailUrl":"https:\/\/radioljubuski.ba\/wp-content\/uploads\/2022\/03\/parlament.jpeg","datePublished":"2022-03-08T12:29:41+00:00","dateModified":"2022-03-08T12:30:09+00:00","breadcrumb":{"@id":"https:\/\/radioljubuski.ba\/index.php\/2022\/03\/08\/vladi-i-parlamentu-bih-iskljuceno-grijanje-toliko-je-hladno-da-svi-setamo\/#breadcrumb"},"inLanguage":"hr","potentialAction":[{"@type":"ReadAction","target":["https:\/\/radioljubuski.ba\/index.php\/2022\/03\/08\/vladi-i-parlamentu-bih-iskljuceno-grijanje-toliko-je-hladno-da-svi-setamo\/"]}]},{"@type":"ImageObject","inLanguage":"hr","@id":"https:\/\/radioljubuski.ba\/index.php\/2022\/03\/08\/vladi-i-parlamentu-bih-iskljuceno-grijanje-toliko-je-hladno-da-svi-setamo\/#primaryimage","url":"https:\/\/radioljubuski.ba\/wp-content\/uploads\/2022\/03\/parlament.jpeg","contentUrl":"https:\/\/radioljubuski.ba\/wp-content\/uploads\/2022\/03\/parlament.jpeg","width":960,"height":540},{"@type":"BreadcrumbList","@id":"https:\/\/radioljubuski.ba\/index.php\/2022\/03\/08\/vladi-i-parlamentu-bih-iskljuceno-grijanje-toliko-je-hladno-da-svi-setamo\/#breadcrumb","itemListElement":[{"@type":"ListItem","position":1,"name":"Po\u010detna stranica","item":"https:\/\/radioljubuski.ba\/"},{"@type":"ListItem","position":2,"name":"Vladi i parlamentu BiH isklju\u010deno grijanje: &#8216;Toliko je hladno da svi \u0161etamo&#8217;"}]},{"@type":"WebSite","@id":"https:\/\/radioljubuski.ba\/#website","url":"https:\/\/radioljubuski.ba\/","name":"Radio Ljubu\u0161ki","description":"Sun\u010dana frekvencija Hercegovine","publisher":{"@id":"https:\/\/radioljubuski.ba\/#organization"},"potentialAction":[{"@type":"SearchAction","target":{"@type":"EntryPoint","urlTemplate":"https:\/\/radioljubuski.ba\/?s={search_term_string}"},"query-input":{"@type":"PropertyValueSpecification","valueRequired":true,"valueName":"search_term_string"}}],"inLanguage":"hr"},{"@type":"Organization","@id":"https:\/\/radioljubuski.ba\/#organization","name":"Radio Ljubu\u0161ki","url":"https:\/\/radioljubuski.ba\/","logo":{"@type":"ImageObject","inLanguage":"hr","@id":"https:\/\/radioljubuski.ba\/#\/schema\/logo\/image\/","url":"https:\/\/radioljubuski.ba\/wp-content\/uploads\/2021\/02\/cropped-Radio_Ljubuski_logo1.jpg","contentUrl":"https:\/\/radioljubuski.ba\/wp-content\/uploads\/2021\/02\/cropped-Radio_Ljubuski_logo1.jpg","width":512,"height":512,"caption":"Radio Ljubu\u0161ki"},"image":{"@id":"https:\/\/radioljubuski.ba\/#\/schema\/logo\/image\/"},"sameAs":["https:\/\/www.facebook.com\/Radiio-Ljubuski-1490835324566332","https:\/\/x.com\/radioljubuski","https:\/\/hr.linkedin.com\/company\/radio-ljubuski","https:\/\/www.youtube.com\/channel\/UCHYaeO_n0Db3tjNGudGpXyw"]},{"@type":"Person","@id":"https:\/\/radioljubuski.ba\/#\/schema\/person\/19fc700381a780f69665d7956c469e3b","name":"Radio Ljubu\u0161ki"}]}},"_links":{"self":[{"href":"https:\/\/radioljubuski.ba\/index.php\/wp-json\/wp\/v2\/posts\/119310","targetHints":{"allow":["GET"]}}],"collection":[{"href":"https:\/\/radioljubuski.ba\/index.php\/wp-json\/wp\/v2\/posts"}],"about":[{"href":"https:\/\/radioljubuski.ba\/index.php\/wp-json\/wp\/v2\/types\/post"}],"author":[{"embeddable":true,"href":"https:\/\/radioljubuski.ba\/index.php\/wp-json\/wp\/v2\/users\/2"}],"replies":[{"embeddable":true,"href":"https:\/\/radioljubuski.ba\/index.php\/wp-json\/wp\/v2\/comments?post=119310"}],"version-history":[{"count":2,"href":"https:\/\/radioljubuski.ba\/index.php\/wp-json\/wp\/v2\/posts\/119310\/revisions"}],"predecessor-version":[{"id":119313,"href":"https:\/\/radioljubuski.ba\/index.php\/wp-json\/wp\/v2\/posts\/119310\/revisions\/119313"}],"wp:featuredmedia":[{"embeddable":true,"href":"https:\/\/radioljubuski.ba\/index.php\/wp-json\/wp\/v2\/media\/119311"}],"wp:attachment":[{"href":"https:\/\/radioljubuski.ba\/index.php\/wp-json\/wp\/v2\/media?parent=119310"}],"wp:term":[{"taxonomy":"category","embeddable":true,"href":"https:\/\/radioljubuski.ba\/index.php\/wp-json\/wp\/v2\/categories?post=119310"},{"taxonomy":"post_tag","embeddable":true,"href":"https:\/\/radioljubuski.ba\/index.php\/wp-json\/wp\/v2\/tags?post=119310"}],"curies":[{"name":"wp","href":"https:\/\/api.w.org\/{rel}","templated":true}]}}