{"id":119318,"date":"2022-03-08T14:07:53","date_gmt":"2022-03-08T13:07:53","guid":{"rendered":"https:\/\/radioljubuski.ba\/?p=119318"},"modified":"2022-03-08T14:07:54","modified_gmt":"2022-03-08T13:07:54","slug":"imaju-li-hrvati-buducnost-u-ovakvoj-bih","status":"publish","type":"post","link":"https:\/\/radioljubuski.ba\/index.php\/2022\/03\/08\/imaju-li-hrvati-buducnost-u-ovakvoj-bih\/","title":{"rendered":"Imaju li Hrvati budu\u0107nost u (ovakvoj) BiH?"},"content":{"rendered":"\n<p>S obzirom na okolnosti koje se doga\u0111aju danas u svijetu, nimalo daleko od nas, tema iz naslova s kojom HRS organizira seriju tribina po BiH dobiva itekako na va\u017enosti. <\/p>\n\n\n\n<p>Je li mogu\u0107 duhovni i egzistencijalni opstanak i budu\u0107nost Hrvata u BiH?<\/p>\n\n\n\n<p>U subotu 12.03.2022. godine s po\u010detkom u 20 sati u kinu \u201eBorak\u201c u \u0160irokom Brijegu, na javnoj tribini na ovu temu \u0107emo diskutirati s fra Mariom Knezovi\u0107em, Antom Prka\u010dinom, Ivicom Barbari\u0107em i Slavenom Ragu\u017eem.<\/p>\n\n\n\n<p>\u017delimo potaknuti javnost na razmi\u0161ljanje o viziji i politi\u010dkom opstanku Hrvata u BiH. Jednako tako, \u017eelimo stvoriti konsenzus o tome u Saboru Republike Hrvatske. <\/p>\n\n\n\n<p>Svjedoci smo kako su vladaju\u0107e strukture s obje strane granice vi\u0161e zaokupljene bavljenjem samima sobom, kako je politika RH prema Hrvatima u BiH postala politika dviju sestrinskih stranaka. <\/p>\n\n\n\n<p>Budu\u0107i da Hrvati u BiH jednostavno moraju imati podr\u0161ku Hrvatske u rje\u0161avanju ustavne neravnopravnosti u BiH, HRS je na sebe preuzeo misiju stvaranja konsenzusa oko hrvatskog pitanja u BiH unutar nacionalno osvije\u0161tenih oporbenih stranaka u Saboru RH.<\/p>\n\n\n\n<p>No, da bi do toga do\u0161lo, u diskusiju se mora uklju\u010diti \u0161to \u0161iri dio javnosti. S toga, pozivamo sve zainteresirane da svojom nazo\u010dno\u0161\u0107u sudjeluju na ovoj tribini, gdje \u0107e biti mogu\u0107e i postavljati pitanja gostima sugovornicima.<\/p>\n\n\n\n<p><strong>GO HRS-a \u0160iroki Brijeg<\/strong><\/p>\n","protected":false},"excerpt":{"rendered":"<p>S obzirom na okolnosti koje se doga\u0111aju danas u svijetu, nimalo daleko od nas, tema iz naslova s kojom HRS organizira seriju tribina po BiH dobiva itekako na va\u017enosti. Je li mogu\u0107 duhovni i egzistencijalni opstanak i budu\u0107nost Hrvata u BiH? U subotu 12.03.2022. godine s po\u010detkom u 20 sati u kinu \u201eBorak\u201c u \u0160irokom [&hellip;]<\/p>\n","protected":false},"author":2,"featured_media":119319,"comment_status":"closed","ping_status":"closed","sticky":false,"template":"","format":"standard","meta":{"h5ap_radio_sources":[],"footnotes":""},"categories":[1],"tags":[],"class_list":["post-119318","post","type-post","status-publish","format-standard","has-post-thumbnail","hentry","category-bihiregija"],"yoast_head":"<!-- This site is optimized with the Yoast SEO plugin v27.5 - https:\/\/yoast.com\/product\/yoast-seo-wordpress\/ -->\n<title>Imaju li Hrvati budu\u0107nost u (ovakvoj) BiH? - RADIO LJUBU\u0160KI<\/title>\n<meta name=\"robots\" content=\"index, follow, max-snippet:-1, max-image-preview:large, max-video-preview:-1\" \/>\n<link rel=\"canonical\" href=\"https:\/\/radioljubuski.ba\/index.php\/2022\/03\/08\/imaju-li-hrvati-buducnost-u-ovakvoj-bih\/\" \/>\n<meta property=\"og:locale\" content=\"hr_HR\" \/>\n<meta property=\"og:type\" content=\"article\" \/>\n<meta property=\"og:title\" content=\"Imaju li Hrvati budu\u0107nost u (ovakvoj) BiH? - RADIO LJUBU\u0160KI\" \/>\n<meta property=\"og:description\" content=\"S obzirom na okolnosti koje se doga\u0111aju danas u svijetu, nimalo daleko od nas, tema iz naslova s kojom HRS organizira seriju tribina po BiH dobiva itekako na va\u017enosti. Je li mogu\u0107 duhovni i egzistencijalni opstanak i budu\u0107nost Hrvata u BiH? U subotu 12.03.2022. godine s po\u010detkom u 20 sati u kinu \u201eBorak\u201c u \u0160irokom [&hellip;]\" \/>\n<meta property=\"og:url\" content=\"https:\/\/radioljubuski.ba\/index.php\/2022\/03\/08\/imaju-li-hrvati-buducnost-u-ovakvoj-bih\/\" \/>\n<meta property=\"og:site_name\" content=\"RADIO LJUBU\u0160KI\" \/>\n<meta property=\"article:publisher\" content=\"https:\/\/www.facebook.com\/Radiio-Ljubuski-1490835324566332\" \/>\n<meta property=\"article:published_time\" content=\"2022-03-08T13:07:53+00:00\" \/>\n<meta property=\"article:modified_time\" content=\"2022-03-08T13:07:54+00:00\" \/>\n<meta property=\"og:image\" content=\"https:\/\/radioljubuski.ba\/wp-content\/uploads\/2022\/03\/tribina-1.jpg\" \/>\n\t<meta property=\"og:image:width\" content=\"741\" \/>\n\t<meta property=\"og:image:height\" content=\"1063\" \/>\n\t<meta property=\"og:image:type\" content=\"image\/jpeg\" \/>\n<meta name=\"author\" content=\"Radio Ljubu\u0161ki\" \/>\n<meta name=\"twitter:card\" content=\"summary_large_image\" \/>\n<meta name=\"twitter:creator\" content=\"@radioljubuski\" \/>\n<meta name=\"twitter:site\" content=\"@radioljubuski\" \/>\n<meta name=\"twitter:label1\" content=\"Napisao\/la\" \/>\n\t<meta name=\"twitter:data1\" content=\"Radio Ljubu\u0161ki\" \/>\n\t<meta name=\"twitter:label2\" content=\"Procijenjeno vrijeme \u010ditanja\" \/>\n\t<meta name=\"twitter:data2\" content=\"1 minuta\" \/>\n<script type=\"application\/ld+json\" class=\"yoast-schema-graph\">{\"@context\":\"https:\\\/\\\/schema.org\",\"@graph\":[{\"@type\":\"Article\",\"@id\":\"https:\\\/\\\/radioljubuski.ba\\\/index.php\\\/2022\\\/03\\\/08\\\/imaju-li-hrvati-buducnost-u-ovakvoj-bih\\\/#article\",\"isPartOf\":{\"@id\":\"https:\\\/\\\/radioljubuski.ba\\\/index.php\\\/2022\\\/03\\\/08\\\/imaju-li-hrvati-buducnost-u-ovakvoj-bih\\\/\"},\"author\":{\"name\":\"Radio Ljubu\u0161ki\",\"@id\":\"https:\\\/\\\/radioljubuski.ba\\\/#\\\/schema\\\/person\\\/19fc700381a780f69665d7956c469e3b\"},\"headline\":\"Imaju li Hrvati budu\u0107nost u (ovakvoj) BiH?\",\"datePublished\":\"2022-03-08T13:07:53+00:00\",\"dateModified\":\"2022-03-08T13:07:54+00:00\",\"mainEntityOfPage\":{\"@id\":\"https:\\\/\\\/radioljubuski.ba\\\/index.php\\\/2022\\\/03\\\/08\\\/imaju-li-hrvati-buducnost-u-ovakvoj-bih\\\/\"},\"wordCount\":231,\"publisher\":{\"@id\":\"https:\\\/\\\/radioljubuski.ba\\\/#organization\"},\"image\":{\"@id\":\"https:\\\/\\\/radioljubuski.ba\\\/index.php\\\/2022\\\/03\\\/08\\\/imaju-li-hrvati-buducnost-u-ovakvoj-bih\\\/#primaryimage\"},\"thumbnailUrl\":\"https:\\\/\\\/radioljubuski.ba\\\/wp-content\\\/uploads\\\/2022\\\/03\\\/tribina-1.jpg\",\"articleSection\":[\"BIH i regija\"],\"inLanguage\":\"hr\"},{\"@type\":\"WebPage\",\"@id\":\"https:\\\/\\\/radioljubuski.ba\\\/index.php\\\/2022\\\/03\\\/08\\\/imaju-li-hrvati-buducnost-u-ovakvoj-bih\\\/\",\"url\":\"https:\\\/\\\/radioljubuski.ba\\\/index.php\\\/2022\\\/03\\\/08\\\/imaju-li-hrvati-buducnost-u-ovakvoj-bih\\\/\",\"name\":\"Imaju li Hrvati budu\u0107nost u (ovakvoj) BiH? - RADIO LJUBU\u0160KI\",\"isPartOf\":{\"@id\":\"https:\\\/\\\/radioljubuski.ba\\\/#website\"},\"primaryImageOfPage\":{\"@id\":\"https:\\\/\\\/radioljubuski.ba\\\/index.php\\\/2022\\\/03\\\/08\\\/imaju-li-hrvati-buducnost-u-ovakvoj-bih\\\/#primaryimage\"},\"image\":{\"@id\":\"https:\\\/\\\/radioljubuski.ba\\\/index.php\\\/2022\\\/03\\\/08\\\/imaju-li-hrvati-buducnost-u-ovakvoj-bih\\\/#primaryimage\"},\"thumbnailUrl\":\"https:\\\/\\\/radioljubuski.ba\\\/wp-content\\\/uploads\\\/2022\\\/03\\\/tribina-1.jpg\",\"datePublished\":\"2022-03-08T13:07:53+00:00\",\"dateModified\":\"2022-03-08T13:07:54+00:00\",\"breadcrumb\":{\"@id\":\"https:\\\/\\\/radioljubuski.ba\\\/index.php\\\/2022\\\/03\\\/08\\\/imaju-li-hrvati-buducnost-u-ovakvoj-bih\\\/#breadcrumb\"},\"inLanguage\":\"hr\",\"potentialAction\":[{\"@type\":\"ReadAction\",\"target\":[\"https:\\\/\\\/radioljubuski.ba\\\/index.php\\\/2022\\\/03\\\/08\\\/imaju-li-hrvati-buducnost-u-ovakvoj-bih\\\/\"]}]},{\"@type\":\"ImageObject\",\"inLanguage\":\"hr\",\"@id\":\"https:\\\/\\\/radioljubuski.ba\\\/index.php\\\/2022\\\/03\\\/08\\\/imaju-li-hrvati-buducnost-u-ovakvoj-bih\\\/#primaryimage\",\"url\":\"https:\\\/\\\/radioljubuski.ba\\\/wp-content\\\/uploads\\\/2022\\\/03\\\/tribina-1.jpg\",\"contentUrl\":\"https:\\\/\\\/radioljubuski.ba\\\/wp-content\\\/uploads\\\/2022\\\/03\\\/tribina-1.jpg\",\"width\":741,\"height\":1063},{\"@type\":\"BreadcrumbList\",\"@id\":\"https:\\\/\\\/radioljubuski.ba\\\/index.php\\\/2022\\\/03\\\/08\\\/imaju-li-hrvati-buducnost-u-ovakvoj-bih\\\/#breadcrumb\",\"itemListElement\":[{\"@type\":\"ListItem\",\"position\":1,\"name\":\"Po\u010detna stranica\",\"item\":\"https:\\\/\\\/radioljubuski.ba\\\/\"},{\"@type\":\"ListItem\",\"position\":2,\"name\":\"Imaju li Hrvati budu\u0107nost u (ovakvoj) BiH?\"}]},{\"@type\":\"WebSite\",\"@id\":\"https:\\\/\\\/radioljubuski.ba\\\/#website\",\"url\":\"https:\\\/\\\/radioljubuski.ba\\\/\",\"name\":\"Radio Ljubu\u0161ki\",\"description\":\"Sun\u010dana frekvencija Hercegovine\",\"publisher\":{\"@id\":\"https:\\\/\\\/radioljubuski.ba\\\/#organization\"},\"potentialAction\":[{\"@type\":\"SearchAction\",\"target\":{\"@type\":\"EntryPoint\",\"urlTemplate\":\"https:\\\/\\\/radioljubuski.ba\\\/?s={search_term_string}\"},\"query-input\":{\"@type\":\"PropertyValueSpecification\",\"valueRequired\":true,\"valueName\":\"search_term_string\"}}],\"inLanguage\":\"hr\"},{\"@type\":\"Organization\",\"@id\":\"https:\\\/\\\/radioljubuski.ba\\\/#organization\",\"name\":\"Radio Ljubu\u0161ki\",\"url\":\"https:\\\/\\\/radioljubuski.ba\\\/\",\"logo\":{\"@type\":\"ImageObject\",\"inLanguage\":\"hr\",\"@id\":\"https:\\\/\\\/radioljubuski.ba\\\/#\\\/schema\\\/logo\\\/image\\\/\",\"url\":\"https:\\\/\\\/radioljubuski.ba\\\/wp-content\\\/uploads\\\/2021\\\/02\\\/cropped-Radio_Ljubuski_logo1.jpg\",\"contentUrl\":\"https:\\\/\\\/radioljubuski.ba\\\/wp-content\\\/uploads\\\/2021\\\/02\\\/cropped-Radio_Ljubuski_logo1.jpg\",\"width\":512,\"height\":512,\"caption\":\"Radio Ljubu\u0161ki\"},\"image\":{\"@id\":\"https:\\\/\\\/radioljubuski.ba\\\/#\\\/schema\\\/logo\\\/image\\\/\"},\"sameAs\":[\"https:\\\/\\\/www.facebook.com\\\/Radiio-Ljubuski-1490835324566332\",\"https:\\\/\\\/x.com\\\/radioljubuski\",\"https:\\\/\\\/hr.linkedin.com\\\/company\\\/radio-ljubuski\",\"https:\\\/\\\/www.youtube.com\\\/channel\\\/UCHYaeO_n0Db3tjNGudGpXyw\"]},{\"@type\":\"Person\",\"@id\":\"https:\\\/\\\/radioljubuski.ba\\\/#\\\/schema\\\/person\\\/19fc700381a780f69665d7956c469e3b\",\"name\":\"Radio Ljubu\u0161ki\"}]}<\/script>\n<!-- \/ Yoast SEO plugin. -->","yoast_head_json":{"title":"Imaju li Hrvati budu\u0107nost u (ovakvoj) BiH? - RADIO LJUBU\u0160KI","robots":{"index":"index","follow":"follow","max-snippet":"max-snippet:-1","max-image-preview":"max-image-preview:large","max-video-preview":"max-video-preview:-1"},"canonical":"https:\/\/radioljubuski.ba\/index.php\/2022\/03\/08\/imaju-li-hrvati-buducnost-u-ovakvoj-bih\/","og_locale":"hr_HR","og_type":"article","og_title":"Imaju li Hrvati budu\u0107nost u (ovakvoj) BiH? - RADIO LJUBU\u0160KI","og_description":"S obzirom na okolnosti koje se doga\u0111aju danas u svijetu, nimalo daleko od nas, tema iz naslova s kojom HRS organizira seriju tribina po BiH dobiva itekako na va\u017enosti. Je li mogu\u0107 duhovni i egzistencijalni opstanak i budu\u0107nost Hrvata u BiH? U subotu 12.03.2022. godine s po\u010detkom u 20 sati u kinu \u201eBorak\u201c u \u0160irokom [&hellip;]","og_url":"https:\/\/radioljubuski.ba\/index.php\/2022\/03\/08\/imaju-li-hrvati-buducnost-u-ovakvoj-bih\/","og_site_name":"RADIO LJUBU\u0160KI","article_publisher":"https:\/\/www.facebook.com\/Radiio-Ljubuski-1490835324566332","article_published_time":"2022-03-08T13:07:53+00:00","article_modified_time":"2022-03-08T13:07:54+00:00","og_image":[{"width":741,"height":1063,"url":"https:\/\/radioljubuski.ba\/wp-content\/uploads\/2022\/03\/tribina-1.jpg","type":"image\/jpeg"}],"author":"Radio Ljubu\u0161ki","twitter_card":"summary_large_image","twitter_creator":"@radioljubuski","twitter_site":"@radioljubuski","twitter_misc":{"Napisao\/la":"Radio Ljubu\u0161ki","Procijenjeno vrijeme \u010ditanja":"1 minuta"},"schema":{"@context":"https:\/\/schema.org","@graph":[{"@type":"Article","@id":"https:\/\/radioljubuski.ba\/index.php\/2022\/03\/08\/imaju-li-hrvati-buducnost-u-ovakvoj-bih\/#article","isPartOf":{"@id":"https:\/\/radioljubuski.ba\/index.php\/2022\/03\/08\/imaju-li-hrvati-buducnost-u-ovakvoj-bih\/"},"author":{"name":"Radio Ljubu\u0161ki","@id":"https:\/\/radioljubuski.ba\/#\/schema\/person\/19fc700381a780f69665d7956c469e3b"},"headline":"Imaju li Hrvati budu\u0107nost u (ovakvoj) BiH?","datePublished":"2022-03-08T13:07:53+00:00","dateModified":"2022-03-08T13:07:54+00:00","mainEntityOfPage":{"@id":"https:\/\/radioljubuski.ba\/index.php\/2022\/03\/08\/imaju-li-hrvati-buducnost-u-ovakvoj-bih\/"},"wordCount":231,"publisher":{"@id":"https:\/\/radioljubuski.ba\/#organization"},"image":{"@id":"https:\/\/radioljubuski.ba\/index.php\/2022\/03\/08\/imaju-li-hrvati-buducnost-u-ovakvoj-bih\/#primaryimage"},"thumbnailUrl":"https:\/\/radioljubuski.ba\/wp-content\/uploads\/2022\/03\/tribina-1.jpg","articleSection":["BIH i regija"],"inLanguage":"hr"},{"@type":"WebPage","@id":"https:\/\/radioljubuski.ba\/index.php\/2022\/03\/08\/imaju-li-hrvati-buducnost-u-ovakvoj-bih\/","url":"https:\/\/radioljubuski.ba\/index.php\/2022\/03\/08\/imaju-li-hrvati-buducnost-u-ovakvoj-bih\/","name":"Imaju li Hrvati budu\u0107nost u (ovakvoj) BiH? - RADIO LJUBU\u0160KI","isPartOf":{"@id":"https:\/\/radioljubuski.ba\/#website"},"primaryImageOfPage":{"@id":"https:\/\/radioljubuski.ba\/index.php\/2022\/03\/08\/imaju-li-hrvati-buducnost-u-ovakvoj-bih\/#primaryimage"},"image":{"@id":"https:\/\/radioljubuski.ba\/index.php\/2022\/03\/08\/imaju-li-hrvati-buducnost-u-ovakvoj-bih\/#primaryimage"},"thumbnailUrl":"https:\/\/radioljubuski.ba\/wp-content\/uploads\/2022\/03\/tribina-1.jpg","datePublished":"2022-03-08T13:07:53+00:00","dateModified":"2022-03-08T13:07:54+00:00","breadcrumb":{"@id":"https:\/\/radioljubuski.ba\/index.php\/2022\/03\/08\/imaju-li-hrvati-buducnost-u-ovakvoj-bih\/#breadcrumb"},"inLanguage":"hr","potentialAction":[{"@type":"ReadAction","target":["https:\/\/radioljubuski.ba\/index.php\/2022\/03\/08\/imaju-li-hrvati-buducnost-u-ovakvoj-bih\/"]}]},{"@type":"ImageObject","inLanguage":"hr","@id":"https:\/\/radioljubuski.ba\/index.php\/2022\/03\/08\/imaju-li-hrvati-buducnost-u-ovakvoj-bih\/#primaryimage","url":"https:\/\/radioljubuski.ba\/wp-content\/uploads\/2022\/03\/tribina-1.jpg","contentUrl":"https:\/\/radioljubuski.ba\/wp-content\/uploads\/2022\/03\/tribina-1.jpg","width":741,"height":1063},{"@type":"BreadcrumbList","@id":"https:\/\/radioljubuski.ba\/index.php\/2022\/03\/08\/imaju-li-hrvati-buducnost-u-ovakvoj-bih\/#breadcrumb","itemListElement":[{"@type":"ListItem","position":1,"name":"Po\u010detna stranica","item":"https:\/\/radioljubuski.ba\/"},{"@type":"ListItem","position":2,"name":"Imaju li Hrvati budu\u0107nost u (ovakvoj) BiH?"}]},{"@type":"WebSite","@id":"https:\/\/radioljubuski.ba\/#website","url":"https:\/\/radioljubuski.ba\/","name":"Radio Ljubu\u0161ki","description":"Sun\u010dana frekvencija Hercegovine","publisher":{"@id":"https:\/\/radioljubuski.ba\/#organization"},"potentialAction":[{"@type":"SearchAction","target":{"@type":"EntryPoint","urlTemplate":"https:\/\/radioljubuski.ba\/?s={search_term_string}"},"query-input":{"@type":"PropertyValueSpecification","valueRequired":true,"valueName":"search_term_string"}}],"inLanguage":"hr"},{"@type":"Organization","@id":"https:\/\/radioljubuski.ba\/#organization","name":"Radio Ljubu\u0161ki","url":"https:\/\/radioljubuski.ba\/","logo":{"@type":"ImageObject","inLanguage":"hr","@id":"https:\/\/radioljubuski.ba\/#\/schema\/logo\/image\/","url":"https:\/\/radioljubuski.ba\/wp-content\/uploads\/2021\/02\/cropped-Radio_Ljubuski_logo1.jpg","contentUrl":"https:\/\/radioljubuski.ba\/wp-content\/uploads\/2021\/02\/cropped-Radio_Ljubuski_logo1.jpg","width":512,"height":512,"caption":"Radio Ljubu\u0161ki"},"image":{"@id":"https:\/\/radioljubuski.ba\/#\/schema\/logo\/image\/"},"sameAs":["https:\/\/www.facebook.com\/Radiio-Ljubuski-1490835324566332","https:\/\/x.com\/radioljubuski","https:\/\/hr.linkedin.com\/company\/radio-ljubuski","https:\/\/www.youtube.com\/channel\/UCHYaeO_n0Db3tjNGudGpXyw"]},{"@type":"Person","@id":"https:\/\/radioljubuski.ba\/#\/schema\/person\/19fc700381a780f69665d7956c469e3b","name":"Radio Ljubu\u0161ki"}]}},"_links":{"self":[{"href":"https:\/\/radioljubuski.ba\/index.php\/wp-json\/wp\/v2\/posts\/119318","targetHints":{"allow":["GET"]}}],"collection":[{"href":"https:\/\/radioljubuski.ba\/index.php\/wp-json\/wp\/v2\/posts"}],"about":[{"href":"https:\/\/radioljubuski.ba\/index.php\/wp-json\/wp\/v2\/types\/post"}],"author":[{"embeddable":true,"href":"https:\/\/radioljubuski.ba\/index.php\/wp-json\/wp\/v2\/users\/2"}],"replies":[{"embeddable":true,"href":"https:\/\/radioljubuski.ba\/index.php\/wp-json\/wp\/v2\/comments?post=119318"}],"version-history":[{"count":1,"href":"https:\/\/radioljubuski.ba\/index.php\/wp-json\/wp\/v2\/posts\/119318\/revisions"}],"predecessor-version":[{"id":119320,"href":"https:\/\/radioljubuski.ba\/index.php\/wp-json\/wp\/v2\/posts\/119318\/revisions\/119320"}],"wp:featuredmedia":[{"embeddable":true,"href":"https:\/\/radioljubuski.ba\/index.php\/wp-json\/wp\/v2\/media\/119319"}],"wp:attachment":[{"href":"https:\/\/radioljubuski.ba\/index.php\/wp-json\/wp\/v2\/media?parent=119318"}],"wp:term":[{"taxonomy":"category","embeddable":true,"href":"https:\/\/radioljubuski.ba\/index.php\/wp-json\/wp\/v2\/categories?post=119318"},{"taxonomy":"post_tag","embeddable":true,"href":"https:\/\/radioljubuski.ba\/index.php\/wp-json\/wp\/v2\/tags?post=119318"}],"curies":[{"name":"wp","href":"https:\/\/api.w.org\/{rel}","templated":true}]}}