{"id":119354,"date":"2022-03-08T23:41:42","date_gmt":"2022-03-08T22:41:42","guid":{"rendered":"https:\/\/radioljubuski.ba\/?p=119354"},"modified":"2022-03-08T23:41:43","modified_gmt":"2022-03-08T22:41:43","slug":"dodik-ruse-se-sotonizira-kao-srbe-90-tih-ukrajina-neusporediva-s-bih","status":"publish","type":"post","link":"https:\/\/radioljubuski.ba\/index.php\/2022\/03\/08\/dodik-ruse-se-sotonizira-kao-srbe-90-tih-ukrajina-neusporediva-s-bih\/","title":{"rendered":"Dodik: Ruse se sotonizira kao Srbe 90-tih, Ukrajina neusporediva s BiH"},"content":{"rendered":"\n<p><strong>Srpski \u010dlan Predsjedni\u0161tva BiH Milorad Dodik izjavio je da se sukobi u Ukrajini ne mogu dovesti u vezu s gra\u0111anskim ratom koji je vo\u0111en u BiH, iako se i mediji i pojedini politi\u010dari u Federaciji BiH trude dokazati da je u pitanju \u201cgotovo pa ista vrsta sukoba\u201d.<\/strong><\/p>\n\n\n\n<p>Prema njegovim rije\u010dima, niti su u pitanju isti razlozi, niti je povod sukoba isti.<\/p>\n\n\n\n<p>\u201cMe\u0111utim, ono \u0161to jest isto je nevjerojatna koli\u010dina propagande kojoj su izlo\u017eeni stanovnici BiH, ba\u0161 kako su bili izlo\u017eeni devedesetih godina pro\u0161log stolje\u0107a, \u010dime se po tko zna koji put opravdala teza da je istina ta koja prvo strada u svakom ratu\u201d, rekao je Dodik Srni.<\/p>\n\n\n\n<p>Rekao je da je ista i sotonizacija jednog naroda, u ovom slu\u010daju ruskog, \u0161to su Srbi u ratu dobro iskusili na svojoj ko\u017ei i protiv koje se i danas, 30 godina kasnije, moraju boriti.<\/p>\n\n\n\n<p>\u201c\u010cini mi se da netko u BiH vjeruje da \u0107e povla\u010denjem paralela izme\u0111u Ukrajine i BiH \u2018u\u0161i\u0107ariti\u2019 neku politi\u010dku korist koju bi im osigurao netko sa strane, intervencionizmom koji nikada ovdje nije prestao. Morat \u0107u ih razo\u010darati \u2013 problemi u BiH su politi\u010dke prirode nisu od ju\u010der i morat \u0107e se rje\u0161avati samo politi\u010dkim i pravnim sredstvima i to \u0107e morati uraditi doma\u0107i politi\u010dki akteri\u201d, poru\u010dio je Dodik.<\/p>\n\n\n\n<p>Ponovio je da se od po\u010detka sukoba u Ukrajini zala\u017ee za neutralan stav i da smatra da je to bio najbolji stav koji je BiH mogla zauzeti, sa \u017eeljom da oru\u017eje u Ukrajini \u0161to prije za\u0161uti i da se strane u sukobu \u0161to prije dogovore.<\/p>\n\n\n\n<p>\u201cNavijanje u svakom ratu je i nemoralno i nenormalno, a za male zajednice kakva je BiH i \u0161tetno. Posljedice sukoba u Ukrajini ekonomski se ve\u0107 osje\u0107aju u BiH. Ja bih \u017eelio da te posljedice dugoro\u010dno budu \u0161to manje\u201d, rekao je srpski \u010dlan Predsjedni\u0161tva BiH.<\/p>\n\n\n\n<p>\/HMS\/<\/p>\n","protected":false},"excerpt":{"rendered":"<p>Srpski \u010dlan Predsjedni\u0161tva BiH Milorad Dodik izjavio je da se sukobi u Ukrajini ne mogu dovesti u vezu s gra\u0111anskim ratom koji je vo\u0111en u BiH, iako se i mediji i pojedini politi\u010dari u Federaciji BiH trude dokazati da je u pitanju \u201cgotovo pa ista vrsta sukoba\u201d. Prema njegovim rije\u010dima, niti su u pitanju isti [&hellip;]<\/p>\n","protected":false},"author":2,"featured_media":119355,"comment_status":"closed","ping_status":"closed","sticky":false,"template":"","format":"standard","meta":{"h5ap_radio_sources":[],"footnotes":""},"categories":[1],"tags":[],"class_list":["post-119354","post","type-post","status-publish","format-standard","has-post-thumbnail","hentry","category-bihiregija"],"yoast_head":"<!-- This site is optimized with the Yoast SEO plugin v27.5 - https:\/\/yoast.com\/product\/yoast-seo-wordpress\/ -->\n<title>Dodik: Ruse se sotonizira kao Srbe 90-tih, Ukrajina neusporediva s BiH - RADIO LJUBU\u0160KI<\/title>\n<meta name=\"robots\" content=\"index, follow, max-snippet:-1, max-image-preview:large, max-video-preview:-1\" \/>\n<link rel=\"canonical\" href=\"https:\/\/radioljubuski.ba\/index.php\/2022\/03\/08\/dodik-ruse-se-sotonizira-kao-srbe-90-tih-ukrajina-neusporediva-s-bih\/\" \/>\n<meta property=\"og:locale\" content=\"hr_HR\" \/>\n<meta property=\"og:type\" content=\"article\" \/>\n<meta property=\"og:title\" content=\"Dodik: Ruse se sotonizira kao Srbe 90-tih, Ukrajina neusporediva s BiH - RADIO LJUBU\u0160KI\" \/>\n<meta property=\"og:description\" content=\"Srpski \u010dlan Predsjedni\u0161tva BiH Milorad Dodik izjavio je da se sukobi u Ukrajini ne mogu dovesti u vezu s gra\u0111anskim ratom koji je vo\u0111en u BiH, iako se i mediji i pojedini politi\u010dari u Federaciji BiH trude dokazati da je u pitanju \u201cgotovo pa ista vrsta sukoba\u201d. Prema njegovim rije\u010dima, niti su u pitanju isti [&hellip;]\" \/>\n<meta property=\"og:url\" content=\"https:\/\/radioljubuski.ba\/index.php\/2022\/03\/08\/dodik-ruse-se-sotonizira-kao-srbe-90-tih-ukrajina-neusporediva-s-bih\/\" \/>\n<meta property=\"og:site_name\" content=\"RADIO LJUBU\u0160KI\" \/>\n<meta property=\"article:publisher\" content=\"https:\/\/www.facebook.com\/Radiio-Ljubuski-1490835324566332\" \/>\n<meta property=\"article:published_time\" content=\"2022-03-08T22:41:42+00:00\" \/>\n<meta property=\"article:modified_time\" content=\"2022-03-08T22:41:43+00:00\" \/>\n<meta property=\"og:image\" content=\"https:\/\/radioljubuski.ba\/wp-content\/uploads\/2022\/03\/dodik-1.jpg\" \/>\n\t<meta property=\"og:image:width\" content=\"750\" \/>\n\t<meta property=\"og:image:height\" content=\"465\" \/>\n\t<meta property=\"og:image:type\" content=\"image\/jpeg\" \/>\n<meta name=\"author\" content=\"Radio Ljubu\u0161ki\" \/>\n<meta name=\"twitter:card\" content=\"summary_large_image\" \/>\n<meta name=\"twitter:creator\" content=\"@radioljubuski\" \/>\n<meta name=\"twitter:site\" content=\"@radioljubuski\" \/>\n<meta name=\"twitter:label1\" content=\"Napisao\/la\" \/>\n\t<meta name=\"twitter:data1\" content=\"Radio Ljubu\u0161ki\" \/>\n\t<meta name=\"twitter:label2\" content=\"Procijenjeno vrijeme \u010ditanja\" \/>\n\t<meta name=\"twitter:data2\" content=\"2 minute\" \/>\n<script type=\"application\/ld+json\" class=\"yoast-schema-graph\">{\"@context\":\"https:\\\/\\\/schema.org\",\"@graph\":[{\"@type\":\"Article\",\"@id\":\"https:\\\/\\\/radioljubuski.ba\\\/index.php\\\/2022\\\/03\\\/08\\\/dodik-ruse-se-sotonizira-kao-srbe-90-tih-ukrajina-neusporediva-s-bih\\\/#article\",\"isPartOf\":{\"@id\":\"https:\\\/\\\/radioljubuski.ba\\\/index.php\\\/2022\\\/03\\\/08\\\/dodik-ruse-se-sotonizira-kao-srbe-90-tih-ukrajina-neusporediva-s-bih\\\/\"},\"author\":{\"name\":\"Radio Ljubu\u0161ki\",\"@id\":\"https:\\\/\\\/radioljubuski.ba\\\/#\\\/schema\\\/person\\\/19fc700381a780f69665d7956c469e3b\"},\"headline\":\"Dodik: Ruse se sotonizira kao Srbe 90-tih, Ukrajina neusporediva s BiH\",\"datePublished\":\"2022-03-08T22:41:42+00:00\",\"dateModified\":\"2022-03-08T22:41:43+00:00\",\"mainEntityOfPage\":{\"@id\":\"https:\\\/\\\/radioljubuski.ba\\\/index.php\\\/2022\\\/03\\\/08\\\/dodik-ruse-se-sotonizira-kao-srbe-90-tih-ukrajina-neusporediva-s-bih\\\/\"},\"wordCount\":341,\"publisher\":{\"@id\":\"https:\\\/\\\/radioljubuski.ba\\\/#organization\"},\"image\":{\"@id\":\"https:\\\/\\\/radioljubuski.ba\\\/index.php\\\/2022\\\/03\\\/08\\\/dodik-ruse-se-sotonizira-kao-srbe-90-tih-ukrajina-neusporediva-s-bih\\\/#primaryimage\"},\"thumbnailUrl\":\"https:\\\/\\\/radioljubuski.ba\\\/wp-content\\\/uploads\\\/2022\\\/03\\\/dodik-1.jpg\",\"articleSection\":[\"BIH i regija\"],\"inLanguage\":\"hr\"},{\"@type\":\"WebPage\",\"@id\":\"https:\\\/\\\/radioljubuski.ba\\\/index.php\\\/2022\\\/03\\\/08\\\/dodik-ruse-se-sotonizira-kao-srbe-90-tih-ukrajina-neusporediva-s-bih\\\/\",\"url\":\"https:\\\/\\\/radioljubuski.ba\\\/index.php\\\/2022\\\/03\\\/08\\\/dodik-ruse-se-sotonizira-kao-srbe-90-tih-ukrajina-neusporediva-s-bih\\\/\",\"name\":\"Dodik: Ruse se sotonizira kao Srbe 90-tih, Ukrajina neusporediva s BiH - RADIO LJUBU\u0160KI\",\"isPartOf\":{\"@id\":\"https:\\\/\\\/radioljubuski.ba\\\/#website\"},\"primaryImageOfPage\":{\"@id\":\"https:\\\/\\\/radioljubuski.ba\\\/index.php\\\/2022\\\/03\\\/08\\\/dodik-ruse-se-sotonizira-kao-srbe-90-tih-ukrajina-neusporediva-s-bih\\\/#primaryimage\"},\"image\":{\"@id\":\"https:\\\/\\\/radioljubuski.ba\\\/index.php\\\/2022\\\/03\\\/08\\\/dodik-ruse-se-sotonizira-kao-srbe-90-tih-ukrajina-neusporediva-s-bih\\\/#primaryimage\"},\"thumbnailUrl\":\"https:\\\/\\\/radioljubuski.ba\\\/wp-content\\\/uploads\\\/2022\\\/03\\\/dodik-1.jpg\",\"datePublished\":\"2022-03-08T22:41:42+00:00\",\"dateModified\":\"2022-03-08T22:41:43+00:00\",\"breadcrumb\":{\"@id\":\"https:\\\/\\\/radioljubuski.ba\\\/index.php\\\/2022\\\/03\\\/08\\\/dodik-ruse-se-sotonizira-kao-srbe-90-tih-ukrajina-neusporediva-s-bih\\\/#breadcrumb\"},\"inLanguage\":\"hr\",\"potentialAction\":[{\"@type\":\"ReadAction\",\"target\":[\"https:\\\/\\\/radioljubuski.ba\\\/index.php\\\/2022\\\/03\\\/08\\\/dodik-ruse-se-sotonizira-kao-srbe-90-tih-ukrajina-neusporediva-s-bih\\\/\"]}]},{\"@type\":\"ImageObject\",\"inLanguage\":\"hr\",\"@id\":\"https:\\\/\\\/radioljubuski.ba\\\/index.php\\\/2022\\\/03\\\/08\\\/dodik-ruse-se-sotonizira-kao-srbe-90-tih-ukrajina-neusporediva-s-bih\\\/#primaryimage\",\"url\":\"https:\\\/\\\/radioljubuski.ba\\\/wp-content\\\/uploads\\\/2022\\\/03\\\/dodik-1.jpg\",\"contentUrl\":\"https:\\\/\\\/radioljubuski.ba\\\/wp-content\\\/uploads\\\/2022\\\/03\\\/dodik-1.jpg\",\"width\":750,\"height\":465},{\"@type\":\"BreadcrumbList\",\"@id\":\"https:\\\/\\\/radioljubuski.ba\\\/index.php\\\/2022\\\/03\\\/08\\\/dodik-ruse-se-sotonizira-kao-srbe-90-tih-ukrajina-neusporediva-s-bih\\\/#breadcrumb\",\"itemListElement\":[{\"@type\":\"ListItem\",\"position\":1,\"name\":\"Po\u010detna stranica\",\"item\":\"https:\\\/\\\/radioljubuski.ba\\\/\"},{\"@type\":\"ListItem\",\"position\":2,\"name\":\"Dodik: Ruse se sotonizira kao Srbe 90-tih, Ukrajina neusporediva s BiH\"}]},{\"@type\":\"WebSite\",\"@id\":\"https:\\\/\\\/radioljubuski.ba\\\/#website\",\"url\":\"https:\\\/\\\/radioljubuski.ba\\\/\",\"name\":\"Radio Ljubu\u0161ki\",\"description\":\"Sun\u010dana frekvencija Hercegovine\",\"publisher\":{\"@id\":\"https:\\\/\\\/radioljubuski.ba\\\/#organization\"},\"potentialAction\":[{\"@type\":\"SearchAction\",\"target\":{\"@type\":\"EntryPoint\",\"urlTemplate\":\"https:\\\/\\\/radioljubuski.ba\\\/?s={search_term_string}\"},\"query-input\":{\"@type\":\"PropertyValueSpecification\",\"valueRequired\":true,\"valueName\":\"search_term_string\"}}],\"inLanguage\":\"hr\"},{\"@type\":\"Organization\",\"@id\":\"https:\\\/\\\/radioljubuski.ba\\\/#organization\",\"name\":\"Radio Ljubu\u0161ki\",\"url\":\"https:\\\/\\\/radioljubuski.ba\\\/\",\"logo\":{\"@type\":\"ImageObject\",\"inLanguage\":\"hr\",\"@id\":\"https:\\\/\\\/radioljubuski.ba\\\/#\\\/schema\\\/logo\\\/image\\\/\",\"url\":\"https:\\\/\\\/radioljubuski.ba\\\/wp-content\\\/uploads\\\/2021\\\/02\\\/cropped-Radio_Ljubuski_logo1.jpg\",\"contentUrl\":\"https:\\\/\\\/radioljubuski.ba\\\/wp-content\\\/uploads\\\/2021\\\/02\\\/cropped-Radio_Ljubuski_logo1.jpg\",\"width\":512,\"height\":512,\"caption\":\"Radio Ljubu\u0161ki\"},\"image\":{\"@id\":\"https:\\\/\\\/radioljubuski.ba\\\/#\\\/schema\\\/logo\\\/image\\\/\"},\"sameAs\":[\"https:\\\/\\\/www.facebook.com\\\/Radiio-Ljubuski-1490835324566332\",\"https:\\\/\\\/x.com\\\/radioljubuski\",\"https:\\\/\\\/hr.linkedin.com\\\/company\\\/radio-ljubuski\",\"https:\\\/\\\/www.youtube.com\\\/channel\\\/UCHYaeO_n0Db3tjNGudGpXyw\"]},{\"@type\":\"Person\",\"@id\":\"https:\\\/\\\/radioljubuski.ba\\\/#\\\/schema\\\/person\\\/19fc700381a780f69665d7956c469e3b\",\"name\":\"Radio Ljubu\u0161ki\"}]}<\/script>\n<!-- \/ Yoast SEO plugin. -->","yoast_head_json":{"title":"Dodik: Ruse se sotonizira kao Srbe 90-tih, Ukrajina neusporediva s BiH - RADIO LJUBU\u0160KI","robots":{"index":"index","follow":"follow","max-snippet":"max-snippet:-1","max-image-preview":"max-image-preview:large","max-video-preview":"max-video-preview:-1"},"canonical":"https:\/\/radioljubuski.ba\/index.php\/2022\/03\/08\/dodik-ruse-se-sotonizira-kao-srbe-90-tih-ukrajina-neusporediva-s-bih\/","og_locale":"hr_HR","og_type":"article","og_title":"Dodik: Ruse se sotonizira kao Srbe 90-tih, Ukrajina neusporediva s BiH - RADIO LJUBU\u0160KI","og_description":"Srpski \u010dlan Predsjedni\u0161tva BiH Milorad Dodik izjavio je da se sukobi u Ukrajini ne mogu dovesti u vezu s gra\u0111anskim ratom koji je vo\u0111en u BiH, iako se i mediji i pojedini politi\u010dari u Federaciji BiH trude dokazati da je u pitanju \u201cgotovo pa ista vrsta sukoba\u201d. Prema njegovim rije\u010dima, niti su u pitanju isti [&hellip;]","og_url":"https:\/\/radioljubuski.ba\/index.php\/2022\/03\/08\/dodik-ruse-se-sotonizira-kao-srbe-90-tih-ukrajina-neusporediva-s-bih\/","og_site_name":"RADIO LJUBU\u0160KI","article_publisher":"https:\/\/www.facebook.com\/Radiio-Ljubuski-1490835324566332","article_published_time":"2022-03-08T22:41:42+00:00","article_modified_time":"2022-03-08T22:41:43+00:00","og_image":[{"width":750,"height":465,"url":"https:\/\/radioljubuski.ba\/wp-content\/uploads\/2022\/03\/dodik-1.jpg","type":"image\/jpeg"}],"author":"Radio Ljubu\u0161ki","twitter_card":"summary_large_image","twitter_creator":"@radioljubuski","twitter_site":"@radioljubuski","twitter_misc":{"Napisao\/la":"Radio Ljubu\u0161ki","Procijenjeno vrijeme \u010ditanja":"2 minute"},"schema":{"@context":"https:\/\/schema.org","@graph":[{"@type":"Article","@id":"https:\/\/radioljubuski.ba\/index.php\/2022\/03\/08\/dodik-ruse-se-sotonizira-kao-srbe-90-tih-ukrajina-neusporediva-s-bih\/#article","isPartOf":{"@id":"https:\/\/radioljubuski.ba\/index.php\/2022\/03\/08\/dodik-ruse-se-sotonizira-kao-srbe-90-tih-ukrajina-neusporediva-s-bih\/"},"author":{"name":"Radio Ljubu\u0161ki","@id":"https:\/\/radioljubuski.ba\/#\/schema\/person\/19fc700381a780f69665d7956c469e3b"},"headline":"Dodik: Ruse se sotonizira kao Srbe 90-tih, Ukrajina neusporediva s BiH","datePublished":"2022-03-08T22:41:42+00:00","dateModified":"2022-03-08T22:41:43+00:00","mainEntityOfPage":{"@id":"https:\/\/radioljubuski.ba\/index.php\/2022\/03\/08\/dodik-ruse-se-sotonizira-kao-srbe-90-tih-ukrajina-neusporediva-s-bih\/"},"wordCount":341,"publisher":{"@id":"https:\/\/radioljubuski.ba\/#organization"},"image":{"@id":"https:\/\/radioljubuski.ba\/index.php\/2022\/03\/08\/dodik-ruse-se-sotonizira-kao-srbe-90-tih-ukrajina-neusporediva-s-bih\/#primaryimage"},"thumbnailUrl":"https:\/\/radioljubuski.ba\/wp-content\/uploads\/2022\/03\/dodik-1.jpg","articleSection":["BIH i regija"],"inLanguage":"hr"},{"@type":"WebPage","@id":"https:\/\/radioljubuski.ba\/index.php\/2022\/03\/08\/dodik-ruse-se-sotonizira-kao-srbe-90-tih-ukrajina-neusporediva-s-bih\/","url":"https:\/\/radioljubuski.ba\/index.php\/2022\/03\/08\/dodik-ruse-se-sotonizira-kao-srbe-90-tih-ukrajina-neusporediva-s-bih\/","name":"Dodik: Ruse se sotonizira kao Srbe 90-tih, Ukrajina neusporediva s BiH - RADIO LJUBU\u0160KI","isPartOf":{"@id":"https:\/\/radioljubuski.ba\/#website"},"primaryImageOfPage":{"@id":"https:\/\/radioljubuski.ba\/index.php\/2022\/03\/08\/dodik-ruse-se-sotonizira-kao-srbe-90-tih-ukrajina-neusporediva-s-bih\/#primaryimage"},"image":{"@id":"https:\/\/radioljubuski.ba\/index.php\/2022\/03\/08\/dodik-ruse-se-sotonizira-kao-srbe-90-tih-ukrajina-neusporediva-s-bih\/#primaryimage"},"thumbnailUrl":"https:\/\/radioljubuski.ba\/wp-content\/uploads\/2022\/03\/dodik-1.jpg","datePublished":"2022-03-08T22:41:42+00:00","dateModified":"2022-03-08T22:41:43+00:00","breadcrumb":{"@id":"https:\/\/radioljubuski.ba\/index.php\/2022\/03\/08\/dodik-ruse-se-sotonizira-kao-srbe-90-tih-ukrajina-neusporediva-s-bih\/#breadcrumb"},"inLanguage":"hr","potentialAction":[{"@type":"ReadAction","target":["https:\/\/radioljubuski.ba\/index.php\/2022\/03\/08\/dodik-ruse-se-sotonizira-kao-srbe-90-tih-ukrajina-neusporediva-s-bih\/"]}]},{"@type":"ImageObject","inLanguage":"hr","@id":"https:\/\/radioljubuski.ba\/index.php\/2022\/03\/08\/dodik-ruse-se-sotonizira-kao-srbe-90-tih-ukrajina-neusporediva-s-bih\/#primaryimage","url":"https:\/\/radioljubuski.ba\/wp-content\/uploads\/2022\/03\/dodik-1.jpg","contentUrl":"https:\/\/radioljubuski.ba\/wp-content\/uploads\/2022\/03\/dodik-1.jpg","width":750,"height":465},{"@type":"BreadcrumbList","@id":"https:\/\/radioljubuski.ba\/index.php\/2022\/03\/08\/dodik-ruse-se-sotonizira-kao-srbe-90-tih-ukrajina-neusporediva-s-bih\/#breadcrumb","itemListElement":[{"@type":"ListItem","position":1,"name":"Po\u010detna stranica","item":"https:\/\/radioljubuski.ba\/"},{"@type":"ListItem","position":2,"name":"Dodik: Ruse se sotonizira kao Srbe 90-tih, Ukrajina neusporediva s BiH"}]},{"@type":"WebSite","@id":"https:\/\/radioljubuski.ba\/#website","url":"https:\/\/radioljubuski.ba\/","name":"Radio Ljubu\u0161ki","description":"Sun\u010dana frekvencija Hercegovine","publisher":{"@id":"https:\/\/radioljubuski.ba\/#organization"},"potentialAction":[{"@type":"SearchAction","target":{"@type":"EntryPoint","urlTemplate":"https:\/\/radioljubuski.ba\/?s={search_term_string}"},"query-input":{"@type":"PropertyValueSpecification","valueRequired":true,"valueName":"search_term_string"}}],"inLanguage":"hr"},{"@type":"Organization","@id":"https:\/\/radioljubuski.ba\/#organization","name":"Radio Ljubu\u0161ki","url":"https:\/\/radioljubuski.ba\/","logo":{"@type":"ImageObject","inLanguage":"hr","@id":"https:\/\/radioljubuski.ba\/#\/schema\/logo\/image\/","url":"https:\/\/radioljubuski.ba\/wp-content\/uploads\/2021\/02\/cropped-Radio_Ljubuski_logo1.jpg","contentUrl":"https:\/\/radioljubuski.ba\/wp-content\/uploads\/2021\/02\/cropped-Radio_Ljubuski_logo1.jpg","width":512,"height":512,"caption":"Radio Ljubu\u0161ki"},"image":{"@id":"https:\/\/radioljubuski.ba\/#\/schema\/logo\/image\/"},"sameAs":["https:\/\/www.facebook.com\/Radiio-Ljubuski-1490835324566332","https:\/\/x.com\/radioljubuski","https:\/\/hr.linkedin.com\/company\/radio-ljubuski","https:\/\/www.youtube.com\/channel\/UCHYaeO_n0Db3tjNGudGpXyw"]},{"@type":"Person","@id":"https:\/\/radioljubuski.ba\/#\/schema\/person\/19fc700381a780f69665d7956c469e3b","name":"Radio Ljubu\u0161ki"}]}},"_links":{"self":[{"href":"https:\/\/radioljubuski.ba\/index.php\/wp-json\/wp\/v2\/posts\/119354","targetHints":{"allow":["GET"]}}],"collection":[{"href":"https:\/\/radioljubuski.ba\/index.php\/wp-json\/wp\/v2\/posts"}],"about":[{"href":"https:\/\/radioljubuski.ba\/index.php\/wp-json\/wp\/v2\/types\/post"}],"author":[{"embeddable":true,"href":"https:\/\/radioljubuski.ba\/index.php\/wp-json\/wp\/v2\/users\/2"}],"replies":[{"embeddable":true,"href":"https:\/\/radioljubuski.ba\/index.php\/wp-json\/wp\/v2\/comments?post=119354"}],"version-history":[{"count":1,"href":"https:\/\/radioljubuski.ba\/index.php\/wp-json\/wp\/v2\/posts\/119354\/revisions"}],"predecessor-version":[{"id":119356,"href":"https:\/\/radioljubuski.ba\/index.php\/wp-json\/wp\/v2\/posts\/119354\/revisions\/119356"}],"wp:featuredmedia":[{"embeddable":true,"href":"https:\/\/radioljubuski.ba\/index.php\/wp-json\/wp\/v2\/media\/119355"}],"wp:attachment":[{"href":"https:\/\/radioljubuski.ba\/index.php\/wp-json\/wp\/v2\/media?parent=119354"}],"wp:term":[{"taxonomy":"category","embeddable":true,"href":"https:\/\/radioljubuski.ba\/index.php\/wp-json\/wp\/v2\/categories?post=119354"},{"taxonomy":"post_tag","embeddable":true,"href":"https:\/\/radioljubuski.ba\/index.php\/wp-json\/wp\/v2\/tags?post=119354"}],"curies":[{"name":"wp","href":"https:\/\/api.w.org\/{rel}","templated":true}]}}