{"id":119357,"date":"2022-03-08T23:43:04","date_gmt":"2022-03-08T22:43:04","guid":{"rendered":"https:\/\/radioljubuski.ba\/?p=119357"},"modified":"2022-03-08T23:43:05","modified_gmt":"2022-03-08T22:43:05","slug":"duje-santic-nedavno-sam-shvatio-kako-necemo-nikada-pronaci-tijelo-moga-oca-i-rijesiti-taj-slucaj","status":"publish","type":"post","link":"https:\/\/radioljubuski.ba\/index.php\/2022\/03\/08\/duje-santic-nedavno-sam-shvatio-kako-necemo-nikada-pronaci-tijelo-moga-oca-i-rijesiti-taj-slucaj\/","title":{"rendered":"Duje \u0160anti\u0107: Nedavno sam shvatio kako ne\u0107emo nikada prona\u0107i tijelo moga oca i rije\u0161iti taj slu\u010daj"},"content":{"rendered":"\n<p><strong>Sin generala HVO-a Vlade \u0160anti\u0107a Duje \u0160anti izjavio je kako vi\u0161e ne vjeruje da \u0107e prona\u0107i o\u010deve tjelesne ostatke i pokopati ih nakon \u0161to je na dana\u0161nji dan prije 27 godina netragom nestao nedaleko od Biha\u0107a, za \u0161to se odnedavno sudi skupini pripadnika bo\u0161nja\u010dke Armije BiH.<\/strong><\/p>\n\n\n\n<p>\u201cNedavno sam shvatio kako ne\u0107emo nikada prona\u0107i njegovo tijelo i rije\u0161iti ovaj slu\u010daj\u201d, rekao je medijima u Mostaru Duje \u0160anti\u0107, koji je nedavno svjedo\u010dio na po\u010detku sudskog postupka koji se za ubojstvo njegovog oca vodi pred \u017dupanijskim sudom u Biha\u0107u.<\/p>\n\n\n\n<p>Prema njegovim tvrdnjama, odavno je jasno kako se cijeli slu\u010daj ubojstva i nestanka tijela generala \u0160anti\u0107a sustavno zata\u0161kava.<\/p>\n\n\n\n<p>\u201cSve se \u010dini kako bi se i ovaj sudski postupak zavr\u0161io i da se slu\u010daj zaboravi\u201d, dodao je Duje.<\/p>\n\n\n\n<p><strong>Za ubojstvo se tereti sedmoricu ljudi<\/strong><\/p>\n\n\n\n<p>Izrazio je ogor\u010denost \u0161to u borbi obitelji za rasvjetljivanje sudbine nekada\u0161njeg zapovjednika Hrvatskog vije\u0107a obrane u Biha\u0107u nije nikada dobio potporu vlasti iz BiH i Hrvatske. Naveo je kako je imao potporu tek Hrvatske republikanske stranke iz Mostara.<\/p>\n\n\n\n<p>Duje \u0160anti\u0107 je zajedno s majkom Jagodom sredinom prosinca pro\u0161le godine svjedo\u010dio pred \u017dupanijskim sudom u Biha\u0107u na po\u010detku sudskog postupka koji se vodi po optu\u017enici podignutoj zbog ubojstva generala HVO-a. Taj je sud jo\u0161 u sije\u010dnju 2019. potvrdio optu\u017enicu kojom se za ubojstvo generala \u0160anti\u0107a terete Hamdija Abdi\u0107 zvani Tigar, biv\u0161i visoki \u010dasnik bo\u0161nja\u010dke Armije BiH, te Dedo Karabegovi\u0107, Jasmir Topal, Ramiz Bajramovi\u0107, Ramiz Ru\u017eni\u0107, Indijan Alibegovi\u0107 i Enver Keranovi\u0107, prenosi Hina.<\/p>\n\n\n\n<p>Svi su optu\u017eeni da su organizirali i na svirep i podmukao na\u010din ubili generala HVO-a Vladu \u0160anti\u0107a. Prvooptu\u017eeni Abdi\u0107 trenuta\u010dno je zastupnik Stranke demokratske akcije (SAD) u parlamentu Federacije BiH.<\/p>\n\n\n\n<p><strong>Ubili su ga, zatim spalili i raskomadali?<\/strong><\/p>\n\n\n\n<p>General \u0160anti\u0107 nestao je u no\u0107i s 8. na 9. o\u017eujka 1995. u Biha\u0107u, nakon \u0161to ga je iz lokalnog zapovjedni\u0161tva HVO-a odveo optu\u017eeni Abdi\u0107 sa svojim vojnicima. \u0160anti\u0107a su, prema izjavama svjedoka, odveli u hotel Sedra, gdje je razgovarao sa zapovjednikom Petog korpusa Armije BiH Atifom Dudakovi\u0107em, a nakon toga mu se gubi svaki trag.<\/p>\n\n\n\n<p>Slu\u010daj \u0160anti\u0107 je godinama bio zaboravljen, ali je ponovo bio otvoren 2013. na temelju iskaza za\u0161ti\u0107enog svjedoka. Svjedok je tvrdio kako je general te\u0161ko zlostavljan i ubijen, a njegovo tijelo nakon ubojstva raskomadano, zapaljeno i potom uba\u010deno u ba\u010dvu zalivenu gipsom ili cementom. Plasti\u010dna ba\u010dva s neidentificiranim ko\u0161tanim ostacima je 2014. prona\u0111ena na odlagali\u0161tu otpada kod Biha\u0107a, no zbog o\u0161te\u0107enja nije mogao biti izdvojen materijal za analizu DNA.<\/p>\n\n\n\n<p>\/HMS\/<\/p>\n","protected":false},"excerpt":{"rendered":"<p>Sin generala HVO-a Vlade \u0160anti\u0107a Duje \u0160anti izjavio je kako vi\u0161e ne vjeruje da \u0107e prona\u0107i o\u010deve tjelesne ostatke i pokopati ih nakon \u0161to je na dana\u0161nji dan prije 27 godina netragom nestao nedaleko od Biha\u0107a, za \u0161to se odnedavno sudi skupini pripadnika bo\u0161nja\u010dke Armije BiH. \u201cNedavno sam shvatio kako ne\u0107emo nikada prona\u0107i njegovo tijelo [&hellip;]<\/p>\n","protected":false},"author":2,"featured_media":119358,"comment_status":"closed","ping_status":"closed","sticky":false,"template":"","format":"standard","meta":{"h5ap_radio_sources":[],"footnotes":""},"categories":[1],"tags":[],"class_list":["post-119357","post","type-post","status-publish","format-standard","has-post-thumbnail","hentry","category-bihiregija"],"yoast_head":"<!-- This site is optimized with the Yoast SEO plugin v27.5 - https:\/\/yoast.com\/product\/yoast-seo-wordpress\/ -->\n<title>Duje \u0160anti\u0107: Nedavno sam shvatio kako ne\u0107emo nikada prona\u0107i tijelo moga oca i rije\u0161iti taj slu\u010daj - RADIO LJUBU\u0160KI<\/title>\n<meta name=\"robots\" content=\"index, follow, max-snippet:-1, max-image-preview:large, max-video-preview:-1\" \/>\n<link rel=\"canonical\" href=\"https:\/\/radioljubuski.ba\/index.php\/2022\/03\/08\/duje-santic-nedavno-sam-shvatio-kako-necemo-nikada-pronaci-tijelo-moga-oca-i-rijesiti-taj-slucaj\/\" \/>\n<meta property=\"og:locale\" content=\"hr_HR\" \/>\n<meta property=\"og:type\" content=\"article\" \/>\n<meta property=\"og:title\" content=\"Duje \u0160anti\u0107: Nedavno sam shvatio kako ne\u0107emo nikada prona\u0107i tijelo moga oca i rije\u0161iti taj slu\u010daj - RADIO LJUBU\u0160KI\" \/>\n<meta property=\"og:description\" content=\"Sin generala HVO-a Vlade \u0160anti\u0107a Duje \u0160anti izjavio je kako vi\u0161e ne vjeruje da \u0107e prona\u0107i o\u010deve tjelesne ostatke i pokopati ih nakon \u0161to je na dana\u0161nji dan prije 27 godina netragom nestao nedaleko od Biha\u0107a, za \u0161to se odnedavno sudi skupini pripadnika bo\u0161nja\u010dke Armije BiH. \u201cNedavno sam shvatio kako ne\u0107emo nikada prona\u0107i njegovo tijelo [&hellip;]\" \/>\n<meta property=\"og:url\" content=\"https:\/\/radioljubuski.ba\/index.php\/2022\/03\/08\/duje-santic-nedavno-sam-shvatio-kako-necemo-nikada-pronaci-tijelo-moga-oca-i-rijesiti-taj-slucaj\/\" \/>\n<meta property=\"og:site_name\" content=\"RADIO LJUBU\u0160KI\" \/>\n<meta property=\"article:publisher\" content=\"https:\/\/www.facebook.com\/Radiio-Ljubuski-1490835324566332\" \/>\n<meta property=\"article:published_time\" content=\"2022-03-08T22:43:04+00:00\" \/>\n<meta property=\"article:modified_time\" content=\"2022-03-08T22:43:05+00:00\" \/>\n<meta property=\"og:image\" content=\"https:\/\/radioljubuski.ba\/wp-content\/uploads\/2022\/03\/vlado_santic.jpg\" \/>\n\t<meta property=\"og:image:width\" content=\"840\" \/>\n\t<meta property=\"og:image:height\" content=\"470\" \/>\n\t<meta property=\"og:image:type\" content=\"image\/jpeg\" \/>\n<meta name=\"author\" content=\"Radio Ljubu\u0161ki\" \/>\n<meta name=\"twitter:card\" content=\"summary_large_image\" \/>\n<meta name=\"twitter:creator\" content=\"@radioljubuski\" \/>\n<meta name=\"twitter:site\" content=\"@radioljubuski\" \/>\n<meta name=\"twitter:label1\" content=\"Napisao\/la\" \/>\n\t<meta name=\"twitter:data1\" content=\"Radio Ljubu\u0161ki\" \/>\n\t<meta name=\"twitter:label2\" content=\"Procijenjeno vrijeme \u010ditanja\" \/>\n\t<meta name=\"twitter:data2\" content=\"2 minute\" \/>\n<script type=\"application\/ld+json\" class=\"yoast-schema-graph\">{\"@context\":\"https:\\\/\\\/schema.org\",\"@graph\":[{\"@type\":\"Article\",\"@id\":\"https:\\\/\\\/radioljubuski.ba\\\/index.php\\\/2022\\\/03\\\/08\\\/duje-santic-nedavno-sam-shvatio-kako-necemo-nikada-pronaci-tijelo-moga-oca-i-rijesiti-taj-slucaj\\\/#article\",\"isPartOf\":{\"@id\":\"https:\\\/\\\/radioljubuski.ba\\\/index.php\\\/2022\\\/03\\\/08\\\/duje-santic-nedavno-sam-shvatio-kako-necemo-nikada-pronaci-tijelo-moga-oca-i-rijesiti-taj-slucaj\\\/\"},\"author\":{\"name\":\"Radio Ljubu\u0161ki\",\"@id\":\"https:\\\/\\\/radioljubuski.ba\\\/#\\\/schema\\\/person\\\/19fc700381a780f69665d7956c469e3b\"},\"headline\":\"Duje \u0160anti\u0107: Nedavno sam shvatio kako ne\u0107emo nikada prona\u0107i tijelo moga oca i rije\u0161iti taj slu\u010daj\",\"datePublished\":\"2022-03-08T22:43:04+00:00\",\"dateModified\":\"2022-03-08T22:43:05+00:00\",\"mainEntityOfPage\":{\"@id\":\"https:\\\/\\\/radioljubuski.ba\\\/index.php\\\/2022\\\/03\\\/08\\\/duje-santic-nedavno-sam-shvatio-kako-necemo-nikada-pronaci-tijelo-moga-oca-i-rijesiti-taj-slucaj\\\/\"},\"wordCount\":477,\"publisher\":{\"@id\":\"https:\\\/\\\/radioljubuski.ba\\\/#organization\"},\"image\":{\"@id\":\"https:\\\/\\\/radioljubuski.ba\\\/index.php\\\/2022\\\/03\\\/08\\\/duje-santic-nedavno-sam-shvatio-kako-necemo-nikada-pronaci-tijelo-moga-oca-i-rijesiti-taj-slucaj\\\/#primaryimage\"},\"thumbnailUrl\":\"https:\\\/\\\/radioljubuski.ba\\\/wp-content\\\/uploads\\\/2022\\\/03\\\/vlado_santic.jpg\",\"articleSection\":[\"BIH i regija\"],\"inLanguage\":\"hr\"},{\"@type\":\"WebPage\",\"@id\":\"https:\\\/\\\/radioljubuski.ba\\\/index.php\\\/2022\\\/03\\\/08\\\/duje-santic-nedavno-sam-shvatio-kako-necemo-nikada-pronaci-tijelo-moga-oca-i-rijesiti-taj-slucaj\\\/\",\"url\":\"https:\\\/\\\/radioljubuski.ba\\\/index.php\\\/2022\\\/03\\\/08\\\/duje-santic-nedavno-sam-shvatio-kako-necemo-nikada-pronaci-tijelo-moga-oca-i-rijesiti-taj-slucaj\\\/\",\"name\":\"Duje \u0160anti\u0107: Nedavno sam shvatio kako ne\u0107emo nikada prona\u0107i tijelo moga oca i rije\u0161iti taj slu\u010daj - RADIO LJUBU\u0160KI\",\"isPartOf\":{\"@id\":\"https:\\\/\\\/radioljubuski.ba\\\/#website\"},\"primaryImageOfPage\":{\"@id\":\"https:\\\/\\\/radioljubuski.ba\\\/index.php\\\/2022\\\/03\\\/08\\\/duje-santic-nedavno-sam-shvatio-kako-necemo-nikada-pronaci-tijelo-moga-oca-i-rijesiti-taj-slucaj\\\/#primaryimage\"},\"image\":{\"@id\":\"https:\\\/\\\/radioljubuski.ba\\\/index.php\\\/2022\\\/03\\\/08\\\/duje-santic-nedavno-sam-shvatio-kako-necemo-nikada-pronaci-tijelo-moga-oca-i-rijesiti-taj-slucaj\\\/#primaryimage\"},\"thumbnailUrl\":\"https:\\\/\\\/radioljubuski.ba\\\/wp-content\\\/uploads\\\/2022\\\/03\\\/vlado_santic.jpg\",\"datePublished\":\"2022-03-08T22:43:04+00:00\",\"dateModified\":\"2022-03-08T22:43:05+00:00\",\"breadcrumb\":{\"@id\":\"https:\\\/\\\/radioljubuski.ba\\\/index.php\\\/2022\\\/03\\\/08\\\/duje-santic-nedavno-sam-shvatio-kako-necemo-nikada-pronaci-tijelo-moga-oca-i-rijesiti-taj-slucaj\\\/#breadcrumb\"},\"inLanguage\":\"hr\",\"potentialAction\":[{\"@type\":\"ReadAction\",\"target\":[\"https:\\\/\\\/radioljubuski.ba\\\/index.php\\\/2022\\\/03\\\/08\\\/duje-santic-nedavno-sam-shvatio-kako-necemo-nikada-pronaci-tijelo-moga-oca-i-rijesiti-taj-slucaj\\\/\"]}]},{\"@type\":\"ImageObject\",\"inLanguage\":\"hr\",\"@id\":\"https:\\\/\\\/radioljubuski.ba\\\/index.php\\\/2022\\\/03\\\/08\\\/duje-santic-nedavno-sam-shvatio-kako-necemo-nikada-pronaci-tijelo-moga-oca-i-rijesiti-taj-slucaj\\\/#primaryimage\",\"url\":\"https:\\\/\\\/radioljubuski.ba\\\/wp-content\\\/uploads\\\/2022\\\/03\\\/vlado_santic.jpg\",\"contentUrl\":\"https:\\\/\\\/radioljubuski.ba\\\/wp-content\\\/uploads\\\/2022\\\/03\\\/vlado_santic.jpg\",\"width\":840,\"height\":470},{\"@type\":\"BreadcrumbList\",\"@id\":\"https:\\\/\\\/radioljubuski.ba\\\/index.php\\\/2022\\\/03\\\/08\\\/duje-santic-nedavno-sam-shvatio-kako-necemo-nikada-pronaci-tijelo-moga-oca-i-rijesiti-taj-slucaj\\\/#breadcrumb\",\"itemListElement\":[{\"@type\":\"ListItem\",\"position\":1,\"name\":\"Po\u010detna stranica\",\"item\":\"https:\\\/\\\/radioljubuski.ba\\\/\"},{\"@type\":\"ListItem\",\"position\":2,\"name\":\"Duje \u0160anti\u0107: Nedavno sam shvatio kako ne\u0107emo nikada prona\u0107i tijelo moga oca i rije\u0161iti taj slu\u010daj\"}]},{\"@type\":\"WebSite\",\"@id\":\"https:\\\/\\\/radioljubuski.ba\\\/#website\",\"url\":\"https:\\\/\\\/radioljubuski.ba\\\/\",\"name\":\"Radio Ljubu\u0161ki\",\"description\":\"Sun\u010dana frekvencija Hercegovine\",\"publisher\":{\"@id\":\"https:\\\/\\\/radioljubuski.ba\\\/#organization\"},\"potentialAction\":[{\"@type\":\"SearchAction\",\"target\":{\"@type\":\"EntryPoint\",\"urlTemplate\":\"https:\\\/\\\/radioljubuski.ba\\\/?s={search_term_string}\"},\"query-input\":{\"@type\":\"PropertyValueSpecification\",\"valueRequired\":true,\"valueName\":\"search_term_string\"}}],\"inLanguage\":\"hr\"},{\"@type\":\"Organization\",\"@id\":\"https:\\\/\\\/radioljubuski.ba\\\/#organization\",\"name\":\"Radio Ljubu\u0161ki\",\"url\":\"https:\\\/\\\/radioljubuski.ba\\\/\",\"logo\":{\"@type\":\"ImageObject\",\"inLanguage\":\"hr\",\"@id\":\"https:\\\/\\\/radioljubuski.ba\\\/#\\\/schema\\\/logo\\\/image\\\/\",\"url\":\"https:\\\/\\\/radioljubuski.ba\\\/wp-content\\\/uploads\\\/2021\\\/02\\\/cropped-Radio_Ljubuski_logo1.jpg\",\"contentUrl\":\"https:\\\/\\\/radioljubuski.ba\\\/wp-content\\\/uploads\\\/2021\\\/02\\\/cropped-Radio_Ljubuski_logo1.jpg\",\"width\":512,\"height\":512,\"caption\":\"Radio Ljubu\u0161ki\"},\"image\":{\"@id\":\"https:\\\/\\\/radioljubuski.ba\\\/#\\\/schema\\\/logo\\\/image\\\/\"},\"sameAs\":[\"https:\\\/\\\/www.facebook.com\\\/Radiio-Ljubuski-1490835324566332\",\"https:\\\/\\\/x.com\\\/radioljubuski\",\"https:\\\/\\\/hr.linkedin.com\\\/company\\\/radio-ljubuski\",\"https:\\\/\\\/www.youtube.com\\\/channel\\\/UCHYaeO_n0Db3tjNGudGpXyw\"]},{\"@type\":\"Person\",\"@id\":\"https:\\\/\\\/radioljubuski.ba\\\/#\\\/schema\\\/person\\\/19fc700381a780f69665d7956c469e3b\",\"name\":\"Radio Ljubu\u0161ki\"}]}<\/script>\n<!-- \/ Yoast SEO plugin. -->","yoast_head_json":{"title":"Duje \u0160anti\u0107: Nedavno sam shvatio kako ne\u0107emo nikada prona\u0107i tijelo moga oca i rije\u0161iti taj slu\u010daj - RADIO LJUBU\u0160KI","robots":{"index":"index","follow":"follow","max-snippet":"max-snippet:-1","max-image-preview":"max-image-preview:large","max-video-preview":"max-video-preview:-1"},"canonical":"https:\/\/radioljubuski.ba\/index.php\/2022\/03\/08\/duje-santic-nedavno-sam-shvatio-kako-necemo-nikada-pronaci-tijelo-moga-oca-i-rijesiti-taj-slucaj\/","og_locale":"hr_HR","og_type":"article","og_title":"Duje \u0160anti\u0107: Nedavno sam shvatio kako ne\u0107emo nikada prona\u0107i tijelo moga oca i rije\u0161iti taj slu\u010daj - RADIO LJUBU\u0160KI","og_description":"Sin generala HVO-a Vlade \u0160anti\u0107a Duje \u0160anti izjavio je kako vi\u0161e ne vjeruje da \u0107e prona\u0107i o\u010deve tjelesne ostatke i pokopati ih nakon \u0161to je na dana\u0161nji dan prije 27 godina netragom nestao nedaleko od Biha\u0107a, za \u0161to se odnedavno sudi skupini pripadnika bo\u0161nja\u010dke Armije BiH. \u201cNedavno sam shvatio kako ne\u0107emo nikada prona\u0107i njegovo tijelo [&hellip;]","og_url":"https:\/\/radioljubuski.ba\/index.php\/2022\/03\/08\/duje-santic-nedavno-sam-shvatio-kako-necemo-nikada-pronaci-tijelo-moga-oca-i-rijesiti-taj-slucaj\/","og_site_name":"RADIO LJUBU\u0160KI","article_publisher":"https:\/\/www.facebook.com\/Radiio-Ljubuski-1490835324566332","article_published_time":"2022-03-08T22:43:04+00:00","article_modified_time":"2022-03-08T22:43:05+00:00","og_image":[{"width":840,"height":470,"url":"https:\/\/radioljubuski.ba\/wp-content\/uploads\/2022\/03\/vlado_santic.jpg","type":"image\/jpeg"}],"author":"Radio Ljubu\u0161ki","twitter_card":"summary_large_image","twitter_creator":"@radioljubuski","twitter_site":"@radioljubuski","twitter_misc":{"Napisao\/la":"Radio Ljubu\u0161ki","Procijenjeno vrijeme \u010ditanja":"2 minute"},"schema":{"@context":"https:\/\/schema.org","@graph":[{"@type":"Article","@id":"https:\/\/radioljubuski.ba\/index.php\/2022\/03\/08\/duje-santic-nedavno-sam-shvatio-kako-necemo-nikada-pronaci-tijelo-moga-oca-i-rijesiti-taj-slucaj\/#article","isPartOf":{"@id":"https:\/\/radioljubuski.ba\/index.php\/2022\/03\/08\/duje-santic-nedavno-sam-shvatio-kako-necemo-nikada-pronaci-tijelo-moga-oca-i-rijesiti-taj-slucaj\/"},"author":{"name":"Radio Ljubu\u0161ki","@id":"https:\/\/radioljubuski.ba\/#\/schema\/person\/19fc700381a780f69665d7956c469e3b"},"headline":"Duje \u0160anti\u0107: Nedavno sam shvatio kako ne\u0107emo nikada prona\u0107i tijelo moga oca i rije\u0161iti taj slu\u010daj","datePublished":"2022-03-08T22:43:04+00:00","dateModified":"2022-03-08T22:43:05+00:00","mainEntityOfPage":{"@id":"https:\/\/radioljubuski.ba\/index.php\/2022\/03\/08\/duje-santic-nedavno-sam-shvatio-kako-necemo-nikada-pronaci-tijelo-moga-oca-i-rijesiti-taj-slucaj\/"},"wordCount":477,"publisher":{"@id":"https:\/\/radioljubuski.ba\/#organization"},"image":{"@id":"https:\/\/radioljubuski.ba\/index.php\/2022\/03\/08\/duje-santic-nedavno-sam-shvatio-kako-necemo-nikada-pronaci-tijelo-moga-oca-i-rijesiti-taj-slucaj\/#primaryimage"},"thumbnailUrl":"https:\/\/radioljubuski.ba\/wp-content\/uploads\/2022\/03\/vlado_santic.jpg","articleSection":["BIH i regija"],"inLanguage":"hr"},{"@type":"WebPage","@id":"https:\/\/radioljubuski.ba\/index.php\/2022\/03\/08\/duje-santic-nedavno-sam-shvatio-kako-necemo-nikada-pronaci-tijelo-moga-oca-i-rijesiti-taj-slucaj\/","url":"https:\/\/radioljubuski.ba\/index.php\/2022\/03\/08\/duje-santic-nedavno-sam-shvatio-kako-necemo-nikada-pronaci-tijelo-moga-oca-i-rijesiti-taj-slucaj\/","name":"Duje \u0160anti\u0107: Nedavno sam shvatio kako ne\u0107emo nikada prona\u0107i tijelo moga oca i rije\u0161iti taj slu\u010daj - RADIO LJUBU\u0160KI","isPartOf":{"@id":"https:\/\/radioljubuski.ba\/#website"},"primaryImageOfPage":{"@id":"https:\/\/radioljubuski.ba\/index.php\/2022\/03\/08\/duje-santic-nedavno-sam-shvatio-kako-necemo-nikada-pronaci-tijelo-moga-oca-i-rijesiti-taj-slucaj\/#primaryimage"},"image":{"@id":"https:\/\/radioljubuski.ba\/index.php\/2022\/03\/08\/duje-santic-nedavno-sam-shvatio-kako-necemo-nikada-pronaci-tijelo-moga-oca-i-rijesiti-taj-slucaj\/#primaryimage"},"thumbnailUrl":"https:\/\/radioljubuski.ba\/wp-content\/uploads\/2022\/03\/vlado_santic.jpg","datePublished":"2022-03-08T22:43:04+00:00","dateModified":"2022-03-08T22:43:05+00:00","breadcrumb":{"@id":"https:\/\/radioljubuski.ba\/index.php\/2022\/03\/08\/duje-santic-nedavno-sam-shvatio-kako-necemo-nikada-pronaci-tijelo-moga-oca-i-rijesiti-taj-slucaj\/#breadcrumb"},"inLanguage":"hr","potentialAction":[{"@type":"ReadAction","target":["https:\/\/radioljubuski.ba\/index.php\/2022\/03\/08\/duje-santic-nedavno-sam-shvatio-kako-necemo-nikada-pronaci-tijelo-moga-oca-i-rijesiti-taj-slucaj\/"]}]},{"@type":"ImageObject","inLanguage":"hr","@id":"https:\/\/radioljubuski.ba\/index.php\/2022\/03\/08\/duje-santic-nedavno-sam-shvatio-kako-necemo-nikada-pronaci-tijelo-moga-oca-i-rijesiti-taj-slucaj\/#primaryimage","url":"https:\/\/radioljubuski.ba\/wp-content\/uploads\/2022\/03\/vlado_santic.jpg","contentUrl":"https:\/\/radioljubuski.ba\/wp-content\/uploads\/2022\/03\/vlado_santic.jpg","width":840,"height":470},{"@type":"BreadcrumbList","@id":"https:\/\/radioljubuski.ba\/index.php\/2022\/03\/08\/duje-santic-nedavno-sam-shvatio-kako-necemo-nikada-pronaci-tijelo-moga-oca-i-rijesiti-taj-slucaj\/#breadcrumb","itemListElement":[{"@type":"ListItem","position":1,"name":"Po\u010detna stranica","item":"https:\/\/radioljubuski.ba\/"},{"@type":"ListItem","position":2,"name":"Duje \u0160anti\u0107: Nedavno sam shvatio kako ne\u0107emo nikada prona\u0107i tijelo moga oca i rije\u0161iti taj slu\u010daj"}]},{"@type":"WebSite","@id":"https:\/\/radioljubuski.ba\/#website","url":"https:\/\/radioljubuski.ba\/","name":"Radio Ljubu\u0161ki","description":"Sun\u010dana frekvencija Hercegovine","publisher":{"@id":"https:\/\/radioljubuski.ba\/#organization"},"potentialAction":[{"@type":"SearchAction","target":{"@type":"EntryPoint","urlTemplate":"https:\/\/radioljubuski.ba\/?s={search_term_string}"},"query-input":{"@type":"PropertyValueSpecification","valueRequired":true,"valueName":"search_term_string"}}],"inLanguage":"hr"},{"@type":"Organization","@id":"https:\/\/radioljubuski.ba\/#organization","name":"Radio Ljubu\u0161ki","url":"https:\/\/radioljubuski.ba\/","logo":{"@type":"ImageObject","inLanguage":"hr","@id":"https:\/\/radioljubuski.ba\/#\/schema\/logo\/image\/","url":"https:\/\/radioljubuski.ba\/wp-content\/uploads\/2021\/02\/cropped-Radio_Ljubuski_logo1.jpg","contentUrl":"https:\/\/radioljubuski.ba\/wp-content\/uploads\/2021\/02\/cropped-Radio_Ljubuski_logo1.jpg","width":512,"height":512,"caption":"Radio Ljubu\u0161ki"},"image":{"@id":"https:\/\/radioljubuski.ba\/#\/schema\/logo\/image\/"},"sameAs":["https:\/\/www.facebook.com\/Radiio-Ljubuski-1490835324566332","https:\/\/x.com\/radioljubuski","https:\/\/hr.linkedin.com\/company\/radio-ljubuski","https:\/\/www.youtube.com\/channel\/UCHYaeO_n0Db3tjNGudGpXyw"]},{"@type":"Person","@id":"https:\/\/radioljubuski.ba\/#\/schema\/person\/19fc700381a780f69665d7956c469e3b","name":"Radio Ljubu\u0161ki"}]}},"_links":{"self":[{"href":"https:\/\/radioljubuski.ba\/index.php\/wp-json\/wp\/v2\/posts\/119357","targetHints":{"allow":["GET"]}}],"collection":[{"href":"https:\/\/radioljubuski.ba\/index.php\/wp-json\/wp\/v2\/posts"}],"about":[{"href":"https:\/\/radioljubuski.ba\/index.php\/wp-json\/wp\/v2\/types\/post"}],"author":[{"embeddable":true,"href":"https:\/\/radioljubuski.ba\/index.php\/wp-json\/wp\/v2\/users\/2"}],"replies":[{"embeddable":true,"href":"https:\/\/radioljubuski.ba\/index.php\/wp-json\/wp\/v2\/comments?post=119357"}],"version-history":[{"count":1,"href":"https:\/\/radioljubuski.ba\/index.php\/wp-json\/wp\/v2\/posts\/119357\/revisions"}],"predecessor-version":[{"id":119359,"href":"https:\/\/radioljubuski.ba\/index.php\/wp-json\/wp\/v2\/posts\/119357\/revisions\/119359"}],"wp:featuredmedia":[{"embeddable":true,"href":"https:\/\/radioljubuski.ba\/index.php\/wp-json\/wp\/v2\/media\/119358"}],"wp:attachment":[{"href":"https:\/\/radioljubuski.ba\/index.php\/wp-json\/wp\/v2\/media?parent=119357"}],"wp:term":[{"taxonomy":"category","embeddable":true,"href":"https:\/\/radioljubuski.ba\/index.php\/wp-json\/wp\/v2\/categories?post=119357"},{"taxonomy":"post_tag","embeddable":true,"href":"https:\/\/radioljubuski.ba\/index.php\/wp-json\/wp\/v2\/tags?post=119357"}],"curies":[{"name":"wp","href":"https:\/\/api.w.org\/{rel}","templated":true}]}}