{"id":119360,"date":"2022-03-08T23:44:00","date_gmt":"2022-03-08T22:44:00","guid":{"rendered":"https:\/\/radioljubuski.ba\/?p=119360"},"modified":"2022-03-08T23:44:02","modified_gmt":"2022-03-08T22:44:02","slug":"suica-u-ovom-sukobu-ne-moze-se-biti-nesvrstan-radi-se-na-tome-da-se-izborni-zakon-konacno-usvoji-i-tenzije-smire","status":"publish","type":"post","link":"https:\/\/radioljubuski.ba\/index.php\/2022\/03\/08\/suica-u-ovom-sukobu-ne-moze-se-biti-nesvrstan-radi-se-na-tome-da-se-izborni-zakon-konacno-usvoji-i-tenzije-smire\/","title":{"rendered":"\u0160uica: U ovom sukobu ne mo\u017ee se biti nesvrstan, radi se na tome da se Izborni zakon kona\u010dno usvoji i tenzije smire"},"content":{"rendered":"\n<p><strong>Potpredsjednica Europske komisije Dubravka \u0160uica kazala je da je Bosna i Hercegovina vrlo va\u017ena za Europsku uniju, ali i da je ona vru\u0107i krompir, te da se radi na tome da se tenzije smire.<\/strong><\/p>\n\n\n\n<p>Ona je za&nbsp;<a href=\"https:\/\/ba.n1info.com\/vijesti\/zastupnica-ep-bih-je-vruci-krompir-evidentno-je-da-rusi-imaju-utjecaj-u-rs\/?ref=push&amp;fbclid=IwAR1a12kqD9YtIPTA6HNMGyGBAUXHs4RbxRqTl4fCMc65cCP75Pw3pvz2CPU\" target=\"_blank\" rel=\"noreferrer noopener\">N1<\/a>&nbsp;istakla kako europarlamentarci rade na tome da se Izborni zakon u BiH kona\u010dno usvoji te da Hrvati budu jednakopravni.<\/p>\n\n\n\n<p><strong>Sredstva i alati<\/strong><\/p>\n\n\n\n<p>Govore\u0107i o sukobima u Ukrajini i mogu\u0107em \u201cprelijevanju sukoba na zapadni Balkana\u201d, kazala je kako ne vjeruje da \u0107e do toga do\u0107i.<\/p>\n\n\n\n<p>\u2013 Vjerujem da ima toliko razboritosti kod lidera da se to ne\u0107e dogoditi, iako je utjecaj Rusije evidentan u jednom dijelu BiH. Mislim na Republiku Srpsku \u2013 kazala je \u0160uica.<\/p>\n\n\n\n<p>Navodi kako je Europska unija ponekad bila malo naivna jer nije vjerovala da \u0107e invazija koja se dogodila Ukrajini imati toliki intenzitet, ali da sada imaju sredstva i puno alata na svojoj strani.<\/p>\n\n\n\n<p><strong>Novi paket sankcija<\/strong><\/p>\n\n\n\n<p>Komentiraju\u0107i stav Srbije u ovoj situaciji, \u0160uica je kazala kako se \u201cne mo\u017ee sjediti na dvije stolice\u201d.<\/p>\n\n\n\n<p>\u2013 Moraju podr\u017eati sankcije, u protivnom nisam sigurna da su na dobrom europskom putu. Nije dovoljno \u0161to su osudili. Nema prostora za biti nesvrstan. To vrijeme je iza nas. Svi se moramo svrstati i znati tko je na pozitivnoj strani povijesti, a tko na negativnoj \u2013 rekla je \u0160uica.<\/p>\n\n\n\n<p>Danas \u0107e u EP raspravljati o migrantskoj krizi i na\u010dinu kako osna\u017eiti Europu, u smislu da li se udaljiti od ruskih izvora. \u0160uica je kazala kako se priprema i novi paket sankcija za Rusiju.<\/p>\n\n\n\n<p>\/HMS\/<\/p>\n","protected":false},"excerpt":{"rendered":"<p>Potpredsjednica Europske komisije Dubravka \u0160uica kazala je da je Bosna i Hercegovina vrlo va\u017ena za Europsku uniju, ali i da je ona vru\u0107i krompir, te da se radi na tome da se tenzije smire. Ona je za&nbsp;N1&nbsp;istakla kako europarlamentarci rade na tome da se Izborni zakon u BiH kona\u010dno usvoji te da Hrvati budu jednakopravni. [&hellip;]<\/p>\n","protected":false},"author":2,"featured_media":119361,"comment_status":"closed","ping_status":"closed","sticky":false,"template":"","format":"standard","meta":{"h5ap_radio_sources":[],"footnotes":""},"categories":[1],"tags":[],"class_list":["post-119360","post","type-post","status-publish","format-standard","has-post-thumbnail","hentry","category-bihiregija"],"yoast_head":"<!-- This site is optimized with the Yoast SEO plugin v27.5 - https:\/\/yoast.com\/product\/yoast-seo-wordpress\/ -->\n<title>\u0160uica: U ovom sukobu ne mo\u017ee se biti nesvrstan, radi se na tome da se Izborni zakon kona\u010dno usvoji i tenzije smire - RADIO LJUBU\u0160KI<\/title>\n<meta name=\"robots\" content=\"index, follow, max-snippet:-1, max-image-preview:large, max-video-preview:-1\" \/>\n<link rel=\"canonical\" href=\"https:\/\/radioljubuski.ba\/index.php\/2022\/03\/08\/suica-u-ovom-sukobu-ne-moze-se-biti-nesvrstan-radi-se-na-tome-da-se-izborni-zakon-konacno-usvoji-i-tenzije-smire\/\" \/>\n<meta property=\"og:locale\" content=\"hr_HR\" \/>\n<meta property=\"og:type\" content=\"article\" \/>\n<meta property=\"og:title\" content=\"\u0160uica: U ovom sukobu ne mo\u017ee se biti nesvrstan, radi se na tome da se Izborni zakon kona\u010dno usvoji i tenzije smire - RADIO LJUBU\u0160KI\" \/>\n<meta property=\"og:description\" content=\"Potpredsjednica Europske komisije Dubravka \u0160uica kazala je da je Bosna i Hercegovina vrlo va\u017ena za Europsku uniju, ali i da je ona vru\u0107i krompir, te da se radi na tome da se tenzije smire. Ona je za&nbsp;N1&nbsp;istakla kako europarlamentarci rade na tome da se Izborni zakon u BiH kona\u010dno usvoji te da Hrvati budu jednakopravni. [&hellip;]\" \/>\n<meta property=\"og:url\" content=\"https:\/\/radioljubuski.ba\/index.php\/2022\/03\/08\/suica-u-ovom-sukobu-ne-moze-se-biti-nesvrstan-radi-se-na-tome-da-se-izborni-zakon-konacno-usvoji-i-tenzije-smire\/\" \/>\n<meta property=\"og:site_name\" content=\"RADIO LJUBU\u0160KI\" \/>\n<meta property=\"article:publisher\" content=\"https:\/\/www.facebook.com\/Radiio-Ljubuski-1490835324566332\" \/>\n<meta property=\"article:published_time\" content=\"2022-03-08T22:44:00+00:00\" \/>\n<meta property=\"article:modified_time\" content=\"2022-03-08T22:44:02+00:00\" \/>\n<meta property=\"og:image\" content=\"https:\/\/radioljubuski.ba\/wp-content\/uploads\/2022\/03\/suica.jpg\" \/>\n\t<meta property=\"og:image:width\" content=\"750\" \/>\n\t<meta property=\"og:image:height\" content=\"465\" \/>\n\t<meta property=\"og:image:type\" content=\"image\/jpeg\" \/>\n<meta name=\"author\" content=\"Radio Ljubu\u0161ki\" \/>\n<meta name=\"twitter:card\" content=\"summary_large_image\" \/>\n<meta name=\"twitter:creator\" content=\"@radioljubuski\" \/>\n<meta name=\"twitter:site\" content=\"@radioljubuski\" \/>\n<meta name=\"twitter:label1\" content=\"Napisao\/la\" \/>\n\t<meta name=\"twitter:data1\" content=\"Radio Ljubu\u0161ki\" \/>\n\t<meta name=\"twitter:label2\" content=\"Procijenjeno vrijeme \u010ditanja\" \/>\n\t<meta name=\"twitter:data2\" content=\"2 minute\" \/>\n<script type=\"application\/ld+json\" class=\"yoast-schema-graph\">{\"@context\":\"https:\\\/\\\/schema.org\",\"@graph\":[{\"@type\":\"Article\",\"@id\":\"https:\\\/\\\/radioljubuski.ba\\\/index.php\\\/2022\\\/03\\\/08\\\/suica-u-ovom-sukobu-ne-moze-se-biti-nesvrstan-radi-se-na-tome-da-se-izborni-zakon-konacno-usvoji-i-tenzije-smire\\\/#article\",\"isPartOf\":{\"@id\":\"https:\\\/\\\/radioljubuski.ba\\\/index.php\\\/2022\\\/03\\\/08\\\/suica-u-ovom-sukobu-ne-moze-se-biti-nesvrstan-radi-se-na-tome-da-se-izborni-zakon-konacno-usvoji-i-tenzije-smire\\\/\"},\"author\":{\"name\":\"Radio Ljubu\u0161ki\",\"@id\":\"https:\\\/\\\/radioljubuski.ba\\\/#\\\/schema\\\/person\\\/19fc700381a780f69665d7956c469e3b\"},\"headline\":\"\u0160uica: U ovom sukobu ne mo\u017ee se biti nesvrstan, radi se na tome da se Izborni zakon kona\u010dno usvoji i tenzije smire\",\"datePublished\":\"2022-03-08T22:44:00+00:00\",\"dateModified\":\"2022-03-08T22:44:02+00:00\",\"mainEntityOfPage\":{\"@id\":\"https:\\\/\\\/radioljubuski.ba\\\/index.php\\\/2022\\\/03\\\/08\\\/suica-u-ovom-sukobu-ne-moze-se-biti-nesvrstan-radi-se-na-tome-da-se-izborni-zakon-konacno-usvoji-i-tenzije-smire\\\/\"},\"wordCount\":283,\"publisher\":{\"@id\":\"https:\\\/\\\/radioljubuski.ba\\\/#organization\"},\"image\":{\"@id\":\"https:\\\/\\\/radioljubuski.ba\\\/index.php\\\/2022\\\/03\\\/08\\\/suica-u-ovom-sukobu-ne-moze-se-biti-nesvrstan-radi-se-na-tome-da-se-izborni-zakon-konacno-usvoji-i-tenzije-smire\\\/#primaryimage\"},\"thumbnailUrl\":\"https:\\\/\\\/radioljubuski.ba\\\/wp-content\\\/uploads\\\/2022\\\/03\\\/suica.jpg\",\"articleSection\":[\"BIH i regija\"],\"inLanguage\":\"hr\"},{\"@type\":\"WebPage\",\"@id\":\"https:\\\/\\\/radioljubuski.ba\\\/index.php\\\/2022\\\/03\\\/08\\\/suica-u-ovom-sukobu-ne-moze-se-biti-nesvrstan-radi-se-na-tome-da-se-izborni-zakon-konacno-usvoji-i-tenzije-smire\\\/\",\"url\":\"https:\\\/\\\/radioljubuski.ba\\\/index.php\\\/2022\\\/03\\\/08\\\/suica-u-ovom-sukobu-ne-moze-se-biti-nesvrstan-radi-se-na-tome-da-se-izborni-zakon-konacno-usvoji-i-tenzije-smire\\\/\",\"name\":\"\u0160uica: U ovom sukobu ne mo\u017ee se biti nesvrstan, radi se na tome da se Izborni zakon kona\u010dno usvoji i tenzije smire - RADIO LJUBU\u0160KI\",\"isPartOf\":{\"@id\":\"https:\\\/\\\/radioljubuski.ba\\\/#website\"},\"primaryImageOfPage\":{\"@id\":\"https:\\\/\\\/radioljubuski.ba\\\/index.php\\\/2022\\\/03\\\/08\\\/suica-u-ovom-sukobu-ne-moze-se-biti-nesvrstan-radi-se-na-tome-da-se-izborni-zakon-konacno-usvoji-i-tenzije-smire\\\/#primaryimage\"},\"image\":{\"@id\":\"https:\\\/\\\/radioljubuski.ba\\\/index.php\\\/2022\\\/03\\\/08\\\/suica-u-ovom-sukobu-ne-moze-se-biti-nesvrstan-radi-se-na-tome-da-se-izborni-zakon-konacno-usvoji-i-tenzije-smire\\\/#primaryimage\"},\"thumbnailUrl\":\"https:\\\/\\\/radioljubuski.ba\\\/wp-content\\\/uploads\\\/2022\\\/03\\\/suica.jpg\",\"datePublished\":\"2022-03-08T22:44:00+00:00\",\"dateModified\":\"2022-03-08T22:44:02+00:00\",\"breadcrumb\":{\"@id\":\"https:\\\/\\\/radioljubuski.ba\\\/index.php\\\/2022\\\/03\\\/08\\\/suica-u-ovom-sukobu-ne-moze-se-biti-nesvrstan-radi-se-na-tome-da-se-izborni-zakon-konacno-usvoji-i-tenzije-smire\\\/#breadcrumb\"},\"inLanguage\":\"hr\",\"potentialAction\":[{\"@type\":\"ReadAction\",\"target\":[\"https:\\\/\\\/radioljubuski.ba\\\/index.php\\\/2022\\\/03\\\/08\\\/suica-u-ovom-sukobu-ne-moze-se-biti-nesvrstan-radi-se-na-tome-da-se-izborni-zakon-konacno-usvoji-i-tenzije-smire\\\/\"]}]},{\"@type\":\"ImageObject\",\"inLanguage\":\"hr\",\"@id\":\"https:\\\/\\\/radioljubuski.ba\\\/index.php\\\/2022\\\/03\\\/08\\\/suica-u-ovom-sukobu-ne-moze-se-biti-nesvrstan-radi-se-na-tome-da-se-izborni-zakon-konacno-usvoji-i-tenzije-smire\\\/#primaryimage\",\"url\":\"https:\\\/\\\/radioljubuski.ba\\\/wp-content\\\/uploads\\\/2022\\\/03\\\/suica.jpg\",\"contentUrl\":\"https:\\\/\\\/radioljubuski.ba\\\/wp-content\\\/uploads\\\/2022\\\/03\\\/suica.jpg\",\"width\":750,\"height\":465},{\"@type\":\"BreadcrumbList\",\"@id\":\"https:\\\/\\\/radioljubuski.ba\\\/index.php\\\/2022\\\/03\\\/08\\\/suica-u-ovom-sukobu-ne-moze-se-biti-nesvrstan-radi-se-na-tome-da-se-izborni-zakon-konacno-usvoji-i-tenzije-smire\\\/#breadcrumb\",\"itemListElement\":[{\"@type\":\"ListItem\",\"position\":1,\"name\":\"Po\u010detna stranica\",\"item\":\"https:\\\/\\\/radioljubuski.ba\\\/\"},{\"@type\":\"ListItem\",\"position\":2,\"name\":\"\u0160uica: U ovom sukobu ne mo\u017ee se biti nesvrstan, radi se na tome da se Izborni zakon kona\u010dno usvoji i tenzije smire\"}]},{\"@type\":\"WebSite\",\"@id\":\"https:\\\/\\\/radioljubuski.ba\\\/#website\",\"url\":\"https:\\\/\\\/radioljubuski.ba\\\/\",\"name\":\"Radio Ljubu\u0161ki\",\"description\":\"Sun\u010dana frekvencija Hercegovine\",\"publisher\":{\"@id\":\"https:\\\/\\\/radioljubuski.ba\\\/#organization\"},\"potentialAction\":[{\"@type\":\"SearchAction\",\"target\":{\"@type\":\"EntryPoint\",\"urlTemplate\":\"https:\\\/\\\/radioljubuski.ba\\\/?s={search_term_string}\"},\"query-input\":{\"@type\":\"PropertyValueSpecification\",\"valueRequired\":true,\"valueName\":\"search_term_string\"}}],\"inLanguage\":\"hr\"},{\"@type\":\"Organization\",\"@id\":\"https:\\\/\\\/radioljubuski.ba\\\/#organization\",\"name\":\"Radio Ljubu\u0161ki\",\"url\":\"https:\\\/\\\/radioljubuski.ba\\\/\",\"logo\":{\"@type\":\"ImageObject\",\"inLanguage\":\"hr\",\"@id\":\"https:\\\/\\\/radioljubuski.ba\\\/#\\\/schema\\\/logo\\\/image\\\/\",\"url\":\"https:\\\/\\\/radioljubuski.ba\\\/wp-content\\\/uploads\\\/2021\\\/02\\\/cropped-Radio_Ljubuski_logo1.jpg\",\"contentUrl\":\"https:\\\/\\\/radioljubuski.ba\\\/wp-content\\\/uploads\\\/2021\\\/02\\\/cropped-Radio_Ljubuski_logo1.jpg\",\"width\":512,\"height\":512,\"caption\":\"Radio Ljubu\u0161ki\"},\"image\":{\"@id\":\"https:\\\/\\\/radioljubuski.ba\\\/#\\\/schema\\\/logo\\\/image\\\/\"},\"sameAs\":[\"https:\\\/\\\/www.facebook.com\\\/Radiio-Ljubuski-1490835324566332\",\"https:\\\/\\\/x.com\\\/radioljubuski\",\"https:\\\/\\\/hr.linkedin.com\\\/company\\\/radio-ljubuski\",\"https:\\\/\\\/www.youtube.com\\\/channel\\\/UCHYaeO_n0Db3tjNGudGpXyw\"]},{\"@type\":\"Person\",\"@id\":\"https:\\\/\\\/radioljubuski.ba\\\/#\\\/schema\\\/person\\\/19fc700381a780f69665d7956c469e3b\",\"name\":\"Radio Ljubu\u0161ki\"}]}<\/script>\n<!-- \/ Yoast SEO plugin. -->","yoast_head_json":{"title":"\u0160uica: U ovom sukobu ne mo\u017ee se biti nesvrstan, radi se na tome da se Izborni zakon kona\u010dno usvoji i tenzije smire - RADIO LJUBU\u0160KI","robots":{"index":"index","follow":"follow","max-snippet":"max-snippet:-1","max-image-preview":"max-image-preview:large","max-video-preview":"max-video-preview:-1"},"canonical":"https:\/\/radioljubuski.ba\/index.php\/2022\/03\/08\/suica-u-ovom-sukobu-ne-moze-se-biti-nesvrstan-radi-se-na-tome-da-se-izborni-zakon-konacno-usvoji-i-tenzije-smire\/","og_locale":"hr_HR","og_type":"article","og_title":"\u0160uica: U ovom sukobu ne mo\u017ee se biti nesvrstan, radi se na tome da se Izborni zakon kona\u010dno usvoji i tenzije smire - RADIO LJUBU\u0160KI","og_description":"Potpredsjednica Europske komisije Dubravka \u0160uica kazala je da je Bosna i Hercegovina vrlo va\u017ena za Europsku uniju, ali i da je ona vru\u0107i krompir, te da se radi na tome da se tenzije smire. Ona je za&nbsp;N1&nbsp;istakla kako europarlamentarci rade na tome da se Izborni zakon u BiH kona\u010dno usvoji te da Hrvati budu jednakopravni. [&hellip;]","og_url":"https:\/\/radioljubuski.ba\/index.php\/2022\/03\/08\/suica-u-ovom-sukobu-ne-moze-se-biti-nesvrstan-radi-se-na-tome-da-se-izborni-zakon-konacno-usvoji-i-tenzije-smire\/","og_site_name":"RADIO LJUBU\u0160KI","article_publisher":"https:\/\/www.facebook.com\/Radiio-Ljubuski-1490835324566332","article_published_time":"2022-03-08T22:44:00+00:00","article_modified_time":"2022-03-08T22:44:02+00:00","og_image":[{"width":750,"height":465,"url":"https:\/\/radioljubuski.ba\/wp-content\/uploads\/2022\/03\/suica.jpg","type":"image\/jpeg"}],"author":"Radio Ljubu\u0161ki","twitter_card":"summary_large_image","twitter_creator":"@radioljubuski","twitter_site":"@radioljubuski","twitter_misc":{"Napisao\/la":"Radio Ljubu\u0161ki","Procijenjeno vrijeme \u010ditanja":"2 minute"},"schema":{"@context":"https:\/\/schema.org","@graph":[{"@type":"Article","@id":"https:\/\/radioljubuski.ba\/index.php\/2022\/03\/08\/suica-u-ovom-sukobu-ne-moze-se-biti-nesvrstan-radi-se-na-tome-da-se-izborni-zakon-konacno-usvoji-i-tenzije-smire\/#article","isPartOf":{"@id":"https:\/\/radioljubuski.ba\/index.php\/2022\/03\/08\/suica-u-ovom-sukobu-ne-moze-se-biti-nesvrstan-radi-se-na-tome-da-se-izborni-zakon-konacno-usvoji-i-tenzije-smire\/"},"author":{"name":"Radio Ljubu\u0161ki","@id":"https:\/\/radioljubuski.ba\/#\/schema\/person\/19fc700381a780f69665d7956c469e3b"},"headline":"\u0160uica: U ovom sukobu ne mo\u017ee se biti nesvrstan, radi se na tome da se Izborni zakon kona\u010dno usvoji i tenzije smire","datePublished":"2022-03-08T22:44:00+00:00","dateModified":"2022-03-08T22:44:02+00:00","mainEntityOfPage":{"@id":"https:\/\/radioljubuski.ba\/index.php\/2022\/03\/08\/suica-u-ovom-sukobu-ne-moze-se-biti-nesvrstan-radi-se-na-tome-da-se-izborni-zakon-konacno-usvoji-i-tenzije-smire\/"},"wordCount":283,"publisher":{"@id":"https:\/\/radioljubuski.ba\/#organization"},"image":{"@id":"https:\/\/radioljubuski.ba\/index.php\/2022\/03\/08\/suica-u-ovom-sukobu-ne-moze-se-biti-nesvrstan-radi-se-na-tome-da-se-izborni-zakon-konacno-usvoji-i-tenzije-smire\/#primaryimage"},"thumbnailUrl":"https:\/\/radioljubuski.ba\/wp-content\/uploads\/2022\/03\/suica.jpg","articleSection":["BIH i regija"],"inLanguage":"hr"},{"@type":"WebPage","@id":"https:\/\/radioljubuski.ba\/index.php\/2022\/03\/08\/suica-u-ovom-sukobu-ne-moze-se-biti-nesvrstan-radi-se-na-tome-da-se-izborni-zakon-konacno-usvoji-i-tenzije-smire\/","url":"https:\/\/radioljubuski.ba\/index.php\/2022\/03\/08\/suica-u-ovom-sukobu-ne-moze-se-biti-nesvrstan-radi-se-na-tome-da-se-izborni-zakon-konacno-usvoji-i-tenzije-smire\/","name":"\u0160uica: U ovom sukobu ne mo\u017ee se biti nesvrstan, radi se na tome da se Izborni zakon kona\u010dno usvoji i tenzije smire - RADIO LJUBU\u0160KI","isPartOf":{"@id":"https:\/\/radioljubuski.ba\/#website"},"primaryImageOfPage":{"@id":"https:\/\/radioljubuski.ba\/index.php\/2022\/03\/08\/suica-u-ovom-sukobu-ne-moze-se-biti-nesvrstan-radi-se-na-tome-da-se-izborni-zakon-konacno-usvoji-i-tenzije-smire\/#primaryimage"},"image":{"@id":"https:\/\/radioljubuski.ba\/index.php\/2022\/03\/08\/suica-u-ovom-sukobu-ne-moze-se-biti-nesvrstan-radi-se-na-tome-da-se-izborni-zakon-konacno-usvoji-i-tenzije-smire\/#primaryimage"},"thumbnailUrl":"https:\/\/radioljubuski.ba\/wp-content\/uploads\/2022\/03\/suica.jpg","datePublished":"2022-03-08T22:44:00+00:00","dateModified":"2022-03-08T22:44:02+00:00","breadcrumb":{"@id":"https:\/\/radioljubuski.ba\/index.php\/2022\/03\/08\/suica-u-ovom-sukobu-ne-moze-se-biti-nesvrstan-radi-se-na-tome-da-se-izborni-zakon-konacno-usvoji-i-tenzije-smire\/#breadcrumb"},"inLanguage":"hr","potentialAction":[{"@type":"ReadAction","target":["https:\/\/radioljubuski.ba\/index.php\/2022\/03\/08\/suica-u-ovom-sukobu-ne-moze-se-biti-nesvrstan-radi-se-na-tome-da-se-izborni-zakon-konacno-usvoji-i-tenzije-smire\/"]}]},{"@type":"ImageObject","inLanguage":"hr","@id":"https:\/\/radioljubuski.ba\/index.php\/2022\/03\/08\/suica-u-ovom-sukobu-ne-moze-se-biti-nesvrstan-radi-se-na-tome-da-se-izborni-zakon-konacno-usvoji-i-tenzije-smire\/#primaryimage","url":"https:\/\/radioljubuski.ba\/wp-content\/uploads\/2022\/03\/suica.jpg","contentUrl":"https:\/\/radioljubuski.ba\/wp-content\/uploads\/2022\/03\/suica.jpg","width":750,"height":465},{"@type":"BreadcrumbList","@id":"https:\/\/radioljubuski.ba\/index.php\/2022\/03\/08\/suica-u-ovom-sukobu-ne-moze-se-biti-nesvrstan-radi-se-na-tome-da-se-izborni-zakon-konacno-usvoji-i-tenzije-smire\/#breadcrumb","itemListElement":[{"@type":"ListItem","position":1,"name":"Po\u010detna stranica","item":"https:\/\/radioljubuski.ba\/"},{"@type":"ListItem","position":2,"name":"\u0160uica: U ovom sukobu ne mo\u017ee se biti nesvrstan, radi se na tome da se Izborni zakon kona\u010dno usvoji i tenzije smire"}]},{"@type":"WebSite","@id":"https:\/\/radioljubuski.ba\/#website","url":"https:\/\/radioljubuski.ba\/","name":"Radio Ljubu\u0161ki","description":"Sun\u010dana frekvencija Hercegovine","publisher":{"@id":"https:\/\/radioljubuski.ba\/#organization"},"potentialAction":[{"@type":"SearchAction","target":{"@type":"EntryPoint","urlTemplate":"https:\/\/radioljubuski.ba\/?s={search_term_string}"},"query-input":{"@type":"PropertyValueSpecification","valueRequired":true,"valueName":"search_term_string"}}],"inLanguage":"hr"},{"@type":"Organization","@id":"https:\/\/radioljubuski.ba\/#organization","name":"Radio Ljubu\u0161ki","url":"https:\/\/radioljubuski.ba\/","logo":{"@type":"ImageObject","inLanguage":"hr","@id":"https:\/\/radioljubuski.ba\/#\/schema\/logo\/image\/","url":"https:\/\/radioljubuski.ba\/wp-content\/uploads\/2021\/02\/cropped-Radio_Ljubuski_logo1.jpg","contentUrl":"https:\/\/radioljubuski.ba\/wp-content\/uploads\/2021\/02\/cropped-Radio_Ljubuski_logo1.jpg","width":512,"height":512,"caption":"Radio Ljubu\u0161ki"},"image":{"@id":"https:\/\/radioljubuski.ba\/#\/schema\/logo\/image\/"},"sameAs":["https:\/\/www.facebook.com\/Radiio-Ljubuski-1490835324566332","https:\/\/x.com\/radioljubuski","https:\/\/hr.linkedin.com\/company\/radio-ljubuski","https:\/\/www.youtube.com\/channel\/UCHYaeO_n0Db3tjNGudGpXyw"]},{"@type":"Person","@id":"https:\/\/radioljubuski.ba\/#\/schema\/person\/19fc700381a780f69665d7956c469e3b","name":"Radio Ljubu\u0161ki"}]}},"_links":{"self":[{"href":"https:\/\/radioljubuski.ba\/index.php\/wp-json\/wp\/v2\/posts\/119360","targetHints":{"allow":["GET"]}}],"collection":[{"href":"https:\/\/radioljubuski.ba\/index.php\/wp-json\/wp\/v2\/posts"}],"about":[{"href":"https:\/\/radioljubuski.ba\/index.php\/wp-json\/wp\/v2\/types\/post"}],"author":[{"embeddable":true,"href":"https:\/\/radioljubuski.ba\/index.php\/wp-json\/wp\/v2\/users\/2"}],"replies":[{"embeddable":true,"href":"https:\/\/radioljubuski.ba\/index.php\/wp-json\/wp\/v2\/comments?post=119360"}],"version-history":[{"count":1,"href":"https:\/\/radioljubuski.ba\/index.php\/wp-json\/wp\/v2\/posts\/119360\/revisions"}],"predecessor-version":[{"id":119362,"href":"https:\/\/radioljubuski.ba\/index.php\/wp-json\/wp\/v2\/posts\/119360\/revisions\/119362"}],"wp:featuredmedia":[{"embeddable":true,"href":"https:\/\/radioljubuski.ba\/index.php\/wp-json\/wp\/v2\/media\/119361"}],"wp:attachment":[{"href":"https:\/\/radioljubuski.ba\/index.php\/wp-json\/wp\/v2\/media?parent=119360"}],"wp:term":[{"taxonomy":"category","embeddable":true,"href":"https:\/\/radioljubuski.ba\/index.php\/wp-json\/wp\/v2\/categories?post=119360"},{"taxonomy":"post_tag","embeddable":true,"href":"https:\/\/radioljubuski.ba\/index.php\/wp-json\/wp\/v2\/tags?post=119360"}],"curies":[{"name":"wp","href":"https:\/\/api.w.org\/{rel}","templated":true}]}}