{"id":119363,"date":"2022-03-08T23:45:11","date_gmt":"2022-03-08T22:45:11","guid":{"rendered":"https:\/\/radioljubuski.ba\/?p=119363"},"modified":"2022-03-08T23:45:11","modified_gmt":"2022-03-08T22:45:11","slug":"covic-izrazio-solidarnost-i-potporu-ukrajinskim-izbjeglicama-u-medugorju","status":"publish","type":"post","link":"https:\/\/radioljubuski.ba\/index.php\/2022\/03\/08\/covic-izrazio-solidarnost-i-potporu-ukrajinskim-izbjeglicama-u-medugorju\/","title":{"rendered":"\u010covi\u0107 izrazio solidarnost i potporu ukrajinskim izbjeglicama u Me\u0111ugorju"},"content":{"rendered":"\n<p><strong>Predsjednik HDZ-a BiH i predsjedatelj Doma naroda Parlamentarne skup\u0161tine BiH dr. Dragan \u010covi\u0107 danas je u pratnji na\u010delnika op\u0107ine \u010citluk, Marina Radi\u0161i\u0107a, posjetio izbjeglice iz ratom pogo\u0111ene Ukrajine, koje su svoje uto\u010di\u0161te prona\u0161li u Me\u0111ugorju, prenosi Hrvatski Medijski Servis.&nbsp;<\/strong><\/p>\n\n\n\n<p>Jedno od najpoznatijih sveti\u0161ta, ovih dana postalo je uto\u010di\u0161tem vi\u0161e grupa \u017eene i djece, koje pristi\u017eu iz ratom pogo\u0111ene Ukrajine a smje\u0161teni su u hotele i druge turisti\u010dke objekte.<\/p>\n\n\n\n<p>Turisti\u010dki djelatnici pozvali su Ukrajince u Me\u0111ugorje u znak solidarnosti, tako da ih svakim danom pristi\u017ee sve vi\u0161e.<\/p>\n\n\n\n<figure class=\"wp-block-image\"><img decoding=\"async\" src=\"https:\/\/hms.ba\/wp-content\/uploads\/2022\/03\/IMG-20220308-WA0028.jpg\" alt=\"\"\/><\/figure>\n\n\n\n<p>Na\u010delnik Radi\u0161i\u0107 je istaknuo kako \u010dlanovi Crvenog kri\u017ea svakodnevno posje\u0107uju izbjeglice iz Ukrajine smje\u0161tene u Me\u0111ugorju. Poku\u0161avaju na sve na\u010dine pomo\u0107i, te pru\u017eiti materijalnu-tehni\u010dku potporu.<\/p>\n\n\n\n<p>Tako\u0111er, prezentirao je sve poduzete aktivnosti, kao i pripremu o daljnjim planiranim aktivnostima Crvenog kri\u017ea, posebno kroz sljede\u0107e dane kad se o\u010dekuje znatniji broj izbjeglica iz Ukrajine.<\/p>\n\n\n\n<p>-Trenutno imaju sve uvijete za ugodan boravak u Me\u0111ugorju, a osigurano je i pru\u017eanje psiholo\u0161ke pomo\u0107, naglasio je Radi\u0161i\u0107.<\/p>\n\n\n\n<p>Uz na\u010delnika op\u0107ine, na odr\u017eanom sastanku nazo\u010dili su i Ante Spaji\u0107, Crveni kri\u017e op\u0107ine \u010citluk te Davor Ljubi\u0107, predsjednik Udruge turizma, hotelijerstva i iznajmljiva\u010da soba Me\u0111ugorje.<\/p>\n\n\n\n<p>\u010covi\u0107 je izrazio podr\u0161ku i solidarnost s ukrajinskim narodom, uz poziv za prekidom ruskog ratnog pohoda, i prihva\u0107anju politike razuma i dijaloga.<\/p>\n\n\n\n<p>\u201eU ovim te\u0161kim vremenima za Ukrajinu, va\u017eno je biti uz ljude, pomo\u0107i im, i na kraju kada prestane ratna agresija, tra\u017eiti najjednostavnije rje\u0161enje kako ljude vratiti u svoje domove. Danas svi imamo jedan cilj, kako pomo\u0107i i organizirati pomo\u0107, ne raditi to stihijski, jer u tome slu\u010daju mo\u017ee biti vi\u0161e \u0161tete nego koristi. Pozivam sve one koji mogu pomo\u0107i, da svojim anga\u017emanom maksimalno doprinesu kako bi se pomoglo izbjeglim obiteljima i majkama s djecom. Tako\u0111er, o\u010dekujemo od doma\u0107ih i me\u0111unarodnih institucija dodatne napore i pozornost kako bi se, zbog razmjera ove katastrofe, njene posljedice, po izbjegle obitelji, maksimalno reducirale\u201c, kazao je&nbsp; \u010covi\u0107 te dodao:<\/p>\n\n\n\n<p>\u201eDu\u017enosnici HDZ-a BiH i Hrvatskog narodnog sabora, svih razina izvr\u0161ne i zakonodavne vlasti, dr\u017eavne, entitetske, preko \u017eupanijskih i lokalnih razina, shodno svojim nadle\u017enostima, pozvani su da sudjeluju te donesu adekvatne i pravovremene mjere pomo\u0107i i solidarnosti s Ukrajinom. \u017durno moramo imati i plan zbrinjavanja za prognane i izbjegle te pru\u017eanju lije\u010dni\u010dke skrbi za sve \u017ertve ove nerazumne agresije, koja se i dalje nastavlja i \u010dije posljedice mnogi osje\u0107aju\u201c, istaknuo je \u010covi\u0107.<\/p>\n\n\n\n<p>\/HMS\/<\/p>\n","protected":false},"excerpt":{"rendered":"<p>Predsjednik HDZ-a BiH i predsjedatelj Doma naroda Parlamentarne skup\u0161tine BiH dr. Dragan \u010covi\u0107 danas je u pratnji na\u010delnika op\u0107ine \u010citluk, Marina Radi\u0161i\u0107a, posjetio izbjeglice iz ratom pogo\u0111ene Ukrajine, koje su svoje uto\u010di\u0161te prona\u0161li u Me\u0111ugorju, prenosi Hrvatski Medijski Servis.&nbsp; Jedno od najpoznatijih sveti\u0161ta, ovih dana postalo je uto\u010di\u0161tem vi\u0161e grupa \u017eene i djece, koje pristi\u017eu [&hellip;]<\/p>\n","protected":false},"author":2,"featured_media":119364,"comment_status":"closed","ping_status":"closed","sticky":false,"template":"","format":"standard","meta":{"h5ap_radio_sources":[],"footnotes":""},"categories":[1],"tags":[],"class_list":["post-119363","post","type-post","status-publish","format-standard","has-post-thumbnail","hentry","category-bihiregija"],"yoast_head":"<!-- This site is optimized with the Yoast SEO plugin v27.5 - https:\/\/yoast.com\/product\/yoast-seo-wordpress\/ -->\n<title>\u010covi\u0107 izrazio solidarnost i potporu ukrajinskim izbjeglicama u Me\u0111ugorju - RADIO LJUBU\u0160KI<\/title>\n<meta name=\"robots\" content=\"index, follow, max-snippet:-1, max-image-preview:large, max-video-preview:-1\" \/>\n<link rel=\"canonical\" href=\"https:\/\/radioljubuski.ba\/index.php\/2022\/03\/08\/covic-izrazio-solidarnost-i-potporu-ukrajinskim-izbjeglicama-u-medugorju\/\" \/>\n<meta property=\"og:locale\" content=\"hr_HR\" \/>\n<meta property=\"og:type\" content=\"article\" \/>\n<meta property=\"og:title\" content=\"\u010covi\u0107 izrazio solidarnost i potporu ukrajinskim izbjeglicama u Me\u0111ugorju - RADIO LJUBU\u0160KI\" \/>\n<meta property=\"og:description\" content=\"Predsjednik HDZ-a BiH i predsjedatelj Doma naroda Parlamentarne skup\u0161tine BiH dr. Dragan \u010covi\u0107 danas je u pratnji na\u010delnika op\u0107ine \u010citluk, Marina Radi\u0161i\u0107a, posjetio izbjeglice iz ratom pogo\u0111ene Ukrajine, koje su svoje uto\u010di\u0161te prona\u0161li u Me\u0111ugorju, prenosi Hrvatski Medijski Servis.&nbsp; Jedno od najpoznatijih sveti\u0161ta, ovih dana postalo je uto\u010di\u0161tem vi\u0161e grupa \u017eene i djece, koje pristi\u017eu [&hellip;]\" \/>\n<meta property=\"og:url\" content=\"https:\/\/radioljubuski.ba\/index.php\/2022\/03\/08\/covic-izrazio-solidarnost-i-potporu-ukrajinskim-izbjeglicama-u-medugorju\/\" \/>\n<meta property=\"og:site_name\" content=\"RADIO LJUBU\u0160KI\" \/>\n<meta property=\"article:publisher\" content=\"https:\/\/www.facebook.com\/Radiio-Ljubuski-1490835324566332\" \/>\n<meta property=\"article:published_time\" content=\"2022-03-08T22:45:11+00:00\" \/>\n<meta property=\"og:image\" content=\"https:\/\/radioljubuski.ba\/wp-content\/uploads\/2022\/03\/IMG-20220308-WA0029.jpg\" \/>\n\t<meta property=\"og:image:width\" content=\"1024\" \/>\n\t<meta property=\"og:image:height\" content=\"480\" \/>\n\t<meta property=\"og:image:type\" content=\"image\/jpeg\" \/>\n<meta name=\"author\" content=\"Radio Ljubu\u0161ki\" \/>\n<meta name=\"twitter:card\" content=\"summary_large_image\" \/>\n<meta name=\"twitter:creator\" content=\"@radioljubuski\" \/>\n<meta name=\"twitter:site\" content=\"@radioljubuski\" \/>\n<meta name=\"twitter:label1\" content=\"Napisao\/la\" \/>\n\t<meta name=\"twitter:data1\" content=\"Radio Ljubu\u0161ki\" \/>\n\t<meta name=\"twitter:label2\" content=\"Procijenjeno vrijeme \u010ditanja\" \/>\n\t<meta name=\"twitter:data2\" content=\"2 minute\" \/>\n<script type=\"application\/ld+json\" class=\"yoast-schema-graph\">{\"@context\":\"https:\\\/\\\/schema.org\",\"@graph\":[{\"@type\":\"Article\",\"@id\":\"https:\\\/\\\/radioljubuski.ba\\\/index.php\\\/2022\\\/03\\\/08\\\/covic-izrazio-solidarnost-i-potporu-ukrajinskim-izbjeglicama-u-medugorju\\\/#article\",\"isPartOf\":{\"@id\":\"https:\\\/\\\/radioljubuski.ba\\\/index.php\\\/2022\\\/03\\\/08\\\/covic-izrazio-solidarnost-i-potporu-ukrajinskim-izbjeglicama-u-medugorju\\\/\"},\"author\":{\"name\":\"Radio Ljubu\u0161ki\",\"@id\":\"https:\\\/\\\/radioljubuski.ba\\\/#\\\/schema\\\/person\\\/19fc700381a780f69665d7956c469e3b\"},\"headline\":\"\u010covi\u0107 izrazio solidarnost i potporu ukrajinskim izbjeglicama u Me\u0111ugorju\",\"datePublished\":\"2022-03-08T22:45:11+00:00\",\"mainEntityOfPage\":{\"@id\":\"https:\\\/\\\/radioljubuski.ba\\\/index.php\\\/2022\\\/03\\\/08\\\/covic-izrazio-solidarnost-i-potporu-ukrajinskim-izbjeglicama-u-medugorju\\\/\"},\"wordCount\":467,\"publisher\":{\"@id\":\"https:\\\/\\\/radioljubuski.ba\\\/#organization\"},\"image\":{\"@id\":\"https:\\\/\\\/radioljubuski.ba\\\/index.php\\\/2022\\\/03\\\/08\\\/covic-izrazio-solidarnost-i-potporu-ukrajinskim-izbjeglicama-u-medugorju\\\/#primaryimage\"},\"thumbnailUrl\":\"https:\\\/\\\/radioljubuski.ba\\\/wp-content\\\/uploads\\\/2022\\\/03\\\/IMG-20220308-WA0029.jpg\",\"articleSection\":[\"BIH i regija\"],\"inLanguage\":\"hr\"},{\"@type\":\"WebPage\",\"@id\":\"https:\\\/\\\/radioljubuski.ba\\\/index.php\\\/2022\\\/03\\\/08\\\/covic-izrazio-solidarnost-i-potporu-ukrajinskim-izbjeglicama-u-medugorju\\\/\",\"url\":\"https:\\\/\\\/radioljubuski.ba\\\/index.php\\\/2022\\\/03\\\/08\\\/covic-izrazio-solidarnost-i-potporu-ukrajinskim-izbjeglicama-u-medugorju\\\/\",\"name\":\"\u010covi\u0107 izrazio solidarnost i potporu ukrajinskim izbjeglicama u Me\u0111ugorju - RADIO LJUBU\u0160KI\",\"isPartOf\":{\"@id\":\"https:\\\/\\\/radioljubuski.ba\\\/#website\"},\"primaryImageOfPage\":{\"@id\":\"https:\\\/\\\/radioljubuski.ba\\\/index.php\\\/2022\\\/03\\\/08\\\/covic-izrazio-solidarnost-i-potporu-ukrajinskim-izbjeglicama-u-medugorju\\\/#primaryimage\"},\"image\":{\"@id\":\"https:\\\/\\\/radioljubuski.ba\\\/index.php\\\/2022\\\/03\\\/08\\\/covic-izrazio-solidarnost-i-potporu-ukrajinskim-izbjeglicama-u-medugorju\\\/#primaryimage\"},\"thumbnailUrl\":\"https:\\\/\\\/radioljubuski.ba\\\/wp-content\\\/uploads\\\/2022\\\/03\\\/IMG-20220308-WA0029.jpg\",\"datePublished\":\"2022-03-08T22:45:11+00:00\",\"breadcrumb\":{\"@id\":\"https:\\\/\\\/radioljubuski.ba\\\/index.php\\\/2022\\\/03\\\/08\\\/covic-izrazio-solidarnost-i-potporu-ukrajinskim-izbjeglicama-u-medugorju\\\/#breadcrumb\"},\"inLanguage\":\"hr\",\"potentialAction\":[{\"@type\":\"ReadAction\",\"target\":[\"https:\\\/\\\/radioljubuski.ba\\\/index.php\\\/2022\\\/03\\\/08\\\/covic-izrazio-solidarnost-i-potporu-ukrajinskim-izbjeglicama-u-medugorju\\\/\"]}]},{\"@type\":\"ImageObject\",\"inLanguage\":\"hr\",\"@id\":\"https:\\\/\\\/radioljubuski.ba\\\/index.php\\\/2022\\\/03\\\/08\\\/covic-izrazio-solidarnost-i-potporu-ukrajinskim-izbjeglicama-u-medugorju\\\/#primaryimage\",\"url\":\"https:\\\/\\\/radioljubuski.ba\\\/wp-content\\\/uploads\\\/2022\\\/03\\\/IMG-20220308-WA0029.jpg\",\"contentUrl\":\"https:\\\/\\\/radioljubuski.ba\\\/wp-content\\\/uploads\\\/2022\\\/03\\\/IMG-20220308-WA0029.jpg\",\"width\":1024,\"height\":480},{\"@type\":\"BreadcrumbList\",\"@id\":\"https:\\\/\\\/radioljubuski.ba\\\/index.php\\\/2022\\\/03\\\/08\\\/covic-izrazio-solidarnost-i-potporu-ukrajinskim-izbjeglicama-u-medugorju\\\/#breadcrumb\",\"itemListElement\":[{\"@type\":\"ListItem\",\"position\":1,\"name\":\"Po\u010detna stranica\",\"item\":\"https:\\\/\\\/radioljubuski.ba\\\/\"},{\"@type\":\"ListItem\",\"position\":2,\"name\":\"\u010covi\u0107 izrazio solidarnost i potporu ukrajinskim izbjeglicama u Me\u0111ugorju\"}]},{\"@type\":\"WebSite\",\"@id\":\"https:\\\/\\\/radioljubuski.ba\\\/#website\",\"url\":\"https:\\\/\\\/radioljubuski.ba\\\/\",\"name\":\"Radio Ljubu\u0161ki\",\"description\":\"Sun\u010dana frekvencija Hercegovine\",\"publisher\":{\"@id\":\"https:\\\/\\\/radioljubuski.ba\\\/#organization\"},\"potentialAction\":[{\"@type\":\"SearchAction\",\"target\":{\"@type\":\"EntryPoint\",\"urlTemplate\":\"https:\\\/\\\/radioljubuski.ba\\\/?s={search_term_string}\"},\"query-input\":{\"@type\":\"PropertyValueSpecification\",\"valueRequired\":true,\"valueName\":\"search_term_string\"}}],\"inLanguage\":\"hr\"},{\"@type\":\"Organization\",\"@id\":\"https:\\\/\\\/radioljubuski.ba\\\/#organization\",\"name\":\"Radio Ljubu\u0161ki\",\"url\":\"https:\\\/\\\/radioljubuski.ba\\\/\",\"logo\":{\"@type\":\"ImageObject\",\"inLanguage\":\"hr\",\"@id\":\"https:\\\/\\\/radioljubuski.ba\\\/#\\\/schema\\\/logo\\\/image\\\/\",\"url\":\"https:\\\/\\\/radioljubuski.ba\\\/wp-content\\\/uploads\\\/2021\\\/02\\\/cropped-Radio_Ljubuski_logo1.jpg\",\"contentUrl\":\"https:\\\/\\\/radioljubuski.ba\\\/wp-content\\\/uploads\\\/2021\\\/02\\\/cropped-Radio_Ljubuski_logo1.jpg\",\"width\":512,\"height\":512,\"caption\":\"Radio Ljubu\u0161ki\"},\"image\":{\"@id\":\"https:\\\/\\\/radioljubuski.ba\\\/#\\\/schema\\\/logo\\\/image\\\/\"},\"sameAs\":[\"https:\\\/\\\/www.facebook.com\\\/Radiio-Ljubuski-1490835324566332\",\"https:\\\/\\\/x.com\\\/radioljubuski\",\"https:\\\/\\\/hr.linkedin.com\\\/company\\\/radio-ljubuski\",\"https:\\\/\\\/www.youtube.com\\\/channel\\\/UCHYaeO_n0Db3tjNGudGpXyw\"]},{\"@type\":\"Person\",\"@id\":\"https:\\\/\\\/radioljubuski.ba\\\/#\\\/schema\\\/person\\\/19fc700381a780f69665d7956c469e3b\",\"name\":\"Radio Ljubu\u0161ki\"}]}<\/script>\n<!-- \/ Yoast SEO plugin. -->","yoast_head_json":{"title":"\u010covi\u0107 izrazio solidarnost i potporu ukrajinskim izbjeglicama u Me\u0111ugorju - RADIO LJUBU\u0160KI","robots":{"index":"index","follow":"follow","max-snippet":"max-snippet:-1","max-image-preview":"max-image-preview:large","max-video-preview":"max-video-preview:-1"},"canonical":"https:\/\/radioljubuski.ba\/index.php\/2022\/03\/08\/covic-izrazio-solidarnost-i-potporu-ukrajinskim-izbjeglicama-u-medugorju\/","og_locale":"hr_HR","og_type":"article","og_title":"\u010covi\u0107 izrazio solidarnost i potporu ukrajinskim izbjeglicama u Me\u0111ugorju - RADIO LJUBU\u0160KI","og_description":"Predsjednik HDZ-a BiH i predsjedatelj Doma naroda Parlamentarne skup\u0161tine BiH dr. Dragan \u010covi\u0107 danas je u pratnji na\u010delnika op\u0107ine \u010citluk, Marina Radi\u0161i\u0107a, posjetio izbjeglice iz ratom pogo\u0111ene Ukrajine, koje su svoje uto\u010di\u0161te prona\u0161li u Me\u0111ugorju, prenosi Hrvatski Medijski Servis.&nbsp; Jedno od najpoznatijih sveti\u0161ta, ovih dana postalo je uto\u010di\u0161tem vi\u0161e grupa \u017eene i djece, koje pristi\u017eu [&hellip;]","og_url":"https:\/\/radioljubuski.ba\/index.php\/2022\/03\/08\/covic-izrazio-solidarnost-i-potporu-ukrajinskim-izbjeglicama-u-medugorju\/","og_site_name":"RADIO LJUBU\u0160KI","article_publisher":"https:\/\/www.facebook.com\/Radiio-Ljubuski-1490835324566332","article_published_time":"2022-03-08T22:45:11+00:00","og_image":[{"width":1024,"height":480,"url":"https:\/\/radioljubuski.ba\/wp-content\/uploads\/2022\/03\/IMG-20220308-WA0029.jpg","type":"image\/jpeg"}],"author":"Radio Ljubu\u0161ki","twitter_card":"summary_large_image","twitter_creator":"@radioljubuski","twitter_site":"@radioljubuski","twitter_misc":{"Napisao\/la":"Radio Ljubu\u0161ki","Procijenjeno vrijeme \u010ditanja":"2 minute"},"schema":{"@context":"https:\/\/schema.org","@graph":[{"@type":"Article","@id":"https:\/\/radioljubuski.ba\/index.php\/2022\/03\/08\/covic-izrazio-solidarnost-i-potporu-ukrajinskim-izbjeglicama-u-medugorju\/#article","isPartOf":{"@id":"https:\/\/radioljubuski.ba\/index.php\/2022\/03\/08\/covic-izrazio-solidarnost-i-potporu-ukrajinskim-izbjeglicama-u-medugorju\/"},"author":{"name":"Radio Ljubu\u0161ki","@id":"https:\/\/radioljubuski.ba\/#\/schema\/person\/19fc700381a780f69665d7956c469e3b"},"headline":"\u010covi\u0107 izrazio solidarnost i potporu ukrajinskim izbjeglicama u Me\u0111ugorju","datePublished":"2022-03-08T22:45:11+00:00","mainEntityOfPage":{"@id":"https:\/\/radioljubuski.ba\/index.php\/2022\/03\/08\/covic-izrazio-solidarnost-i-potporu-ukrajinskim-izbjeglicama-u-medugorju\/"},"wordCount":467,"publisher":{"@id":"https:\/\/radioljubuski.ba\/#organization"},"image":{"@id":"https:\/\/radioljubuski.ba\/index.php\/2022\/03\/08\/covic-izrazio-solidarnost-i-potporu-ukrajinskim-izbjeglicama-u-medugorju\/#primaryimage"},"thumbnailUrl":"https:\/\/radioljubuski.ba\/wp-content\/uploads\/2022\/03\/IMG-20220308-WA0029.jpg","articleSection":["BIH i regija"],"inLanguage":"hr"},{"@type":"WebPage","@id":"https:\/\/radioljubuski.ba\/index.php\/2022\/03\/08\/covic-izrazio-solidarnost-i-potporu-ukrajinskim-izbjeglicama-u-medugorju\/","url":"https:\/\/radioljubuski.ba\/index.php\/2022\/03\/08\/covic-izrazio-solidarnost-i-potporu-ukrajinskim-izbjeglicama-u-medugorju\/","name":"\u010covi\u0107 izrazio solidarnost i potporu ukrajinskim izbjeglicama u Me\u0111ugorju - RADIO LJUBU\u0160KI","isPartOf":{"@id":"https:\/\/radioljubuski.ba\/#website"},"primaryImageOfPage":{"@id":"https:\/\/radioljubuski.ba\/index.php\/2022\/03\/08\/covic-izrazio-solidarnost-i-potporu-ukrajinskim-izbjeglicama-u-medugorju\/#primaryimage"},"image":{"@id":"https:\/\/radioljubuski.ba\/index.php\/2022\/03\/08\/covic-izrazio-solidarnost-i-potporu-ukrajinskim-izbjeglicama-u-medugorju\/#primaryimage"},"thumbnailUrl":"https:\/\/radioljubuski.ba\/wp-content\/uploads\/2022\/03\/IMG-20220308-WA0029.jpg","datePublished":"2022-03-08T22:45:11+00:00","breadcrumb":{"@id":"https:\/\/radioljubuski.ba\/index.php\/2022\/03\/08\/covic-izrazio-solidarnost-i-potporu-ukrajinskim-izbjeglicama-u-medugorju\/#breadcrumb"},"inLanguage":"hr","potentialAction":[{"@type":"ReadAction","target":["https:\/\/radioljubuski.ba\/index.php\/2022\/03\/08\/covic-izrazio-solidarnost-i-potporu-ukrajinskim-izbjeglicama-u-medugorju\/"]}]},{"@type":"ImageObject","inLanguage":"hr","@id":"https:\/\/radioljubuski.ba\/index.php\/2022\/03\/08\/covic-izrazio-solidarnost-i-potporu-ukrajinskim-izbjeglicama-u-medugorju\/#primaryimage","url":"https:\/\/radioljubuski.ba\/wp-content\/uploads\/2022\/03\/IMG-20220308-WA0029.jpg","contentUrl":"https:\/\/radioljubuski.ba\/wp-content\/uploads\/2022\/03\/IMG-20220308-WA0029.jpg","width":1024,"height":480},{"@type":"BreadcrumbList","@id":"https:\/\/radioljubuski.ba\/index.php\/2022\/03\/08\/covic-izrazio-solidarnost-i-potporu-ukrajinskim-izbjeglicama-u-medugorju\/#breadcrumb","itemListElement":[{"@type":"ListItem","position":1,"name":"Po\u010detna stranica","item":"https:\/\/radioljubuski.ba\/"},{"@type":"ListItem","position":2,"name":"\u010covi\u0107 izrazio solidarnost i potporu ukrajinskim izbjeglicama u Me\u0111ugorju"}]},{"@type":"WebSite","@id":"https:\/\/radioljubuski.ba\/#website","url":"https:\/\/radioljubuski.ba\/","name":"Radio Ljubu\u0161ki","description":"Sun\u010dana frekvencija Hercegovine","publisher":{"@id":"https:\/\/radioljubuski.ba\/#organization"},"potentialAction":[{"@type":"SearchAction","target":{"@type":"EntryPoint","urlTemplate":"https:\/\/radioljubuski.ba\/?s={search_term_string}"},"query-input":{"@type":"PropertyValueSpecification","valueRequired":true,"valueName":"search_term_string"}}],"inLanguage":"hr"},{"@type":"Organization","@id":"https:\/\/radioljubuski.ba\/#organization","name":"Radio Ljubu\u0161ki","url":"https:\/\/radioljubuski.ba\/","logo":{"@type":"ImageObject","inLanguage":"hr","@id":"https:\/\/radioljubuski.ba\/#\/schema\/logo\/image\/","url":"https:\/\/radioljubuski.ba\/wp-content\/uploads\/2021\/02\/cropped-Radio_Ljubuski_logo1.jpg","contentUrl":"https:\/\/radioljubuski.ba\/wp-content\/uploads\/2021\/02\/cropped-Radio_Ljubuski_logo1.jpg","width":512,"height":512,"caption":"Radio Ljubu\u0161ki"},"image":{"@id":"https:\/\/radioljubuski.ba\/#\/schema\/logo\/image\/"},"sameAs":["https:\/\/www.facebook.com\/Radiio-Ljubuski-1490835324566332","https:\/\/x.com\/radioljubuski","https:\/\/hr.linkedin.com\/company\/radio-ljubuski","https:\/\/www.youtube.com\/channel\/UCHYaeO_n0Db3tjNGudGpXyw"]},{"@type":"Person","@id":"https:\/\/radioljubuski.ba\/#\/schema\/person\/19fc700381a780f69665d7956c469e3b","name":"Radio Ljubu\u0161ki"}]}},"_links":{"self":[{"href":"https:\/\/radioljubuski.ba\/index.php\/wp-json\/wp\/v2\/posts\/119363","targetHints":{"allow":["GET"]}}],"collection":[{"href":"https:\/\/radioljubuski.ba\/index.php\/wp-json\/wp\/v2\/posts"}],"about":[{"href":"https:\/\/radioljubuski.ba\/index.php\/wp-json\/wp\/v2\/types\/post"}],"author":[{"embeddable":true,"href":"https:\/\/radioljubuski.ba\/index.php\/wp-json\/wp\/v2\/users\/2"}],"replies":[{"embeddable":true,"href":"https:\/\/radioljubuski.ba\/index.php\/wp-json\/wp\/v2\/comments?post=119363"}],"version-history":[{"count":1,"href":"https:\/\/radioljubuski.ba\/index.php\/wp-json\/wp\/v2\/posts\/119363\/revisions"}],"predecessor-version":[{"id":119365,"href":"https:\/\/radioljubuski.ba\/index.php\/wp-json\/wp\/v2\/posts\/119363\/revisions\/119365"}],"wp:featuredmedia":[{"embeddable":true,"href":"https:\/\/radioljubuski.ba\/index.php\/wp-json\/wp\/v2\/media\/119364"}],"wp:attachment":[{"href":"https:\/\/radioljubuski.ba\/index.php\/wp-json\/wp\/v2\/media?parent=119363"}],"wp:term":[{"taxonomy":"category","embeddable":true,"href":"https:\/\/radioljubuski.ba\/index.php\/wp-json\/wp\/v2\/categories?post=119363"},{"taxonomy":"post_tag","embeddable":true,"href":"https:\/\/radioljubuski.ba\/index.php\/wp-json\/wp\/v2\/tags?post=119363"}],"curies":[{"name":"wp","href":"https:\/\/api.w.org\/{rel}","templated":true}]}}