{"id":119372,"date":"2022-03-08T23:48:15","date_gmt":"2022-03-08T22:48:15","guid":{"rendered":"https:\/\/radioljubuski.ba\/?p=119372"},"modified":"2022-03-08T23:48:16","modified_gmt":"2022-03-08T22:48:16","slug":"zovko-ucinimo-bih-uspjesnom-pricom-kroz-konacnu-izmjenu-izbornog-zakona","status":"publish","type":"post","link":"https:\/\/radioljubuski.ba\/index.php\/2022\/03\/08\/zovko-ucinimo-bih-uspjesnom-pricom-kroz-konacnu-izmjenu-izbornog-zakona\/","title":{"rendered":"Zovko: U\u010dinimo BiH uspje\u0161nom pri\u010dom kroz kona\u010dnu izmjenu Izbornog zakona"},"content":{"rendered":"\n<p><strong>Tijekom ovomjese\u010dne plenarne sjednice Europskog parlamenta, zastupnici su raspravljali o stanju u Bosni i Hercegovini. Plenarna rasprava je zapo\u010dela izjavom povjerenika V\u00e1rhelyija, nakon \u010dega je rije\u010d preuzelo nekoliko \u010dlanova razli\u010ditih politi\u010dkih skupina, prenosi Hrvatski Medijski Servis.<\/strong><\/p>\n\n\n\n<p>Potpredsjednica Odbora za vanjske poslove (AFET) Europskog parlamenta \u017deljana Zovko tako\u0111er je sudjelovala u raspravi, gdje je istaknula va\u017enost \u0161to \u017eurnijeg napretka u pregovorima za Izborni zakon u Bosni i Hercegovini. Navela je da bi plenarna rasprava trebala poslu\u017eiti kao javni poziv politi\u010dkim \u010delnicima da rije\u0161e stvarni problem s kojim se zemlja suo\u010dava uo\u010di izbora.<\/p>\n\n\n\n<p>Pritom je naglasila da bi upravo gra\u0111ani Bosne i Hercegovine sa svojim bira\u010dkim pravom, a ne me\u0111unarodna zajednica, trebali sankcionirati politi\u010dare za njihov rad u posljednjih nekoliko godina, a koji uklju\u010duje ratnu, separatisti\u010dku i unitaristi\u010dku retoriku. To se, smatra Zovko, mo\u017ee dogoditi isklju\u010divo kori\u0161tenjem jedinog mogu\u0107eg alata kojeg je izumilo demokratsko dru\u0161tvo, funkcionalnog Izbornog zakona izmijenjenog u skladu s ustavnim i me\u0111unarodnim sudskim odlukama.<\/p>\n\n\n\n<p>Zovko se u svom izlaganju dotaknula i Mostarskog sporazuma. \u201cGra\u0111ani Mostara dvanaest godina nisu imali privilegiju birati svoje du\u017enosnike zbog oklijevanja me\u0111unarodne zajednice da iznjedri rje\u0161enje. Sada je Mostar primjer politi\u010dkog uspjeha. U\u010dinimo Bosnu i Hercegovinu i njezin Izborni zakon uspje\u0161nim i dajmo ljudima priliku da iskoriste vlastito bira\u010dko pravo koje itekako zaslu\u017euju, jer je svaki glas va\u017ean\u201d \u2013 zaklju\u010dila je Zovko.<\/p>\n\n\n\n<p>Odbor za vanjske poslove Europskog parlamenta sljede\u0107i \u0107e tjedan biti doma\u0107in temeljitih saslu\u0161anja o Bosni i Hercegovini s politi\u010dkim \u010delnicima iz zemlje i predstavnicima Izaslanstva Europske unije.<\/p>\n\n\n\n<p>\/HMS\/<\/p>\n","protected":false},"excerpt":{"rendered":"<p>Tijekom ovomjese\u010dne plenarne sjednice Europskog parlamenta, zastupnici su raspravljali o stanju u Bosni i Hercegovini. Plenarna rasprava je zapo\u010dela izjavom povjerenika V\u00e1rhelyija, nakon \u010dega je rije\u010d preuzelo nekoliko \u010dlanova razli\u010ditih politi\u010dkih skupina, prenosi Hrvatski Medijski Servis. Potpredsjednica Odbora za vanjske poslove (AFET) Europskog parlamenta \u017deljana Zovko tako\u0111er je sudjelovala u raspravi, gdje je istaknula va\u017enost [&hellip;]<\/p>\n","protected":false},"author":2,"featured_media":119373,"comment_status":"closed","ping_status":"closed","sticky":false,"template":"","format":"standard","meta":{"h5ap_radio_sources":[],"footnotes":""},"categories":[1],"tags":[],"class_list":["post-119372","post","type-post","status-publish","format-standard","has-post-thumbnail","hentry","category-bihiregija"],"yoast_head":"<!-- This site is optimized with the Yoast SEO plugin v27.5 - https:\/\/yoast.com\/product\/yoast-seo-wordpress\/ -->\n<title>Zovko: U\u010dinimo BiH uspje\u0161nom pri\u010dom kroz kona\u010dnu izmjenu Izbornog zakona - RADIO LJUBU\u0160KI<\/title>\n<meta name=\"robots\" content=\"index, follow, max-snippet:-1, max-image-preview:large, max-video-preview:-1\" \/>\n<link rel=\"canonical\" href=\"https:\/\/radioljubuski.ba\/index.php\/2022\/03\/08\/zovko-ucinimo-bih-uspjesnom-pricom-kroz-konacnu-izmjenu-izbornog-zakona\/\" \/>\n<meta property=\"og:locale\" content=\"hr_HR\" \/>\n<meta property=\"og:type\" content=\"article\" \/>\n<meta property=\"og:title\" content=\"Zovko: U\u010dinimo BiH uspje\u0161nom pri\u010dom kroz kona\u010dnu izmjenu Izbornog zakona - RADIO LJUBU\u0160KI\" \/>\n<meta property=\"og:description\" content=\"Tijekom ovomjese\u010dne plenarne sjednice Europskog parlamenta, zastupnici su raspravljali o stanju u Bosni i Hercegovini. Plenarna rasprava je zapo\u010dela izjavom povjerenika V\u00e1rhelyija, nakon \u010dega je rije\u010d preuzelo nekoliko \u010dlanova razli\u010ditih politi\u010dkih skupina, prenosi Hrvatski Medijski Servis. Potpredsjednica Odbora za vanjske poslove (AFET) Europskog parlamenta \u017deljana Zovko tako\u0111er je sudjelovala u raspravi, gdje je istaknula va\u017enost [&hellip;]\" \/>\n<meta property=\"og:url\" content=\"https:\/\/radioljubuski.ba\/index.php\/2022\/03\/08\/zovko-ucinimo-bih-uspjesnom-pricom-kroz-konacnu-izmjenu-izbornog-zakona\/\" \/>\n<meta property=\"og:site_name\" content=\"RADIO LJUBU\u0160KI\" \/>\n<meta property=\"article:publisher\" content=\"https:\/\/www.facebook.com\/Radiio-Ljubuski-1490835324566332\" \/>\n<meta property=\"article:published_time\" content=\"2022-03-08T22:48:15+00:00\" \/>\n<meta property=\"article:modified_time\" content=\"2022-03-08T22:48:16+00:00\" \/>\n<meta property=\"og:image\" content=\"https:\/\/radioljubuski.ba\/wp-content\/uploads\/2022\/03\/ZovkoStrasbourg-1068x712-1.jpg\" \/>\n\t<meta property=\"og:image:width\" content=\"1068\" \/>\n\t<meta property=\"og:image:height\" content=\"712\" \/>\n\t<meta property=\"og:image:type\" content=\"image\/jpeg\" \/>\n<meta name=\"author\" content=\"Radio Ljubu\u0161ki\" \/>\n<meta name=\"twitter:card\" content=\"summary_large_image\" \/>\n<meta name=\"twitter:creator\" content=\"@radioljubuski\" \/>\n<meta name=\"twitter:site\" content=\"@radioljubuski\" \/>\n<meta name=\"twitter:label1\" content=\"Napisao\/la\" \/>\n\t<meta name=\"twitter:data1\" content=\"Radio Ljubu\u0161ki\" \/>\n\t<meta name=\"twitter:label2\" content=\"Procijenjeno vrijeme \u010ditanja\" \/>\n\t<meta name=\"twitter:data2\" content=\"2 minute\" \/>\n<script type=\"application\/ld+json\" class=\"yoast-schema-graph\">{\"@context\":\"https:\\\/\\\/schema.org\",\"@graph\":[{\"@type\":\"Article\",\"@id\":\"https:\\\/\\\/radioljubuski.ba\\\/index.php\\\/2022\\\/03\\\/08\\\/zovko-ucinimo-bih-uspjesnom-pricom-kroz-konacnu-izmjenu-izbornog-zakona\\\/#article\",\"isPartOf\":{\"@id\":\"https:\\\/\\\/radioljubuski.ba\\\/index.php\\\/2022\\\/03\\\/08\\\/zovko-ucinimo-bih-uspjesnom-pricom-kroz-konacnu-izmjenu-izbornog-zakona\\\/\"},\"author\":{\"name\":\"Radio Ljubu\u0161ki\",\"@id\":\"https:\\\/\\\/radioljubuski.ba\\\/#\\\/schema\\\/person\\\/19fc700381a780f69665d7956c469e3b\"},\"headline\":\"Zovko: U\u010dinimo BiH uspje\u0161nom pri\u010dom kroz kona\u010dnu izmjenu Izbornog zakona\",\"datePublished\":\"2022-03-08T22:48:15+00:00\",\"dateModified\":\"2022-03-08T22:48:16+00:00\",\"mainEntityOfPage\":{\"@id\":\"https:\\\/\\\/radioljubuski.ba\\\/index.php\\\/2022\\\/03\\\/08\\\/zovko-ucinimo-bih-uspjesnom-pricom-kroz-konacnu-izmjenu-izbornog-zakona\\\/\"},\"wordCount\":298,\"publisher\":{\"@id\":\"https:\\\/\\\/radioljubuski.ba\\\/#organization\"},\"image\":{\"@id\":\"https:\\\/\\\/radioljubuski.ba\\\/index.php\\\/2022\\\/03\\\/08\\\/zovko-ucinimo-bih-uspjesnom-pricom-kroz-konacnu-izmjenu-izbornog-zakona\\\/#primaryimage\"},\"thumbnailUrl\":\"https:\\\/\\\/radioljubuski.ba\\\/wp-content\\\/uploads\\\/2022\\\/03\\\/ZovkoStrasbourg-1068x712-1.jpg\",\"articleSection\":[\"BIH i regija\"],\"inLanguage\":\"hr\"},{\"@type\":\"WebPage\",\"@id\":\"https:\\\/\\\/radioljubuski.ba\\\/index.php\\\/2022\\\/03\\\/08\\\/zovko-ucinimo-bih-uspjesnom-pricom-kroz-konacnu-izmjenu-izbornog-zakona\\\/\",\"url\":\"https:\\\/\\\/radioljubuski.ba\\\/index.php\\\/2022\\\/03\\\/08\\\/zovko-ucinimo-bih-uspjesnom-pricom-kroz-konacnu-izmjenu-izbornog-zakona\\\/\",\"name\":\"Zovko: U\u010dinimo BiH uspje\u0161nom pri\u010dom kroz kona\u010dnu izmjenu Izbornog zakona - RADIO LJUBU\u0160KI\",\"isPartOf\":{\"@id\":\"https:\\\/\\\/radioljubuski.ba\\\/#website\"},\"primaryImageOfPage\":{\"@id\":\"https:\\\/\\\/radioljubuski.ba\\\/index.php\\\/2022\\\/03\\\/08\\\/zovko-ucinimo-bih-uspjesnom-pricom-kroz-konacnu-izmjenu-izbornog-zakona\\\/#primaryimage\"},\"image\":{\"@id\":\"https:\\\/\\\/radioljubuski.ba\\\/index.php\\\/2022\\\/03\\\/08\\\/zovko-ucinimo-bih-uspjesnom-pricom-kroz-konacnu-izmjenu-izbornog-zakona\\\/#primaryimage\"},\"thumbnailUrl\":\"https:\\\/\\\/radioljubuski.ba\\\/wp-content\\\/uploads\\\/2022\\\/03\\\/ZovkoStrasbourg-1068x712-1.jpg\",\"datePublished\":\"2022-03-08T22:48:15+00:00\",\"dateModified\":\"2022-03-08T22:48:16+00:00\",\"breadcrumb\":{\"@id\":\"https:\\\/\\\/radioljubuski.ba\\\/index.php\\\/2022\\\/03\\\/08\\\/zovko-ucinimo-bih-uspjesnom-pricom-kroz-konacnu-izmjenu-izbornog-zakona\\\/#breadcrumb\"},\"inLanguage\":\"hr\",\"potentialAction\":[{\"@type\":\"ReadAction\",\"target\":[\"https:\\\/\\\/radioljubuski.ba\\\/index.php\\\/2022\\\/03\\\/08\\\/zovko-ucinimo-bih-uspjesnom-pricom-kroz-konacnu-izmjenu-izbornog-zakona\\\/\"]}]},{\"@type\":\"ImageObject\",\"inLanguage\":\"hr\",\"@id\":\"https:\\\/\\\/radioljubuski.ba\\\/index.php\\\/2022\\\/03\\\/08\\\/zovko-ucinimo-bih-uspjesnom-pricom-kroz-konacnu-izmjenu-izbornog-zakona\\\/#primaryimage\",\"url\":\"https:\\\/\\\/radioljubuski.ba\\\/wp-content\\\/uploads\\\/2022\\\/03\\\/ZovkoStrasbourg-1068x712-1.jpg\",\"contentUrl\":\"https:\\\/\\\/radioljubuski.ba\\\/wp-content\\\/uploads\\\/2022\\\/03\\\/ZovkoStrasbourg-1068x712-1.jpg\",\"width\":1068,\"height\":712,\"caption\":\"EP Plenary session - The future of EU-US relations\"},{\"@type\":\"BreadcrumbList\",\"@id\":\"https:\\\/\\\/radioljubuski.ba\\\/index.php\\\/2022\\\/03\\\/08\\\/zovko-ucinimo-bih-uspjesnom-pricom-kroz-konacnu-izmjenu-izbornog-zakona\\\/#breadcrumb\",\"itemListElement\":[{\"@type\":\"ListItem\",\"position\":1,\"name\":\"Po\u010detna stranica\",\"item\":\"https:\\\/\\\/radioljubuski.ba\\\/\"},{\"@type\":\"ListItem\",\"position\":2,\"name\":\"Zovko: U\u010dinimo BiH uspje\u0161nom pri\u010dom kroz kona\u010dnu izmjenu Izbornog zakona\"}]},{\"@type\":\"WebSite\",\"@id\":\"https:\\\/\\\/radioljubuski.ba\\\/#website\",\"url\":\"https:\\\/\\\/radioljubuski.ba\\\/\",\"name\":\"Radio Ljubu\u0161ki\",\"description\":\"Sun\u010dana frekvencija Hercegovine\",\"publisher\":{\"@id\":\"https:\\\/\\\/radioljubuski.ba\\\/#organization\"},\"potentialAction\":[{\"@type\":\"SearchAction\",\"target\":{\"@type\":\"EntryPoint\",\"urlTemplate\":\"https:\\\/\\\/radioljubuski.ba\\\/?s={search_term_string}\"},\"query-input\":{\"@type\":\"PropertyValueSpecification\",\"valueRequired\":true,\"valueName\":\"search_term_string\"}}],\"inLanguage\":\"hr\"},{\"@type\":\"Organization\",\"@id\":\"https:\\\/\\\/radioljubuski.ba\\\/#organization\",\"name\":\"Radio Ljubu\u0161ki\",\"url\":\"https:\\\/\\\/radioljubuski.ba\\\/\",\"logo\":{\"@type\":\"ImageObject\",\"inLanguage\":\"hr\",\"@id\":\"https:\\\/\\\/radioljubuski.ba\\\/#\\\/schema\\\/logo\\\/image\\\/\",\"url\":\"https:\\\/\\\/radioljubuski.ba\\\/wp-content\\\/uploads\\\/2021\\\/02\\\/cropped-Radio_Ljubuski_logo1.jpg\",\"contentUrl\":\"https:\\\/\\\/radioljubuski.ba\\\/wp-content\\\/uploads\\\/2021\\\/02\\\/cropped-Radio_Ljubuski_logo1.jpg\",\"width\":512,\"height\":512,\"caption\":\"Radio Ljubu\u0161ki\"},\"image\":{\"@id\":\"https:\\\/\\\/radioljubuski.ba\\\/#\\\/schema\\\/logo\\\/image\\\/\"},\"sameAs\":[\"https:\\\/\\\/www.facebook.com\\\/Radiio-Ljubuski-1490835324566332\",\"https:\\\/\\\/x.com\\\/radioljubuski\",\"https:\\\/\\\/hr.linkedin.com\\\/company\\\/radio-ljubuski\",\"https:\\\/\\\/www.youtube.com\\\/channel\\\/UCHYaeO_n0Db3tjNGudGpXyw\"]},{\"@type\":\"Person\",\"@id\":\"https:\\\/\\\/radioljubuski.ba\\\/#\\\/schema\\\/person\\\/19fc700381a780f69665d7956c469e3b\",\"name\":\"Radio Ljubu\u0161ki\"}]}<\/script>\n<!-- \/ Yoast SEO plugin. -->","yoast_head_json":{"title":"Zovko: U\u010dinimo BiH uspje\u0161nom pri\u010dom kroz kona\u010dnu izmjenu Izbornog zakona - RADIO LJUBU\u0160KI","robots":{"index":"index","follow":"follow","max-snippet":"max-snippet:-1","max-image-preview":"max-image-preview:large","max-video-preview":"max-video-preview:-1"},"canonical":"https:\/\/radioljubuski.ba\/index.php\/2022\/03\/08\/zovko-ucinimo-bih-uspjesnom-pricom-kroz-konacnu-izmjenu-izbornog-zakona\/","og_locale":"hr_HR","og_type":"article","og_title":"Zovko: U\u010dinimo BiH uspje\u0161nom pri\u010dom kroz kona\u010dnu izmjenu Izbornog zakona - RADIO LJUBU\u0160KI","og_description":"Tijekom ovomjese\u010dne plenarne sjednice Europskog parlamenta, zastupnici su raspravljali o stanju u Bosni i Hercegovini. Plenarna rasprava je zapo\u010dela izjavom povjerenika V\u00e1rhelyija, nakon \u010dega je rije\u010d preuzelo nekoliko \u010dlanova razli\u010ditih politi\u010dkih skupina, prenosi Hrvatski Medijski Servis. Potpredsjednica Odbora za vanjske poslove (AFET) Europskog parlamenta \u017deljana Zovko tako\u0111er je sudjelovala u raspravi, gdje je istaknula va\u017enost [&hellip;]","og_url":"https:\/\/radioljubuski.ba\/index.php\/2022\/03\/08\/zovko-ucinimo-bih-uspjesnom-pricom-kroz-konacnu-izmjenu-izbornog-zakona\/","og_site_name":"RADIO LJUBU\u0160KI","article_publisher":"https:\/\/www.facebook.com\/Radiio-Ljubuski-1490835324566332","article_published_time":"2022-03-08T22:48:15+00:00","article_modified_time":"2022-03-08T22:48:16+00:00","og_image":[{"width":1068,"height":712,"url":"https:\/\/radioljubuski.ba\/wp-content\/uploads\/2022\/03\/ZovkoStrasbourg-1068x712-1.jpg","type":"image\/jpeg"}],"author":"Radio Ljubu\u0161ki","twitter_card":"summary_large_image","twitter_creator":"@radioljubuski","twitter_site":"@radioljubuski","twitter_misc":{"Napisao\/la":"Radio Ljubu\u0161ki","Procijenjeno vrijeme \u010ditanja":"2 minute"},"schema":{"@context":"https:\/\/schema.org","@graph":[{"@type":"Article","@id":"https:\/\/radioljubuski.ba\/index.php\/2022\/03\/08\/zovko-ucinimo-bih-uspjesnom-pricom-kroz-konacnu-izmjenu-izbornog-zakona\/#article","isPartOf":{"@id":"https:\/\/radioljubuski.ba\/index.php\/2022\/03\/08\/zovko-ucinimo-bih-uspjesnom-pricom-kroz-konacnu-izmjenu-izbornog-zakona\/"},"author":{"name":"Radio Ljubu\u0161ki","@id":"https:\/\/radioljubuski.ba\/#\/schema\/person\/19fc700381a780f69665d7956c469e3b"},"headline":"Zovko: U\u010dinimo BiH uspje\u0161nom pri\u010dom kroz kona\u010dnu izmjenu Izbornog zakona","datePublished":"2022-03-08T22:48:15+00:00","dateModified":"2022-03-08T22:48:16+00:00","mainEntityOfPage":{"@id":"https:\/\/radioljubuski.ba\/index.php\/2022\/03\/08\/zovko-ucinimo-bih-uspjesnom-pricom-kroz-konacnu-izmjenu-izbornog-zakona\/"},"wordCount":298,"publisher":{"@id":"https:\/\/radioljubuski.ba\/#organization"},"image":{"@id":"https:\/\/radioljubuski.ba\/index.php\/2022\/03\/08\/zovko-ucinimo-bih-uspjesnom-pricom-kroz-konacnu-izmjenu-izbornog-zakona\/#primaryimage"},"thumbnailUrl":"https:\/\/radioljubuski.ba\/wp-content\/uploads\/2022\/03\/ZovkoStrasbourg-1068x712-1.jpg","articleSection":["BIH i regija"],"inLanguage":"hr"},{"@type":"WebPage","@id":"https:\/\/radioljubuski.ba\/index.php\/2022\/03\/08\/zovko-ucinimo-bih-uspjesnom-pricom-kroz-konacnu-izmjenu-izbornog-zakona\/","url":"https:\/\/radioljubuski.ba\/index.php\/2022\/03\/08\/zovko-ucinimo-bih-uspjesnom-pricom-kroz-konacnu-izmjenu-izbornog-zakona\/","name":"Zovko: U\u010dinimo BiH uspje\u0161nom pri\u010dom kroz kona\u010dnu izmjenu Izbornog zakona - RADIO LJUBU\u0160KI","isPartOf":{"@id":"https:\/\/radioljubuski.ba\/#website"},"primaryImageOfPage":{"@id":"https:\/\/radioljubuski.ba\/index.php\/2022\/03\/08\/zovko-ucinimo-bih-uspjesnom-pricom-kroz-konacnu-izmjenu-izbornog-zakona\/#primaryimage"},"image":{"@id":"https:\/\/radioljubuski.ba\/index.php\/2022\/03\/08\/zovko-ucinimo-bih-uspjesnom-pricom-kroz-konacnu-izmjenu-izbornog-zakona\/#primaryimage"},"thumbnailUrl":"https:\/\/radioljubuski.ba\/wp-content\/uploads\/2022\/03\/ZovkoStrasbourg-1068x712-1.jpg","datePublished":"2022-03-08T22:48:15+00:00","dateModified":"2022-03-08T22:48:16+00:00","breadcrumb":{"@id":"https:\/\/radioljubuski.ba\/index.php\/2022\/03\/08\/zovko-ucinimo-bih-uspjesnom-pricom-kroz-konacnu-izmjenu-izbornog-zakona\/#breadcrumb"},"inLanguage":"hr","potentialAction":[{"@type":"ReadAction","target":["https:\/\/radioljubuski.ba\/index.php\/2022\/03\/08\/zovko-ucinimo-bih-uspjesnom-pricom-kroz-konacnu-izmjenu-izbornog-zakona\/"]}]},{"@type":"ImageObject","inLanguage":"hr","@id":"https:\/\/radioljubuski.ba\/index.php\/2022\/03\/08\/zovko-ucinimo-bih-uspjesnom-pricom-kroz-konacnu-izmjenu-izbornog-zakona\/#primaryimage","url":"https:\/\/radioljubuski.ba\/wp-content\/uploads\/2022\/03\/ZovkoStrasbourg-1068x712-1.jpg","contentUrl":"https:\/\/radioljubuski.ba\/wp-content\/uploads\/2022\/03\/ZovkoStrasbourg-1068x712-1.jpg","width":1068,"height":712,"caption":"EP Plenary session - The future of EU-US relations"},{"@type":"BreadcrumbList","@id":"https:\/\/radioljubuski.ba\/index.php\/2022\/03\/08\/zovko-ucinimo-bih-uspjesnom-pricom-kroz-konacnu-izmjenu-izbornog-zakona\/#breadcrumb","itemListElement":[{"@type":"ListItem","position":1,"name":"Po\u010detna stranica","item":"https:\/\/radioljubuski.ba\/"},{"@type":"ListItem","position":2,"name":"Zovko: U\u010dinimo BiH uspje\u0161nom pri\u010dom kroz kona\u010dnu izmjenu Izbornog zakona"}]},{"@type":"WebSite","@id":"https:\/\/radioljubuski.ba\/#website","url":"https:\/\/radioljubuski.ba\/","name":"Radio Ljubu\u0161ki","description":"Sun\u010dana frekvencija Hercegovine","publisher":{"@id":"https:\/\/radioljubuski.ba\/#organization"},"potentialAction":[{"@type":"SearchAction","target":{"@type":"EntryPoint","urlTemplate":"https:\/\/radioljubuski.ba\/?s={search_term_string}"},"query-input":{"@type":"PropertyValueSpecification","valueRequired":true,"valueName":"search_term_string"}}],"inLanguage":"hr"},{"@type":"Organization","@id":"https:\/\/radioljubuski.ba\/#organization","name":"Radio Ljubu\u0161ki","url":"https:\/\/radioljubuski.ba\/","logo":{"@type":"ImageObject","inLanguage":"hr","@id":"https:\/\/radioljubuski.ba\/#\/schema\/logo\/image\/","url":"https:\/\/radioljubuski.ba\/wp-content\/uploads\/2021\/02\/cropped-Radio_Ljubuski_logo1.jpg","contentUrl":"https:\/\/radioljubuski.ba\/wp-content\/uploads\/2021\/02\/cropped-Radio_Ljubuski_logo1.jpg","width":512,"height":512,"caption":"Radio Ljubu\u0161ki"},"image":{"@id":"https:\/\/radioljubuski.ba\/#\/schema\/logo\/image\/"},"sameAs":["https:\/\/www.facebook.com\/Radiio-Ljubuski-1490835324566332","https:\/\/x.com\/radioljubuski","https:\/\/hr.linkedin.com\/company\/radio-ljubuski","https:\/\/www.youtube.com\/channel\/UCHYaeO_n0Db3tjNGudGpXyw"]},{"@type":"Person","@id":"https:\/\/radioljubuski.ba\/#\/schema\/person\/19fc700381a780f69665d7956c469e3b","name":"Radio Ljubu\u0161ki"}]}},"_links":{"self":[{"href":"https:\/\/radioljubuski.ba\/index.php\/wp-json\/wp\/v2\/posts\/119372","targetHints":{"allow":["GET"]}}],"collection":[{"href":"https:\/\/radioljubuski.ba\/index.php\/wp-json\/wp\/v2\/posts"}],"about":[{"href":"https:\/\/radioljubuski.ba\/index.php\/wp-json\/wp\/v2\/types\/post"}],"author":[{"embeddable":true,"href":"https:\/\/radioljubuski.ba\/index.php\/wp-json\/wp\/v2\/users\/2"}],"replies":[{"embeddable":true,"href":"https:\/\/radioljubuski.ba\/index.php\/wp-json\/wp\/v2\/comments?post=119372"}],"version-history":[{"count":1,"href":"https:\/\/radioljubuski.ba\/index.php\/wp-json\/wp\/v2\/posts\/119372\/revisions"}],"predecessor-version":[{"id":119374,"href":"https:\/\/radioljubuski.ba\/index.php\/wp-json\/wp\/v2\/posts\/119372\/revisions\/119374"}],"wp:featuredmedia":[{"embeddable":true,"href":"https:\/\/radioljubuski.ba\/index.php\/wp-json\/wp\/v2\/media\/119373"}],"wp:attachment":[{"href":"https:\/\/radioljubuski.ba\/index.php\/wp-json\/wp\/v2\/media?parent=119372"}],"wp:term":[{"taxonomy":"category","embeddable":true,"href":"https:\/\/radioljubuski.ba\/index.php\/wp-json\/wp\/v2\/categories?post=119372"},{"taxonomy":"post_tag","embeddable":true,"href":"https:\/\/radioljubuski.ba\/index.php\/wp-json\/wp\/v2\/tags?post=119372"}],"curies":[{"name":"wp","href":"https:\/\/api.w.org\/{rel}","templated":true}]}}