{"id":11942,"date":"2021-04-11T23:55:29","date_gmt":"2021-04-11T22:55:29","guid":{"rendered":"https:\/\/radioljubuski.ba\/?p=11942"},"modified":"2021-04-11T23:55:30","modified_gmt":"2021-04-11T22:55:30","slug":"rusi-se-i-sezdeset-godina-poslije-dive-gagarinu","status":"publish","type":"post","link":"https:\/\/radioljubuski.ba\/index.php\/2021\/04\/11\/rusi-se-i-sezdeset-godina-poslije-dive-gagarinu\/","title":{"rendered":"Rusi se i \u0161ezdeset godina poslije dive Gagarinu"},"content":{"rendered":"\n<p><strong>\u0160ezdeset godina nakon \u0161to je postao prvi \u010dovjek u svemiru, malo je ljudi kojima se Rusi vi\u0161e dive od kozmonauta Jurija Gagarina.<\/strong><\/p>\n\n\n\n<p><a href=\"https:\/\/magazin.hrt.hr\/znanost-tehnologija\/troclana-posada-sojuza-uputila-se-na-iss-slaveci-obljetnicu-gagarinova-leta-1396199\"><br><\/a><\/p>\n\n\n\n<p>Njegovo nasmije\u0161eno lice krasi murale diljem zemlje.<br><br>Stoji, ruku spu\u0161tenih niz tijelo kao da leti u svemir, na pijedestalu visokom 42,5 metara iznad prometne moskovske Lenjinove avenije. Omiljeni je i motiv tetova\u017ea.<br><br>Sovjetski Savez mo\u017eda je stvar pro\u0161losti, a slavni dani Rusije u svemiru daleko su iza nje, ali Gagarinova legenda \u017eivi i dalje, simbol ruskog uspjeha i va\u017ean izvor nacionalnog ponosa.<br><br>On je osoba koja ujedinjuje zemlju, rekao je Gagarinov biograf,&nbsp;<strong>Lev&nbsp;Danilkin<\/strong>. To je jako rijedak primjer ne\u010dega u \u010demu je velika ve\u0107ina stanovni\u0161tva slo\u017ena.<br><br>Godi\u0161njica Gagarinova povijesnog leta 12. travnja 1961., koja se u Rusiji slavi svake godine kao Dan kozmonautike, obilje\u017eava se polaganjem vijenaca na spomenike njegovu postignu\u0107u \u0161irom zemlje.<br><br>Trajna fascinacija proizlazi ne samo iz njegove \u017eivotne pri\u010de, uspona od osobe skromnog podrijetla do svemirskog pionira, pa \u010dak ni iz tajanstvenosti koja okru\u017euje njegovu smrt.<br><br>Gagarin, ka\u017ee povjesni\u010dar&nbsp;<strong>Aleksandar&nbsp;\u017deleznjakov<\/strong>, bio je osoba koja budi ma\u0161tu. On nas je iz obi\u010dne biolo\u0161ke vrste pretvorio u vrstu koja je mogla zamisliti cijeli svijet izvan Zemlje.<br><br><strong>Skromni korijeni<\/strong><br><br>Sin stolara i mljekarice koji su pre\u017eivjeli nacisti\u010dku okupaciju, Gagarin se \u0161kolovao za radnika u \u010deli\u010dani prije nego \u0161to je postao vojni pilot.<br><br>Onda je, u dobi od 27 godina, u letjelici Vostok 108 minuta letio oko Zemlje.<br><br>Njegova odva\u017enost i profesionalizam slu\u017eili su kao primjer savr\u0161enog Sovjeta, ali su legendu o Gagarinu pratile i pri\u010de o prijateljstvu, hrabrosti i ljubavi prema supruzi Valentini i njihove dvije k\u0107eri.<br><br>Gagarin je napisao svojoj supruzi dirljivo opro\u0161tajno pismo u slu\u010daju da pogine u misiji, \u0161to je dugo bila tajna.<br><br>Ako ne\u0161to po\u0111e po zlu, molim te, posebno tebe, Valju\u0161a, da ne umre\u0161 od tuge. Jer takav je \u017eivot, napisao je.<br><br>U intervjuu za AFP 2011. kozmonaut&nbsp;<strong>Boris&nbsp;Voljnov&nbsp;<\/strong>prisjetio se \u010dovjeka koji je, unato\u010d tome \u0161to je u\u017eivao privilegije sovjetske elite, znao provesti sate na telefonu kako bi osigurao lijekove ili mjesto u bolnici za svoje manje imu\u0107ne prijatelje.<br><br>Vrativ\u0161i se na Zemlju, Gagarin se zatekao u sredi\u0161tu propagandne kampanje o superiornosti sovjetskog dru\u0161tva.<br><br>Danilkin ka\u017ee da su ga vlasti koristile kao uzor prema ostatku svijeta, ali i da bi uvjerile sovjetske gra\u0111ane koji su pre\u017eivjeli Drugi svjetski rat i staljinisti\u010dku represiju da \u017ertve prethodnih desetlje\u0107a nisu bile uzaludne.<br><br>Predsjednik&nbsp;<strong>Vladimir&nbsp;Putin&nbsp;<\/strong>prisvojio je to naslje\u0111e kako bi zacementirao svoj stisak na vlasti i promicao je sovjetske uspjehe kako bi u\u010dvrsnuo potporu svojoj 20-godi\u0161njoj vladavini.<br><br>Sada\u0161nje vlasti metodi\u010dno prisvajaju popularne kultove: prvo pobjedu u Drugom svjetskom ratu, potom osvajanje svemira, ka\u017ee Danilkin.<br><br><strong>Tragi\u010dni heroj<\/strong><br><br>Kao i svi veliki ruski heroji, Gagarin je tragi\u010dan lik.<br><br>Njegova pogibija tijekom trena\u017enog leta 1968., u dobi od 34 godine, i dalje je misterij, jer vlasti nikada nisu objavile cjelovito izvje\u0161\u0107e o istrazi uzroka nesre\u0107e.<br><br>Djelomi\u010dni podaci sugeriraju da se njegov MiG-15 sudario s meteorolo\u0161kim balonom, ali zbog manjka transparentnosti alternativnih teorija ne nedostaje.<br><br>Po jednoj, Gagarin je bio pijan, druga ka\u017ee da ga je Kremlj eliminirao strahuju\u0107i od njegove popularnosti. Mnogi se Rusi do danas nisu pomirili s njegovom smr\u0107u.<br><br>Kako je vrhunski kozmonaut, tako mlad i dobar \u010dovjek, mogao tako iznenada poginuti?, pita se povjesni\u010dar \u017deleznjakov.<br><br>Ljudi to jo\u0161 nisu preboljeli.<\/p>\n\n\n\n<p>Izvor:hrt.hr<\/p>\n","protected":false},"excerpt":{"rendered":"<p>\u0160ezdeset godina nakon \u0161to je postao prvi \u010dovjek u svemiru, malo je ljudi kojima se Rusi vi\u0161e dive od kozmonauta Jurija Gagarina. Njegovo nasmije\u0161eno lice krasi murale diljem zemlje. Stoji, ruku spu\u0161tenih niz tijelo kao da leti u svemir, na pijedestalu visokom 42,5 metara iznad prometne moskovske Lenjinove avenije. Omiljeni je i motiv tetova\u017ea. Sovjetski [&hellip;]<\/p>\n","protected":false},"author":2,"featured_media":11943,"comment_status":"closed","ping_status":"closed","sticky":false,"template":"","format":"standard","meta":{"h5ap_radio_sources":[],"footnotes":""},"categories":[1],"tags":[],"class_list":["post-11942","post","type-post","status-publish","format-standard","has-post-thumbnail","hentry","category-bihiregija"],"yoast_head":"<!-- This site is optimized with the Yoast SEO plugin v27.5 - https:\/\/yoast.com\/product\/yoast-seo-wordpress\/ -->\n<title>Rusi se i \u0161ezdeset godina poslije dive Gagarinu - RADIO LJUBU\u0160KI<\/title>\n<meta name=\"robots\" content=\"index, follow, max-snippet:-1, max-image-preview:large, max-video-preview:-1\" \/>\n<link rel=\"canonical\" href=\"https:\/\/radioljubuski.ba\/index.php\/2021\/04\/11\/rusi-se-i-sezdeset-godina-poslije-dive-gagarinu\/\" \/>\n<meta property=\"og:locale\" content=\"hr_HR\" \/>\n<meta property=\"og:type\" content=\"article\" \/>\n<meta property=\"og:title\" content=\"Rusi se i \u0161ezdeset godina poslije dive Gagarinu - RADIO LJUBU\u0160KI\" \/>\n<meta property=\"og:description\" content=\"\u0160ezdeset godina nakon \u0161to je postao prvi \u010dovjek u svemiru, malo je ljudi kojima se Rusi vi\u0161e dive od kozmonauta Jurija Gagarina. Njegovo nasmije\u0161eno lice krasi murale diljem zemlje. Stoji, ruku spu\u0161tenih niz tijelo kao da leti u svemir, na pijedestalu visokom 42,5 metara iznad prometne moskovske Lenjinove avenije. Omiljeni je i motiv tetova\u017ea. Sovjetski [&hellip;]\" \/>\n<meta property=\"og:url\" content=\"https:\/\/radioljubuski.ba\/index.php\/2021\/04\/11\/rusi-se-i-sezdeset-godina-poslije-dive-gagarinu\/\" \/>\n<meta property=\"og:site_name\" content=\"RADIO LJUBU\u0160KI\" \/>\n<meta property=\"article:publisher\" content=\"https:\/\/www.facebook.com\/Radiio-Ljubuski-1490835324566332\" \/>\n<meta property=\"article:published_time\" content=\"2021-04-11T22:55:29+00:00\" \/>\n<meta property=\"article:modified_time\" content=\"2021-04-11T22:55:30+00:00\" \/>\n<meta property=\"og:image\" content=\"https:\/\/radioljubuski.ba\/wp-content\/uploads\/2021\/04\/b.png\" \/>\n\t<meta property=\"og:image:width\" content=\"643\" \/>\n\t<meta property=\"og:image:height\" content=\"363\" \/>\n\t<meta property=\"og:image:type\" content=\"image\/png\" \/>\n<meta name=\"author\" content=\"Radio Ljubu\u0161ki\" \/>\n<meta name=\"twitter:card\" content=\"summary_large_image\" \/>\n<meta name=\"twitter:creator\" content=\"@radioljubuski\" \/>\n<meta name=\"twitter:site\" content=\"@radioljubuski\" \/>\n<meta name=\"twitter:label1\" content=\"Napisao\/la\" \/>\n\t<meta name=\"twitter:data1\" content=\"Radio Ljubu\u0161ki\" \/>\n\t<meta name=\"twitter:label2\" content=\"Procijenjeno vrijeme \u010ditanja\" \/>\n\t<meta name=\"twitter:data2\" content=\"3 minute\" \/>\n<script type=\"application\/ld+json\" class=\"yoast-schema-graph\">{\"@context\":\"https:\\\/\\\/schema.org\",\"@graph\":[{\"@type\":\"Article\",\"@id\":\"https:\\\/\\\/radioljubuski.ba\\\/index.php\\\/2021\\\/04\\\/11\\\/rusi-se-i-sezdeset-godina-poslije-dive-gagarinu\\\/#article\",\"isPartOf\":{\"@id\":\"https:\\\/\\\/radioljubuski.ba\\\/index.php\\\/2021\\\/04\\\/11\\\/rusi-se-i-sezdeset-godina-poslije-dive-gagarinu\\\/\"},\"author\":{\"name\":\"Radio Ljubu\u0161ki\",\"@id\":\"https:\\\/\\\/radioljubuski.ba\\\/#\\\/schema\\\/person\\\/19fc700381a780f69665d7956c469e3b\"},\"headline\":\"Rusi se i \u0161ezdeset godina poslije dive Gagarinu\",\"datePublished\":\"2021-04-11T22:55:29+00:00\",\"dateModified\":\"2021-04-11T22:55:30+00:00\",\"mainEntityOfPage\":{\"@id\":\"https:\\\/\\\/radioljubuski.ba\\\/index.php\\\/2021\\\/04\\\/11\\\/rusi-se-i-sezdeset-godina-poslije-dive-gagarinu\\\/\"},\"wordCount\":613,\"publisher\":{\"@id\":\"https:\\\/\\\/radioljubuski.ba\\\/#organization\"},\"image\":{\"@id\":\"https:\\\/\\\/radioljubuski.ba\\\/index.php\\\/2021\\\/04\\\/11\\\/rusi-se-i-sezdeset-godina-poslije-dive-gagarinu\\\/#primaryimage\"},\"thumbnailUrl\":\"https:\\\/\\\/radioljubuski.ba\\\/wp-content\\\/uploads\\\/2021\\\/04\\\/b.png\",\"articleSection\":[\"BIH i regija\"],\"inLanguage\":\"hr\"},{\"@type\":\"WebPage\",\"@id\":\"https:\\\/\\\/radioljubuski.ba\\\/index.php\\\/2021\\\/04\\\/11\\\/rusi-se-i-sezdeset-godina-poslije-dive-gagarinu\\\/\",\"url\":\"https:\\\/\\\/radioljubuski.ba\\\/index.php\\\/2021\\\/04\\\/11\\\/rusi-se-i-sezdeset-godina-poslije-dive-gagarinu\\\/\",\"name\":\"Rusi se i \u0161ezdeset godina poslije dive Gagarinu - RADIO LJUBU\u0160KI\",\"isPartOf\":{\"@id\":\"https:\\\/\\\/radioljubuski.ba\\\/#website\"},\"primaryImageOfPage\":{\"@id\":\"https:\\\/\\\/radioljubuski.ba\\\/index.php\\\/2021\\\/04\\\/11\\\/rusi-se-i-sezdeset-godina-poslije-dive-gagarinu\\\/#primaryimage\"},\"image\":{\"@id\":\"https:\\\/\\\/radioljubuski.ba\\\/index.php\\\/2021\\\/04\\\/11\\\/rusi-se-i-sezdeset-godina-poslije-dive-gagarinu\\\/#primaryimage\"},\"thumbnailUrl\":\"https:\\\/\\\/radioljubuski.ba\\\/wp-content\\\/uploads\\\/2021\\\/04\\\/b.png\",\"datePublished\":\"2021-04-11T22:55:29+00:00\",\"dateModified\":\"2021-04-11T22:55:30+00:00\",\"breadcrumb\":{\"@id\":\"https:\\\/\\\/radioljubuski.ba\\\/index.php\\\/2021\\\/04\\\/11\\\/rusi-se-i-sezdeset-godina-poslije-dive-gagarinu\\\/#breadcrumb\"},\"inLanguage\":\"hr\",\"potentialAction\":[{\"@type\":\"ReadAction\",\"target\":[\"https:\\\/\\\/radioljubuski.ba\\\/index.php\\\/2021\\\/04\\\/11\\\/rusi-se-i-sezdeset-godina-poslije-dive-gagarinu\\\/\"]}]},{\"@type\":\"ImageObject\",\"inLanguage\":\"hr\",\"@id\":\"https:\\\/\\\/radioljubuski.ba\\\/index.php\\\/2021\\\/04\\\/11\\\/rusi-se-i-sezdeset-godina-poslije-dive-gagarinu\\\/#primaryimage\",\"url\":\"https:\\\/\\\/radioljubuski.ba\\\/wp-content\\\/uploads\\\/2021\\\/04\\\/b.png\",\"contentUrl\":\"https:\\\/\\\/radioljubuski.ba\\\/wp-content\\\/uploads\\\/2021\\\/04\\\/b.png\",\"width\":643,\"height\":363},{\"@type\":\"BreadcrumbList\",\"@id\":\"https:\\\/\\\/radioljubuski.ba\\\/index.php\\\/2021\\\/04\\\/11\\\/rusi-se-i-sezdeset-godina-poslije-dive-gagarinu\\\/#breadcrumb\",\"itemListElement\":[{\"@type\":\"ListItem\",\"position\":1,\"name\":\"Po\u010detna stranica\",\"item\":\"https:\\\/\\\/radioljubuski.ba\\\/\"},{\"@type\":\"ListItem\",\"position\":2,\"name\":\"Rusi se i \u0161ezdeset godina poslije dive Gagarinu\"}]},{\"@type\":\"WebSite\",\"@id\":\"https:\\\/\\\/radioljubuski.ba\\\/#website\",\"url\":\"https:\\\/\\\/radioljubuski.ba\\\/\",\"name\":\"Radio Ljubu\u0161ki\",\"description\":\"Sun\u010dana frekvencija Hercegovine\",\"publisher\":{\"@id\":\"https:\\\/\\\/radioljubuski.ba\\\/#organization\"},\"potentialAction\":[{\"@type\":\"SearchAction\",\"target\":{\"@type\":\"EntryPoint\",\"urlTemplate\":\"https:\\\/\\\/radioljubuski.ba\\\/?s={search_term_string}\"},\"query-input\":{\"@type\":\"PropertyValueSpecification\",\"valueRequired\":true,\"valueName\":\"search_term_string\"}}],\"inLanguage\":\"hr\"},{\"@type\":\"Organization\",\"@id\":\"https:\\\/\\\/radioljubuski.ba\\\/#organization\",\"name\":\"Radio Ljubu\u0161ki\",\"url\":\"https:\\\/\\\/radioljubuski.ba\\\/\",\"logo\":{\"@type\":\"ImageObject\",\"inLanguage\":\"hr\",\"@id\":\"https:\\\/\\\/radioljubuski.ba\\\/#\\\/schema\\\/logo\\\/image\\\/\",\"url\":\"https:\\\/\\\/radioljubuski.ba\\\/wp-content\\\/uploads\\\/2021\\\/02\\\/cropped-Radio_Ljubuski_logo1.jpg\",\"contentUrl\":\"https:\\\/\\\/radioljubuski.ba\\\/wp-content\\\/uploads\\\/2021\\\/02\\\/cropped-Radio_Ljubuski_logo1.jpg\",\"width\":512,\"height\":512,\"caption\":\"Radio Ljubu\u0161ki\"},\"image\":{\"@id\":\"https:\\\/\\\/radioljubuski.ba\\\/#\\\/schema\\\/logo\\\/image\\\/\"},\"sameAs\":[\"https:\\\/\\\/www.facebook.com\\\/Radiio-Ljubuski-1490835324566332\",\"https:\\\/\\\/x.com\\\/radioljubuski\",\"https:\\\/\\\/hr.linkedin.com\\\/company\\\/radio-ljubuski\",\"https:\\\/\\\/www.youtube.com\\\/channel\\\/UCHYaeO_n0Db3tjNGudGpXyw\"]},{\"@type\":\"Person\",\"@id\":\"https:\\\/\\\/radioljubuski.ba\\\/#\\\/schema\\\/person\\\/19fc700381a780f69665d7956c469e3b\",\"name\":\"Radio Ljubu\u0161ki\"}]}<\/script>\n<!-- \/ Yoast SEO plugin. -->","yoast_head_json":{"title":"Rusi se i \u0161ezdeset godina poslije dive Gagarinu - RADIO LJUBU\u0160KI","robots":{"index":"index","follow":"follow","max-snippet":"max-snippet:-1","max-image-preview":"max-image-preview:large","max-video-preview":"max-video-preview:-1"},"canonical":"https:\/\/radioljubuski.ba\/index.php\/2021\/04\/11\/rusi-se-i-sezdeset-godina-poslije-dive-gagarinu\/","og_locale":"hr_HR","og_type":"article","og_title":"Rusi se i \u0161ezdeset godina poslije dive Gagarinu - RADIO LJUBU\u0160KI","og_description":"\u0160ezdeset godina nakon \u0161to je postao prvi \u010dovjek u svemiru, malo je ljudi kojima se Rusi vi\u0161e dive od kozmonauta Jurija Gagarina. Njegovo nasmije\u0161eno lice krasi murale diljem zemlje. Stoji, ruku spu\u0161tenih niz tijelo kao da leti u svemir, na pijedestalu visokom 42,5 metara iznad prometne moskovske Lenjinove avenije. Omiljeni je i motiv tetova\u017ea. Sovjetski [&hellip;]","og_url":"https:\/\/radioljubuski.ba\/index.php\/2021\/04\/11\/rusi-se-i-sezdeset-godina-poslije-dive-gagarinu\/","og_site_name":"RADIO LJUBU\u0160KI","article_publisher":"https:\/\/www.facebook.com\/Radiio-Ljubuski-1490835324566332","article_published_time":"2021-04-11T22:55:29+00:00","article_modified_time":"2021-04-11T22:55:30+00:00","og_image":[{"width":643,"height":363,"url":"https:\/\/radioljubuski.ba\/wp-content\/uploads\/2021\/04\/b.png","type":"image\/png"}],"author":"Radio Ljubu\u0161ki","twitter_card":"summary_large_image","twitter_creator":"@radioljubuski","twitter_site":"@radioljubuski","twitter_misc":{"Napisao\/la":"Radio Ljubu\u0161ki","Procijenjeno vrijeme \u010ditanja":"3 minute"},"schema":{"@context":"https:\/\/schema.org","@graph":[{"@type":"Article","@id":"https:\/\/radioljubuski.ba\/index.php\/2021\/04\/11\/rusi-se-i-sezdeset-godina-poslije-dive-gagarinu\/#article","isPartOf":{"@id":"https:\/\/radioljubuski.ba\/index.php\/2021\/04\/11\/rusi-se-i-sezdeset-godina-poslije-dive-gagarinu\/"},"author":{"name":"Radio Ljubu\u0161ki","@id":"https:\/\/radioljubuski.ba\/#\/schema\/person\/19fc700381a780f69665d7956c469e3b"},"headline":"Rusi se i \u0161ezdeset godina poslije dive Gagarinu","datePublished":"2021-04-11T22:55:29+00:00","dateModified":"2021-04-11T22:55:30+00:00","mainEntityOfPage":{"@id":"https:\/\/radioljubuski.ba\/index.php\/2021\/04\/11\/rusi-se-i-sezdeset-godina-poslije-dive-gagarinu\/"},"wordCount":613,"publisher":{"@id":"https:\/\/radioljubuski.ba\/#organization"},"image":{"@id":"https:\/\/radioljubuski.ba\/index.php\/2021\/04\/11\/rusi-se-i-sezdeset-godina-poslije-dive-gagarinu\/#primaryimage"},"thumbnailUrl":"https:\/\/radioljubuski.ba\/wp-content\/uploads\/2021\/04\/b.png","articleSection":["BIH i regija"],"inLanguage":"hr"},{"@type":"WebPage","@id":"https:\/\/radioljubuski.ba\/index.php\/2021\/04\/11\/rusi-se-i-sezdeset-godina-poslije-dive-gagarinu\/","url":"https:\/\/radioljubuski.ba\/index.php\/2021\/04\/11\/rusi-se-i-sezdeset-godina-poslije-dive-gagarinu\/","name":"Rusi se i \u0161ezdeset godina poslije dive Gagarinu - RADIO LJUBU\u0160KI","isPartOf":{"@id":"https:\/\/radioljubuski.ba\/#website"},"primaryImageOfPage":{"@id":"https:\/\/radioljubuski.ba\/index.php\/2021\/04\/11\/rusi-se-i-sezdeset-godina-poslije-dive-gagarinu\/#primaryimage"},"image":{"@id":"https:\/\/radioljubuski.ba\/index.php\/2021\/04\/11\/rusi-se-i-sezdeset-godina-poslije-dive-gagarinu\/#primaryimage"},"thumbnailUrl":"https:\/\/radioljubuski.ba\/wp-content\/uploads\/2021\/04\/b.png","datePublished":"2021-04-11T22:55:29+00:00","dateModified":"2021-04-11T22:55:30+00:00","breadcrumb":{"@id":"https:\/\/radioljubuski.ba\/index.php\/2021\/04\/11\/rusi-se-i-sezdeset-godina-poslije-dive-gagarinu\/#breadcrumb"},"inLanguage":"hr","potentialAction":[{"@type":"ReadAction","target":["https:\/\/radioljubuski.ba\/index.php\/2021\/04\/11\/rusi-se-i-sezdeset-godina-poslije-dive-gagarinu\/"]}]},{"@type":"ImageObject","inLanguage":"hr","@id":"https:\/\/radioljubuski.ba\/index.php\/2021\/04\/11\/rusi-se-i-sezdeset-godina-poslije-dive-gagarinu\/#primaryimage","url":"https:\/\/radioljubuski.ba\/wp-content\/uploads\/2021\/04\/b.png","contentUrl":"https:\/\/radioljubuski.ba\/wp-content\/uploads\/2021\/04\/b.png","width":643,"height":363},{"@type":"BreadcrumbList","@id":"https:\/\/radioljubuski.ba\/index.php\/2021\/04\/11\/rusi-se-i-sezdeset-godina-poslije-dive-gagarinu\/#breadcrumb","itemListElement":[{"@type":"ListItem","position":1,"name":"Po\u010detna stranica","item":"https:\/\/radioljubuski.ba\/"},{"@type":"ListItem","position":2,"name":"Rusi se i \u0161ezdeset godina poslije dive Gagarinu"}]},{"@type":"WebSite","@id":"https:\/\/radioljubuski.ba\/#website","url":"https:\/\/radioljubuski.ba\/","name":"Radio Ljubu\u0161ki","description":"Sun\u010dana frekvencija Hercegovine","publisher":{"@id":"https:\/\/radioljubuski.ba\/#organization"},"potentialAction":[{"@type":"SearchAction","target":{"@type":"EntryPoint","urlTemplate":"https:\/\/radioljubuski.ba\/?s={search_term_string}"},"query-input":{"@type":"PropertyValueSpecification","valueRequired":true,"valueName":"search_term_string"}}],"inLanguage":"hr"},{"@type":"Organization","@id":"https:\/\/radioljubuski.ba\/#organization","name":"Radio Ljubu\u0161ki","url":"https:\/\/radioljubuski.ba\/","logo":{"@type":"ImageObject","inLanguage":"hr","@id":"https:\/\/radioljubuski.ba\/#\/schema\/logo\/image\/","url":"https:\/\/radioljubuski.ba\/wp-content\/uploads\/2021\/02\/cropped-Radio_Ljubuski_logo1.jpg","contentUrl":"https:\/\/radioljubuski.ba\/wp-content\/uploads\/2021\/02\/cropped-Radio_Ljubuski_logo1.jpg","width":512,"height":512,"caption":"Radio Ljubu\u0161ki"},"image":{"@id":"https:\/\/radioljubuski.ba\/#\/schema\/logo\/image\/"},"sameAs":["https:\/\/www.facebook.com\/Radiio-Ljubuski-1490835324566332","https:\/\/x.com\/radioljubuski","https:\/\/hr.linkedin.com\/company\/radio-ljubuski","https:\/\/www.youtube.com\/channel\/UCHYaeO_n0Db3tjNGudGpXyw"]},{"@type":"Person","@id":"https:\/\/radioljubuski.ba\/#\/schema\/person\/19fc700381a780f69665d7956c469e3b","name":"Radio Ljubu\u0161ki"}]}},"_links":{"self":[{"href":"https:\/\/radioljubuski.ba\/index.php\/wp-json\/wp\/v2\/posts\/11942","targetHints":{"allow":["GET"]}}],"collection":[{"href":"https:\/\/radioljubuski.ba\/index.php\/wp-json\/wp\/v2\/posts"}],"about":[{"href":"https:\/\/radioljubuski.ba\/index.php\/wp-json\/wp\/v2\/types\/post"}],"author":[{"embeddable":true,"href":"https:\/\/radioljubuski.ba\/index.php\/wp-json\/wp\/v2\/users\/2"}],"replies":[{"embeddable":true,"href":"https:\/\/radioljubuski.ba\/index.php\/wp-json\/wp\/v2\/comments?post=11942"}],"version-history":[{"count":1,"href":"https:\/\/radioljubuski.ba\/index.php\/wp-json\/wp\/v2\/posts\/11942\/revisions"}],"predecessor-version":[{"id":11944,"href":"https:\/\/radioljubuski.ba\/index.php\/wp-json\/wp\/v2\/posts\/11942\/revisions\/11944"}],"wp:featuredmedia":[{"embeddable":true,"href":"https:\/\/radioljubuski.ba\/index.php\/wp-json\/wp\/v2\/media\/11943"}],"wp:attachment":[{"href":"https:\/\/radioljubuski.ba\/index.php\/wp-json\/wp\/v2\/media?parent=11942"}],"wp:term":[{"taxonomy":"category","embeddable":true,"href":"https:\/\/radioljubuski.ba\/index.php\/wp-json\/wp\/v2\/categories?post=11942"},{"taxonomy":"post_tag","embeddable":true,"href":"https:\/\/radioljubuski.ba\/index.php\/wp-json\/wp\/v2\/tags?post=11942"}],"curies":[{"name":"wp","href":"https:\/\/api.w.org\/{rel}","templated":true}]}}