{"id":119420,"date":"2022-03-09T07:34:52","date_gmt":"2022-03-09T06:34:52","guid":{"rendered":"https:\/\/radioljubuski.ba\/?p=119420"},"modified":"2022-03-09T07:37:17","modified_gmt":"2022-03-09T06:37:17","slug":"dodik-talijanskim-zrakoplovom-iznad-banja-luke-grubo-prekrsene-granice-bih","status":"publish","type":"post","link":"https:\/\/radioljubuski.ba\/index.php\/2022\/03\/09\/dodik-talijanskim-zrakoplovom-iznad-banja-luke-grubo-prekrsene-granice-bih\/","title":{"rendered":"Dodik: Talijanskim zrakoplovom iznad Banja Luke grubo prekr\u0161ene granice BiH"},"content":{"rendered":"\n<p>Srpski \u010dlan Predsjedni\u0161tva BiH Milorad Dodik ocijenio je da su danas grubo prekr\u0161ene granice BiH preletima talijanskog vojnog zrakoplova iznad Banja Luke i cijele Krajine, kao i da je to jo\u0161 jedan dokaz da je BiH me\u0111unarodni protektorat. <\/p>\n\n\n\n<p>Dodik je napomenuo da je zapovjedni\u0161tvo EUFOR-a u BiH najavilo da bi ovih dana trebalo do\u010di do preleta francuskih vojnih aviona tipa &#8220;rafale&#8221; nad teritorijom BiH, ali da nije bilo nikakvih najava za nalete drugih vojnih aviona. <\/p>\n\n\n\n<p>On je napomenuo da su gra\u0111ani Banja Luke, a i cijele Krajine, danas mogli \u010duti i pro\u010ditati vijest na raznim portalima da nebom iznad njih kru\u017ei talijanski vojni zrakoplov u nepoznatoj misiji i s nepoznatom namjerom, te smatra da se s pravom zabrinuto pitaju o \u010demu se radi. <\/p>\n\n\n\n<p>Naime, kako su objavili portali, na internet stranici &#8220;Flightradar24&#8221; se vidi da je rije\u010d o avionu pod oznakom iam41188 talijanskih zra\u010dnih snaga, prenosi Srna.<\/p>\n\n\n\n<p>Dodik je za Srnu istakao da se postavlja opravdano pitanje \u0161ta taj avion radi iznad Krajine i za koga i u koje svrhe prikuplja podatke? <\/p>\n\n\n\n<p>On je upitao je li samo Krajina interesantno podru\u010dje za izvi\u0111anje ili je cilj sasvim druk\u010diji? <\/p>\n\n\n\n<p>&#8220;\u017deli li se ovim poslati neka poruka narodu Krajine u vrijeme ratnih doga\u0111anja nad Ukrajinom i vi\u0161emjese\u010dnim politi\u010dkim tenzijama u BiH&#8221;, pita Dodik. <\/p>\n\n\n\n<p>Ako ovako mogu da nad teritorijom BiH nadlije\u0107u razne strane letjelice, Dodik ka\u017ee da je onda opravdano pitanje opstanka suvereniteta BiH i da to predstavlja jo\u0161 jednu potvrdu o dr\u017eavi pod protektoratom me\u0111unarodne zajednice ili nekih organizacija koje nastupaju sa pozicije sile. <\/p>\n\n\n\n<p>&#8220;Mi ne mo\u017eemo na ovo utjecati, ali izra\u017eavamo duboki protest zbog ovakvog grubog kr\u0161enja granica BiH. Nije opravdanje ni to da se ovo svrstava u redovne aktivnosti EUFOR-a niti da se opravdava nekim \u010dlanovima Daytonskog mirovnog sporazuma&#8221;, istaknuo je Dodik. <\/p>\n\n\n\n<p>Predsjedni\u0161tvo BiH, kako je istaknu, o ovome nije obavje\u0161teno, a nije mu ni poznato je li neko u BiH upoznat s tim. <\/p>\n\n\n\n<p>&#8220;Krajnje je vrijeme da se prestane ovako pona\u0161ati ili da se ukine ovakva BiH&#8221;, zaklju\u010dio je Dodik. <\/p>\n\n\n\n<p><strong>Izvor: Bljesak.info<\/strong><\/p>\n","protected":false},"excerpt":{"rendered":"<p>Srpski \u010dlan Predsjedni\u0161tva BiH Milorad Dodik ocijenio je da su danas grubo prekr\u0161ene granice BiH preletima talijanskog vojnog zrakoplova iznad Banja Luke i cijele Krajine, kao i da je to jo\u0161 jedan dokaz da je BiH me\u0111unarodni protektorat. Dodik je napomenuo da je zapovjedni\u0161tvo EUFOR-a u BiH najavilo da bi ovih dana trebalo do\u010di do [&hellip;]<\/p>\n","protected":false},"author":2,"featured_media":119421,"comment_status":"closed","ping_status":"closed","sticky":false,"template":"","format":"standard","meta":{"h5ap_radio_sources":[],"footnotes":""},"categories":[1],"tags":[],"class_list":["post-119420","post","type-post","status-publish","format-standard","has-post-thumbnail","hentry","category-bihiregija"],"yoast_head":"<!-- This site is optimized with the Yoast SEO plugin v27.5 - https:\/\/yoast.com\/product\/yoast-seo-wordpress\/ -->\n<title>Dodik: Talijanskim zrakoplovom iznad Banja Luke grubo prekr\u0161ene granice BiH - RADIO LJUBU\u0160KI<\/title>\n<meta name=\"robots\" content=\"index, follow, max-snippet:-1, max-image-preview:large, max-video-preview:-1\" \/>\n<link rel=\"canonical\" href=\"https:\/\/radioljubuski.ba\/index.php\/2022\/03\/09\/dodik-talijanskim-zrakoplovom-iznad-banja-luke-grubo-prekrsene-granice-bih\/\" \/>\n<meta property=\"og:locale\" content=\"hr_HR\" \/>\n<meta property=\"og:type\" content=\"article\" \/>\n<meta property=\"og:title\" content=\"Dodik: Talijanskim zrakoplovom iznad Banja Luke grubo prekr\u0161ene granice BiH - RADIO LJUBU\u0160KI\" \/>\n<meta property=\"og:description\" content=\"Srpski \u010dlan Predsjedni\u0161tva BiH Milorad Dodik ocijenio je da su danas grubo prekr\u0161ene granice BiH preletima talijanskog vojnog zrakoplova iznad Banja Luke i cijele Krajine, kao i da je to jo\u0161 jedan dokaz da je BiH me\u0111unarodni protektorat. Dodik je napomenuo da je zapovjedni\u0161tvo EUFOR-a u BiH najavilo da bi ovih dana trebalo do\u010di do [&hellip;]\" \/>\n<meta property=\"og:url\" content=\"https:\/\/radioljubuski.ba\/index.php\/2022\/03\/09\/dodik-talijanskim-zrakoplovom-iznad-banja-luke-grubo-prekrsene-granice-bih\/\" \/>\n<meta property=\"og:site_name\" content=\"RADIO LJUBU\u0160KI\" \/>\n<meta property=\"article:publisher\" content=\"https:\/\/www.facebook.com\/Radiio-Ljubuski-1490835324566332\" \/>\n<meta property=\"article:published_time\" content=\"2022-03-09T06:34:52+00:00\" \/>\n<meta property=\"article:modified_time\" content=\"2022-03-09T06:37:17+00:00\" \/>\n<meta property=\"og:image\" content=\"https:\/\/radioljubuski.ba\/wp-content\/uploads\/2022\/03\/avioni.jpg\" \/>\n\t<meta property=\"og:image:width\" content=\"667\" \/>\n\t<meta property=\"og:image:height\" content=\"516\" \/>\n\t<meta property=\"og:image:type\" content=\"image\/jpeg\" \/>\n<meta name=\"author\" content=\"Radio Ljubu\u0161ki\" \/>\n<meta name=\"twitter:card\" content=\"summary_large_image\" \/>\n<meta name=\"twitter:creator\" content=\"@radioljubuski\" \/>\n<meta name=\"twitter:site\" content=\"@radioljubuski\" \/>\n<meta name=\"twitter:label1\" content=\"Napisao\/la\" \/>\n\t<meta name=\"twitter:data1\" content=\"Radio Ljubu\u0161ki\" \/>\n\t<meta name=\"twitter:label2\" content=\"Procijenjeno vrijeme \u010ditanja\" \/>\n\t<meta name=\"twitter:data2\" content=\"2 minute\" \/>\n<script type=\"application\/ld+json\" class=\"yoast-schema-graph\">{\"@context\":\"https:\\\/\\\/schema.org\",\"@graph\":[{\"@type\":\"Article\",\"@id\":\"https:\\\/\\\/radioljubuski.ba\\\/index.php\\\/2022\\\/03\\\/09\\\/dodik-talijanskim-zrakoplovom-iznad-banja-luke-grubo-prekrsene-granice-bih\\\/#article\",\"isPartOf\":{\"@id\":\"https:\\\/\\\/radioljubuski.ba\\\/index.php\\\/2022\\\/03\\\/09\\\/dodik-talijanskim-zrakoplovom-iznad-banja-luke-grubo-prekrsene-granice-bih\\\/\"},\"author\":{\"name\":\"Radio Ljubu\u0161ki\",\"@id\":\"https:\\\/\\\/radioljubuski.ba\\\/#\\\/schema\\\/person\\\/19fc700381a780f69665d7956c469e3b\"},\"headline\":\"Dodik: Talijanskim zrakoplovom iznad Banja Luke grubo prekr\u0161ene granice BiH\",\"datePublished\":\"2022-03-09T06:34:52+00:00\",\"dateModified\":\"2022-03-09T06:37:17+00:00\",\"mainEntityOfPage\":{\"@id\":\"https:\\\/\\\/radioljubuski.ba\\\/index.php\\\/2022\\\/03\\\/09\\\/dodik-talijanskim-zrakoplovom-iznad-banja-luke-grubo-prekrsene-granice-bih\\\/\"},\"wordCount\":373,\"publisher\":{\"@id\":\"https:\\\/\\\/radioljubuski.ba\\\/#organization\"},\"image\":{\"@id\":\"https:\\\/\\\/radioljubuski.ba\\\/index.php\\\/2022\\\/03\\\/09\\\/dodik-talijanskim-zrakoplovom-iznad-banja-luke-grubo-prekrsene-granice-bih\\\/#primaryimage\"},\"thumbnailUrl\":\"https:\\\/\\\/radioljubuski.ba\\\/wp-content\\\/uploads\\\/2022\\\/03\\\/avioni.jpg\",\"articleSection\":[\"BIH i regija\"],\"inLanguage\":\"hr\"},{\"@type\":\"WebPage\",\"@id\":\"https:\\\/\\\/radioljubuski.ba\\\/index.php\\\/2022\\\/03\\\/09\\\/dodik-talijanskim-zrakoplovom-iznad-banja-luke-grubo-prekrsene-granice-bih\\\/\",\"url\":\"https:\\\/\\\/radioljubuski.ba\\\/index.php\\\/2022\\\/03\\\/09\\\/dodik-talijanskim-zrakoplovom-iznad-banja-luke-grubo-prekrsene-granice-bih\\\/\",\"name\":\"Dodik: Talijanskim zrakoplovom iznad Banja Luke grubo prekr\u0161ene granice BiH - RADIO LJUBU\u0160KI\",\"isPartOf\":{\"@id\":\"https:\\\/\\\/radioljubuski.ba\\\/#website\"},\"primaryImageOfPage\":{\"@id\":\"https:\\\/\\\/radioljubuski.ba\\\/index.php\\\/2022\\\/03\\\/09\\\/dodik-talijanskim-zrakoplovom-iznad-banja-luke-grubo-prekrsene-granice-bih\\\/#primaryimage\"},\"image\":{\"@id\":\"https:\\\/\\\/radioljubuski.ba\\\/index.php\\\/2022\\\/03\\\/09\\\/dodik-talijanskim-zrakoplovom-iznad-banja-luke-grubo-prekrsene-granice-bih\\\/#primaryimage\"},\"thumbnailUrl\":\"https:\\\/\\\/radioljubuski.ba\\\/wp-content\\\/uploads\\\/2022\\\/03\\\/avioni.jpg\",\"datePublished\":\"2022-03-09T06:34:52+00:00\",\"dateModified\":\"2022-03-09T06:37:17+00:00\",\"breadcrumb\":{\"@id\":\"https:\\\/\\\/radioljubuski.ba\\\/index.php\\\/2022\\\/03\\\/09\\\/dodik-talijanskim-zrakoplovom-iznad-banja-luke-grubo-prekrsene-granice-bih\\\/#breadcrumb\"},\"inLanguage\":\"hr\",\"potentialAction\":[{\"@type\":\"ReadAction\",\"target\":[\"https:\\\/\\\/radioljubuski.ba\\\/index.php\\\/2022\\\/03\\\/09\\\/dodik-talijanskim-zrakoplovom-iznad-banja-luke-grubo-prekrsene-granice-bih\\\/\"]}]},{\"@type\":\"ImageObject\",\"inLanguage\":\"hr\",\"@id\":\"https:\\\/\\\/radioljubuski.ba\\\/index.php\\\/2022\\\/03\\\/09\\\/dodik-talijanskim-zrakoplovom-iznad-banja-luke-grubo-prekrsene-granice-bih\\\/#primaryimage\",\"url\":\"https:\\\/\\\/radioljubuski.ba\\\/wp-content\\\/uploads\\\/2022\\\/03\\\/avioni.jpg\",\"contentUrl\":\"https:\\\/\\\/radioljubuski.ba\\\/wp-content\\\/uploads\\\/2022\\\/03\\\/avioni.jpg\",\"width\":667,\"height\":516},{\"@type\":\"BreadcrumbList\",\"@id\":\"https:\\\/\\\/radioljubuski.ba\\\/index.php\\\/2022\\\/03\\\/09\\\/dodik-talijanskim-zrakoplovom-iznad-banja-luke-grubo-prekrsene-granice-bih\\\/#breadcrumb\",\"itemListElement\":[{\"@type\":\"ListItem\",\"position\":1,\"name\":\"Po\u010detna stranica\",\"item\":\"https:\\\/\\\/radioljubuski.ba\\\/\"},{\"@type\":\"ListItem\",\"position\":2,\"name\":\"Dodik: Talijanskim zrakoplovom iznad Banja Luke grubo prekr\u0161ene granice BiH\"}]},{\"@type\":\"WebSite\",\"@id\":\"https:\\\/\\\/radioljubuski.ba\\\/#website\",\"url\":\"https:\\\/\\\/radioljubuski.ba\\\/\",\"name\":\"Radio Ljubu\u0161ki\",\"description\":\"Sun\u010dana frekvencija Hercegovine\",\"publisher\":{\"@id\":\"https:\\\/\\\/radioljubuski.ba\\\/#organization\"},\"potentialAction\":[{\"@type\":\"SearchAction\",\"target\":{\"@type\":\"EntryPoint\",\"urlTemplate\":\"https:\\\/\\\/radioljubuski.ba\\\/?s={search_term_string}\"},\"query-input\":{\"@type\":\"PropertyValueSpecification\",\"valueRequired\":true,\"valueName\":\"search_term_string\"}}],\"inLanguage\":\"hr\"},{\"@type\":\"Organization\",\"@id\":\"https:\\\/\\\/radioljubuski.ba\\\/#organization\",\"name\":\"Radio Ljubu\u0161ki\",\"url\":\"https:\\\/\\\/radioljubuski.ba\\\/\",\"logo\":{\"@type\":\"ImageObject\",\"inLanguage\":\"hr\",\"@id\":\"https:\\\/\\\/radioljubuski.ba\\\/#\\\/schema\\\/logo\\\/image\\\/\",\"url\":\"https:\\\/\\\/radioljubuski.ba\\\/wp-content\\\/uploads\\\/2021\\\/02\\\/cropped-Radio_Ljubuski_logo1.jpg\",\"contentUrl\":\"https:\\\/\\\/radioljubuski.ba\\\/wp-content\\\/uploads\\\/2021\\\/02\\\/cropped-Radio_Ljubuski_logo1.jpg\",\"width\":512,\"height\":512,\"caption\":\"Radio Ljubu\u0161ki\"},\"image\":{\"@id\":\"https:\\\/\\\/radioljubuski.ba\\\/#\\\/schema\\\/logo\\\/image\\\/\"},\"sameAs\":[\"https:\\\/\\\/www.facebook.com\\\/Radiio-Ljubuski-1490835324566332\",\"https:\\\/\\\/x.com\\\/radioljubuski\",\"https:\\\/\\\/hr.linkedin.com\\\/company\\\/radio-ljubuski\",\"https:\\\/\\\/www.youtube.com\\\/channel\\\/UCHYaeO_n0Db3tjNGudGpXyw\"]},{\"@type\":\"Person\",\"@id\":\"https:\\\/\\\/radioljubuski.ba\\\/#\\\/schema\\\/person\\\/19fc700381a780f69665d7956c469e3b\",\"name\":\"Radio Ljubu\u0161ki\"}]}<\/script>\n<!-- \/ Yoast SEO plugin. -->","yoast_head_json":{"title":"Dodik: Talijanskim zrakoplovom iznad Banja Luke grubo prekr\u0161ene granice BiH - RADIO LJUBU\u0160KI","robots":{"index":"index","follow":"follow","max-snippet":"max-snippet:-1","max-image-preview":"max-image-preview:large","max-video-preview":"max-video-preview:-1"},"canonical":"https:\/\/radioljubuski.ba\/index.php\/2022\/03\/09\/dodik-talijanskim-zrakoplovom-iznad-banja-luke-grubo-prekrsene-granice-bih\/","og_locale":"hr_HR","og_type":"article","og_title":"Dodik: Talijanskim zrakoplovom iznad Banja Luke grubo prekr\u0161ene granice BiH - RADIO LJUBU\u0160KI","og_description":"Srpski \u010dlan Predsjedni\u0161tva BiH Milorad Dodik ocijenio je da su danas grubo prekr\u0161ene granice BiH preletima talijanskog vojnog zrakoplova iznad Banja Luke i cijele Krajine, kao i da je to jo\u0161 jedan dokaz da je BiH me\u0111unarodni protektorat. Dodik je napomenuo da je zapovjedni\u0161tvo EUFOR-a u BiH najavilo da bi ovih dana trebalo do\u010di do [&hellip;]","og_url":"https:\/\/radioljubuski.ba\/index.php\/2022\/03\/09\/dodik-talijanskim-zrakoplovom-iznad-banja-luke-grubo-prekrsene-granice-bih\/","og_site_name":"RADIO LJUBU\u0160KI","article_publisher":"https:\/\/www.facebook.com\/Radiio-Ljubuski-1490835324566332","article_published_time":"2022-03-09T06:34:52+00:00","article_modified_time":"2022-03-09T06:37:17+00:00","og_image":[{"width":667,"height":516,"url":"https:\/\/radioljubuski.ba\/wp-content\/uploads\/2022\/03\/avioni.jpg","type":"image\/jpeg"}],"author":"Radio Ljubu\u0161ki","twitter_card":"summary_large_image","twitter_creator":"@radioljubuski","twitter_site":"@radioljubuski","twitter_misc":{"Napisao\/la":"Radio Ljubu\u0161ki","Procijenjeno vrijeme \u010ditanja":"2 minute"},"schema":{"@context":"https:\/\/schema.org","@graph":[{"@type":"Article","@id":"https:\/\/radioljubuski.ba\/index.php\/2022\/03\/09\/dodik-talijanskim-zrakoplovom-iznad-banja-luke-grubo-prekrsene-granice-bih\/#article","isPartOf":{"@id":"https:\/\/radioljubuski.ba\/index.php\/2022\/03\/09\/dodik-talijanskim-zrakoplovom-iznad-banja-luke-grubo-prekrsene-granice-bih\/"},"author":{"name":"Radio Ljubu\u0161ki","@id":"https:\/\/radioljubuski.ba\/#\/schema\/person\/19fc700381a780f69665d7956c469e3b"},"headline":"Dodik: Talijanskim zrakoplovom iznad Banja Luke grubo prekr\u0161ene granice BiH","datePublished":"2022-03-09T06:34:52+00:00","dateModified":"2022-03-09T06:37:17+00:00","mainEntityOfPage":{"@id":"https:\/\/radioljubuski.ba\/index.php\/2022\/03\/09\/dodik-talijanskim-zrakoplovom-iznad-banja-luke-grubo-prekrsene-granice-bih\/"},"wordCount":373,"publisher":{"@id":"https:\/\/radioljubuski.ba\/#organization"},"image":{"@id":"https:\/\/radioljubuski.ba\/index.php\/2022\/03\/09\/dodik-talijanskim-zrakoplovom-iznad-banja-luke-grubo-prekrsene-granice-bih\/#primaryimage"},"thumbnailUrl":"https:\/\/radioljubuski.ba\/wp-content\/uploads\/2022\/03\/avioni.jpg","articleSection":["BIH i regija"],"inLanguage":"hr"},{"@type":"WebPage","@id":"https:\/\/radioljubuski.ba\/index.php\/2022\/03\/09\/dodik-talijanskim-zrakoplovom-iznad-banja-luke-grubo-prekrsene-granice-bih\/","url":"https:\/\/radioljubuski.ba\/index.php\/2022\/03\/09\/dodik-talijanskim-zrakoplovom-iznad-banja-luke-grubo-prekrsene-granice-bih\/","name":"Dodik: Talijanskim zrakoplovom iznad Banja Luke grubo prekr\u0161ene granice BiH - RADIO LJUBU\u0160KI","isPartOf":{"@id":"https:\/\/radioljubuski.ba\/#website"},"primaryImageOfPage":{"@id":"https:\/\/radioljubuski.ba\/index.php\/2022\/03\/09\/dodik-talijanskim-zrakoplovom-iznad-banja-luke-grubo-prekrsene-granice-bih\/#primaryimage"},"image":{"@id":"https:\/\/radioljubuski.ba\/index.php\/2022\/03\/09\/dodik-talijanskim-zrakoplovom-iznad-banja-luke-grubo-prekrsene-granice-bih\/#primaryimage"},"thumbnailUrl":"https:\/\/radioljubuski.ba\/wp-content\/uploads\/2022\/03\/avioni.jpg","datePublished":"2022-03-09T06:34:52+00:00","dateModified":"2022-03-09T06:37:17+00:00","breadcrumb":{"@id":"https:\/\/radioljubuski.ba\/index.php\/2022\/03\/09\/dodik-talijanskim-zrakoplovom-iznad-banja-luke-grubo-prekrsene-granice-bih\/#breadcrumb"},"inLanguage":"hr","potentialAction":[{"@type":"ReadAction","target":["https:\/\/radioljubuski.ba\/index.php\/2022\/03\/09\/dodik-talijanskim-zrakoplovom-iznad-banja-luke-grubo-prekrsene-granice-bih\/"]}]},{"@type":"ImageObject","inLanguage":"hr","@id":"https:\/\/radioljubuski.ba\/index.php\/2022\/03\/09\/dodik-talijanskim-zrakoplovom-iznad-banja-luke-grubo-prekrsene-granice-bih\/#primaryimage","url":"https:\/\/radioljubuski.ba\/wp-content\/uploads\/2022\/03\/avioni.jpg","contentUrl":"https:\/\/radioljubuski.ba\/wp-content\/uploads\/2022\/03\/avioni.jpg","width":667,"height":516},{"@type":"BreadcrumbList","@id":"https:\/\/radioljubuski.ba\/index.php\/2022\/03\/09\/dodik-talijanskim-zrakoplovom-iznad-banja-luke-grubo-prekrsene-granice-bih\/#breadcrumb","itemListElement":[{"@type":"ListItem","position":1,"name":"Po\u010detna stranica","item":"https:\/\/radioljubuski.ba\/"},{"@type":"ListItem","position":2,"name":"Dodik: Talijanskim zrakoplovom iznad Banja Luke grubo prekr\u0161ene granice BiH"}]},{"@type":"WebSite","@id":"https:\/\/radioljubuski.ba\/#website","url":"https:\/\/radioljubuski.ba\/","name":"Radio Ljubu\u0161ki","description":"Sun\u010dana frekvencija Hercegovine","publisher":{"@id":"https:\/\/radioljubuski.ba\/#organization"},"potentialAction":[{"@type":"SearchAction","target":{"@type":"EntryPoint","urlTemplate":"https:\/\/radioljubuski.ba\/?s={search_term_string}"},"query-input":{"@type":"PropertyValueSpecification","valueRequired":true,"valueName":"search_term_string"}}],"inLanguage":"hr"},{"@type":"Organization","@id":"https:\/\/radioljubuski.ba\/#organization","name":"Radio Ljubu\u0161ki","url":"https:\/\/radioljubuski.ba\/","logo":{"@type":"ImageObject","inLanguage":"hr","@id":"https:\/\/radioljubuski.ba\/#\/schema\/logo\/image\/","url":"https:\/\/radioljubuski.ba\/wp-content\/uploads\/2021\/02\/cropped-Radio_Ljubuski_logo1.jpg","contentUrl":"https:\/\/radioljubuski.ba\/wp-content\/uploads\/2021\/02\/cropped-Radio_Ljubuski_logo1.jpg","width":512,"height":512,"caption":"Radio Ljubu\u0161ki"},"image":{"@id":"https:\/\/radioljubuski.ba\/#\/schema\/logo\/image\/"},"sameAs":["https:\/\/www.facebook.com\/Radiio-Ljubuski-1490835324566332","https:\/\/x.com\/radioljubuski","https:\/\/hr.linkedin.com\/company\/radio-ljubuski","https:\/\/www.youtube.com\/channel\/UCHYaeO_n0Db3tjNGudGpXyw"]},{"@type":"Person","@id":"https:\/\/radioljubuski.ba\/#\/schema\/person\/19fc700381a780f69665d7956c469e3b","name":"Radio Ljubu\u0161ki"}]}},"_links":{"self":[{"href":"https:\/\/radioljubuski.ba\/index.php\/wp-json\/wp\/v2\/posts\/119420","targetHints":{"allow":["GET"]}}],"collection":[{"href":"https:\/\/radioljubuski.ba\/index.php\/wp-json\/wp\/v2\/posts"}],"about":[{"href":"https:\/\/radioljubuski.ba\/index.php\/wp-json\/wp\/v2\/types\/post"}],"author":[{"embeddable":true,"href":"https:\/\/radioljubuski.ba\/index.php\/wp-json\/wp\/v2\/users\/2"}],"replies":[{"embeddable":true,"href":"https:\/\/radioljubuski.ba\/index.php\/wp-json\/wp\/v2\/comments?post=119420"}],"version-history":[{"count":2,"href":"https:\/\/radioljubuski.ba\/index.php\/wp-json\/wp\/v2\/posts\/119420\/revisions"}],"predecessor-version":[{"id":119426,"href":"https:\/\/radioljubuski.ba\/index.php\/wp-json\/wp\/v2\/posts\/119420\/revisions\/119426"}],"wp:featuredmedia":[{"embeddable":true,"href":"https:\/\/radioljubuski.ba\/index.php\/wp-json\/wp\/v2\/media\/119421"}],"wp:attachment":[{"href":"https:\/\/radioljubuski.ba\/index.php\/wp-json\/wp\/v2\/media?parent=119420"}],"wp:term":[{"taxonomy":"category","embeddable":true,"href":"https:\/\/radioljubuski.ba\/index.php\/wp-json\/wp\/v2\/categories?post=119420"},{"taxonomy":"post_tag","embeddable":true,"href":"https:\/\/radioljubuski.ba\/index.php\/wp-json\/wp\/v2\/tags?post=119420"}],"curies":[{"name":"wp","href":"https:\/\/api.w.org\/{rel}","templated":true}]}}