{"id":119427,"date":"2022-03-09T07:47:20","date_gmt":"2022-03-09T06:47:20","guid":{"rendered":"https:\/\/radioljubuski.ba\/?p=119427"},"modified":"2022-03-09T07:47:21","modified_gmt":"2022-03-09T06:47:21","slug":"vozace-iz-bih-u-austriji-pod-prijetnjom-tjerali-da-krse-zakon","status":"publish","type":"post","link":"https:\/\/radioljubuski.ba\/index.php\/2022\/03\/09\/vozace-iz-bih-u-austriji-pod-prijetnjom-tjerali-da-krse-zakon\/","title":{"rendered":"Voza\u010de iz BiH u Austriji pod prijetnjom tjerali da kr\u0161e zakon"},"content":{"rendered":"\n<p>Prijevozni\u010dka tvrtka iz podru\u010dja Hartberga (\u0160tajerska) navodno je natjerala najmanje dva voza\u010da na nepropisnu vo\u017enju. Za vlasnikom, Slovencem (54) se mjesecima tragalo, a 4. o\u017eujka slu\u017ebenici autoceste u Hartbergu uspjeli su osumnji\u010denika locirati u blizini La\u00dfnitzh\u00f6hea dok je vozio svoj kamion na autocesti A2 u pravcu juga, javlja \u201cKleine Zeitung\u201d.<\/p>\n\n\n\n<p>Vlasnik je nesvjesno sam pokrenuo svoj slu\u010daj uhi\u0107enja. Slovenac je pro\u0161log studenog prijavio policiji, voza\u010da (26) koji je ve\u0107 dobio otkaz, jer je vozio kamion od tvrtke na autocesti A2 od Be\u010da do Graza bez ovla\u0161tenja.<\/p>\n\n\n\n<p>Za 26-godi\u0161njakom se potom tragalo, isti dan je zaustavljen i ispitan. \u010covjek iz Bosne i Hercegovine izjavio je da ga je \u0161ef tvrtke u vi\u0161e navrata tjerao na kr\u0161enje zakona od kolovoza 2021. godine.<\/p>\n\n\n\n<p>Primjerice, prijevoznik je zahtijevao vo\u017enju bez kori\u0161tenja kartice voza\u010da u digitalnom kontrolnom ure\u0111aju i neovla\u0161tene silaske s autoceste kako bi izbjegao pla\u0107anje cestarine. Ako 26-godi\u0161njak ne bi pristao na zahtjeve, prijetila mu je opasnost od drasti\u010dnog smanjenja pla\u0107e. Voza\u010d je svoje tvrdnje mogao potkrijepiti glasovnim i tekstualnim porukama svog \u0161efa, kao i navedenim rutama vo\u017enje. Kada je mu\u0161karac iz BIH odbio daljnja ilegalna putovanja, dobio je (usmeno) otkaz.<\/p>\n\n\n\n<p>Osim 26-godi\u0161njaka, izjave je potvrdio i jo\u0161 jedan voza\u010d kamiona. \u0160ezdesetogodi\u0161njak iz Bosne i Hercegovine izjavio je da ga je na isti na\u010din natjerao \u0161ef tvrtke da prekr\u0161i zakon. Prijetilo mu je i drasti\u010dno smanjenje pla\u0107e.<\/p>\n\n\n\n<p>Prijevozna tvrtka i vlasnik su prijavljeni, ali se vlasnik skrivao unato\u010d nekoliko zahtjeva za policijsko ispitivanje te je stoga pokrenuta istraga. Slovenac je uhi\u0107en 4. o\u017eujka, on optu\u017ebe negira. \u010celnik tvrtke prijavljen je za upravne i kaznene prekr\u0161aje, a dvoje biv\u0161ih zaposlenika za upravne prekr\u0161aje.<\/p>\n\n\n\n<p><a href=\"https:\/\/fenix-magazin.de\/vozaci-iz-bih-u-austriji-tvrde-vlasnik-nas-je-tjerao-na-krsenje-zakona-prijetio-nam-je-drasticnim-smanjenjem-placa\/\">Izvor. Fenix magazin<\/a><\/p>\n","protected":false},"excerpt":{"rendered":"<p>Prijevozni\u010dka tvrtka iz podru\u010dja Hartberga (\u0160tajerska) navodno je natjerala najmanje dva voza\u010da na nepropisnu vo\u017enju. Za vlasnikom, Slovencem (54) se mjesecima tragalo, a 4. o\u017eujka slu\u017ebenici autoceste u Hartbergu uspjeli su osumnji\u010denika locirati u blizini La\u00dfnitzh\u00f6hea dok je vozio svoj kamion na autocesti A2 u pravcu juga, javlja \u201cKleine Zeitung\u201d. Vlasnik je nesvjesno sam pokrenuo [&hellip;]<\/p>\n","protected":false},"author":2,"featured_media":111281,"comment_status":"closed","ping_status":"closed","sticky":false,"template":"","format":"standard","meta":{"h5ap_radio_sources":[],"footnotes":""},"categories":[1],"tags":[],"class_list":["post-119427","post","type-post","status-publish","format-standard","has-post-thumbnail","hentry","category-bihiregija"],"yoast_head":"<!-- This site is optimized with the Yoast SEO plugin v27.5 - https:\/\/yoast.com\/product\/yoast-seo-wordpress\/ -->\n<title>Voza\u010de iz BiH u Austriji pod prijetnjom tjerali da kr\u0161e zakon - RADIO LJUBU\u0160KI<\/title>\n<meta name=\"robots\" content=\"index, follow, max-snippet:-1, max-image-preview:large, max-video-preview:-1\" \/>\n<link rel=\"canonical\" href=\"https:\/\/radioljubuski.ba\/index.php\/2022\/03\/09\/vozace-iz-bih-u-austriji-pod-prijetnjom-tjerali-da-krse-zakon\/\" \/>\n<meta property=\"og:locale\" content=\"hr_HR\" \/>\n<meta property=\"og:type\" content=\"article\" \/>\n<meta property=\"og:title\" content=\"Voza\u010de iz BiH u Austriji pod prijetnjom tjerali da kr\u0161e zakon - RADIO LJUBU\u0160KI\" \/>\n<meta property=\"og:description\" content=\"Prijevozni\u010dka tvrtka iz podru\u010dja Hartberga (\u0160tajerska) navodno je natjerala najmanje dva voza\u010da na nepropisnu vo\u017enju. Za vlasnikom, Slovencem (54) se mjesecima tragalo, a 4. o\u017eujka slu\u017ebenici autoceste u Hartbergu uspjeli su osumnji\u010denika locirati u blizini La\u00dfnitzh\u00f6hea dok je vozio svoj kamion na autocesti A2 u pravcu juga, javlja \u201cKleine Zeitung\u201d. Vlasnik je nesvjesno sam pokrenuo [&hellip;]\" \/>\n<meta property=\"og:url\" content=\"https:\/\/radioljubuski.ba\/index.php\/2022\/03\/09\/vozace-iz-bih-u-austriji-pod-prijetnjom-tjerali-da-krse-zakon\/\" \/>\n<meta property=\"og:site_name\" content=\"RADIO LJUBU\u0160KI\" \/>\n<meta property=\"article:publisher\" content=\"https:\/\/www.facebook.com\/Radiio-Ljubuski-1490835324566332\" \/>\n<meta property=\"article:published_time\" content=\"2022-03-09T06:47:20+00:00\" \/>\n<meta property=\"article:modified_time\" content=\"2022-03-09T06:47:21+00:00\" \/>\n<meta property=\"og:image\" content=\"https:\/\/radioljubuski.ba\/wp-content\/uploads\/2022\/02\/7-2022-02-04-17-11-21-austrijakamion.jpg\" \/>\n\t<meta property=\"og:image:width\" content=\"1000\" \/>\n\t<meta property=\"og:image:height\" content=\"625\" \/>\n\t<meta property=\"og:image:type\" content=\"image\/jpeg\" \/>\n<meta name=\"author\" content=\"Radio Ljubu\u0161ki\" \/>\n<meta name=\"twitter:card\" content=\"summary_large_image\" \/>\n<meta name=\"twitter:creator\" content=\"@radioljubuski\" \/>\n<meta name=\"twitter:site\" content=\"@radioljubuski\" \/>\n<meta name=\"twitter:label1\" content=\"Napisao\/la\" \/>\n\t<meta name=\"twitter:data1\" content=\"Radio Ljubu\u0161ki\" \/>\n\t<meta name=\"twitter:label2\" content=\"Procijenjeno vrijeme \u010ditanja\" \/>\n\t<meta name=\"twitter:data2\" content=\"2 minute\" \/>\n<script type=\"application\/ld+json\" class=\"yoast-schema-graph\">{\"@context\":\"https:\\\/\\\/schema.org\",\"@graph\":[{\"@type\":\"Article\",\"@id\":\"https:\\\/\\\/radioljubuski.ba\\\/index.php\\\/2022\\\/03\\\/09\\\/vozace-iz-bih-u-austriji-pod-prijetnjom-tjerali-da-krse-zakon\\\/#article\",\"isPartOf\":{\"@id\":\"https:\\\/\\\/radioljubuski.ba\\\/index.php\\\/2022\\\/03\\\/09\\\/vozace-iz-bih-u-austriji-pod-prijetnjom-tjerali-da-krse-zakon\\\/\"},\"author\":{\"name\":\"Radio Ljubu\u0161ki\",\"@id\":\"https:\\\/\\\/radioljubuski.ba\\\/#\\\/schema\\\/person\\\/19fc700381a780f69665d7956c469e3b\"},\"headline\":\"Voza\u010de iz BiH u Austriji pod prijetnjom tjerali da kr\u0161e zakon\",\"datePublished\":\"2022-03-09T06:47:20+00:00\",\"dateModified\":\"2022-03-09T06:47:21+00:00\",\"mainEntityOfPage\":{\"@id\":\"https:\\\/\\\/radioljubuski.ba\\\/index.php\\\/2022\\\/03\\\/09\\\/vozace-iz-bih-u-austriji-pod-prijetnjom-tjerali-da-krse-zakon\\\/\"},\"wordCount\":321,\"publisher\":{\"@id\":\"https:\\\/\\\/radioljubuski.ba\\\/#organization\"},\"image\":{\"@id\":\"https:\\\/\\\/radioljubuski.ba\\\/index.php\\\/2022\\\/03\\\/09\\\/vozace-iz-bih-u-austriji-pod-prijetnjom-tjerali-da-krse-zakon\\\/#primaryimage\"},\"thumbnailUrl\":\"https:\\\/\\\/radioljubuski.ba\\\/wp-content\\\/uploads\\\/2022\\\/02\\\/7-2022-02-04-17-11-21-austrijakamion.jpg\",\"articleSection\":[\"BIH i regija\"],\"inLanguage\":\"hr\"},{\"@type\":\"WebPage\",\"@id\":\"https:\\\/\\\/radioljubuski.ba\\\/index.php\\\/2022\\\/03\\\/09\\\/vozace-iz-bih-u-austriji-pod-prijetnjom-tjerali-da-krse-zakon\\\/\",\"url\":\"https:\\\/\\\/radioljubuski.ba\\\/index.php\\\/2022\\\/03\\\/09\\\/vozace-iz-bih-u-austriji-pod-prijetnjom-tjerali-da-krse-zakon\\\/\",\"name\":\"Voza\u010de iz BiH u Austriji pod prijetnjom tjerali da kr\u0161e zakon - RADIO LJUBU\u0160KI\",\"isPartOf\":{\"@id\":\"https:\\\/\\\/radioljubuski.ba\\\/#website\"},\"primaryImageOfPage\":{\"@id\":\"https:\\\/\\\/radioljubuski.ba\\\/index.php\\\/2022\\\/03\\\/09\\\/vozace-iz-bih-u-austriji-pod-prijetnjom-tjerali-da-krse-zakon\\\/#primaryimage\"},\"image\":{\"@id\":\"https:\\\/\\\/radioljubuski.ba\\\/index.php\\\/2022\\\/03\\\/09\\\/vozace-iz-bih-u-austriji-pod-prijetnjom-tjerali-da-krse-zakon\\\/#primaryimage\"},\"thumbnailUrl\":\"https:\\\/\\\/radioljubuski.ba\\\/wp-content\\\/uploads\\\/2022\\\/02\\\/7-2022-02-04-17-11-21-austrijakamion.jpg\",\"datePublished\":\"2022-03-09T06:47:20+00:00\",\"dateModified\":\"2022-03-09T06:47:21+00:00\",\"breadcrumb\":{\"@id\":\"https:\\\/\\\/radioljubuski.ba\\\/index.php\\\/2022\\\/03\\\/09\\\/vozace-iz-bih-u-austriji-pod-prijetnjom-tjerali-da-krse-zakon\\\/#breadcrumb\"},\"inLanguage\":\"hr\",\"potentialAction\":[{\"@type\":\"ReadAction\",\"target\":[\"https:\\\/\\\/radioljubuski.ba\\\/index.php\\\/2022\\\/03\\\/09\\\/vozace-iz-bih-u-austriji-pod-prijetnjom-tjerali-da-krse-zakon\\\/\"]}]},{\"@type\":\"ImageObject\",\"inLanguage\":\"hr\",\"@id\":\"https:\\\/\\\/radioljubuski.ba\\\/index.php\\\/2022\\\/03\\\/09\\\/vozace-iz-bih-u-austriji-pod-prijetnjom-tjerali-da-krse-zakon\\\/#primaryimage\",\"url\":\"https:\\\/\\\/radioljubuski.ba\\\/wp-content\\\/uploads\\\/2022\\\/02\\\/7-2022-02-04-17-11-21-austrijakamion.jpg\",\"contentUrl\":\"https:\\\/\\\/radioljubuski.ba\\\/wp-content\\\/uploads\\\/2022\\\/02\\\/7-2022-02-04-17-11-21-austrijakamion.jpg\",\"width\":1000,\"height\":625},{\"@type\":\"BreadcrumbList\",\"@id\":\"https:\\\/\\\/radioljubuski.ba\\\/index.php\\\/2022\\\/03\\\/09\\\/vozace-iz-bih-u-austriji-pod-prijetnjom-tjerali-da-krse-zakon\\\/#breadcrumb\",\"itemListElement\":[{\"@type\":\"ListItem\",\"position\":1,\"name\":\"Po\u010detna stranica\",\"item\":\"https:\\\/\\\/radioljubuski.ba\\\/\"},{\"@type\":\"ListItem\",\"position\":2,\"name\":\"Voza\u010de iz BiH u Austriji pod prijetnjom tjerali da kr\u0161e zakon\"}]},{\"@type\":\"WebSite\",\"@id\":\"https:\\\/\\\/radioljubuski.ba\\\/#website\",\"url\":\"https:\\\/\\\/radioljubuski.ba\\\/\",\"name\":\"Radio Ljubu\u0161ki\",\"description\":\"Sun\u010dana frekvencija Hercegovine\",\"publisher\":{\"@id\":\"https:\\\/\\\/radioljubuski.ba\\\/#organization\"},\"potentialAction\":[{\"@type\":\"SearchAction\",\"target\":{\"@type\":\"EntryPoint\",\"urlTemplate\":\"https:\\\/\\\/radioljubuski.ba\\\/?s={search_term_string}\"},\"query-input\":{\"@type\":\"PropertyValueSpecification\",\"valueRequired\":true,\"valueName\":\"search_term_string\"}}],\"inLanguage\":\"hr\"},{\"@type\":\"Organization\",\"@id\":\"https:\\\/\\\/radioljubuski.ba\\\/#organization\",\"name\":\"Radio Ljubu\u0161ki\",\"url\":\"https:\\\/\\\/radioljubuski.ba\\\/\",\"logo\":{\"@type\":\"ImageObject\",\"inLanguage\":\"hr\",\"@id\":\"https:\\\/\\\/radioljubuski.ba\\\/#\\\/schema\\\/logo\\\/image\\\/\",\"url\":\"https:\\\/\\\/radioljubuski.ba\\\/wp-content\\\/uploads\\\/2021\\\/02\\\/cropped-Radio_Ljubuski_logo1.jpg\",\"contentUrl\":\"https:\\\/\\\/radioljubuski.ba\\\/wp-content\\\/uploads\\\/2021\\\/02\\\/cropped-Radio_Ljubuski_logo1.jpg\",\"width\":512,\"height\":512,\"caption\":\"Radio Ljubu\u0161ki\"},\"image\":{\"@id\":\"https:\\\/\\\/radioljubuski.ba\\\/#\\\/schema\\\/logo\\\/image\\\/\"},\"sameAs\":[\"https:\\\/\\\/www.facebook.com\\\/Radiio-Ljubuski-1490835324566332\",\"https:\\\/\\\/x.com\\\/radioljubuski\",\"https:\\\/\\\/hr.linkedin.com\\\/company\\\/radio-ljubuski\",\"https:\\\/\\\/www.youtube.com\\\/channel\\\/UCHYaeO_n0Db3tjNGudGpXyw\"]},{\"@type\":\"Person\",\"@id\":\"https:\\\/\\\/radioljubuski.ba\\\/#\\\/schema\\\/person\\\/19fc700381a780f69665d7956c469e3b\",\"name\":\"Radio Ljubu\u0161ki\"}]}<\/script>\n<!-- \/ Yoast SEO plugin. -->","yoast_head_json":{"title":"Voza\u010de iz BiH u Austriji pod prijetnjom tjerali da kr\u0161e zakon - RADIO LJUBU\u0160KI","robots":{"index":"index","follow":"follow","max-snippet":"max-snippet:-1","max-image-preview":"max-image-preview:large","max-video-preview":"max-video-preview:-1"},"canonical":"https:\/\/radioljubuski.ba\/index.php\/2022\/03\/09\/vozace-iz-bih-u-austriji-pod-prijetnjom-tjerali-da-krse-zakon\/","og_locale":"hr_HR","og_type":"article","og_title":"Voza\u010de iz BiH u Austriji pod prijetnjom tjerali da kr\u0161e zakon - RADIO LJUBU\u0160KI","og_description":"Prijevozni\u010dka tvrtka iz podru\u010dja Hartberga (\u0160tajerska) navodno je natjerala najmanje dva voza\u010da na nepropisnu vo\u017enju. Za vlasnikom, Slovencem (54) se mjesecima tragalo, a 4. o\u017eujka slu\u017ebenici autoceste u Hartbergu uspjeli su osumnji\u010denika locirati u blizini La\u00dfnitzh\u00f6hea dok je vozio svoj kamion na autocesti A2 u pravcu juga, javlja \u201cKleine Zeitung\u201d. Vlasnik je nesvjesno sam pokrenuo [&hellip;]","og_url":"https:\/\/radioljubuski.ba\/index.php\/2022\/03\/09\/vozace-iz-bih-u-austriji-pod-prijetnjom-tjerali-da-krse-zakon\/","og_site_name":"RADIO LJUBU\u0160KI","article_publisher":"https:\/\/www.facebook.com\/Radiio-Ljubuski-1490835324566332","article_published_time":"2022-03-09T06:47:20+00:00","article_modified_time":"2022-03-09T06:47:21+00:00","og_image":[{"width":1000,"height":625,"url":"https:\/\/radioljubuski.ba\/wp-content\/uploads\/2022\/02\/7-2022-02-04-17-11-21-austrijakamion.jpg","type":"image\/jpeg"}],"author":"Radio Ljubu\u0161ki","twitter_card":"summary_large_image","twitter_creator":"@radioljubuski","twitter_site":"@radioljubuski","twitter_misc":{"Napisao\/la":"Radio Ljubu\u0161ki","Procijenjeno vrijeme \u010ditanja":"2 minute"},"schema":{"@context":"https:\/\/schema.org","@graph":[{"@type":"Article","@id":"https:\/\/radioljubuski.ba\/index.php\/2022\/03\/09\/vozace-iz-bih-u-austriji-pod-prijetnjom-tjerali-da-krse-zakon\/#article","isPartOf":{"@id":"https:\/\/radioljubuski.ba\/index.php\/2022\/03\/09\/vozace-iz-bih-u-austriji-pod-prijetnjom-tjerali-da-krse-zakon\/"},"author":{"name":"Radio Ljubu\u0161ki","@id":"https:\/\/radioljubuski.ba\/#\/schema\/person\/19fc700381a780f69665d7956c469e3b"},"headline":"Voza\u010de iz BiH u Austriji pod prijetnjom tjerali da kr\u0161e zakon","datePublished":"2022-03-09T06:47:20+00:00","dateModified":"2022-03-09T06:47:21+00:00","mainEntityOfPage":{"@id":"https:\/\/radioljubuski.ba\/index.php\/2022\/03\/09\/vozace-iz-bih-u-austriji-pod-prijetnjom-tjerali-da-krse-zakon\/"},"wordCount":321,"publisher":{"@id":"https:\/\/radioljubuski.ba\/#organization"},"image":{"@id":"https:\/\/radioljubuski.ba\/index.php\/2022\/03\/09\/vozace-iz-bih-u-austriji-pod-prijetnjom-tjerali-da-krse-zakon\/#primaryimage"},"thumbnailUrl":"https:\/\/radioljubuski.ba\/wp-content\/uploads\/2022\/02\/7-2022-02-04-17-11-21-austrijakamion.jpg","articleSection":["BIH i regija"],"inLanguage":"hr"},{"@type":"WebPage","@id":"https:\/\/radioljubuski.ba\/index.php\/2022\/03\/09\/vozace-iz-bih-u-austriji-pod-prijetnjom-tjerali-da-krse-zakon\/","url":"https:\/\/radioljubuski.ba\/index.php\/2022\/03\/09\/vozace-iz-bih-u-austriji-pod-prijetnjom-tjerali-da-krse-zakon\/","name":"Voza\u010de iz BiH u Austriji pod prijetnjom tjerali da kr\u0161e zakon - RADIO LJUBU\u0160KI","isPartOf":{"@id":"https:\/\/radioljubuski.ba\/#website"},"primaryImageOfPage":{"@id":"https:\/\/radioljubuski.ba\/index.php\/2022\/03\/09\/vozace-iz-bih-u-austriji-pod-prijetnjom-tjerali-da-krse-zakon\/#primaryimage"},"image":{"@id":"https:\/\/radioljubuski.ba\/index.php\/2022\/03\/09\/vozace-iz-bih-u-austriji-pod-prijetnjom-tjerali-da-krse-zakon\/#primaryimage"},"thumbnailUrl":"https:\/\/radioljubuski.ba\/wp-content\/uploads\/2022\/02\/7-2022-02-04-17-11-21-austrijakamion.jpg","datePublished":"2022-03-09T06:47:20+00:00","dateModified":"2022-03-09T06:47:21+00:00","breadcrumb":{"@id":"https:\/\/radioljubuski.ba\/index.php\/2022\/03\/09\/vozace-iz-bih-u-austriji-pod-prijetnjom-tjerali-da-krse-zakon\/#breadcrumb"},"inLanguage":"hr","potentialAction":[{"@type":"ReadAction","target":["https:\/\/radioljubuski.ba\/index.php\/2022\/03\/09\/vozace-iz-bih-u-austriji-pod-prijetnjom-tjerali-da-krse-zakon\/"]}]},{"@type":"ImageObject","inLanguage":"hr","@id":"https:\/\/radioljubuski.ba\/index.php\/2022\/03\/09\/vozace-iz-bih-u-austriji-pod-prijetnjom-tjerali-da-krse-zakon\/#primaryimage","url":"https:\/\/radioljubuski.ba\/wp-content\/uploads\/2022\/02\/7-2022-02-04-17-11-21-austrijakamion.jpg","contentUrl":"https:\/\/radioljubuski.ba\/wp-content\/uploads\/2022\/02\/7-2022-02-04-17-11-21-austrijakamion.jpg","width":1000,"height":625},{"@type":"BreadcrumbList","@id":"https:\/\/radioljubuski.ba\/index.php\/2022\/03\/09\/vozace-iz-bih-u-austriji-pod-prijetnjom-tjerali-da-krse-zakon\/#breadcrumb","itemListElement":[{"@type":"ListItem","position":1,"name":"Po\u010detna stranica","item":"https:\/\/radioljubuski.ba\/"},{"@type":"ListItem","position":2,"name":"Voza\u010de iz BiH u Austriji pod prijetnjom tjerali da kr\u0161e zakon"}]},{"@type":"WebSite","@id":"https:\/\/radioljubuski.ba\/#website","url":"https:\/\/radioljubuski.ba\/","name":"Radio Ljubu\u0161ki","description":"Sun\u010dana frekvencija Hercegovine","publisher":{"@id":"https:\/\/radioljubuski.ba\/#organization"},"potentialAction":[{"@type":"SearchAction","target":{"@type":"EntryPoint","urlTemplate":"https:\/\/radioljubuski.ba\/?s={search_term_string}"},"query-input":{"@type":"PropertyValueSpecification","valueRequired":true,"valueName":"search_term_string"}}],"inLanguage":"hr"},{"@type":"Organization","@id":"https:\/\/radioljubuski.ba\/#organization","name":"Radio Ljubu\u0161ki","url":"https:\/\/radioljubuski.ba\/","logo":{"@type":"ImageObject","inLanguage":"hr","@id":"https:\/\/radioljubuski.ba\/#\/schema\/logo\/image\/","url":"https:\/\/radioljubuski.ba\/wp-content\/uploads\/2021\/02\/cropped-Radio_Ljubuski_logo1.jpg","contentUrl":"https:\/\/radioljubuski.ba\/wp-content\/uploads\/2021\/02\/cropped-Radio_Ljubuski_logo1.jpg","width":512,"height":512,"caption":"Radio Ljubu\u0161ki"},"image":{"@id":"https:\/\/radioljubuski.ba\/#\/schema\/logo\/image\/"},"sameAs":["https:\/\/www.facebook.com\/Radiio-Ljubuski-1490835324566332","https:\/\/x.com\/radioljubuski","https:\/\/hr.linkedin.com\/company\/radio-ljubuski","https:\/\/www.youtube.com\/channel\/UCHYaeO_n0Db3tjNGudGpXyw"]},{"@type":"Person","@id":"https:\/\/radioljubuski.ba\/#\/schema\/person\/19fc700381a780f69665d7956c469e3b","name":"Radio Ljubu\u0161ki"}]}},"_links":{"self":[{"href":"https:\/\/radioljubuski.ba\/index.php\/wp-json\/wp\/v2\/posts\/119427","targetHints":{"allow":["GET"]}}],"collection":[{"href":"https:\/\/radioljubuski.ba\/index.php\/wp-json\/wp\/v2\/posts"}],"about":[{"href":"https:\/\/radioljubuski.ba\/index.php\/wp-json\/wp\/v2\/types\/post"}],"author":[{"embeddable":true,"href":"https:\/\/radioljubuski.ba\/index.php\/wp-json\/wp\/v2\/users\/2"}],"replies":[{"embeddable":true,"href":"https:\/\/radioljubuski.ba\/index.php\/wp-json\/wp\/v2\/comments?post=119427"}],"version-history":[{"count":1,"href":"https:\/\/radioljubuski.ba\/index.php\/wp-json\/wp\/v2\/posts\/119427\/revisions"}],"predecessor-version":[{"id":119428,"href":"https:\/\/radioljubuski.ba\/index.php\/wp-json\/wp\/v2\/posts\/119427\/revisions\/119428"}],"wp:featuredmedia":[{"embeddable":true,"href":"https:\/\/radioljubuski.ba\/index.php\/wp-json\/wp\/v2\/media\/111281"}],"wp:attachment":[{"href":"https:\/\/radioljubuski.ba\/index.php\/wp-json\/wp\/v2\/media?parent=119427"}],"wp:term":[{"taxonomy":"category","embeddable":true,"href":"https:\/\/radioljubuski.ba\/index.php\/wp-json\/wp\/v2\/categories?post=119427"},{"taxonomy":"post_tag","embeddable":true,"href":"https:\/\/radioljubuski.ba\/index.php\/wp-json\/wp\/v2\/tags?post=119427"}],"curies":[{"name":"wp","href":"https:\/\/api.w.org\/{rel}","templated":true}]}}