{"id":119455,"date":"2022-03-09T11:22:31","date_gmt":"2022-03-09T10:22:31","guid":{"rendered":"https:\/\/radioljubuski.ba\/?p=119455"},"modified":"2022-03-09T11:22:32","modified_gmt":"2022-03-09T10:22:32","slug":"nuklearka-pod-ruskom-kontrolom-vec-13-dana-radnici-su-zarobljeni-u-cernobilu","status":"publish","type":"post","link":"https:\/\/radioljubuski.ba\/index.php\/2022\/03\/09\/nuklearka-pod-ruskom-kontrolom-vec-13-dana-radnici-su-zarobljeni-u-cernobilu\/","title":{"rendered":"Nuklearka pod ruskom kontrolom: Ve\u0107 13 dana radnici su zarobljeni u \u010cernobilu"},"content":{"rendered":"\n<p>Vi\u0161e od 100 radnika ve\u0107 je 13 dana zarobljeno u \u010cernobilu, odnosno u neklearnoj elektrani koja je mjesto najve\u0107e svjetske nuklearne katastrofe. Nju su prvog dana zauzele ruske snage i radnici otada ne mogu oti\u0107i.<\/p>\n\n\n\n<p>Uz njih je tu jo\u0161 i 200 ukrajinskih stra\u017eara koji su brinuli za sigurnost u vrijeme ruskog napada. Oni tako\u0111er ne mogu nikuda, pi\u0161e BBC.<\/p>\n\n\n\n<p>Radnici nastavljaju sa svojim poslom i atmosfera je trenutno mirna, ali BBC pi\u0161e kako su uvjeti strahovito te\u0161ki, a koli\u010dina hrane i lijekova je ograni\u010dena. Tako\u0111er, postoji bojazan da bi sve ve\u0107e razine stresa mogle utjecati na to koliko su radnici sposobni dobro i sigurno obavljati posao u nuklearki.<\/p>\n\n\n\n<p>\u201cKomplicirana i napeta situacija\u201d<\/p>\n\n\n\n<p>Ruski vojnici u\u0161li su u zabranjenu zonu i okru\u017eili su nuklearnu elektranu, a ukrajinska strana potvrdila je da su potpuno preuzeli kontrolu.<\/p>\n\n\n\n<p>Ro\u0111ak jednog od zaposlenika za BBC je rekao kako Rusi dozvoljavaju da se smjene izmjenjuju, ali radnicima govore kako im ne mogu garantirati siguran put ku\u0107i, kao ni put do posla onima koji ih do\u0161li zamijeniti.<\/p>\n\n\n\n<p>Iako \u010cernobil vi\u0161e nije funkcionalna radna jedinica, ta nuklearna elektrana nikada nije potpuno napu\u0161tena i zahtjeva stalan nadzor. Nakon nuklearne katastrofe koja se dogodila prije 36 godina, ostali reaktori nastavili su raditi jo\u0161 nekoliko godina i cijeli jedan grad \u2013 Slavuti\u010d, izgra\u0111en je kako bi se tamo smjestili radnici, koji su nakon eksplozije evakuirani.<\/p>\n\n\n\n<p>Ovih dana oko 2.400 ljudi jo\u0161 uvijek je zaposleno, radi se o znanstvenicima, tehni\u010darima, kuharima, lije\u010dnicima i drugom osoblju, a tu je i nacionalna garda. U normalnim okolnostima radnici bi iz Slavuti\u010da na posao i s posla putovali vlakom, ali sve se promijenilo prvog dana ruske invazije kada su prisiljeni \u017eivjeti u nuklearnoj elektrani.<\/p>\n\n\n\n<p>\u201cSituacija je komplicirana i vrlo napeta\u201d, rekao je Juri Fomi\u010dev, gradona\u010delnik Slavuti\u010da, za BBC. \u201cTe\u0161ko im je psihi\u010dki, fizi\u010dki i \u0161to se ti\u010de morala\u201d, dodaje.<\/p>\n\n\n\n<p>Radnici imaju ne\u0161to hrane, ali s obzirom na to da ne znaju koliko dugo \u0107e jo\u0161 biti tamo, limitirali su se na samo jedan obrok u danu, koji pripremaju kuhari koji su tako\u0111er zarobljeni. Ve\u0107inom jedu kruh i ka\u0161u.<\/p>\n\n\n\n<p>U nedjelju, rusko osoblje ponudilo je da dostave hranu, ali ukrajinski radnici su to odbili i rekli kako se radi o ruskoj propagandi. Osim toga, prostorije nuklearne elektrane nisu sre\u0111ene za spavanje. Neki spavaju na krevetima na rasklapanje, neki na stolovima, a neki na podu.<\/p>\n\n\n\n<p>Kako bi se mogli malo odmoriti, zarobljeni radnici me\u0111usobno su se podijelili po smjenama. Jedna skupina radi dok se druga odmara. Njihovim obiteljima trenutno je prili\u010dno te\u0161ko.<\/p>\n\n\n\n<p>\u201cDio radnika treba lijekove kojih je malo u nuklearki, a to dodatno brine njihove obitelji\u201d, ka\u017ee Fomi\u010dev. \u201cMoramo im ponavljati da trenutno ne postoji siguran na\u010din za izvla\u010denje radnika iz \u010cernobila\u201d, dodaje.<\/p>\n\n\n\n<p>Je li \u010cernobil u opasnosti?<\/p>\n\n\n\n<p>S radnicima koji osje\u0107aju fizi\u010dke i psihi\u010dke posljedice gotovo dvotjednog zarobljeni\u0161tva u staroj nuklearnoj elektrani, postoji strah da bi takav stres mogao utjecati na to kako obavljaju svoje du\u017enosti.<\/p>\n\n\n\n<p>\u201cU ovakvim uvjetima njihova koncentracije je sve gora i gora i to je ve\u0107 sigurnosni rizik, Mo\u017eda to nije elektrana u pogonu, ali i dalje zahtjeva puno pa\u017enje kako bi se osiguralo da svi sustavi rade normalno\u201d, rekao je Fomi\u010dev.<\/p>\n\n\n\n<p>\u0160ef Me\u0111unarodne agencije za atomsku energiju (IAEA), Rafael Grossi, ponovio je kako radnici moraju imati odmor kako bi mogli efektivno raditi svoj posao. Za BBC je rekao kako je kontaktirao rusku stranu upravo kako bi to iskomunicirao.<\/p>\n\n\n\n<p>Ipak, stru\u010dnjaci za nuklearnu energiju ka\u017eu kako je opasnost za javnost vrlo mala jer se radi o elektrani koja je van stroja.<\/p>\n\n\n\n<p>\u201cNije dobro kada se smjene ne mijenjaju i kada ljudi rade okru\u017eeni ruskim vojnicima, ali ne vidim veliku opasnost\u201d, rekao je profesor James Smith koji \u010cernobil prou\u010dava godinama i posjetio ga je mnogo puta.<\/p>\n\n\n\n<p>\u201cZadnji reaktor uga\u0161en je 2000. godine\u201d, rekao je i objasnio da je zbog toga mala vjerojatnost otpu\u0161tanja velike koli\u010dine radijacije.<\/p>\n\n\n\n<p>Ipak, razine radijacije jesu porasle u toj regiji nakon \u0161to su Rusi zauzeli nuklearnu elektranu. To se, pak, pripisuje te\u0161koj vojnoj opremi koja je s tla podigla radioaktivnu pra\u0161inu. Profesor Smith ka\u017ee kako i taj porast radijacije nije bio dovoljno velik da bi bio zabrinjavaju\u0107.<\/p>\n\n\n\n<p>Iscrpljenost i o\u010daj<\/p>\n\n\n\n<p>Rizik od velike nuklearne katastrofe mo\u017eda je malen, ali za radnike zarobljene u \u010cernobilu i njihove obitelji, emocionalna cijena je vrlo visoka.<\/p>\n\n\n\n<p>\u201cSvi zaposlenici su iscrpljeni i o\u010dajni. Sumnjaju da je ikog briga za njih. Trenutno ne vide da itko i\u0161ta radi da ih spasi\u201d, rekla je ro\u0111akinja jednog zaposlenika. U razgovoru s BBC-jem apelirala je na IAEA da intervenira kako bi radnike sigrno izvukli iz \u010cernobila.<\/p>\n\n\n\n<p>Rossi je rekao da je IAEA u kontaktu s ruskom i s ukrajinskom stranom kako bi odr\u017eali sigurnost u \u010cernobilu, ali i u ukrajinskim aktivnim nuklearnim elektranama gdje bi posljedice otvorenog sukoba bile puno gore. Na\u017ealost, jo\u0161 ni\u0161ta konkretno nije dogovoreno.<\/p>\n\n\n\n<p>Izvor:N1<\/p>\n","protected":false},"excerpt":{"rendered":"<p>Vi\u0161e od 100 radnika ve\u0107 je 13 dana zarobljeno u \u010cernobilu, odnosno u neklearnoj elektrani koja je mjesto najve\u0107e svjetske nuklearne katastrofe. Nju su prvog dana zauzele ruske snage i radnici otada ne mogu oti\u0107i. Uz njih je tu jo\u0161 i 200 ukrajinskih stra\u017eara koji su brinuli za sigurnost u vrijeme ruskog napada. Oni tako\u0111er [&hellip;]<\/p>\n","protected":false},"author":2,"featured_media":0,"comment_status":"closed","ping_status":"closed","sticky":false,"template":"","format":"standard","meta":{"h5ap_radio_sources":[],"footnotes":""},"categories":[1],"tags":[],"class_list":["post-119455","post","type-post","status-publish","format-standard","hentry","category-bihiregija"],"yoast_head":"<!-- This site is optimized with the Yoast SEO plugin v27.5 - https:\/\/yoast.com\/product\/yoast-seo-wordpress\/ -->\n<title>Nuklearka pod ruskom kontrolom: Ve\u0107 13 dana radnici su zarobljeni u \u010cernobilu - RADIO LJUBU\u0160KI<\/title>\n<meta name=\"robots\" content=\"index, follow, max-snippet:-1, max-image-preview:large, max-video-preview:-1\" \/>\n<link rel=\"canonical\" href=\"https:\/\/radioljubuski.ba\/index.php\/2022\/03\/09\/nuklearka-pod-ruskom-kontrolom-vec-13-dana-radnici-su-zarobljeni-u-cernobilu\/\" \/>\n<meta property=\"og:locale\" content=\"hr_HR\" \/>\n<meta property=\"og:type\" content=\"article\" \/>\n<meta property=\"og:title\" content=\"Nuklearka pod ruskom kontrolom: Ve\u0107 13 dana radnici su zarobljeni u \u010cernobilu - RADIO LJUBU\u0160KI\" \/>\n<meta property=\"og:description\" content=\"Vi\u0161e od 100 radnika ve\u0107 je 13 dana zarobljeno u \u010cernobilu, odnosno u neklearnoj elektrani koja je mjesto najve\u0107e svjetske nuklearne katastrofe. Nju su prvog dana zauzele ruske snage i radnici otada ne mogu oti\u0107i. Uz njih je tu jo\u0161 i 200 ukrajinskih stra\u017eara koji su brinuli za sigurnost u vrijeme ruskog napada. Oni tako\u0111er [&hellip;]\" \/>\n<meta property=\"og:url\" content=\"https:\/\/radioljubuski.ba\/index.php\/2022\/03\/09\/nuklearka-pod-ruskom-kontrolom-vec-13-dana-radnici-su-zarobljeni-u-cernobilu\/\" \/>\n<meta property=\"og:site_name\" content=\"RADIO LJUBU\u0160KI\" \/>\n<meta property=\"article:publisher\" content=\"https:\/\/www.facebook.com\/Radiio-Ljubuski-1490835324566332\" \/>\n<meta property=\"article:published_time\" content=\"2022-03-09T10:22:31+00:00\" \/>\n<meta property=\"article:modified_time\" content=\"2022-03-09T10:22:32+00:00\" \/>\n<meta property=\"og:image\" content=\"https:\/\/radioljubuski.ba\/wp-content\/uploads\/2022\/03\/7-2022-03-08-19-04-28-cernobil-rusija.jpg\" \/>\n\t<meta property=\"og:image:width\" content=\"1000\" \/>\n\t<meta property=\"og:image:height\" content=\"625\" \/>\n\t<meta property=\"og:image:type\" content=\"image\/jpeg\" \/>\n<meta name=\"author\" content=\"Radio Ljubu\u0161ki\" \/>\n<meta name=\"twitter:card\" content=\"summary_large_image\" \/>\n<meta name=\"twitter:creator\" content=\"@radioljubuski\" \/>\n<meta name=\"twitter:site\" content=\"@radioljubuski\" \/>\n<meta name=\"twitter:label1\" content=\"Napisao\/la\" \/>\n\t<meta name=\"twitter:data1\" content=\"Radio Ljubu\u0161ki\" \/>\n\t<meta name=\"twitter:label2\" content=\"Procijenjeno vrijeme \u010ditanja\" \/>\n\t<meta name=\"twitter:data2\" content=\"4 minute\" \/>\n<script type=\"application\/ld+json\" class=\"yoast-schema-graph\">{\"@context\":\"https:\\\/\\\/schema.org\",\"@graph\":[{\"@type\":\"Article\",\"@id\":\"https:\\\/\\\/radioljubuski.ba\\\/index.php\\\/2022\\\/03\\\/09\\\/nuklearka-pod-ruskom-kontrolom-vec-13-dana-radnici-su-zarobljeni-u-cernobilu\\\/#article\",\"isPartOf\":{\"@id\":\"https:\\\/\\\/radioljubuski.ba\\\/index.php\\\/2022\\\/03\\\/09\\\/nuklearka-pod-ruskom-kontrolom-vec-13-dana-radnici-su-zarobljeni-u-cernobilu\\\/\"},\"author\":{\"name\":\"Radio Ljubu\u0161ki\",\"@id\":\"https:\\\/\\\/radioljubuski.ba\\\/#\\\/schema\\\/person\\\/19fc700381a780f69665d7956c469e3b\"},\"headline\":\"Nuklearka pod ruskom kontrolom: Ve\u0107 13 dana radnici su zarobljeni u \u010cernobilu\",\"datePublished\":\"2022-03-09T10:22:31+00:00\",\"dateModified\":\"2022-03-09T10:22:32+00:00\",\"mainEntityOfPage\":{\"@id\":\"https:\\\/\\\/radioljubuski.ba\\\/index.php\\\/2022\\\/03\\\/09\\\/nuklearka-pod-ruskom-kontrolom-vec-13-dana-radnici-su-zarobljeni-u-cernobilu\\\/\"},\"wordCount\":865,\"publisher\":{\"@id\":\"https:\\\/\\\/radioljubuski.ba\\\/#organization\"},\"articleSection\":[\"BIH i regija\"],\"inLanguage\":\"hr\"},{\"@type\":\"WebPage\",\"@id\":\"https:\\\/\\\/radioljubuski.ba\\\/index.php\\\/2022\\\/03\\\/09\\\/nuklearka-pod-ruskom-kontrolom-vec-13-dana-radnici-su-zarobljeni-u-cernobilu\\\/\",\"url\":\"https:\\\/\\\/radioljubuski.ba\\\/index.php\\\/2022\\\/03\\\/09\\\/nuklearka-pod-ruskom-kontrolom-vec-13-dana-radnici-su-zarobljeni-u-cernobilu\\\/\",\"name\":\"Nuklearka pod ruskom kontrolom: Ve\u0107 13 dana radnici su zarobljeni u \u010cernobilu - RADIO LJUBU\u0160KI\",\"isPartOf\":{\"@id\":\"https:\\\/\\\/radioljubuski.ba\\\/#website\"},\"datePublished\":\"2022-03-09T10:22:31+00:00\",\"dateModified\":\"2022-03-09T10:22:32+00:00\",\"breadcrumb\":{\"@id\":\"https:\\\/\\\/radioljubuski.ba\\\/index.php\\\/2022\\\/03\\\/09\\\/nuklearka-pod-ruskom-kontrolom-vec-13-dana-radnici-su-zarobljeni-u-cernobilu\\\/#breadcrumb\"},\"inLanguage\":\"hr\",\"potentialAction\":[{\"@type\":\"ReadAction\",\"target\":[\"https:\\\/\\\/radioljubuski.ba\\\/index.php\\\/2022\\\/03\\\/09\\\/nuklearka-pod-ruskom-kontrolom-vec-13-dana-radnici-su-zarobljeni-u-cernobilu\\\/\"]}]},{\"@type\":\"BreadcrumbList\",\"@id\":\"https:\\\/\\\/radioljubuski.ba\\\/index.php\\\/2022\\\/03\\\/09\\\/nuklearka-pod-ruskom-kontrolom-vec-13-dana-radnici-su-zarobljeni-u-cernobilu\\\/#breadcrumb\",\"itemListElement\":[{\"@type\":\"ListItem\",\"position\":1,\"name\":\"Po\u010detna stranica\",\"item\":\"https:\\\/\\\/radioljubuski.ba\\\/\"},{\"@type\":\"ListItem\",\"position\":2,\"name\":\"Nuklearka pod ruskom kontrolom: Ve\u0107 13 dana radnici su zarobljeni u \u010cernobilu\"}]},{\"@type\":\"WebSite\",\"@id\":\"https:\\\/\\\/radioljubuski.ba\\\/#website\",\"url\":\"https:\\\/\\\/radioljubuski.ba\\\/\",\"name\":\"Radio Ljubu\u0161ki\",\"description\":\"Sun\u010dana frekvencija Hercegovine\",\"publisher\":{\"@id\":\"https:\\\/\\\/radioljubuski.ba\\\/#organization\"},\"potentialAction\":[{\"@type\":\"SearchAction\",\"target\":{\"@type\":\"EntryPoint\",\"urlTemplate\":\"https:\\\/\\\/radioljubuski.ba\\\/?s={search_term_string}\"},\"query-input\":{\"@type\":\"PropertyValueSpecification\",\"valueRequired\":true,\"valueName\":\"search_term_string\"}}],\"inLanguage\":\"hr\"},{\"@type\":\"Organization\",\"@id\":\"https:\\\/\\\/radioljubuski.ba\\\/#organization\",\"name\":\"Radio Ljubu\u0161ki\",\"url\":\"https:\\\/\\\/radioljubuski.ba\\\/\",\"logo\":{\"@type\":\"ImageObject\",\"inLanguage\":\"hr\",\"@id\":\"https:\\\/\\\/radioljubuski.ba\\\/#\\\/schema\\\/logo\\\/image\\\/\",\"url\":\"https:\\\/\\\/radioljubuski.ba\\\/wp-content\\\/uploads\\\/2021\\\/02\\\/cropped-Radio_Ljubuski_logo1.jpg\",\"contentUrl\":\"https:\\\/\\\/radioljubuski.ba\\\/wp-content\\\/uploads\\\/2021\\\/02\\\/cropped-Radio_Ljubuski_logo1.jpg\",\"width\":512,\"height\":512,\"caption\":\"Radio Ljubu\u0161ki\"},\"image\":{\"@id\":\"https:\\\/\\\/radioljubuski.ba\\\/#\\\/schema\\\/logo\\\/image\\\/\"},\"sameAs\":[\"https:\\\/\\\/www.facebook.com\\\/Radiio-Ljubuski-1490835324566332\",\"https:\\\/\\\/x.com\\\/radioljubuski\",\"https:\\\/\\\/hr.linkedin.com\\\/company\\\/radio-ljubuski\",\"https:\\\/\\\/www.youtube.com\\\/channel\\\/UCHYaeO_n0Db3tjNGudGpXyw\"]},{\"@type\":\"Person\",\"@id\":\"https:\\\/\\\/radioljubuski.ba\\\/#\\\/schema\\\/person\\\/19fc700381a780f69665d7956c469e3b\",\"name\":\"Radio Ljubu\u0161ki\"}]}<\/script>\n<!-- \/ Yoast SEO plugin. -->","yoast_head_json":{"title":"Nuklearka pod ruskom kontrolom: Ve\u0107 13 dana radnici su zarobljeni u \u010cernobilu - RADIO LJUBU\u0160KI","robots":{"index":"index","follow":"follow","max-snippet":"max-snippet:-1","max-image-preview":"max-image-preview:large","max-video-preview":"max-video-preview:-1"},"canonical":"https:\/\/radioljubuski.ba\/index.php\/2022\/03\/09\/nuklearka-pod-ruskom-kontrolom-vec-13-dana-radnici-su-zarobljeni-u-cernobilu\/","og_locale":"hr_HR","og_type":"article","og_title":"Nuklearka pod ruskom kontrolom: Ve\u0107 13 dana radnici su zarobljeni u \u010cernobilu - RADIO LJUBU\u0160KI","og_description":"Vi\u0161e od 100 radnika ve\u0107 je 13 dana zarobljeno u \u010cernobilu, odnosno u neklearnoj elektrani koja je mjesto najve\u0107e svjetske nuklearne katastrofe. Nju su prvog dana zauzele ruske snage i radnici otada ne mogu oti\u0107i. Uz njih je tu jo\u0161 i 200 ukrajinskih stra\u017eara koji su brinuli za sigurnost u vrijeme ruskog napada. Oni tako\u0111er [&hellip;]","og_url":"https:\/\/radioljubuski.ba\/index.php\/2022\/03\/09\/nuklearka-pod-ruskom-kontrolom-vec-13-dana-radnici-su-zarobljeni-u-cernobilu\/","og_site_name":"RADIO LJUBU\u0160KI","article_publisher":"https:\/\/www.facebook.com\/Radiio-Ljubuski-1490835324566332","article_published_time":"2022-03-09T10:22:31+00:00","article_modified_time":"2022-03-09T10:22:32+00:00","og_image":[{"width":1000,"height":625,"url":"https:\/\/radioljubuski.ba\/wp-content\/uploads\/2022\/03\/7-2022-03-08-19-04-28-cernobil-rusija.jpg","type":"image\/jpeg"}],"author":"Radio Ljubu\u0161ki","twitter_card":"summary_large_image","twitter_creator":"@radioljubuski","twitter_site":"@radioljubuski","twitter_misc":{"Napisao\/la":"Radio Ljubu\u0161ki","Procijenjeno vrijeme \u010ditanja":"4 minute"},"schema":{"@context":"https:\/\/schema.org","@graph":[{"@type":"Article","@id":"https:\/\/radioljubuski.ba\/index.php\/2022\/03\/09\/nuklearka-pod-ruskom-kontrolom-vec-13-dana-radnici-su-zarobljeni-u-cernobilu\/#article","isPartOf":{"@id":"https:\/\/radioljubuski.ba\/index.php\/2022\/03\/09\/nuklearka-pod-ruskom-kontrolom-vec-13-dana-radnici-su-zarobljeni-u-cernobilu\/"},"author":{"name":"Radio Ljubu\u0161ki","@id":"https:\/\/radioljubuski.ba\/#\/schema\/person\/19fc700381a780f69665d7956c469e3b"},"headline":"Nuklearka pod ruskom kontrolom: Ve\u0107 13 dana radnici su zarobljeni u \u010cernobilu","datePublished":"2022-03-09T10:22:31+00:00","dateModified":"2022-03-09T10:22:32+00:00","mainEntityOfPage":{"@id":"https:\/\/radioljubuski.ba\/index.php\/2022\/03\/09\/nuklearka-pod-ruskom-kontrolom-vec-13-dana-radnici-su-zarobljeni-u-cernobilu\/"},"wordCount":865,"publisher":{"@id":"https:\/\/radioljubuski.ba\/#organization"},"articleSection":["BIH i regija"],"inLanguage":"hr"},{"@type":"WebPage","@id":"https:\/\/radioljubuski.ba\/index.php\/2022\/03\/09\/nuklearka-pod-ruskom-kontrolom-vec-13-dana-radnici-su-zarobljeni-u-cernobilu\/","url":"https:\/\/radioljubuski.ba\/index.php\/2022\/03\/09\/nuklearka-pod-ruskom-kontrolom-vec-13-dana-radnici-su-zarobljeni-u-cernobilu\/","name":"Nuklearka pod ruskom kontrolom: Ve\u0107 13 dana radnici su zarobljeni u \u010cernobilu - RADIO LJUBU\u0160KI","isPartOf":{"@id":"https:\/\/radioljubuski.ba\/#website"},"datePublished":"2022-03-09T10:22:31+00:00","dateModified":"2022-03-09T10:22:32+00:00","breadcrumb":{"@id":"https:\/\/radioljubuski.ba\/index.php\/2022\/03\/09\/nuklearka-pod-ruskom-kontrolom-vec-13-dana-radnici-su-zarobljeni-u-cernobilu\/#breadcrumb"},"inLanguage":"hr","potentialAction":[{"@type":"ReadAction","target":["https:\/\/radioljubuski.ba\/index.php\/2022\/03\/09\/nuklearka-pod-ruskom-kontrolom-vec-13-dana-radnici-su-zarobljeni-u-cernobilu\/"]}]},{"@type":"BreadcrumbList","@id":"https:\/\/radioljubuski.ba\/index.php\/2022\/03\/09\/nuklearka-pod-ruskom-kontrolom-vec-13-dana-radnici-su-zarobljeni-u-cernobilu\/#breadcrumb","itemListElement":[{"@type":"ListItem","position":1,"name":"Po\u010detna stranica","item":"https:\/\/radioljubuski.ba\/"},{"@type":"ListItem","position":2,"name":"Nuklearka pod ruskom kontrolom: Ve\u0107 13 dana radnici su zarobljeni u \u010cernobilu"}]},{"@type":"WebSite","@id":"https:\/\/radioljubuski.ba\/#website","url":"https:\/\/radioljubuski.ba\/","name":"Radio Ljubu\u0161ki","description":"Sun\u010dana frekvencija Hercegovine","publisher":{"@id":"https:\/\/radioljubuski.ba\/#organization"},"potentialAction":[{"@type":"SearchAction","target":{"@type":"EntryPoint","urlTemplate":"https:\/\/radioljubuski.ba\/?s={search_term_string}"},"query-input":{"@type":"PropertyValueSpecification","valueRequired":true,"valueName":"search_term_string"}}],"inLanguage":"hr"},{"@type":"Organization","@id":"https:\/\/radioljubuski.ba\/#organization","name":"Radio Ljubu\u0161ki","url":"https:\/\/radioljubuski.ba\/","logo":{"@type":"ImageObject","inLanguage":"hr","@id":"https:\/\/radioljubuski.ba\/#\/schema\/logo\/image\/","url":"https:\/\/radioljubuski.ba\/wp-content\/uploads\/2021\/02\/cropped-Radio_Ljubuski_logo1.jpg","contentUrl":"https:\/\/radioljubuski.ba\/wp-content\/uploads\/2021\/02\/cropped-Radio_Ljubuski_logo1.jpg","width":512,"height":512,"caption":"Radio Ljubu\u0161ki"},"image":{"@id":"https:\/\/radioljubuski.ba\/#\/schema\/logo\/image\/"},"sameAs":["https:\/\/www.facebook.com\/Radiio-Ljubuski-1490835324566332","https:\/\/x.com\/radioljubuski","https:\/\/hr.linkedin.com\/company\/radio-ljubuski","https:\/\/www.youtube.com\/channel\/UCHYaeO_n0Db3tjNGudGpXyw"]},{"@type":"Person","@id":"https:\/\/radioljubuski.ba\/#\/schema\/person\/19fc700381a780f69665d7956c469e3b","name":"Radio Ljubu\u0161ki"}]}},"_links":{"self":[{"href":"https:\/\/radioljubuski.ba\/index.php\/wp-json\/wp\/v2\/posts\/119455","targetHints":{"allow":["GET"]}}],"collection":[{"href":"https:\/\/radioljubuski.ba\/index.php\/wp-json\/wp\/v2\/posts"}],"about":[{"href":"https:\/\/radioljubuski.ba\/index.php\/wp-json\/wp\/v2\/types\/post"}],"author":[{"embeddable":true,"href":"https:\/\/radioljubuski.ba\/index.php\/wp-json\/wp\/v2\/users\/2"}],"replies":[{"embeddable":true,"href":"https:\/\/radioljubuski.ba\/index.php\/wp-json\/wp\/v2\/comments?post=119455"}],"version-history":[{"count":1,"href":"https:\/\/radioljubuski.ba\/index.php\/wp-json\/wp\/v2\/posts\/119455\/revisions"}],"predecessor-version":[{"id":119457,"href":"https:\/\/radioljubuski.ba\/index.php\/wp-json\/wp\/v2\/posts\/119455\/revisions\/119457"}],"wp:attachment":[{"href":"https:\/\/radioljubuski.ba\/index.php\/wp-json\/wp\/v2\/media?parent=119455"}],"wp:term":[{"taxonomy":"category","embeddable":true,"href":"https:\/\/radioljubuski.ba\/index.php\/wp-json\/wp\/v2\/categories?post=119455"},{"taxonomy":"post_tag","embeddable":true,"href":"https:\/\/radioljubuski.ba\/index.php\/wp-json\/wp\/v2\/tags?post=119455"}],"curies":[{"name":"wp","href":"https:\/\/api.w.org\/{rel}","templated":true}]}}