{"id":119461,"date":"2022-03-09T11:24:47","date_gmt":"2022-03-09T10:24:47","guid":{"rendered":"https:\/\/radioljubuski.ba\/?p=119461"},"modified":"2022-03-09T11:24:48","modified_gmt":"2022-03-09T10:24:48","slug":"bloomberg-eu-razmatra-veliko-zaduzenje-radi-financiranja-obrane-i-kupnje-energije","status":"publish","type":"post","link":"https:\/\/radioljubuski.ba\/index.php\/2022\/03\/09\/bloomberg-eu-razmatra-veliko-zaduzenje-radi-financiranja-obrane-i-kupnje-energije\/","title":{"rendered":"Bloomberg: EU razmatra veliko zadu\u017eenje radi financiranja obrane i kupnje energije"},"content":{"rendered":"\n<p>&nbsp;Europska unija mogla bi ve\u0107 ovoga tjedna predstaviti plan izdanja zajedni\u010dkih obveznica \u010diji bi iznos mogao biti ogroman, a koristio bi se za financiranje potro\u0161nje u sektorima energije i obrane, izvijestila je u utorak agencija Bloomberg. Prijedlog bi mogao biti predstavljen nakon izvanrednog summita EU-a koji po\u010dinje u \u010detvrtak u Versaillesu, rekli su du\u017enosnici upu\u0107eni u pripreme.<\/p>\n\n\n\n<p>Prema tome planu, Europska komisija izdala bi obveznice i novac usmjerila zemljama \u010dlanicama putem povoljnih zajmova koji bi slu\u017eili za financiranje potro\u0161nje u tim podru\u010djima, izjavili su du\u017enosnici koji su \u017eeljeli ostati neimenovani budu\u0107i da planovi jo\u0161 nisu izneseni u javnost. Dodaju da du\u017enosnici jo\u0161 razra\u0111uju detalje prodaje obveznice i iznosa zadu\u017eenja.<\/p>\n\n\n\n<p>&#8220;Moramo prona\u0107i nove alate za rje\u0161avanje novih pitanja koje ova kriza postavlja pred nas&#8221;, izjavio je u ponedjeljak nave\u010der zastupnicima u Strasbourgu povjerenik EU-a za gospodarstvo Paolo Gentiloni.<\/p>\n\n\n\n<p>Mi\u0161ljenja je, kako dodaje, da \u0107e \u010delnici EU-a dati politi\u010dke smjernice o daljnjim koracima na predstoje\u0107em summitu. Glasnogovornik EK odbio je komentirati pojedinosti, rekav\u0161i tek da du\u017enosnici nastavljaju pratiti situaciju i da su spremni reagirati na okolnosti koje se mijenjaju, navodi Bloomberg.<\/p>\n\n\n\n<p>Izvor:pogled.ba<\/p>\n","protected":false},"excerpt":{"rendered":"<p>&nbsp;Europska unija mogla bi ve\u0107 ovoga tjedna predstaviti plan izdanja zajedni\u010dkih obveznica \u010diji bi iznos mogao biti ogroman, a koristio bi se za financiranje potro\u0161nje u sektorima energije i obrane, izvijestila je u utorak agencija Bloomberg. Prijedlog bi mogao biti predstavljen nakon izvanrednog summita EU-a koji po\u010dinje u \u010detvrtak u Versaillesu, rekli su du\u017enosnici upu\u0107eni [&hellip;]<\/p>\n","protected":false},"author":2,"featured_media":119462,"comment_status":"closed","ping_status":"closed","sticky":false,"template":"","format":"standard","meta":{"h5ap_radio_sources":[],"footnotes":""},"categories":[1],"tags":[],"class_list":["post-119461","post","type-post","status-publish","format-standard","has-post-thumbnail","hentry","category-bihiregija"],"yoast_head":"<!-- This site is optimized with the Yoast SEO plugin v27.5 - https:\/\/yoast.com\/product\/yoast-seo-wordpress\/ -->\n<title>Bloomberg: EU razmatra veliko zadu\u017eenje radi financiranja obrane i kupnje energije - RADIO LJUBU\u0160KI<\/title>\n<meta name=\"robots\" content=\"index, follow, max-snippet:-1, max-image-preview:large, max-video-preview:-1\" \/>\n<link rel=\"canonical\" href=\"https:\/\/radioljubuski.ba\/index.php\/2022\/03\/09\/bloomberg-eu-razmatra-veliko-zaduzenje-radi-financiranja-obrane-i-kupnje-energije\/\" \/>\n<meta property=\"og:locale\" content=\"hr_HR\" \/>\n<meta property=\"og:type\" content=\"article\" \/>\n<meta property=\"og:title\" content=\"Bloomberg: EU razmatra veliko zadu\u017eenje radi financiranja obrane i kupnje energije - RADIO LJUBU\u0160KI\" \/>\n<meta property=\"og:description\" content=\"&nbsp;Europska unija mogla bi ve\u0107 ovoga tjedna predstaviti plan izdanja zajedni\u010dkih obveznica \u010diji bi iznos mogao biti ogroman, a koristio bi se za financiranje potro\u0161nje u sektorima energije i obrane, izvijestila je u utorak agencija Bloomberg. Prijedlog bi mogao biti predstavljen nakon izvanrednog summita EU-a koji po\u010dinje u \u010detvrtak u Versaillesu, rekli su du\u017enosnici upu\u0107eni [&hellip;]\" \/>\n<meta property=\"og:url\" content=\"https:\/\/radioljubuski.ba\/index.php\/2022\/03\/09\/bloomberg-eu-razmatra-veliko-zaduzenje-radi-financiranja-obrane-i-kupnje-energije\/\" \/>\n<meta property=\"og:site_name\" content=\"RADIO LJUBU\u0160KI\" \/>\n<meta property=\"article:publisher\" content=\"https:\/\/www.facebook.com\/Radiio-Ljubuski-1490835324566332\" \/>\n<meta property=\"article:published_time\" content=\"2022-03-09T10:24:47+00:00\" \/>\n<meta property=\"article:modified_time\" content=\"2022-03-09T10:24:48+00:00\" \/>\n<meta property=\"og:image\" content=\"https:\/\/radioljubuski.ba\/wp-content\/uploads\/2022\/03\/7-2022-03-08-19-47-54-euros.jpg\" \/>\n\t<meta property=\"og:image:width\" content=\"1000\" \/>\n\t<meta property=\"og:image:height\" content=\"625\" \/>\n\t<meta property=\"og:image:type\" content=\"image\/jpeg\" \/>\n<meta name=\"author\" content=\"Radio Ljubu\u0161ki\" \/>\n<meta name=\"twitter:card\" content=\"summary_large_image\" \/>\n<meta name=\"twitter:creator\" content=\"@radioljubuski\" \/>\n<meta name=\"twitter:site\" content=\"@radioljubuski\" \/>\n<meta name=\"twitter:label1\" content=\"Napisao\/la\" \/>\n\t<meta name=\"twitter:data1\" content=\"Radio Ljubu\u0161ki\" \/>\n\t<meta name=\"twitter:label2\" content=\"Procijenjeno vrijeme \u010ditanja\" \/>\n\t<meta name=\"twitter:data2\" content=\"1 minuta\" \/>\n<script type=\"application\/ld+json\" class=\"yoast-schema-graph\">{\"@context\":\"https:\\\/\\\/schema.org\",\"@graph\":[{\"@type\":\"Article\",\"@id\":\"https:\\\/\\\/radioljubuski.ba\\\/index.php\\\/2022\\\/03\\\/09\\\/bloomberg-eu-razmatra-veliko-zaduzenje-radi-financiranja-obrane-i-kupnje-energije\\\/#article\",\"isPartOf\":{\"@id\":\"https:\\\/\\\/radioljubuski.ba\\\/index.php\\\/2022\\\/03\\\/09\\\/bloomberg-eu-razmatra-veliko-zaduzenje-radi-financiranja-obrane-i-kupnje-energije\\\/\"},\"author\":{\"name\":\"Radio Ljubu\u0161ki\",\"@id\":\"https:\\\/\\\/radioljubuski.ba\\\/#\\\/schema\\\/person\\\/19fc700381a780f69665d7956c469e3b\"},\"headline\":\"Bloomberg: EU razmatra veliko zadu\u017eenje radi financiranja obrane i kupnje energije\",\"datePublished\":\"2022-03-09T10:24:47+00:00\",\"dateModified\":\"2022-03-09T10:24:48+00:00\",\"mainEntityOfPage\":{\"@id\":\"https:\\\/\\\/radioljubuski.ba\\\/index.php\\\/2022\\\/03\\\/09\\\/bloomberg-eu-razmatra-veliko-zaduzenje-radi-financiranja-obrane-i-kupnje-energije\\\/\"},\"wordCount\":216,\"publisher\":{\"@id\":\"https:\\\/\\\/radioljubuski.ba\\\/#organization\"},\"image\":{\"@id\":\"https:\\\/\\\/radioljubuski.ba\\\/index.php\\\/2022\\\/03\\\/09\\\/bloomberg-eu-razmatra-veliko-zaduzenje-radi-financiranja-obrane-i-kupnje-energije\\\/#primaryimage\"},\"thumbnailUrl\":\"https:\\\/\\\/radioljubuski.ba\\\/wp-content\\\/uploads\\\/2022\\\/03\\\/7-2022-03-08-19-47-54-euros.jpg\",\"articleSection\":[\"BIH i regija\"],\"inLanguage\":\"hr\"},{\"@type\":\"WebPage\",\"@id\":\"https:\\\/\\\/radioljubuski.ba\\\/index.php\\\/2022\\\/03\\\/09\\\/bloomberg-eu-razmatra-veliko-zaduzenje-radi-financiranja-obrane-i-kupnje-energije\\\/\",\"url\":\"https:\\\/\\\/radioljubuski.ba\\\/index.php\\\/2022\\\/03\\\/09\\\/bloomberg-eu-razmatra-veliko-zaduzenje-radi-financiranja-obrane-i-kupnje-energije\\\/\",\"name\":\"Bloomberg: EU razmatra veliko zadu\u017eenje radi financiranja obrane i kupnje energije - RADIO LJUBU\u0160KI\",\"isPartOf\":{\"@id\":\"https:\\\/\\\/radioljubuski.ba\\\/#website\"},\"primaryImageOfPage\":{\"@id\":\"https:\\\/\\\/radioljubuski.ba\\\/index.php\\\/2022\\\/03\\\/09\\\/bloomberg-eu-razmatra-veliko-zaduzenje-radi-financiranja-obrane-i-kupnje-energije\\\/#primaryimage\"},\"image\":{\"@id\":\"https:\\\/\\\/radioljubuski.ba\\\/index.php\\\/2022\\\/03\\\/09\\\/bloomberg-eu-razmatra-veliko-zaduzenje-radi-financiranja-obrane-i-kupnje-energije\\\/#primaryimage\"},\"thumbnailUrl\":\"https:\\\/\\\/radioljubuski.ba\\\/wp-content\\\/uploads\\\/2022\\\/03\\\/7-2022-03-08-19-47-54-euros.jpg\",\"datePublished\":\"2022-03-09T10:24:47+00:00\",\"dateModified\":\"2022-03-09T10:24:48+00:00\",\"breadcrumb\":{\"@id\":\"https:\\\/\\\/radioljubuski.ba\\\/index.php\\\/2022\\\/03\\\/09\\\/bloomberg-eu-razmatra-veliko-zaduzenje-radi-financiranja-obrane-i-kupnje-energije\\\/#breadcrumb\"},\"inLanguage\":\"hr\",\"potentialAction\":[{\"@type\":\"ReadAction\",\"target\":[\"https:\\\/\\\/radioljubuski.ba\\\/index.php\\\/2022\\\/03\\\/09\\\/bloomberg-eu-razmatra-veliko-zaduzenje-radi-financiranja-obrane-i-kupnje-energije\\\/\"]}]},{\"@type\":\"ImageObject\",\"inLanguage\":\"hr\",\"@id\":\"https:\\\/\\\/radioljubuski.ba\\\/index.php\\\/2022\\\/03\\\/09\\\/bloomberg-eu-razmatra-veliko-zaduzenje-radi-financiranja-obrane-i-kupnje-energije\\\/#primaryimage\",\"url\":\"https:\\\/\\\/radioljubuski.ba\\\/wp-content\\\/uploads\\\/2022\\\/03\\\/7-2022-03-08-19-47-54-euros.jpg\",\"contentUrl\":\"https:\\\/\\\/radioljubuski.ba\\\/wp-content\\\/uploads\\\/2022\\\/03\\\/7-2022-03-08-19-47-54-euros.jpg\",\"width\":1000,\"height\":625},{\"@type\":\"BreadcrumbList\",\"@id\":\"https:\\\/\\\/radioljubuski.ba\\\/index.php\\\/2022\\\/03\\\/09\\\/bloomberg-eu-razmatra-veliko-zaduzenje-radi-financiranja-obrane-i-kupnje-energije\\\/#breadcrumb\",\"itemListElement\":[{\"@type\":\"ListItem\",\"position\":1,\"name\":\"Po\u010detna stranica\",\"item\":\"https:\\\/\\\/radioljubuski.ba\\\/\"},{\"@type\":\"ListItem\",\"position\":2,\"name\":\"Bloomberg: EU razmatra veliko zadu\u017eenje radi financiranja obrane i kupnje energije\"}]},{\"@type\":\"WebSite\",\"@id\":\"https:\\\/\\\/radioljubuski.ba\\\/#website\",\"url\":\"https:\\\/\\\/radioljubuski.ba\\\/\",\"name\":\"Radio Ljubu\u0161ki\",\"description\":\"Sun\u010dana frekvencija Hercegovine\",\"publisher\":{\"@id\":\"https:\\\/\\\/radioljubuski.ba\\\/#organization\"},\"potentialAction\":[{\"@type\":\"SearchAction\",\"target\":{\"@type\":\"EntryPoint\",\"urlTemplate\":\"https:\\\/\\\/radioljubuski.ba\\\/?s={search_term_string}\"},\"query-input\":{\"@type\":\"PropertyValueSpecification\",\"valueRequired\":true,\"valueName\":\"search_term_string\"}}],\"inLanguage\":\"hr\"},{\"@type\":\"Organization\",\"@id\":\"https:\\\/\\\/radioljubuski.ba\\\/#organization\",\"name\":\"Radio Ljubu\u0161ki\",\"url\":\"https:\\\/\\\/radioljubuski.ba\\\/\",\"logo\":{\"@type\":\"ImageObject\",\"inLanguage\":\"hr\",\"@id\":\"https:\\\/\\\/radioljubuski.ba\\\/#\\\/schema\\\/logo\\\/image\\\/\",\"url\":\"https:\\\/\\\/radioljubuski.ba\\\/wp-content\\\/uploads\\\/2021\\\/02\\\/cropped-Radio_Ljubuski_logo1.jpg\",\"contentUrl\":\"https:\\\/\\\/radioljubuski.ba\\\/wp-content\\\/uploads\\\/2021\\\/02\\\/cropped-Radio_Ljubuski_logo1.jpg\",\"width\":512,\"height\":512,\"caption\":\"Radio Ljubu\u0161ki\"},\"image\":{\"@id\":\"https:\\\/\\\/radioljubuski.ba\\\/#\\\/schema\\\/logo\\\/image\\\/\"},\"sameAs\":[\"https:\\\/\\\/www.facebook.com\\\/Radiio-Ljubuski-1490835324566332\",\"https:\\\/\\\/x.com\\\/radioljubuski\",\"https:\\\/\\\/hr.linkedin.com\\\/company\\\/radio-ljubuski\",\"https:\\\/\\\/www.youtube.com\\\/channel\\\/UCHYaeO_n0Db3tjNGudGpXyw\"]},{\"@type\":\"Person\",\"@id\":\"https:\\\/\\\/radioljubuski.ba\\\/#\\\/schema\\\/person\\\/19fc700381a780f69665d7956c469e3b\",\"name\":\"Radio Ljubu\u0161ki\"}]}<\/script>\n<!-- \/ Yoast SEO plugin. -->","yoast_head_json":{"title":"Bloomberg: EU razmatra veliko zadu\u017eenje radi financiranja obrane i kupnje energije - RADIO LJUBU\u0160KI","robots":{"index":"index","follow":"follow","max-snippet":"max-snippet:-1","max-image-preview":"max-image-preview:large","max-video-preview":"max-video-preview:-1"},"canonical":"https:\/\/radioljubuski.ba\/index.php\/2022\/03\/09\/bloomberg-eu-razmatra-veliko-zaduzenje-radi-financiranja-obrane-i-kupnje-energije\/","og_locale":"hr_HR","og_type":"article","og_title":"Bloomberg: EU razmatra veliko zadu\u017eenje radi financiranja obrane i kupnje energije - RADIO LJUBU\u0160KI","og_description":"&nbsp;Europska unija mogla bi ve\u0107 ovoga tjedna predstaviti plan izdanja zajedni\u010dkih obveznica \u010diji bi iznos mogao biti ogroman, a koristio bi se za financiranje potro\u0161nje u sektorima energije i obrane, izvijestila je u utorak agencija Bloomberg. Prijedlog bi mogao biti predstavljen nakon izvanrednog summita EU-a koji po\u010dinje u \u010detvrtak u Versaillesu, rekli su du\u017enosnici upu\u0107eni [&hellip;]","og_url":"https:\/\/radioljubuski.ba\/index.php\/2022\/03\/09\/bloomberg-eu-razmatra-veliko-zaduzenje-radi-financiranja-obrane-i-kupnje-energije\/","og_site_name":"RADIO LJUBU\u0160KI","article_publisher":"https:\/\/www.facebook.com\/Radiio-Ljubuski-1490835324566332","article_published_time":"2022-03-09T10:24:47+00:00","article_modified_time":"2022-03-09T10:24:48+00:00","og_image":[{"width":1000,"height":625,"url":"https:\/\/radioljubuski.ba\/wp-content\/uploads\/2022\/03\/7-2022-03-08-19-47-54-euros.jpg","type":"image\/jpeg"}],"author":"Radio Ljubu\u0161ki","twitter_card":"summary_large_image","twitter_creator":"@radioljubuski","twitter_site":"@radioljubuski","twitter_misc":{"Napisao\/la":"Radio Ljubu\u0161ki","Procijenjeno vrijeme \u010ditanja":"1 minuta"},"schema":{"@context":"https:\/\/schema.org","@graph":[{"@type":"Article","@id":"https:\/\/radioljubuski.ba\/index.php\/2022\/03\/09\/bloomberg-eu-razmatra-veliko-zaduzenje-radi-financiranja-obrane-i-kupnje-energije\/#article","isPartOf":{"@id":"https:\/\/radioljubuski.ba\/index.php\/2022\/03\/09\/bloomberg-eu-razmatra-veliko-zaduzenje-radi-financiranja-obrane-i-kupnje-energije\/"},"author":{"name":"Radio Ljubu\u0161ki","@id":"https:\/\/radioljubuski.ba\/#\/schema\/person\/19fc700381a780f69665d7956c469e3b"},"headline":"Bloomberg: EU razmatra veliko zadu\u017eenje radi financiranja obrane i kupnje energije","datePublished":"2022-03-09T10:24:47+00:00","dateModified":"2022-03-09T10:24:48+00:00","mainEntityOfPage":{"@id":"https:\/\/radioljubuski.ba\/index.php\/2022\/03\/09\/bloomberg-eu-razmatra-veliko-zaduzenje-radi-financiranja-obrane-i-kupnje-energije\/"},"wordCount":216,"publisher":{"@id":"https:\/\/radioljubuski.ba\/#organization"},"image":{"@id":"https:\/\/radioljubuski.ba\/index.php\/2022\/03\/09\/bloomberg-eu-razmatra-veliko-zaduzenje-radi-financiranja-obrane-i-kupnje-energije\/#primaryimage"},"thumbnailUrl":"https:\/\/radioljubuski.ba\/wp-content\/uploads\/2022\/03\/7-2022-03-08-19-47-54-euros.jpg","articleSection":["BIH i regija"],"inLanguage":"hr"},{"@type":"WebPage","@id":"https:\/\/radioljubuski.ba\/index.php\/2022\/03\/09\/bloomberg-eu-razmatra-veliko-zaduzenje-radi-financiranja-obrane-i-kupnje-energije\/","url":"https:\/\/radioljubuski.ba\/index.php\/2022\/03\/09\/bloomberg-eu-razmatra-veliko-zaduzenje-radi-financiranja-obrane-i-kupnje-energije\/","name":"Bloomberg: EU razmatra veliko zadu\u017eenje radi financiranja obrane i kupnje energije - RADIO LJUBU\u0160KI","isPartOf":{"@id":"https:\/\/radioljubuski.ba\/#website"},"primaryImageOfPage":{"@id":"https:\/\/radioljubuski.ba\/index.php\/2022\/03\/09\/bloomberg-eu-razmatra-veliko-zaduzenje-radi-financiranja-obrane-i-kupnje-energije\/#primaryimage"},"image":{"@id":"https:\/\/radioljubuski.ba\/index.php\/2022\/03\/09\/bloomberg-eu-razmatra-veliko-zaduzenje-radi-financiranja-obrane-i-kupnje-energije\/#primaryimage"},"thumbnailUrl":"https:\/\/radioljubuski.ba\/wp-content\/uploads\/2022\/03\/7-2022-03-08-19-47-54-euros.jpg","datePublished":"2022-03-09T10:24:47+00:00","dateModified":"2022-03-09T10:24:48+00:00","breadcrumb":{"@id":"https:\/\/radioljubuski.ba\/index.php\/2022\/03\/09\/bloomberg-eu-razmatra-veliko-zaduzenje-radi-financiranja-obrane-i-kupnje-energije\/#breadcrumb"},"inLanguage":"hr","potentialAction":[{"@type":"ReadAction","target":["https:\/\/radioljubuski.ba\/index.php\/2022\/03\/09\/bloomberg-eu-razmatra-veliko-zaduzenje-radi-financiranja-obrane-i-kupnje-energije\/"]}]},{"@type":"ImageObject","inLanguage":"hr","@id":"https:\/\/radioljubuski.ba\/index.php\/2022\/03\/09\/bloomberg-eu-razmatra-veliko-zaduzenje-radi-financiranja-obrane-i-kupnje-energije\/#primaryimage","url":"https:\/\/radioljubuski.ba\/wp-content\/uploads\/2022\/03\/7-2022-03-08-19-47-54-euros.jpg","contentUrl":"https:\/\/radioljubuski.ba\/wp-content\/uploads\/2022\/03\/7-2022-03-08-19-47-54-euros.jpg","width":1000,"height":625},{"@type":"BreadcrumbList","@id":"https:\/\/radioljubuski.ba\/index.php\/2022\/03\/09\/bloomberg-eu-razmatra-veliko-zaduzenje-radi-financiranja-obrane-i-kupnje-energije\/#breadcrumb","itemListElement":[{"@type":"ListItem","position":1,"name":"Po\u010detna stranica","item":"https:\/\/radioljubuski.ba\/"},{"@type":"ListItem","position":2,"name":"Bloomberg: EU razmatra veliko zadu\u017eenje radi financiranja obrane i kupnje energije"}]},{"@type":"WebSite","@id":"https:\/\/radioljubuski.ba\/#website","url":"https:\/\/radioljubuski.ba\/","name":"Radio Ljubu\u0161ki","description":"Sun\u010dana frekvencija Hercegovine","publisher":{"@id":"https:\/\/radioljubuski.ba\/#organization"},"potentialAction":[{"@type":"SearchAction","target":{"@type":"EntryPoint","urlTemplate":"https:\/\/radioljubuski.ba\/?s={search_term_string}"},"query-input":{"@type":"PropertyValueSpecification","valueRequired":true,"valueName":"search_term_string"}}],"inLanguage":"hr"},{"@type":"Organization","@id":"https:\/\/radioljubuski.ba\/#organization","name":"Radio Ljubu\u0161ki","url":"https:\/\/radioljubuski.ba\/","logo":{"@type":"ImageObject","inLanguage":"hr","@id":"https:\/\/radioljubuski.ba\/#\/schema\/logo\/image\/","url":"https:\/\/radioljubuski.ba\/wp-content\/uploads\/2021\/02\/cropped-Radio_Ljubuski_logo1.jpg","contentUrl":"https:\/\/radioljubuski.ba\/wp-content\/uploads\/2021\/02\/cropped-Radio_Ljubuski_logo1.jpg","width":512,"height":512,"caption":"Radio Ljubu\u0161ki"},"image":{"@id":"https:\/\/radioljubuski.ba\/#\/schema\/logo\/image\/"},"sameAs":["https:\/\/www.facebook.com\/Radiio-Ljubuski-1490835324566332","https:\/\/x.com\/radioljubuski","https:\/\/hr.linkedin.com\/company\/radio-ljubuski","https:\/\/www.youtube.com\/channel\/UCHYaeO_n0Db3tjNGudGpXyw"]},{"@type":"Person","@id":"https:\/\/radioljubuski.ba\/#\/schema\/person\/19fc700381a780f69665d7956c469e3b","name":"Radio Ljubu\u0161ki"}]}},"_links":{"self":[{"href":"https:\/\/radioljubuski.ba\/index.php\/wp-json\/wp\/v2\/posts\/119461","targetHints":{"allow":["GET"]}}],"collection":[{"href":"https:\/\/radioljubuski.ba\/index.php\/wp-json\/wp\/v2\/posts"}],"about":[{"href":"https:\/\/radioljubuski.ba\/index.php\/wp-json\/wp\/v2\/types\/post"}],"author":[{"embeddable":true,"href":"https:\/\/radioljubuski.ba\/index.php\/wp-json\/wp\/v2\/users\/2"}],"replies":[{"embeddable":true,"href":"https:\/\/radioljubuski.ba\/index.php\/wp-json\/wp\/v2\/comments?post=119461"}],"version-history":[{"count":1,"href":"https:\/\/radioljubuski.ba\/index.php\/wp-json\/wp\/v2\/posts\/119461\/revisions"}],"predecessor-version":[{"id":119463,"href":"https:\/\/radioljubuski.ba\/index.php\/wp-json\/wp\/v2\/posts\/119461\/revisions\/119463"}],"wp:featuredmedia":[{"embeddable":true,"href":"https:\/\/radioljubuski.ba\/index.php\/wp-json\/wp\/v2\/media\/119462"}],"wp:attachment":[{"href":"https:\/\/radioljubuski.ba\/index.php\/wp-json\/wp\/v2\/media?parent=119461"}],"wp:term":[{"taxonomy":"category","embeddable":true,"href":"https:\/\/radioljubuski.ba\/index.php\/wp-json\/wp\/v2\/categories?post=119461"},{"taxonomy":"post_tag","embeddable":true,"href":"https:\/\/radioljubuski.ba\/index.php\/wp-json\/wp\/v2\/tags?post=119461"}],"curies":[{"name":"wp","href":"https:\/\/api.w.org\/{rel}","templated":true}]}}