{"id":119470,"date":"2022-03-09T11:29:17","date_gmt":"2022-03-09T10:29:17","guid":{"rendered":"https:\/\/radioljubuski.ba\/?p=119470"},"modified":"2022-03-09T11:29:18","modified_gmt":"2022-03-09T10:29:18","slug":"putin-zabranjuje-uvoz-i-izvoz-u-odredene-zemlje-popis-ce-biti-objavljen-uskoro","status":"publish","type":"post","link":"https:\/\/radioljubuski.ba\/index.php\/2022\/03\/09\/putin-zabranjuje-uvoz-i-izvoz-u-odredene-zemlje-popis-ce-biti-objavljen-uskoro\/","title":{"rendered":"Putin zabranjuje uvoz i izvoz u odre\u0111ene zemlje, popis \u0107e biti objavljen uskoro"},"content":{"rendered":"\n<p>Ruski predsjednik Vladimir Putin potpisao je dekret kojim se zabranjuje uvoz i izvoz proizvoda i sirovina u odre\u0111ene zemlje, javljaju ukrajinski mediji.<\/p>\n\n\n\n<p>Popis zemalja bit \u0107e objavljen u roku od 48 sati.<\/p>\n\n\n\n<p>\u201cKako bih osigurao sigurnost i nesmetano funkcioniranje industrije, odlu\u010dujem\u2026 Da osiguram primjenu sljede\u0107ih posebnih ekonomskih mjera do 31. prosinca 2022. godine\u201d, navodi se u poruci.<\/p>\n\n\n\n<p>Prema uredbi, ograni\u010denja ne\u0107e uticati na robu i sirovine koje \u0107e Rusi, stranci ili osobe bez dr\u017eavljanstva uvoziti ili izvoziti iz zemlje za osobnu upotrebu.<\/p>\n\n\n\n<p>Predsjednik Rusije je tako\u0111er zadu\u017eio Vladu da za dva dana utvrdi spisak stranih zemalja u koje \u0107e biti zabranjen izvoz ove robe.<\/p>\n\n\n\n<p>Ranije u utorak, Putin je potpisao zakon o mjerama podr\u0161ke gra\u0111anima i poduze\u0107ima pod sankcijama.<\/p>\n\n\n\n<p>Izvor:N1<\/p>\n","protected":false},"excerpt":{"rendered":"<p>Ruski predsjednik Vladimir Putin potpisao je dekret kojim se zabranjuje uvoz i izvoz proizvoda i sirovina u odre\u0111ene zemlje, javljaju ukrajinski mediji. Popis zemalja bit \u0107e objavljen u roku od 48 sati. \u201cKako bih osigurao sigurnost i nesmetano funkcioniranje industrije, odlu\u010dujem\u2026 Da osiguram primjenu sljede\u0107ih posebnih ekonomskih mjera do 31. prosinca 2022. godine\u201d, navodi se [&hellip;]<\/p>\n","protected":false},"author":2,"featured_media":6332,"comment_status":"closed","ping_status":"closed","sticky":false,"template":"","format":"standard","meta":{"h5ap_radio_sources":[],"footnotes":""},"categories":[1],"tags":[],"class_list":["post-119470","post","type-post","status-publish","format-standard","has-post-thumbnail","hentry","category-bihiregija"],"yoast_head":"<!-- This site is optimized with the Yoast SEO plugin v27.5 - https:\/\/yoast.com\/product\/yoast-seo-wordpress\/ -->\n<title>Putin zabranjuje uvoz i izvoz u odre\u0111ene zemlje, popis \u0107e biti objavljen uskoro - RADIO LJUBU\u0160KI<\/title>\n<meta name=\"robots\" content=\"index, follow, max-snippet:-1, max-image-preview:large, max-video-preview:-1\" \/>\n<link rel=\"canonical\" href=\"https:\/\/radioljubuski.ba\/index.php\/2022\/03\/09\/putin-zabranjuje-uvoz-i-izvoz-u-odredene-zemlje-popis-ce-biti-objavljen-uskoro\/\" \/>\n<meta property=\"og:locale\" content=\"hr_HR\" \/>\n<meta property=\"og:type\" content=\"article\" \/>\n<meta property=\"og:title\" content=\"Putin zabranjuje uvoz i izvoz u odre\u0111ene zemlje, popis \u0107e biti objavljen uskoro - RADIO LJUBU\u0160KI\" \/>\n<meta property=\"og:description\" content=\"Ruski predsjednik Vladimir Putin potpisao je dekret kojim se zabranjuje uvoz i izvoz proizvoda i sirovina u odre\u0111ene zemlje, javljaju ukrajinski mediji. Popis zemalja bit \u0107e objavljen u roku od 48 sati. \u201cKako bih osigurao sigurnost i nesmetano funkcioniranje industrije, odlu\u010dujem\u2026 Da osiguram primjenu sljede\u0107ih posebnih ekonomskih mjera do 31. prosinca 2022. godine\u201d, navodi se [&hellip;]\" \/>\n<meta property=\"og:url\" content=\"https:\/\/radioljubuski.ba\/index.php\/2022\/03\/09\/putin-zabranjuje-uvoz-i-izvoz-u-odredene-zemlje-popis-ce-biti-objavljen-uskoro\/\" \/>\n<meta property=\"og:site_name\" content=\"RADIO LJUBU\u0160KI\" \/>\n<meta property=\"article:publisher\" content=\"https:\/\/www.facebook.com\/Radiio-Ljubuski-1490835324566332\" \/>\n<meta property=\"article:published_time\" content=\"2022-03-09T10:29:17+00:00\" \/>\n<meta property=\"article:modified_time\" content=\"2022-03-09T10:29:18+00:00\" \/>\n<meta property=\"og:image\" content=\"https:\/\/radioljubuski.ba\/wp-content\/uploads\/2021\/03\/DrjBoPa2_putin.jpg\" \/>\n\t<meta property=\"og:image:width\" content=\"1000\" \/>\n\t<meta property=\"og:image:height\" content=\"625\" \/>\n\t<meta property=\"og:image:type\" content=\"image\/jpeg\" \/>\n<meta name=\"author\" content=\"Radio Ljubu\u0161ki\" \/>\n<meta name=\"twitter:card\" content=\"summary_large_image\" \/>\n<meta name=\"twitter:creator\" content=\"@radioljubuski\" \/>\n<meta name=\"twitter:site\" content=\"@radioljubuski\" \/>\n<meta name=\"twitter:label1\" content=\"Napisao\/la\" \/>\n\t<meta name=\"twitter:data1\" content=\"Radio Ljubu\u0161ki\" \/>\n\t<meta name=\"twitter:label2\" content=\"Procijenjeno vrijeme \u010ditanja\" \/>\n\t<meta name=\"twitter:data2\" content=\"1 minuta\" \/>\n<script type=\"application\/ld+json\" class=\"yoast-schema-graph\">{\"@context\":\"https:\\\/\\\/schema.org\",\"@graph\":[{\"@type\":\"Article\",\"@id\":\"https:\\\/\\\/radioljubuski.ba\\\/index.php\\\/2022\\\/03\\\/09\\\/putin-zabranjuje-uvoz-i-izvoz-u-odredene-zemlje-popis-ce-biti-objavljen-uskoro\\\/#article\",\"isPartOf\":{\"@id\":\"https:\\\/\\\/radioljubuski.ba\\\/index.php\\\/2022\\\/03\\\/09\\\/putin-zabranjuje-uvoz-i-izvoz-u-odredene-zemlje-popis-ce-biti-objavljen-uskoro\\\/\"},\"author\":{\"name\":\"Radio Ljubu\u0161ki\",\"@id\":\"https:\\\/\\\/radioljubuski.ba\\\/#\\\/schema\\\/person\\\/19fc700381a780f69665d7956c469e3b\"},\"headline\":\"Putin zabranjuje uvoz i izvoz u odre\u0111ene zemlje, popis \u0107e biti objavljen uskoro\",\"datePublished\":\"2022-03-09T10:29:17+00:00\",\"dateModified\":\"2022-03-09T10:29:18+00:00\",\"mainEntityOfPage\":{\"@id\":\"https:\\\/\\\/radioljubuski.ba\\\/index.php\\\/2022\\\/03\\\/09\\\/putin-zabranjuje-uvoz-i-izvoz-u-odredene-zemlje-popis-ce-biti-objavljen-uskoro\\\/\"},\"wordCount\":143,\"publisher\":{\"@id\":\"https:\\\/\\\/radioljubuski.ba\\\/#organization\"},\"image\":{\"@id\":\"https:\\\/\\\/radioljubuski.ba\\\/index.php\\\/2022\\\/03\\\/09\\\/putin-zabranjuje-uvoz-i-izvoz-u-odredene-zemlje-popis-ce-biti-objavljen-uskoro\\\/#primaryimage\"},\"thumbnailUrl\":\"https:\\\/\\\/radioljubuski.ba\\\/wp-content\\\/uploads\\\/2021\\\/03\\\/DrjBoPa2_putin.jpg\",\"articleSection\":[\"BIH i regija\"],\"inLanguage\":\"hr\"},{\"@type\":\"WebPage\",\"@id\":\"https:\\\/\\\/radioljubuski.ba\\\/index.php\\\/2022\\\/03\\\/09\\\/putin-zabranjuje-uvoz-i-izvoz-u-odredene-zemlje-popis-ce-biti-objavljen-uskoro\\\/\",\"url\":\"https:\\\/\\\/radioljubuski.ba\\\/index.php\\\/2022\\\/03\\\/09\\\/putin-zabranjuje-uvoz-i-izvoz-u-odredene-zemlje-popis-ce-biti-objavljen-uskoro\\\/\",\"name\":\"Putin zabranjuje uvoz i izvoz u odre\u0111ene zemlje, popis \u0107e biti objavljen uskoro - RADIO LJUBU\u0160KI\",\"isPartOf\":{\"@id\":\"https:\\\/\\\/radioljubuski.ba\\\/#website\"},\"primaryImageOfPage\":{\"@id\":\"https:\\\/\\\/radioljubuski.ba\\\/index.php\\\/2022\\\/03\\\/09\\\/putin-zabranjuje-uvoz-i-izvoz-u-odredene-zemlje-popis-ce-biti-objavljen-uskoro\\\/#primaryimage\"},\"image\":{\"@id\":\"https:\\\/\\\/radioljubuski.ba\\\/index.php\\\/2022\\\/03\\\/09\\\/putin-zabranjuje-uvoz-i-izvoz-u-odredene-zemlje-popis-ce-biti-objavljen-uskoro\\\/#primaryimage\"},\"thumbnailUrl\":\"https:\\\/\\\/radioljubuski.ba\\\/wp-content\\\/uploads\\\/2021\\\/03\\\/DrjBoPa2_putin.jpg\",\"datePublished\":\"2022-03-09T10:29:17+00:00\",\"dateModified\":\"2022-03-09T10:29:18+00:00\",\"breadcrumb\":{\"@id\":\"https:\\\/\\\/radioljubuski.ba\\\/index.php\\\/2022\\\/03\\\/09\\\/putin-zabranjuje-uvoz-i-izvoz-u-odredene-zemlje-popis-ce-biti-objavljen-uskoro\\\/#breadcrumb\"},\"inLanguage\":\"hr\",\"potentialAction\":[{\"@type\":\"ReadAction\",\"target\":[\"https:\\\/\\\/radioljubuski.ba\\\/index.php\\\/2022\\\/03\\\/09\\\/putin-zabranjuje-uvoz-i-izvoz-u-odredene-zemlje-popis-ce-biti-objavljen-uskoro\\\/\"]}]},{\"@type\":\"ImageObject\",\"inLanguage\":\"hr\",\"@id\":\"https:\\\/\\\/radioljubuski.ba\\\/index.php\\\/2022\\\/03\\\/09\\\/putin-zabranjuje-uvoz-i-izvoz-u-odredene-zemlje-popis-ce-biti-objavljen-uskoro\\\/#primaryimage\",\"url\":\"https:\\\/\\\/radioljubuski.ba\\\/wp-content\\\/uploads\\\/2021\\\/03\\\/DrjBoPa2_putin.jpg\",\"contentUrl\":\"https:\\\/\\\/radioljubuski.ba\\\/wp-content\\\/uploads\\\/2021\\\/03\\\/DrjBoPa2_putin.jpg\",\"width\":1000,\"height\":625},{\"@type\":\"BreadcrumbList\",\"@id\":\"https:\\\/\\\/radioljubuski.ba\\\/index.php\\\/2022\\\/03\\\/09\\\/putin-zabranjuje-uvoz-i-izvoz-u-odredene-zemlje-popis-ce-biti-objavljen-uskoro\\\/#breadcrumb\",\"itemListElement\":[{\"@type\":\"ListItem\",\"position\":1,\"name\":\"Po\u010detna stranica\",\"item\":\"https:\\\/\\\/radioljubuski.ba\\\/\"},{\"@type\":\"ListItem\",\"position\":2,\"name\":\"Putin zabranjuje uvoz i izvoz u odre\u0111ene zemlje, popis \u0107e biti objavljen uskoro\"}]},{\"@type\":\"WebSite\",\"@id\":\"https:\\\/\\\/radioljubuski.ba\\\/#website\",\"url\":\"https:\\\/\\\/radioljubuski.ba\\\/\",\"name\":\"Radio Ljubu\u0161ki\",\"description\":\"Sun\u010dana frekvencija Hercegovine\",\"publisher\":{\"@id\":\"https:\\\/\\\/radioljubuski.ba\\\/#organization\"},\"potentialAction\":[{\"@type\":\"SearchAction\",\"target\":{\"@type\":\"EntryPoint\",\"urlTemplate\":\"https:\\\/\\\/radioljubuski.ba\\\/?s={search_term_string}\"},\"query-input\":{\"@type\":\"PropertyValueSpecification\",\"valueRequired\":true,\"valueName\":\"search_term_string\"}}],\"inLanguage\":\"hr\"},{\"@type\":\"Organization\",\"@id\":\"https:\\\/\\\/radioljubuski.ba\\\/#organization\",\"name\":\"Radio Ljubu\u0161ki\",\"url\":\"https:\\\/\\\/radioljubuski.ba\\\/\",\"logo\":{\"@type\":\"ImageObject\",\"inLanguage\":\"hr\",\"@id\":\"https:\\\/\\\/radioljubuski.ba\\\/#\\\/schema\\\/logo\\\/image\\\/\",\"url\":\"https:\\\/\\\/radioljubuski.ba\\\/wp-content\\\/uploads\\\/2021\\\/02\\\/cropped-Radio_Ljubuski_logo1.jpg\",\"contentUrl\":\"https:\\\/\\\/radioljubuski.ba\\\/wp-content\\\/uploads\\\/2021\\\/02\\\/cropped-Radio_Ljubuski_logo1.jpg\",\"width\":512,\"height\":512,\"caption\":\"Radio Ljubu\u0161ki\"},\"image\":{\"@id\":\"https:\\\/\\\/radioljubuski.ba\\\/#\\\/schema\\\/logo\\\/image\\\/\"},\"sameAs\":[\"https:\\\/\\\/www.facebook.com\\\/Radiio-Ljubuski-1490835324566332\",\"https:\\\/\\\/x.com\\\/radioljubuski\",\"https:\\\/\\\/hr.linkedin.com\\\/company\\\/radio-ljubuski\",\"https:\\\/\\\/www.youtube.com\\\/channel\\\/UCHYaeO_n0Db3tjNGudGpXyw\"]},{\"@type\":\"Person\",\"@id\":\"https:\\\/\\\/radioljubuski.ba\\\/#\\\/schema\\\/person\\\/19fc700381a780f69665d7956c469e3b\",\"name\":\"Radio Ljubu\u0161ki\"}]}<\/script>\n<!-- \/ Yoast SEO plugin. -->","yoast_head_json":{"title":"Putin zabranjuje uvoz i izvoz u odre\u0111ene zemlje, popis \u0107e biti objavljen uskoro - RADIO LJUBU\u0160KI","robots":{"index":"index","follow":"follow","max-snippet":"max-snippet:-1","max-image-preview":"max-image-preview:large","max-video-preview":"max-video-preview:-1"},"canonical":"https:\/\/radioljubuski.ba\/index.php\/2022\/03\/09\/putin-zabranjuje-uvoz-i-izvoz-u-odredene-zemlje-popis-ce-biti-objavljen-uskoro\/","og_locale":"hr_HR","og_type":"article","og_title":"Putin zabranjuje uvoz i izvoz u odre\u0111ene zemlje, popis \u0107e biti objavljen uskoro - RADIO LJUBU\u0160KI","og_description":"Ruski predsjednik Vladimir Putin potpisao je dekret kojim se zabranjuje uvoz i izvoz proizvoda i sirovina u odre\u0111ene zemlje, javljaju ukrajinski mediji. Popis zemalja bit \u0107e objavljen u roku od 48 sati. \u201cKako bih osigurao sigurnost i nesmetano funkcioniranje industrije, odlu\u010dujem\u2026 Da osiguram primjenu sljede\u0107ih posebnih ekonomskih mjera do 31. prosinca 2022. godine\u201d, navodi se [&hellip;]","og_url":"https:\/\/radioljubuski.ba\/index.php\/2022\/03\/09\/putin-zabranjuje-uvoz-i-izvoz-u-odredene-zemlje-popis-ce-biti-objavljen-uskoro\/","og_site_name":"RADIO LJUBU\u0160KI","article_publisher":"https:\/\/www.facebook.com\/Radiio-Ljubuski-1490835324566332","article_published_time":"2022-03-09T10:29:17+00:00","article_modified_time":"2022-03-09T10:29:18+00:00","og_image":[{"width":1000,"height":625,"url":"https:\/\/radioljubuski.ba\/wp-content\/uploads\/2021\/03\/DrjBoPa2_putin.jpg","type":"image\/jpeg"}],"author":"Radio Ljubu\u0161ki","twitter_card":"summary_large_image","twitter_creator":"@radioljubuski","twitter_site":"@radioljubuski","twitter_misc":{"Napisao\/la":"Radio Ljubu\u0161ki","Procijenjeno vrijeme \u010ditanja":"1 minuta"},"schema":{"@context":"https:\/\/schema.org","@graph":[{"@type":"Article","@id":"https:\/\/radioljubuski.ba\/index.php\/2022\/03\/09\/putin-zabranjuje-uvoz-i-izvoz-u-odredene-zemlje-popis-ce-biti-objavljen-uskoro\/#article","isPartOf":{"@id":"https:\/\/radioljubuski.ba\/index.php\/2022\/03\/09\/putin-zabranjuje-uvoz-i-izvoz-u-odredene-zemlje-popis-ce-biti-objavljen-uskoro\/"},"author":{"name":"Radio Ljubu\u0161ki","@id":"https:\/\/radioljubuski.ba\/#\/schema\/person\/19fc700381a780f69665d7956c469e3b"},"headline":"Putin zabranjuje uvoz i izvoz u odre\u0111ene zemlje, popis \u0107e biti objavljen uskoro","datePublished":"2022-03-09T10:29:17+00:00","dateModified":"2022-03-09T10:29:18+00:00","mainEntityOfPage":{"@id":"https:\/\/radioljubuski.ba\/index.php\/2022\/03\/09\/putin-zabranjuje-uvoz-i-izvoz-u-odredene-zemlje-popis-ce-biti-objavljen-uskoro\/"},"wordCount":143,"publisher":{"@id":"https:\/\/radioljubuski.ba\/#organization"},"image":{"@id":"https:\/\/radioljubuski.ba\/index.php\/2022\/03\/09\/putin-zabranjuje-uvoz-i-izvoz-u-odredene-zemlje-popis-ce-biti-objavljen-uskoro\/#primaryimage"},"thumbnailUrl":"https:\/\/radioljubuski.ba\/wp-content\/uploads\/2021\/03\/DrjBoPa2_putin.jpg","articleSection":["BIH i regija"],"inLanguage":"hr"},{"@type":"WebPage","@id":"https:\/\/radioljubuski.ba\/index.php\/2022\/03\/09\/putin-zabranjuje-uvoz-i-izvoz-u-odredene-zemlje-popis-ce-biti-objavljen-uskoro\/","url":"https:\/\/radioljubuski.ba\/index.php\/2022\/03\/09\/putin-zabranjuje-uvoz-i-izvoz-u-odredene-zemlje-popis-ce-biti-objavljen-uskoro\/","name":"Putin zabranjuje uvoz i izvoz u odre\u0111ene zemlje, popis \u0107e biti objavljen uskoro - RADIO LJUBU\u0160KI","isPartOf":{"@id":"https:\/\/radioljubuski.ba\/#website"},"primaryImageOfPage":{"@id":"https:\/\/radioljubuski.ba\/index.php\/2022\/03\/09\/putin-zabranjuje-uvoz-i-izvoz-u-odredene-zemlje-popis-ce-biti-objavljen-uskoro\/#primaryimage"},"image":{"@id":"https:\/\/radioljubuski.ba\/index.php\/2022\/03\/09\/putin-zabranjuje-uvoz-i-izvoz-u-odredene-zemlje-popis-ce-biti-objavljen-uskoro\/#primaryimage"},"thumbnailUrl":"https:\/\/radioljubuski.ba\/wp-content\/uploads\/2021\/03\/DrjBoPa2_putin.jpg","datePublished":"2022-03-09T10:29:17+00:00","dateModified":"2022-03-09T10:29:18+00:00","breadcrumb":{"@id":"https:\/\/radioljubuski.ba\/index.php\/2022\/03\/09\/putin-zabranjuje-uvoz-i-izvoz-u-odredene-zemlje-popis-ce-biti-objavljen-uskoro\/#breadcrumb"},"inLanguage":"hr","potentialAction":[{"@type":"ReadAction","target":["https:\/\/radioljubuski.ba\/index.php\/2022\/03\/09\/putin-zabranjuje-uvoz-i-izvoz-u-odredene-zemlje-popis-ce-biti-objavljen-uskoro\/"]}]},{"@type":"ImageObject","inLanguage":"hr","@id":"https:\/\/radioljubuski.ba\/index.php\/2022\/03\/09\/putin-zabranjuje-uvoz-i-izvoz-u-odredene-zemlje-popis-ce-biti-objavljen-uskoro\/#primaryimage","url":"https:\/\/radioljubuski.ba\/wp-content\/uploads\/2021\/03\/DrjBoPa2_putin.jpg","contentUrl":"https:\/\/radioljubuski.ba\/wp-content\/uploads\/2021\/03\/DrjBoPa2_putin.jpg","width":1000,"height":625},{"@type":"BreadcrumbList","@id":"https:\/\/radioljubuski.ba\/index.php\/2022\/03\/09\/putin-zabranjuje-uvoz-i-izvoz-u-odredene-zemlje-popis-ce-biti-objavljen-uskoro\/#breadcrumb","itemListElement":[{"@type":"ListItem","position":1,"name":"Po\u010detna stranica","item":"https:\/\/radioljubuski.ba\/"},{"@type":"ListItem","position":2,"name":"Putin zabranjuje uvoz i izvoz u odre\u0111ene zemlje, popis \u0107e biti objavljen uskoro"}]},{"@type":"WebSite","@id":"https:\/\/radioljubuski.ba\/#website","url":"https:\/\/radioljubuski.ba\/","name":"Radio Ljubu\u0161ki","description":"Sun\u010dana frekvencija Hercegovine","publisher":{"@id":"https:\/\/radioljubuski.ba\/#organization"},"potentialAction":[{"@type":"SearchAction","target":{"@type":"EntryPoint","urlTemplate":"https:\/\/radioljubuski.ba\/?s={search_term_string}"},"query-input":{"@type":"PropertyValueSpecification","valueRequired":true,"valueName":"search_term_string"}}],"inLanguage":"hr"},{"@type":"Organization","@id":"https:\/\/radioljubuski.ba\/#organization","name":"Radio Ljubu\u0161ki","url":"https:\/\/radioljubuski.ba\/","logo":{"@type":"ImageObject","inLanguage":"hr","@id":"https:\/\/radioljubuski.ba\/#\/schema\/logo\/image\/","url":"https:\/\/radioljubuski.ba\/wp-content\/uploads\/2021\/02\/cropped-Radio_Ljubuski_logo1.jpg","contentUrl":"https:\/\/radioljubuski.ba\/wp-content\/uploads\/2021\/02\/cropped-Radio_Ljubuski_logo1.jpg","width":512,"height":512,"caption":"Radio Ljubu\u0161ki"},"image":{"@id":"https:\/\/radioljubuski.ba\/#\/schema\/logo\/image\/"},"sameAs":["https:\/\/www.facebook.com\/Radiio-Ljubuski-1490835324566332","https:\/\/x.com\/radioljubuski","https:\/\/hr.linkedin.com\/company\/radio-ljubuski","https:\/\/www.youtube.com\/channel\/UCHYaeO_n0Db3tjNGudGpXyw"]},{"@type":"Person","@id":"https:\/\/radioljubuski.ba\/#\/schema\/person\/19fc700381a780f69665d7956c469e3b","name":"Radio Ljubu\u0161ki"}]}},"_links":{"self":[{"href":"https:\/\/radioljubuski.ba\/index.php\/wp-json\/wp\/v2\/posts\/119470","targetHints":{"allow":["GET"]}}],"collection":[{"href":"https:\/\/radioljubuski.ba\/index.php\/wp-json\/wp\/v2\/posts"}],"about":[{"href":"https:\/\/radioljubuski.ba\/index.php\/wp-json\/wp\/v2\/types\/post"}],"author":[{"embeddable":true,"href":"https:\/\/radioljubuski.ba\/index.php\/wp-json\/wp\/v2\/users\/2"}],"replies":[{"embeddable":true,"href":"https:\/\/radioljubuski.ba\/index.php\/wp-json\/wp\/v2\/comments?post=119470"}],"version-history":[{"count":1,"href":"https:\/\/radioljubuski.ba\/index.php\/wp-json\/wp\/v2\/posts\/119470\/revisions"}],"predecessor-version":[{"id":119471,"href":"https:\/\/radioljubuski.ba\/index.php\/wp-json\/wp\/v2\/posts\/119470\/revisions\/119471"}],"wp:featuredmedia":[{"embeddable":true,"href":"https:\/\/radioljubuski.ba\/index.php\/wp-json\/wp\/v2\/media\/6332"}],"wp:attachment":[{"href":"https:\/\/radioljubuski.ba\/index.php\/wp-json\/wp\/v2\/media?parent=119470"}],"wp:term":[{"taxonomy":"category","embeddable":true,"href":"https:\/\/radioljubuski.ba\/index.php\/wp-json\/wp\/v2\/categories?post=119470"},{"taxonomy":"post_tag","embeddable":true,"href":"https:\/\/radioljubuski.ba\/index.php\/wp-json\/wp\/v2\/tags?post=119470"}],"curies":[{"name":"wp","href":"https:\/\/api.w.org\/{rel}","templated":true}]}}