{"id":119472,"date":"2022-03-09T11:30:21","date_gmt":"2022-03-09T10:30:21","guid":{"rendered":"https:\/\/radioljubuski.ba\/?p=119472"},"modified":"2022-03-09T11:30:22","modified_gmt":"2022-03-09T10:30:22","slug":"zbog-rata-u-ukrajini-poskupljuje-gorivo-u-europi-mislim-da-nista-od-mora","status":"publish","type":"post","link":"https:\/\/radioljubuski.ba\/index.php\/2022\/03\/09\/zbog-rata-u-ukrajini-poskupljuje-gorivo-u-europi-mislim-da-nista-od-mora\/","title":{"rendered":"Zbog rata u Ukrajini poskupljuje gorivo u Europi: &#8220;Mislim da ni\u0161ta od mora&#8221;"},"content":{"rendered":"\n<p>U Parizu, Frankfurtu i Londonu mnogi voza\u010di, ljuti i pesimisti\u010dni, platili su u ponedjeljak dva eura ili vi\u0161e za litru goriva, \u0161to je nezapam\u0107eno i posljedica je rata u Ukrajini zbog kojeg su cijene nafte poletjele u nebo.<\/p>\n\n\n\n<p>Taksisti, na primjer, ne \u017eele voziti prazni, poput jednoga s kojim je AFP razgovarao kod pari\u0161ke obilaznice.<\/p>\n\n\n\n<p>\u201eJedino \u0161to mogu u\u010diniti je ograni\u010diti vo\u017enju kad sam prazan\u201d, rekao je Aziz Brahmi (38). \u201e\u010cekamo na stajali\u0161tu da klijenti do\u0111u do nas i vi\u0161e ih ne tra\u017eimo\u201d.<\/p>\n\n\n\n<p>U Londonu je primije\u0107en isti fenomen, 10.000 poznatih crnih taksija, koji voze na dizel, ne kru\u017ee ulicama nego \u010dekaju klijente.<\/p>\n\n\n\n<p>Colin, 55-godi\u0161nji dostavlja\u010d, izravno je pogo\u0111en jer mu je gorivo poskupjelo, a prihodi mu ne rastu. Odsad radije \u201ehoda nego da i dalje gubi novac\u201d zbog visokih cijena: litra goriva u ponedjeljak je stajala 1,61 funti \u0161to je gotovo 2 eura.<\/p>\n\n\n\n<p>Cijene goriva kontinuirano rastu ve\u0107 deset tjedana. U Francuskoj bezolovni benzin 95 pre\u0161ao je pro\u0161li tjedan u prosjeku 1,88 eura. Litra dizela sko\u010dila je za tjedan dana za 12 euro centa i stoji u prosjeku tako\u0111er 1,88 eura po litri.<\/p>\n\n\n\n<p>No to je samo nacionalni prosjek, u Parizu ili na autocestama cijene ve\u0107 prelaze 2 eura po litri.<\/p>\n\n\n\n<p>Dizel \u010desto ko\u0161ta koliko i benzin, kao u \u0160vedskoj gdje su zabilje\u017eene najvi\u0161e cijene u Europi. U ponedjeljak, cijena dizela ondje je na mnogim crpkama pre\u0161la rekordnih 25 kruna odnosno 2,31 eura po litri.<\/p>\n\n\n\n<p>Jednako je i u Njema\u010dkoj gdje litra goriva SuperE10, koje odgovara bezolovnom benzinu 95, stoji sada u prosjeku 1,82 eura, a dizela 1,76 eura.<\/p>\n\n\n\n<p><strong>Ne idemo na more<\/strong><\/p>\n\n\n\n<p>S\u00e9bastien Boudineau, 38-godi\u0161nji Pari\u017eanin, stoji zabrinut na benzinskoj pumpi, upravo je platio 77 eura za 38 litara dizela.<\/p>\n\n\n\n<p>\u017divi u Ile-de-Franceu, \u201cu udaljenom selu\u201d, i radi za tvrtku koja se bavi odr\u017eavanjem dizala u Parizu. Automobil mu je neophodan.<\/p>\n\n\n\n<p>\u201eTo je dodatni tro\u0161ak, manje novca od pla\u0107e i sigurno manje izlazaka kako bi se kompenziralo to poskupljenje\u201d.<\/p>\n\n\n\n<p>Isto tako i za Abdellatifa Helaouija, 28-godi\u0161njeg djelatnika hitne pomo\u0107i koji svaki dan prije\u0111e \u201evi\u0161e od 25 kilometara da bi do\u0161ao na posao\u201d.<\/p>\n\n\n\n<p>\u201eTo je tro\u0161ak od 200 eura na mjesec. Uskratit \u0107emo si stoga ne\u0161to drugo, mo\u017eda ljetovanje\u201d.<\/p>\n\n\n\n<p>Micheline Pouriel, 91-godi\u0161nja umirovljenica, jo\u0161 uvijek vozi, ali razmi\u0161lja da prestane jer je situacija postala \u201ckatastrofalna i luda\u201d.<\/p>\n\n\n\n<p>\u201eProdaja je pala od 5 do 10 posto ovisno o prodajnom mjestu. Ljudi manje putuju, koriste javni prijevoz, dijele prijevoz automobilom\u201d, rekao je Francis Pousse, predstavnik mre\u017ee francuskih benzinskih postaja.<\/p>\n\n\n\n<p>\u201eMogu\u0107e je dodavanje etanola (u benzinska vozila). Ku\u0161nja je velika\u201d, rekao je.<\/p>\n\n\n\n<p><strong>Cijena slobode&nbsp;<\/strong><\/p>\n\n\n\n<p>Neki ipak ne dramatiziraju, kao na postaji kod Frankfurta.<\/p>\n\n\n\n<p>Alexandra Koch, 37-godi\u0161nja radnica koja je do\u0161la napuniti svoj SUV, rekla je da je spremna na poskupljenja.<\/p>\n\n\n\n<p>\u201eAko su te cijene doprinos koji mogu dati na\u0161oj neovisnosti od Rusije, onda sam spremna to u\u010diniti\u201d, rekla je.<\/p>\n\n\n\n<p>Prednost \u017eivota u urbanom podru\u010dju su bicikli, autobusi ili vlakovi koji mogu ponekad zamijeniti osobna vozila.<\/p>\n\n\n\n<p>\u201eU gradu sada zbog cijena koristim javni prijevoz umjesto automobila. Jer je dodatni tro\u0161ak od 30 eura po rezervoaru lo\u0161\u201d, rekao je Marco Senfter (39), po zanimanju barmen, \u010diji je Audi ostao u gara\u017ei.<\/p>\n\n\n\n<p>Marius Scheidemann (23), koji se bavi ure\u0111enjem vrtova, u slobodno vrijeme nastoji koristiti bicikl, ali mu automobil treba za posao.<\/p>\n\n\n\n<p>\u201eVe\u0107 poku\u0161avam na autocesti voziti maksimalno 100 km na sat\u201d, rekao je, \u010dime nastoji smanjiti potro\u0161nju goriva kada ve\u0107 ne mo\u017ee smanjiti kilometra\u017eu.<\/p>\n\n\n\n<p>Izvor.pogled.ba<\/p>\n","protected":false},"excerpt":{"rendered":"<p>U Parizu, Frankfurtu i Londonu mnogi voza\u010di, ljuti i pesimisti\u010dni, platili su u ponedjeljak dva eura ili vi\u0161e za litru goriva, \u0161to je nezapam\u0107eno i posljedica je rata u Ukrajini zbog kojeg su cijene nafte poletjele u nebo. Taksisti, na primjer, ne \u017eele voziti prazni, poput jednoga s kojim je AFP razgovarao kod pari\u0161ke obilaznice. [&hellip;]<\/p>\n","protected":false},"author":2,"featured_media":0,"comment_status":"closed","ping_status":"closed","sticky":false,"template":"","format":"standard","meta":{"h5ap_radio_sources":[],"footnotes":""},"categories":[1],"tags":[],"class_list":["post-119472","post","type-post","status-publish","format-standard","hentry","category-bihiregija"],"yoast_head":"<!-- This site is optimized with the Yoast SEO plugin v27.5 - https:\/\/yoast.com\/product\/yoast-seo-wordpress\/ -->\n<title>Zbog rata u Ukrajini poskupljuje gorivo u Europi: &quot;Mislim da ni\u0161ta od mora&quot; - RADIO LJUBU\u0160KI<\/title>\n<meta name=\"robots\" content=\"index, follow, max-snippet:-1, max-image-preview:large, max-video-preview:-1\" \/>\n<link rel=\"canonical\" href=\"https:\/\/radioljubuski.ba\/index.php\/2022\/03\/09\/zbog-rata-u-ukrajini-poskupljuje-gorivo-u-europi-mislim-da-nista-od-mora\/\" \/>\n<meta property=\"og:locale\" content=\"hr_HR\" \/>\n<meta property=\"og:type\" content=\"article\" \/>\n<meta property=\"og:title\" content=\"Zbog rata u Ukrajini poskupljuje gorivo u Europi: &quot;Mislim da ni\u0161ta od mora&quot; - RADIO LJUBU\u0160KI\" \/>\n<meta property=\"og:description\" content=\"U Parizu, Frankfurtu i Londonu mnogi voza\u010di, ljuti i pesimisti\u010dni, platili su u ponedjeljak dva eura ili vi\u0161e za litru goriva, \u0161to je nezapam\u0107eno i posljedica je rata u Ukrajini zbog kojeg su cijene nafte poletjele u nebo. Taksisti, na primjer, ne \u017eele voziti prazni, poput jednoga s kojim je AFP razgovarao kod pari\u0161ke obilaznice. [&hellip;]\" \/>\n<meta property=\"og:url\" content=\"https:\/\/radioljubuski.ba\/index.php\/2022\/03\/09\/zbog-rata-u-ukrajini-poskupljuje-gorivo-u-europi-mislim-da-nista-od-mora\/\" \/>\n<meta property=\"og:site_name\" content=\"RADIO LJUBU\u0160KI\" \/>\n<meta property=\"article:publisher\" content=\"https:\/\/www.facebook.com\/Radiio-Ljubuski-1490835324566332\" \/>\n<meta property=\"article:published_time\" content=\"2022-03-09T10:30:21+00:00\" \/>\n<meta property=\"article:modified_time\" content=\"2022-03-09T10:30:22+00:00\" \/>\n<meta property=\"og:image\" content=\"https:\/\/radioljubuski.ba\/wp-content\/uploads\/2022\/03\/8-2022-03-09-07-23-40-cijene-goriva.jpg\" \/>\n\t<meta property=\"og:image:width\" content=\"1000\" \/>\n\t<meta property=\"og:image:height\" content=\"625\" \/>\n\t<meta property=\"og:image:type\" content=\"image\/jpeg\" \/>\n<meta name=\"author\" content=\"Radio Ljubu\u0161ki\" \/>\n<meta name=\"twitter:card\" content=\"summary_large_image\" \/>\n<meta name=\"twitter:creator\" content=\"@radioljubuski\" \/>\n<meta name=\"twitter:site\" content=\"@radioljubuski\" \/>\n<meta name=\"twitter:label1\" content=\"Napisao\/la\" \/>\n\t<meta name=\"twitter:data1\" content=\"Radio Ljubu\u0161ki\" \/>\n\t<meta name=\"twitter:label2\" content=\"Procijenjeno vrijeme \u010ditanja\" \/>\n\t<meta name=\"twitter:data2\" content=\"3 minute\" \/>\n<script type=\"application\/ld+json\" class=\"yoast-schema-graph\">{\"@context\":\"https:\\\/\\\/schema.org\",\"@graph\":[{\"@type\":\"Article\",\"@id\":\"https:\\\/\\\/radioljubuski.ba\\\/index.php\\\/2022\\\/03\\\/09\\\/zbog-rata-u-ukrajini-poskupljuje-gorivo-u-europi-mislim-da-nista-od-mora\\\/#article\",\"isPartOf\":{\"@id\":\"https:\\\/\\\/radioljubuski.ba\\\/index.php\\\/2022\\\/03\\\/09\\\/zbog-rata-u-ukrajini-poskupljuje-gorivo-u-europi-mislim-da-nista-od-mora\\\/\"},\"author\":{\"name\":\"Radio Ljubu\u0161ki\",\"@id\":\"https:\\\/\\\/radioljubuski.ba\\\/#\\\/schema\\\/person\\\/19fc700381a780f69665d7956c469e3b\"},\"headline\":\"Zbog rata u Ukrajini poskupljuje gorivo u Europi: &#8220;Mislim da ni\u0161ta od mora&#8221;\",\"datePublished\":\"2022-03-09T10:30:21+00:00\",\"dateModified\":\"2022-03-09T10:30:22+00:00\",\"mainEntityOfPage\":{\"@id\":\"https:\\\/\\\/radioljubuski.ba\\\/index.php\\\/2022\\\/03\\\/09\\\/zbog-rata-u-ukrajini-poskupljuje-gorivo-u-europi-mislim-da-nista-od-mora\\\/\"},\"wordCount\":610,\"publisher\":{\"@id\":\"https:\\\/\\\/radioljubuski.ba\\\/#organization\"},\"articleSection\":[\"BIH i regija\"],\"inLanguage\":\"hr\"},{\"@type\":\"WebPage\",\"@id\":\"https:\\\/\\\/radioljubuski.ba\\\/index.php\\\/2022\\\/03\\\/09\\\/zbog-rata-u-ukrajini-poskupljuje-gorivo-u-europi-mislim-da-nista-od-mora\\\/\",\"url\":\"https:\\\/\\\/radioljubuski.ba\\\/index.php\\\/2022\\\/03\\\/09\\\/zbog-rata-u-ukrajini-poskupljuje-gorivo-u-europi-mislim-da-nista-od-mora\\\/\",\"name\":\"Zbog rata u Ukrajini poskupljuje gorivo u Europi: \\\"Mislim da ni\u0161ta od mora\\\" - RADIO LJUBU\u0160KI\",\"isPartOf\":{\"@id\":\"https:\\\/\\\/radioljubuski.ba\\\/#website\"},\"datePublished\":\"2022-03-09T10:30:21+00:00\",\"dateModified\":\"2022-03-09T10:30:22+00:00\",\"breadcrumb\":{\"@id\":\"https:\\\/\\\/radioljubuski.ba\\\/index.php\\\/2022\\\/03\\\/09\\\/zbog-rata-u-ukrajini-poskupljuje-gorivo-u-europi-mislim-da-nista-od-mora\\\/#breadcrumb\"},\"inLanguage\":\"hr\",\"potentialAction\":[{\"@type\":\"ReadAction\",\"target\":[\"https:\\\/\\\/radioljubuski.ba\\\/index.php\\\/2022\\\/03\\\/09\\\/zbog-rata-u-ukrajini-poskupljuje-gorivo-u-europi-mislim-da-nista-od-mora\\\/\"]}]},{\"@type\":\"BreadcrumbList\",\"@id\":\"https:\\\/\\\/radioljubuski.ba\\\/index.php\\\/2022\\\/03\\\/09\\\/zbog-rata-u-ukrajini-poskupljuje-gorivo-u-europi-mislim-da-nista-od-mora\\\/#breadcrumb\",\"itemListElement\":[{\"@type\":\"ListItem\",\"position\":1,\"name\":\"Po\u010detna stranica\",\"item\":\"https:\\\/\\\/radioljubuski.ba\\\/\"},{\"@type\":\"ListItem\",\"position\":2,\"name\":\"Zbog rata u Ukrajini poskupljuje gorivo u Europi: &#8220;Mislim da ni\u0161ta od mora&#8221;\"}]},{\"@type\":\"WebSite\",\"@id\":\"https:\\\/\\\/radioljubuski.ba\\\/#website\",\"url\":\"https:\\\/\\\/radioljubuski.ba\\\/\",\"name\":\"Radio Ljubu\u0161ki\",\"description\":\"Sun\u010dana frekvencija Hercegovine\",\"publisher\":{\"@id\":\"https:\\\/\\\/radioljubuski.ba\\\/#organization\"},\"potentialAction\":[{\"@type\":\"SearchAction\",\"target\":{\"@type\":\"EntryPoint\",\"urlTemplate\":\"https:\\\/\\\/radioljubuski.ba\\\/?s={search_term_string}\"},\"query-input\":{\"@type\":\"PropertyValueSpecification\",\"valueRequired\":true,\"valueName\":\"search_term_string\"}}],\"inLanguage\":\"hr\"},{\"@type\":\"Organization\",\"@id\":\"https:\\\/\\\/radioljubuski.ba\\\/#organization\",\"name\":\"Radio Ljubu\u0161ki\",\"url\":\"https:\\\/\\\/radioljubuski.ba\\\/\",\"logo\":{\"@type\":\"ImageObject\",\"inLanguage\":\"hr\",\"@id\":\"https:\\\/\\\/radioljubuski.ba\\\/#\\\/schema\\\/logo\\\/image\\\/\",\"url\":\"https:\\\/\\\/radioljubuski.ba\\\/wp-content\\\/uploads\\\/2021\\\/02\\\/cropped-Radio_Ljubuski_logo1.jpg\",\"contentUrl\":\"https:\\\/\\\/radioljubuski.ba\\\/wp-content\\\/uploads\\\/2021\\\/02\\\/cropped-Radio_Ljubuski_logo1.jpg\",\"width\":512,\"height\":512,\"caption\":\"Radio Ljubu\u0161ki\"},\"image\":{\"@id\":\"https:\\\/\\\/radioljubuski.ba\\\/#\\\/schema\\\/logo\\\/image\\\/\"},\"sameAs\":[\"https:\\\/\\\/www.facebook.com\\\/Radiio-Ljubuski-1490835324566332\",\"https:\\\/\\\/x.com\\\/radioljubuski\",\"https:\\\/\\\/hr.linkedin.com\\\/company\\\/radio-ljubuski\",\"https:\\\/\\\/www.youtube.com\\\/channel\\\/UCHYaeO_n0Db3tjNGudGpXyw\"]},{\"@type\":\"Person\",\"@id\":\"https:\\\/\\\/radioljubuski.ba\\\/#\\\/schema\\\/person\\\/19fc700381a780f69665d7956c469e3b\",\"name\":\"Radio Ljubu\u0161ki\"}]}<\/script>\n<!-- \/ Yoast SEO plugin. -->","yoast_head_json":{"title":"Zbog rata u Ukrajini poskupljuje gorivo u Europi: \"Mislim da ni\u0161ta od mora\" - RADIO LJUBU\u0160KI","robots":{"index":"index","follow":"follow","max-snippet":"max-snippet:-1","max-image-preview":"max-image-preview:large","max-video-preview":"max-video-preview:-1"},"canonical":"https:\/\/radioljubuski.ba\/index.php\/2022\/03\/09\/zbog-rata-u-ukrajini-poskupljuje-gorivo-u-europi-mislim-da-nista-od-mora\/","og_locale":"hr_HR","og_type":"article","og_title":"Zbog rata u Ukrajini poskupljuje gorivo u Europi: \"Mislim da ni\u0161ta od mora\" - RADIO LJUBU\u0160KI","og_description":"U Parizu, Frankfurtu i Londonu mnogi voza\u010di, ljuti i pesimisti\u010dni, platili su u ponedjeljak dva eura ili vi\u0161e za litru goriva, \u0161to je nezapam\u0107eno i posljedica je rata u Ukrajini zbog kojeg su cijene nafte poletjele u nebo. Taksisti, na primjer, ne \u017eele voziti prazni, poput jednoga s kojim je AFP razgovarao kod pari\u0161ke obilaznice. [&hellip;]","og_url":"https:\/\/radioljubuski.ba\/index.php\/2022\/03\/09\/zbog-rata-u-ukrajini-poskupljuje-gorivo-u-europi-mislim-da-nista-od-mora\/","og_site_name":"RADIO LJUBU\u0160KI","article_publisher":"https:\/\/www.facebook.com\/Radiio-Ljubuski-1490835324566332","article_published_time":"2022-03-09T10:30:21+00:00","article_modified_time":"2022-03-09T10:30:22+00:00","og_image":[{"width":1000,"height":625,"url":"https:\/\/radioljubuski.ba\/wp-content\/uploads\/2022\/03\/8-2022-03-09-07-23-40-cijene-goriva.jpg","type":"image\/jpeg"}],"author":"Radio Ljubu\u0161ki","twitter_card":"summary_large_image","twitter_creator":"@radioljubuski","twitter_site":"@radioljubuski","twitter_misc":{"Napisao\/la":"Radio Ljubu\u0161ki","Procijenjeno vrijeme \u010ditanja":"3 minute"},"schema":{"@context":"https:\/\/schema.org","@graph":[{"@type":"Article","@id":"https:\/\/radioljubuski.ba\/index.php\/2022\/03\/09\/zbog-rata-u-ukrajini-poskupljuje-gorivo-u-europi-mislim-da-nista-od-mora\/#article","isPartOf":{"@id":"https:\/\/radioljubuski.ba\/index.php\/2022\/03\/09\/zbog-rata-u-ukrajini-poskupljuje-gorivo-u-europi-mislim-da-nista-od-mora\/"},"author":{"name":"Radio Ljubu\u0161ki","@id":"https:\/\/radioljubuski.ba\/#\/schema\/person\/19fc700381a780f69665d7956c469e3b"},"headline":"Zbog rata u Ukrajini poskupljuje gorivo u Europi: &#8220;Mislim da ni\u0161ta od mora&#8221;","datePublished":"2022-03-09T10:30:21+00:00","dateModified":"2022-03-09T10:30:22+00:00","mainEntityOfPage":{"@id":"https:\/\/radioljubuski.ba\/index.php\/2022\/03\/09\/zbog-rata-u-ukrajini-poskupljuje-gorivo-u-europi-mislim-da-nista-od-mora\/"},"wordCount":610,"publisher":{"@id":"https:\/\/radioljubuski.ba\/#organization"},"articleSection":["BIH i regija"],"inLanguage":"hr"},{"@type":"WebPage","@id":"https:\/\/radioljubuski.ba\/index.php\/2022\/03\/09\/zbog-rata-u-ukrajini-poskupljuje-gorivo-u-europi-mislim-da-nista-od-mora\/","url":"https:\/\/radioljubuski.ba\/index.php\/2022\/03\/09\/zbog-rata-u-ukrajini-poskupljuje-gorivo-u-europi-mislim-da-nista-od-mora\/","name":"Zbog rata u Ukrajini poskupljuje gorivo u Europi: \"Mislim da ni\u0161ta od mora\" - RADIO LJUBU\u0160KI","isPartOf":{"@id":"https:\/\/radioljubuski.ba\/#website"},"datePublished":"2022-03-09T10:30:21+00:00","dateModified":"2022-03-09T10:30:22+00:00","breadcrumb":{"@id":"https:\/\/radioljubuski.ba\/index.php\/2022\/03\/09\/zbog-rata-u-ukrajini-poskupljuje-gorivo-u-europi-mislim-da-nista-od-mora\/#breadcrumb"},"inLanguage":"hr","potentialAction":[{"@type":"ReadAction","target":["https:\/\/radioljubuski.ba\/index.php\/2022\/03\/09\/zbog-rata-u-ukrajini-poskupljuje-gorivo-u-europi-mislim-da-nista-od-mora\/"]}]},{"@type":"BreadcrumbList","@id":"https:\/\/radioljubuski.ba\/index.php\/2022\/03\/09\/zbog-rata-u-ukrajini-poskupljuje-gorivo-u-europi-mislim-da-nista-od-mora\/#breadcrumb","itemListElement":[{"@type":"ListItem","position":1,"name":"Po\u010detna stranica","item":"https:\/\/radioljubuski.ba\/"},{"@type":"ListItem","position":2,"name":"Zbog rata u Ukrajini poskupljuje gorivo u Europi: &#8220;Mislim da ni\u0161ta od mora&#8221;"}]},{"@type":"WebSite","@id":"https:\/\/radioljubuski.ba\/#website","url":"https:\/\/radioljubuski.ba\/","name":"Radio Ljubu\u0161ki","description":"Sun\u010dana frekvencija Hercegovine","publisher":{"@id":"https:\/\/radioljubuski.ba\/#organization"},"potentialAction":[{"@type":"SearchAction","target":{"@type":"EntryPoint","urlTemplate":"https:\/\/radioljubuski.ba\/?s={search_term_string}"},"query-input":{"@type":"PropertyValueSpecification","valueRequired":true,"valueName":"search_term_string"}}],"inLanguage":"hr"},{"@type":"Organization","@id":"https:\/\/radioljubuski.ba\/#organization","name":"Radio Ljubu\u0161ki","url":"https:\/\/radioljubuski.ba\/","logo":{"@type":"ImageObject","inLanguage":"hr","@id":"https:\/\/radioljubuski.ba\/#\/schema\/logo\/image\/","url":"https:\/\/radioljubuski.ba\/wp-content\/uploads\/2021\/02\/cropped-Radio_Ljubuski_logo1.jpg","contentUrl":"https:\/\/radioljubuski.ba\/wp-content\/uploads\/2021\/02\/cropped-Radio_Ljubuski_logo1.jpg","width":512,"height":512,"caption":"Radio Ljubu\u0161ki"},"image":{"@id":"https:\/\/radioljubuski.ba\/#\/schema\/logo\/image\/"},"sameAs":["https:\/\/www.facebook.com\/Radiio-Ljubuski-1490835324566332","https:\/\/x.com\/radioljubuski","https:\/\/hr.linkedin.com\/company\/radio-ljubuski","https:\/\/www.youtube.com\/channel\/UCHYaeO_n0Db3tjNGudGpXyw"]},{"@type":"Person","@id":"https:\/\/radioljubuski.ba\/#\/schema\/person\/19fc700381a780f69665d7956c469e3b","name":"Radio Ljubu\u0161ki"}]}},"_links":{"self":[{"href":"https:\/\/radioljubuski.ba\/index.php\/wp-json\/wp\/v2\/posts\/119472","targetHints":{"allow":["GET"]}}],"collection":[{"href":"https:\/\/radioljubuski.ba\/index.php\/wp-json\/wp\/v2\/posts"}],"about":[{"href":"https:\/\/radioljubuski.ba\/index.php\/wp-json\/wp\/v2\/types\/post"}],"author":[{"embeddable":true,"href":"https:\/\/radioljubuski.ba\/index.php\/wp-json\/wp\/v2\/users\/2"}],"replies":[{"embeddable":true,"href":"https:\/\/radioljubuski.ba\/index.php\/wp-json\/wp\/v2\/comments?post=119472"}],"version-history":[{"count":1,"href":"https:\/\/radioljubuski.ba\/index.php\/wp-json\/wp\/v2\/posts\/119472\/revisions"}],"predecessor-version":[{"id":119474,"href":"https:\/\/radioljubuski.ba\/index.php\/wp-json\/wp\/v2\/posts\/119472\/revisions\/119474"}],"wp:attachment":[{"href":"https:\/\/radioljubuski.ba\/index.php\/wp-json\/wp\/v2\/media?parent=119472"}],"wp:term":[{"taxonomy":"category","embeddable":true,"href":"https:\/\/radioljubuski.ba\/index.php\/wp-json\/wp\/v2\/categories?post=119472"},{"taxonomy":"post_tag","embeddable":true,"href":"https:\/\/radioljubuski.ba\/index.php\/wp-json\/wp\/v2\/tags?post=119472"}],"curies":[{"name":"wp","href":"https:\/\/api.w.org\/{rel}","templated":true}]}}