{"id":119491,"date":"2022-03-09T11:37:58","date_gmt":"2022-03-09T10:37:58","guid":{"rendered":"https:\/\/radioljubuski.ba\/?p=119491"},"modified":"2022-03-09T11:37:59","modified_gmt":"2022-03-09T10:37:59","slug":"vucic-cekam-putinov-odgovor","status":"publish","type":"post","link":"https:\/\/radioljubuski.ba\/index.php\/2022\/03\/09\/vucic-cekam-putinov-odgovor\/","title":{"rendered":"Vu\u010di\u0107: \u010cekam Putinov odgovor"},"content":{"rendered":"\n<p>Predsjednik Republike Srbije Aleksandar Vu\u010di\u0107 gostovao je u emisiji Fokus na televiziji B92, gdje je govorio o aktualnim temama. Poru\u010dio je da bi volio kazati kako \u0107e se smiriti situacija u Ukrajini, ali da takvo \u0161to za sada nije izgledno.<\/p>\n\n\n\n<p>\u201cZa nas je va\u017eno analizirati doga\u0111anja. Do\u0161lo je do stra\u0161nih poreme\u0107aja koji \u0107e djelovati i na Srbiju. Joe Biden je zabranio uvoz nafte. Na ameri\u010dkom tr\u017ei\u0161tu je 3,4 posto ruske nafte. O\u010dekujemo sutra odluku EU-a\u201d, rekao je Vu\u010di\u0107.<\/p>\n\n\n\n<p>Vu\u010di\u0107 je kazao na TV B92 da je netko morao donijeti odluku u vezi s osudom ruske invazije na Ukrajinu, a da ne o\u0161teti gra\u0111ane Srbije.<\/p>\n\n\n\n<p>\u201cNikada nisam ukrao ni\u0161ta, nemam nijedan ra\u010dun u inozemstvu i sa mnom se ne mo\u017ee razgovarati na takav na\u010din. Ja imam i svoj osobni dignitet, pogledajte koliko sam ja razgovarao sa svjetskim du\u017enosnicima, a koliko drugi. Ne znam za \u0161to se oporba zala\u017ee, osim da je Vu\u010di\u0107 kriv. Netko je morao donijeti odluku da ne o\u0161teti gra\u0111ane Srbije. Mi moramo po\u0161tovati integritet drugih zemalja. Da nismo osudili upad u Ukrajinu, mi nikada vi\u0161e ne bismo imali pravo potegnuti taj argument\u201d, rekao je.<\/p>\n\n\n\n<p>Dotaknuo se situacije na Kosovu, a govorio je i o najavljenim izborima u Srbiji. \u201cNe znam ni \u0161to \u0107e biti s izborima, a kamoli sa tablicama. Mi sve vrijeme razgovaramo ali ni za koga ne postoji ni\u0161ta osim sukoba Rusije i Ukrajine, to\u010dnije Rusije i Zapada. Mi se interesiramo za izbore i gledamo da sve pro\u0111e na miran na\u010din, ali kako \u0107e i \u0161to biti ni sam ne znam\u201d, rekao je Vu\u010di\u0107.<\/p>\n\n\n\n<p>Istaknuo je da je va\u017eno da sad Srbija sa\u010duva mir i stabilnost. \u201cTo nam je sada pre\u010de i od svega, borit \u0107emo se i vjerujem da \u0107emo mo\u0107i osigurati izlazak na izbore\u201d, kazao je.<\/p>\n\n\n\n<p>Dodao je da je od francuskog predsjednika Emmanuela Macrona tra\u017eio da \u201cka\u017ee da nitko ne\u0107e u\u0107i u EU prije Srbije\u201d.<\/p>\n\n\n\n<p>\u201cOn je uvijek fer i iako nemamo uvijek isto gledi\u0161te, \u017eeli nas saslu\u0161ati. Na\u0161a situacija je danas mnogo te\u0161ka i svi drugi pi\u0161u samo da je Vu\u010di\u0107 mali Putin da bi okrenuli Zapad protiv Srbije\u201d, zaklju\u010dio je srbijanski predsjednik te dodao:<\/p>\n\n\n\n<p>\u201cBit \u0107e velika borba u ovakvim uvjetima. \u010cekam da vidim Putinov odgovor. \u010cekam da vidim \u0161to \u0107e re\u0107i Europska unija. Mislim da ne\u0107e odjednom sve ukinuti, mislim da \u0107e smanjiti potro\u0161nju energenata iz ruskog izvoza. Ako Rusija uradi ono \u0161to mislim da ho\u0107e, bit \u0107e \u010dekanja na automobile, \u0161to uvodi cijeli svijet u u\u017easnu ekonomsku katastrofu i pitanje je kako \u0107e se svijet izvu\u0107i iz toga. A da ne govorimo o mogu\u0107nosti \u0161irenja sukoba\u201d, zaklju\u010dio je Vu\u010di\u0107.<\/p>\n\n\n\n<p>Izvor:pogled.ba<\/p>\n","protected":false},"excerpt":{"rendered":"<p>Predsjednik Republike Srbije Aleksandar Vu\u010di\u0107 gostovao je u emisiji Fokus na televiziji B92, gdje je govorio o aktualnim temama. Poru\u010dio je da bi volio kazati kako \u0107e se smiriti situacija u Ukrajini, ali da takvo \u0161to za sada nije izgledno. \u201cZa nas je va\u017eno analizirati doga\u0111anja. Do\u0161lo je do stra\u0161nih poreme\u0107aja koji \u0107e djelovati i [&hellip;]<\/p>\n","protected":false},"author":2,"featured_media":46068,"comment_status":"closed","ping_status":"closed","sticky":false,"template":"","format":"standard","meta":{"h5ap_radio_sources":[],"footnotes":""},"categories":[1],"tags":[],"class_list":["post-119491","post","type-post","status-publish","format-standard","has-post-thumbnail","hentry","category-bihiregija"],"yoast_head":"<!-- This site is optimized with the Yoast SEO plugin v27.5 - https:\/\/yoast.com\/product\/yoast-seo-wordpress\/ -->\n<title>Vu\u010di\u0107: \u010cekam Putinov odgovor - RADIO LJUBU\u0160KI<\/title>\n<meta name=\"robots\" content=\"index, follow, max-snippet:-1, max-image-preview:large, max-video-preview:-1\" \/>\n<link rel=\"canonical\" href=\"https:\/\/radioljubuski.ba\/index.php\/2022\/03\/09\/vucic-cekam-putinov-odgovor\/\" \/>\n<meta property=\"og:locale\" content=\"hr_HR\" \/>\n<meta property=\"og:type\" content=\"article\" \/>\n<meta property=\"og:title\" content=\"Vu\u010di\u0107: \u010cekam Putinov odgovor - RADIO LJUBU\u0160KI\" \/>\n<meta property=\"og:description\" content=\"Predsjednik Republike Srbije Aleksandar Vu\u010di\u0107 gostovao je u emisiji Fokus na televiziji B92, gdje je govorio o aktualnim temama. Poru\u010dio je da bi volio kazati kako \u0107e se smiriti situacija u Ukrajini, ali da takvo \u0161to za sada nije izgledno. \u201cZa nas je va\u017eno analizirati doga\u0111anja. Do\u0161lo je do stra\u0161nih poreme\u0107aja koji \u0107e djelovati i [&hellip;]\" \/>\n<meta property=\"og:url\" content=\"https:\/\/radioljubuski.ba\/index.php\/2022\/03\/09\/vucic-cekam-putinov-odgovor\/\" \/>\n<meta property=\"og:site_name\" content=\"RADIO LJUBU\u0160KI\" \/>\n<meta property=\"article:publisher\" content=\"https:\/\/www.facebook.com\/Radiio-Ljubuski-1490835324566332\" \/>\n<meta property=\"article:published_time\" content=\"2022-03-09T10:37:58+00:00\" \/>\n<meta property=\"article:modified_time\" content=\"2022-03-09T10:37:59+00:00\" \/>\n<meta property=\"og:image\" content=\"https:\/\/radioljubuski.ba\/wp-content\/uploads\/2021\/07\/vucic_tanjug.jpg\" \/>\n\t<meta property=\"og:image:width\" content=\"840\" \/>\n\t<meta property=\"og:image:height\" content=\"470\" \/>\n\t<meta property=\"og:image:type\" content=\"image\/jpeg\" \/>\n<meta name=\"author\" content=\"Radio Ljubu\u0161ki\" \/>\n<meta name=\"twitter:card\" content=\"summary_large_image\" \/>\n<meta name=\"twitter:creator\" content=\"@radioljubuski\" \/>\n<meta name=\"twitter:site\" content=\"@radioljubuski\" \/>\n<meta name=\"twitter:label1\" content=\"Napisao\/la\" \/>\n\t<meta name=\"twitter:data1\" content=\"Radio Ljubu\u0161ki\" \/>\n\t<meta name=\"twitter:label2\" content=\"Procijenjeno vrijeme \u010ditanja\" \/>\n\t<meta name=\"twitter:data2\" content=\"2 minute\" \/>\n<script type=\"application\/ld+json\" class=\"yoast-schema-graph\">{\"@context\":\"https:\\\/\\\/schema.org\",\"@graph\":[{\"@type\":\"Article\",\"@id\":\"https:\\\/\\\/radioljubuski.ba\\\/index.php\\\/2022\\\/03\\\/09\\\/vucic-cekam-putinov-odgovor\\\/#article\",\"isPartOf\":{\"@id\":\"https:\\\/\\\/radioljubuski.ba\\\/index.php\\\/2022\\\/03\\\/09\\\/vucic-cekam-putinov-odgovor\\\/\"},\"author\":{\"name\":\"Radio Ljubu\u0161ki\",\"@id\":\"https:\\\/\\\/radioljubuski.ba\\\/#\\\/schema\\\/person\\\/19fc700381a780f69665d7956c469e3b\"},\"headline\":\"Vu\u010di\u0107: \u010cekam Putinov odgovor\",\"datePublished\":\"2022-03-09T10:37:58+00:00\",\"dateModified\":\"2022-03-09T10:37:59+00:00\",\"mainEntityOfPage\":{\"@id\":\"https:\\\/\\\/radioljubuski.ba\\\/index.php\\\/2022\\\/03\\\/09\\\/vucic-cekam-putinov-odgovor\\\/\"},\"wordCount\":492,\"publisher\":{\"@id\":\"https:\\\/\\\/radioljubuski.ba\\\/#organization\"},\"image\":{\"@id\":\"https:\\\/\\\/radioljubuski.ba\\\/index.php\\\/2022\\\/03\\\/09\\\/vucic-cekam-putinov-odgovor\\\/#primaryimage\"},\"thumbnailUrl\":\"https:\\\/\\\/radioljubuski.ba\\\/wp-content\\\/uploads\\\/2021\\\/07\\\/vucic_tanjug.jpg\",\"articleSection\":[\"BIH i regija\"],\"inLanguage\":\"hr\"},{\"@type\":\"WebPage\",\"@id\":\"https:\\\/\\\/radioljubuski.ba\\\/index.php\\\/2022\\\/03\\\/09\\\/vucic-cekam-putinov-odgovor\\\/\",\"url\":\"https:\\\/\\\/radioljubuski.ba\\\/index.php\\\/2022\\\/03\\\/09\\\/vucic-cekam-putinov-odgovor\\\/\",\"name\":\"Vu\u010di\u0107: \u010cekam Putinov odgovor - RADIO LJUBU\u0160KI\",\"isPartOf\":{\"@id\":\"https:\\\/\\\/radioljubuski.ba\\\/#website\"},\"primaryImageOfPage\":{\"@id\":\"https:\\\/\\\/radioljubuski.ba\\\/index.php\\\/2022\\\/03\\\/09\\\/vucic-cekam-putinov-odgovor\\\/#primaryimage\"},\"image\":{\"@id\":\"https:\\\/\\\/radioljubuski.ba\\\/index.php\\\/2022\\\/03\\\/09\\\/vucic-cekam-putinov-odgovor\\\/#primaryimage\"},\"thumbnailUrl\":\"https:\\\/\\\/radioljubuski.ba\\\/wp-content\\\/uploads\\\/2021\\\/07\\\/vucic_tanjug.jpg\",\"datePublished\":\"2022-03-09T10:37:58+00:00\",\"dateModified\":\"2022-03-09T10:37:59+00:00\",\"breadcrumb\":{\"@id\":\"https:\\\/\\\/radioljubuski.ba\\\/index.php\\\/2022\\\/03\\\/09\\\/vucic-cekam-putinov-odgovor\\\/#breadcrumb\"},\"inLanguage\":\"hr\",\"potentialAction\":[{\"@type\":\"ReadAction\",\"target\":[\"https:\\\/\\\/radioljubuski.ba\\\/index.php\\\/2022\\\/03\\\/09\\\/vucic-cekam-putinov-odgovor\\\/\"]}]},{\"@type\":\"ImageObject\",\"inLanguage\":\"hr\",\"@id\":\"https:\\\/\\\/radioljubuski.ba\\\/index.php\\\/2022\\\/03\\\/09\\\/vucic-cekam-putinov-odgovor\\\/#primaryimage\",\"url\":\"https:\\\/\\\/radioljubuski.ba\\\/wp-content\\\/uploads\\\/2021\\\/07\\\/vucic_tanjug.jpg\",\"contentUrl\":\"https:\\\/\\\/radioljubuski.ba\\\/wp-content\\\/uploads\\\/2021\\\/07\\\/vucic_tanjug.jpg\",\"width\":840,\"height\":470},{\"@type\":\"BreadcrumbList\",\"@id\":\"https:\\\/\\\/radioljubuski.ba\\\/index.php\\\/2022\\\/03\\\/09\\\/vucic-cekam-putinov-odgovor\\\/#breadcrumb\",\"itemListElement\":[{\"@type\":\"ListItem\",\"position\":1,\"name\":\"Po\u010detna stranica\",\"item\":\"https:\\\/\\\/radioljubuski.ba\\\/\"},{\"@type\":\"ListItem\",\"position\":2,\"name\":\"Vu\u010di\u0107: \u010cekam Putinov odgovor\"}]},{\"@type\":\"WebSite\",\"@id\":\"https:\\\/\\\/radioljubuski.ba\\\/#website\",\"url\":\"https:\\\/\\\/radioljubuski.ba\\\/\",\"name\":\"Radio Ljubu\u0161ki\",\"description\":\"Sun\u010dana frekvencija Hercegovine\",\"publisher\":{\"@id\":\"https:\\\/\\\/radioljubuski.ba\\\/#organization\"},\"potentialAction\":[{\"@type\":\"SearchAction\",\"target\":{\"@type\":\"EntryPoint\",\"urlTemplate\":\"https:\\\/\\\/radioljubuski.ba\\\/?s={search_term_string}\"},\"query-input\":{\"@type\":\"PropertyValueSpecification\",\"valueRequired\":true,\"valueName\":\"search_term_string\"}}],\"inLanguage\":\"hr\"},{\"@type\":\"Organization\",\"@id\":\"https:\\\/\\\/radioljubuski.ba\\\/#organization\",\"name\":\"Radio Ljubu\u0161ki\",\"url\":\"https:\\\/\\\/radioljubuski.ba\\\/\",\"logo\":{\"@type\":\"ImageObject\",\"inLanguage\":\"hr\",\"@id\":\"https:\\\/\\\/radioljubuski.ba\\\/#\\\/schema\\\/logo\\\/image\\\/\",\"url\":\"https:\\\/\\\/radioljubuski.ba\\\/wp-content\\\/uploads\\\/2021\\\/02\\\/cropped-Radio_Ljubuski_logo1.jpg\",\"contentUrl\":\"https:\\\/\\\/radioljubuski.ba\\\/wp-content\\\/uploads\\\/2021\\\/02\\\/cropped-Radio_Ljubuski_logo1.jpg\",\"width\":512,\"height\":512,\"caption\":\"Radio Ljubu\u0161ki\"},\"image\":{\"@id\":\"https:\\\/\\\/radioljubuski.ba\\\/#\\\/schema\\\/logo\\\/image\\\/\"},\"sameAs\":[\"https:\\\/\\\/www.facebook.com\\\/Radiio-Ljubuski-1490835324566332\",\"https:\\\/\\\/x.com\\\/radioljubuski\",\"https:\\\/\\\/hr.linkedin.com\\\/company\\\/radio-ljubuski\",\"https:\\\/\\\/www.youtube.com\\\/channel\\\/UCHYaeO_n0Db3tjNGudGpXyw\"]},{\"@type\":\"Person\",\"@id\":\"https:\\\/\\\/radioljubuski.ba\\\/#\\\/schema\\\/person\\\/19fc700381a780f69665d7956c469e3b\",\"name\":\"Radio Ljubu\u0161ki\"}]}<\/script>\n<!-- \/ Yoast SEO plugin. -->","yoast_head_json":{"title":"Vu\u010di\u0107: \u010cekam Putinov odgovor - RADIO LJUBU\u0160KI","robots":{"index":"index","follow":"follow","max-snippet":"max-snippet:-1","max-image-preview":"max-image-preview:large","max-video-preview":"max-video-preview:-1"},"canonical":"https:\/\/radioljubuski.ba\/index.php\/2022\/03\/09\/vucic-cekam-putinov-odgovor\/","og_locale":"hr_HR","og_type":"article","og_title":"Vu\u010di\u0107: \u010cekam Putinov odgovor - RADIO LJUBU\u0160KI","og_description":"Predsjednik Republike Srbije Aleksandar Vu\u010di\u0107 gostovao je u emisiji Fokus na televiziji B92, gdje je govorio o aktualnim temama. Poru\u010dio je da bi volio kazati kako \u0107e se smiriti situacija u Ukrajini, ali da takvo \u0161to za sada nije izgledno. \u201cZa nas je va\u017eno analizirati doga\u0111anja. Do\u0161lo je do stra\u0161nih poreme\u0107aja koji \u0107e djelovati i [&hellip;]","og_url":"https:\/\/radioljubuski.ba\/index.php\/2022\/03\/09\/vucic-cekam-putinov-odgovor\/","og_site_name":"RADIO LJUBU\u0160KI","article_publisher":"https:\/\/www.facebook.com\/Radiio-Ljubuski-1490835324566332","article_published_time":"2022-03-09T10:37:58+00:00","article_modified_time":"2022-03-09T10:37:59+00:00","og_image":[{"width":840,"height":470,"url":"https:\/\/radioljubuski.ba\/wp-content\/uploads\/2021\/07\/vucic_tanjug.jpg","type":"image\/jpeg"}],"author":"Radio Ljubu\u0161ki","twitter_card":"summary_large_image","twitter_creator":"@radioljubuski","twitter_site":"@radioljubuski","twitter_misc":{"Napisao\/la":"Radio Ljubu\u0161ki","Procijenjeno vrijeme \u010ditanja":"2 minute"},"schema":{"@context":"https:\/\/schema.org","@graph":[{"@type":"Article","@id":"https:\/\/radioljubuski.ba\/index.php\/2022\/03\/09\/vucic-cekam-putinov-odgovor\/#article","isPartOf":{"@id":"https:\/\/radioljubuski.ba\/index.php\/2022\/03\/09\/vucic-cekam-putinov-odgovor\/"},"author":{"name":"Radio Ljubu\u0161ki","@id":"https:\/\/radioljubuski.ba\/#\/schema\/person\/19fc700381a780f69665d7956c469e3b"},"headline":"Vu\u010di\u0107: \u010cekam Putinov odgovor","datePublished":"2022-03-09T10:37:58+00:00","dateModified":"2022-03-09T10:37:59+00:00","mainEntityOfPage":{"@id":"https:\/\/radioljubuski.ba\/index.php\/2022\/03\/09\/vucic-cekam-putinov-odgovor\/"},"wordCount":492,"publisher":{"@id":"https:\/\/radioljubuski.ba\/#organization"},"image":{"@id":"https:\/\/radioljubuski.ba\/index.php\/2022\/03\/09\/vucic-cekam-putinov-odgovor\/#primaryimage"},"thumbnailUrl":"https:\/\/radioljubuski.ba\/wp-content\/uploads\/2021\/07\/vucic_tanjug.jpg","articleSection":["BIH i regija"],"inLanguage":"hr"},{"@type":"WebPage","@id":"https:\/\/radioljubuski.ba\/index.php\/2022\/03\/09\/vucic-cekam-putinov-odgovor\/","url":"https:\/\/radioljubuski.ba\/index.php\/2022\/03\/09\/vucic-cekam-putinov-odgovor\/","name":"Vu\u010di\u0107: \u010cekam Putinov odgovor - RADIO LJUBU\u0160KI","isPartOf":{"@id":"https:\/\/radioljubuski.ba\/#website"},"primaryImageOfPage":{"@id":"https:\/\/radioljubuski.ba\/index.php\/2022\/03\/09\/vucic-cekam-putinov-odgovor\/#primaryimage"},"image":{"@id":"https:\/\/radioljubuski.ba\/index.php\/2022\/03\/09\/vucic-cekam-putinov-odgovor\/#primaryimage"},"thumbnailUrl":"https:\/\/radioljubuski.ba\/wp-content\/uploads\/2021\/07\/vucic_tanjug.jpg","datePublished":"2022-03-09T10:37:58+00:00","dateModified":"2022-03-09T10:37:59+00:00","breadcrumb":{"@id":"https:\/\/radioljubuski.ba\/index.php\/2022\/03\/09\/vucic-cekam-putinov-odgovor\/#breadcrumb"},"inLanguage":"hr","potentialAction":[{"@type":"ReadAction","target":["https:\/\/radioljubuski.ba\/index.php\/2022\/03\/09\/vucic-cekam-putinov-odgovor\/"]}]},{"@type":"ImageObject","inLanguage":"hr","@id":"https:\/\/radioljubuski.ba\/index.php\/2022\/03\/09\/vucic-cekam-putinov-odgovor\/#primaryimage","url":"https:\/\/radioljubuski.ba\/wp-content\/uploads\/2021\/07\/vucic_tanjug.jpg","contentUrl":"https:\/\/radioljubuski.ba\/wp-content\/uploads\/2021\/07\/vucic_tanjug.jpg","width":840,"height":470},{"@type":"BreadcrumbList","@id":"https:\/\/radioljubuski.ba\/index.php\/2022\/03\/09\/vucic-cekam-putinov-odgovor\/#breadcrumb","itemListElement":[{"@type":"ListItem","position":1,"name":"Po\u010detna stranica","item":"https:\/\/radioljubuski.ba\/"},{"@type":"ListItem","position":2,"name":"Vu\u010di\u0107: \u010cekam Putinov odgovor"}]},{"@type":"WebSite","@id":"https:\/\/radioljubuski.ba\/#website","url":"https:\/\/radioljubuski.ba\/","name":"Radio Ljubu\u0161ki","description":"Sun\u010dana frekvencija Hercegovine","publisher":{"@id":"https:\/\/radioljubuski.ba\/#organization"},"potentialAction":[{"@type":"SearchAction","target":{"@type":"EntryPoint","urlTemplate":"https:\/\/radioljubuski.ba\/?s={search_term_string}"},"query-input":{"@type":"PropertyValueSpecification","valueRequired":true,"valueName":"search_term_string"}}],"inLanguage":"hr"},{"@type":"Organization","@id":"https:\/\/radioljubuski.ba\/#organization","name":"Radio Ljubu\u0161ki","url":"https:\/\/radioljubuski.ba\/","logo":{"@type":"ImageObject","inLanguage":"hr","@id":"https:\/\/radioljubuski.ba\/#\/schema\/logo\/image\/","url":"https:\/\/radioljubuski.ba\/wp-content\/uploads\/2021\/02\/cropped-Radio_Ljubuski_logo1.jpg","contentUrl":"https:\/\/radioljubuski.ba\/wp-content\/uploads\/2021\/02\/cropped-Radio_Ljubuski_logo1.jpg","width":512,"height":512,"caption":"Radio Ljubu\u0161ki"},"image":{"@id":"https:\/\/radioljubuski.ba\/#\/schema\/logo\/image\/"},"sameAs":["https:\/\/www.facebook.com\/Radiio-Ljubuski-1490835324566332","https:\/\/x.com\/radioljubuski","https:\/\/hr.linkedin.com\/company\/radio-ljubuski","https:\/\/www.youtube.com\/channel\/UCHYaeO_n0Db3tjNGudGpXyw"]},{"@type":"Person","@id":"https:\/\/radioljubuski.ba\/#\/schema\/person\/19fc700381a780f69665d7956c469e3b","name":"Radio Ljubu\u0161ki"}]}},"_links":{"self":[{"href":"https:\/\/radioljubuski.ba\/index.php\/wp-json\/wp\/v2\/posts\/119491","targetHints":{"allow":["GET"]}}],"collection":[{"href":"https:\/\/radioljubuski.ba\/index.php\/wp-json\/wp\/v2\/posts"}],"about":[{"href":"https:\/\/radioljubuski.ba\/index.php\/wp-json\/wp\/v2\/types\/post"}],"author":[{"embeddable":true,"href":"https:\/\/radioljubuski.ba\/index.php\/wp-json\/wp\/v2\/users\/2"}],"replies":[{"embeddable":true,"href":"https:\/\/radioljubuski.ba\/index.php\/wp-json\/wp\/v2\/comments?post=119491"}],"version-history":[{"count":1,"href":"https:\/\/radioljubuski.ba\/index.php\/wp-json\/wp\/v2\/posts\/119491\/revisions"}],"predecessor-version":[{"id":119492,"href":"https:\/\/radioljubuski.ba\/index.php\/wp-json\/wp\/v2\/posts\/119491\/revisions\/119492"}],"wp:featuredmedia":[{"embeddable":true,"href":"https:\/\/radioljubuski.ba\/index.php\/wp-json\/wp\/v2\/media\/46068"}],"wp:attachment":[{"href":"https:\/\/radioljubuski.ba\/index.php\/wp-json\/wp\/v2\/media?parent=119491"}],"wp:term":[{"taxonomy":"category","embeddable":true,"href":"https:\/\/radioljubuski.ba\/index.php\/wp-json\/wp\/v2\/categories?post=119491"},{"taxonomy":"post_tag","embeddable":true,"href":"https:\/\/radioljubuski.ba\/index.php\/wp-json\/wp\/v2\/tags?post=119491"}],"curies":[{"name":"wp","href":"https:\/\/api.w.org\/{rel}","templated":true}]}}