{"id":119496,"date":"2022-03-09T11:41:04","date_gmt":"2022-03-09T10:41:04","guid":{"rendered":"https:\/\/radioljubuski.ba\/?p=119496"},"modified":"2022-03-09T11:41:06","modified_gmt":"2022-03-09T10:41:06","slug":"zastupnicki-dom-parlamenta-bih-danas-o-zabrani-zloupotrebe-pojma-genocid-trosarinama-pdv-u","status":"publish","type":"post","link":"https:\/\/radioljubuski.ba\/index.php\/2022\/03\/09\/zastupnicki-dom-parlamenta-bih-danas-o-zabrani-zloupotrebe-pojma-genocid-trosarinama-pdv-u\/","title":{"rendered":"Zastupni\u010dki dom Parlamenta BiH danas o zabrani zloupotrebe pojma genocid, tro\u0161arinama, PDV-u"},"content":{"rendered":"\n<p><strong>Zastupni\u010dki dom Parlamentarne skup\u0161tine BiH bi na sjednici zakazanoj za danas trebalo razmatrati zahtjev poslanika Snje\u017eane Novakovi\u0107-Bursa\u0107 i Jakova Gali\u0107a da se Prijedlog zakona o zabrani zloupotrebe pojma genocida razmatra po hitnom postupku.<\/strong><\/p>\n\n\n\n<p>U predlo\u017eenom zakonu navedeno je da se njime ure\u0111uje zabrana zloupotrebe pojma genocida, tako da se zloupotreba pojma genocida propisuje kao novo kazneno djelo, kao i kaznena sankcija za navedeno djelo.<\/p>\n\n\n\n<p>Tako\u0111er se navodi da, \u201etko govori ili pi\u0161e ili na drugi na\u010din u\u010dini javno dostupnim tekstove, slike ili svako drugo predstavljanje ideja o genocidu, omalova\u017eavaju\u0107i ili izla\u017eu\u0107i javnoj poruzi Bosnu i Hercegovinu, Republiku Srpsku, Federaciju BiH i Br\u010dko Distrikt BiH, kao i skupinu osoba ili \u010dlana skupine koja je odre\u0111ena na osnovu rase, boje ko\u017ee, vjere, porijekla, dr\u017eavne, nacionalne ili etni\u010dke pripadnosti, a na na\u010din koji bi mogao potaknuti na nasilje ili mr\u017enju usmjerenu protiv BiH, RS-a, Federacije BiH i Br\u010dko Distrikta BiH, kao i takve grupe osoba ili \u010dlana te skupine, kaznit \u0107e se kaznom zatvora od \u0161est mjeseci do pet godina.\u201d<\/p>\n\n\n\n<p>Trebao bi biti razmatrani zahtjev zastupnika Snje\u017eane Novakovi\u0107-Bursa\u0107, Neboj\u0161e Radmanovi\u0107a, Obrena Petrovi\u0107a, Sanje Vuli\u0107, Dragana Bogdani\u0107a i Ljubice Miljanovi\u0107 da se Prijedlog zakona o dopuni Zakona o porezu na dodatnu vrijednost razmatra po \u017eurnom postupku.<\/p>\n\n\n\n<p>Predlo\u017eeni zakon predvi\u0111a da se po sni\u017eenoj stopi PDV-a od 10 posto oporezuje promet dobara i usluga i uvoz dobara i to: lijekovi, bra\u0161no, kruh dobiven od svih vrsta bra\u0161na, mlijeko i mlije\u010dni proizvodi, jestiva ulja, jestive masno\u0107e \u017eivotinjskog i biljnog porijekla, sol, \u0161e\u0107er, homogenizirana dje\u010dja hrana.<\/p>\n\n\n\n<p>Tako\u0111er, predla\u017ee se da se po stopi PDV-a od 22 posto oporezuje promet dobara i usluga i uvoz dobara me\u0111u kojima su: visokokvalitetna vina (uklju\u010duju\u0107i pjenu\u0161ava vina) i alkoholna pi\u0107a; visokokvalitetne cigare i cigarillosi; luksuzni parfemi, toaletne vode i kozmetika, uklju\u010duju\u0107i proizvode za ljepotu i \u0161minku; odje\u0107a i obu\u0107a od krzna i ko\u017ee reptila; nakit i srodni proizvodi; satovi i njihovi dijelovi; luksuzna vozila za prijevoz osoba na zemlji, u zraku ili na vodi; umjetni\u010dka djela, kolekcionarski predmeti i antikviteti; pirotehni\u010dki proizvodi za vatromete; oru\u017eje\u2026<\/p>\n\n\n\n<p>Definirano je da predlo\u017eena rje\u0161enja imaju ograni\u010den rok primjene, do 31. prosinca 2022. godine, do kada se, kako navode predlaga\u010di, o\u010dekuje stabilizacija ekonomskih prilika.<\/p>\n\n\n\n<p>Zastupni\u010dki dom dr\u017eavnog parlamenta trebao bi razmatrati i zahtjev zastupnika : Sa\u0161e Magazinovi\u0107a, Nermina Nik\u0161i\u0107a, Nade Mladine i Zukana Heleza da se Prijedlog zakona o izmjenama Zakona o tro\u0161arinama u Bosni i Hercegovini razmatra po \u017eurnom postupku.<\/p>\n\n\n\n<p>Kako je ranije priop\u0107eno iz SDP-a BiH, zbog dramati\u010dnog rasta cijena goriva, te posljedi\u010dno svih esencijalnih potrep\u0161tina i namirnica, Klub SDP-a BiH u Parlamentu BiH je u proceduru uputio izmjene Zakona o akcizama kojim se smanjuju cijene goriva za iznos od 30 do 45 pfeninga po litru.<\/p>\n\n\n\n<p>\u2013 Kako bi pomogli gra\u0111anima i gospodarstvu u doba rastu\u0107e inflacije, predla\u017eemo promjenu \u010dlanka 17. spomenutog Zakona koji se odnosi na naplatu akciza tako da iznos akciza bude 0 KM. Naime, Bosna i Hercegovina napla\u0107uje nekoliko vrsta akciza i cestarina na gorivo. Na\u0161a namjera je da se ukinu akcize na sve vrste goriva. U pitanju je porezno optere\u0107enje koje nema jasnu namjenu i svrhu, ve\u0107 ide izravno u teku\u0107u prora\u010dunsku potro\u0161nju \u2013 navode iz SDP-a.<\/p>\n\n\n\n<p>Pred zastupnicima bi se trebao na\u0107i i Prijedlog zakona o dopuni Kaznenog zakona BiH, koji je predlo\u017eio zastupnik Denis Zvizdi\u0107, a koji predvi\u0111a da \u0107e se tko javno izvrgne ruglu, preziru ili grubom omalova\u017eavanju dr\u017eavu Bosnu i Hercegovinu, njenu zastavu, grb ili himnu, kazniti kaznom zatvora do jedne godine.<\/p>\n\n\n\n<p>U obrazlo\u017eenju predlo\u017eenog zakona se navodi da je kazneno djelo koje definira sankciju za povredu ugleda dr\u017eave propisano u kaznenom zakonodavstvu svih zemalja regije i ve\u0107ine zemalja \u010dlanica Europske unije.<\/p>\n\n\n\n<p>Dodaje se da je Bosna i Hercegovina jedina zemlja u regiji koja nema u svom KZ-u propisano kazneno djelo \u201cpovreda ugleda dr\u017eave\u201d.<\/p>\n\n\n\n<p>Na dnevnom redu bi, izme\u0111u ostalog, trebalo na\u0107i i nekoliko izvje\u0161\u0107a , kao i zastupni\u010dkih inicijativa.<\/p>\n\n\n\n<p>\/HMS\/<\/p>\n","protected":false},"excerpt":{"rendered":"<p>Zastupni\u010dki dom Parlamentarne skup\u0161tine BiH bi na sjednici zakazanoj za danas trebalo razmatrati zahtjev poslanika Snje\u017eane Novakovi\u0107-Bursa\u0107 i Jakova Gali\u0107a da se Prijedlog zakona o zabrani zloupotrebe pojma genocida razmatra po hitnom postupku. U predlo\u017eenom zakonu navedeno je da se njime ure\u0111uje zabrana zloupotrebe pojma genocida, tako da se zloupotreba pojma genocida propisuje kao novo [&hellip;]<\/p>\n","protected":false},"author":2,"featured_media":119497,"comment_status":"closed","ping_status":"closed","sticky":false,"template":"","format":"standard","meta":{"h5ap_radio_sources":[],"footnotes":""},"categories":[1],"tags":[],"class_list":["post-119496","post","type-post","status-publish","format-standard","has-post-thumbnail","hentry","category-bihiregija"],"yoast_head":"<!-- This site is optimized with the Yoast SEO plugin v27.5 - https:\/\/yoast.com\/product\/yoast-seo-wordpress\/ -->\n<title>Zastupni\u010dki dom Parlamenta BiH danas o zabrani zloupotrebe pojma genocid, tro\u0161arinama, PDV-u - RADIO LJUBU\u0160KI<\/title>\n<meta name=\"robots\" content=\"index, follow, max-snippet:-1, max-image-preview:large, max-video-preview:-1\" \/>\n<link rel=\"canonical\" href=\"https:\/\/radioljubuski.ba\/index.php\/2022\/03\/09\/zastupnicki-dom-parlamenta-bih-danas-o-zabrani-zloupotrebe-pojma-genocid-trosarinama-pdv-u\/\" \/>\n<meta property=\"og:locale\" content=\"hr_HR\" \/>\n<meta property=\"og:type\" content=\"article\" \/>\n<meta property=\"og:title\" content=\"Zastupni\u010dki dom Parlamenta BiH danas o zabrani zloupotrebe pojma genocid, tro\u0161arinama, PDV-u - RADIO LJUBU\u0160KI\" \/>\n<meta property=\"og:description\" content=\"Zastupni\u010dki dom Parlamentarne skup\u0161tine BiH bi na sjednici zakazanoj za danas trebalo razmatrati zahtjev poslanika Snje\u017eane Novakovi\u0107-Bursa\u0107 i Jakova Gali\u0107a da se Prijedlog zakona o zabrani zloupotrebe pojma genocida razmatra po hitnom postupku. U predlo\u017eenom zakonu navedeno je da se njime ure\u0111uje zabrana zloupotrebe pojma genocida, tako da se zloupotreba pojma genocida propisuje kao novo [&hellip;]\" \/>\n<meta property=\"og:url\" content=\"https:\/\/radioljubuski.ba\/index.php\/2022\/03\/09\/zastupnicki-dom-parlamenta-bih-danas-o-zabrani-zloupotrebe-pojma-genocid-trosarinama-pdv-u\/\" \/>\n<meta property=\"og:site_name\" content=\"RADIO LJUBU\u0160KI\" \/>\n<meta property=\"article:publisher\" content=\"https:\/\/www.facebook.com\/Radiio-Ljubuski-1490835324566332\" \/>\n<meta property=\"article:published_time\" content=\"2022-03-09T10:41:04+00:00\" \/>\n<meta property=\"article:modified_time\" content=\"2022-03-09T10:41:06+00:00\" \/>\n<meta property=\"og:image\" content=\"https:\/\/radioljubuski.ba\/wp-content\/uploads\/2022\/03\/l_02b76f11140b788b633e1a13adc71ae6.jpg\" \/>\n\t<meta property=\"og:image:width\" content=\"1024\" \/>\n\t<meta property=\"og:image:height\" content=\"683\" \/>\n\t<meta property=\"og:image:type\" content=\"image\/jpeg\" \/>\n<meta name=\"author\" content=\"Radio Ljubu\u0161ki\" \/>\n<meta name=\"twitter:card\" content=\"summary_large_image\" \/>\n<meta name=\"twitter:creator\" content=\"@radioljubuski\" \/>\n<meta name=\"twitter:site\" content=\"@radioljubuski\" \/>\n<meta name=\"twitter:label1\" content=\"Napisao\/la\" \/>\n\t<meta name=\"twitter:data1\" content=\"Radio Ljubu\u0161ki\" \/>\n\t<meta name=\"twitter:label2\" content=\"Procijenjeno vrijeme \u010ditanja\" \/>\n\t<meta name=\"twitter:data2\" content=\"3 minute\" \/>\n<script type=\"application\/ld+json\" class=\"yoast-schema-graph\">{\"@context\":\"https:\\\/\\\/schema.org\",\"@graph\":[{\"@type\":\"Article\",\"@id\":\"https:\\\/\\\/radioljubuski.ba\\\/index.php\\\/2022\\\/03\\\/09\\\/zastupnicki-dom-parlamenta-bih-danas-o-zabrani-zloupotrebe-pojma-genocid-trosarinama-pdv-u\\\/#article\",\"isPartOf\":{\"@id\":\"https:\\\/\\\/radioljubuski.ba\\\/index.php\\\/2022\\\/03\\\/09\\\/zastupnicki-dom-parlamenta-bih-danas-o-zabrani-zloupotrebe-pojma-genocid-trosarinama-pdv-u\\\/\"},\"author\":{\"name\":\"Radio Ljubu\u0161ki\",\"@id\":\"https:\\\/\\\/radioljubuski.ba\\\/#\\\/schema\\\/person\\\/19fc700381a780f69665d7956c469e3b\"},\"headline\":\"Zastupni\u010dki dom Parlamenta BiH danas o zabrani zloupotrebe pojma genocid, tro\u0161arinama, PDV-u\",\"datePublished\":\"2022-03-09T10:41:04+00:00\",\"dateModified\":\"2022-03-09T10:41:06+00:00\",\"mainEntityOfPage\":{\"@id\":\"https:\\\/\\\/radioljubuski.ba\\\/index.php\\\/2022\\\/03\\\/09\\\/zastupnicki-dom-parlamenta-bih-danas-o-zabrani-zloupotrebe-pojma-genocid-trosarinama-pdv-u\\\/\"},\"wordCount\":729,\"publisher\":{\"@id\":\"https:\\\/\\\/radioljubuski.ba\\\/#organization\"},\"image\":{\"@id\":\"https:\\\/\\\/radioljubuski.ba\\\/index.php\\\/2022\\\/03\\\/09\\\/zastupnicki-dom-parlamenta-bih-danas-o-zabrani-zloupotrebe-pojma-genocid-trosarinama-pdv-u\\\/#primaryimage\"},\"thumbnailUrl\":\"https:\\\/\\\/radioljubuski.ba\\\/wp-content\\\/uploads\\\/2022\\\/03\\\/l_02b76f11140b788b633e1a13adc71ae6.jpg\",\"articleSection\":[\"BIH i regija\"],\"inLanguage\":\"hr\"},{\"@type\":\"WebPage\",\"@id\":\"https:\\\/\\\/radioljubuski.ba\\\/index.php\\\/2022\\\/03\\\/09\\\/zastupnicki-dom-parlamenta-bih-danas-o-zabrani-zloupotrebe-pojma-genocid-trosarinama-pdv-u\\\/\",\"url\":\"https:\\\/\\\/radioljubuski.ba\\\/index.php\\\/2022\\\/03\\\/09\\\/zastupnicki-dom-parlamenta-bih-danas-o-zabrani-zloupotrebe-pojma-genocid-trosarinama-pdv-u\\\/\",\"name\":\"Zastupni\u010dki dom Parlamenta BiH danas o zabrani zloupotrebe pojma genocid, tro\u0161arinama, PDV-u - RADIO LJUBU\u0160KI\",\"isPartOf\":{\"@id\":\"https:\\\/\\\/radioljubuski.ba\\\/#website\"},\"primaryImageOfPage\":{\"@id\":\"https:\\\/\\\/radioljubuski.ba\\\/index.php\\\/2022\\\/03\\\/09\\\/zastupnicki-dom-parlamenta-bih-danas-o-zabrani-zloupotrebe-pojma-genocid-trosarinama-pdv-u\\\/#primaryimage\"},\"image\":{\"@id\":\"https:\\\/\\\/radioljubuski.ba\\\/index.php\\\/2022\\\/03\\\/09\\\/zastupnicki-dom-parlamenta-bih-danas-o-zabrani-zloupotrebe-pojma-genocid-trosarinama-pdv-u\\\/#primaryimage\"},\"thumbnailUrl\":\"https:\\\/\\\/radioljubuski.ba\\\/wp-content\\\/uploads\\\/2022\\\/03\\\/l_02b76f11140b788b633e1a13adc71ae6.jpg\",\"datePublished\":\"2022-03-09T10:41:04+00:00\",\"dateModified\":\"2022-03-09T10:41:06+00:00\",\"breadcrumb\":{\"@id\":\"https:\\\/\\\/radioljubuski.ba\\\/index.php\\\/2022\\\/03\\\/09\\\/zastupnicki-dom-parlamenta-bih-danas-o-zabrani-zloupotrebe-pojma-genocid-trosarinama-pdv-u\\\/#breadcrumb\"},\"inLanguage\":\"hr\",\"potentialAction\":[{\"@type\":\"ReadAction\",\"target\":[\"https:\\\/\\\/radioljubuski.ba\\\/index.php\\\/2022\\\/03\\\/09\\\/zastupnicki-dom-parlamenta-bih-danas-o-zabrani-zloupotrebe-pojma-genocid-trosarinama-pdv-u\\\/\"]}]},{\"@type\":\"ImageObject\",\"inLanguage\":\"hr\",\"@id\":\"https:\\\/\\\/radioljubuski.ba\\\/index.php\\\/2022\\\/03\\\/09\\\/zastupnicki-dom-parlamenta-bih-danas-o-zabrani-zloupotrebe-pojma-genocid-trosarinama-pdv-u\\\/#primaryimage\",\"url\":\"https:\\\/\\\/radioljubuski.ba\\\/wp-content\\\/uploads\\\/2022\\\/03\\\/l_02b76f11140b788b633e1a13adc71ae6.jpg\",\"contentUrl\":\"https:\\\/\\\/radioljubuski.ba\\\/wp-content\\\/uploads\\\/2022\\\/03\\\/l_02b76f11140b788b633e1a13adc71ae6.jpg\",\"width\":1024,\"height\":683},{\"@type\":\"BreadcrumbList\",\"@id\":\"https:\\\/\\\/radioljubuski.ba\\\/index.php\\\/2022\\\/03\\\/09\\\/zastupnicki-dom-parlamenta-bih-danas-o-zabrani-zloupotrebe-pojma-genocid-trosarinama-pdv-u\\\/#breadcrumb\",\"itemListElement\":[{\"@type\":\"ListItem\",\"position\":1,\"name\":\"Po\u010detna stranica\",\"item\":\"https:\\\/\\\/radioljubuski.ba\\\/\"},{\"@type\":\"ListItem\",\"position\":2,\"name\":\"Zastupni\u010dki dom Parlamenta BiH danas o zabrani zloupotrebe pojma genocid, tro\u0161arinama, PDV-u\"}]},{\"@type\":\"WebSite\",\"@id\":\"https:\\\/\\\/radioljubuski.ba\\\/#website\",\"url\":\"https:\\\/\\\/radioljubuski.ba\\\/\",\"name\":\"Radio Ljubu\u0161ki\",\"description\":\"Sun\u010dana frekvencija Hercegovine\",\"publisher\":{\"@id\":\"https:\\\/\\\/radioljubuski.ba\\\/#organization\"},\"potentialAction\":[{\"@type\":\"SearchAction\",\"target\":{\"@type\":\"EntryPoint\",\"urlTemplate\":\"https:\\\/\\\/radioljubuski.ba\\\/?s={search_term_string}\"},\"query-input\":{\"@type\":\"PropertyValueSpecification\",\"valueRequired\":true,\"valueName\":\"search_term_string\"}}],\"inLanguage\":\"hr\"},{\"@type\":\"Organization\",\"@id\":\"https:\\\/\\\/radioljubuski.ba\\\/#organization\",\"name\":\"Radio Ljubu\u0161ki\",\"url\":\"https:\\\/\\\/radioljubuski.ba\\\/\",\"logo\":{\"@type\":\"ImageObject\",\"inLanguage\":\"hr\",\"@id\":\"https:\\\/\\\/radioljubuski.ba\\\/#\\\/schema\\\/logo\\\/image\\\/\",\"url\":\"https:\\\/\\\/radioljubuski.ba\\\/wp-content\\\/uploads\\\/2021\\\/02\\\/cropped-Radio_Ljubuski_logo1.jpg\",\"contentUrl\":\"https:\\\/\\\/radioljubuski.ba\\\/wp-content\\\/uploads\\\/2021\\\/02\\\/cropped-Radio_Ljubuski_logo1.jpg\",\"width\":512,\"height\":512,\"caption\":\"Radio Ljubu\u0161ki\"},\"image\":{\"@id\":\"https:\\\/\\\/radioljubuski.ba\\\/#\\\/schema\\\/logo\\\/image\\\/\"},\"sameAs\":[\"https:\\\/\\\/www.facebook.com\\\/Radiio-Ljubuski-1490835324566332\",\"https:\\\/\\\/x.com\\\/radioljubuski\",\"https:\\\/\\\/hr.linkedin.com\\\/company\\\/radio-ljubuski\",\"https:\\\/\\\/www.youtube.com\\\/channel\\\/UCHYaeO_n0Db3tjNGudGpXyw\"]},{\"@type\":\"Person\",\"@id\":\"https:\\\/\\\/radioljubuski.ba\\\/#\\\/schema\\\/person\\\/19fc700381a780f69665d7956c469e3b\",\"name\":\"Radio Ljubu\u0161ki\"}]}<\/script>\n<!-- \/ Yoast SEO plugin. -->","yoast_head_json":{"title":"Zastupni\u010dki dom Parlamenta BiH danas o zabrani zloupotrebe pojma genocid, tro\u0161arinama, PDV-u - RADIO LJUBU\u0160KI","robots":{"index":"index","follow":"follow","max-snippet":"max-snippet:-1","max-image-preview":"max-image-preview:large","max-video-preview":"max-video-preview:-1"},"canonical":"https:\/\/radioljubuski.ba\/index.php\/2022\/03\/09\/zastupnicki-dom-parlamenta-bih-danas-o-zabrani-zloupotrebe-pojma-genocid-trosarinama-pdv-u\/","og_locale":"hr_HR","og_type":"article","og_title":"Zastupni\u010dki dom Parlamenta BiH danas o zabrani zloupotrebe pojma genocid, tro\u0161arinama, PDV-u - RADIO LJUBU\u0160KI","og_description":"Zastupni\u010dki dom Parlamentarne skup\u0161tine BiH bi na sjednici zakazanoj za danas trebalo razmatrati zahtjev poslanika Snje\u017eane Novakovi\u0107-Bursa\u0107 i Jakova Gali\u0107a da se Prijedlog zakona o zabrani zloupotrebe pojma genocida razmatra po hitnom postupku. U predlo\u017eenom zakonu navedeno je da se njime ure\u0111uje zabrana zloupotrebe pojma genocida, tako da se zloupotreba pojma genocida propisuje kao novo [&hellip;]","og_url":"https:\/\/radioljubuski.ba\/index.php\/2022\/03\/09\/zastupnicki-dom-parlamenta-bih-danas-o-zabrani-zloupotrebe-pojma-genocid-trosarinama-pdv-u\/","og_site_name":"RADIO LJUBU\u0160KI","article_publisher":"https:\/\/www.facebook.com\/Radiio-Ljubuski-1490835324566332","article_published_time":"2022-03-09T10:41:04+00:00","article_modified_time":"2022-03-09T10:41:06+00:00","og_image":[{"width":1024,"height":683,"url":"https:\/\/radioljubuski.ba\/wp-content\/uploads\/2022\/03\/l_02b76f11140b788b633e1a13adc71ae6.jpg","type":"image\/jpeg"}],"author":"Radio Ljubu\u0161ki","twitter_card":"summary_large_image","twitter_creator":"@radioljubuski","twitter_site":"@radioljubuski","twitter_misc":{"Napisao\/la":"Radio Ljubu\u0161ki","Procijenjeno vrijeme \u010ditanja":"3 minute"},"schema":{"@context":"https:\/\/schema.org","@graph":[{"@type":"Article","@id":"https:\/\/radioljubuski.ba\/index.php\/2022\/03\/09\/zastupnicki-dom-parlamenta-bih-danas-o-zabrani-zloupotrebe-pojma-genocid-trosarinama-pdv-u\/#article","isPartOf":{"@id":"https:\/\/radioljubuski.ba\/index.php\/2022\/03\/09\/zastupnicki-dom-parlamenta-bih-danas-o-zabrani-zloupotrebe-pojma-genocid-trosarinama-pdv-u\/"},"author":{"name":"Radio Ljubu\u0161ki","@id":"https:\/\/radioljubuski.ba\/#\/schema\/person\/19fc700381a780f69665d7956c469e3b"},"headline":"Zastupni\u010dki dom Parlamenta BiH danas o zabrani zloupotrebe pojma genocid, tro\u0161arinama, PDV-u","datePublished":"2022-03-09T10:41:04+00:00","dateModified":"2022-03-09T10:41:06+00:00","mainEntityOfPage":{"@id":"https:\/\/radioljubuski.ba\/index.php\/2022\/03\/09\/zastupnicki-dom-parlamenta-bih-danas-o-zabrani-zloupotrebe-pojma-genocid-trosarinama-pdv-u\/"},"wordCount":729,"publisher":{"@id":"https:\/\/radioljubuski.ba\/#organization"},"image":{"@id":"https:\/\/radioljubuski.ba\/index.php\/2022\/03\/09\/zastupnicki-dom-parlamenta-bih-danas-o-zabrani-zloupotrebe-pojma-genocid-trosarinama-pdv-u\/#primaryimage"},"thumbnailUrl":"https:\/\/radioljubuski.ba\/wp-content\/uploads\/2022\/03\/l_02b76f11140b788b633e1a13adc71ae6.jpg","articleSection":["BIH i regija"],"inLanguage":"hr"},{"@type":"WebPage","@id":"https:\/\/radioljubuski.ba\/index.php\/2022\/03\/09\/zastupnicki-dom-parlamenta-bih-danas-o-zabrani-zloupotrebe-pojma-genocid-trosarinama-pdv-u\/","url":"https:\/\/radioljubuski.ba\/index.php\/2022\/03\/09\/zastupnicki-dom-parlamenta-bih-danas-o-zabrani-zloupotrebe-pojma-genocid-trosarinama-pdv-u\/","name":"Zastupni\u010dki dom Parlamenta BiH danas o zabrani zloupotrebe pojma genocid, tro\u0161arinama, PDV-u - RADIO LJUBU\u0160KI","isPartOf":{"@id":"https:\/\/radioljubuski.ba\/#website"},"primaryImageOfPage":{"@id":"https:\/\/radioljubuski.ba\/index.php\/2022\/03\/09\/zastupnicki-dom-parlamenta-bih-danas-o-zabrani-zloupotrebe-pojma-genocid-trosarinama-pdv-u\/#primaryimage"},"image":{"@id":"https:\/\/radioljubuski.ba\/index.php\/2022\/03\/09\/zastupnicki-dom-parlamenta-bih-danas-o-zabrani-zloupotrebe-pojma-genocid-trosarinama-pdv-u\/#primaryimage"},"thumbnailUrl":"https:\/\/radioljubuski.ba\/wp-content\/uploads\/2022\/03\/l_02b76f11140b788b633e1a13adc71ae6.jpg","datePublished":"2022-03-09T10:41:04+00:00","dateModified":"2022-03-09T10:41:06+00:00","breadcrumb":{"@id":"https:\/\/radioljubuski.ba\/index.php\/2022\/03\/09\/zastupnicki-dom-parlamenta-bih-danas-o-zabrani-zloupotrebe-pojma-genocid-trosarinama-pdv-u\/#breadcrumb"},"inLanguage":"hr","potentialAction":[{"@type":"ReadAction","target":["https:\/\/radioljubuski.ba\/index.php\/2022\/03\/09\/zastupnicki-dom-parlamenta-bih-danas-o-zabrani-zloupotrebe-pojma-genocid-trosarinama-pdv-u\/"]}]},{"@type":"ImageObject","inLanguage":"hr","@id":"https:\/\/radioljubuski.ba\/index.php\/2022\/03\/09\/zastupnicki-dom-parlamenta-bih-danas-o-zabrani-zloupotrebe-pojma-genocid-trosarinama-pdv-u\/#primaryimage","url":"https:\/\/radioljubuski.ba\/wp-content\/uploads\/2022\/03\/l_02b76f11140b788b633e1a13adc71ae6.jpg","contentUrl":"https:\/\/radioljubuski.ba\/wp-content\/uploads\/2022\/03\/l_02b76f11140b788b633e1a13adc71ae6.jpg","width":1024,"height":683},{"@type":"BreadcrumbList","@id":"https:\/\/radioljubuski.ba\/index.php\/2022\/03\/09\/zastupnicki-dom-parlamenta-bih-danas-o-zabrani-zloupotrebe-pojma-genocid-trosarinama-pdv-u\/#breadcrumb","itemListElement":[{"@type":"ListItem","position":1,"name":"Po\u010detna stranica","item":"https:\/\/radioljubuski.ba\/"},{"@type":"ListItem","position":2,"name":"Zastupni\u010dki dom Parlamenta BiH danas o zabrani zloupotrebe pojma genocid, tro\u0161arinama, PDV-u"}]},{"@type":"WebSite","@id":"https:\/\/radioljubuski.ba\/#website","url":"https:\/\/radioljubuski.ba\/","name":"Radio Ljubu\u0161ki","description":"Sun\u010dana frekvencija Hercegovine","publisher":{"@id":"https:\/\/radioljubuski.ba\/#organization"},"potentialAction":[{"@type":"SearchAction","target":{"@type":"EntryPoint","urlTemplate":"https:\/\/radioljubuski.ba\/?s={search_term_string}"},"query-input":{"@type":"PropertyValueSpecification","valueRequired":true,"valueName":"search_term_string"}}],"inLanguage":"hr"},{"@type":"Organization","@id":"https:\/\/radioljubuski.ba\/#organization","name":"Radio Ljubu\u0161ki","url":"https:\/\/radioljubuski.ba\/","logo":{"@type":"ImageObject","inLanguage":"hr","@id":"https:\/\/radioljubuski.ba\/#\/schema\/logo\/image\/","url":"https:\/\/radioljubuski.ba\/wp-content\/uploads\/2021\/02\/cropped-Radio_Ljubuski_logo1.jpg","contentUrl":"https:\/\/radioljubuski.ba\/wp-content\/uploads\/2021\/02\/cropped-Radio_Ljubuski_logo1.jpg","width":512,"height":512,"caption":"Radio Ljubu\u0161ki"},"image":{"@id":"https:\/\/radioljubuski.ba\/#\/schema\/logo\/image\/"},"sameAs":["https:\/\/www.facebook.com\/Radiio-Ljubuski-1490835324566332","https:\/\/x.com\/radioljubuski","https:\/\/hr.linkedin.com\/company\/radio-ljubuski","https:\/\/www.youtube.com\/channel\/UCHYaeO_n0Db3tjNGudGpXyw"]},{"@type":"Person","@id":"https:\/\/radioljubuski.ba\/#\/schema\/person\/19fc700381a780f69665d7956c469e3b","name":"Radio Ljubu\u0161ki"}]}},"_links":{"self":[{"href":"https:\/\/radioljubuski.ba\/index.php\/wp-json\/wp\/v2\/posts\/119496","targetHints":{"allow":["GET"]}}],"collection":[{"href":"https:\/\/radioljubuski.ba\/index.php\/wp-json\/wp\/v2\/posts"}],"about":[{"href":"https:\/\/radioljubuski.ba\/index.php\/wp-json\/wp\/v2\/types\/post"}],"author":[{"embeddable":true,"href":"https:\/\/radioljubuski.ba\/index.php\/wp-json\/wp\/v2\/users\/2"}],"replies":[{"embeddable":true,"href":"https:\/\/radioljubuski.ba\/index.php\/wp-json\/wp\/v2\/comments?post=119496"}],"version-history":[{"count":1,"href":"https:\/\/radioljubuski.ba\/index.php\/wp-json\/wp\/v2\/posts\/119496\/revisions"}],"predecessor-version":[{"id":119498,"href":"https:\/\/radioljubuski.ba\/index.php\/wp-json\/wp\/v2\/posts\/119496\/revisions\/119498"}],"wp:featuredmedia":[{"embeddable":true,"href":"https:\/\/radioljubuski.ba\/index.php\/wp-json\/wp\/v2\/media\/119497"}],"wp:attachment":[{"href":"https:\/\/radioljubuski.ba\/index.php\/wp-json\/wp\/v2\/media?parent=119496"}],"wp:term":[{"taxonomy":"category","embeddable":true,"href":"https:\/\/radioljubuski.ba\/index.php\/wp-json\/wp\/v2\/categories?post=119496"},{"taxonomy":"post_tag","embeddable":true,"href":"https:\/\/radioljubuski.ba\/index.php\/wp-json\/wp\/v2\/tags?post=119496"}],"curies":[{"name":"wp","href":"https:\/\/api.w.org\/{rel}","templated":true}]}}