{"id":119538,"date":"2022-03-09T12:04:39","date_gmt":"2022-03-09T11:04:39","guid":{"rendered":"https:\/\/radioljubuski.ba\/?p=119538"},"modified":"2022-03-09T12:04:40","modified_gmt":"2022-03-09T11:04:40","slug":"cak-20-pozara-u-hnz-u","status":"publish","type":"post","link":"https:\/\/radioljubuski.ba\/index.php\/2022\/03\/09\/cak-20-pozara-u-hnz-u\/","title":{"rendered":"\u010cak 20 po\u017eara u HN\u017d-u"},"content":{"rendered":"\n<p>Vatrogasci HN\u017d-a u posljednja 24 sata imali su \u010dak 20 intervencija. Gorjeli su otpadi, trava, dimnjaci, kamp ku\u0107ica.&nbsp;<\/p>\n\n\n\n<p>Pogledajte intervencije:&nbsp;<\/p>\n\n\n\n<p>Mostar&nbsp;<br>Od 14:05 do 15:50 sati,gorila trava u Podgorju.<br>Od 14:40 do 15:05 sati,gorila trava na \u017eeljezni\u010dkoj stanici.<br>Od 14:45 do 15:10 sati,gorila trava u Pologu.<br>Od 16:15 do 16:50 sati,gorio otpad kod bolnice Bijeli Brijeg.<br>Od 17:00 do 18:25 sati,gorila trava na Vardi.<br>Od 19:00 do 20:25 sati,gorila trava u Ortije\u0161u.<br>Od 20:50 do 21:15 sati,gorio otpad u naselju Vatikan.<br>\u010capljina<br>Od 07:35 do 08:25 sati,gorio dimnjak na obiteljskoj ku\u0107i u Trebi\u017eatu.&nbsp;<br>Od 08:55 do 09:25 sati,gorila trava i nisko rastinje na Domanovi\u0107ima.&nbsp;<br>Od 13:20 do 15:10 sati,gorila trava i nisko rastinje u Doljanima.&nbsp;<br>Od 17:24 do 18:05 sati,gorilo sme\u0107e u Adi.<br>Od 00:07 do 00:45 sati,gorila trava i nisko rastinje kod \u0161kole na Domanovi\u0107ima.<br>Od 00:50 do 01:45 sati,gorila trava i nisko rastinje u Tresani.<br>\u010citluk<br>Od 11:15 do 12:30 sati,gorila trava i nisko raslinje na Slu\u017enju.<br>Od 13:00 do 15:00 sati,gorila trava i nisko raslinje u \u010cerinu.<br>Po\u017ear od 07:03. 2022god. na Trtlama jo\u0161 uvijek je aktivan. Gori borova \u0161uma na nepristupa\u010dnom terenu. Po\u017ear je pod kontrolom i ne ugro\u017eava naselja.<\/p>\n\n\n\n<p><br>Konjic<br>Od 09:15 do 11:05 sati,gorio stambeni objekat u naselju Donje selo.<br>Jablanica<br>Od 13:10 do 16:00 sati,na Jari\u0161tima gorilo rastinje i stub za el.energiju.<br>Od 14:35 do 15:25 sati,gorio dimnjak u ul.\u017deljezni\u010dka.<br>Stolac<br>Od 09:30 do 10:40 sati,gorila kamp-ku\u0107ica na podru\u010dju Kraj\u0161ina,pri\u010dinjena mat.\u0161teta.<\/p>\n\n\n\n<p>Izvor:pogled.ba<\/p>\n","protected":false},"excerpt":{"rendered":"<p>Vatrogasci HN\u017d-a u posljednja 24 sata imali su \u010dak 20 intervencija. Gorjeli su otpadi, trava, dimnjaci, kamp ku\u0107ica.&nbsp; Pogledajte intervencije:&nbsp; Mostar&nbsp;Od 14:05 do 15:50 sati,gorila trava u Podgorju.Od 14:40 do 15:05 sati,gorila trava na \u017eeljezni\u010dkoj stanici.Od 14:45 do 15:10 sati,gorila trava u Pologu.Od 16:15 do 16:50 sati,gorio otpad kod bolnice Bijeli Brijeg.Od 17:00 do 18:25 [&hellip;]<\/p>\n","protected":false},"author":2,"featured_media":72049,"comment_status":"closed","ping_status":"closed","sticky":false,"template":"","format":"standard","meta":{"h5ap_radio_sources":[],"footnotes":""},"categories":[1],"tags":[],"class_list":["post-119538","post","type-post","status-publish","format-standard","has-post-thumbnail","hentry","category-bihiregija"],"yoast_head":"<!-- This site is optimized with the Yoast SEO plugin v27.5 - https:\/\/yoast.com\/product\/yoast-seo-wordpress\/ -->\n<title>\u010cak 20 po\u017eara u HN\u017d-u - RADIO LJUBU\u0160KI<\/title>\n<meta name=\"robots\" content=\"index, follow, max-snippet:-1, max-image-preview:large, max-video-preview:-1\" \/>\n<link rel=\"canonical\" href=\"https:\/\/radioljubuski.ba\/index.php\/2022\/03\/09\/cak-20-pozara-u-hnz-u\/\" \/>\n<meta property=\"og:locale\" content=\"hr_HR\" \/>\n<meta property=\"og:type\" content=\"article\" \/>\n<meta property=\"og:title\" content=\"\u010cak 20 po\u017eara u HN\u017d-u - RADIO LJUBU\u0160KI\" \/>\n<meta property=\"og:description\" content=\"Vatrogasci HN\u017d-a u posljednja 24 sata imali su \u010dak 20 intervencija. Gorjeli su otpadi, trava, dimnjaci, kamp ku\u0107ica.&nbsp; Pogledajte intervencije:&nbsp; Mostar&nbsp;Od 14:05 do 15:50 sati,gorila trava u Podgorju.Od 14:40 do 15:05 sati,gorila trava na \u017eeljezni\u010dkoj stanici.Od 14:45 do 15:10 sati,gorila trava u Pologu.Od 16:15 do 16:50 sati,gorio otpad kod bolnice Bijeli Brijeg.Od 17:00 do 18:25 [&hellip;]\" \/>\n<meta property=\"og:url\" content=\"https:\/\/radioljubuski.ba\/index.php\/2022\/03\/09\/cak-20-pozara-u-hnz-u\/\" \/>\n<meta property=\"og:site_name\" content=\"RADIO LJUBU\u0160KI\" \/>\n<meta property=\"article:publisher\" content=\"https:\/\/www.facebook.com\/Radiio-Ljubuski-1490835324566332\" \/>\n<meta property=\"article:published_time\" content=\"2022-03-09T11:04:39+00:00\" \/>\n<meta property=\"article:modified_time\" content=\"2022-03-09T11:04:40+00:00\" \/>\n<meta property=\"og:image\" content=\"https:\/\/radioljubuski.ba\/wp-content\/uploads\/2021\/10\/8-2021-08-13-13-55-21-vatrogasci_sarajevo.jpg\" \/>\n\t<meta property=\"og:image:width\" content=\"1000\" \/>\n\t<meta property=\"og:image:height\" content=\"625\" \/>\n\t<meta property=\"og:image:type\" content=\"image\/jpeg\" \/>\n<meta name=\"author\" content=\"Radio Ljubu\u0161ki\" \/>\n<meta name=\"twitter:card\" content=\"summary_large_image\" \/>\n<meta name=\"twitter:creator\" content=\"@radioljubuski\" \/>\n<meta name=\"twitter:site\" content=\"@radioljubuski\" \/>\n<meta name=\"twitter:label1\" content=\"Napisao\/la\" \/>\n\t<meta name=\"twitter:data1\" content=\"Radio Ljubu\u0161ki\" \/>\n\t<meta name=\"twitter:label2\" content=\"Procijenjeno vrijeme \u010ditanja\" \/>\n\t<meta name=\"twitter:data2\" content=\"2 minute\" \/>\n<script type=\"application\/ld+json\" class=\"yoast-schema-graph\">{\"@context\":\"https:\\\/\\\/schema.org\",\"@graph\":[{\"@type\":\"Article\",\"@id\":\"https:\\\/\\\/radioljubuski.ba\\\/index.php\\\/2022\\\/03\\\/09\\\/cak-20-pozara-u-hnz-u\\\/#article\",\"isPartOf\":{\"@id\":\"https:\\\/\\\/radioljubuski.ba\\\/index.php\\\/2022\\\/03\\\/09\\\/cak-20-pozara-u-hnz-u\\\/\"},\"author\":{\"name\":\"Radio Ljubu\u0161ki\",\"@id\":\"https:\\\/\\\/radioljubuski.ba\\\/#\\\/schema\\\/person\\\/19fc700381a780f69665d7956c469e3b\"},\"headline\":\"\u010cak 20 po\u017eara u HN\u017d-u\",\"datePublished\":\"2022-03-09T11:04:39+00:00\",\"dateModified\":\"2022-03-09T11:04:40+00:00\",\"mainEntityOfPage\":{\"@id\":\"https:\\\/\\\/radioljubuski.ba\\\/index.php\\\/2022\\\/03\\\/09\\\/cak-20-pozara-u-hnz-u\\\/\"},\"wordCount\":250,\"publisher\":{\"@id\":\"https:\\\/\\\/radioljubuski.ba\\\/#organization\"},\"image\":{\"@id\":\"https:\\\/\\\/radioljubuski.ba\\\/index.php\\\/2022\\\/03\\\/09\\\/cak-20-pozara-u-hnz-u\\\/#primaryimage\"},\"thumbnailUrl\":\"https:\\\/\\\/radioljubuski.ba\\\/wp-content\\\/uploads\\\/2021\\\/10\\\/8-2021-08-13-13-55-21-vatrogasci_sarajevo.jpg\",\"articleSection\":[\"BIH i regija\"],\"inLanguage\":\"hr\"},{\"@type\":\"WebPage\",\"@id\":\"https:\\\/\\\/radioljubuski.ba\\\/index.php\\\/2022\\\/03\\\/09\\\/cak-20-pozara-u-hnz-u\\\/\",\"url\":\"https:\\\/\\\/radioljubuski.ba\\\/index.php\\\/2022\\\/03\\\/09\\\/cak-20-pozara-u-hnz-u\\\/\",\"name\":\"\u010cak 20 po\u017eara u HN\u017d-u - RADIO LJUBU\u0160KI\",\"isPartOf\":{\"@id\":\"https:\\\/\\\/radioljubuski.ba\\\/#website\"},\"primaryImageOfPage\":{\"@id\":\"https:\\\/\\\/radioljubuski.ba\\\/index.php\\\/2022\\\/03\\\/09\\\/cak-20-pozara-u-hnz-u\\\/#primaryimage\"},\"image\":{\"@id\":\"https:\\\/\\\/radioljubuski.ba\\\/index.php\\\/2022\\\/03\\\/09\\\/cak-20-pozara-u-hnz-u\\\/#primaryimage\"},\"thumbnailUrl\":\"https:\\\/\\\/radioljubuski.ba\\\/wp-content\\\/uploads\\\/2021\\\/10\\\/8-2021-08-13-13-55-21-vatrogasci_sarajevo.jpg\",\"datePublished\":\"2022-03-09T11:04:39+00:00\",\"dateModified\":\"2022-03-09T11:04:40+00:00\",\"breadcrumb\":{\"@id\":\"https:\\\/\\\/radioljubuski.ba\\\/index.php\\\/2022\\\/03\\\/09\\\/cak-20-pozara-u-hnz-u\\\/#breadcrumb\"},\"inLanguage\":\"hr\",\"potentialAction\":[{\"@type\":\"ReadAction\",\"target\":[\"https:\\\/\\\/radioljubuski.ba\\\/index.php\\\/2022\\\/03\\\/09\\\/cak-20-pozara-u-hnz-u\\\/\"]}]},{\"@type\":\"ImageObject\",\"inLanguage\":\"hr\",\"@id\":\"https:\\\/\\\/radioljubuski.ba\\\/index.php\\\/2022\\\/03\\\/09\\\/cak-20-pozara-u-hnz-u\\\/#primaryimage\",\"url\":\"https:\\\/\\\/radioljubuski.ba\\\/wp-content\\\/uploads\\\/2021\\\/10\\\/8-2021-08-13-13-55-21-vatrogasci_sarajevo.jpg\",\"contentUrl\":\"https:\\\/\\\/radioljubuski.ba\\\/wp-content\\\/uploads\\\/2021\\\/10\\\/8-2021-08-13-13-55-21-vatrogasci_sarajevo.jpg\",\"width\":1000,\"height\":625},{\"@type\":\"BreadcrumbList\",\"@id\":\"https:\\\/\\\/radioljubuski.ba\\\/index.php\\\/2022\\\/03\\\/09\\\/cak-20-pozara-u-hnz-u\\\/#breadcrumb\",\"itemListElement\":[{\"@type\":\"ListItem\",\"position\":1,\"name\":\"Po\u010detna stranica\",\"item\":\"https:\\\/\\\/radioljubuski.ba\\\/\"},{\"@type\":\"ListItem\",\"position\":2,\"name\":\"\u010cak 20 po\u017eara u HN\u017d-u\"}]},{\"@type\":\"WebSite\",\"@id\":\"https:\\\/\\\/radioljubuski.ba\\\/#website\",\"url\":\"https:\\\/\\\/radioljubuski.ba\\\/\",\"name\":\"Radio Ljubu\u0161ki\",\"description\":\"Sun\u010dana frekvencija Hercegovine\",\"publisher\":{\"@id\":\"https:\\\/\\\/radioljubuski.ba\\\/#organization\"},\"potentialAction\":[{\"@type\":\"SearchAction\",\"target\":{\"@type\":\"EntryPoint\",\"urlTemplate\":\"https:\\\/\\\/radioljubuski.ba\\\/?s={search_term_string}\"},\"query-input\":{\"@type\":\"PropertyValueSpecification\",\"valueRequired\":true,\"valueName\":\"search_term_string\"}}],\"inLanguage\":\"hr\"},{\"@type\":\"Organization\",\"@id\":\"https:\\\/\\\/radioljubuski.ba\\\/#organization\",\"name\":\"Radio Ljubu\u0161ki\",\"url\":\"https:\\\/\\\/radioljubuski.ba\\\/\",\"logo\":{\"@type\":\"ImageObject\",\"inLanguage\":\"hr\",\"@id\":\"https:\\\/\\\/radioljubuski.ba\\\/#\\\/schema\\\/logo\\\/image\\\/\",\"url\":\"https:\\\/\\\/radioljubuski.ba\\\/wp-content\\\/uploads\\\/2021\\\/02\\\/cropped-Radio_Ljubuski_logo1.jpg\",\"contentUrl\":\"https:\\\/\\\/radioljubuski.ba\\\/wp-content\\\/uploads\\\/2021\\\/02\\\/cropped-Radio_Ljubuski_logo1.jpg\",\"width\":512,\"height\":512,\"caption\":\"Radio Ljubu\u0161ki\"},\"image\":{\"@id\":\"https:\\\/\\\/radioljubuski.ba\\\/#\\\/schema\\\/logo\\\/image\\\/\"},\"sameAs\":[\"https:\\\/\\\/www.facebook.com\\\/Radiio-Ljubuski-1490835324566332\",\"https:\\\/\\\/x.com\\\/radioljubuski\",\"https:\\\/\\\/hr.linkedin.com\\\/company\\\/radio-ljubuski\",\"https:\\\/\\\/www.youtube.com\\\/channel\\\/UCHYaeO_n0Db3tjNGudGpXyw\"]},{\"@type\":\"Person\",\"@id\":\"https:\\\/\\\/radioljubuski.ba\\\/#\\\/schema\\\/person\\\/19fc700381a780f69665d7956c469e3b\",\"name\":\"Radio Ljubu\u0161ki\"}]}<\/script>\n<!-- \/ Yoast SEO plugin. -->","yoast_head_json":{"title":"\u010cak 20 po\u017eara u HN\u017d-u - RADIO LJUBU\u0160KI","robots":{"index":"index","follow":"follow","max-snippet":"max-snippet:-1","max-image-preview":"max-image-preview:large","max-video-preview":"max-video-preview:-1"},"canonical":"https:\/\/radioljubuski.ba\/index.php\/2022\/03\/09\/cak-20-pozara-u-hnz-u\/","og_locale":"hr_HR","og_type":"article","og_title":"\u010cak 20 po\u017eara u HN\u017d-u - RADIO LJUBU\u0160KI","og_description":"Vatrogasci HN\u017d-a u posljednja 24 sata imali su \u010dak 20 intervencija. Gorjeli su otpadi, trava, dimnjaci, kamp ku\u0107ica.&nbsp; Pogledajte intervencije:&nbsp; Mostar&nbsp;Od 14:05 do 15:50 sati,gorila trava u Podgorju.Od 14:40 do 15:05 sati,gorila trava na \u017eeljezni\u010dkoj stanici.Od 14:45 do 15:10 sati,gorila trava u Pologu.Od 16:15 do 16:50 sati,gorio otpad kod bolnice Bijeli Brijeg.Od 17:00 do 18:25 [&hellip;]","og_url":"https:\/\/radioljubuski.ba\/index.php\/2022\/03\/09\/cak-20-pozara-u-hnz-u\/","og_site_name":"RADIO LJUBU\u0160KI","article_publisher":"https:\/\/www.facebook.com\/Radiio-Ljubuski-1490835324566332","article_published_time":"2022-03-09T11:04:39+00:00","article_modified_time":"2022-03-09T11:04:40+00:00","og_image":[{"width":1000,"height":625,"url":"https:\/\/radioljubuski.ba\/wp-content\/uploads\/2021\/10\/8-2021-08-13-13-55-21-vatrogasci_sarajevo.jpg","type":"image\/jpeg"}],"author":"Radio Ljubu\u0161ki","twitter_card":"summary_large_image","twitter_creator":"@radioljubuski","twitter_site":"@radioljubuski","twitter_misc":{"Napisao\/la":"Radio Ljubu\u0161ki","Procijenjeno vrijeme \u010ditanja":"2 minute"},"schema":{"@context":"https:\/\/schema.org","@graph":[{"@type":"Article","@id":"https:\/\/radioljubuski.ba\/index.php\/2022\/03\/09\/cak-20-pozara-u-hnz-u\/#article","isPartOf":{"@id":"https:\/\/radioljubuski.ba\/index.php\/2022\/03\/09\/cak-20-pozara-u-hnz-u\/"},"author":{"name":"Radio Ljubu\u0161ki","@id":"https:\/\/radioljubuski.ba\/#\/schema\/person\/19fc700381a780f69665d7956c469e3b"},"headline":"\u010cak 20 po\u017eara u HN\u017d-u","datePublished":"2022-03-09T11:04:39+00:00","dateModified":"2022-03-09T11:04:40+00:00","mainEntityOfPage":{"@id":"https:\/\/radioljubuski.ba\/index.php\/2022\/03\/09\/cak-20-pozara-u-hnz-u\/"},"wordCount":250,"publisher":{"@id":"https:\/\/radioljubuski.ba\/#organization"},"image":{"@id":"https:\/\/radioljubuski.ba\/index.php\/2022\/03\/09\/cak-20-pozara-u-hnz-u\/#primaryimage"},"thumbnailUrl":"https:\/\/radioljubuski.ba\/wp-content\/uploads\/2021\/10\/8-2021-08-13-13-55-21-vatrogasci_sarajevo.jpg","articleSection":["BIH i regija"],"inLanguage":"hr"},{"@type":"WebPage","@id":"https:\/\/radioljubuski.ba\/index.php\/2022\/03\/09\/cak-20-pozara-u-hnz-u\/","url":"https:\/\/radioljubuski.ba\/index.php\/2022\/03\/09\/cak-20-pozara-u-hnz-u\/","name":"\u010cak 20 po\u017eara u HN\u017d-u - RADIO LJUBU\u0160KI","isPartOf":{"@id":"https:\/\/radioljubuski.ba\/#website"},"primaryImageOfPage":{"@id":"https:\/\/radioljubuski.ba\/index.php\/2022\/03\/09\/cak-20-pozara-u-hnz-u\/#primaryimage"},"image":{"@id":"https:\/\/radioljubuski.ba\/index.php\/2022\/03\/09\/cak-20-pozara-u-hnz-u\/#primaryimage"},"thumbnailUrl":"https:\/\/radioljubuski.ba\/wp-content\/uploads\/2021\/10\/8-2021-08-13-13-55-21-vatrogasci_sarajevo.jpg","datePublished":"2022-03-09T11:04:39+00:00","dateModified":"2022-03-09T11:04:40+00:00","breadcrumb":{"@id":"https:\/\/radioljubuski.ba\/index.php\/2022\/03\/09\/cak-20-pozara-u-hnz-u\/#breadcrumb"},"inLanguage":"hr","potentialAction":[{"@type":"ReadAction","target":["https:\/\/radioljubuski.ba\/index.php\/2022\/03\/09\/cak-20-pozara-u-hnz-u\/"]}]},{"@type":"ImageObject","inLanguage":"hr","@id":"https:\/\/radioljubuski.ba\/index.php\/2022\/03\/09\/cak-20-pozara-u-hnz-u\/#primaryimage","url":"https:\/\/radioljubuski.ba\/wp-content\/uploads\/2021\/10\/8-2021-08-13-13-55-21-vatrogasci_sarajevo.jpg","contentUrl":"https:\/\/radioljubuski.ba\/wp-content\/uploads\/2021\/10\/8-2021-08-13-13-55-21-vatrogasci_sarajevo.jpg","width":1000,"height":625},{"@type":"BreadcrumbList","@id":"https:\/\/radioljubuski.ba\/index.php\/2022\/03\/09\/cak-20-pozara-u-hnz-u\/#breadcrumb","itemListElement":[{"@type":"ListItem","position":1,"name":"Po\u010detna stranica","item":"https:\/\/radioljubuski.ba\/"},{"@type":"ListItem","position":2,"name":"\u010cak 20 po\u017eara u HN\u017d-u"}]},{"@type":"WebSite","@id":"https:\/\/radioljubuski.ba\/#website","url":"https:\/\/radioljubuski.ba\/","name":"Radio Ljubu\u0161ki","description":"Sun\u010dana frekvencija Hercegovine","publisher":{"@id":"https:\/\/radioljubuski.ba\/#organization"},"potentialAction":[{"@type":"SearchAction","target":{"@type":"EntryPoint","urlTemplate":"https:\/\/radioljubuski.ba\/?s={search_term_string}"},"query-input":{"@type":"PropertyValueSpecification","valueRequired":true,"valueName":"search_term_string"}}],"inLanguage":"hr"},{"@type":"Organization","@id":"https:\/\/radioljubuski.ba\/#organization","name":"Radio Ljubu\u0161ki","url":"https:\/\/radioljubuski.ba\/","logo":{"@type":"ImageObject","inLanguage":"hr","@id":"https:\/\/radioljubuski.ba\/#\/schema\/logo\/image\/","url":"https:\/\/radioljubuski.ba\/wp-content\/uploads\/2021\/02\/cropped-Radio_Ljubuski_logo1.jpg","contentUrl":"https:\/\/radioljubuski.ba\/wp-content\/uploads\/2021\/02\/cropped-Radio_Ljubuski_logo1.jpg","width":512,"height":512,"caption":"Radio Ljubu\u0161ki"},"image":{"@id":"https:\/\/radioljubuski.ba\/#\/schema\/logo\/image\/"},"sameAs":["https:\/\/www.facebook.com\/Radiio-Ljubuski-1490835324566332","https:\/\/x.com\/radioljubuski","https:\/\/hr.linkedin.com\/company\/radio-ljubuski","https:\/\/www.youtube.com\/channel\/UCHYaeO_n0Db3tjNGudGpXyw"]},{"@type":"Person","@id":"https:\/\/radioljubuski.ba\/#\/schema\/person\/19fc700381a780f69665d7956c469e3b","name":"Radio Ljubu\u0161ki"}]}},"_links":{"self":[{"href":"https:\/\/radioljubuski.ba\/index.php\/wp-json\/wp\/v2\/posts\/119538","targetHints":{"allow":["GET"]}}],"collection":[{"href":"https:\/\/radioljubuski.ba\/index.php\/wp-json\/wp\/v2\/posts"}],"about":[{"href":"https:\/\/radioljubuski.ba\/index.php\/wp-json\/wp\/v2\/types\/post"}],"author":[{"embeddable":true,"href":"https:\/\/radioljubuski.ba\/index.php\/wp-json\/wp\/v2\/users\/2"}],"replies":[{"embeddable":true,"href":"https:\/\/radioljubuski.ba\/index.php\/wp-json\/wp\/v2\/comments?post=119538"}],"version-history":[{"count":1,"href":"https:\/\/radioljubuski.ba\/index.php\/wp-json\/wp\/v2\/posts\/119538\/revisions"}],"predecessor-version":[{"id":119540,"href":"https:\/\/radioljubuski.ba\/index.php\/wp-json\/wp\/v2\/posts\/119538\/revisions\/119540"}],"wp:featuredmedia":[{"embeddable":true,"href":"https:\/\/radioljubuski.ba\/index.php\/wp-json\/wp\/v2\/media\/72049"}],"wp:attachment":[{"href":"https:\/\/radioljubuski.ba\/index.php\/wp-json\/wp\/v2\/media?parent=119538"}],"wp:term":[{"taxonomy":"category","embeddable":true,"href":"https:\/\/radioljubuski.ba\/index.php\/wp-json\/wp\/v2\/categories?post=119538"},{"taxonomy":"post_tag","embeddable":true,"href":"https:\/\/radioljubuski.ba\/index.php\/wp-json\/wp\/v2\/tags?post=119538"}],"curies":[{"name":"wp","href":"https:\/\/api.w.org\/{rel}","templated":true}]}}