{"id":119554,"date":"2022-03-09T12:10:11","date_gmt":"2022-03-09T11:10:11","guid":{"rendered":"https:\/\/radioljubuski.ba\/?p=119554"},"modified":"2022-03-09T12:10:13","modified_gmt":"2022-03-09T11:10:13","slug":"u-skb-u-mostar-najtezim-bolesnicima-krv-se-prociscava-plazmaferezom","status":"publish","type":"post","link":"https:\/\/radioljubuski.ba\/index.php\/2022\/03\/09\/u-skb-u-mostar-najtezim-bolesnicima-krv-se-prociscava-plazmaferezom\/","title":{"rendered":"U SKB-u Mostar najte\u017eim bolesnicima krv se &#8216;pro\u010di\u0161\u0107ava&#8217; plazmaferezom"},"content":{"rendered":"\n<p>Plazmafereza medicinski je postupak koji se od prije nekoliko dana po\u010deo izvoditi u SKB-u Mostar kojim se pacijentima poma\u017ee osloboditi ih od toksi\u010dnih tvari koje se prenose preko krvi te se olak\u0161ava njihovo zdravstveno stanje. Mirjana Jurkovi\u0107, glavna sestra na Odjelu za op\u0107e intenzivno lije\u010denje SKB-a Mostar, izvela je prvi takav postupak po\u010detkom ovoga mjeseca nakon \u0161to je sredinom pro\u0161le godine pro\u0161la edukaciju kod kolega u Zagrebu, pi\u0161e <a href=\"https:\/\/www.vecernji.ba\/vijesti\/u-skb-u-mostar-najtezim-bolesnicima-krv-se-prociscava-plazmaferezom-1569461\" target=\"_blank\" rel=\"noreferrer noopener\">Ve\u010dernji list BiH.<\/a><\/p>\n\n\n\n<p>&#8220;Uloga sestre u procesu je priprema ure\u0111aja i priprema bolesnika. Nakon priprema ure\u0111aja i cijeloga sustava koji ga prati za sam proces plazmofereze, kre\u0107emo s postupkom. Preko tog ure\u0111aja izvla\u010dimo krv iz bolesnika, ona se u filtru odvaja na plazmu i krvne stanice. Te krvne stanice vra\u0107amo bolesniku, plazmu izvla\u010dimo, a vra\u0107amo zamjensku teku\u0107inu. Radi se naj\u010de\u0161\u0107e o humanim albuminima. Tako izvla\u010dimo sve te toksi\u010dne i \u0161tetne tvari iz organizma&#8221;, izjavila je za Ve\u010dernjak ova prvostupnica sestrinstva.<\/p>\n\n\n\n<p><strong>Traje \u010detiri sata<\/strong><\/p>\n\n\n\n<p>Po njezinim rije\u010dima, cijeli postupak traje do \u010detiri sata tijekom \u010dega su pacijent i ure\u0111aj pod stalnim nadzorom. Zajedno s njom, jo\u0161 nekoliko kolega osposobljeno je za ovaj postupak koji se donedavno uop\u0107e nije primjenjivao u Mostaru. Njezin \u0161ef, pro\u010delnik Odjela za anesteziju, reanimaciju i intenzivno lije\u010denje prim. dr. sc. Zoran Karlovi\u0107, ka\u017ee kako je postupak plazmafereze prisutan u medicinskoj praksi ve\u0107 dugo vremena, no nije bio dostupan na\u0161im bolesnicima.<\/p>\n\n\n\n<p>&#8220;To je metoda kojom se koristimo u vi\u0161e disciplina, ne samo kad se radi o neurolo\u0161kim, nego i imunolo\u0161kim bolesnicima te svima onima za koje se pretpostavlja da imaju neke toksi\u010dne tvari u plazmi, a koje ne mo\u017eemo na drugi na\u010din otkloniti nego mehani\u010dkom zamjenom plazme s odre\u0111enim supstancijama. To je jedna velika dobrobit jer su na\u0161i bolesnici i oni koji su potencijalno bili u potrebi za plazmafezerom morali odlaziti u druge centre. Od sada se to mo\u017ee raditi u na\u0161oj bolnici zahvaljuju\u0107i educiranosti osoblja, a prije svega na\u0161e Mirjane koja je kao sestra i\u0161la na edukaciju u Zagreb. Ona je to usvojila zajedno s lije\u010dnicom Ivanom te smo sada u stanju pru\u017eiti pomo\u0107 u stanju akutnih nefrotskih oboljenja&#8221;, ka\u017ee dr. Karlovi\u0107.<\/p>\n\n\n\n<p>On dodaje kako su na ovome odjelu s po\u010detkom vr\u0161enja akutne dijalize stvorili puno preduvjeta za rje\u0161avanje onih oboljenja koja su vrlo zahtjevna.<\/p>\n\n\n\n<p>&#8220;Zahvaljuju\u0107i invazijskom monitoringu na podru\u010dju kardioanestezije, zatim sada neuroanestezije, pro\u0161irili smo jednu paletu usluga na bolesnike \u010dije je ozdravljenje iz mnogih patolo\u0161kih procesa u kojima su se nalazili sada zna\u010dajno pobolj\u0161ano. Stvoreni su preduvjeti za oporavak najzahtjevnijih bolesnika, a \u0161to im nudi suvremena medicina u velikim zdravstvenim ustanovama&#8221;, isti\u010de.<\/p>\n\n\n\n<p>Pojasnio je i kako sam taj postupak izgleda izmjenom plazme.<\/p>\n\n\n\n<p>&#8220;Budu\u0107i da su toksi\u010dne tvari vezane za neke od njih, pri izmjeni same plazme dobivamo osvje\u017eenje u na\u0161em tijelu. Dakle, one toksi\u010dne tvari koje ne mo\u017eemo na druk\u010diji na\u010din ukloniti, jer su vezane za ove supstancije, mo\u017eemo samo na ovaj na\u010din izvesti. To je stroj koji se koristi za akutnu dijalizu, odnosno hemofiltriranje kod nas. Sada smo nabavili i odre\u0111ene setove te imamo educirane djelatnike. Usto, stalno se analiziraju laboratorijski nalazi koji su nama potpora da sve mo\u017eemo pravilno izvesti. Na temelju dobivenih parametara, donosimo odluke \u0161to \u0107emo raditi. Usto, ovdje bih istaknuo ulogu neurologa, imunologa, hematologa i svih struktura koji \u0107e svojim prijedlozima nama pomo\u0107i kojem pacijentu treba izvesti plazmaferezu i u kojoj koli\u010dini&#8221;, ka\u017ee dr. Karlovi\u0107.<\/p>\n\n\n\n<p>Pro\u010delnik Odjela za anesteziju, reanimaciju i intenzivno lije\u010denje prim. dr. sc. Zoran Karlovi\u0107 ka\u017ee kako \u0107e uvo\u0111enje ovoga postupka istodobno biti velika dobit za bolesnike, ali i novo financijsko optere\u0107enje za bolnicu. Me\u0111u naj\u010de\u0161\u0107im pacijentima su oni koji imaju multiplu sklerozu. &#8220;Plazmafereza se radi kod pacijenata koji imaju zdrave bubrege. U ovome slu\u010daju korisnici ovih usluga ne moraju biti bolesnici s promjenom bubre\u017ene funkcije kao \u0161to su, primjerice, neurolo\u0161ki bolesnici gdje aktiviraju odre\u0111ena virusna oboljenja kod njih kao \u0161to je multipla skleroza. Mi u prvome procesu kod tih pacijenata poku\u0161avamo otkloniti te supstancije koje smetaju prijenosu impulsa na neuromi\u0161i\u0107noj membrani&#8221;, poja\u0161njava dr. Karlovi\u0107.<\/p>\n\n\n\n<p><strong>Najzahtjevniji odjel<\/strong><\/p>\n\n\n\n<p>On dodaje i kako se na Odjelu za intenzivno lije\u010denje provodi dijaliza kod pacijenata koji imaju akutna oboljenja. &#8220;To mogu biti pacijenti s neurolo\u0161kim, infektolo\u0161kim oboljenjima&#8230; gdje imamo i zbog davanja odre\u0111enih antibiotika o\u0161te\u0107enja bubrega u prijelaznome roku, \u0161to se mo\u017ee oporaviti&#8221;, navodi dr. Karlovi\u0107.<\/p>\n\n\n\n<p>Glavna sestra na Odjelu za anesteziju, reanimaciju i intenzivno lije\u010denje, magistra sestrinstva Slavica \u0160imi\u0107, isti\u010de kako je ovaj odjel najspecifi\u010dniji u SKB-u \u0161to se posebno pokazalo u vremenu epidemije koronavirusa.<\/p>\n\n\n\n<p>&#8220;Na\u0161e sestre iz intenzivne imaju jako veliko iskustvo, educirane su za rad s mnogim ure\u0111ajima koji se nalaze ovdje &#8211; od respiratora, monitora, perfuzora, infuzomata, ure\u0111aja za dijalizu, bronhoskopa, defibrilatora i brojne druge opreme. Svaki od tih ure\u0111aja treba znati provjeriti, o\u010distiti, odr\u017eavati za sljede\u0107eg pacijenta. Posao u intenzivnoj zahtijeva veliku stru\u010dnost, spremnost i educiranost medicinskog osoblja. Naravno, odgovornost je na prvome mjestu&#8221;, ka\u017ee ona.<\/p>\n\n\n\n<p>Izvor:vecernji.ba<\/p>\n","protected":false},"excerpt":{"rendered":"<p>Plazmafereza medicinski je postupak koji se od prije nekoliko dana po\u010deo izvoditi u SKB-u Mostar kojim se pacijentima poma\u017ee osloboditi ih od toksi\u010dnih tvari koje se prenose preko krvi te se olak\u0161ava njihovo zdravstveno stanje. Mirjana Jurkovi\u0107, glavna sestra na Odjelu za op\u0107e intenzivno lije\u010denje SKB-a Mostar, izvela je prvi takav postupak po\u010detkom ovoga mjeseca [&hellip;]<\/p>\n","protected":false},"author":2,"featured_media":119555,"comment_status":"closed","ping_status":"closed","sticky":false,"template":"","format":"standard","meta":{"h5ap_radio_sources":[],"footnotes":""},"categories":[1],"tags":[],"class_list":["post-119554","post","type-post","status-publish","format-standard","has-post-thumbnail","hentry","category-bihiregija"],"yoast_head":"<!-- This site is optimized with the Yoast SEO plugin v27.5 - https:\/\/yoast.com\/product\/yoast-seo-wordpress\/ -->\n<title>U SKB-u Mostar najte\u017eim bolesnicima krv se &#039;pro\u010di\u0161\u0107ava&#039; plazmaferezom - RADIO LJUBU\u0160KI<\/title>\n<meta name=\"robots\" content=\"index, follow, max-snippet:-1, max-image-preview:large, max-video-preview:-1\" \/>\n<link rel=\"canonical\" href=\"https:\/\/radioljubuski.ba\/index.php\/2022\/03\/09\/u-skb-u-mostar-najtezim-bolesnicima-krv-se-prociscava-plazmaferezom\/\" \/>\n<meta property=\"og:locale\" content=\"hr_HR\" \/>\n<meta property=\"og:type\" content=\"article\" \/>\n<meta property=\"og:title\" content=\"U SKB-u Mostar najte\u017eim bolesnicima krv se &#039;pro\u010di\u0161\u0107ava&#039; plazmaferezom - RADIO LJUBU\u0160KI\" \/>\n<meta property=\"og:description\" content=\"Plazmafereza medicinski je postupak koji se od prije nekoliko dana po\u010deo izvoditi u SKB-u Mostar kojim se pacijentima poma\u017ee osloboditi ih od toksi\u010dnih tvari koje se prenose preko krvi te se olak\u0161ava njihovo zdravstveno stanje. Mirjana Jurkovi\u0107, glavna sestra na Odjelu za op\u0107e intenzivno lije\u010denje SKB-a Mostar, izvela je prvi takav postupak po\u010detkom ovoga mjeseca [&hellip;]\" \/>\n<meta property=\"og:url\" content=\"https:\/\/radioljubuski.ba\/index.php\/2022\/03\/09\/u-skb-u-mostar-najtezim-bolesnicima-krv-se-prociscava-plazmaferezom\/\" \/>\n<meta property=\"og:site_name\" content=\"RADIO LJUBU\u0160KI\" \/>\n<meta property=\"article:publisher\" content=\"https:\/\/www.facebook.com\/Radiio-Ljubuski-1490835324566332\" \/>\n<meta property=\"article:published_time\" content=\"2022-03-09T11:10:11+00:00\" \/>\n<meta property=\"article:modified_time\" content=\"2022-03-09T11:10:13+00:00\" \/>\n<meta property=\"og:image\" content=\"https:\/\/radioljubuski.ba\/wp-content\/uploads\/2022\/03\/8-2022-03-09-10-07-18-SKB-MOSTAR.jpeg\" \/>\n\t<meta property=\"og:image:width\" content=\"1000\" \/>\n\t<meta property=\"og:image:height\" content=\"625\" \/>\n\t<meta property=\"og:image:type\" content=\"image\/jpeg\" \/>\n<meta name=\"author\" content=\"Radio Ljubu\u0161ki\" \/>\n<meta name=\"twitter:card\" content=\"summary_large_image\" \/>\n<meta name=\"twitter:creator\" content=\"@radioljubuski\" \/>\n<meta name=\"twitter:site\" content=\"@radioljubuski\" \/>\n<meta name=\"twitter:label1\" content=\"Napisao\/la\" \/>\n\t<meta name=\"twitter:data1\" content=\"Radio Ljubu\u0161ki\" \/>\n\t<meta name=\"twitter:label2\" content=\"Procijenjeno vrijeme \u010ditanja\" \/>\n\t<meta name=\"twitter:data2\" content=\"4 minute\" \/>\n<script type=\"application\/ld+json\" class=\"yoast-schema-graph\">{\"@context\":\"https:\\\/\\\/schema.org\",\"@graph\":[{\"@type\":\"Article\",\"@id\":\"https:\\\/\\\/radioljubuski.ba\\\/index.php\\\/2022\\\/03\\\/09\\\/u-skb-u-mostar-najtezim-bolesnicima-krv-se-prociscava-plazmaferezom\\\/#article\",\"isPartOf\":{\"@id\":\"https:\\\/\\\/radioljubuski.ba\\\/index.php\\\/2022\\\/03\\\/09\\\/u-skb-u-mostar-najtezim-bolesnicima-krv-se-prociscava-plazmaferezom\\\/\"},\"author\":{\"name\":\"Radio Ljubu\u0161ki\",\"@id\":\"https:\\\/\\\/radioljubuski.ba\\\/#\\\/schema\\\/person\\\/19fc700381a780f69665d7956c469e3b\"},\"headline\":\"U SKB-u Mostar najte\u017eim bolesnicima krv se &#8216;pro\u010di\u0161\u0107ava&#8217; plazmaferezom\",\"datePublished\":\"2022-03-09T11:10:11+00:00\",\"dateModified\":\"2022-03-09T11:10:13+00:00\",\"mainEntityOfPage\":{\"@id\":\"https:\\\/\\\/radioljubuski.ba\\\/index.php\\\/2022\\\/03\\\/09\\\/u-skb-u-mostar-najtezim-bolesnicima-krv-se-prociscava-plazmaferezom\\\/\"},\"wordCount\":912,\"publisher\":{\"@id\":\"https:\\\/\\\/radioljubuski.ba\\\/#organization\"},\"image\":{\"@id\":\"https:\\\/\\\/radioljubuski.ba\\\/index.php\\\/2022\\\/03\\\/09\\\/u-skb-u-mostar-najtezim-bolesnicima-krv-se-prociscava-plazmaferezom\\\/#primaryimage\"},\"thumbnailUrl\":\"https:\\\/\\\/radioljubuski.ba\\\/wp-content\\\/uploads\\\/2022\\\/03\\\/8-2022-03-09-10-07-18-SKB-MOSTAR.jpeg\",\"articleSection\":[\"BIH i regija\"],\"inLanguage\":\"hr\"},{\"@type\":\"WebPage\",\"@id\":\"https:\\\/\\\/radioljubuski.ba\\\/index.php\\\/2022\\\/03\\\/09\\\/u-skb-u-mostar-najtezim-bolesnicima-krv-se-prociscava-plazmaferezom\\\/\",\"url\":\"https:\\\/\\\/radioljubuski.ba\\\/index.php\\\/2022\\\/03\\\/09\\\/u-skb-u-mostar-najtezim-bolesnicima-krv-se-prociscava-plazmaferezom\\\/\",\"name\":\"U SKB-u Mostar najte\u017eim bolesnicima krv se 'pro\u010di\u0161\u0107ava' plazmaferezom - RADIO LJUBU\u0160KI\",\"isPartOf\":{\"@id\":\"https:\\\/\\\/radioljubuski.ba\\\/#website\"},\"primaryImageOfPage\":{\"@id\":\"https:\\\/\\\/radioljubuski.ba\\\/index.php\\\/2022\\\/03\\\/09\\\/u-skb-u-mostar-najtezim-bolesnicima-krv-se-prociscava-plazmaferezom\\\/#primaryimage\"},\"image\":{\"@id\":\"https:\\\/\\\/radioljubuski.ba\\\/index.php\\\/2022\\\/03\\\/09\\\/u-skb-u-mostar-najtezim-bolesnicima-krv-se-prociscava-plazmaferezom\\\/#primaryimage\"},\"thumbnailUrl\":\"https:\\\/\\\/radioljubuski.ba\\\/wp-content\\\/uploads\\\/2022\\\/03\\\/8-2022-03-09-10-07-18-SKB-MOSTAR.jpeg\",\"datePublished\":\"2022-03-09T11:10:11+00:00\",\"dateModified\":\"2022-03-09T11:10:13+00:00\",\"breadcrumb\":{\"@id\":\"https:\\\/\\\/radioljubuski.ba\\\/index.php\\\/2022\\\/03\\\/09\\\/u-skb-u-mostar-najtezim-bolesnicima-krv-se-prociscava-plazmaferezom\\\/#breadcrumb\"},\"inLanguage\":\"hr\",\"potentialAction\":[{\"@type\":\"ReadAction\",\"target\":[\"https:\\\/\\\/radioljubuski.ba\\\/index.php\\\/2022\\\/03\\\/09\\\/u-skb-u-mostar-najtezim-bolesnicima-krv-se-prociscava-plazmaferezom\\\/\"]}]},{\"@type\":\"ImageObject\",\"inLanguage\":\"hr\",\"@id\":\"https:\\\/\\\/radioljubuski.ba\\\/index.php\\\/2022\\\/03\\\/09\\\/u-skb-u-mostar-najtezim-bolesnicima-krv-se-prociscava-plazmaferezom\\\/#primaryimage\",\"url\":\"https:\\\/\\\/radioljubuski.ba\\\/wp-content\\\/uploads\\\/2022\\\/03\\\/8-2022-03-09-10-07-18-SKB-MOSTAR.jpeg\",\"contentUrl\":\"https:\\\/\\\/radioljubuski.ba\\\/wp-content\\\/uploads\\\/2022\\\/03\\\/8-2022-03-09-10-07-18-SKB-MOSTAR.jpeg\",\"width\":1000,\"height\":625},{\"@type\":\"BreadcrumbList\",\"@id\":\"https:\\\/\\\/radioljubuski.ba\\\/index.php\\\/2022\\\/03\\\/09\\\/u-skb-u-mostar-najtezim-bolesnicima-krv-se-prociscava-plazmaferezom\\\/#breadcrumb\",\"itemListElement\":[{\"@type\":\"ListItem\",\"position\":1,\"name\":\"Po\u010detna stranica\",\"item\":\"https:\\\/\\\/radioljubuski.ba\\\/\"},{\"@type\":\"ListItem\",\"position\":2,\"name\":\"U SKB-u Mostar najte\u017eim bolesnicima krv se &#8216;pro\u010di\u0161\u0107ava&#8217; plazmaferezom\"}]},{\"@type\":\"WebSite\",\"@id\":\"https:\\\/\\\/radioljubuski.ba\\\/#website\",\"url\":\"https:\\\/\\\/radioljubuski.ba\\\/\",\"name\":\"Radio Ljubu\u0161ki\",\"description\":\"Sun\u010dana frekvencija Hercegovine\",\"publisher\":{\"@id\":\"https:\\\/\\\/radioljubuski.ba\\\/#organization\"},\"potentialAction\":[{\"@type\":\"SearchAction\",\"target\":{\"@type\":\"EntryPoint\",\"urlTemplate\":\"https:\\\/\\\/radioljubuski.ba\\\/?s={search_term_string}\"},\"query-input\":{\"@type\":\"PropertyValueSpecification\",\"valueRequired\":true,\"valueName\":\"search_term_string\"}}],\"inLanguage\":\"hr\"},{\"@type\":\"Organization\",\"@id\":\"https:\\\/\\\/radioljubuski.ba\\\/#organization\",\"name\":\"Radio Ljubu\u0161ki\",\"url\":\"https:\\\/\\\/radioljubuski.ba\\\/\",\"logo\":{\"@type\":\"ImageObject\",\"inLanguage\":\"hr\",\"@id\":\"https:\\\/\\\/radioljubuski.ba\\\/#\\\/schema\\\/logo\\\/image\\\/\",\"url\":\"https:\\\/\\\/radioljubuski.ba\\\/wp-content\\\/uploads\\\/2021\\\/02\\\/cropped-Radio_Ljubuski_logo1.jpg\",\"contentUrl\":\"https:\\\/\\\/radioljubuski.ba\\\/wp-content\\\/uploads\\\/2021\\\/02\\\/cropped-Radio_Ljubuski_logo1.jpg\",\"width\":512,\"height\":512,\"caption\":\"Radio Ljubu\u0161ki\"},\"image\":{\"@id\":\"https:\\\/\\\/radioljubuski.ba\\\/#\\\/schema\\\/logo\\\/image\\\/\"},\"sameAs\":[\"https:\\\/\\\/www.facebook.com\\\/Radiio-Ljubuski-1490835324566332\",\"https:\\\/\\\/x.com\\\/radioljubuski\",\"https:\\\/\\\/hr.linkedin.com\\\/company\\\/radio-ljubuski\",\"https:\\\/\\\/www.youtube.com\\\/channel\\\/UCHYaeO_n0Db3tjNGudGpXyw\"]},{\"@type\":\"Person\",\"@id\":\"https:\\\/\\\/radioljubuski.ba\\\/#\\\/schema\\\/person\\\/19fc700381a780f69665d7956c469e3b\",\"name\":\"Radio Ljubu\u0161ki\"}]}<\/script>\n<!-- \/ Yoast SEO plugin. -->","yoast_head_json":{"title":"U SKB-u Mostar najte\u017eim bolesnicima krv se 'pro\u010di\u0161\u0107ava' plazmaferezom - RADIO LJUBU\u0160KI","robots":{"index":"index","follow":"follow","max-snippet":"max-snippet:-1","max-image-preview":"max-image-preview:large","max-video-preview":"max-video-preview:-1"},"canonical":"https:\/\/radioljubuski.ba\/index.php\/2022\/03\/09\/u-skb-u-mostar-najtezim-bolesnicima-krv-se-prociscava-plazmaferezom\/","og_locale":"hr_HR","og_type":"article","og_title":"U SKB-u Mostar najte\u017eim bolesnicima krv se 'pro\u010di\u0161\u0107ava' plazmaferezom - RADIO LJUBU\u0160KI","og_description":"Plazmafereza medicinski je postupak koji se od prije nekoliko dana po\u010deo izvoditi u SKB-u Mostar kojim se pacijentima poma\u017ee osloboditi ih od toksi\u010dnih tvari koje se prenose preko krvi te se olak\u0161ava njihovo zdravstveno stanje. Mirjana Jurkovi\u0107, glavna sestra na Odjelu za op\u0107e intenzivno lije\u010denje SKB-a Mostar, izvela je prvi takav postupak po\u010detkom ovoga mjeseca [&hellip;]","og_url":"https:\/\/radioljubuski.ba\/index.php\/2022\/03\/09\/u-skb-u-mostar-najtezim-bolesnicima-krv-se-prociscava-plazmaferezom\/","og_site_name":"RADIO LJUBU\u0160KI","article_publisher":"https:\/\/www.facebook.com\/Radiio-Ljubuski-1490835324566332","article_published_time":"2022-03-09T11:10:11+00:00","article_modified_time":"2022-03-09T11:10:13+00:00","og_image":[{"width":1000,"height":625,"url":"https:\/\/radioljubuski.ba\/wp-content\/uploads\/2022\/03\/8-2022-03-09-10-07-18-SKB-MOSTAR.jpeg","type":"image\/jpeg"}],"author":"Radio Ljubu\u0161ki","twitter_card":"summary_large_image","twitter_creator":"@radioljubuski","twitter_site":"@radioljubuski","twitter_misc":{"Napisao\/la":"Radio Ljubu\u0161ki","Procijenjeno vrijeme \u010ditanja":"4 minute"},"schema":{"@context":"https:\/\/schema.org","@graph":[{"@type":"Article","@id":"https:\/\/radioljubuski.ba\/index.php\/2022\/03\/09\/u-skb-u-mostar-najtezim-bolesnicima-krv-se-prociscava-plazmaferezom\/#article","isPartOf":{"@id":"https:\/\/radioljubuski.ba\/index.php\/2022\/03\/09\/u-skb-u-mostar-najtezim-bolesnicima-krv-se-prociscava-plazmaferezom\/"},"author":{"name":"Radio Ljubu\u0161ki","@id":"https:\/\/radioljubuski.ba\/#\/schema\/person\/19fc700381a780f69665d7956c469e3b"},"headline":"U SKB-u Mostar najte\u017eim bolesnicima krv se &#8216;pro\u010di\u0161\u0107ava&#8217; plazmaferezom","datePublished":"2022-03-09T11:10:11+00:00","dateModified":"2022-03-09T11:10:13+00:00","mainEntityOfPage":{"@id":"https:\/\/radioljubuski.ba\/index.php\/2022\/03\/09\/u-skb-u-mostar-najtezim-bolesnicima-krv-se-prociscava-plazmaferezom\/"},"wordCount":912,"publisher":{"@id":"https:\/\/radioljubuski.ba\/#organization"},"image":{"@id":"https:\/\/radioljubuski.ba\/index.php\/2022\/03\/09\/u-skb-u-mostar-najtezim-bolesnicima-krv-se-prociscava-plazmaferezom\/#primaryimage"},"thumbnailUrl":"https:\/\/radioljubuski.ba\/wp-content\/uploads\/2022\/03\/8-2022-03-09-10-07-18-SKB-MOSTAR.jpeg","articleSection":["BIH i regija"],"inLanguage":"hr"},{"@type":"WebPage","@id":"https:\/\/radioljubuski.ba\/index.php\/2022\/03\/09\/u-skb-u-mostar-najtezim-bolesnicima-krv-se-prociscava-plazmaferezom\/","url":"https:\/\/radioljubuski.ba\/index.php\/2022\/03\/09\/u-skb-u-mostar-najtezim-bolesnicima-krv-se-prociscava-plazmaferezom\/","name":"U SKB-u Mostar najte\u017eim bolesnicima krv se 'pro\u010di\u0161\u0107ava' plazmaferezom - RADIO LJUBU\u0160KI","isPartOf":{"@id":"https:\/\/radioljubuski.ba\/#website"},"primaryImageOfPage":{"@id":"https:\/\/radioljubuski.ba\/index.php\/2022\/03\/09\/u-skb-u-mostar-najtezim-bolesnicima-krv-se-prociscava-plazmaferezom\/#primaryimage"},"image":{"@id":"https:\/\/radioljubuski.ba\/index.php\/2022\/03\/09\/u-skb-u-mostar-najtezim-bolesnicima-krv-se-prociscava-plazmaferezom\/#primaryimage"},"thumbnailUrl":"https:\/\/radioljubuski.ba\/wp-content\/uploads\/2022\/03\/8-2022-03-09-10-07-18-SKB-MOSTAR.jpeg","datePublished":"2022-03-09T11:10:11+00:00","dateModified":"2022-03-09T11:10:13+00:00","breadcrumb":{"@id":"https:\/\/radioljubuski.ba\/index.php\/2022\/03\/09\/u-skb-u-mostar-najtezim-bolesnicima-krv-se-prociscava-plazmaferezom\/#breadcrumb"},"inLanguage":"hr","potentialAction":[{"@type":"ReadAction","target":["https:\/\/radioljubuski.ba\/index.php\/2022\/03\/09\/u-skb-u-mostar-najtezim-bolesnicima-krv-se-prociscava-plazmaferezom\/"]}]},{"@type":"ImageObject","inLanguage":"hr","@id":"https:\/\/radioljubuski.ba\/index.php\/2022\/03\/09\/u-skb-u-mostar-najtezim-bolesnicima-krv-se-prociscava-plazmaferezom\/#primaryimage","url":"https:\/\/radioljubuski.ba\/wp-content\/uploads\/2022\/03\/8-2022-03-09-10-07-18-SKB-MOSTAR.jpeg","contentUrl":"https:\/\/radioljubuski.ba\/wp-content\/uploads\/2022\/03\/8-2022-03-09-10-07-18-SKB-MOSTAR.jpeg","width":1000,"height":625},{"@type":"BreadcrumbList","@id":"https:\/\/radioljubuski.ba\/index.php\/2022\/03\/09\/u-skb-u-mostar-najtezim-bolesnicima-krv-se-prociscava-plazmaferezom\/#breadcrumb","itemListElement":[{"@type":"ListItem","position":1,"name":"Po\u010detna stranica","item":"https:\/\/radioljubuski.ba\/"},{"@type":"ListItem","position":2,"name":"U SKB-u Mostar najte\u017eim bolesnicima krv se &#8216;pro\u010di\u0161\u0107ava&#8217; plazmaferezom"}]},{"@type":"WebSite","@id":"https:\/\/radioljubuski.ba\/#website","url":"https:\/\/radioljubuski.ba\/","name":"Radio Ljubu\u0161ki","description":"Sun\u010dana frekvencija Hercegovine","publisher":{"@id":"https:\/\/radioljubuski.ba\/#organization"},"potentialAction":[{"@type":"SearchAction","target":{"@type":"EntryPoint","urlTemplate":"https:\/\/radioljubuski.ba\/?s={search_term_string}"},"query-input":{"@type":"PropertyValueSpecification","valueRequired":true,"valueName":"search_term_string"}}],"inLanguage":"hr"},{"@type":"Organization","@id":"https:\/\/radioljubuski.ba\/#organization","name":"Radio Ljubu\u0161ki","url":"https:\/\/radioljubuski.ba\/","logo":{"@type":"ImageObject","inLanguage":"hr","@id":"https:\/\/radioljubuski.ba\/#\/schema\/logo\/image\/","url":"https:\/\/radioljubuski.ba\/wp-content\/uploads\/2021\/02\/cropped-Radio_Ljubuski_logo1.jpg","contentUrl":"https:\/\/radioljubuski.ba\/wp-content\/uploads\/2021\/02\/cropped-Radio_Ljubuski_logo1.jpg","width":512,"height":512,"caption":"Radio Ljubu\u0161ki"},"image":{"@id":"https:\/\/radioljubuski.ba\/#\/schema\/logo\/image\/"},"sameAs":["https:\/\/www.facebook.com\/Radiio-Ljubuski-1490835324566332","https:\/\/x.com\/radioljubuski","https:\/\/hr.linkedin.com\/company\/radio-ljubuski","https:\/\/www.youtube.com\/channel\/UCHYaeO_n0Db3tjNGudGpXyw"]},{"@type":"Person","@id":"https:\/\/radioljubuski.ba\/#\/schema\/person\/19fc700381a780f69665d7956c469e3b","name":"Radio Ljubu\u0161ki"}]}},"_links":{"self":[{"href":"https:\/\/radioljubuski.ba\/index.php\/wp-json\/wp\/v2\/posts\/119554","targetHints":{"allow":["GET"]}}],"collection":[{"href":"https:\/\/radioljubuski.ba\/index.php\/wp-json\/wp\/v2\/posts"}],"about":[{"href":"https:\/\/radioljubuski.ba\/index.php\/wp-json\/wp\/v2\/types\/post"}],"author":[{"embeddable":true,"href":"https:\/\/radioljubuski.ba\/index.php\/wp-json\/wp\/v2\/users\/2"}],"replies":[{"embeddable":true,"href":"https:\/\/radioljubuski.ba\/index.php\/wp-json\/wp\/v2\/comments?post=119554"}],"version-history":[{"count":1,"href":"https:\/\/radioljubuski.ba\/index.php\/wp-json\/wp\/v2\/posts\/119554\/revisions"}],"predecessor-version":[{"id":119556,"href":"https:\/\/radioljubuski.ba\/index.php\/wp-json\/wp\/v2\/posts\/119554\/revisions\/119556"}],"wp:featuredmedia":[{"embeddable":true,"href":"https:\/\/radioljubuski.ba\/index.php\/wp-json\/wp\/v2\/media\/119555"}],"wp:attachment":[{"href":"https:\/\/radioljubuski.ba\/index.php\/wp-json\/wp\/v2\/media?parent=119554"}],"wp:term":[{"taxonomy":"category","embeddable":true,"href":"https:\/\/radioljubuski.ba\/index.php\/wp-json\/wp\/v2\/categories?post=119554"},{"taxonomy":"post_tag","embeddable":true,"href":"https:\/\/radioljubuski.ba\/index.php\/wp-json\/wp\/v2\/tags?post=119554"}],"curies":[{"name":"wp","href":"https:\/\/api.w.org\/{rel}","templated":true}]}}