{"id":119568,"date":"2022-03-09T12:51:51","date_gmt":"2022-03-09T11:51:51","guid":{"rendered":"https:\/\/radioljubuski.ba\/?p=119568"},"modified":"2022-03-09T12:51:52","modified_gmt":"2022-03-09T11:51:52","slug":"crveni-kriz-citluk-evo-kako-mozete-pomoci-izbjeglicama-iz-ukrajine-i-sto-donijeti","status":"publish","type":"post","link":"https:\/\/radioljubuski.ba\/index.php\/2022\/03\/09\/crveni-kriz-citluk-evo-kako-mozete-pomoci-izbjeglicama-iz-ukrajine-i-sto-donijeti\/","title":{"rendered":"Crveni kri\u017e \u010citluk: Evo kako mo\u017eete pomo\u0107i izbjeglicama iz Ukrajine i \u0161to donijeti"},"content":{"rendered":"\n<p>Crveni kri\u017e \u010citluk otvorio je apel \u201cPomozimo izbjeglicama iz Ukrajine\u201c, a pomo\u0107 \u0107e biti prikupljena i distribuirana putem volontera Crvenoga kri\u017ea \u010citluk.<\/p>\n\n\n\n<p>Uz pomo\u0107 prikupljenih sredstava Crveni kri\u017e \u010citluk osigurat \u0107e za izbjeglice hranu, vodu, higijenske potrep\u0161tine te setove za prvu pomo\u0107.<\/p>\n\n\n\n<p>Tako\u0111er, dio sredstava bit \u0107e utro\u0161en za tro\u0161kove distribucije humanitarne pomo\u0107i, kao i za aktivnosti interventnih timova \u2013 volontera koje \u0107e Crveni kri\u017e \u010citluk poslati na podru\u010dja gdje se nalaze izbjeglice.<\/p>\n\n\n\n<p>Crveni kri\u017e \u010citluk prikuplja materijalne donacije.<\/p>\n\n\n\n<p>Popis artikala koje prikupljamo:<\/p>\n\n\n\n<p><br>\u2013 Tost\/dvopek<br>\u2013 Zobne pahuljice<br>\u2013 \u010cokolino<br>\u2013 Ulje<br>\u2013 \u0160e\u0107er<br>\u2013 Sol<br>\u2013 Tjestenina<br>\u2013 Ri\u017ea<br>\u2013 Grah<br>\u2013 Mlijeko<br>\u2013 Sokovi<br>\u2013 Krumpir<br>\u2013 Sir u listi\u0107ima<br>\u2013 Riblje konzerve<br>\u2013 Razne pa\u0161tete<br>\u2013 Marmelade<br>\u2013 Datulje\/gro\u017e\u0111ice<br>\u2013 Slatki\u0161i\/grickalice<br>\u2013 Dje\u010dja hrana \u2013 ka\u0161ice u staklenkama i formule za mije\u0161anje s vodom<br>\u2013 Suhi keksi \u2013 mini pakiranje<br>\u2013 Deterd\u017eent za robu<br>\u2013 Deterd\u017eent za su\u0111e<br>\u2013 \u0160ampon za kosu<br>\u2013 Pasta za zube<br>\u2013 Mini sapun<br>\u2013 Maramice za dezinfekciju bez alkohola<br>\u2013 Dje\u010dje pelene u razli\u010ditim veli\u010dinama<br>\u2013 Higijenski ulo\u0161ci<br>\u2013 Papirni ubrusi za ruke<br>\u2013 Toaletni papir<\/p>\n\n\n\n<p>Gra\u0111ani mogu donacije donijeti u Hotel International Me\u0111ugorje (preko puta crkve sv. Jakova u Me\u0111ugorju) od 10 do 16 sati.<\/p>\n\n\n\n<p>Sva tvrtke, udruge, zaklade kao i gra\u0111ani koji mogu i \u017eele nov\u010dano pomo\u0107i izbjeglicama iz Ukrajine, sredstva mogu donirati i na sljede\u0107e na\u010dine: Uplatom na \u017eiro ra\u010dune Crvenog kri\u017ea \u010citluk;<\/p>\n\n\n\n<p>Adresa:Kralja Tomislava 85, 88260 \u010citluk<\/p>\n\n\n\n<p>Svrha: Pomo\u0107 izbjeglicama i stanovni\u0161tvu iz Ukrajine<\/p>\n\n\n\n<p>i<\/p>\n\n\n\n<p>Donacijama putem poziva na telefonski broj \u2026. (u statusu rje\u0161avana broja s ERONETOM) \u2013 PDV je uklju\u010den)<\/p>\n\n\n\n<p>Mole se gra\u0111ani da zasad ne donose odje\u0107u i obu\u0107u.<\/p>\n\n\n\n<p>Izvor:brotnjo.info<\/p>\n","protected":false},"excerpt":{"rendered":"<p>Crveni kri\u017e \u010citluk otvorio je apel \u201cPomozimo izbjeglicama iz Ukrajine\u201c, a pomo\u0107 \u0107e biti prikupljena i distribuirana putem volontera Crvenoga kri\u017ea \u010citluk. Uz pomo\u0107 prikupljenih sredstava Crveni kri\u017e \u010citluk osigurat \u0107e za izbjeglice hranu, vodu, higijenske potrep\u0161tine te setove za prvu pomo\u0107. Tako\u0111er, dio sredstava bit \u0107e utro\u0161en za tro\u0161kove distribucije humanitarne pomo\u0107i, kao i [&hellip;]<\/p>\n","protected":false},"author":2,"featured_media":119569,"comment_status":"closed","ping_status":"closed","sticky":false,"template":"","format":"standard","meta":{"h5ap_radio_sources":[],"footnotes":""},"categories":[1],"tags":[],"class_list":["post-119568","post","type-post","status-publish","format-standard","has-post-thumbnail","hentry","category-bihiregija"],"yoast_head":"<!-- This site is optimized with the Yoast SEO plugin v27.5 - https:\/\/yoast.com\/product\/yoast-seo-wordpress\/ -->\n<title>Crveni kri\u017e \u010citluk: Evo kako mo\u017eete pomo\u0107i izbjeglicama iz Ukrajine i \u0161to donijeti - RADIO LJUBU\u0160KI<\/title>\n<meta name=\"robots\" content=\"index, follow, max-snippet:-1, max-image-preview:large, max-video-preview:-1\" \/>\n<link rel=\"canonical\" href=\"https:\/\/radioljubuski.ba\/index.php\/2022\/03\/09\/crveni-kriz-citluk-evo-kako-mozete-pomoci-izbjeglicama-iz-ukrajine-i-sto-donijeti\/\" \/>\n<meta property=\"og:locale\" content=\"hr_HR\" \/>\n<meta property=\"og:type\" content=\"article\" \/>\n<meta property=\"og:title\" content=\"Crveni kri\u017e \u010citluk: Evo kako mo\u017eete pomo\u0107i izbjeglicama iz Ukrajine i \u0161to donijeti - RADIO LJUBU\u0160KI\" \/>\n<meta property=\"og:description\" content=\"Crveni kri\u017e \u010citluk otvorio je apel \u201cPomozimo izbjeglicama iz Ukrajine\u201c, a pomo\u0107 \u0107e biti prikupljena i distribuirana putem volontera Crvenoga kri\u017ea \u010citluk. Uz pomo\u0107 prikupljenih sredstava Crveni kri\u017e \u010citluk osigurat \u0107e za izbjeglice hranu, vodu, higijenske potrep\u0161tine te setove za prvu pomo\u0107. Tako\u0111er, dio sredstava bit \u0107e utro\u0161en za tro\u0161kove distribucije humanitarne pomo\u0107i, kao i [&hellip;]\" \/>\n<meta property=\"og:url\" content=\"https:\/\/radioljubuski.ba\/index.php\/2022\/03\/09\/crveni-kriz-citluk-evo-kako-mozete-pomoci-izbjeglicama-iz-ukrajine-i-sto-donijeti\/\" \/>\n<meta property=\"og:site_name\" content=\"RADIO LJUBU\u0160KI\" \/>\n<meta property=\"article:publisher\" content=\"https:\/\/www.facebook.com\/Radiio-Ljubuski-1490835324566332\" \/>\n<meta property=\"article:published_time\" content=\"2022-03-09T11:51:51+00:00\" \/>\n<meta property=\"article:modified_time\" content=\"2022-03-09T11:51:52+00:00\" \/>\n<meta property=\"og:image\" content=\"https:\/\/radioljubuski.ba\/wp-content\/uploads\/2022\/03\/8-2022-03-03-07-14-59-IZBJEGLICE-UKRAJINA-1.jpg\" \/>\n\t<meta property=\"og:image:width\" content=\"1000\" \/>\n\t<meta property=\"og:image:height\" content=\"625\" \/>\n\t<meta property=\"og:image:type\" content=\"image\/jpeg\" \/>\n<meta name=\"author\" content=\"Radio Ljubu\u0161ki\" \/>\n<meta name=\"twitter:card\" content=\"summary_large_image\" \/>\n<meta name=\"twitter:creator\" content=\"@radioljubuski\" \/>\n<meta name=\"twitter:site\" content=\"@radioljubuski\" \/>\n<meta name=\"twitter:label1\" content=\"Napisao\/la\" \/>\n\t<meta name=\"twitter:data1\" content=\"Radio Ljubu\u0161ki\" \/>\n\t<meta name=\"twitter:label2\" content=\"Procijenjeno vrijeme \u010ditanja\" \/>\n\t<meta name=\"twitter:data2\" content=\"2 minute\" \/>\n<script type=\"application\/ld+json\" class=\"yoast-schema-graph\">{\"@context\":\"https:\\\/\\\/schema.org\",\"@graph\":[{\"@type\":\"Article\",\"@id\":\"https:\\\/\\\/radioljubuski.ba\\\/index.php\\\/2022\\\/03\\\/09\\\/crveni-kriz-citluk-evo-kako-mozete-pomoci-izbjeglicama-iz-ukrajine-i-sto-donijeti\\\/#article\",\"isPartOf\":{\"@id\":\"https:\\\/\\\/radioljubuski.ba\\\/index.php\\\/2022\\\/03\\\/09\\\/crveni-kriz-citluk-evo-kako-mozete-pomoci-izbjeglicama-iz-ukrajine-i-sto-donijeti\\\/\"},\"author\":{\"name\":\"Radio Ljubu\u0161ki\",\"@id\":\"https:\\\/\\\/radioljubuski.ba\\\/#\\\/schema\\\/person\\\/19fc700381a780f69665d7956c469e3b\"},\"headline\":\"Crveni kri\u017e \u010citluk: Evo kako mo\u017eete pomo\u0107i izbjeglicama iz Ukrajine i \u0161to donijeti\",\"datePublished\":\"2022-03-09T11:51:51+00:00\",\"dateModified\":\"2022-03-09T11:51:52+00:00\",\"mainEntityOfPage\":{\"@id\":\"https:\\\/\\\/radioljubuski.ba\\\/index.php\\\/2022\\\/03\\\/09\\\/crveni-kriz-citluk-evo-kako-mozete-pomoci-izbjeglicama-iz-ukrajine-i-sto-donijeti\\\/\"},\"wordCount\":297,\"publisher\":{\"@id\":\"https:\\\/\\\/radioljubuski.ba\\\/#organization\"},\"image\":{\"@id\":\"https:\\\/\\\/radioljubuski.ba\\\/index.php\\\/2022\\\/03\\\/09\\\/crveni-kriz-citluk-evo-kako-mozete-pomoci-izbjeglicama-iz-ukrajine-i-sto-donijeti\\\/#primaryimage\"},\"thumbnailUrl\":\"https:\\\/\\\/radioljubuski.ba\\\/wp-content\\\/uploads\\\/2022\\\/03\\\/8-2022-03-03-07-14-59-IZBJEGLICE-UKRAJINA-1.jpg\",\"articleSection\":[\"BIH i regija\"],\"inLanguage\":\"hr\"},{\"@type\":\"WebPage\",\"@id\":\"https:\\\/\\\/radioljubuski.ba\\\/index.php\\\/2022\\\/03\\\/09\\\/crveni-kriz-citluk-evo-kako-mozete-pomoci-izbjeglicama-iz-ukrajine-i-sto-donijeti\\\/\",\"url\":\"https:\\\/\\\/radioljubuski.ba\\\/index.php\\\/2022\\\/03\\\/09\\\/crveni-kriz-citluk-evo-kako-mozete-pomoci-izbjeglicama-iz-ukrajine-i-sto-donijeti\\\/\",\"name\":\"Crveni kri\u017e \u010citluk: Evo kako mo\u017eete pomo\u0107i izbjeglicama iz Ukrajine i \u0161to donijeti - RADIO LJUBU\u0160KI\",\"isPartOf\":{\"@id\":\"https:\\\/\\\/radioljubuski.ba\\\/#website\"},\"primaryImageOfPage\":{\"@id\":\"https:\\\/\\\/radioljubuski.ba\\\/index.php\\\/2022\\\/03\\\/09\\\/crveni-kriz-citluk-evo-kako-mozete-pomoci-izbjeglicama-iz-ukrajine-i-sto-donijeti\\\/#primaryimage\"},\"image\":{\"@id\":\"https:\\\/\\\/radioljubuski.ba\\\/index.php\\\/2022\\\/03\\\/09\\\/crveni-kriz-citluk-evo-kako-mozete-pomoci-izbjeglicama-iz-ukrajine-i-sto-donijeti\\\/#primaryimage\"},\"thumbnailUrl\":\"https:\\\/\\\/radioljubuski.ba\\\/wp-content\\\/uploads\\\/2022\\\/03\\\/8-2022-03-03-07-14-59-IZBJEGLICE-UKRAJINA-1.jpg\",\"datePublished\":\"2022-03-09T11:51:51+00:00\",\"dateModified\":\"2022-03-09T11:51:52+00:00\",\"breadcrumb\":{\"@id\":\"https:\\\/\\\/radioljubuski.ba\\\/index.php\\\/2022\\\/03\\\/09\\\/crveni-kriz-citluk-evo-kako-mozete-pomoci-izbjeglicama-iz-ukrajine-i-sto-donijeti\\\/#breadcrumb\"},\"inLanguage\":\"hr\",\"potentialAction\":[{\"@type\":\"ReadAction\",\"target\":[\"https:\\\/\\\/radioljubuski.ba\\\/index.php\\\/2022\\\/03\\\/09\\\/crveni-kriz-citluk-evo-kako-mozete-pomoci-izbjeglicama-iz-ukrajine-i-sto-donijeti\\\/\"]}]},{\"@type\":\"ImageObject\",\"inLanguage\":\"hr\",\"@id\":\"https:\\\/\\\/radioljubuski.ba\\\/index.php\\\/2022\\\/03\\\/09\\\/crveni-kriz-citluk-evo-kako-mozete-pomoci-izbjeglicama-iz-ukrajine-i-sto-donijeti\\\/#primaryimage\",\"url\":\"https:\\\/\\\/radioljubuski.ba\\\/wp-content\\\/uploads\\\/2022\\\/03\\\/8-2022-03-03-07-14-59-IZBJEGLICE-UKRAJINA-1.jpg\",\"contentUrl\":\"https:\\\/\\\/radioljubuski.ba\\\/wp-content\\\/uploads\\\/2022\\\/03\\\/8-2022-03-03-07-14-59-IZBJEGLICE-UKRAJINA-1.jpg\",\"width\":1000,\"height\":625},{\"@type\":\"BreadcrumbList\",\"@id\":\"https:\\\/\\\/radioljubuski.ba\\\/index.php\\\/2022\\\/03\\\/09\\\/crveni-kriz-citluk-evo-kako-mozete-pomoci-izbjeglicama-iz-ukrajine-i-sto-donijeti\\\/#breadcrumb\",\"itemListElement\":[{\"@type\":\"ListItem\",\"position\":1,\"name\":\"Po\u010detna stranica\",\"item\":\"https:\\\/\\\/radioljubuski.ba\\\/\"},{\"@type\":\"ListItem\",\"position\":2,\"name\":\"Crveni kri\u017e \u010citluk: Evo kako mo\u017eete pomo\u0107i izbjeglicama iz Ukrajine i \u0161to donijeti\"}]},{\"@type\":\"WebSite\",\"@id\":\"https:\\\/\\\/radioljubuski.ba\\\/#website\",\"url\":\"https:\\\/\\\/radioljubuski.ba\\\/\",\"name\":\"Radio Ljubu\u0161ki\",\"description\":\"Sun\u010dana frekvencija Hercegovine\",\"publisher\":{\"@id\":\"https:\\\/\\\/radioljubuski.ba\\\/#organization\"},\"potentialAction\":[{\"@type\":\"SearchAction\",\"target\":{\"@type\":\"EntryPoint\",\"urlTemplate\":\"https:\\\/\\\/radioljubuski.ba\\\/?s={search_term_string}\"},\"query-input\":{\"@type\":\"PropertyValueSpecification\",\"valueRequired\":true,\"valueName\":\"search_term_string\"}}],\"inLanguage\":\"hr\"},{\"@type\":\"Organization\",\"@id\":\"https:\\\/\\\/radioljubuski.ba\\\/#organization\",\"name\":\"Radio Ljubu\u0161ki\",\"url\":\"https:\\\/\\\/radioljubuski.ba\\\/\",\"logo\":{\"@type\":\"ImageObject\",\"inLanguage\":\"hr\",\"@id\":\"https:\\\/\\\/radioljubuski.ba\\\/#\\\/schema\\\/logo\\\/image\\\/\",\"url\":\"https:\\\/\\\/radioljubuski.ba\\\/wp-content\\\/uploads\\\/2021\\\/02\\\/cropped-Radio_Ljubuski_logo1.jpg\",\"contentUrl\":\"https:\\\/\\\/radioljubuski.ba\\\/wp-content\\\/uploads\\\/2021\\\/02\\\/cropped-Radio_Ljubuski_logo1.jpg\",\"width\":512,\"height\":512,\"caption\":\"Radio Ljubu\u0161ki\"},\"image\":{\"@id\":\"https:\\\/\\\/radioljubuski.ba\\\/#\\\/schema\\\/logo\\\/image\\\/\"},\"sameAs\":[\"https:\\\/\\\/www.facebook.com\\\/Radiio-Ljubuski-1490835324566332\",\"https:\\\/\\\/x.com\\\/radioljubuski\",\"https:\\\/\\\/hr.linkedin.com\\\/company\\\/radio-ljubuski\",\"https:\\\/\\\/www.youtube.com\\\/channel\\\/UCHYaeO_n0Db3tjNGudGpXyw\"]},{\"@type\":\"Person\",\"@id\":\"https:\\\/\\\/radioljubuski.ba\\\/#\\\/schema\\\/person\\\/19fc700381a780f69665d7956c469e3b\",\"name\":\"Radio Ljubu\u0161ki\"}]}<\/script>\n<!-- \/ Yoast SEO plugin. -->","yoast_head_json":{"title":"Crveni kri\u017e \u010citluk: Evo kako mo\u017eete pomo\u0107i izbjeglicama iz Ukrajine i \u0161to donijeti - RADIO LJUBU\u0160KI","robots":{"index":"index","follow":"follow","max-snippet":"max-snippet:-1","max-image-preview":"max-image-preview:large","max-video-preview":"max-video-preview:-1"},"canonical":"https:\/\/radioljubuski.ba\/index.php\/2022\/03\/09\/crveni-kriz-citluk-evo-kako-mozete-pomoci-izbjeglicama-iz-ukrajine-i-sto-donijeti\/","og_locale":"hr_HR","og_type":"article","og_title":"Crveni kri\u017e \u010citluk: Evo kako mo\u017eete pomo\u0107i izbjeglicama iz Ukrajine i \u0161to donijeti - RADIO LJUBU\u0160KI","og_description":"Crveni kri\u017e \u010citluk otvorio je apel \u201cPomozimo izbjeglicama iz Ukrajine\u201c, a pomo\u0107 \u0107e biti prikupljena i distribuirana putem volontera Crvenoga kri\u017ea \u010citluk. Uz pomo\u0107 prikupljenih sredstava Crveni kri\u017e \u010citluk osigurat \u0107e za izbjeglice hranu, vodu, higijenske potrep\u0161tine te setove za prvu pomo\u0107. Tako\u0111er, dio sredstava bit \u0107e utro\u0161en za tro\u0161kove distribucije humanitarne pomo\u0107i, kao i [&hellip;]","og_url":"https:\/\/radioljubuski.ba\/index.php\/2022\/03\/09\/crveni-kriz-citluk-evo-kako-mozete-pomoci-izbjeglicama-iz-ukrajine-i-sto-donijeti\/","og_site_name":"RADIO LJUBU\u0160KI","article_publisher":"https:\/\/www.facebook.com\/Radiio-Ljubuski-1490835324566332","article_published_time":"2022-03-09T11:51:51+00:00","article_modified_time":"2022-03-09T11:51:52+00:00","og_image":[{"width":1000,"height":625,"url":"https:\/\/radioljubuski.ba\/wp-content\/uploads\/2022\/03\/8-2022-03-03-07-14-59-IZBJEGLICE-UKRAJINA-1.jpg","type":"image\/jpeg"}],"author":"Radio Ljubu\u0161ki","twitter_card":"summary_large_image","twitter_creator":"@radioljubuski","twitter_site":"@radioljubuski","twitter_misc":{"Napisao\/la":"Radio Ljubu\u0161ki","Procijenjeno vrijeme \u010ditanja":"2 minute"},"schema":{"@context":"https:\/\/schema.org","@graph":[{"@type":"Article","@id":"https:\/\/radioljubuski.ba\/index.php\/2022\/03\/09\/crveni-kriz-citluk-evo-kako-mozete-pomoci-izbjeglicama-iz-ukrajine-i-sto-donijeti\/#article","isPartOf":{"@id":"https:\/\/radioljubuski.ba\/index.php\/2022\/03\/09\/crveni-kriz-citluk-evo-kako-mozete-pomoci-izbjeglicama-iz-ukrajine-i-sto-donijeti\/"},"author":{"name":"Radio Ljubu\u0161ki","@id":"https:\/\/radioljubuski.ba\/#\/schema\/person\/19fc700381a780f69665d7956c469e3b"},"headline":"Crveni kri\u017e \u010citluk: Evo kako mo\u017eete pomo\u0107i izbjeglicama iz Ukrajine i \u0161to donijeti","datePublished":"2022-03-09T11:51:51+00:00","dateModified":"2022-03-09T11:51:52+00:00","mainEntityOfPage":{"@id":"https:\/\/radioljubuski.ba\/index.php\/2022\/03\/09\/crveni-kriz-citluk-evo-kako-mozete-pomoci-izbjeglicama-iz-ukrajine-i-sto-donijeti\/"},"wordCount":297,"publisher":{"@id":"https:\/\/radioljubuski.ba\/#organization"},"image":{"@id":"https:\/\/radioljubuski.ba\/index.php\/2022\/03\/09\/crveni-kriz-citluk-evo-kako-mozete-pomoci-izbjeglicama-iz-ukrajine-i-sto-donijeti\/#primaryimage"},"thumbnailUrl":"https:\/\/radioljubuski.ba\/wp-content\/uploads\/2022\/03\/8-2022-03-03-07-14-59-IZBJEGLICE-UKRAJINA-1.jpg","articleSection":["BIH i regija"],"inLanguage":"hr"},{"@type":"WebPage","@id":"https:\/\/radioljubuski.ba\/index.php\/2022\/03\/09\/crveni-kriz-citluk-evo-kako-mozete-pomoci-izbjeglicama-iz-ukrajine-i-sto-donijeti\/","url":"https:\/\/radioljubuski.ba\/index.php\/2022\/03\/09\/crveni-kriz-citluk-evo-kako-mozete-pomoci-izbjeglicama-iz-ukrajine-i-sto-donijeti\/","name":"Crveni kri\u017e \u010citluk: Evo kako mo\u017eete pomo\u0107i izbjeglicama iz Ukrajine i \u0161to donijeti - RADIO LJUBU\u0160KI","isPartOf":{"@id":"https:\/\/radioljubuski.ba\/#website"},"primaryImageOfPage":{"@id":"https:\/\/radioljubuski.ba\/index.php\/2022\/03\/09\/crveni-kriz-citluk-evo-kako-mozete-pomoci-izbjeglicama-iz-ukrajine-i-sto-donijeti\/#primaryimage"},"image":{"@id":"https:\/\/radioljubuski.ba\/index.php\/2022\/03\/09\/crveni-kriz-citluk-evo-kako-mozete-pomoci-izbjeglicama-iz-ukrajine-i-sto-donijeti\/#primaryimage"},"thumbnailUrl":"https:\/\/radioljubuski.ba\/wp-content\/uploads\/2022\/03\/8-2022-03-03-07-14-59-IZBJEGLICE-UKRAJINA-1.jpg","datePublished":"2022-03-09T11:51:51+00:00","dateModified":"2022-03-09T11:51:52+00:00","breadcrumb":{"@id":"https:\/\/radioljubuski.ba\/index.php\/2022\/03\/09\/crveni-kriz-citluk-evo-kako-mozete-pomoci-izbjeglicama-iz-ukrajine-i-sto-donijeti\/#breadcrumb"},"inLanguage":"hr","potentialAction":[{"@type":"ReadAction","target":["https:\/\/radioljubuski.ba\/index.php\/2022\/03\/09\/crveni-kriz-citluk-evo-kako-mozete-pomoci-izbjeglicama-iz-ukrajine-i-sto-donijeti\/"]}]},{"@type":"ImageObject","inLanguage":"hr","@id":"https:\/\/radioljubuski.ba\/index.php\/2022\/03\/09\/crveni-kriz-citluk-evo-kako-mozete-pomoci-izbjeglicama-iz-ukrajine-i-sto-donijeti\/#primaryimage","url":"https:\/\/radioljubuski.ba\/wp-content\/uploads\/2022\/03\/8-2022-03-03-07-14-59-IZBJEGLICE-UKRAJINA-1.jpg","contentUrl":"https:\/\/radioljubuski.ba\/wp-content\/uploads\/2022\/03\/8-2022-03-03-07-14-59-IZBJEGLICE-UKRAJINA-1.jpg","width":1000,"height":625},{"@type":"BreadcrumbList","@id":"https:\/\/radioljubuski.ba\/index.php\/2022\/03\/09\/crveni-kriz-citluk-evo-kako-mozete-pomoci-izbjeglicama-iz-ukrajine-i-sto-donijeti\/#breadcrumb","itemListElement":[{"@type":"ListItem","position":1,"name":"Po\u010detna stranica","item":"https:\/\/radioljubuski.ba\/"},{"@type":"ListItem","position":2,"name":"Crveni kri\u017e \u010citluk: Evo kako mo\u017eete pomo\u0107i izbjeglicama iz Ukrajine i \u0161to donijeti"}]},{"@type":"WebSite","@id":"https:\/\/radioljubuski.ba\/#website","url":"https:\/\/radioljubuski.ba\/","name":"Radio Ljubu\u0161ki","description":"Sun\u010dana frekvencija Hercegovine","publisher":{"@id":"https:\/\/radioljubuski.ba\/#organization"},"potentialAction":[{"@type":"SearchAction","target":{"@type":"EntryPoint","urlTemplate":"https:\/\/radioljubuski.ba\/?s={search_term_string}"},"query-input":{"@type":"PropertyValueSpecification","valueRequired":true,"valueName":"search_term_string"}}],"inLanguage":"hr"},{"@type":"Organization","@id":"https:\/\/radioljubuski.ba\/#organization","name":"Radio Ljubu\u0161ki","url":"https:\/\/radioljubuski.ba\/","logo":{"@type":"ImageObject","inLanguage":"hr","@id":"https:\/\/radioljubuski.ba\/#\/schema\/logo\/image\/","url":"https:\/\/radioljubuski.ba\/wp-content\/uploads\/2021\/02\/cropped-Radio_Ljubuski_logo1.jpg","contentUrl":"https:\/\/radioljubuski.ba\/wp-content\/uploads\/2021\/02\/cropped-Radio_Ljubuski_logo1.jpg","width":512,"height":512,"caption":"Radio Ljubu\u0161ki"},"image":{"@id":"https:\/\/radioljubuski.ba\/#\/schema\/logo\/image\/"},"sameAs":["https:\/\/www.facebook.com\/Radiio-Ljubuski-1490835324566332","https:\/\/x.com\/radioljubuski","https:\/\/hr.linkedin.com\/company\/radio-ljubuski","https:\/\/www.youtube.com\/channel\/UCHYaeO_n0Db3tjNGudGpXyw"]},{"@type":"Person","@id":"https:\/\/radioljubuski.ba\/#\/schema\/person\/19fc700381a780f69665d7956c469e3b","name":"Radio Ljubu\u0161ki"}]}},"_links":{"self":[{"href":"https:\/\/radioljubuski.ba\/index.php\/wp-json\/wp\/v2\/posts\/119568","targetHints":{"allow":["GET"]}}],"collection":[{"href":"https:\/\/radioljubuski.ba\/index.php\/wp-json\/wp\/v2\/posts"}],"about":[{"href":"https:\/\/radioljubuski.ba\/index.php\/wp-json\/wp\/v2\/types\/post"}],"author":[{"embeddable":true,"href":"https:\/\/radioljubuski.ba\/index.php\/wp-json\/wp\/v2\/users\/2"}],"replies":[{"embeddable":true,"href":"https:\/\/radioljubuski.ba\/index.php\/wp-json\/wp\/v2\/comments?post=119568"}],"version-history":[{"count":1,"href":"https:\/\/radioljubuski.ba\/index.php\/wp-json\/wp\/v2\/posts\/119568\/revisions"}],"predecessor-version":[{"id":119570,"href":"https:\/\/radioljubuski.ba\/index.php\/wp-json\/wp\/v2\/posts\/119568\/revisions\/119570"}],"wp:featuredmedia":[{"embeddable":true,"href":"https:\/\/radioljubuski.ba\/index.php\/wp-json\/wp\/v2\/media\/119569"}],"wp:attachment":[{"href":"https:\/\/radioljubuski.ba\/index.php\/wp-json\/wp\/v2\/media?parent=119568"}],"wp:term":[{"taxonomy":"category","embeddable":true,"href":"https:\/\/radioljubuski.ba\/index.php\/wp-json\/wp\/v2\/categories?post=119568"},{"taxonomy":"post_tag","embeddable":true,"href":"https:\/\/radioljubuski.ba\/index.php\/wp-json\/wp\/v2\/tags?post=119568"}],"curies":[{"name":"wp","href":"https:\/\/api.w.org\/{rel}","templated":true}]}}