{"id":119679,"date":"2022-03-09T17:50:51","date_gmt":"2022-03-09T16:50:51","guid":{"rendered":"https:\/\/radioljubuski.ba\/?p=119679"},"modified":"2022-03-09T17:50:52","modified_gmt":"2022-03-09T16:50:52","slug":"ukrajina-cernobil-ostao-bez-struje-radioaktivne-cestice-mogle-bi-zavrsiti-u-zraku","status":"publish","type":"post","link":"https:\/\/radioljubuski.ba\/index.php\/2022\/03\/09\/ukrajina-cernobil-ostao-bez-struje-radioaktivne-cestice-mogle-bi-zavrsiti-u-zraku\/","title":{"rendered":"Ukrajina: \u010cernobil ostao bez struje, radioaktivne \u010destice mogle bi zavr\u0161iti u zraku"},"content":{"rendered":"\n<p>Ruske snage su isklju\u010dile nuklearnu elektranu \u010cernobil iz nacionalne elektri\u010dne mre\u017ee, objavila je ukrajinska dr\u017eavna energetska kompanija Ukrenergo.<\/p>\n\n\n\n<p>Nuklearna elektrana \u010cernobil, koju su pro\u0161log tjedna zauzele ruske snage, sad je bez struje.&nbsp;<\/p>\n\n\n\n<p>&#8220;Zbog vojnih aktivnosti ruskih okupatora, nuklearna elektrana u \u010cernobili je potpuno isklju\u010dena iz elektri\u010dne mre\u017ee. Nuklearna elektrana je bez struje. Vojne akcije su u tijeku i zbog njih nema mogu\u0107nosti obnavljanja opskrbe strujom. I grad Slavutich je ostao bez struje&#8221;, navodi se u priop\u0107enju Ukrenerga.<\/p>\n\n\n\n<p>&#8220;Radioaktive \u010destice mogle bi zavr\u0161iti u zraku&#8221;<br>Obzirom da je \u010cernobil ostao bez elektri\u010dne energije, to bi moglo onemogu\u0107iti hla\u0111enje potro\u0161enog nuklearnog goriva i zbog toga postoji rizik da bi radioaktivne \u010destice mogle zavr\u0161iti u zraku, objavio je Ukrenergo.&nbsp;<\/p>\n\n\n\n<p>Ukrajinski ministar energetike Herman Halu\u0161enko danas je rekao da ukrajinske vlasti ne znaju kakve su razine radijacije oko nuklearne elektrane \u010cernobil jer nemaju podataka o tome \u0161to se tamo doga\u0111a otkad su nuklearku zauzele ruske snage, prenosi Index.hr.<\/p>\n\n\n\n<p>Izvor:index.hr<\/p>\n","protected":false},"excerpt":{"rendered":"<p>Ruske snage su isklju\u010dile nuklearnu elektranu \u010cernobil iz nacionalne elektri\u010dne mre\u017ee, objavila je ukrajinska dr\u017eavna energetska kompanija Ukrenergo. Nuklearna elektrana \u010cernobil, koju su pro\u0161log tjedna zauzele ruske snage, sad je bez struje.&nbsp; &#8220;Zbog vojnih aktivnosti ruskih okupatora, nuklearna elektrana u \u010cernobili je potpuno isklju\u010dena iz elektri\u010dne mre\u017ee. Nuklearna elektrana je bez struje. Vojne akcije su [&hellip;]<\/p>\n","protected":false},"author":2,"featured_media":119680,"comment_status":"closed","ping_status":"closed","sticky":false,"template":"","format":"standard","meta":{"h5ap_radio_sources":[],"footnotes":""},"categories":[1],"tags":[],"class_list":["post-119679","post","type-post","status-publish","format-standard","has-post-thumbnail","hentry","category-bihiregija"],"yoast_head":"<!-- This site is optimized with the Yoast SEO plugin v27.5 - https:\/\/yoast.com\/product\/yoast-seo-wordpress\/ -->\n<title>Ukrajina: \u010cernobil ostao bez struje, radioaktivne \u010destice mogle bi zavr\u0161iti u zraku - RADIO LJUBU\u0160KI<\/title>\n<meta name=\"robots\" content=\"index, follow, max-snippet:-1, max-image-preview:large, max-video-preview:-1\" \/>\n<link rel=\"canonical\" href=\"https:\/\/radioljubuski.ba\/index.php\/2022\/03\/09\/ukrajina-cernobil-ostao-bez-struje-radioaktivne-cestice-mogle-bi-zavrsiti-u-zraku\/\" \/>\n<meta property=\"og:locale\" content=\"hr_HR\" \/>\n<meta property=\"og:type\" content=\"article\" \/>\n<meta property=\"og:title\" content=\"Ukrajina: \u010cernobil ostao bez struje, radioaktivne \u010destice mogle bi zavr\u0161iti u zraku - RADIO LJUBU\u0160KI\" \/>\n<meta property=\"og:description\" content=\"Ruske snage su isklju\u010dile nuklearnu elektranu \u010cernobil iz nacionalne elektri\u010dne mre\u017ee, objavila je ukrajinska dr\u017eavna energetska kompanija Ukrenergo. Nuklearna elektrana \u010cernobil, koju su pro\u0161log tjedna zauzele ruske snage, sad je bez struje.&nbsp; &#8220;Zbog vojnih aktivnosti ruskih okupatora, nuklearna elektrana u \u010cernobili je potpuno isklju\u010dena iz elektri\u010dne mre\u017ee. Nuklearna elektrana je bez struje. Vojne akcije su [&hellip;]\" \/>\n<meta property=\"og:url\" content=\"https:\/\/radioljubuski.ba\/index.php\/2022\/03\/09\/ukrajina-cernobil-ostao-bez-struje-radioaktivne-cestice-mogle-bi-zavrsiti-u-zraku\/\" \/>\n<meta property=\"og:site_name\" content=\"RADIO LJUBU\u0160KI\" \/>\n<meta property=\"article:publisher\" content=\"https:\/\/www.facebook.com\/Radiio-Ljubuski-1490835324566332\" \/>\n<meta property=\"article:published_time\" content=\"2022-03-09T16:50:51+00:00\" \/>\n<meta property=\"article:modified_time\" content=\"2022-03-09T16:50:52+00:00\" \/>\n<meta property=\"og:image\" content=\"https:\/\/radioljubuski.ba\/wp-content\/uploads\/2022\/03\/7-2022-02-24-20-11-05-ukr-cernobil.jpg\" \/>\n\t<meta property=\"og:image:width\" content=\"1000\" \/>\n\t<meta property=\"og:image:height\" content=\"625\" \/>\n\t<meta property=\"og:image:type\" content=\"image\/jpeg\" \/>\n<meta name=\"author\" content=\"Radio Ljubu\u0161ki\" \/>\n<meta name=\"twitter:card\" content=\"summary_large_image\" \/>\n<meta name=\"twitter:creator\" content=\"@radioljubuski\" \/>\n<meta name=\"twitter:site\" content=\"@radioljubuski\" \/>\n<meta name=\"twitter:label1\" content=\"Napisao\/la\" \/>\n\t<meta name=\"twitter:data1\" content=\"Radio Ljubu\u0161ki\" \/>\n\t<meta name=\"twitter:label2\" content=\"Procijenjeno vrijeme \u010ditanja\" \/>\n\t<meta name=\"twitter:data2\" content=\"1 minuta\" \/>\n<script type=\"application\/ld+json\" class=\"yoast-schema-graph\">{\"@context\":\"https:\\\/\\\/schema.org\",\"@graph\":[{\"@type\":\"Article\",\"@id\":\"https:\\\/\\\/radioljubuski.ba\\\/index.php\\\/2022\\\/03\\\/09\\\/ukrajina-cernobil-ostao-bez-struje-radioaktivne-cestice-mogle-bi-zavrsiti-u-zraku\\\/#article\",\"isPartOf\":{\"@id\":\"https:\\\/\\\/radioljubuski.ba\\\/index.php\\\/2022\\\/03\\\/09\\\/ukrajina-cernobil-ostao-bez-struje-radioaktivne-cestice-mogle-bi-zavrsiti-u-zraku\\\/\"},\"author\":{\"name\":\"Radio Ljubu\u0161ki\",\"@id\":\"https:\\\/\\\/radioljubuski.ba\\\/#\\\/schema\\\/person\\\/19fc700381a780f69665d7956c469e3b\"},\"headline\":\"Ukrajina: \u010cernobil ostao bez struje, radioaktivne \u010destice mogle bi zavr\u0161iti u zraku\",\"datePublished\":\"2022-03-09T16:50:51+00:00\",\"dateModified\":\"2022-03-09T16:50:52+00:00\",\"mainEntityOfPage\":{\"@id\":\"https:\\\/\\\/radioljubuski.ba\\\/index.php\\\/2022\\\/03\\\/09\\\/ukrajina-cernobil-ostao-bez-struje-radioaktivne-cestice-mogle-bi-zavrsiti-u-zraku\\\/\"},\"wordCount\":191,\"publisher\":{\"@id\":\"https:\\\/\\\/radioljubuski.ba\\\/#organization\"},\"image\":{\"@id\":\"https:\\\/\\\/radioljubuski.ba\\\/index.php\\\/2022\\\/03\\\/09\\\/ukrajina-cernobil-ostao-bez-struje-radioaktivne-cestice-mogle-bi-zavrsiti-u-zraku\\\/#primaryimage\"},\"thumbnailUrl\":\"https:\\\/\\\/radioljubuski.ba\\\/wp-content\\\/uploads\\\/2022\\\/03\\\/7-2022-02-24-20-11-05-ukr-cernobil.jpg\",\"articleSection\":[\"BIH i regija\"],\"inLanguage\":\"hr\"},{\"@type\":\"WebPage\",\"@id\":\"https:\\\/\\\/radioljubuski.ba\\\/index.php\\\/2022\\\/03\\\/09\\\/ukrajina-cernobil-ostao-bez-struje-radioaktivne-cestice-mogle-bi-zavrsiti-u-zraku\\\/\",\"url\":\"https:\\\/\\\/radioljubuski.ba\\\/index.php\\\/2022\\\/03\\\/09\\\/ukrajina-cernobil-ostao-bez-struje-radioaktivne-cestice-mogle-bi-zavrsiti-u-zraku\\\/\",\"name\":\"Ukrajina: \u010cernobil ostao bez struje, radioaktivne \u010destice mogle bi zavr\u0161iti u zraku - RADIO LJUBU\u0160KI\",\"isPartOf\":{\"@id\":\"https:\\\/\\\/radioljubuski.ba\\\/#website\"},\"primaryImageOfPage\":{\"@id\":\"https:\\\/\\\/radioljubuski.ba\\\/index.php\\\/2022\\\/03\\\/09\\\/ukrajina-cernobil-ostao-bez-struje-radioaktivne-cestice-mogle-bi-zavrsiti-u-zraku\\\/#primaryimage\"},\"image\":{\"@id\":\"https:\\\/\\\/radioljubuski.ba\\\/index.php\\\/2022\\\/03\\\/09\\\/ukrajina-cernobil-ostao-bez-struje-radioaktivne-cestice-mogle-bi-zavrsiti-u-zraku\\\/#primaryimage\"},\"thumbnailUrl\":\"https:\\\/\\\/radioljubuski.ba\\\/wp-content\\\/uploads\\\/2022\\\/03\\\/7-2022-02-24-20-11-05-ukr-cernobil.jpg\",\"datePublished\":\"2022-03-09T16:50:51+00:00\",\"dateModified\":\"2022-03-09T16:50:52+00:00\",\"breadcrumb\":{\"@id\":\"https:\\\/\\\/radioljubuski.ba\\\/index.php\\\/2022\\\/03\\\/09\\\/ukrajina-cernobil-ostao-bez-struje-radioaktivne-cestice-mogle-bi-zavrsiti-u-zraku\\\/#breadcrumb\"},\"inLanguage\":\"hr\",\"potentialAction\":[{\"@type\":\"ReadAction\",\"target\":[\"https:\\\/\\\/radioljubuski.ba\\\/index.php\\\/2022\\\/03\\\/09\\\/ukrajina-cernobil-ostao-bez-struje-radioaktivne-cestice-mogle-bi-zavrsiti-u-zraku\\\/\"]}]},{\"@type\":\"ImageObject\",\"inLanguage\":\"hr\",\"@id\":\"https:\\\/\\\/radioljubuski.ba\\\/index.php\\\/2022\\\/03\\\/09\\\/ukrajina-cernobil-ostao-bez-struje-radioaktivne-cestice-mogle-bi-zavrsiti-u-zraku\\\/#primaryimage\",\"url\":\"https:\\\/\\\/radioljubuski.ba\\\/wp-content\\\/uploads\\\/2022\\\/03\\\/7-2022-02-24-20-11-05-ukr-cernobil.jpg\",\"contentUrl\":\"https:\\\/\\\/radioljubuski.ba\\\/wp-content\\\/uploads\\\/2022\\\/03\\\/7-2022-02-24-20-11-05-ukr-cernobil.jpg\",\"width\":1000,\"height\":625},{\"@type\":\"BreadcrumbList\",\"@id\":\"https:\\\/\\\/radioljubuski.ba\\\/index.php\\\/2022\\\/03\\\/09\\\/ukrajina-cernobil-ostao-bez-struje-radioaktivne-cestice-mogle-bi-zavrsiti-u-zraku\\\/#breadcrumb\",\"itemListElement\":[{\"@type\":\"ListItem\",\"position\":1,\"name\":\"Po\u010detna stranica\",\"item\":\"https:\\\/\\\/radioljubuski.ba\\\/\"},{\"@type\":\"ListItem\",\"position\":2,\"name\":\"Ukrajina: \u010cernobil ostao bez struje, radioaktivne \u010destice mogle bi zavr\u0161iti u zraku\"}]},{\"@type\":\"WebSite\",\"@id\":\"https:\\\/\\\/radioljubuski.ba\\\/#website\",\"url\":\"https:\\\/\\\/radioljubuski.ba\\\/\",\"name\":\"Radio Ljubu\u0161ki\",\"description\":\"Sun\u010dana frekvencija Hercegovine\",\"publisher\":{\"@id\":\"https:\\\/\\\/radioljubuski.ba\\\/#organization\"},\"potentialAction\":[{\"@type\":\"SearchAction\",\"target\":{\"@type\":\"EntryPoint\",\"urlTemplate\":\"https:\\\/\\\/radioljubuski.ba\\\/?s={search_term_string}\"},\"query-input\":{\"@type\":\"PropertyValueSpecification\",\"valueRequired\":true,\"valueName\":\"search_term_string\"}}],\"inLanguage\":\"hr\"},{\"@type\":\"Organization\",\"@id\":\"https:\\\/\\\/radioljubuski.ba\\\/#organization\",\"name\":\"Radio Ljubu\u0161ki\",\"url\":\"https:\\\/\\\/radioljubuski.ba\\\/\",\"logo\":{\"@type\":\"ImageObject\",\"inLanguage\":\"hr\",\"@id\":\"https:\\\/\\\/radioljubuski.ba\\\/#\\\/schema\\\/logo\\\/image\\\/\",\"url\":\"https:\\\/\\\/radioljubuski.ba\\\/wp-content\\\/uploads\\\/2021\\\/02\\\/cropped-Radio_Ljubuski_logo1.jpg\",\"contentUrl\":\"https:\\\/\\\/radioljubuski.ba\\\/wp-content\\\/uploads\\\/2021\\\/02\\\/cropped-Radio_Ljubuski_logo1.jpg\",\"width\":512,\"height\":512,\"caption\":\"Radio Ljubu\u0161ki\"},\"image\":{\"@id\":\"https:\\\/\\\/radioljubuski.ba\\\/#\\\/schema\\\/logo\\\/image\\\/\"},\"sameAs\":[\"https:\\\/\\\/www.facebook.com\\\/Radiio-Ljubuski-1490835324566332\",\"https:\\\/\\\/x.com\\\/radioljubuski\",\"https:\\\/\\\/hr.linkedin.com\\\/company\\\/radio-ljubuski\",\"https:\\\/\\\/www.youtube.com\\\/channel\\\/UCHYaeO_n0Db3tjNGudGpXyw\"]},{\"@type\":\"Person\",\"@id\":\"https:\\\/\\\/radioljubuski.ba\\\/#\\\/schema\\\/person\\\/19fc700381a780f69665d7956c469e3b\",\"name\":\"Radio Ljubu\u0161ki\"}]}<\/script>\n<!-- \/ Yoast SEO plugin. -->","yoast_head_json":{"title":"Ukrajina: \u010cernobil ostao bez struje, radioaktivne \u010destice mogle bi zavr\u0161iti u zraku - RADIO LJUBU\u0160KI","robots":{"index":"index","follow":"follow","max-snippet":"max-snippet:-1","max-image-preview":"max-image-preview:large","max-video-preview":"max-video-preview:-1"},"canonical":"https:\/\/radioljubuski.ba\/index.php\/2022\/03\/09\/ukrajina-cernobil-ostao-bez-struje-radioaktivne-cestice-mogle-bi-zavrsiti-u-zraku\/","og_locale":"hr_HR","og_type":"article","og_title":"Ukrajina: \u010cernobil ostao bez struje, radioaktivne \u010destice mogle bi zavr\u0161iti u zraku - RADIO LJUBU\u0160KI","og_description":"Ruske snage su isklju\u010dile nuklearnu elektranu \u010cernobil iz nacionalne elektri\u010dne mre\u017ee, objavila je ukrajinska dr\u017eavna energetska kompanija Ukrenergo. Nuklearna elektrana \u010cernobil, koju su pro\u0161log tjedna zauzele ruske snage, sad je bez struje.&nbsp; &#8220;Zbog vojnih aktivnosti ruskih okupatora, nuklearna elektrana u \u010cernobili je potpuno isklju\u010dena iz elektri\u010dne mre\u017ee. Nuklearna elektrana je bez struje. Vojne akcije su [&hellip;]","og_url":"https:\/\/radioljubuski.ba\/index.php\/2022\/03\/09\/ukrajina-cernobil-ostao-bez-struje-radioaktivne-cestice-mogle-bi-zavrsiti-u-zraku\/","og_site_name":"RADIO LJUBU\u0160KI","article_publisher":"https:\/\/www.facebook.com\/Radiio-Ljubuski-1490835324566332","article_published_time":"2022-03-09T16:50:51+00:00","article_modified_time":"2022-03-09T16:50:52+00:00","og_image":[{"width":1000,"height":625,"url":"https:\/\/radioljubuski.ba\/wp-content\/uploads\/2022\/03\/7-2022-02-24-20-11-05-ukr-cernobil.jpg","type":"image\/jpeg"}],"author":"Radio Ljubu\u0161ki","twitter_card":"summary_large_image","twitter_creator":"@radioljubuski","twitter_site":"@radioljubuski","twitter_misc":{"Napisao\/la":"Radio Ljubu\u0161ki","Procijenjeno vrijeme \u010ditanja":"1 minuta"},"schema":{"@context":"https:\/\/schema.org","@graph":[{"@type":"Article","@id":"https:\/\/radioljubuski.ba\/index.php\/2022\/03\/09\/ukrajina-cernobil-ostao-bez-struje-radioaktivne-cestice-mogle-bi-zavrsiti-u-zraku\/#article","isPartOf":{"@id":"https:\/\/radioljubuski.ba\/index.php\/2022\/03\/09\/ukrajina-cernobil-ostao-bez-struje-radioaktivne-cestice-mogle-bi-zavrsiti-u-zraku\/"},"author":{"name":"Radio Ljubu\u0161ki","@id":"https:\/\/radioljubuski.ba\/#\/schema\/person\/19fc700381a780f69665d7956c469e3b"},"headline":"Ukrajina: \u010cernobil ostao bez struje, radioaktivne \u010destice mogle bi zavr\u0161iti u zraku","datePublished":"2022-03-09T16:50:51+00:00","dateModified":"2022-03-09T16:50:52+00:00","mainEntityOfPage":{"@id":"https:\/\/radioljubuski.ba\/index.php\/2022\/03\/09\/ukrajina-cernobil-ostao-bez-struje-radioaktivne-cestice-mogle-bi-zavrsiti-u-zraku\/"},"wordCount":191,"publisher":{"@id":"https:\/\/radioljubuski.ba\/#organization"},"image":{"@id":"https:\/\/radioljubuski.ba\/index.php\/2022\/03\/09\/ukrajina-cernobil-ostao-bez-struje-radioaktivne-cestice-mogle-bi-zavrsiti-u-zraku\/#primaryimage"},"thumbnailUrl":"https:\/\/radioljubuski.ba\/wp-content\/uploads\/2022\/03\/7-2022-02-24-20-11-05-ukr-cernobil.jpg","articleSection":["BIH i regija"],"inLanguage":"hr"},{"@type":"WebPage","@id":"https:\/\/radioljubuski.ba\/index.php\/2022\/03\/09\/ukrajina-cernobil-ostao-bez-struje-radioaktivne-cestice-mogle-bi-zavrsiti-u-zraku\/","url":"https:\/\/radioljubuski.ba\/index.php\/2022\/03\/09\/ukrajina-cernobil-ostao-bez-struje-radioaktivne-cestice-mogle-bi-zavrsiti-u-zraku\/","name":"Ukrajina: \u010cernobil ostao bez struje, radioaktivne \u010destice mogle bi zavr\u0161iti u zraku - RADIO LJUBU\u0160KI","isPartOf":{"@id":"https:\/\/radioljubuski.ba\/#website"},"primaryImageOfPage":{"@id":"https:\/\/radioljubuski.ba\/index.php\/2022\/03\/09\/ukrajina-cernobil-ostao-bez-struje-radioaktivne-cestice-mogle-bi-zavrsiti-u-zraku\/#primaryimage"},"image":{"@id":"https:\/\/radioljubuski.ba\/index.php\/2022\/03\/09\/ukrajina-cernobil-ostao-bez-struje-radioaktivne-cestice-mogle-bi-zavrsiti-u-zraku\/#primaryimage"},"thumbnailUrl":"https:\/\/radioljubuski.ba\/wp-content\/uploads\/2022\/03\/7-2022-02-24-20-11-05-ukr-cernobil.jpg","datePublished":"2022-03-09T16:50:51+00:00","dateModified":"2022-03-09T16:50:52+00:00","breadcrumb":{"@id":"https:\/\/radioljubuski.ba\/index.php\/2022\/03\/09\/ukrajina-cernobil-ostao-bez-struje-radioaktivne-cestice-mogle-bi-zavrsiti-u-zraku\/#breadcrumb"},"inLanguage":"hr","potentialAction":[{"@type":"ReadAction","target":["https:\/\/radioljubuski.ba\/index.php\/2022\/03\/09\/ukrajina-cernobil-ostao-bez-struje-radioaktivne-cestice-mogle-bi-zavrsiti-u-zraku\/"]}]},{"@type":"ImageObject","inLanguage":"hr","@id":"https:\/\/radioljubuski.ba\/index.php\/2022\/03\/09\/ukrajina-cernobil-ostao-bez-struje-radioaktivne-cestice-mogle-bi-zavrsiti-u-zraku\/#primaryimage","url":"https:\/\/radioljubuski.ba\/wp-content\/uploads\/2022\/03\/7-2022-02-24-20-11-05-ukr-cernobil.jpg","contentUrl":"https:\/\/radioljubuski.ba\/wp-content\/uploads\/2022\/03\/7-2022-02-24-20-11-05-ukr-cernobil.jpg","width":1000,"height":625},{"@type":"BreadcrumbList","@id":"https:\/\/radioljubuski.ba\/index.php\/2022\/03\/09\/ukrajina-cernobil-ostao-bez-struje-radioaktivne-cestice-mogle-bi-zavrsiti-u-zraku\/#breadcrumb","itemListElement":[{"@type":"ListItem","position":1,"name":"Po\u010detna stranica","item":"https:\/\/radioljubuski.ba\/"},{"@type":"ListItem","position":2,"name":"Ukrajina: \u010cernobil ostao bez struje, radioaktivne \u010destice mogle bi zavr\u0161iti u zraku"}]},{"@type":"WebSite","@id":"https:\/\/radioljubuski.ba\/#website","url":"https:\/\/radioljubuski.ba\/","name":"Radio Ljubu\u0161ki","description":"Sun\u010dana frekvencija Hercegovine","publisher":{"@id":"https:\/\/radioljubuski.ba\/#organization"},"potentialAction":[{"@type":"SearchAction","target":{"@type":"EntryPoint","urlTemplate":"https:\/\/radioljubuski.ba\/?s={search_term_string}"},"query-input":{"@type":"PropertyValueSpecification","valueRequired":true,"valueName":"search_term_string"}}],"inLanguage":"hr"},{"@type":"Organization","@id":"https:\/\/radioljubuski.ba\/#organization","name":"Radio Ljubu\u0161ki","url":"https:\/\/radioljubuski.ba\/","logo":{"@type":"ImageObject","inLanguage":"hr","@id":"https:\/\/radioljubuski.ba\/#\/schema\/logo\/image\/","url":"https:\/\/radioljubuski.ba\/wp-content\/uploads\/2021\/02\/cropped-Radio_Ljubuski_logo1.jpg","contentUrl":"https:\/\/radioljubuski.ba\/wp-content\/uploads\/2021\/02\/cropped-Radio_Ljubuski_logo1.jpg","width":512,"height":512,"caption":"Radio Ljubu\u0161ki"},"image":{"@id":"https:\/\/radioljubuski.ba\/#\/schema\/logo\/image\/"},"sameAs":["https:\/\/www.facebook.com\/Radiio-Ljubuski-1490835324566332","https:\/\/x.com\/radioljubuski","https:\/\/hr.linkedin.com\/company\/radio-ljubuski","https:\/\/www.youtube.com\/channel\/UCHYaeO_n0Db3tjNGudGpXyw"]},{"@type":"Person","@id":"https:\/\/radioljubuski.ba\/#\/schema\/person\/19fc700381a780f69665d7956c469e3b","name":"Radio Ljubu\u0161ki"}]}},"_links":{"self":[{"href":"https:\/\/radioljubuski.ba\/index.php\/wp-json\/wp\/v2\/posts\/119679","targetHints":{"allow":["GET"]}}],"collection":[{"href":"https:\/\/radioljubuski.ba\/index.php\/wp-json\/wp\/v2\/posts"}],"about":[{"href":"https:\/\/radioljubuski.ba\/index.php\/wp-json\/wp\/v2\/types\/post"}],"author":[{"embeddable":true,"href":"https:\/\/radioljubuski.ba\/index.php\/wp-json\/wp\/v2\/users\/2"}],"replies":[{"embeddable":true,"href":"https:\/\/radioljubuski.ba\/index.php\/wp-json\/wp\/v2\/comments?post=119679"}],"version-history":[{"count":1,"href":"https:\/\/radioljubuski.ba\/index.php\/wp-json\/wp\/v2\/posts\/119679\/revisions"}],"predecessor-version":[{"id":119681,"href":"https:\/\/radioljubuski.ba\/index.php\/wp-json\/wp\/v2\/posts\/119679\/revisions\/119681"}],"wp:featuredmedia":[{"embeddable":true,"href":"https:\/\/radioljubuski.ba\/index.php\/wp-json\/wp\/v2\/media\/119680"}],"wp:attachment":[{"href":"https:\/\/radioljubuski.ba\/index.php\/wp-json\/wp\/v2\/media?parent=119679"}],"wp:term":[{"taxonomy":"category","embeddable":true,"href":"https:\/\/radioljubuski.ba\/index.php\/wp-json\/wp\/v2\/categories?post=119679"},{"taxonomy":"post_tag","embeddable":true,"href":"https:\/\/radioljubuski.ba\/index.php\/wp-json\/wp\/v2\/tags?post=119679"}],"curies":[{"name":"wp","href":"https:\/\/api.w.org\/{rel}","templated":true}]}}