{"id":119701,"date":"2022-03-09T18:02:10","date_gmt":"2022-03-09T17:02:10","guid":{"rendered":"https:\/\/radioljubuski.ba\/?p=119701"},"modified":"2022-03-09T18:02:12","modified_gmt":"2022-03-09T17:02:12","slug":"106-godina-nakon-potonuca-pronaden-brod-slavnog-istrazivaca-ovo-je-prica-o-njemu","status":"publish","type":"post","link":"https:\/\/radioljubuski.ba\/index.php\/2022\/03\/09\/106-godina-nakon-potonuca-pronaden-brod-slavnog-istrazivaca-ovo-je-prica-o-njemu\/","title":{"rendered":"106 godina nakon potonu\u0107a prona\u0111en brod slavnog istra\u017eiva\u010da. Ovo je pri\u010da o njemu"},"content":{"rendered":"\n<p>Na dubini od 3000 metara ispod antarkti\u010dkog leda prona\u0111ena je olupina slavnog broda Endurance, potonulog prije stotinu godina, na kojemu je plovio jedan od najve\u0107ih svjetskih istra\u017eiva\u010da sir Ernest Shackleton, objavila je ekspedicija koja je krenula u potragu za njim.<\/p>\n\n\n\n<p>Jedrenjak s tri jarbola izgubljen je u studenome 1915. pri prvom Shackletonovu neuspje\u0161nom poku\u0161aju da kopnom prije\u0111e Antarktiku.<\/p>\n\n\n\n<p>Svi prethodni poku\u0161aji lociranja drvene olupine duge 144 metra, \u010diju je lokaciju u brodski dnevnik zapisao kapetan Endurancea Frank Worsley, propali su zbog nehumanih uvjeta koji vladaju u podru\u010dju Weddellova mora.<\/p>\n\n\n\n<p>No misija Endurance22, koju je organizirala zaklada Falklands Maritime Heritage Trust, koriste\u0107i napredna podvodna vozila Sabertooths opremljena kamerama i skenerima visoke razlu\u010divosti, uspjela je precizno locirati olupinu broda.<\/p>\n\n\n\n<p>Snimke su pokazale da je brod u iznimno dobrom stanju, a njegovo ime jasno je vidljivo na krmi. Mensun Bound, jedan od voditelja istra\u017eiva\u010dke ekspedicije, kazao je da su svi \u010dlanovi &#8220;preplavljeni sre\u0107om&#8221;.<\/p>\n\n\n\n<iframe loading=\"lazy\" title=\"Endurance wreck: Ernest Shackleton&#039;s lost ship found off Antarctica\" width=\"640\" height=\"360\" src=\"https:\/\/www.youtube.com\/embed\/1aEKdCQv3jI?start=1&#038;feature=oembed\" frameborder=\"0\" allow=\"accelerometer; autoplay; clipboard-write; encrypted-media; gyroscope; picture-in-picture; web-share\" referrerpolicy=\"strict-origin-when-cross-origin\" allowfullscreen><\/iframe>\n\n\n\n<p>&#8220;Najbolje o\u010duvana olupina&#8221;<br>&#8220;Ovo je daleko najbolje o\u010duvana olupina drvenog broda koju sam ikada dosad vidio. Stoji uspravno, ukopan je u morsko dno, netaknut je i briljantno o\u010duvan&#8221;, rekao je Bound.<\/p>\n\n\n\n<p>Ekspedicija koju je vodio britanski polarni istra\u017eiva\u010d John Shears operaciju je vodila s ju\u017enoafri\u010dkog ledolomca Agulhas II.<\/p>\n\n\n\n<p>Njezini \u010dlanovi locirali su Endurance \u0161est kilometara od mjesta koje je zabilje\u017eio kapetan Worsley.<\/p>\n\n\n\n<p>Pri\u010da o Enduranceu<br>Jedrenjak s tri jarbola potonuo je u studenome 1915. tijekom Shackletonova neuspjelog poku\u0161aja da ostvari prvi kopneni prijelaz preko Antarktike. Plan je propao kad je brod potonuo i ostavio slavnog istra\u017eiva\u010da i \u010dlanove njegove posade nasukane na antarkti\u010dkome ledu.&nbsp;<\/p>\n\n\n\n<p>Najprije su pje\u0161a\u010dili preko morskog leda, a potom su isplovili u trima \u010damcima za spa\u0161avanje i stigli do nenaseljenog otoka Elephant, stotinama kilometara udaljenog od najbli\u017eeg naselja.<\/p>\n\n\n\n<p>O\u010dajni\u010dki nastoje\u0107i do\u0107i do pomo\u0107i, Shackleton je s \u010detiri \u010dlana posade u malenom \u010damcu veslao oko osamsto nauti\u010dkih milja (1300 km) da bi na kraju stigao do nepristupa\u010dnog otoka South Georgia. Ondje su prona\u0161li pomo\u0107 u privremenoj postaji za kitolovce.<\/p>\n\n\n\n<p>U \u010detvrtom poku\u0161aju spa\u0161avanja Shackleton se uspio vratiti i pokupiti ostatak posade s otoka Elephant u kolovozu 1916., dvije godine nakon \u0161to je njegova ekspedicija isplovila iz Londona.<\/p>\n\n\n\n<p>Unato\u010d svemu kroz \u0161to su bili primorani pro\u0107i i \u0161esnaest mjeseci nakon \u0161to su ostali bez broda, svi \u010dlanovi posade Endurancea, njih 28, pre\u017eivjeli su brodolom i vratili su se ku\u0107ama.<\/p>\n\n\n\n<p>Izvor:pogled.ba<\/p>\n","protected":false},"excerpt":{"rendered":"<p>Na dubini od 3000 metara ispod antarkti\u010dkog leda prona\u0111ena je olupina slavnog broda Endurance, potonulog prije stotinu godina, na kojemu je plovio jedan od najve\u0107ih svjetskih istra\u017eiva\u010da sir Ernest Shackleton, objavila je ekspedicija koja je krenula u potragu za njim. Jedrenjak s tri jarbola izgubljen je u studenome 1915. pri prvom Shackletonovu neuspje\u0161nom poku\u0161aju da [&hellip;]<\/p>\n","protected":false},"author":2,"featured_media":119702,"comment_status":"closed","ping_status":"closed","sticky":false,"template":"","format":"standard","meta":{"h5ap_radio_sources":[],"footnotes":""},"categories":[1],"tags":[],"class_list":["post-119701","post","type-post","status-publish","format-standard","has-post-thumbnail","hentry","category-bihiregija"],"yoast_head":"<!-- This site is optimized with the Yoast SEO plugin v27.5 - https:\/\/yoast.com\/product\/yoast-seo-wordpress\/ -->\n<title>106 godina nakon potonu\u0107a prona\u0111en brod slavnog istra\u017eiva\u010da. Ovo je pri\u010da o njemu - RADIO LJUBU\u0160KI<\/title>\n<meta name=\"robots\" content=\"index, follow, max-snippet:-1, max-image-preview:large, max-video-preview:-1\" \/>\n<link rel=\"canonical\" href=\"https:\/\/radioljubuski.ba\/index.php\/2022\/03\/09\/106-godina-nakon-potonuca-pronaden-brod-slavnog-istrazivaca-ovo-je-prica-o-njemu\/\" \/>\n<meta property=\"og:locale\" content=\"hr_HR\" \/>\n<meta property=\"og:type\" content=\"article\" \/>\n<meta property=\"og:title\" content=\"106 godina nakon potonu\u0107a prona\u0111en brod slavnog istra\u017eiva\u010da. Ovo je pri\u010da o njemu - RADIO LJUBU\u0160KI\" \/>\n<meta property=\"og:description\" content=\"Na dubini od 3000 metara ispod antarkti\u010dkog leda prona\u0111ena je olupina slavnog broda Endurance, potonulog prije stotinu godina, na kojemu je plovio jedan od najve\u0107ih svjetskih istra\u017eiva\u010da sir Ernest Shackleton, objavila je ekspedicija koja je krenula u potragu za njim. Jedrenjak s tri jarbola izgubljen je u studenome 1915. pri prvom Shackletonovu neuspje\u0161nom poku\u0161aju da [&hellip;]\" \/>\n<meta property=\"og:url\" content=\"https:\/\/radioljubuski.ba\/index.php\/2022\/03\/09\/106-godina-nakon-potonuca-pronaden-brod-slavnog-istrazivaca-ovo-je-prica-o-njemu\/\" \/>\n<meta property=\"og:site_name\" content=\"RADIO LJUBU\u0160KI\" \/>\n<meta property=\"article:publisher\" content=\"https:\/\/www.facebook.com\/Radiio-Ljubuski-1490835324566332\" \/>\n<meta property=\"article:published_time\" content=\"2022-03-09T17:02:10+00:00\" \/>\n<meta property=\"article:modified_time\" content=\"2022-03-09T17:02:12+00:00\" \/>\n<meta property=\"og:image\" content=\"https:\/\/radioljubuski.ba\/wp-content\/uploads\/2022\/03\/2-2022-03-09-13-19-55-e4948d54-4edb-48e0-bfa1-26945ccf2c72.jpg\" \/>\n\t<meta property=\"og:image:width\" content=\"1000\" \/>\n\t<meta property=\"og:image:height\" content=\"625\" \/>\n\t<meta property=\"og:image:type\" content=\"image\/jpeg\" \/>\n<meta name=\"author\" content=\"Radio Ljubu\u0161ki\" \/>\n<meta name=\"twitter:card\" content=\"summary_large_image\" \/>\n<meta name=\"twitter:creator\" content=\"@radioljubuski\" \/>\n<meta name=\"twitter:site\" content=\"@radioljubuski\" \/>\n<meta name=\"twitter:label1\" content=\"Napisao\/la\" \/>\n\t<meta name=\"twitter:data1\" content=\"Radio Ljubu\u0161ki\" \/>\n\t<meta name=\"twitter:label2\" content=\"Procijenjeno vrijeme \u010ditanja\" \/>\n\t<meta name=\"twitter:data2\" content=\"2 minute\" \/>\n<script type=\"application\/ld+json\" class=\"yoast-schema-graph\">{\"@context\":\"https:\\\/\\\/schema.org\",\"@graph\":[{\"@type\":\"Article\",\"@id\":\"https:\\\/\\\/radioljubuski.ba\\\/index.php\\\/2022\\\/03\\\/09\\\/106-godina-nakon-potonuca-pronaden-brod-slavnog-istrazivaca-ovo-je-prica-o-njemu\\\/#article\",\"isPartOf\":{\"@id\":\"https:\\\/\\\/radioljubuski.ba\\\/index.php\\\/2022\\\/03\\\/09\\\/106-godina-nakon-potonuca-pronaden-brod-slavnog-istrazivaca-ovo-je-prica-o-njemu\\\/\"},\"author\":{\"name\":\"Radio Ljubu\u0161ki\",\"@id\":\"https:\\\/\\\/radioljubuski.ba\\\/#\\\/schema\\\/person\\\/19fc700381a780f69665d7956c469e3b\"},\"headline\":\"106 godina nakon potonu\u0107a prona\u0111en brod slavnog istra\u017eiva\u010da. Ovo je pri\u010da o njemu\",\"datePublished\":\"2022-03-09T17:02:10+00:00\",\"dateModified\":\"2022-03-09T17:02:12+00:00\",\"mainEntityOfPage\":{\"@id\":\"https:\\\/\\\/radioljubuski.ba\\\/index.php\\\/2022\\\/03\\\/09\\\/106-godina-nakon-potonuca-pronaden-brod-slavnog-istrazivaca-ovo-je-prica-o-njemu\\\/\"},\"wordCount\":447,\"publisher\":{\"@id\":\"https:\\\/\\\/radioljubuski.ba\\\/#organization\"},\"image\":{\"@id\":\"https:\\\/\\\/radioljubuski.ba\\\/index.php\\\/2022\\\/03\\\/09\\\/106-godina-nakon-potonuca-pronaden-brod-slavnog-istrazivaca-ovo-je-prica-o-njemu\\\/#primaryimage\"},\"thumbnailUrl\":\"https:\\\/\\\/radioljubuski.ba\\\/wp-content\\\/uploads\\\/2022\\\/03\\\/2-2022-03-09-13-19-55-e4948d54-4edb-48e0-bfa1-26945ccf2c72.jpg\",\"articleSection\":[\"BIH i regija\"],\"inLanguage\":\"hr\"},{\"@type\":\"WebPage\",\"@id\":\"https:\\\/\\\/radioljubuski.ba\\\/index.php\\\/2022\\\/03\\\/09\\\/106-godina-nakon-potonuca-pronaden-brod-slavnog-istrazivaca-ovo-je-prica-o-njemu\\\/\",\"url\":\"https:\\\/\\\/radioljubuski.ba\\\/index.php\\\/2022\\\/03\\\/09\\\/106-godina-nakon-potonuca-pronaden-brod-slavnog-istrazivaca-ovo-je-prica-o-njemu\\\/\",\"name\":\"106 godina nakon potonu\u0107a prona\u0111en brod slavnog istra\u017eiva\u010da. Ovo je pri\u010da o njemu - RADIO LJUBU\u0160KI\",\"isPartOf\":{\"@id\":\"https:\\\/\\\/radioljubuski.ba\\\/#website\"},\"primaryImageOfPage\":{\"@id\":\"https:\\\/\\\/radioljubuski.ba\\\/index.php\\\/2022\\\/03\\\/09\\\/106-godina-nakon-potonuca-pronaden-brod-slavnog-istrazivaca-ovo-je-prica-o-njemu\\\/#primaryimage\"},\"image\":{\"@id\":\"https:\\\/\\\/radioljubuski.ba\\\/index.php\\\/2022\\\/03\\\/09\\\/106-godina-nakon-potonuca-pronaden-brod-slavnog-istrazivaca-ovo-je-prica-o-njemu\\\/#primaryimage\"},\"thumbnailUrl\":\"https:\\\/\\\/radioljubuski.ba\\\/wp-content\\\/uploads\\\/2022\\\/03\\\/2-2022-03-09-13-19-55-e4948d54-4edb-48e0-bfa1-26945ccf2c72.jpg\",\"datePublished\":\"2022-03-09T17:02:10+00:00\",\"dateModified\":\"2022-03-09T17:02:12+00:00\",\"breadcrumb\":{\"@id\":\"https:\\\/\\\/radioljubuski.ba\\\/index.php\\\/2022\\\/03\\\/09\\\/106-godina-nakon-potonuca-pronaden-brod-slavnog-istrazivaca-ovo-je-prica-o-njemu\\\/#breadcrumb\"},\"inLanguage\":\"hr\",\"potentialAction\":[{\"@type\":\"ReadAction\",\"target\":[\"https:\\\/\\\/radioljubuski.ba\\\/index.php\\\/2022\\\/03\\\/09\\\/106-godina-nakon-potonuca-pronaden-brod-slavnog-istrazivaca-ovo-je-prica-o-njemu\\\/\"]}]},{\"@type\":\"ImageObject\",\"inLanguage\":\"hr\",\"@id\":\"https:\\\/\\\/radioljubuski.ba\\\/index.php\\\/2022\\\/03\\\/09\\\/106-godina-nakon-potonuca-pronaden-brod-slavnog-istrazivaca-ovo-je-prica-o-njemu\\\/#primaryimage\",\"url\":\"https:\\\/\\\/radioljubuski.ba\\\/wp-content\\\/uploads\\\/2022\\\/03\\\/2-2022-03-09-13-19-55-e4948d54-4edb-48e0-bfa1-26945ccf2c72.jpg\",\"contentUrl\":\"https:\\\/\\\/radioljubuski.ba\\\/wp-content\\\/uploads\\\/2022\\\/03\\\/2-2022-03-09-13-19-55-e4948d54-4edb-48e0-bfa1-26945ccf2c72.jpg\",\"width\":1000,\"height\":625},{\"@type\":\"BreadcrumbList\",\"@id\":\"https:\\\/\\\/radioljubuski.ba\\\/index.php\\\/2022\\\/03\\\/09\\\/106-godina-nakon-potonuca-pronaden-brod-slavnog-istrazivaca-ovo-je-prica-o-njemu\\\/#breadcrumb\",\"itemListElement\":[{\"@type\":\"ListItem\",\"position\":1,\"name\":\"Po\u010detna stranica\",\"item\":\"https:\\\/\\\/radioljubuski.ba\\\/\"},{\"@type\":\"ListItem\",\"position\":2,\"name\":\"106 godina nakon potonu\u0107a prona\u0111en brod slavnog istra\u017eiva\u010da. Ovo je pri\u010da o njemu\"}]},{\"@type\":\"WebSite\",\"@id\":\"https:\\\/\\\/radioljubuski.ba\\\/#website\",\"url\":\"https:\\\/\\\/radioljubuski.ba\\\/\",\"name\":\"Radio Ljubu\u0161ki\",\"description\":\"Sun\u010dana frekvencija Hercegovine\",\"publisher\":{\"@id\":\"https:\\\/\\\/radioljubuski.ba\\\/#organization\"},\"potentialAction\":[{\"@type\":\"SearchAction\",\"target\":{\"@type\":\"EntryPoint\",\"urlTemplate\":\"https:\\\/\\\/radioljubuski.ba\\\/?s={search_term_string}\"},\"query-input\":{\"@type\":\"PropertyValueSpecification\",\"valueRequired\":true,\"valueName\":\"search_term_string\"}}],\"inLanguage\":\"hr\"},{\"@type\":\"Organization\",\"@id\":\"https:\\\/\\\/radioljubuski.ba\\\/#organization\",\"name\":\"Radio Ljubu\u0161ki\",\"url\":\"https:\\\/\\\/radioljubuski.ba\\\/\",\"logo\":{\"@type\":\"ImageObject\",\"inLanguage\":\"hr\",\"@id\":\"https:\\\/\\\/radioljubuski.ba\\\/#\\\/schema\\\/logo\\\/image\\\/\",\"url\":\"https:\\\/\\\/radioljubuski.ba\\\/wp-content\\\/uploads\\\/2021\\\/02\\\/cropped-Radio_Ljubuski_logo1.jpg\",\"contentUrl\":\"https:\\\/\\\/radioljubuski.ba\\\/wp-content\\\/uploads\\\/2021\\\/02\\\/cropped-Radio_Ljubuski_logo1.jpg\",\"width\":512,\"height\":512,\"caption\":\"Radio Ljubu\u0161ki\"},\"image\":{\"@id\":\"https:\\\/\\\/radioljubuski.ba\\\/#\\\/schema\\\/logo\\\/image\\\/\"},\"sameAs\":[\"https:\\\/\\\/www.facebook.com\\\/Radiio-Ljubuski-1490835324566332\",\"https:\\\/\\\/x.com\\\/radioljubuski\",\"https:\\\/\\\/hr.linkedin.com\\\/company\\\/radio-ljubuski\",\"https:\\\/\\\/www.youtube.com\\\/channel\\\/UCHYaeO_n0Db3tjNGudGpXyw\"]},{\"@type\":\"Person\",\"@id\":\"https:\\\/\\\/radioljubuski.ba\\\/#\\\/schema\\\/person\\\/19fc700381a780f69665d7956c469e3b\",\"name\":\"Radio Ljubu\u0161ki\"}]}<\/script>\n<!-- \/ Yoast SEO plugin. -->","yoast_head_json":{"title":"106 godina nakon potonu\u0107a prona\u0111en brod slavnog istra\u017eiva\u010da. Ovo je pri\u010da o njemu - RADIO LJUBU\u0160KI","robots":{"index":"index","follow":"follow","max-snippet":"max-snippet:-1","max-image-preview":"max-image-preview:large","max-video-preview":"max-video-preview:-1"},"canonical":"https:\/\/radioljubuski.ba\/index.php\/2022\/03\/09\/106-godina-nakon-potonuca-pronaden-brod-slavnog-istrazivaca-ovo-je-prica-o-njemu\/","og_locale":"hr_HR","og_type":"article","og_title":"106 godina nakon potonu\u0107a prona\u0111en brod slavnog istra\u017eiva\u010da. Ovo je pri\u010da o njemu - RADIO LJUBU\u0160KI","og_description":"Na dubini od 3000 metara ispod antarkti\u010dkog leda prona\u0111ena je olupina slavnog broda Endurance, potonulog prije stotinu godina, na kojemu je plovio jedan od najve\u0107ih svjetskih istra\u017eiva\u010da sir Ernest Shackleton, objavila je ekspedicija koja je krenula u potragu za njim. Jedrenjak s tri jarbola izgubljen je u studenome 1915. pri prvom Shackletonovu neuspje\u0161nom poku\u0161aju da [&hellip;]","og_url":"https:\/\/radioljubuski.ba\/index.php\/2022\/03\/09\/106-godina-nakon-potonuca-pronaden-brod-slavnog-istrazivaca-ovo-je-prica-o-njemu\/","og_site_name":"RADIO LJUBU\u0160KI","article_publisher":"https:\/\/www.facebook.com\/Radiio-Ljubuski-1490835324566332","article_published_time":"2022-03-09T17:02:10+00:00","article_modified_time":"2022-03-09T17:02:12+00:00","og_image":[{"width":1000,"height":625,"url":"https:\/\/radioljubuski.ba\/wp-content\/uploads\/2022\/03\/2-2022-03-09-13-19-55-e4948d54-4edb-48e0-bfa1-26945ccf2c72.jpg","type":"image\/jpeg"}],"author":"Radio Ljubu\u0161ki","twitter_card":"summary_large_image","twitter_creator":"@radioljubuski","twitter_site":"@radioljubuski","twitter_misc":{"Napisao\/la":"Radio Ljubu\u0161ki","Procijenjeno vrijeme \u010ditanja":"2 minute"},"schema":{"@context":"https:\/\/schema.org","@graph":[{"@type":"Article","@id":"https:\/\/radioljubuski.ba\/index.php\/2022\/03\/09\/106-godina-nakon-potonuca-pronaden-brod-slavnog-istrazivaca-ovo-je-prica-o-njemu\/#article","isPartOf":{"@id":"https:\/\/radioljubuski.ba\/index.php\/2022\/03\/09\/106-godina-nakon-potonuca-pronaden-brod-slavnog-istrazivaca-ovo-je-prica-o-njemu\/"},"author":{"name":"Radio Ljubu\u0161ki","@id":"https:\/\/radioljubuski.ba\/#\/schema\/person\/19fc700381a780f69665d7956c469e3b"},"headline":"106 godina nakon potonu\u0107a prona\u0111en brod slavnog istra\u017eiva\u010da. Ovo je pri\u010da o njemu","datePublished":"2022-03-09T17:02:10+00:00","dateModified":"2022-03-09T17:02:12+00:00","mainEntityOfPage":{"@id":"https:\/\/radioljubuski.ba\/index.php\/2022\/03\/09\/106-godina-nakon-potonuca-pronaden-brod-slavnog-istrazivaca-ovo-je-prica-o-njemu\/"},"wordCount":447,"publisher":{"@id":"https:\/\/radioljubuski.ba\/#organization"},"image":{"@id":"https:\/\/radioljubuski.ba\/index.php\/2022\/03\/09\/106-godina-nakon-potonuca-pronaden-brod-slavnog-istrazivaca-ovo-je-prica-o-njemu\/#primaryimage"},"thumbnailUrl":"https:\/\/radioljubuski.ba\/wp-content\/uploads\/2022\/03\/2-2022-03-09-13-19-55-e4948d54-4edb-48e0-bfa1-26945ccf2c72.jpg","articleSection":["BIH i regija"],"inLanguage":"hr"},{"@type":"WebPage","@id":"https:\/\/radioljubuski.ba\/index.php\/2022\/03\/09\/106-godina-nakon-potonuca-pronaden-brod-slavnog-istrazivaca-ovo-je-prica-o-njemu\/","url":"https:\/\/radioljubuski.ba\/index.php\/2022\/03\/09\/106-godina-nakon-potonuca-pronaden-brod-slavnog-istrazivaca-ovo-je-prica-o-njemu\/","name":"106 godina nakon potonu\u0107a prona\u0111en brod slavnog istra\u017eiva\u010da. Ovo je pri\u010da o njemu - RADIO LJUBU\u0160KI","isPartOf":{"@id":"https:\/\/radioljubuski.ba\/#website"},"primaryImageOfPage":{"@id":"https:\/\/radioljubuski.ba\/index.php\/2022\/03\/09\/106-godina-nakon-potonuca-pronaden-brod-slavnog-istrazivaca-ovo-je-prica-o-njemu\/#primaryimage"},"image":{"@id":"https:\/\/radioljubuski.ba\/index.php\/2022\/03\/09\/106-godina-nakon-potonuca-pronaden-brod-slavnog-istrazivaca-ovo-je-prica-o-njemu\/#primaryimage"},"thumbnailUrl":"https:\/\/radioljubuski.ba\/wp-content\/uploads\/2022\/03\/2-2022-03-09-13-19-55-e4948d54-4edb-48e0-bfa1-26945ccf2c72.jpg","datePublished":"2022-03-09T17:02:10+00:00","dateModified":"2022-03-09T17:02:12+00:00","breadcrumb":{"@id":"https:\/\/radioljubuski.ba\/index.php\/2022\/03\/09\/106-godina-nakon-potonuca-pronaden-brod-slavnog-istrazivaca-ovo-je-prica-o-njemu\/#breadcrumb"},"inLanguage":"hr","potentialAction":[{"@type":"ReadAction","target":["https:\/\/radioljubuski.ba\/index.php\/2022\/03\/09\/106-godina-nakon-potonuca-pronaden-brod-slavnog-istrazivaca-ovo-je-prica-o-njemu\/"]}]},{"@type":"ImageObject","inLanguage":"hr","@id":"https:\/\/radioljubuski.ba\/index.php\/2022\/03\/09\/106-godina-nakon-potonuca-pronaden-brod-slavnog-istrazivaca-ovo-je-prica-o-njemu\/#primaryimage","url":"https:\/\/radioljubuski.ba\/wp-content\/uploads\/2022\/03\/2-2022-03-09-13-19-55-e4948d54-4edb-48e0-bfa1-26945ccf2c72.jpg","contentUrl":"https:\/\/radioljubuski.ba\/wp-content\/uploads\/2022\/03\/2-2022-03-09-13-19-55-e4948d54-4edb-48e0-bfa1-26945ccf2c72.jpg","width":1000,"height":625},{"@type":"BreadcrumbList","@id":"https:\/\/radioljubuski.ba\/index.php\/2022\/03\/09\/106-godina-nakon-potonuca-pronaden-brod-slavnog-istrazivaca-ovo-je-prica-o-njemu\/#breadcrumb","itemListElement":[{"@type":"ListItem","position":1,"name":"Po\u010detna stranica","item":"https:\/\/radioljubuski.ba\/"},{"@type":"ListItem","position":2,"name":"106 godina nakon potonu\u0107a prona\u0111en brod slavnog istra\u017eiva\u010da. Ovo je pri\u010da o njemu"}]},{"@type":"WebSite","@id":"https:\/\/radioljubuski.ba\/#website","url":"https:\/\/radioljubuski.ba\/","name":"Radio Ljubu\u0161ki","description":"Sun\u010dana frekvencija Hercegovine","publisher":{"@id":"https:\/\/radioljubuski.ba\/#organization"},"potentialAction":[{"@type":"SearchAction","target":{"@type":"EntryPoint","urlTemplate":"https:\/\/radioljubuski.ba\/?s={search_term_string}"},"query-input":{"@type":"PropertyValueSpecification","valueRequired":true,"valueName":"search_term_string"}}],"inLanguage":"hr"},{"@type":"Organization","@id":"https:\/\/radioljubuski.ba\/#organization","name":"Radio Ljubu\u0161ki","url":"https:\/\/radioljubuski.ba\/","logo":{"@type":"ImageObject","inLanguage":"hr","@id":"https:\/\/radioljubuski.ba\/#\/schema\/logo\/image\/","url":"https:\/\/radioljubuski.ba\/wp-content\/uploads\/2021\/02\/cropped-Radio_Ljubuski_logo1.jpg","contentUrl":"https:\/\/radioljubuski.ba\/wp-content\/uploads\/2021\/02\/cropped-Radio_Ljubuski_logo1.jpg","width":512,"height":512,"caption":"Radio Ljubu\u0161ki"},"image":{"@id":"https:\/\/radioljubuski.ba\/#\/schema\/logo\/image\/"},"sameAs":["https:\/\/www.facebook.com\/Radiio-Ljubuski-1490835324566332","https:\/\/x.com\/radioljubuski","https:\/\/hr.linkedin.com\/company\/radio-ljubuski","https:\/\/www.youtube.com\/channel\/UCHYaeO_n0Db3tjNGudGpXyw"]},{"@type":"Person","@id":"https:\/\/radioljubuski.ba\/#\/schema\/person\/19fc700381a780f69665d7956c469e3b","name":"Radio Ljubu\u0161ki"}]}},"_links":{"self":[{"href":"https:\/\/radioljubuski.ba\/index.php\/wp-json\/wp\/v2\/posts\/119701","targetHints":{"allow":["GET"]}}],"collection":[{"href":"https:\/\/radioljubuski.ba\/index.php\/wp-json\/wp\/v2\/posts"}],"about":[{"href":"https:\/\/radioljubuski.ba\/index.php\/wp-json\/wp\/v2\/types\/post"}],"author":[{"embeddable":true,"href":"https:\/\/radioljubuski.ba\/index.php\/wp-json\/wp\/v2\/users\/2"}],"replies":[{"embeddable":true,"href":"https:\/\/radioljubuski.ba\/index.php\/wp-json\/wp\/v2\/comments?post=119701"}],"version-history":[{"count":1,"href":"https:\/\/radioljubuski.ba\/index.php\/wp-json\/wp\/v2\/posts\/119701\/revisions"}],"predecessor-version":[{"id":119703,"href":"https:\/\/radioljubuski.ba\/index.php\/wp-json\/wp\/v2\/posts\/119701\/revisions\/119703"}],"wp:featuredmedia":[{"embeddable":true,"href":"https:\/\/radioljubuski.ba\/index.php\/wp-json\/wp\/v2\/media\/119702"}],"wp:attachment":[{"href":"https:\/\/radioljubuski.ba\/index.php\/wp-json\/wp\/v2\/media?parent=119701"}],"wp:term":[{"taxonomy":"category","embeddable":true,"href":"https:\/\/radioljubuski.ba\/index.php\/wp-json\/wp\/v2\/categories?post=119701"},{"taxonomy":"post_tag","embeddable":true,"href":"https:\/\/radioljubuski.ba\/index.php\/wp-json\/wp\/v2\/tags?post=119701"}],"curies":[{"name":"wp","href":"https:\/\/api.w.org\/{rel}","templated":true}]}}