{"id":119704,"date":"2022-03-09T18:03:44","date_gmt":"2022-03-09T17:03:44","guid":{"rendered":"https:\/\/radioljubuski.ba\/?p=119704"},"modified":"2022-03-09T18:03:46","modified_gmt":"2022-03-09T17:03:46","slug":"tajma-i-sanjin-drljevic-ozivjeli-smo-stari-zanat-dimnjacarstva-nakon-39-godina-u-mostaru","status":"publish","type":"post","link":"https:\/\/radioljubuski.ba\/index.php\/2022\/03\/09\/tajma-i-sanjin-drljevic-ozivjeli-smo-stari-zanat-dimnjacarstva-nakon-39-godina-u-mostaru\/","title":{"rendered":"Tajma i Sanjin Drljevi\u0107: \u201cO\u017eivjeli smo stari zanat dimnja\u010darstva, nakon 39 godina u Mostaru!\u201d"},"content":{"rendered":"\n<p>Tajma i Sanjin Drljevi\u0107 su mladi bra\u010dni par iz Mostara, posebni zbog toga \u0161to su prije dvije godine pokrenuli jedan specifi\u010dan biznis. Naime, oni su potaknuti vlastitom potrebom, odlu\u010dili osnivati firmu za dimnja\u010dare u rodnom gradu.<\/p>\n\n\n\n<p>Kako ponosno ka\u017eu, takva vrsta zanata nije postojala zadnja \u010detiri destelje\u0107a u Mostaru. Nakon tri godine obuke za dimnja\u010dare, pokrenuli su vlastitu firmu i posao je po\u010deo cvjetati. Poruka koju su poru\u010dili publici u emisiji je kako bi voljeli biti nekome inspiracija da ostane u BiH i da se oku\u0161a u nekoj vrsti privatnog posla, pi\u0161e\u00a0<a href=\"https:\/\/ba.n1info.com\/video\/inspiracija\/ozivjeli-smo-stari-zanat-dimnjacarstva-nakon-39-godina-u-mostaru\/\">N1<\/a>.<\/p>\n\n\n\n<iframe loading=\"lazy\" title=\"Inspiracija: O\u017eivjeli smo stari zanat dimnja\u010darstva, nakon 39 godina u Mostaru!\" width=\"640\" height=\"360\" src=\"https:\/\/www.youtube.com\/embed\/PjGsk-F70qQ?feature=oembed\" frameborder=\"0\" allow=\"accelerometer; autoplay; clipboard-write; encrypted-media; gyroscope; picture-in-picture; web-share\" referrerpolicy=\"strict-origin-when-cross-origin\" allowfullscreen><\/iframe>\n\n\n\n<p>Izvor:N1<\/p>\n","protected":false},"excerpt":{"rendered":"<p>Tajma i Sanjin Drljevi\u0107 su mladi bra\u010dni par iz Mostara, posebni zbog toga \u0161to su prije dvije godine pokrenuli jedan specifi\u010dan biznis. Naime, oni su potaknuti vlastitom potrebom, odlu\u010dili osnivati firmu za dimnja\u010dare u rodnom gradu. Kako ponosno ka\u017eu, takva vrsta zanata nije postojala zadnja \u010detiri destelje\u0107a u Mostaru. Nakon tri godine obuke za dimnja\u010dare, [&hellip;]<\/p>\n","protected":false},"author":2,"featured_media":119705,"comment_status":"closed","ping_status":"closed","sticky":false,"template":"","format":"standard","meta":{"h5ap_radio_sources":[],"footnotes":""},"categories":[1],"tags":[],"class_list":["post-119704","post","type-post","status-publish","format-standard","has-post-thumbnail","hentry","category-bihiregija"],"yoast_head":"<!-- This site is optimized with the Yoast SEO plugin v27.5 - https:\/\/yoast.com\/product\/yoast-seo-wordpress\/ -->\n<title>Tajma i Sanjin Drljevi\u0107: \u201cO\u017eivjeli smo stari zanat dimnja\u010darstva, nakon 39 godina u Mostaru!\u201d - RADIO LJUBU\u0160KI<\/title>\n<meta name=\"robots\" content=\"index, follow, max-snippet:-1, max-image-preview:large, max-video-preview:-1\" \/>\n<link rel=\"canonical\" href=\"https:\/\/radioljubuski.ba\/index.php\/2022\/03\/09\/tajma-i-sanjin-drljevic-ozivjeli-smo-stari-zanat-dimnjacarstva-nakon-39-godina-u-mostaru\/\" \/>\n<meta property=\"og:locale\" content=\"hr_HR\" \/>\n<meta property=\"og:type\" content=\"article\" \/>\n<meta property=\"og:title\" content=\"Tajma i Sanjin Drljevi\u0107: \u201cO\u017eivjeli smo stari zanat dimnja\u010darstva, nakon 39 godina u Mostaru!\u201d - RADIO LJUBU\u0160KI\" \/>\n<meta property=\"og:description\" content=\"Tajma i Sanjin Drljevi\u0107 su mladi bra\u010dni par iz Mostara, posebni zbog toga \u0161to su prije dvije godine pokrenuli jedan specifi\u010dan biznis. Naime, oni su potaknuti vlastitom potrebom, odlu\u010dili osnivati firmu za dimnja\u010dare u rodnom gradu. Kako ponosno ka\u017eu, takva vrsta zanata nije postojala zadnja \u010detiri destelje\u0107a u Mostaru. Nakon tri godine obuke za dimnja\u010dare, [&hellip;]\" \/>\n<meta property=\"og:url\" content=\"https:\/\/radioljubuski.ba\/index.php\/2022\/03\/09\/tajma-i-sanjin-drljevic-ozivjeli-smo-stari-zanat-dimnjacarstva-nakon-39-godina-u-mostaru\/\" \/>\n<meta property=\"og:site_name\" content=\"RADIO LJUBU\u0160KI\" \/>\n<meta property=\"article:publisher\" content=\"https:\/\/www.facebook.com\/Radiio-Ljubuski-1490835324566332\" \/>\n<meta property=\"article:published_time\" content=\"2022-03-09T17:03:44+00:00\" \/>\n<meta property=\"article:modified_time\" content=\"2022-03-09T17:03:46+00:00\" \/>\n<meta property=\"og:image\" content=\"https:\/\/radioljubuski.ba\/wp-content\/uploads\/2022\/03\/2-2022-03-09-13-48-43-1646828855-dimnjacari-750x422-1.jpg\" \/>\n\t<meta property=\"og:image:width\" content=\"1000\" \/>\n\t<meta property=\"og:image:height\" content=\"625\" \/>\n\t<meta property=\"og:image:type\" content=\"image\/jpeg\" \/>\n<meta name=\"author\" content=\"Radio Ljubu\u0161ki\" \/>\n<meta name=\"twitter:card\" content=\"summary_large_image\" \/>\n<meta name=\"twitter:creator\" content=\"@radioljubuski\" \/>\n<meta name=\"twitter:site\" content=\"@radioljubuski\" \/>\n<meta name=\"twitter:label1\" content=\"Napisao\/la\" \/>\n\t<meta name=\"twitter:data1\" content=\"Radio Ljubu\u0161ki\" \/>\n\t<meta name=\"twitter:label2\" content=\"Procijenjeno vrijeme \u010ditanja\" \/>\n\t<meta name=\"twitter:data2\" content=\"1 minuta\" \/>\n<script type=\"application\/ld+json\" class=\"yoast-schema-graph\">{\"@context\":\"https:\\\/\\\/schema.org\",\"@graph\":[{\"@type\":\"Article\",\"@id\":\"https:\\\/\\\/radioljubuski.ba\\\/index.php\\\/2022\\\/03\\\/09\\\/tajma-i-sanjin-drljevic-ozivjeli-smo-stari-zanat-dimnjacarstva-nakon-39-godina-u-mostaru\\\/#article\",\"isPartOf\":{\"@id\":\"https:\\\/\\\/radioljubuski.ba\\\/index.php\\\/2022\\\/03\\\/09\\\/tajma-i-sanjin-drljevic-ozivjeli-smo-stari-zanat-dimnjacarstva-nakon-39-godina-u-mostaru\\\/\"},\"author\":{\"name\":\"Radio Ljubu\u0161ki\",\"@id\":\"https:\\\/\\\/radioljubuski.ba\\\/#\\\/schema\\\/person\\\/19fc700381a780f69665d7956c469e3b\"},\"headline\":\"Tajma i Sanjin Drljevi\u0107: \u201cO\u017eivjeli smo stari zanat dimnja\u010darstva, nakon 39 godina u Mostaru!\u201d\",\"datePublished\":\"2022-03-09T17:03:44+00:00\",\"dateModified\":\"2022-03-09T17:03:46+00:00\",\"mainEntityOfPage\":{\"@id\":\"https:\\\/\\\/radioljubuski.ba\\\/index.php\\\/2022\\\/03\\\/09\\\/tajma-i-sanjin-drljevic-ozivjeli-smo-stari-zanat-dimnjacarstva-nakon-39-godina-u-mostaru\\\/\"},\"wordCount\":129,\"publisher\":{\"@id\":\"https:\\\/\\\/radioljubuski.ba\\\/#organization\"},\"image\":{\"@id\":\"https:\\\/\\\/radioljubuski.ba\\\/index.php\\\/2022\\\/03\\\/09\\\/tajma-i-sanjin-drljevic-ozivjeli-smo-stari-zanat-dimnjacarstva-nakon-39-godina-u-mostaru\\\/#primaryimage\"},\"thumbnailUrl\":\"https:\\\/\\\/radioljubuski.ba\\\/wp-content\\\/uploads\\\/2022\\\/03\\\/2-2022-03-09-13-48-43-1646828855-dimnjacari-750x422-1.jpg\",\"articleSection\":[\"BIH i regija\"],\"inLanguage\":\"hr\"},{\"@type\":\"WebPage\",\"@id\":\"https:\\\/\\\/radioljubuski.ba\\\/index.php\\\/2022\\\/03\\\/09\\\/tajma-i-sanjin-drljevic-ozivjeli-smo-stari-zanat-dimnjacarstva-nakon-39-godina-u-mostaru\\\/\",\"url\":\"https:\\\/\\\/radioljubuski.ba\\\/index.php\\\/2022\\\/03\\\/09\\\/tajma-i-sanjin-drljevic-ozivjeli-smo-stari-zanat-dimnjacarstva-nakon-39-godina-u-mostaru\\\/\",\"name\":\"Tajma i Sanjin Drljevi\u0107: \u201cO\u017eivjeli smo stari zanat dimnja\u010darstva, nakon 39 godina u Mostaru!\u201d - RADIO LJUBU\u0160KI\",\"isPartOf\":{\"@id\":\"https:\\\/\\\/radioljubuski.ba\\\/#website\"},\"primaryImageOfPage\":{\"@id\":\"https:\\\/\\\/radioljubuski.ba\\\/index.php\\\/2022\\\/03\\\/09\\\/tajma-i-sanjin-drljevic-ozivjeli-smo-stari-zanat-dimnjacarstva-nakon-39-godina-u-mostaru\\\/#primaryimage\"},\"image\":{\"@id\":\"https:\\\/\\\/radioljubuski.ba\\\/index.php\\\/2022\\\/03\\\/09\\\/tajma-i-sanjin-drljevic-ozivjeli-smo-stari-zanat-dimnjacarstva-nakon-39-godina-u-mostaru\\\/#primaryimage\"},\"thumbnailUrl\":\"https:\\\/\\\/radioljubuski.ba\\\/wp-content\\\/uploads\\\/2022\\\/03\\\/2-2022-03-09-13-48-43-1646828855-dimnjacari-750x422-1.jpg\",\"datePublished\":\"2022-03-09T17:03:44+00:00\",\"dateModified\":\"2022-03-09T17:03:46+00:00\",\"breadcrumb\":{\"@id\":\"https:\\\/\\\/radioljubuski.ba\\\/index.php\\\/2022\\\/03\\\/09\\\/tajma-i-sanjin-drljevic-ozivjeli-smo-stari-zanat-dimnjacarstva-nakon-39-godina-u-mostaru\\\/#breadcrumb\"},\"inLanguage\":\"hr\",\"potentialAction\":[{\"@type\":\"ReadAction\",\"target\":[\"https:\\\/\\\/radioljubuski.ba\\\/index.php\\\/2022\\\/03\\\/09\\\/tajma-i-sanjin-drljevic-ozivjeli-smo-stari-zanat-dimnjacarstva-nakon-39-godina-u-mostaru\\\/\"]}]},{\"@type\":\"ImageObject\",\"inLanguage\":\"hr\",\"@id\":\"https:\\\/\\\/radioljubuski.ba\\\/index.php\\\/2022\\\/03\\\/09\\\/tajma-i-sanjin-drljevic-ozivjeli-smo-stari-zanat-dimnjacarstva-nakon-39-godina-u-mostaru\\\/#primaryimage\",\"url\":\"https:\\\/\\\/radioljubuski.ba\\\/wp-content\\\/uploads\\\/2022\\\/03\\\/2-2022-03-09-13-48-43-1646828855-dimnjacari-750x422-1.jpg\",\"contentUrl\":\"https:\\\/\\\/radioljubuski.ba\\\/wp-content\\\/uploads\\\/2022\\\/03\\\/2-2022-03-09-13-48-43-1646828855-dimnjacari-750x422-1.jpg\",\"width\":1000,\"height\":625},{\"@type\":\"BreadcrumbList\",\"@id\":\"https:\\\/\\\/radioljubuski.ba\\\/index.php\\\/2022\\\/03\\\/09\\\/tajma-i-sanjin-drljevic-ozivjeli-smo-stari-zanat-dimnjacarstva-nakon-39-godina-u-mostaru\\\/#breadcrumb\",\"itemListElement\":[{\"@type\":\"ListItem\",\"position\":1,\"name\":\"Po\u010detna stranica\",\"item\":\"https:\\\/\\\/radioljubuski.ba\\\/\"},{\"@type\":\"ListItem\",\"position\":2,\"name\":\"Tajma i Sanjin Drljevi\u0107: \u201cO\u017eivjeli smo stari zanat dimnja\u010darstva, nakon 39 godina u Mostaru!\u201d\"}]},{\"@type\":\"WebSite\",\"@id\":\"https:\\\/\\\/radioljubuski.ba\\\/#website\",\"url\":\"https:\\\/\\\/radioljubuski.ba\\\/\",\"name\":\"Radio Ljubu\u0161ki\",\"description\":\"Sun\u010dana frekvencija Hercegovine\",\"publisher\":{\"@id\":\"https:\\\/\\\/radioljubuski.ba\\\/#organization\"},\"potentialAction\":[{\"@type\":\"SearchAction\",\"target\":{\"@type\":\"EntryPoint\",\"urlTemplate\":\"https:\\\/\\\/radioljubuski.ba\\\/?s={search_term_string}\"},\"query-input\":{\"@type\":\"PropertyValueSpecification\",\"valueRequired\":true,\"valueName\":\"search_term_string\"}}],\"inLanguage\":\"hr\"},{\"@type\":\"Organization\",\"@id\":\"https:\\\/\\\/radioljubuski.ba\\\/#organization\",\"name\":\"Radio Ljubu\u0161ki\",\"url\":\"https:\\\/\\\/radioljubuski.ba\\\/\",\"logo\":{\"@type\":\"ImageObject\",\"inLanguage\":\"hr\",\"@id\":\"https:\\\/\\\/radioljubuski.ba\\\/#\\\/schema\\\/logo\\\/image\\\/\",\"url\":\"https:\\\/\\\/radioljubuski.ba\\\/wp-content\\\/uploads\\\/2021\\\/02\\\/cropped-Radio_Ljubuski_logo1.jpg\",\"contentUrl\":\"https:\\\/\\\/radioljubuski.ba\\\/wp-content\\\/uploads\\\/2021\\\/02\\\/cropped-Radio_Ljubuski_logo1.jpg\",\"width\":512,\"height\":512,\"caption\":\"Radio Ljubu\u0161ki\"},\"image\":{\"@id\":\"https:\\\/\\\/radioljubuski.ba\\\/#\\\/schema\\\/logo\\\/image\\\/\"},\"sameAs\":[\"https:\\\/\\\/www.facebook.com\\\/Radiio-Ljubuski-1490835324566332\",\"https:\\\/\\\/x.com\\\/radioljubuski\",\"https:\\\/\\\/hr.linkedin.com\\\/company\\\/radio-ljubuski\",\"https:\\\/\\\/www.youtube.com\\\/channel\\\/UCHYaeO_n0Db3tjNGudGpXyw\"]},{\"@type\":\"Person\",\"@id\":\"https:\\\/\\\/radioljubuski.ba\\\/#\\\/schema\\\/person\\\/19fc700381a780f69665d7956c469e3b\",\"name\":\"Radio Ljubu\u0161ki\"}]}<\/script>\n<!-- \/ Yoast SEO plugin. -->","yoast_head_json":{"title":"Tajma i Sanjin Drljevi\u0107: \u201cO\u017eivjeli smo stari zanat dimnja\u010darstva, nakon 39 godina u Mostaru!\u201d - RADIO LJUBU\u0160KI","robots":{"index":"index","follow":"follow","max-snippet":"max-snippet:-1","max-image-preview":"max-image-preview:large","max-video-preview":"max-video-preview:-1"},"canonical":"https:\/\/radioljubuski.ba\/index.php\/2022\/03\/09\/tajma-i-sanjin-drljevic-ozivjeli-smo-stari-zanat-dimnjacarstva-nakon-39-godina-u-mostaru\/","og_locale":"hr_HR","og_type":"article","og_title":"Tajma i Sanjin Drljevi\u0107: \u201cO\u017eivjeli smo stari zanat dimnja\u010darstva, nakon 39 godina u Mostaru!\u201d - RADIO LJUBU\u0160KI","og_description":"Tajma i Sanjin Drljevi\u0107 su mladi bra\u010dni par iz Mostara, posebni zbog toga \u0161to su prije dvije godine pokrenuli jedan specifi\u010dan biznis. Naime, oni su potaknuti vlastitom potrebom, odlu\u010dili osnivati firmu za dimnja\u010dare u rodnom gradu. Kako ponosno ka\u017eu, takva vrsta zanata nije postojala zadnja \u010detiri destelje\u0107a u Mostaru. Nakon tri godine obuke za dimnja\u010dare, [&hellip;]","og_url":"https:\/\/radioljubuski.ba\/index.php\/2022\/03\/09\/tajma-i-sanjin-drljevic-ozivjeli-smo-stari-zanat-dimnjacarstva-nakon-39-godina-u-mostaru\/","og_site_name":"RADIO LJUBU\u0160KI","article_publisher":"https:\/\/www.facebook.com\/Radiio-Ljubuski-1490835324566332","article_published_time":"2022-03-09T17:03:44+00:00","article_modified_time":"2022-03-09T17:03:46+00:00","og_image":[{"width":1000,"height":625,"url":"https:\/\/radioljubuski.ba\/wp-content\/uploads\/2022\/03\/2-2022-03-09-13-48-43-1646828855-dimnjacari-750x422-1.jpg","type":"image\/jpeg"}],"author":"Radio Ljubu\u0161ki","twitter_card":"summary_large_image","twitter_creator":"@radioljubuski","twitter_site":"@radioljubuski","twitter_misc":{"Napisao\/la":"Radio Ljubu\u0161ki","Procijenjeno vrijeme \u010ditanja":"1 minuta"},"schema":{"@context":"https:\/\/schema.org","@graph":[{"@type":"Article","@id":"https:\/\/radioljubuski.ba\/index.php\/2022\/03\/09\/tajma-i-sanjin-drljevic-ozivjeli-smo-stari-zanat-dimnjacarstva-nakon-39-godina-u-mostaru\/#article","isPartOf":{"@id":"https:\/\/radioljubuski.ba\/index.php\/2022\/03\/09\/tajma-i-sanjin-drljevic-ozivjeli-smo-stari-zanat-dimnjacarstva-nakon-39-godina-u-mostaru\/"},"author":{"name":"Radio Ljubu\u0161ki","@id":"https:\/\/radioljubuski.ba\/#\/schema\/person\/19fc700381a780f69665d7956c469e3b"},"headline":"Tajma i Sanjin Drljevi\u0107: \u201cO\u017eivjeli smo stari zanat dimnja\u010darstva, nakon 39 godina u Mostaru!\u201d","datePublished":"2022-03-09T17:03:44+00:00","dateModified":"2022-03-09T17:03:46+00:00","mainEntityOfPage":{"@id":"https:\/\/radioljubuski.ba\/index.php\/2022\/03\/09\/tajma-i-sanjin-drljevic-ozivjeli-smo-stari-zanat-dimnjacarstva-nakon-39-godina-u-mostaru\/"},"wordCount":129,"publisher":{"@id":"https:\/\/radioljubuski.ba\/#organization"},"image":{"@id":"https:\/\/radioljubuski.ba\/index.php\/2022\/03\/09\/tajma-i-sanjin-drljevic-ozivjeli-smo-stari-zanat-dimnjacarstva-nakon-39-godina-u-mostaru\/#primaryimage"},"thumbnailUrl":"https:\/\/radioljubuski.ba\/wp-content\/uploads\/2022\/03\/2-2022-03-09-13-48-43-1646828855-dimnjacari-750x422-1.jpg","articleSection":["BIH i regija"],"inLanguage":"hr"},{"@type":"WebPage","@id":"https:\/\/radioljubuski.ba\/index.php\/2022\/03\/09\/tajma-i-sanjin-drljevic-ozivjeli-smo-stari-zanat-dimnjacarstva-nakon-39-godina-u-mostaru\/","url":"https:\/\/radioljubuski.ba\/index.php\/2022\/03\/09\/tajma-i-sanjin-drljevic-ozivjeli-smo-stari-zanat-dimnjacarstva-nakon-39-godina-u-mostaru\/","name":"Tajma i Sanjin Drljevi\u0107: \u201cO\u017eivjeli smo stari zanat dimnja\u010darstva, nakon 39 godina u Mostaru!\u201d - RADIO LJUBU\u0160KI","isPartOf":{"@id":"https:\/\/radioljubuski.ba\/#website"},"primaryImageOfPage":{"@id":"https:\/\/radioljubuski.ba\/index.php\/2022\/03\/09\/tajma-i-sanjin-drljevic-ozivjeli-smo-stari-zanat-dimnjacarstva-nakon-39-godina-u-mostaru\/#primaryimage"},"image":{"@id":"https:\/\/radioljubuski.ba\/index.php\/2022\/03\/09\/tajma-i-sanjin-drljevic-ozivjeli-smo-stari-zanat-dimnjacarstva-nakon-39-godina-u-mostaru\/#primaryimage"},"thumbnailUrl":"https:\/\/radioljubuski.ba\/wp-content\/uploads\/2022\/03\/2-2022-03-09-13-48-43-1646828855-dimnjacari-750x422-1.jpg","datePublished":"2022-03-09T17:03:44+00:00","dateModified":"2022-03-09T17:03:46+00:00","breadcrumb":{"@id":"https:\/\/radioljubuski.ba\/index.php\/2022\/03\/09\/tajma-i-sanjin-drljevic-ozivjeli-smo-stari-zanat-dimnjacarstva-nakon-39-godina-u-mostaru\/#breadcrumb"},"inLanguage":"hr","potentialAction":[{"@type":"ReadAction","target":["https:\/\/radioljubuski.ba\/index.php\/2022\/03\/09\/tajma-i-sanjin-drljevic-ozivjeli-smo-stari-zanat-dimnjacarstva-nakon-39-godina-u-mostaru\/"]}]},{"@type":"ImageObject","inLanguage":"hr","@id":"https:\/\/radioljubuski.ba\/index.php\/2022\/03\/09\/tajma-i-sanjin-drljevic-ozivjeli-smo-stari-zanat-dimnjacarstva-nakon-39-godina-u-mostaru\/#primaryimage","url":"https:\/\/radioljubuski.ba\/wp-content\/uploads\/2022\/03\/2-2022-03-09-13-48-43-1646828855-dimnjacari-750x422-1.jpg","contentUrl":"https:\/\/radioljubuski.ba\/wp-content\/uploads\/2022\/03\/2-2022-03-09-13-48-43-1646828855-dimnjacari-750x422-1.jpg","width":1000,"height":625},{"@type":"BreadcrumbList","@id":"https:\/\/radioljubuski.ba\/index.php\/2022\/03\/09\/tajma-i-sanjin-drljevic-ozivjeli-smo-stari-zanat-dimnjacarstva-nakon-39-godina-u-mostaru\/#breadcrumb","itemListElement":[{"@type":"ListItem","position":1,"name":"Po\u010detna stranica","item":"https:\/\/radioljubuski.ba\/"},{"@type":"ListItem","position":2,"name":"Tajma i Sanjin Drljevi\u0107: \u201cO\u017eivjeli smo stari zanat dimnja\u010darstva, nakon 39 godina u Mostaru!\u201d"}]},{"@type":"WebSite","@id":"https:\/\/radioljubuski.ba\/#website","url":"https:\/\/radioljubuski.ba\/","name":"Radio Ljubu\u0161ki","description":"Sun\u010dana frekvencija Hercegovine","publisher":{"@id":"https:\/\/radioljubuski.ba\/#organization"},"potentialAction":[{"@type":"SearchAction","target":{"@type":"EntryPoint","urlTemplate":"https:\/\/radioljubuski.ba\/?s={search_term_string}"},"query-input":{"@type":"PropertyValueSpecification","valueRequired":true,"valueName":"search_term_string"}}],"inLanguage":"hr"},{"@type":"Organization","@id":"https:\/\/radioljubuski.ba\/#organization","name":"Radio Ljubu\u0161ki","url":"https:\/\/radioljubuski.ba\/","logo":{"@type":"ImageObject","inLanguage":"hr","@id":"https:\/\/radioljubuski.ba\/#\/schema\/logo\/image\/","url":"https:\/\/radioljubuski.ba\/wp-content\/uploads\/2021\/02\/cropped-Radio_Ljubuski_logo1.jpg","contentUrl":"https:\/\/radioljubuski.ba\/wp-content\/uploads\/2021\/02\/cropped-Radio_Ljubuski_logo1.jpg","width":512,"height":512,"caption":"Radio Ljubu\u0161ki"},"image":{"@id":"https:\/\/radioljubuski.ba\/#\/schema\/logo\/image\/"},"sameAs":["https:\/\/www.facebook.com\/Radiio-Ljubuski-1490835324566332","https:\/\/x.com\/radioljubuski","https:\/\/hr.linkedin.com\/company\/radio-ljubuski","https:\/\/www.youtube.com\/channel\/UCHYaeO_n0Db3tjNGudGpXyw"]},{"@type":"Person","@id":"https:\/\/radioljubuski.ba\/#\/schema\/person\/19fc700381a780f69665d7956c469e3b","name":"Radio Ljubu\u0161ki"}]}},"_links":{"self":[{"href":"https:\/\/radioljubuski.ba\/index.php\/wp-json\/wp\/v2\/posts\/119704","targetHints":{"allow":["GET"]}}],"collection":[{"href":"https:\/\/radioljubuski.ba\/index.php\/wp-json\/wp\/v2\/posts"}],"about":[{"href":"https:\/\/radioljubuski.ba\/index.php\/wp-json\/wp\/v2\/types\/post"}],"author":[{"embeddable":true,"href":"https:\/\/radioljubuski.ba\/index.php\/wp-json\/wp\/v2\/users\/2"}],"replies":[{"embeddable":true,"href":"https:\/\/radioljubuski.ba\/index.php\/wp-json\/wp\/v2\/comments?post=119704"}],"version-history":[{"count":1,"href":"https:\/\/radioljubuski.ba\/index.php\/wp-json\/wp\/v2\/posts\/119704\/revisions"}],"predecessor-version":[{"id":119706,"href":"https:\/\/radioljubuski.ba\/index.php\/wp-json\/wp\/v2\/posts\/119704\/revisions\/119706"}],"wp:featuredmedia":[{"embeddable":true,"href":"https:\/\/radioljubuski.ba\/index.php\/wp-json\/wp\/v2\/media\/119705"}],"wp:attachment":[{"href":"https:\/\/radioljubuski.ba\/index.php\/wp-json\/wp\/v2\/media?parent=119704"}],"wp:term":[{"taxonomy":"category","embeddable":true,"href":"https:\/\/radioljubuski.ba\/index.php\/wp-json\/wp\/v2\/categories?post=119704"},{"taxonomy":"post_tag","embeddable":true,"href":"https:\/\/radioljubuski.ba\/index.php\/wp-json\/wp\/v2\/tags?post=119704"}],"curies":[{"name":"wp","href":"https:\/\/api.w.org\/{rel}","templated":true}]}}