{"id":119721,"date":"2022-03-09T18:11:33","date_gmt":"2022-03-09T17:11:33","guid":{"rendered":"https:\/\/radioljubuski.ba\/?p=119721"},"modified":"2022-03-09T18:11:34","modified_gmt":"2022-03-09T17:11:34","slug":"odrzan-okrugli-stol-govor-mrznje-u-medijima-u-bih-na-filozofskom-fakultetu","status":"publish","type":"post","link":"https:\/\/radioljubuski.ba\/index.php\/2022\/03\/09\/odrzan-okrugli-stol-govor-mrznje-u-medijima-u-bih-na-filozofskom-fakultetu\/","title":{"rendered":"Odr\u017ean Okrugli stol: Govor mr\u017enje u medijima u BiH na Filozofskom fakultetu"},"content":{"rendered":"\n<p>Okrugli stol: Govor mr\u017enje u medijima u BiH odr\u017ean je na Filozofskom fakultetu Sveu\u010dili\u0161ta u Mostaru u organizaciji Studija novinarstva i odnosa s javno\u0161\u0107u.<\/p>\n\n\n\n<p>Rektor Sveu\u010dili\u0161ta u Mostaru prof. dr. sc. Zoran Tomi\u0107 je kazao kako govor mr\u017enje treba tra\u017eiti u svakom pojedincu. \u201eOn dolazi od nedostatka odgoja, obrazovanja, nekompetencije, nedostatka argumenta u raspravi koji tjeraju pojedinca na agresivnost.&nbsp; Posljedica je velika unutarnja praznina tog pojedinca, njegova neizgra\u0111enost. \u010cesto se koriste te\u0161ke rije\u010di zbog neznanja\u201c, kazao je rektor Tomi\u0107 i dodao kako je jedini recept za svakog koji \u0161iri mr\u017enju da po\u010dne raditi na sebi, a prvi korak je \u010ditanje i u\u010denje.&nbsp;<\/p>\n\n\n\n<p>Cilj okruglog stola je ja\u010dati svijest pojedinaca, dru\u0161tva i struke o va\u017enosti prepoznavanja i kritiziranja govora mr\u017enje.<\/p>\n\n\n\n<p>Doc. dr. sc. Sini\u0161a Kova\u010di\u0107, glavni urednik Hrvatske katoli\u010dke mre\u017ee i predava\u010d na Sveu\u010dili\u0161tu u Mostaru odr\u017eao je izlaganje o prepoznavanju govora mr\u017enje. \u201eU\u010dinci govora mr\u017enje vi\u0161estruko su \u0161tetni prije svega na slobodu govora. \u0160tetni su i mogu biti pogubni za odre\u0111ene dru\u0161tvene skupine i njihove pripadnike kao \u0161to su izazivanje emocionalnog stresa, osje\u0107aja poni\u017eenja te mogu\u0107nost poticanja na fizi\u010dko nasilje pojedina\u010dno ili masovno\u201c, kazao je Kova\u010di\u0107 i objasnio kako je na svima nama odgovornost da budemo \u010duvari dru\u0161tvenoga mira.&nbsp;<\/p>\n\n\n\n<p>Okrugli stol potaknuo je raspravu o ovoj, za cjelokupno dru\u0161tvo, va\u017enoj temi kroz izlaganja stru\u010dnjaka i sudionika. Bavio se prepoznavanjem govora mr\u017enje, uloge medija u navedenom procesu te odgovornosti pojedinaca koji putem korisni\u010dkih objava govorom mr\u017enje kontaminiraju medijske sadr\u017eaje.&nbsp;<\/p>\n\n\n\n<p>Izlaga\u010di su jo\u0161 bili Jurica Gudelj, glavni urednik portala Dnevnik.ba, doc. dr. sc. \u0110or\u0111e Obradovi\u0107 sa Sveu\u010dili\u0161ta u Dubrovniku, prof. dr. sc. Ilija Musa, zamjenik ravnatelja Federalne novinske agencije i profesor na Sveu\u010dili\u0161tu u Mostaru, Valentina Rup\u010di\u0107, zamjenica glavnog urednika Ve\u010dernjeg lista BiH i doc. dr. sc. Ivona \u010carapina Zovko sa Sveu\u010dili\u0161ta u Mostaru.<\/p>\n\n\n\n<p>Izvor:pogled.ba<\/p>\n","protected":false},"excerpt":{"rendered":"<p>Okrugli stol: Govor mr\u017enje u medijima u BiH odr\u017ean je na Filozofskom fakultetu Sveu\u010dili\u0161ta u Mostaru u organizaciji Studija novinarstva i odnosa s javno\u0161\u0107u. Rektor Sveu\u010dili\u0161ta u Mostaru prof. dr. sc. Zoran Tomi\u0107 je kazao kako govor mr\u017enje treba tra\u017eiti u svakom pojedincu. \u201eOn dolazi od nedostatka odgoja, obrazovanja, nekompetencije, nedostatka argumenta u raspravi koji [&hellip;]<\/p>\n","protected":false},"author":2,"featured_media":119722,"comment_status":"closed","ping_status":"closed","sticky":false,"template":"","format":"standard","meta":{"h5ap_radio_sources":[],"footnotes":""},"categories":[1],"tags":[],"class_list":["post-119721","post","type-post","status-publish","format-standard","has-post-thumbnail","hentry","category-bihiregija"],"yoast_head":"<!-- This site is optimized with the Yoast SEO plugin v27.5 - https:\/\/yoast.com\/product\/yoast-seo-wordpress\/ -->\n<title>Odr\u017ean Okrugli stol: Govor mr\u017enje u medijima u BiH na Filozofskom fakultetu - RADIO LJUBU\u0160KI<\/title>\n<meta name=\"robots\" content=\"index, follow, max-snippet:-1, max-image-preview:large, max-video-preview:-1\" \/>\n<link rel=\"canonical\" href=\"https:\/\/radioljubuski.ba\/index.php\/2022\/03\/09\/odrzan-okrugli-stol-govor-mrznje-u-medijima-u-bih-na-filozofskom-fakultetu\/\" \/>\n<meta property=\"og:locale\" content=\"hr_HR\" \/>\n<meta property=\"og:type\" content=\"article\" \/>\n<meta property=\"og:title\" content=\"Odr\u017ean Okrugli stol: Govor mr\u017enje u medijima u BiH na Filozofskom fakultetu - RADIO LJUBU\u0160KI\" \/>\n<meta property=\"og:description\" content=\"Okrugli stol: Govor mr\u017enje u medijima u BiH odr\u017ean je na Filozofskom fakultetu Sveu\u010dili\u0161ta u Mostaru u organizaciji Studija novinarstva i odnosa s javno\u0161\u0107u. Rektor Sveu\u010dili\u0161ta u Mostaru prof. dr. sc. Zoran Tomi\u0107 je kazao kako govor mr\u017enje treba tra\u017eiti u svakom pojedincu. \u201eOn dolazi od nedostatka odgoja, obrazovanja, nekompetencije, nedostatka argumenta u raspravi koji [&hellip;]\" \/>\n<meta property=\"og:url\" content=\"https:\/\/radioljubuski.ba\/index.php\/2022\/03\/09\/odrzan-okrugli-stol-govor-mrznje-u-medijima-u-bih-na-filozofskom-fakultetu\/\" \/>\n<meta property=\"og:site_name\" content=\"RADIO LJUBU\u0160KI\" \/>\n<meta property=\"article:publisher\" content=\"https:\/\/www.facebook.com\/Radiio-Ljubuski-1490835324566332\" \/>\n<meta property=\"article:published_time\" content=\"2022-03-09T17:11:33+00:00\" \/>\n<meta property=\"article:modified_time\" content=\"2022-03-09T17:11:34+00:00\" \/>\n<meta property=\"og:image\" content=\"https:\/\/radioljubuski.ba\/wp-content\/uploads\/2022\/03\/2-2022-03-09-14-38-04-okrugli-stol.jpeg\" \/>\n\t<meta property=\"og:image:width\" content=\"1000\" \/>\n\t<meta property=\"og:image:height\" content=\"625\" \/>\n\t<meta property=\"og:image:type\" content=\"image\/jpeg\" \/>\n<meta name=\"author\" content=\"Radio Ljubu\u0161ki\" \/>\n<meta name=\"twitter:card\" content=\"summary_large_image\" \/>\n<meta name=\"twitter:creator\" content=\"@radioljubuski\" \/>\n<meta name=\"twitter:site\" content=\"@radioljubuski\" \/>\n<meta name=\"twitter:label1\" content=\"Napisao\/la\" \/>\n\t<meta name=\"twitter:data1\" content=\"Radio Ljubu\u0161ki\" \/>\n\t<meta name=\"twitter:label2\" content=\"Procijenjeno vrijeme \u010ditanja\" \/>\n\t<meta name=\"twitter:data2\" content=\"2 minute\" \/>\n<script type=\"application\/ld+json\" class=\"yoast-schema-graph\">{\"@context\":\"https:\\\/\\\/schema.org\",\"@graph\":[{\"@type\":\"Article\",\"@id\":\"https:\\\/\\\/radioljubuski.ba\\\/index.php\\\/2022\\\/03\\\/09\\\/odrzan-okrugli-stol-govor-mrznje-u-medijima-u-bih-na-filozofskom-fakultetu\\\/#article\",\"isPartOf\":{\"@id\":\"https:\\\/\\\/radioljubuski.ba\\\/index.php\\\/2022\\\/03\\\/09\\\/odrzan-okrugli-stol-govor-mrznje-u-medijima-u-bih-na-filozofskom-fakultetu\\\/\"},\"author\":{\"name\":\"Radio Ljubu\u0161ki\",\"@id\":\"https:\\\/\\\/radioljubuski.ba\\\/#\\\/schema\\\/person\\\/19fc700381a780f69665d7956c469e3b\"},\"headline\":\"Odr\u017ean Okrugli stol: Govor mr\u017enje u medijima u BiH na Filozofskom fakultetu\",\"datePublished\":\"2022-03-09T17:11:33+00:00\",\"dateModified\":\"2022-03-09T17:11:34+00:00\",\"mainEntityOfPage\":{\"@id\":\"https:\\\/\\\/radioljubuski.ba\\\/index.php\\\/2022\\\/03\\\/09\\\/odrzan-okrugli-stol-govor-mrznje-u-medijima-u-bih-na-filozofskom-fakultetu\\\/\"},\"wordCount\":370,\"publisher\":{\"@id\":\"https:\\\/\\\/radioljubuski.ba\\\/#organization\"},\"image\":{\"@id\":\"https:\\\/\\\/radioljubuski.ba\\\/index.php\\\/2022\\\/03\\\/09\\\/odrzan-okrugli-stol-govor-mrznje-u-medijima-u-bih-na-filozofskom-fakultetu\\\/#primaryimage\"},\"thumbnailUrl\":\"https:\\\/\\\/radioljubuski.ba\\\/wp-content\\\/uploads\\\/2022\\\/03\\\/2-2022-03-09-14-38-04-okrugli-stol.jpeg\",\"articleSection\":[\"BIH i regija\"],\"inLanguage\":\"hr\"},{\"@type\":\"WebPage\",\"@id\":\"https:\\\/\\\/radioljubuski.ba\\\/index.php\\\/2022\\\/03\\\/09\\\/odrzan-okrugli-stol-govor-mrznje-u-medijima-u-bih-na-filozofskom-fakultetu\\\/\",\"url\":\"https:\\\/\\\/radioljubuski.ba\\\/index.php\\\/2022\\\/03\\\/09\\\/odrzan-okrugli-stol-govor-mrznje-u-medijima-u-bih-na-filozofskom-fakultetu\\\/\",\"name\":\"Odr\u017ean Okrugli stol: Govor mr\u017enje u medijima u BiH na Filozofskom fakultetu - RADIO LJUBU\u0160KI\",\"isPartOf\":{\"@id\":\"https:\\\/\\\/radioljubuski.ba\\\/#website\"},\"primaryImageOfPage\":{\"@id\":\"https:\\\/\\\/radioljubuski.ba\\\/index.php\\\/2022\\\/03\\\/09\\\/odrzan-okrugli-stol-govor-mrznje-u-medijima-u-bih-na-filozofskom-fakultetu\\\/#primaryimage\"},\"image\":{\"@id\":\"https:\\\/\\\/radioljubuski.ba\\\/index.php\\\/2022\\\/03\\\/09\\\/odrzan-okrugli-stol-govor-mrznje-u-medijima-u-bih-na-filozofskom-fakultetu\\\/#primaryimage\"},\"thumbnailUrl\":\"https:\\\/\\\/radioljubuski.ba\\\/wp-content\\\/uploads\\\/2022\\\/03\\\/2-2022-03-09-14-38-04-okrugli-stol.jpeg\",\"datePublished\":\"2022-03-09T17:11:33+00:00\",\"dateModified\":\"2022-03-09T17:11:34+00:00\",\"breadcrumb\":{\"@id\":\"https:\\\/\\\/radioljubuski.ba\\\/index.php\\\/2022\\\/03\\\/09\\\/odrzan-okrugli-stol-govor-mrznje-u-medijima-u-bih-na-filozofskom-fakultetu\\\/#breadcrumb\"},\"inLanguage\":\"hr\",\"potentialAction\":[{\"@type\":\"ReadAction\",\"target\":[\"https:\\\/\\\/radioljubuski.ba\\\/index.php\\\/2022\\\/03\\\/09\\\/odrzan-okrugli-stol-govor-mrznje-u-medijima-u-bih-na-filozofskom-fakultetu\\\/\"]}]},{\"@type\":\"ImageObject\",\"inLanguage\":\"hr\",\"@id\":\"https:\\\/\\\/radioljubuski.ba\\\/index.php\\\/2022\\\/03\\\/09\\\/odrzan-okrugli-stol-govor-mrznje-u-medijima-u-bih-na-filozofskom-fakultetu\\\/#primaryimage\",\"url\":\"https:\\\/\\\/radioljubuski.ba\\\/wp-content\\\/uploads\\\/2022\\\/03\\\/2-2022-03-09-14-38-04-okrugli-stol.jpeg\",\"contentUrl\":\"https:\\\/\\\/radioljubuski.ba\\\/wp-content\\\/uploads\\\/2022\\\/03\\\/2-2022-03-09-14-38-04-okrugli-stol.jpeg\",\"width\":1000,\"height\":625},{\"@type\":\"BreadcrumbList\",\"@id\":\"https:\\\/\\\/radioljubuski.ba\\\/index.php\\\/2022\\\/03\\\/09\\\/odrzan-okrugli-stol-govor-mrznje-u-medijima-u-bih-na-filozofskom-fakultetu\\\/#breadcrumb\",\"itemListElement\":[{\"@type\":\"ListItem\",\"position\":1,\"name\":\"Po\u010detna stranica\",\"item\":\"https:\\\/\\\/radioljubuski.ba\\\/\"},{\"@type\":\"ListItem\",\"position\":2,\"name\":\"Odr\u017ean Okrugli stol: Govor mr\u017enje u medijima u BiH na Filozofskom fakultetu\"}]},{\"@type\":\"WebSite\",\"@id\":\"https:\\\/\\\/radioljubuski.ba\\\/#website\",\"url\":\"https:\\\/\\\/radioljubuski.ba\\\/\",\"name\":\"Radio Ljubu\u0161ki\",\"description\":\"Sun\u010dana frekvencija Hercegovine\",\"publisher\":{\"@id\":\"https:\\\/\\\/radioljubuski.ba\\\/#organization\"},\"potentialAction\":[{\"@type\":\"SearchAction\",\"target\":{\"@type\":\"EntryPoint\",\"urlTemplate\":\"https:\\\/\\\/radioljubuski.ba\\\/?s={search_term_string}\"},\"query-input\":{\"@type\":\"PropertyValueSpecification\",\"valueRequired\":true,\"valueName\":\"search_term_string\"}}],\"inLanguage\":\"hr\"},{\"@type\":\"Organization\",\"@id\":\"https:\\\/\\\/radioljubuski.ba\\\/#organization\",\"name\":\"Radio Ljubu\u0161ki\",\"url\":\"https:\\\/\\\/radioljubuski.ba\\\/\",\"logo\":{\"@type\":\"ImageObject\",\"inLanguage\":\"hr\",\"@id\":\"https:\\\/\\\/radioljubuski.ba\\\/#\\\/schema\\\/logo\\\/image\\\/\",\"url\":\"https:\\\/\\\/radioljubuski.ba\\\/wp-content\\\/uploads\\\/2021\\\/02\\\/cropped-Radio_Ljubuski_logo1.jpg\",\"contentUrl\":\"https:\\\/\\\/radioljubuski.ba\\\/wp-content\\\/uploads\\\/2021\\\/02\\\/cropped-Radio_Ljubuski_logo1.jpg\",\"width\":512,\"height\":512,\"caption\":\"Radio Ljubu\u0161ki\"},\"image\":{\"@id\":\"https:\\\/\\\/radioljubuski.ba\\\/#\\\/schema\\\/logo\\\/image\\\/\"},\"sameAs\":[\"https:\\\/\\\/www.facebook.com\\\/Radiio-Ljubuski-1490835324566332\",\"https:\\\/\\\/x.com\\\/radioljubuski\",\"https:\\\/\\\/hr.linkedin.com\\\/company\\\/radio-ljubuski\",\"https:\\\/\\\/www.youtube.com\\\/channel\\\/UCHYaeO_n0Db3tjNGudGpXyw\"]},{\"@type\":\"Person\",\"@id\":\"https:\\\/\\\/radioljubuski.ba\\\/#\\\/schema\\\/person\\\/19fc700381a780f69665d7956c469e3b\",\"name\":\"Radio Ljubu\u0161ki\"}]}<\/script>\n<!-- \/ Yoast SEO plugin. -->","yoast_head_json":{"title":"Odr\u017ean Okrugli stol: Govor mr\u017enje u medijima u BiH na Filozofskom fakultetu - RADIO LJUBU\u0160KI","robots":{"index":"index","follow":"follow","max-snippet":"max-snippet:-1","max-image-preview":"max-image-preview:large","max-video-preview":"max-video-preview:-1"},"canonical":"https:\/\/radioljubuski.ba\/index.php\/2022\/03\/09\/odrzan-okrugli-stol-govor-mrznje-u-medijima-u-bih-na-filozofskom-fakultetu\/","og_locale":"hr_HR","og_type":"article","og_title":"Odr\u017ean Okrugli stol: Govor mr\u017enje u medijima u BiH na Filozofskom fakultetu - RADIO LJUBU\u0160KI","og_description":"Okrugli stol: Govor mr\u017enje u medijima u BiH odr\u017ean je na Filozofskom fakultetu Sveu\u010dili\u0161ta u Mostaru u organizaciji Studija novinarstva i odnosa s javno\u0161\u0107u. Rektor Sveu\u010dili\u0161ta u Mostaru prof. dr. sc. Zoran Tomi\u0107 je kazao kako govor mr\u017enje treba tra\u017eiti u svakom pojedincu. \u201eOn dolazi od nedostatka odgoja, obrazovanja, nekompetencije, nedostatka argumenta u raspravi koji [&hellip;]","og_url":"https:\/\/radioljubuski.ba\/index.php\/2022\/03\/09\/odrzan-okrugli-stol-govor-mrznje-u-medijima-u-bih-na-filozofskom-fakultetu\/","og_site_name":"RADIO LJUBU\u0160KI","article_publisher":"https:\/\/www.facebook.com\/Radiio-Ljubuski-1490835324566332","article_published_time":"2022-03-09T17:11:33+00:00","article_modified_time":"2022-03-09T17:11:34+00:00","og_image":[{"width":1000,"height":625,"url":"https:\/\/radioljubuski.ba\/wp-content\/uploads\/2022\/03\/2-2022-03-09-14-38-04-okrugli-stol.jpeg","type":"image\/jpeg"}],"author":"Radio Ljubu\u0161ki","twitter_card":"summary_large_image","twitter_creator":"@radioljubuski","twitter_site":"@radioljubuski","twitter_misc":{"Napisao\/la":"Radio Ljubu\u0161ki","Procijenjeno vrijeme \u010ditanja":"2 minute"},"schema":{"@context":"https:\/\/schema.org","@graph":[{"@type":"Article","@id":"https:\/\/radioljubuski.ba\/index.php\/2022\/03\/09\/odrzan-okrugli-stol-govor-mrznje-u-medijima-u-bih-na-filozofskom-fakultetu\/#article","isPartOf":{"@id":"https:\/\/radioljubuski.ba\/index.php\/2022\/03\/09\/odrzan-okrugli-stol-govor-mrznje-u-medijima-u-bih-na-filozofskom-fakultetu\/"},"author":{"name":"Radio Ljubu\u0161ki","@id":"https:\/\/radioljubuski.ba\/#\/schema\/person\/19fc700381a780f69665d7956c469e3b"},"headline":"Odr\u017ean Okrugli stol: Govor mr\u017enje u medijima u BiH na Filozofskom fakultetu","datePublished":"2022-03-09T17:11:33+00:00","dateModified":"2022-03-09T17:11:34+00:00","mainEntityOfPage":{"@id":"https:\/\/radioljubuski.ba\/index.php\/2022\/03\/09\/odrzan-okrugli-stol-govor-mrznje-u-medijima-u-bih-na-filozofskom-fakultetu\/"},"wordCount":370,"publisher":{"@id":"https:\/\/radioljubuski.ba\/#organization"},"image":{"@id":"https:\/\/radioljubuski.ba\/index.php\/2022\/03\/09\/odrzan-okrugli-stol-govor-mrznje-u-medijima-u-bih-na-filozofskom-fakultetu\/#primaryimage"},"thumbnailUrl":"https:\/\/radioljubuski.ba\/wp-content\/uploads\/2022\/03\/2-2022-03-09-14-38-04-okrugli-stol.jpeg","articleSection":["BIH i regija"],"inLanguage":"hr"},{"@type":"WebPage","@id":"https:\/\/radioljubuski.ba\/index.php\/2022\/03\/09\/odrzan-okrugli-stol-govor-mrznje-u-medijima-u-bih-na-filozofskom-fakultetu\/","url":"https:\/\/radioljubuski.ba\/index.php\/2022\/03\/09\/odrzan-okrugli-stol-govor-mrznje-u-medijima-u-bih-na-filozofskom-fakultetu\/","name":"Odr\u017ean Okrugli stol: Govor mr\u017enje u medijima u BiH na Filozofskom fakultetu - RADIO LJUBU\u0160KI","isPartOf":{"@id":"https:\/\/radioljubuski.ba\/#website"},"primaryImageOfPage":{"@id":"https:\/\/radioljubuski.ba\/index.php\/2022\/03\/09\/odrzan-okrugli-stol-govor-mrznje-u-medijima-u-bih-na-filozofskom-fakultetu\/#primaryimage"},"image":{"@id":"https:\/\/radioljubuski.ba\/index.php\/2022\/03\/09\/odrzan-okrugli-stol-govor-mrznje-u-medijima-u-bih-na-filozofskom-fakultetu\/#primaryimage"},"thumbnailUrl":"https:\/\/radioljubuski.ba\/wp-content\/uploads\/2022\/03\/2-2022-03-09-14-38-04-okrugli-stol.jpeg","datePublished":"2022-03-09T17:11:33+00:00","dateModified":"2022-03-09T17:11:34+00:00","breadcrumb":{"@id":"https:\/\/radioljubuski.ba\/index.php\/2022\/03\/09\/odrzan-okrugli-stol-govor-mrznje-u-medijima-u-bih-na-filozofskom-fakultetu\/#breadcrumb"},"inLanguage":"hr","potentialAction":[{"@type":"ReadAction","target":["https:\/\/radioljubuski.ba\/index.php\/2022\/03\/09\/odrzan-okrugli-stol-govor-mrznje-u-medijima-u-bih-na-filozofskom-fakultetu\/"]}]},{"@type":"ImageObject","inLanguage":"hr","@id":"https:\/\/radioljubuski.ba\/index.php\/2022\/03\/09\/odrzan-okrugli-stol-govor-mrznje-u-medijima-u-bih-na-filozofskom-fakultetu\/#primaryimage","url":"https:\/\/radioljubuski.ba\/wp-content\/uploads\/2022\/03\/2-2022-03-09-14-38-04-okrugli-stol.jpeg","contentUrl":"https:\/\/radioljubuski.ba\/wp-content\/uploads\/2022\/03\/2-2022-03-09-14-38-04-okrugli-stol.jpeg","width":1000,"height":625},{"@type":"BreadcrumbList","@id":"https:\/\/radioljubuski.ba\/index.php\/2022\/03\/09\/odrzan-okrugli-stol-govor-mrznje-u-medijima-u-bih-na-filozofskom-fakultetu\/#breadcrumb","itemListElement":[{"@type":"ListItem","position":1,"name":"Po\u010detna stranica","item":"https:\/\/radioljubuski.ba\/"},{"@type":"ListItem","position":2,"name":"Odr\u017ean Okrugli stol: Govor mr\u017enje u medijima u BiH na Filozofskom fakultetu"}]},{"@type":"WebSite","@id":"https:\/\/radioljubuski.ba\/#website","url":"https:\/\/radioljubuski.ba\/","name":"Radio Ljubu\u0161ki","description":"Sun\u010dana frekvencija Hercegovine","publisher":{"@id":"https:\/\/radioljubuski.ba\/#organization"},"potentialAction":[{"@type":"SearchAction","target":{"@type":"EntryPoint","urlTemplate":"https:\/\/radioljubuski.ba\/?s={search_term_string}"},"query-input":{"@type":"PropertyValueSpecification","valueRequired":true,"valueName":"search_term_string"}}],"inLanguage":"hr"},{"@type":"Organization","@id":"https:\/\/radioljubuski.ba\/#organization","name":"Radio Ljubu\u0161ki","url":"https:\/\/radioljubuski.ba\/","logo":{"@type":"ImageObject","inLanguage":"hr","@id":"https:\/\/radioljubuski.ba\/#\/schema\/logo\/image\/","url":"https:\/\/radioljubuski.ba\/wp-content\/uploads\/2021\/02\/cropped-Radio_Ljubuski_logo1.jpg","contentUrl":"https:\/\/radioljubuski.ba\/wp-content\/uploads\/2021\/02\/cropped-Radio_Ljubuski_logo1.jpg","width":512,"height":512,"caption":"Radio Ljubu\u0161ki"},"image":{"@id":"https:\/\/radioljubuski.ba\/#\/schema\/logo\/image\/"},"sameAs":["https:\/\/www.facebook.com\/Radiio-Ljubuski-1490835324566332","https:\/\/x.com\/radioljubuski","https:\/\/hr.linkedin.com\/company\/radio-ljubuski","https:\/\/www.youtube.com\/channel\/UCHYaeO_n0Db3tjNGudGpXyw"]},{"@type":"Person","@id":"https:\/\/radioljubuski.ba\/#\/schema\/person\/19fc700381a780f69665d7956c469e3b","name":"Radio Ljubu\u0161ki"}]}},"_links":{"self":[{"href":"https:\/\/radioljubuski.ba\/index.php\/wp-json\/wp\/v2\/posts\/119721","targetHints":{"allow":["GET"]}}],"collection":[{"href":"https:\/\/radioljubuski.ba\/index.php\/wp-json\/wp\/v2\/posts"}],"about":[{"href":"https:\/\/radioljubuski.ba\/index.php\/wp-json\/wp\/v2\/types\/post"}],"author":[{"embeddable":true,"href":"https:\/\/radioljubuski.ba\/index.php\/wp-json\/wp\/v2\/users\/2"}],"replies":[{"embeddable":true,"href":"https:\/\/radioljubuski.ba\/index.php\/wp-json\/wp\/v2\/comments?post=119721"}],"version-history":[{"count":1,"href":"https:\/\/radioljubuski.ba\/index.php\/wp-json\/wp\/v2\/posts\/119721\/revisions"}],"predecessor-version":[{"id":119723,"href":"https:\/\/radioljubuski.ba\/index.php\/wp-json\/wp\/v2\/posts\/119721\/revisions\/119723"}],"wp:featuredmedia":[{"embeddable":true,"href":"https:\/\/radioljubuski.ba\/index.php\/wp-json\/wp\/v2\/media\/119722"}],"wp:attachment":[{"href":"https:\/\/radioljubuski.ba\/index.php\/wp-json\/wp\/v2\/media?parent=119721"}],"wp:term":[{"taxonomy":"category","embeddable":true,"href":"https:\/\/radioljubuski.ba\/index.php\/wp-json\/wp\/v2\/categories?post=119721"},{"taxonomy":"post_tag","embeddable":true,"href":"https:\/\/radioljubuski.ba\/index.php\/wp-json\/wp\/v2\/tags?post=119721"}],"curies":[{"name":"wp","href":"https:\/\/api.w.org\/{rel}","templated":true}]}}