{"id":119724,"date":"2022-03-09T18:13:48","date_gmt":"2022-03-09T17:13:48","guid":{"rendered":"https:\/\/radioljubuski.ba\/?p=119724"},"modified":"2022-03-09T18:13:49","modified_gmt":"2022-03-09T17:13:49","slug":"dijeli-se-poruka-ukrajinskog-zapovjednika-braticu-rusu-kada-si-svoju-dusu-prodao-vragu-video","status":"publish","type":"post","link":"https:\/\/radioljubuski.ba\/index.php\/2022\/03\/09\/dijeli-se-poruka-ukrajinskog-zapovjednika-braticu-rusu-kada-si-svoju-dusu-prodao-vragu-video\/","title":{"rendered":"Dijeli se poruka ukrajinskog zapovjednika brati\u0107u Rusu: &#8216;Kada si svoju du\u0161u prodao vragu?&#8217; &#8211; video"},"content":{"rendered":"\n<p>Rusi i Ukrajinci bratske su nacije, a blizina dvaju dr\u017eava zna\u010di i da su \u010dlanovi jedne obitelji nerijetko u obje dr\u017eave, a sada na suprotstavljenim zara\u0107enim stranama.&nbsp;<\/p>\n\n\n\n<p>The Telegraph prenosi pri\u010du dvojice brati\u0107a koji su se na\u0161li upravo u takvoj situaciji. &#8220;Na\u0161i roditelji danas bi se okrenuli u grobu da vide \u0161to se doga\u0111a&#8221;, poru\u010dio je ukrajinski poru\u010dnik Mykola Kondratsky svom brati\u0107u, Anatolyu Vybornyu, zamjeniku predsjednika ruskog odbora za obranu Dume u videu snimljenom u luci Odesi.\u00a0<\/p>\n\n\n\n<blockquote class=\"twitter-tweet\"><p lang=\"en\" dir=\"ltr\">Impressive. A senior officer of <a href=\"https:\/\/twitter.com\/hashtag\/UkrainianArmy?src=hash&amp;ref_src=twsrc%5Etfw\">#UkrainianArmy<\/a> addresses his cousin, a <a href=\"https:\/\/twitter.com\/hashtag\/Russian?src=hash&amp;ref_src=twsrc%5Etfw\">#Russian<\/a> MP: \u201cWhen did you sell your soul? Your parents lay next to mine. They must be rolling in their coffins knowing what you do\u201d.<a href=\"https:\/\/twitter.com\/hashtag\/RussianUkrainianWar?src=hash&amp;ref_src=twsrc%5Etfw\">#RussianUkrainianWar<\/a> <a href=\"https:\/\/twitter.com\/hashtag\/StandWithUkraine?src=hash&amp;ref_src=twsrc%5Etfw\">#StandWithUkraine<\/a> <a href=\"https:\/\/t.co\/V1pliOXDRH\">pic.twitter.com\/V1pliOXDRH<\/a><\/p>&mdash; olexander scherba\ud83c\uddfa\ud83c\udde6 (@olex_scherba) <a href=\"https:\/\/twitter.com\/olex_scherba\/status\/1501458069959626756?ref_src=twsrc%5Etfw\">March 9, 2022<\/a><\/blockquote> <script async src=\"https:\/\/platform.twitter.com\/widgets.js\" charset=\"utf-8\"><\/script>\n\n\n\n<p>&#8220;Sje\u0107a\u0161 li se kako smo se neko\u0107 \u0161etali zajedno, igrali se rata, brali gljive, lovili i nastojali uloviti ribu?&#8221;, pita ga pa ga moli da mu ka\u017ee kako su se sada na\u0161li u ovakvoj situaciji. &#8220;Kada si svoju du\u0161u prodao vragu?&#8221;, pita ga potom.<\/p>\n\n\n\n<p>&#8220;Zna\u0161 li da danas diljem dr\u017eave nebo paraju rakete? Nadlije\u0107u i Shepetivku gdje smo obojica odrasli. \u0160to su ti Moskovljani dali? Milijune? Oni \u0107e nestati, ali \u0107e ti du\u0161a ostati ovdje. Na\u0161i su roditelji pokopani jedni kraj drugih i vjerojatno se okre\u0107u u grobu&#8221;, tvrdi dalje.&nbsp;<\/p>\n\n\n\n<p>Snimka se dakako ubrzo pro\u0161irila dru\u0161tvenim mre\u017eama.&nbsp;<\/p>\n\n\n\n<p>Kako navodi The Telegraph, brat od Vybornya jo\u0161 uvijek \u017eivi u Odesi, a i sam je poku\u0161ao pozvati brata da sprije\u010di rat, odnosno u\u010dini sve \u0161to mo\u017ee kako bi se zaustavio.&nbsp;<\/p>\n\n\n\n<p>Izvor:rtl.hr<\/p>\n","protected":false},"excerpt":{"rendered":"<p>Rusi i Ukrajinci bratske su nacije, a blizina dvaju dr\u017eava zna\u010di i da su \u010dlanovi jedne obitelji nerijetko u obje dr\u017eave, a sada na suprotstavljenim zara\u0107enim stranama.&nbsp; The Telegraph prenosi pri\u010du dvojice brati\u0107a koji su se na\u0161li upravo u takvoj situaciji. &#8220;Na\u0161i roditelji danas bi se okrenuli u grobu da vide \u0161to se doga\u0111a&#8221;, poru\u010dio [&hellip;]<\/p>\n","protected":false},"author":2,"featured_media":119725,"comment_status":"closed","ping_status":"closed","sticky":false,"template":"","format":"standard","meta":{"h5ap_radio_sources":[],"footnotes":""},"categories":[1],"tags":[],"class_list":["post-119724","post","type-post","status-publish","format-standard","has-post-thumbnail","hentry","category-bihiregija"],"yoast_head":"<!-- This site is optimized with the Yoast SEO plugin v27.5 - https:\/\/yoast.com\/product\/yoast-seo-wordpress\/ -->\n<title>Dijeli se poruka ukrajinskog zapovjednika brati\u0107u Rusu: &#039;Kada si svoju du\u0161u prodao vragu?&#039; - video - RADIO LJUBU\u0160KI<\/title>\n<meta name=\"robots\" content=\"index, follow, max-snippet:-1, max-image-preview:large, max-video-preview:-1\" \/>\n<link rel=\"canonical\" href=\"https:\/\/radioljubuski.ba\/index.php\/2022\/03\/09\/dijeli-se-poruka-ukrajinskog-zapovjednika-braticu-rusu-kada-si-svoju-dusu-prodao-vragu-video\/\" \/>\n<meta property=\"og:locale\" content=\"hr_HR\" \/>\n<meta property=\"og:type\" content=\"article\" \/>\n<meta property=\"og:title\" content=\"Dijeli se poruka ukrajinskog zapovjednika brati\u0107u Rusu: &#039;Kada si svoju du\u0161u prodao vragu?&#039; - video - RADIO LJUBU\u0160KI\" \/>\n<meta property=\"og:description\" content=\"Rusi i Ukrajinci bratske su nacije, a blizina dvaju dr\u017eava zna\u010di i da su \u010dlanovi jedne obitelji nerijetko u obje dr\u017eave, a sada na suprotstavljenim zara\u0107enim stranama.&nbsp; The Telegraph prenosi pri\u010du dvojice brati\u0107a koji su se na\u0161li upravo u takvoj situaciji. &#8220;Na\u0161i roditelji danas bi se okrenuli u grobu da vide \u0161to se doga\u0111a&#8221;, poru\u010dio [&hellip;]\" \/>\n<meta property=\"og:url\" content=\"https:\/\/radioljubuski.ba\/index.php\/2022\/03\/09\/dijeli-se-poruka-ukrajinskog-zapovjednika-braticu-rusu-kada-si-svoju-dusu-prodao-vragu-video\/\" \/>\n<meta property=\"og:site_name\" content=\"RADIO LJUBU\u0160KI\" \/>\n<meta property=\"article:publisher\" content=\"https:\/\/www.facebook.com\/Radiio-Ljubuski-1490835324566332\" \/>\n<meta property=\"article:published_time\" content=\"2022-03-09T17:13:48+00:00\" \/>\n<meta property=\"article:modified_time\" content=\"2022-03-09T17:13:49+00:00\" \/>\n<meta property=\"og:image\" content=\"https:\/\/radioljubuski.ba\/wp-content\/uploads\/2022\/03\/2-2022-03-09-14-47-55-0eff00c8b10761deb02fe48018657d2e_view_article_new.png\" \/>\n\t<meta property=\"og:image:width\" content=\"1000\" \/>\n\t<meta property=\"og:image:height\" content=\"625\" \/>\n\t<meta property=\"og:image:type\" content=\"image\/png\" \/>\n<meta name=\"author\" content=\"Radio Ljubu\u0161ki\" \/>\n<meta name=\"twitter:card\" content=\"summary_large_image\" \/>\n<meta name=\"twitter:creator\" content=\"@radioljubuski\" \/>\n<meta name=\"twitter:site\" content=\"@radioljubuski\" \/>\n<meta name=\"twitter:label1\" content=\"Napisao\/la\" \/>\n\t<meta name=\"twitter:data1\" content=\"Radio Ljubu\u0161ki\" \/>\n\t<meta name=\"twitter:label2\" content=\"Procijenjeno vrijeme \u010ditanja\" \/>\n\t<meta name=\"twitter:data2\" content=\"2 minute\" \/>\n<script type=\"application\/ld+json\" class=\"yoast-schema-graph\">{\"@context\":\"https:\\\/\\\/schema.org\",\"@graph\":[{\"@type\":\"Article\",\"@id\":\"https:\\\/\\\/radioljubuski.ba\\\/index.php\\\/2022\\\/03\\\/09\\\/dijeli-se-poruka-ukrajinskog-zapovjednika-braticu-rusu-kada-si-svoju-dusu-prodao-vragu-video\\\/#article\",\"isPartOf\":{\"@id\":\"https:\\\/\\\/radioljubuski.ba\\\/index.php\\\/2022\\\/03\\\/09\\\/dijeli-se-poruka-ukrajinskog-zapovjednika-braticu-rusu-kada-si-svoju-dusu-prodao-vragu-video\\\/\"},\"author\":{\"name\":\"Radio Ljubu\u0161ki\",\"@id\":\"https:\\\/\\\/radioljubuski.ba\\\/#\\\/schema\\\/person\\\/19fc700381a780f69665d7956c469e3b\"},\"headline\":\"Dijeli se poruka ukrajinskog zapovjednika brati\u0107u Rusu: &#8216;Kada si svoju du\u0161u prodao vragu?&#8217; &#8211; video\",\"datePublished\":\"2022-03-09T17:13:48+00:00\",\"dateModified\":\"2022-03-09T17:13:49+00:00\",\"mainEntityOfPage\":{\"@id\":\"https:\\\/\\\/radioljubuski.ba\\\/index.php\\\/2022\\\/03\\\/09\\\/dijeli-se-poruka-ukrajinskog-zapovjednika-braticu-rusu-kada-si-svoju-dusu-prodao-vragu-video\\\/\"},\"wordCount\":305,\"publisher\":{\"@id\":\"https:\\\/\\\/radioljubuski.ba\\\/#organization\"},\"image\":{\"@id\":\"https:\\\/\\\/radioljubuski.ba\\\/index.php\\\/2022\\\/03\\\/09\\\/dijeli-se-poruka-ukrajinskog-zapovjednika-braticu-rusu-kada-si-svoju-dusu-prodao-vragu-video\\\/#primaryimage\"},\"thumbnailUrl\":\"https:\\\/\\\/radioljubuski.ba\\\/wp-content\\\/uploads\\\/2022\\\/03\\\/2-2022-03-09-14-47-55-0eff00c8b10761deb02fe48018657d2e_view_article_new.png\",\"articleSection\":[\"BIH i regija\"],\"inLanguage\":\"hr\"},{\"@type\":\"WebPage\",\"@id\":\"https:\\\/\\\/radioljubuski.ba\\\/index.php\\\/2022\\\/03\\\/09\\\/dijeli-se-poruka-ukrajinskog-zapovjednika-braticu-rusu-kada-si-svoju-dusu-prodao-vragu-video\\\/\",\"url\":\"https:\\\/\\\/radioljubuski.ba\\\/index.php\\\/2022\\\/03\\\/09\\\/dijeli-se-poruka-ukrajinskog-zapovjednika-braticu-rusu-kada-si-svoju-dusu-prodao-vragu-video\\\/\",\"name\":\"Dijeli se poruka ukrajinskog zapovjednika brati\u0107u Rusu: 'Kada si svoju du\u0161u prodao vragu?' - video - RADIO LJUBU\u0160KI\",\"isPartOf\":{\"@id\":\"https:\\\/\\\/radioljubuski.ba\\\/#website\"},\"primaryImageOfPage\":{\"@id\":\"https:\\\/\\\/radioljubuski.ba\\\/index.php\\\/2022\\\/03\\\/09\\\/dijeli-se-poruka-ukrajinskog-zapovjednika-braticu-rusu-kada-si-svoju-dusu-prodao-vragu-video\\\/#primaryimage\"},\"image\":{\"@id\":\"https:\\\/\\\/radioljubuski.ba\\\/index.php\\\/2022\\\/03\\\/09\\\/dijeli-se-poruka-ukrajinskog-zapovjednika-braticu-rusu-kada-si-svoju-dusu-prodao-vragu-video\\\/#primaryimage\"},\"thumbnailUrl\":\"https:\\\/\\\/radioljubuski.ba\\\/wp-content\\\/uploads\\\/2022\\\/03\\\/2-2022-03-09-14-47-55-0eff00c8b10761deb02fe48018657d2e_view_article_new.png\",\"datePublished\":\"2022-03-09T17:13:48+00:00\",\"dateModified\":\"2022-03-09T17:13:49+00:00\",\"breadcrumb\":{\"@id\":\"https:\\\/\\\/radioljubuski.ba\\\/index.php\\\/2022\\\/03\\\/09\\\/dijeli-se-poruka-ukrajinskog-zapovjednika-braticu-rusu-kada-si-svoju-dusu-prodao-vragu-video\\\/#breadcrumb\"},\"inLanguage\":\"hr\",\"potentialAction\":[{\"@type\":\"ReadAction\",\"target\":[\"https:\\\/\\\/radioljubuski.ba\\\/index.php\\\/2022\\\/03\\\/09\\\/dijeli-se-poruka-ukrajinskog-zapovjednika-braticu-rusu-kada-si-svoju-dusu-prodao-vragu-video\\\/\"]}]},{\"@type\":\"ImageObject\",\"inLanguage\":\"hr\",\"@id\":\"https:\\\/\\\/radioljubuski.ba\\\/index.php\\\/2022\\\/03\\\/09\\\/dijeli-se-poruka-ukrajinskog-zapovjednika-braticu-rusu-kada-si-svoju-dusu-prodao-vragu-video\\\/#primaryimage\",\"url\":\"https:\\\/\\\/radioljubuski.ba\\\/wp-content\\\/uploads\\\/2022\\\/03\\\/2-2022-03-09-14-47-55-0eff00c8b10761deb02fe48018657d2e_view_article_new.png\",\"contentUrl\":\"https:\\\/\\\/radioljubuski.ba\\\/wp-content\\\/uploads\\\/2022\\\/03\\\/2-2022-03-09-14-47-55-0eff00c8b10761deb02fe48018657d2e_view_article_new.png\",\"width\":1000,\"height\":625},{\"@type\":\"BreadcrumbList\",\"@id\":\"https:\\\/\\\/radioljubuski.ba\\\/index.php\\\/2022\\\/03\\\/09\\\/dijeli-se-poruka-ukrajinskog-zapovjednika-braticu-rusu-kada-si-svoju-dusu-prodao-vragu-video\\\/#breadcrumb\",\"itemListElement\":[{\"@type\":\"ListItem\",\"position\":1,\"name\":\"Po\u010detna stranica\",\"item\":\"https:\\\/\\\/radioljubuski.ba\\\/\"},{\"@type\":\"ListItem\",\"position\":2,\"name\":\"Dijeli se poruka ukrajinskog zapovjednika brati\u0107u Rusu: &#8216;Kada si svoju du\u0161u prodao vragu?&#8217; &#8211; video\"}]},{\"@type\":\"WebSite\",\"@id\":\"https:\\\/\\\/radioljubuski.ba\\\/#website\",\"url\":\"https:\\\/\\\/radioljubuski.ba\\\/\",\"name\":\"Radio Ljubu\u0161ki\",\"description\":\"Sun\u010dana frekvencija Hercegovine\",\"publisher\":{\"@id\":\"https:\\\/\\\/radioljubuski.ba\\\/#organization\"},\"potentialAction\":[{\"@type\":\"SearchAction\",\"target\":{\"@type\":\"EntryPoint\",\"urlTemplate\":\"https:\\\/\\\/radioljubuski.ba\\\/?s={search_term_string}\"},\"query-input\":{\"@type\":\"PropertyValueSpecification\",\"valueRequired\":true,\"valueName\":\"search_term_string\"}}],\"inLanguage\":\"hr\"},{\"@type\":\"Organization\",\"@id\":\"https:\\\/\\\/radioljubuski.ba\\\/#organization\",\"name\":\"Radio Ljubu\u0161ki\",\"url\":\"https:\\\/\\\/radioljubuski.ba\\\/\",\"logo\":{\"@type\":\"ImageObject\",\"inLanguage\":\"hr\",\"@id\":\"https:\\\/\\\/radioljubuski.ba\\\/#\\\/schema\\\/logo\\\/image\\\/\",\"url\":\"https:\\\/\\\/radioljubuski.ba\\\/wp-content\\\/uploads\\\/2021\\\/02\\\/cropped-Radio_Ljubuski_logo1.jpg\",\"contentUrl\":\"https:\\\/\\\/radioljubuski.ba\\\/wp-content\\\/uploads\\\/2021\\\/02\\\/cropped-Radio_Ljubuski_logo1.jpg\",\"width\":512,\"height\":512,\"caption\":\"Radio Ljubu\u0161ki\"},\"image\":{\"@id\":\"https:\\\/\\\/radioljubuski.ba\\\/#\\\/schema\\\/logo\\\/image\\\/\"},\"sameAs\":[\"https:\\\/\\\/www.facebook.com\\\/Radiio-Ljubuski-1490835324566332\",\"https:\\\/\\\/x.com\\\/radioljubuski\",\"https:\\\/\\\/hr.linkedin.com\\\/company\\\/radio-ljubuski\",\"https:\\\/\\\/www.youtube.com\\\/channel\\\/UCHYaeO_n0Db3tjNGudGpXyw\"]},{\"@type\":\"Person\",\"@id\":\"https:\\\/\\\/radioljubuski.ba\\\/#\\\/schema\\\/person\\\/19fc700381a780f69665d7956c469e3b\",\"name\":\"Radio Ljubu\u0161ki\"}]}<\/script>\n<!-- \/ Yoast SEO plugin. -->","yoast_head_json":{"title":"Dijeli se poruka ukrajinskog zapovjednika brati\u0107u Rusu: 'Kada si svoju du\u0161u prodao vragu?' - video - RADIO LJUBU\u0160KI","robots":{"index":"index","follow":"follow","max-snippet":"max-snippet:-1","max-image-preview":"max-image-preview:large","max-video-preview":"max-video-preview:-1"},"canonical":"https:\/\/radioljubuski.ba\/index.php\/2022\/03\/09\/dijeli-se-poruka-ukrajinskog-zapovjednika-braticu-rusu-kada-si-svoju-dusu-prodao-vragu-video\/","og_locale":"hr_HR","og_type":"article","og_title":"Dijeli se poruka ukrajinskog zapovjednika brati\u0107u Rusu: 'Kada si svoju du\u0161u prodao vragu?' - video - RADIO LJUBU\u0160KI","og_description":"Rusi i Ukrajinci bratske su nacije, a blizina dvaju dr\u017eava zna\u010di i da su \u010dlanovi jedne obitelji nerijetko u obje dr\u017eave, a sada na suprotstavljenim zara\u0107enim stranama.&nbsp; The Telegraph prenosi pri\u010du dvojice brati\u0107a koji su se na\u0161li upravo u takvoj situaciji. &#8220;Na\u0161i roditelji danas bi se okrenuli u grobu da vide \u0161to se doga\u0111a&#8221;, poru\u010dio [&hellip;]","og_url":"https:\/\/radioljubuski.ba\/index.php\/2022\/03\/09\/dijeli-se-poruka-ukrajinskog-zapovjednika-braticu-rusu-kada-si-svoju-dusu-prodao-vragu-video\/","og_site_name":"RADIO LJUBU\u0160KI","article_publisher":"https:\/\/www.facebook.com\/Radiio-Ljubuski-1490835324566332","article_published_time":"2022-03-09T17:13:48+00:00","article_modified_time":"2022-03-09T17:13:49+00:00","og_image":[{"width":1000,"height":625,"url":"https:\/\/radioljubuski.ba\/wp-content\/uploads\/2022\/03\/2-2022-03-09-14-47-55-0eff00c8b10761deb02fe48018657d2e_view_article_new.png","type":"image\/png"}],"author":"Radio Ljubu\u0161ki","twitter_card":"summary_large_image","twitter_creator":"@radioljubuski","twitter_site":"@radioljubuski","twitter_misc":{"Napisao\/la":"Radio Ljubu\u0161ki","Procijenjeno vrijeme \u010ditanja":"2 minute"},"schema":{"@context":"https:\/\/schema.org","@graph":[{"@type":"Article","@id":"https:\/\/radioljubuski.ba\/index.php\/2022\/03\/09\/dijeli-se-poruka-ukrajinskog-zapovjednika-braticu-rusu-kada-si-svoju-dusu-prodao-vragu-video\/#article","isPartOf":{"@id":"https:\/\/radioljubuski.ba\/index.php\/2022\/03\/09\/dijeli-se-poruka-ukrajinskog-zapovjednika-braticu-rusu-kada-si-svoju-dusu-prodao-vragu-video\/"},"author":{"name":"Radio Ljubu\u0161ki","@id":"https:\/\/radioljubuski.ba\/#\/schema\/person\/19fc700381a780f69665d7956c469e3b"},"headline":"Dijeli se poruka ukrajinskog zapovjednika brati\u0107u Rusu: &#8216;Kada si svoju du\u0161u prodao vragu?&#8217; &#8211; video","datePublished":"2022-03-09T17:13:48+00:00","dateModified":"2022-03-09T17:13:49+00:00","mainEntityOfPage":{"@id":"https:\/\/radioljubuski.ba\/index.php\/2022\/03\/09\/dijeli-se-poruka-ukrajinskog-zapovjednika-braticu-rusu-kada-si-svoju-dusu-prodao-vragu-video\/"},"wordCount":305,"publisher":{"@id":"https:\/\/radioljubuski.ba\/#organization"},"image":{"@id":"https:\/\/radioljubuski.ba\/index.php\/2022\/03\/09\/dijeli-se-poruka-ukrajinskog-zapovjednika-braticu-rusu-kada-si-svoju-dusu-prodao-vragu-video\/#primaryimage"},"thumbnailUrl":"https:\/\/radioljubuski.ba\/wp-content\/uploads\/2022\/03\/2-2022-03-09-14-47-55-0eff00c8b10761deb02fe48018657d2e_view_article_new.png","articleSection":["BIH i regija"],"inLanguage":"hr"},{"@type":"WebPage","@id":"https:\/\/radioljubuski.ba\/index.php\/2022\/03\/09\/dijeli-se-poruka-ukrajinskog-zapovjednika-braticu-rusu-kada-si-svoju-dusu-prodao-vragu-video\/","url":"https:\/\/radioljubuski.ba\/index.php\/2022\/03\/09\/dijeli-se-poruka-ukrajinskog-zapovjednika-braticu-rusu-kada-si-svoju-dusu-prodao-vragu-video\/","name":"Dijeli se poruka ukrajinskog zapovjednika brati\u0107u Rusu: 'Kada si svoju du\u0161u prodao vragu?' - video - RADIO LJUBU\u0160KI","isPartOf":{"@id":"https:\/\/radioljubuski.ba\/#website"},"primaryImageOfPage":{"@id":"https:\/\/radioljubuski.ba\/index.php\/2022\/03\/09\/dijeli-se-poruka-ukrajinskog-zapovjednika-braticu-rusu-kada-si-svoju-dusu-prodao-vragu-video\/#primaryimage"},"image":{"@id":"https:\/\/radioljubuski.ba\/index.php\/2022\/03\/09\/dijeli-se-poruka-ukrajinskog-zapovjednika-braticu-rusu-kada-si-svoju-dusu-prodao-vragu-video\/#primaryimage"},"thumbnailUrl":"https:\/\/radioljubuski.ba\/wp-content\/uploads\/2022\/03\/2-2022-03-09-14-47-55-0eff00c8b10761deb02fe48018657d2e_view_article_new.png","datePublished":"2022-03-09T17:13:48+00:00","dateModified":"2022-03-09T17:13:49+00:00","breadcrumb":{"@id":"https:\/\/radioljubuski.ba\/index.php\/2022\/03\/09\/dijeli-se-poruka-ukrajinskog-zapovjednika-braticu-rusu-kada-si-svoju-dusu-prodao-vragu-video\/#breadcrumb"},"inLanguage":"hr","potentialAction":[{"@type":"ReadAction","target":["https:\/\/radioljubuski.ba\/index.php\/2022\/03\/09\/dijeli-se-poruka-ukrajinskog-zapovjednika-braticu-rusu-kada-si-svoju-dusu-prodao-vragu-video\/"]}]},{"@type":"ImageObject","inLanguage":"hr","@id":"https:\/\/radioljubuski.ba\/index.php\/2022\/03\/09\/dijeli-se-poruka-ukrajinskog-zapovjednika-braticu-rusu-kada-si-svoju-dusu-prodao-vragu-video\/#primaryimage","url":"https:\/\/radioljubuski.ba\/wp-content\/uploads\/2022\/03\/2-2022-03-09-14-47-55-0eff00c8b10761deb02fe48018657d2e_view_article_new.png","contentUrl":"https:\/\/radioljubuski.ba\/wp-content\/uploads\/2022\/03\/2-2022-03-09-14-47-55-0eff00c8b10761deb02fe48018657d2e_view_article_new.png","width":1000,"height":625},{"@type":"BreadcrumbList","@id":"https:\/\/radioljubuski.ba\/index.php\/2022\/03\/09\/dijeli-se-poruka-ukrajinskog-zapovjednika-braticu-rusu-kada-si-svoju-dusu-prodao-vragu-video\/#breadcrumb","itemListElement":[{"@type":"ListItem","position":1,"name":"Po\u010detna stranica","item":"https:\/\/radioljubuski.ba\/"},{"@type":"ListItem","position":2,"name":"Dijeli se poruka ukrajinskog zapovjednika brati\u0107u Rusu: &#8216;Kada si svoju du\u0161u prodao vragu?&#8217; &#8211; video"}]},{"@type":"WebSite","@id":"https:\/\/radioljubuski.ba\/#website","url":"https:\/\/radioljubuski.ba\/","name":"Radio Ljubu\u0161ki","description":"Sun\u010dana frekvencija Hercegovine","publisher":{"@id":"https:\/\/radioljubuski.ba\/#organization"},"potentialAction":[{"@type":"SearchAction","target":{"@type":"EntryPoint","urlTemplate":"https:\/\/radioljubuski.ba\/?s={search_term_string}"},"query-input":{"@type":"PropertyValueSpecification","valueRequired":true,"valueName":"search_term_string"}}],"inLanguage":"hr"},{"@type":"Organization","@id":"https:\/\/radioljubuski.ba\/#organization","name":"Radio Ljubu\u0161ki","url":"https:\/\/radioljubuski.ba\/","logo":{"@type":"ImageObject","inLanguage":"hr","@id":"https:\/\/radioljubuski.ba\/#\/schema\/logo\/image\/","url":"https:\/\/radioljubuski.ba\/wp-content\/uploads\/2021\/02\/cropped-Radio_Ljubuski_logo1.jpg","contentUrl":"https:\/\/radioljubuski.ba\/wp-content\/uploads\/2021\/02\/cropped-Radio_Ljubuski_logo1.jpg","width":512,"height":512,"caption":"Radio Ljubu\u0161ki"},"image":{"@id":"https:\/\/radioljubuski.ba\/#\/schema\/logo\/image\/"},"sameAs":["https:\/\/www.facebook.com\/Radiio-Ljubuski-1490835324566332","https:\/\/x.com\/radioljubuski","https:\/\/hr.linkedin.com\/company\/radio-ljubuski","https:\/\/www.youtube.com\/channel\/UCHYaeO_n0Db3tjNGudGpXyw"]},{"@type":"Person","@id":"https:\/\/radioljubuski.ba\/#\/schema\/person\/19fc700381a780f69665d7956c469e3b","name":"Radio Ljubu\u0161ki"}]}},"_links":{"self":[{"href":"https:\/\/radioljubuski.ba\/index.php\/wp-json\/wp\/v2\/posts\/119724","targetHints":{"allow":["GET"]}}],"collection":[{"href":"https:\/\/radioljubuski.ba\/index.php\/wp-json\/wp\/v2\/posts"}],"about":[{"href":"https:\/\/radioljubuski.ba\/index.php\/wp-json\/wp\/v2\/types\/post"}],"author":[{"embeddable":true,"href":"https:\/\/radioljubuski.ba\/index.php\/wp-json\/wp\/v2\/users\/2"}],"replies":[{"embeddable":true,"href":"https:\/\/radioljubuski.ba\/index.php\/wp-json\/wp\/v2\/comments?post=119724"}],"version-history":[{"count":1,"href":"https:\/\/radioljubuski.ba\/index.php\/wp-json\/wp\/v2\/posts\/119724\/revisions"}],"predecessor-version":[{"id":119726,"href":"https:\/\/radioljubuski.ba\/index.php\/wp-json\/wp\/v2\/posts\/119724\/revisions\/119726"}],"wp:featuredmedia":[{"embeddable":true,"href":"https:\/\/radioljubuski.ba\/index.php\/wp-json\/wp\/v2\/media\/119725"}],"wp:attachment":[{"href":"https:\/\/radioljubuski.ba\/index.php\/wp-json\/wp\/v2\/media?parent=119724"}],"wp:term":[{"taxonomy":"category","embeddable":true,"href":"https:\/\/radioljubuski.ba\/index.php\/wp-json\/wp\/v2\/categories?post=119724"},{"taxonomy":"post_tag","embeddable":true,"href":"https:\/\/radioljubuski.ba\/index.php\/wp-json\/wp\/v2\/tags?post=119724"}],"curies":[{"name":"wp","href":"https:\/\/api.w.org\/{rel}","templated":true}]}}